{"id":146333,"date":"2021-06-29T10:25:39","date_gmt":"2021-06-29T13:25:39","guid":{"rendered":"https:\/\/experienciadevida.com.ar\/portalurbano\/?p=146333"},"modified":"2021-06-29T10:34:07","modified_gmt":"2021-06-29T13:34:07","slug":"hilario-galli-el-plan-tu-vi-esta-destinado-a-quienes-no-pueden-acceder-a-creditos-hipotecarios","status":"publish","type":"post","link":"https:\/\/experienciadevida.com.ar\/portalurbano\/hilario-galli-el-plan-tu-vi-esta-destinado-a-quienes-no-pueden-acceder-a-creditos-hipotecarios\/","title":{"rendered":"Hilario Galli: &#8220;el plan TU.VI est\u00e1 destinado a quienes no pueden acceder a cr\u00e9ditos hipotecarios&#8221;"},"content":{"rendered":"<p>Hilario Galli: &#8220;el plan TU.VI est\u00e1 destinado a quienes no pueden acceder a cr\u00e9ditos hipotecarios&#8221;, as\u00ed lo dijo el Secretario de Gobierno del Municipio, se refiri\u00f3 al plan de viviendas que fue lanzado el s\u00e1bado por el propio Intendente. El funcionario indic\u00f3 que a\u00fan est\u00e1 abierta la inscripci\u00f3n en el Registro de Demanda Habitacional, tr\u00e1mite indispensable para anotarse para tener la posibilidad de una de las viviendas.<\/p>\n<p>&#8220;El s\u00e1bado pudimos hacer el lanzamiento oficial de este programa que lo empezamos a trabajar en el 2019 ten\u00edamos todo preparado para el 2020 ponerlo en marcha, pero tuvimos que retrasar todo\u00a0 y despu\u00e9s de un gran trabajo hemos podido ponerlo en marcha con previa licitaci\u00f3n de quienes ser\u00edan las empresas que ir\u00edan a construir las viviendas, el plan tiene ciertas condiciones para poder acceder al mismo, en primera instancia hay que estar registrado en el registro de demanda habitacional y va completando la informaci\u00f3n patrimonial, situaci\u00f3n familiar, composici\u00f3n del grupo y uno de los requisitos es no tener ning\u00fan tipo de\u00a0 vivienda ni un inmueble a su nombre para poder acceder al programa&#8221;.<\/p>\n<p>Adem\u00e1s &#8220;van a surgir a lo largo de este proceso un mont\u00f3n de situaciones muy particulares que habr\u00e1 que sentarse con la coordinaci\u00f3n del programa a evaluar, al principio la idea es que nadie pueda inscribirse si es que tienen bienes a su nombre o de su grupo familiar. El registro de demanda habitacional es continuo que va m\u00e1s all\u00e1 de este plan, cualquiera se puede registrar despu\u00e9s vamos a tener el programa de las viviendas industrializadas. Quien se quiera anotar a este programa hoy mismo puede hacerlo, de manera online&#8221;.<\/p>\n<p>&#8220;Los lineamientos centrales del programa tiene que ser disponer de un grupo familiar, ingresos registrables de entre 4\u00a0 y 8 salarios m\u00ednimos vital y m\u00f3vil para este programa en cambio para las viviendas industrializadas este mismo rango es de 3 salarios a 8 y despu\u00e9s hay una serie de requisitos puntuales que est\u00e1n en la p\u00e1gina del Municipio. Hay una gran demanda contenida que nunca se hubiera inscripto en este tipo de registro&#8221;.<\/p>\n<p>Hilario Galli mencion\u00f3 &#8220;<a href=\"https:\/\/experienciadevida.com.ar\/portalurbano\/esta-abierta-la-inscripcion-para-adherirse-al-plan-tu-vi\/\">ya estamos viendo la respuesta que est\u00e1 teniendo este programa que ya hay m\u00e1s de 40 anotados en el programa de vivienda,<\/a> da cuenta de que hab\u00eda una demanda no contenida dentro de nuestra poblaci\u00f3n y que estamos pudiendo llevarle una soluci\u00f3n, sabemos que no es la soluci\u00f3n al d\u00e9ficit habitacional pero al menos soluciona una parte chica de este problema en alg\u00fan momento hay que empezar y creo que con un puntapi\u00e9 como el que estamos dando hoy y a esto ir sum\u00e1ndole cumplimentando los distintos planes que puedan surgir del lado de provincia de a poco entre todos tenemos que empezar a hacer parte de esta soluci\u00f3n que tanto se est\u00e1 esperando&#8221;.<\/p>\n<p>&#8220;Los modelos de vivienda van a ser todos iguales en la misma p\u00e1gina est\u00e1n, los planos de c\u00f3mo van a hacer las viviendas con ladrillo, abertura de aluminio son casas muy lindas, en el plan mismo contempla la posibilidad de que el d\u00eda de ma\u00f1ana el propietario pueda ampliar su casa, van a estar ubicadas en el Pickelado este primer programa es que contin\u00fae a lo largo de los a\u00f1os, por lo tanto puede ser que el otro sea en localidades u otra parte de la ciudad&#8221;.<\/p>\n<p>Al finalizar Hilario <a href=\"https:\/\/twitter.com\/HilarioGalli\">Galli<\/a> expres\u00f3 &#8220;a esta altura estamos acostumbrados a las cr\u00edticas de la oposici\u00f3n en estos casos ser\u00eda bueno que sean m\u00e1s parte de la soluci\u00f3n y no del problema y en vez de criticar se dediquen a trabajar y tambi\u00e9n sean parte del proceso y sumar a esta demanda, es el \u00fanico programa que hay. Ser\u00eda interesante que se pueda conformar una mesa y entre los tres poderes nuestros programas no queden solos sino estar acompa\u00f1ados de otros programas que puedan contener otras demandas que hay en la sociedad. A las cr\u00edticas uno las mira un poco de reojo porque\u00a0 mientras se est\u00e1 trabajando no se tiene mucho tiempo\u00a0 para criticar&#8221;.<\/p>\n<p>Fuente: Radio Olavarr\u00eda<\/p>\n<p>&nbsp;<\/p>\n","protected":false},"excerpt":{"rendered":"<p>Hilario Galli: &#8220;el plan TU.VI est\u00e1 destinado a quienes no pueden acceder a cr\u00e9ditos hipotecarios&#8221;,&#8230;<\/p>\n","protected":false},"author":1,"featured_media":123796,"comment_status":"closed","ping_status":"closed","sticky":false,"template":"","format":"standard","meta":{"content-type":""},"categories":[27,64],"tags":[],"nelio_content":{"isAutoShareEnabled":false,"autoShareEndMode":"default","automationSources":{"useContentSentences":true,"useSocialTemplates":true,"useCustomSentences":false,"customSentences":[]},"followers":[1],"suggestedReferences":[],"includedReferences":[],"efiUrl":"","efiAlt":"","highlights":[]},"yoast_head":"<!-- This site is optimized with the Yoast SEO plugin v20.7 - https:\/\/yoast.com\/wordpress\/plugins\/seo\/ -->\n<title>Hilario Galli: &quot;El plan TU.VI est\u00e1 destinado a quienes no pueden acceder&quot;<\/title>\n<meta name=\"description\" content=\"Hilario Galli: &quot;el plan TU.VI est\u00e1 destinado a quienes no pueden acceder a cr\u00e9ditos hipotecarios&quot;, as\u00ed lo dijo el Secretario de Gobierno\" \/>\n<meta name=\"robots\" content=\"index, follow, max-snippet:-1, max-image-preview:large, max-video-preview:-1\" \/>\n<link rel=\"canonical\" href=\"https:\/\/experienciadevida.com.ar\/portalurbano\/hilario-galli-el-plan-tu-vi-esta-destinado-a-quienes-no-pueden-acceder-a-creditos-hipotecarios\/\" \/>\n<meta property=\"og:locale\" content=\"es_ES\" \/>\n<meta property=\"og:type\" content=\"article\" \/>\n<meta property=\"og:title\" content=\"Hilario Galli: &quot;El plan TU.VI est\u00e1 destinado a quienes no pueden acceder&quot;\" \/>\n<meta property=\"og:description\" content=\"Hilario Galli: &quot;el plan TU.VI est\u00e1 destinado a quienes no pueden acceder a cr\u00e9ditos hipotecarios&quot;, as\u00ed lo dijo el Secretario de Gobierno\" \/>\n<meta property=\"og:url\" content=\"https:\/\/experienciadevida.com.ar\/portalurbano\/hilario-galli-el-plan-tu-vi-esta-destinado-a-quienes-no-pueden-acceder-a-creditos-hipotecarios\/\" \/>\n<meta property=\"article:publisher\" content=\"https:\/\/www.facebook.com\/Portal-Urbano-171542830093757\/\" \/>\n<meta property=\"article:published_time\" content=\"2021-06-29T13:25:39+00:00\" \/>\n<meta property=\"article:modified_time\" content=\"2021-06-29T13:34:07+00:00\" \/>\n<meta property=\"og:image\" content=\"https:\/\/experienciadevida.com.ar\/portalurbano\/wp-content\/uploads\/2020\/10\/Hilario-Galli.jpg\" \/>\n\t<meta property=\"og:image:width\" content=\"1968\" \/>\n\t<meta property=\"og:image:height\" content=\"1312\" \/>\n\t<meta property=\"og:image:type\" content=\"image\/jpeg\" \/>\n<meta name=\"author\" content=\"admpu17wp\" \/>\n<meta name=\"twitter:card\" content=\"summary_large_image\" \/>\n<meta name=\"twitter:creator\" content=\"@portalurbanook\" \/>\n<meta name=\"twitter:site\" content=\"@portalurbanook\" \/>\n<meta name=\"twitter:label1\" content=\"Escrito por\" \/>\n\t<meta name=\"twitter:data1\" content=\"admpu17wp\" \/>\n\t<meta name=\"twitter:label2\" content=\"Tiempo de lectura\" \/>\n\t<meta name=\"twitter:data2\" content=\"3 minutos\" \/>\n<script type=\"application\/ld+json\" class=\"yoast-schema-graph\">{\"@context\":\"https:\/\/schema.org\",\"@graph\":[{\"@type\":\"Article\",\"@id\":\"https:\/\/experienciadevida.com.ar\/portalurbano\/hilario-galli-el-plan-tu-vi-esta-destinado-a-quienes-no-pueden-acceder-a-creditos-hipotecarios\/#article\",\"isPartOf\":{\"@id\":\"https:\/\/experienciadevida.com.ar\/portalurbano\/hilario-galli-el-plan-tu-vi-esta-destinado-a-quienes-no-pueden-acceder-a-creditos-hipotecarios\/\"},\"author\":{\"name\":\"admpu17wp\",\"@id\":\"https:\/\/experienciadevida.com.ar\/portalurbano\/#\/schema\/person\/02dd326b1c4b056e9cc972486934a3a7\"},\"headline\":\"Hilario Galli: &#8220;el plan TU.VI est\u00e1 destinado a quienes no pueden acceder a cr\u00e9ditos hipotecarios&#8221;\",\"datePublished\":\"2021-06-29T13:25:39+00:00\",\"dateModified\":\"2021-06-29T13:34:07+00:00\",\"mainEntityOfPage\":{\"@id\":\"https:\/\/experienciadevida.com.ar\/portalurbano\/hilario-galli-el-plan-tu-vi-esta-destinado-a-quienes-no-pueden-acceder-a-creditos-hipotecarios\/\"},\"wordCount\":729,\"publisher\":{\"@id\":\"https:\/\/experienciadevida.com.ar\/portalurbano\/#organization\"},\"articleSection\":[\"Ciudad\",\"Destacadas 2\"],\"inLanguage\":\"es\"},{\"@type\":\"WebPage\",\"@id\":\"https:\/\/experienciadevida.com.ar\/portalurbano\/hilario-galli-el-plan-tu-vi-esta-destinado-a-quienes-no-pueden-acceder-a-creditos-hipotecarios\/\",\"url\":\"https:\/\/experienciadevida.com.ar\/portalurbano\/hilario-galli-el-plan-tu-vi-esta-destinado-a-quienes-no-pueden-acceder-a-creditos-hipotecarios\/\",\"name\":\"Hilario Galli: \\\"El plan TU.VI est\u00e1 destinado a quienes no pueden acceder\\\"\",\"isPartOf\":{\"@id\":\"https:\/\/experienciadevida.com.ar\/portalurbano\/#website\"},\"datePublished\":\"2021-06-29T13:25:39+00:00\",\"dateModified\":\"2021-06-29T13:34:07+00:00\",\"description\":\"Hilario Galli: \\\"el plan TU.VI est\u00e1 destinado a quienes no pueden acceder a cr\u00e9ditos hipotecarios\\\", as\u00ed lo dijo el Secretario de Gobierno\",\"breadcrumb\":{\"@id\":\"https:\/\/experienciadevida.com.ar\/portalurbano\/hilario-galli-el-plan-tu-vi-esta-destinado-a-quienes-no-pueden-acceder-a-creditos-hipotecarios\/#breadcrumb\"},\"inLanguage\":\"es\",\"potentialAction\":[{\"@type\":\"ReadAction\",\"target\":[\"https:\/\/experienciadevida.com.ar\/portalurbano\/hilario-galli-el-plan-tu-vi-esta-destinado-a-quienes-no-pueden-acceder-a-creditos-hipotecarios\/\"]}]},{\"@type\":\"BreadcrumbList\",\"@id\":\"https:\/\/experienciadevida.com.ar\/portalurbano\/hilario-galli-el-plan-tu-vi-esta-destinado-a-quienes-no-pueden-acceder-a-creditos-hipotecarios\/#breadcrumb\",\"itemListElement\":[{\"@type\":\"ListItem\",\"position\":1,\"name\":\"Portada\",\"item\":\"https:\/\/experienciadevida.com.ar\/portalurbano\/\"},{\"@type\":\"ListItem\",\"position\":2,\"name\":\"Hilario Galli: \u00abel plan TU.VI est\u00e1 destinado a quienes no pueden acceder a cr\u00e9ditos hipotecarios\u00bb\"}]},{\"@type\":\"WebSite\",\"@id\":\"https:\/\/experienciadevida.com.ar\/portalurbano\/#website\",\"url\":\"https:\/\/experienciadevida.com.ar\/portalurbano\/\",\"name\":\"\",\"description\":\"\",\"publisher\":{\"@id\":\"https:\/\/experienciadevida.com.ar\/portalurbano\/#organization\"},\"potentialAction\":[{\"@type\":\"SearchAction\",\"target\":{\"@type\":\"EntryPoint\",\"urlTemplate\":\"https:\/\/experienciadevida.com.ar\/portalurbano\/?s={search_term_string}\"},\"query-input\":\"required name=search_term_string\"}],\"inLanguage\":\"es\"},{\"@type\":\"Organization\",\"@id\":\"https:\/\/experienciadevida.com.ar\/portalurbano\/#organization\",\"name\":\"Portal Urbano\",\"url\":\"https:\/\/experienciadevida.com.ar\/portalurbano\/\",\"logo\":{\"@type\":\"ImageObject\",\"inLanguage\":\"es\",\"@id\":\"https:\/\/experienciadevida.com.ar\/portalurbano\/#\/schema\/logo\/image\/\",\"url\":\"https:\/\/experienciadevida.com.ar\/portalurbano\/wp-content\/uploads\/2019\/09\/Logo-Original.png\",\"contentUrl\":\"https:\/\/experienciadevida.com.ar\/portalurbano\/wp-content\/uploads\/2019\/09\/Logo-Original.png\",\"width\":2236,\"height\":1216,\"caption\":\"Portal Urbano\"},\"image\":{\"@id\":\"https:\/\/experienciadevida.com.ar\/portalurbano\/#\/schema\/logo\/image\/\"},\"sameAs\":[\"https:\/\/www.facebook.com\/Portal-Urbano-171542830093757\/\",\"https:\/\/twitter.com\/portalurbanook\",\"https:\/\/www.instagram.com\/_portalurbano\/\",\"https:\/\/www.youtube.com\/channel\/UCXhagIfszH8KxFiOok79zbA?view_as=subscriber\"]},{\"@type\":\"Person\",\"@id\":\"https:\/\/experienciadevida.com.ar\/portalurbano\/#\/schema\/person\/02dd326b1c4b056e9cc972486934a3a7\",\"name\":\"admpu17wp\",\"image\":{\"@type\":\"ImageObject\",\"inLanguage\":\"es\",\"@id\":\"https:\/\/experienciadevida.com.ar\/portalurbano\/#\/schema\/person\/image\/\",\"url\":\"https:\/\/secure.gravatar.com\/avatar\/830d4c57adaae6630765e449a6908047?s=96&d=mm&r=g\",\"contentUrl\":\"https:\/\/secure.gravatar.com\/avatar\/830d4c57adaae6630765e449a6908047?s=96&d=mm&r=g\",\"caption\":\"admpu17wp\"}}]}<\/script>\n<!-- \/ Yoast SEO plugin. -->","yoast_head_json":{"title":"Hilario Galli: \"El plan TU.VI est\u00e1 destinado a quienes no pueden acceder\"","description":"Hilario Galli: \"el plan TU.VI est\u00e1 destinado a quienes no pueden acceder a cr\u00e9ditos hipotecarios\", as\u00ed lo dijo el Secretario de Gobierno","robots":{"index":"index","follow":"follow","max-snippet":"max-snippet:-1","max-image-preview":"max-image-preview:large","max-video-preview":"max-video-preview:-1"},"canonical":"https:\/\/experienciadevida.com.ar\/portalurbano\/hilario-galli-el-plan-tu-vi-esta-destinado-a-quienes-no-pueden-acceder-a-creditos-hipotecarios\/","og_locale":"es_ES","og_type":"article","og_title":"Hilario Galli: \"El plan TU.VI est\u00e1 destinado a quienes no pueden acceder\"","og_description":"Hilario Galli: \"el plan TU.VI est\u00e1 destinado a quienes no pueden acceder a cr\u00e9ditos hipotecarios\", as\u00ed lo dijo el Secretario de Gobierno","og_url":"https:\/\/experienciadevida.com.ar\/portalurbano\/hilario-galli-el-plan-tu-vi-esta-destinado-a-quienes-no-pueden-acceder-a-creditos-hipotecarios\/","article_publisher":"https:\/\/www.facebook.com\/Portal-Urbano-171542830093757\/","article_published_time":"2021-06-29T13:25:39+00:00","article_modified_time":"2021-06-29T13:34:07+00:00","og_image":[{"width":1968,"height":1312,"url":"https:\/\/experienciadevida.com.ar\/portalurbano\/wp-content\/uploads\/2020\/10\/Hilario-Galli.jpg","type":"image\/jpeg"}],"author":"admpu17wp","twitter_card":"summary_large_image","twitter_creator":"@portalurbanook","twitter_site":"@portalurbanook","twitter_misc":{"Escrito por":"admpu17wp","Tiempo de lectura":"3 minutos"},"schema":{"@context":"https:\/\/schema.org","@graph":[{"@type":"Article","@id":"https:\/\/experienciadevida.com.ar\/portalurbano\/hilario-galli-el-plan-tu-vi-esta-destinado-a-quienes-no-pueden-acceder-a-creditos-hipotecarios\/#article","isPartOf":{"@id":"https:\/\/experienciadevida.com.ar\/portalurbano\/hilario-galli-el-plan-tu-vi-esta-destinado-a-quienes-no-pueden-acceder-a-creditos-hipotecarios\/"},"author":{"name":"admpu17wp","@id":"https:\/\/experienciadevida.com.ar\/portalurbano\/#\/schema\/person\/02dd326b1c4b056e9cc972486934a3a7"},"headline":"Hilario Galli: &#8220;el plan TU.VI est\u00e1 destinado a quienes no pueden acceder a cr\u00e9ditos hipotecarios&#8221;","datePublished":"2021-06-29T13:25:39+00:00","dateModified":"2021-06-29T13:34:07+00:00","mainEntityOfPage":{"@id":"https:\/\/experienciadevida.com.ar\/portalurbano\/hilario-galli-el-plan-tu-vi-esta-destinado-a-quienes-no-pueden-acceder-a-creditos-hipotecarios\/"},"wordCount":729,"publisher":{"@id":"https:\/\/experienciadevida.com.ar\/portalurbano\/#organization"},"articleSection":["Ciudad","Destacadas 2"],"inLanguage":"es"},{"@type":"WebPage","@id":"https:\/\/experienciadevida.com.ar\/portalurbano\/hilario-galli-el-plan-tu-vi-esta-destinado-a-quienes-no-pueden-acceder-a-creditos-hipotecarios\/","url":"https:\/\/experienciadevida.com.ar\/portalurbano\/hilario-galli-el-plan-tu-vi-esta-destinado-a-quienes-no-pueden-acceder-a-creditos-hipotecarios\/","name":"Hilario Galli: \"El plan TU.VI est\u00e1 destinado a quienes no pueden acceder\"","isPartOf":{"@id":"https:\/\/experienciadevida.com.ar\/portalurbano\/#website"},"datePublished":"2021-06-29T13:25:39+00:00","dateModified":"2021-06-29T13:34:07+00:00","description":"Hilario Galli: \"el plan TU.VI est\u00e1 destinado a quienes no pueden acceder a cr\u00e9ditos hipotecarios\", as\u00ed lo dijo el Secretario de Gobierno","breadcrumb":{"@id":"https:\/\/experienciadevida.com.ar\/portalurbano\/hilario-galli-el-plan-tu-vi-esta-destinado-a-quienes-no-pueden-acceder-a-creditos-hipotecarios\/#breadcrumb"},"inLanguage":"es","potentialAction":[{"@type":"ReadAction","target":["https:\/\/experienciadevida.com.ar\/portalurbano\/hilario-galli-el-plan-tu-vi-esta-destinado-a-quienes-no-pueden-acceder-a-creditos-hipotecarios\/"]}]},{"@type":"BreadcrumbList","@id":"https:\/\/experienciadevida.com.ar\/portalurbano\/hilario-galli-el-plan-tu-vi-esta-destinado-a-quienes-no-pueden-acceder-a-creditos-hipotecarios\/#breadcrumb","itemListElement":[{"@type":"ListItem","position":1,"name":"Portada","item":"https:\/\/experienciadevida.com.ar\/portalurbano\/"},{"@type":"ListItem","position":2,"name":"Hilario Galli: \u00abel plan TU.VI est\u00e1 destinado a quienes no pueden acceder a cr\u00e9ditos hipotecarios\u00bb"}]},{"@type":"WebSite","@id":"https:\/\/experienciadevida.com.ar\/portalurbano\/#website","url":"https:\/\/experienciadevida.com.ar\/portalurbano\/","name":"","description":"","publisher":{"@id":"https:\/\/experienciadevida.com.ar\/portalurbano\/#organization"},"potentialAction":[{"@type":"SearchAction","target":{"@type":"EntryPoint","urlTemplate":"https:\/\/experienciadevida.com.ar\/portalurbano\/?s={search_term_string}"},"query-input":"required name=search_term_string"}],"inLanguage":"es"},{"@type":"Organization","@id":"https:\/\/experienciadevida.com.ar\/portalurbano\/#organization","name":"Portal Urbano","url":"https:\/\/experienciadevida.com.ar\/portalurbano\/","logo":{"@type":"ImageObject","inLanguage":"es","@id":"https:\/\/experienciadevida.com.ar\/portalurbano\/#\/schema\/logo\/image\/","url":"https:\/\/experienciadevida.com.ar\/portalurbano\/wp-content\/uploads\/2019\/09\/Logo-Original.png","contentUrl":"https:\/\/experienciadevida.com.ar\/portalurbano\/wp-content\/uploads\/2019\/09\/Logo-Original.png","width":2236,"height":1216,"caption":"Portal Urbano"},"image":{"@id":"https:\/\/experienciadevida.com.ar\/portalurbano\/#\/schema\/logo\/image\/"},"sameAs":["https:\/\/www.facebook.com\/Portal-Urbano-171542830093757\/","https:\/\/twitter.com\/portalurbanook","https:\/\/www.instagram.com\/_portalurbano\/","https:\/\/www.youtube.com\/channel\/UCXhagIfszH8KxFiOok79zbA?view_as=subscriber"]},{"@type":"Person","@id":"https:\/\/experienciadevida.com.ar\/portalurbano\/#\/schema\/person\/02dd326b1c4b056e9cc972486934a3a7","name":"admpu17wp","image":{"@type":"ImageObject","inLanguage":"es","@id":"https:\/\/experienciadevida.com.ar\/portalurbano\/#\/schema\/person\/image\/","url":"https:\/\/secure.gravatar.com\/avatar\/830d4c57adaae6630765e449a6908047?s=96&d=mm&r=g","contentUrl":"https:\/\/secure.gravatar.com\/avatar\/830d4c57adaae6630765e449a6908047?s=96&d=mm&r=g","caption":"admpu17wp"}}]}},"featured_image_urls":{"full":["https:\/\/experienciadevida.com.ar\/portalurbano\/wp-content\/uploads\/2020\/10\/Hilario-Galli.jpg",1968,1312,false],"thumbnail":["https:\/\/experienciadevida.com.ar\/portalurbano\/wp-content\/uploads\/2020\/10\/Hilario-Galli-150x150.jpg",150,150,true],"medium":["https:\/\/experienciadevida.com.ar\/portalurbano\/wp-content\/uploads\/2020\/10\/Hilario-Galli-300x200.jpg",300,200,true],"medium_large":["https:\/\/experienciadevida.com.ar\/portalurbano\/wp-content\/uploads\/2020\/10\/Hilario-Galli-768x512.jpg",640,427,true],"large":["https:\/\/experienciadevida.com.ar\/portalurbano\/wp-content\/uploads\/2020\/10\/Hilario-Galli-1024x683.jpg",640,427,true],"ug_big":["https:\/\/experienciadevida.com.ar\/portalurbano\/wp-content\/uploads\/2020\/10\/Hilario-Galli-768x512.jpg",768,512,true],"1536x1536":["https:\/\/experienciadevida.com.ar\/portalurbano\/wp-content\/uploads\/2020\/10\/Hilario-Galli-1536x1024.jpg",1536,1024,true],"2048x2048":["https:\/\/experienciadevida.com.ar\/portalurbano\/wp-content\/uploads\/2020\/10\/Hilario-Galli.jpg",1968,1312,false],"newsever-slider-full":["https:\/\/experienciadevida.com.ar\/portalurbano\/wp-content\/uploads\/2020\/10\/Hilario-Galli.jpg",1268,845,false],"newsever-featured":["https:\/\/experienciadevida.com.ar\/portalurbano\/wp-content\/uploads\/2020\/10\/Hilario-Galli.jpg",1024,683,false],"newsever-medium":["https:\/\/experienciadevida.com.ar\/portalurbano\/wp-content\/uploads\/2020\/10\/Hilario-Galli.jpg",713,475,false],"web-stories-poster-portrait":["https:\/\/experienciadevida.com.ar\/portalurbano\/wp-content\/uploads\/2020\/10\/Hilario-Galli.jpg",640,427,false],"web-stories-publisher-logo":["https:\/\/experienciadevida.com.ar\/portalurbano\/wp-content\/uploads\/2020\/10\/Hilario-Galli.jpg",96,64,false],"web-stories-thumbnail":["https:\/\/experienciadevida.com.ar\/portalurbano\/wp-content\/uploads\/2020\/10\/Hilario-Galli.jpg",150,100,false]},"author_info":{"display_name":"admpu17wp","author_link":"https:\/\/experienciadevida.com.ar\/portalurbano\/author\/admpu17wp\/"},"category_info":"<a href=\"https:\/\/experienciadevida.com.ar\/portalurbano\/category\/ciudad\/\" rel=\"category tag\">Ciudad<\/a> <a href=\"https:\/\/experienciadevida.com.ar\/portalurbano\/category\/destacadas-2\/\" rel=\"category tag\">Destacadas 2<\/a>","tag_info":"Destacadas 2","comment_count":"0","amp_enabled":true,"_links":{"self":[{"href":"https:\/\/experienciadevida.com.ar\/portalurbano\/wp-json\/wp\/v2\/posts\/146333"}],"collection":[{"href":"https:\/\/experienciadevida.com.ar\/portalurbano\/wp-json\/wp\/v2\/posts"}],"about":[{"href":"https:\/\/experienciadevida.com.ar\/portalurbano\/wp-json\/wp\/v2\/types\/post"}],"author":[{"embeddable":true,"href":"https:\/\/experienciadevida.com.ar\/portalurbano\/wp-json\/wp\/v2\/users\/1"}],"replies":[{"embeddable":true,"href":"https:\/\/experienciadevida.com.ar\/portalurbano\/wp-json\/wp\/v2\/comments?post=146333"}],"version-history":[{"count":4,"href":"https:\/\/experienciadevida.com.ar\/portalurbano\/wp-json\/wp\/v2\/posts\/146333\/revisions"}],"predecessor-version":[{"id":146337,"href":"https:\/\/experienciadevida.com.ar\/portalurbano\/wp-json\/wp\/v2\/posts\/146333\/revisions\/146337"}],"wp:featuredmedia":[{"embeddable":true,"href":"https:\/\/experienciadevida.com.ar\/portalurbano\/wp-json\/wp\/v2\/media\/123796"}],"wp:attachment":[{"href":"https:\/\/experienciadevida.com.ar\/portalurbano\/wp-json\/wp\/v2\/media?parent=146333"}],"wp:term":[{"taxonomy":"category","embeddable":true,"href":"https:\/\/experienciadevida.com.ar\/portalurbano\/wp-json\/wp\/v2\/categories?post=146333"},{"taxonomy":"post_tag","embeddable":true,"href":"https:\/\/experienciadevida.com.ar\/portalurbano\/wp-json\/wp\/v2\/tags?post=146333"}],"curies":[{"name":"wp","href":"https:\/\/api.w.org\/{rel}","templated":true}]}}