{"id":146305,"date":"2021-06-28T20:21:21","date_gmt":"2021-06-28T23:21:21","guid":{"rendered":"https:\/\/experienciadevida.com.ar\/portalurbano\/?p=146305"},"modified":"2021-06-28T20:28:36","modified_gmt":"2021-06-28T23:28:36","slug":"sociales-y-region-sanitaria-ix-firmaron-un-acuerdo-para-generar-politicas-de-cuidado-y-visibilizacion-sobre-el-vih","status":"publish","type":"post","link":"https:\/\/experienciadevida.com.ar\/portalurbano\/sociales-y-region-sanitaria-ix-firmaron-un-acuerdo-para-generar-politicas-de-cuidado-y-visibilizacion-sobre-el-vih\/","title":{"rendered":"Sociales y Regi\u00f3n Sanitaria IX firmaron un acuerdo para generar pol\u00edticas de cuidado y visibilizaci\u00f3n sobre el VIH"},"content":{"rendered":"<p>Sociales y <a href=\"https:\/\/www.facebook.com\/regionsanitaria.ix.50\">Regi\u00f3n Sanitaria IX<\/a> firmaron un acuerdo para generar pol\u00edticas de cuidado y visibilizaci\u00f3n sobre el VIH, promueve instalar discursos positivos e inclusivos sobre VIH y aplicar diagn\u00f3sticos tempranos en Infecciones de Transmisi\u00f3n Sexual.<\/p>\n<p>El acuerdo fue firmado por la Facultad de Ciencias Sociales, el Programa de Extensi\u00f3n CheSida, la C\u00e1tedra Libre \u201cSexualidades, G\u00e9neros y DDHH\u201d y la Regi\u00f3n Sanitaria IX y sus programas de VIH, Infecciones de Transmisi\u00f3n Sexual (ITS) y Hepatitis virales (HV) y el Programa de Salud Sexual y Reproductiva (SsyR). Acompa\u00f1aron esta carta el Programa de Abordaje Integral contra las violencias y discriminaci\u00f3n por motivos de g\u00e9nero e identidad sexual de la UNICEN y el Grupo de Estudios Interdisciplinario en Ciencia, Sociedad y Cultura (CiSoc-FCH-UNICEN).<\/p>\n<p>En este marco este lunes se realiz\u00f3 un encuentro virtual en el que participaron el Secretario de Extensi\u00f3n, Bienestar y Transferencia de la Facultad de Ciencias Sociales, Lic. Nicol\u00e1s Casado; la Dra. Gisela Giamberardino, coordinadora del Programa de G\u00e9nero de la UNICEN; el Lic. Ramiro Borzi y la Dra. Norma \u00c1lvarez Morello, directivos de la Regi\u00f3n Sanitaria IX; la Lic. Mar\u00eda Julieta D\u00edaz (CiSoc-FCH); entre otros y otras representantes de las entidades que firmaron el acuerdo.<\/p>\n<p>En la Carta se propone desarrollar un trabajo en conjunto, articulado y de tipo colaborativo que toma como antecedente la campa\u00f1a global \u201cI=I: Indetectable igual a Intransmisible\u201d, la cual propone instalar discursos y sentidos positivos e inclusivos sobre VIH. Se promueve as\u00ed la importancia de los diagn\u00f3sticos tempranos de infecci\u00f3n por VIH y de otras ITS, la adherencia a los tratamientos antirretrov\u00edricos (TARV) y dar visibilidad a la tem\u00e1tica para aportar a la reducci\u00f3n de discursos y pr\u00e1cticas que reproducen estigmas, autoestigmas, violencias y discriminaci\u00f3n asociado al vivir con VIH.<\/p>\n<p>Sociales y Regi\u00f3n Sanitaria IX firmaron un acuerdo, la propuesta presentada contempla diferentes momentos de intervenci\u00f3n y est\u00e1 orientada a las personas que trabajan en los equipos de Salud del Sistema P\u00fablico que integran la Regi\u00f3n Sanitaria IX. El objetivo principal es relevar el estado de situaci\u00f3n en las localidades que integran dicha Regi\u00f3n para impulsar y desarrollar acciones de monitoreo, seguimiento y acompa\u00f1amiento de las personas bajo tratamiento antirretroviral (TARV), facilitar la revinculaci\u00f3n con el sistema de salud en los casos que corresponda y promover la adherencia a los tratamientos; como as\u00ed tambi\u00e9n los testeos voluntarios para VIH, S\u00edfilis y Hepatitis Virales (HV) en las 10 ciudades de incidencia de la RS IX (Las Flores, General Alvear, Tapalqu\u00e9, Bol\u00edvar, Azul, Benito Ju\u00e1rez, Laprida, Olavarr\u00eda, General La Madrid y Rauch).<\/p>\n<p>Para la elaboraci\u00f3n de esta propuesta se recuper\u00f3 la investigaci\u00f3n a nivel nacional en la que particip\u00f3 el Programa Interdisciplinario CheSida en el a\u00f1o 2010, titulada: \u201cCondiciones de vulnerabilidad al VIH-SIDA e ITS y problemas de acceso a la atenci\u00f3n de la salud en personas homosexuales, bisexuales y trans en la Argentina\u201d, realizada en 14 localidades a nivel nacional, entre ellas la ciudad de Olavarr\u00eda.<\/p>\n<p>Espacios amigables para personas LGTTTBIQ+<\/p>\n<p>A trav\u00e9s de esta Carta Acuerdo tambi\u00e9n se buscar\u00e1 acordar, dise\u00f1ar y planificar diversas estrategias con el fin de generar espacios amigables para que las personas LGTTTBIQ+ de la regi\u00f3n que se encuentran en particulares condiciones de vulnerabilidad accedan a la atenci\u00f3n de la salud integral y reciban informaci\u00f3n sobre Salud Sexual Reproductiva y no reproductiva y los Derechos Sexuales, entre ellos la prevenci\u00f3n de las Infecciones de Transmisi\u00f3n Sexual.<\/p>\n<p>Sociales y Regi\u00f3n Sanitaria IX firmaron un acuerdo, en este sentido incorporar la mirada interseccional a los procesos de salud-enfermedad-atenci\u00f3n, supone comprender la distribuci\u00f3n diferencial de riesgos y poderes en una sociedad hetero-cis-normativa, atendiendo a las modalidades de opresi\u00f3n superpuestas que experimentan especialmente algunas poblaciones.<\/p>\n<p>Las transgeneridades en Argentina experimentan a lo largo de sus vidas situaciones de violencia y exclusi\u00f3n. Estas experiencias inician en el propio seno familiar, que se suman a modalidades de exclusi\u00f3n y violencias en otros \u00e1mbitos como la educaci\u00f3n, la salud, el trabajo y los espacios p\u00fablicos. Este c\u00famulo de exclusiones y violencias conlleva la exposici\u00f3n de las TTT a situaciones de riesgo y precariedad, como la prostituci\u00f3n a\u00fan en la minor\u00eda de edad y pr\u00e1cticas de modificaci\u00f3n corporal clandestinas (Berkins y Fernandez, 2005; Berkins, 2007).<\/p>\n<p>&nbsp;<\/p>\n","protected":false},"excerpt":{"rendered":"<p>Sociales y Regi\u00f3n Sanitaria IX firmaron un acuerdo para generar pol\u00edticas de cuidado y visibilizaci\u00f3n&#8230;<\/p>\n","protected":false},"author":1,"featured_media":0,"comment_status":"closed","ping_status":"closed","sticky":false,"template":"","format":"standard","meta":{"content-type":""},"categories":[27,51],"tags":[],"nelio_content":{"isAutoShareEnabled":false,"autoShareEndMode":"default","automationSources":{"useContentSentences":true,"useSocialTemplates":true,"useCustomSentences":false,"customSentences":[]},"followers":[1],"suggestedReferences":[],"includedReferences":[],"efiUrl":"","efiAlt":"","highlights":[]},"yoast_head":"<!-- This site is optimized with the Yoast SEO plugin v20.7 - https:\/\/yoast.com\/wordpress\/plugins\/seo\/ -->\n<title>Sociales y Regi\u00f3n Sanitaria IX firmaron un acuerdo para generar pol\u00edticas<\/title>\n<meta name=\"description\" content=\"Sociales y Regi\u00f3n Sanitaria IX firmaron un acuerdo para generar pol\u00edticas de cuidado y visibilizaci\u00f3n sobre el VIH, instalar recursos\" \/>\n<meta name=\"robots\" content=\"index, follow, max-snippet:-1, max-image-preview:large, max-video-preview:-1\" \/>\n<link rel=\"canonical\" href=\"https:\/\/experienciadevida.com.ar\/portalurbano\/sociales-y-region-sanitaria-ix-firmaron-un-acuerdo-para-generar-politicas-de-cuidado-y-visibilizacion-sobre-el-vih\/\" \/>\n<meta property=\"og:locale\" content=\"es_ES\" \/>\n<meta property=\"og:type\" content=\"article\" \/>\n<meta property=\"og:title\" content=\"Sociales y Regi\u00f3n Sanitaria IX firmaron un acuerdo para generar pol\u00edticas\" \/>\n<meta property=\"og:description\" content=\"Sociales y Regi\u00f3n Sanitaria IX firmaron un acuerdo para generar pol\u00edticas de cuidado y visibilizaci\u00f3n sobre el VIH, instalar recursos\" \/>\n<meta property=\"og:url\" content=\"https:\/\/experienciadevida.com.ar\/portalurbano\/sociales-y-region-sanitaria-ix-firmaron-un-acuerdo-para-generar-politicas-de-cuidado-y-visibilizacion-sobre-el-vih\/\" \/>\n<meta property=\"article:publisher\" content=\"https:\/\/www.facebook.com\/Portal-Urbano-171542830093757\/\" \/>\n<meta property=\"article:published_time\" content=\"2021-06-28T23:21:21+00:00\" \/>\n<meta property=\"article:modified_time\" content=\"2021-06-28T23:28:36+00:00\" \/>\n<meta property=\"og:image\" content=\"https:\/\/experienciadevida.com.ar\/portalurbano\/wp-content\/uploads\/2017\/11\/SOCIALES-1-1.jpg\" \/>\n\t<meta property=\"og:image:width\" content=\"550\" \/>\n\t<meta property=\"og:image:height\" content=\"365\" \/>\n\t<meta property=\"og:image:type\" content=\"image\/jpeg\" \/>\n<meta name=\"author\" content=\"admpu17wp\" \/>\n<meta name=\"twitter:card\" content=\"summary_large_image\" \/>\n<meta name=\"twitter:creator\" content=\"@portalurbanook\" \/>\n<meta name=\"twitter:site\" content=\"@portalurbanook\" \/>\n<meta name=\"twitter:label1\" content=\"Escrito por\" \/>\n\t<meta name=\"twitter:data1\" content=\"admpu17wp\" \/>\n\t<meta name=\"twitter:label2\" content=\"Tiempo de lectura\" \/>\n\t<meta name=\"twitter:data2\" content=\"4 minutos\" \/>\n<script type=\"application\/ld+json\" class=\"yoast-schema-graph\">{\"@context\":\"https:\/\/schema.org\",\"@graph\":[{\"@type\":\"Article\",\"@id\":\"https:\/\/experienciadevida.com.ar\/portalurbano\/sociales-y-region-sanitaria-ix-firmaron-un-acuerdo-para-generar-politicas-de-cuidado-y-visibilizacion-sobre-el-vih\/#article\",\"isPartOf\":{\"@id\":\"https:\/\/experienciadevida.com.ar\/portalurbano\/sociales-y-region-sanitaria-ix-firmaron-un-acuerdo-para-generar-politicas-de-cuidado-y-visibilizacion-sobre-el-vih\/\"},\"author\":{\"name\":\"admpu17wp\",\"@id\":\"https:\/\/experienciadevida.com.ar\/portalurbano\/#\/schema\/person\/02dd326b1c4b056e9cc972486934a3a7\"},\"headline\":\"Sociales y Regi\u00f3n Sanitaria IX firmaron un acuerdo para generar pol\u00edticas de cuidado y visibilizaci\u00f3n sobre el VIH\",\"datePublished\":\"2021-06-28T23:21:21+00:00\",\"dateModified\":\"2021-06-28T23:28:36+00:00\",\"mainEntityOfPage\":{\"@id\":\"https:\/\/experienciadevida.com.ar\/portalurbano\/sociales-y-region-sanitaria-ix-firmaron-un-acuerdo-para-generar-politicas-de-cuidado-y-visibilizacion-sobre-el-vih\/\"},\"wordCount\":773,\"publisher\":{\"@id\":\"https:\/\/experienciadevida.com.ar\/portalurbano\/#organization\"},\"articleSection\":[\"Ciudad\",\"Destacadas\"],\"inLanguage\":\"es\"},{\"@type\":\"WebPage\",\"@id\":\"https:\/\/experienciadevida.com.ar\/portalurbano\/sociales-y-region-sanitaria-ix-firmaron-un-acuerdo-para-generar-politicas-de-cuidado-y-visibilizacion-sobre-el-vih\/\",\"url\":\"https:\/\/experienciadevida.com.ar\/portalurbano\/sociales-y-region-sanitaria-ix-firmaron-un-acuerdo-para-generar-politicas-de-cuidado-y-visibilizacion-sobre-el-vih\/\",\"name\":\"Sociales y Regi\u00f3n Sanitaria IX firmaron un acuerdo para generar pol\u00edticas\",\"isPartOf\":{\"@id\":\"https:\/\/experienciadevida.com.ar\/portalurbano\/#website\"},\"datePublished\":\"2021-06-28T23:21:21+00:00\",\"dateModified\":\"2021-06-28T23:28:36+00:00\",\"description\":\"Sociales y Regi\u00f3n Sanitaria IX firmaron un acuerdo para generar pol\u00edticas de cuidado y visibilizaci\u00f3n sobre el VIH, instalar recursos\",\"breadcrumb\":{\"@id\":\"https:\/\/experienciadevida.com.ar\/portalurbano\/sociales-y-region-sanitaria-ix-firmaron-un-acuerdo-para-generar-politicas-de-cuidado-y-visibilizacion-sobre-el-vih\/#breadcrumb\"},\"inLanguage\":\"es\",\"potentialAction\":[{\"@type\":\"ReadAction\",\"target\":[\"https:\/\/experienciadevida.com.ar\/portalurbano\/sociales-y-region-sanitaria-ix-firmaron-un-acuerdo-para-generar-politicas-de-cuidado-y-visibilizacion-sobre-el-vih\/\"]}]},{\"@type\":\"BreadcrumbList\",\"@id\":\"https:\/\/experienciadevida.com.ar\/portalurbano\/sociales-y-region-sanitaria-ix-firmaron-un-acuerdo-para-generar-politicas-de-cuidado-y-visibilizacion-sobre-el-vih\/#breadcrumb\",\"itemListElement\":[{\"@type\":\"ListItem\",\"position\":1,\"name\":\"Portada\",\"item\":\"https:\/\/experienciadevida.com.ar\/portalurbano\/\"},{\"@type\":\"ListItem\",\"position\":2,\"name\":\"Sociales y Regi\u00f3n Sanitaria IX firmaron un acuerdo para generar pol\u00edticas de cuidado y visibilizaci\u00f3n sobre el VIH\"}]},{\"@type\":\"WebSite\",\"@id\":\"https:\/\/experienciadevida.com.ar\/portalurbano\/#website\",\"url\":\"https:\/\/experienciadevida.com.ar\/portalurbano\/\",\"name\":\"\",\"description\":\"\",\"publisher\":{\"@id\":\"https:\/\/experienciadevida.com.ar\/portalurbano\/#organization\"},\"potentialAction\":[{\"@type\":\"SearchAction\",\"target\":{\"@type\":\"EntryPoint\",\"urlTemplate\":\"https:\/\/experienciadevida.com.ar\/portalurbano\/?s={search_term_string}\"},\"query-input\":\"required name=search_term_string\"}],\"inLanguage\":\"es\"},{\"@type\":\"Organization\",\"@id\":\"https:\/\/experienciadevida.com.ar\/portalurbano\/#organization\",\"name\":\"Portal Urbano\",\"url\":\"https:\/\/experienciadevida.com.ar\/portalurbano\/\",\"logo\":{\"@type\":\"ImageObject\",\"inLanguage\":\"es\",\"@id\":\"https:\/\/experienciadevida.com.ar\/portalurbano\/#\/schema\/logo\/image\/\",\"url\":\"https:\/\/experienciadevida.com.ar\/portalurbano\/wp-content\/uploads\/2019\/09\/Logo-Original.png\",\"contentUrl\":\"https:\/\/experienciadevida.com.ar\/portalurbano\/wp-content\/uploads\/2019\/09\/Logo-Original.png\",\"width\":2236,\"height\":1216,\"caption\":\"Portal Urbano\"},\"image\":{\"@id\":\"https:\/\/experienciadevida.com.ar\/portalurbano\/#\/schema\/logo\/image\/\"},\"sameAs\":[\"https:\/\/www.facebook.com\/Portal-Urbano-171542830093757\/\",\"https:\/\/twitter.com\/portalurbanook\",\"https:\/\/www.instagram.com\/_portalurbano\/\",\"https:\/\/www.youtube.com\/channel\/UCXhagIfszH8KxFiOok79zbA?view_as=subscriber\"]},{\"@type\":\"Person\",\"@id\":\"https:\/\/experienciadevida.com.ar\/portalurbano\/#\/schema\/person\/02dd326b1c4b056e9cc972486934a3a7\",\"name\":\"admpu17wp\",\"image\":{\"@type\":\"ImageObject\",\"inLanguage\":\"es\",\"@id\":\"https:\/\/experienciadevida.com.ar\/portalurbano\/#\/schema\/person\/image\/\",\"url\":\"https:\/\/secure.gravatar.com\/avatar\/830d4c57adaae6630765e449a6908047?s=96&d=mm&r=g\",\"contentUrl\":\"https:\/\/secure.gravatar.com\/avatar\/830d4c57adaae6630765e449a6908047?s=96&d=mm&r=g\",\"caption\":\"admpu17wp\"}}]}<\/script>\n<!-- \/ Yoast SEO plugin. -->","yoast_head_json":{"title":"Sociales y Regi\u00f3n Sanitaria IX firmaron un acuerdo para generar pol\u00edticas","description":"Sociales y Regi\u00f3n Sanitaria IX firmaron un acuerdo para generar pol\u00edticas de cuidado y visibilizaci\u00f3n sobre el VIH, instalar recursos","robots":{"index":"index","follow":"follow","max-snippet":"max-snippet:-1","max-image-preview":"max-image-preview:large","max-video-preview":"max-video-preview:-1"},"canonical":"https:\/\/experienciadevida.com.ar\/portalurbano\/sociales-y-region-sanitaria-ix-firmaron-un-acuerdo-para-generar-politicas-de-cuidado-y-visibilizacion-sobre-el-vih\/","og_locale":"es_ES","og_type":"article","og_title":"Sociales y Regi\u00f3n Sanitaria IX firmaron un acuerdo para generar pol\u00edticas","og_description":"Sociales y Regi\u00f3n Sanitaria IX firmaron un acuerdo para generar pol\u00edticas de cuidado y visibilizaci\u00f3n sobre el VIH, instalar recursos","og_url":"https:\/\/experienciadevida.com.ar\/portalurbano\/sociales-y-region-sanitaria-ix-firmaron-un-acuerdo-para-generar-politicas-de-cuidado-y-visibilizacion-sobre-el-vih\/","article_publisher":"https:\/\/www.facebook.com\/Portal-Urbano-171542830093757\/","article_published_time":"2021-06-28T23:21:21+00:00","article_modified_time":"2021-06-28T23:28:36+00:00","og_image":[{"width":550,"height":365,"url":"https:\/\/experienciadevida.com.ar\/portalurbano\/wp-content\/uploads\/2017\/11\/SOCIALES-1-1.jpg","type":"image\/jpeg"}],"author":"admpu17wp","twitter_card":"summary_large_image","twitter_creator":"@portalurbanook","twitter_site":"@portalurbanook","twitter_misc":{"Escrito por":"admpu17wp","Tiempo de lectura":"4 minutos"},"schema":{"@context":"https:\/\/schema.org","@graph":[{"@type":"Article","@id":"https:\/\/experienciadevida.com.ar\/portalurbano\/sociales-y-region-sanitaria-ix-firmaron-un-acuerdo-para-generar-politicas-de-cuidado-y-visibilizacion-sobre-el-vih\/#article","isPartOf":{"@id":"https:\/\/experienciadevida.com.ar\/portalurbano\/sociales-y-region-sanitaria-ix-firmaron-un-acuerdo-para-generar-politicas-de-cuidado-y-visibilizacion-sobre-el-vih\/"},"author":{"name":"admpu17wp","@id":"https:\/\/experienciadevida.com.ar\/portalurbano\/#\/schema\/person\/02dd326b1c4b056e9cc972486934a3a7"},"headline":"Sociales y Regi\u00f3n Sanitaria IX firmaron un acuerdo para generar pol\u00edticas de cuidado y visibilizaci\u00f3n sobre el VIH","datePublished":"2021-06-28T23:21:21+00:00","dateModified":"2021-06-28T23:28:36+00:00","mainEntityOfPage":{"@id":"https:\/\/experienciadevida.com.ar\/portalurbano\/sociales-y-region-sanitaria-ix-firmaron-un-acuerdo-para-generar-politicas-de-cuidado-y-visibilizacion-sobre-el-vih\/"},"wordCount":773,"publisher":{"@id":"https:\/\/experienciadevida.com.ar\/portalurbano\/#organization"},"articleSection":["Ciudad","Destacadas"],"inLanguage":"es"},{"@type":"WebPage","@id":"https:\/\/experienciadevida.com.ar\/portalurbano\/sociales-y-region-sanitaria-ix-firmaron-un-acuerdo-para-generar-politicas-de-cuidado-y-visibilizacion-sobre-el-vih\/","url":"https:\/\/experienciadevida.com.ar\/portalurbano\/sociales-y-region-sanitaria-ix-firmaron-un-acuerdo-para-generar-politicas-de-cuidado-y-visibilizacion-sobre-el-vih\/","name":"Sociales y Regi\u00f3n Sanitaria IX firmaron un acuerdo para generar pol\u00edticas","isPartOf":{"@id":"https:\/\/experienciadevida.com.ar\/portalurbano\/#website"},"datePublished":"2021-06-28T23:21:21+00:00","dateModified":"2021-06-28T23:28:36+00:00","description":"Sociales y Regi\u00f3n Sanitaria IX firmaron un acuerdo para generar pol\u00edticas de cuidado y visibilizaci\u00f3n sobre el VIH, instalar recursos","breadcrumb":{"@id":"https:\/\/experienciadevida.com.ar\/portalurbano\/sociales-y-region-sanitaria-ix-firmaron-un-acuerdo-para-generar-politicas-de-cuidado-y-visibilizacion-sobre-el-vih\/#breadcrumb"},"inLanguage":"es","potentialAction":[{"@type":"ReadAction","target":["https:\/\/experienciadevida.com.ar\/portalurbano\/sociales-y-region-sanitaria-ix-firmaron-un-acuerdo-para-generar-politicas-de-cuidado-y-visibilizacion-sobre-el-vih\/"]}]},{"@type":"BreadcrumbList","@id":"https:\/\/experienciadevida.com.ar\/portalurbano\/sociales-y-region-sanitaria-ix-firmaron-un-acuerdo-para-generar-politicas-de-cuidado-y-visibilizacion-sobre-el-vih\/#breadcrumb","itemListElement":[{"@type":"ListItem","position":1,"name":"Portada","item":"https:\/\/experienciadevida.com.ar\/portalurbano\/"},{"@type":"ListItem","position":2,"name":"Sociales y Regi\u00f3n Sanitaria IX firmaron un acuerdo para generar pol\u00edticas de cuidado y visibilizaci\u00f3n sobre el VIH"}]},{"@type":"WebSite","@id":"https:\/\/experienciadevida.com.ar\/portalurbano\/#website","url":"https:\/\/experienciadevida.com.ar\/portalurbano\/","name":"","description":"","publisher":{"@id":"https:\/\/experienciadevida.com.ar\/portalurbano\/#organization"},"potentialAction":[{"@type":"SearchAction","target":{"@type":"EntryPoint","urlTemplate":"https:\/\/experienciadevida.com.ar\/portalurbano\/?s={search_term_string}"},"query-input":"required name=search_term_string"}],"inLanguage":"es"},{"@type":"Organization","@id":"https:\/\/experienciadevida.com.ar\/portalurbano\/#organization","name":"Portal Urbano","url":"https:\/\/experienciadevida.com.ar\/portalurbano\/","logo":{"@type":"ImageObject","inLanguage":"es","@id":"https:\/\/experienciadevida.com.ar\/portalurbano\/#\/schema\/logo\/image\/","url":"https:\/\/experienciadevida.com.ar\/portalurbano\/wp-content\/uploads\/2019\/09\/Logo-Original.png","contentUrl":"https:\/\/experienciadevida.com.ar\/portalurbano\/wp-content\/uploads\/2019\/09\/Logo-Original.png","width":2236,"height":1216,"caption":"Portal Urbano"},"image":{"@id":"https:\/\/experienciadevida.com.ar\/portalurbano\/#\/schema\/logo\/image\/"},"sameAs":["https:\/\/www.facebook.com\/Portal-Urbano-171542830093757\/","https:\/\/twitter.com\/portalurbanook","https:\/\/www.instagram.com\/_portalurbano\/","https:\/\/www.youtube.com\/channel\/UCXhagIfszH8KxFiOok79zbA?view_as=subscriber"]},{"@type":"Person","@id":"https:\/\/experienciadevida.com.ar\/portalurbano\/#\/schema\/person\/02dd326b1c4b056e9cc972486934a3a7","name":"admpu17wp","image":{"@type":"ImageObject","inLanguage":"es","@id":"https:\/\/experienciadevida.com.ar\/portalurbano\/#\/schema\/person\/image\/","url":"https:\/\/secure.gravatar.com\/avatar\/830d4c57adaae6630765e449a6908047?s=96&d=mm&r=g","contentUrl":"https:\/\/secure.gravatar.com\/avatar\/830d4c57adaae6630765e449a6908047?s=96&d=mm&r=g","caption":"admpu17wp"}}]}},"featured_image_urls":{"full":"","thumbnail":"","medium":"","medium_large":"","large":"","ug_big":"","1536x1536":"","2048x2048":"","newsever-slider-full":"","newsever-featured":"","newsever-medium":"","web-stories-poster-portrait":"","web-stories-publisher-logo":"","web-stories-thumbnail":""},"author_info":{"display_name":"admpu17wp","author_link":"https:\/\/experienciadevida.com.ar\/portalurbano\/author\/admpu17wp\/"},"category_info":"<a href=\"https:\/\/experienciadevida.com.ar\/portalurbano\/category\/ciudad\/\" rel=\"category tag\">Ciudad<\/a> <a href=\"https:\/\/experienciadevida.com.ar\/portalurbano\/category\/destacadas\/\" rel=\"category tag\">Destacadas<\/a>","tag_info":"Destacadas","comment_count":"0","amp_enabled":true,"_links":{"self":[{"href":"https:\/\/experienciadevida.com.ar\/portalurbano\/wp-json\/wp\/v2\/posts\/146305"}],"collection":[{"href":"https:\/\/experienciadevida.com.ar\/portalurbano\/wp-json\/wp\/v2\/posts"}],"about":[{"href":"https:\/\/experienciadevida.com.ar\/portalurbano\/wp-json\/wp\/v2\/types\/post"}],"author":[{"embeddable":true,"href":"https:\/\/experienciadevida.com.ar\/portalurbano\/wp-json\/wp\/v2\/users\/1"}],"replies":[{"embeddable":true,"href":"https:\/\/experienciadevida.com.ar\/portalurbano\/wp-json\/wp\/v2\/comments?post=146305"}],"version-history":[{"count":3,"href":"https:\/\/experienciadevida.com.ar\/portalurbano\/wp-json\/wp\/v2\/posts\/146305\/revisions"}],"predecessor-version":[{"id":146308,"href":"https:\/\/experienciadevida.com.ar\/portalurbano\/wp-json\/wp\/v2\/posts\/146305\/revisions\/146308"}],"wp:attachment":[{"href":"https:\/\/experienciadevida.com.ar\/portalurbano\/wp-json\/wp\/v2\/media?parent=146305"}],"wp:term":[{"taxonomy":"category","embeddable":true,"href":"https:\/\/experienciadevida.com.ar\/portalurbano\/wp-json\/wp\/v2\/categories?post=146305"},{"taxonomy":"post_tag","embeddable":true,"href":"https:\/\/experienciadevida.com.ar\/portalurbano\/wp-json\/wp\/v2\/tags?post=146305"}],"curies":[{"name":"wp","href":"https:\/\/api.w.org\/{rel}","templated":true}]}}