{"id":146268,"date":"2021-06-28T14:19:23","date_gmt":"2021-06-28T17:19:23","guid":{"rendered":"https:\/\/experienciadevida.com.ar\/portalurbano\/?p=146268"},"modified":"2021-06-28T14:21:13","modified_gmt":"2021-06-28T17:21:13","slug":"programa-tu-vi-las-familias-deberan-pedir-un-prestamo-para-financiar-al-municipio","status":"publish","type":"post","link":"https:\/\/experienciadevida.com.ar\/portalurbano\/programa-tu-vi-las-familias-deberan-pedir-un-prestamo-para-financiar-al-municipio\/","title":{"rendered":"Programa TU.VI: &#8220;Las familias deber\u00e1n pedir un pr\u00e9stamo para financiar al Municipio&#8221;"},"content":{"rendered":"<p>Programa TU.VI: &#8220;Las familias deber\u00e1n pedir un pr\u00e9stamo para financiar al Municipio&#8221;, <a href=\"https:\/\/www.facebook.com\/Maximiliano-Wesner-112197630546124\">Maximiliano Wesner<\/a> fue cr\u00edtico con el plan anunciado por el intendente Galli el s\u00e1bado y que abri\u00f3 la inscripci\u00f3n este lunes. Adem\u00e1s de los temas del adelanto por el terreno y el precio de las cuotas, el funcionario consider\u00f3 llamativo el costo de la construcci\u00f3n por metro cuadrado.<\/p>\n<p>&#8220;El viernes pr\u00f3ximo vamos a estar por la ma\u00f1ana en las localidades en Recalde y por la tarde en el Club social de Espigas, en otra jornada de lo que viene hacer el estado cerca tuyo,\u00a0 y en esta ocasi\u00f3n un d\u00eda de semana, el d\u00eda viernes coordinamos ya con varios organismos provinciales, nacionales y locales para poder ir, para acercar la gesti\u00f3n, la resoluci\u00f3n de tr\u00e1mites pendientes que puedan tener. Hace poco recorrimos provincias unidas y nos fue muy bien estuvieron presentes m\u00e1s de 300 personas resolviendo tr\u00e1mites y gestiones, y ahora nos toca las localidades que siempre digo cuanto m\u00e1s lejos est\u00e9n m\u00e1s cerca vamos a estar nosotros&#8221;.<\/p>\n<p>Adem\u00e1s &#8220;en lo que respecta a Anses se podr\u00e1 hacer asesoramiento de jubilaciones, tr\u00e1mites con PAMI empadronamiento en la obra social, para cobrar asignaci\u00f3n universal o salario familiar, por tr\u00e1mite de desempleo. Tambi\u00e9n va a estar PAMI presente, defensor\u00eda del pueblo de la provincia de buenos aires, ministerio de desarrollo social de la naci\u00f3n\u00a0 y el registro nacional de las personas (con la presencia de una camioneta equipada\u00a0 para la realizaci\u00f3n de tramitaci\u00f3n de DNI se va a trasladar hacia las localidades para que las personas puedan hacerlo sin venirse hacia Olavarr\u00eda).<\/p>\n<p>&#8220;En el caso de ANSES hicimos 70 tr\u00e1mites en el barrio provincias unidas en la tercer jornada del estado cerca tuyo, algunas cuestiones se pueden resolver en el momento y otras contin\u00faan en la semana y no solamente la resoluci\u00f3n tiene que ver con anses mismo sino que lo abordamos de manera integral, el estado cerca tuyo no es solamente\u00a0 la foto del momento sino que contin\u00faa en el resto de la semana y seguimos abordando y trabajando con los tr\u00e1mites durante la semana. Tambi\u00e9n con la bolsa pro bienestar los centros de jubilados est\u00e1n cerrados por la pandemia ese monto de la bolsa est\u00e1 acreditando via cuenta bancaria es uno de los tantos tr\u00e1mites que va a ser PAMI, defensor\u00eda del pueblo con todo el asesoramiento en lo que respecta al derecho de los bonaerenses y el ministerio de desarrollo social con algunos tr\u00e1mites como la tarjeta alimentar, el programa pro huerta, y el registro nacional de las personas con la renovaci\u00f3n y entrega de DNI&#8221;.<\/p>\n<p>Programa &#8220;la noticia brindada por el Intendente me sorprende, contamos con este anuncio de la licitaci\u00f3n de la mitad de aquel anuncio del 2019 y si miramos el presupuesto hay presupuestado 32 millones de pesos para la ejecuci\u00f3n de parte de ese plan de viviendas para este a\u00f1o y lo que m\u00e1s me sorprende es que van a financiar ese plan de viviendas las personas porque tienen que poner un anticipo de un mill\u00f3n de pesos porque es por licitaci\u00f3n es quien realmente va\u00a0 a poder acceder a la vivienda si tenemos en cuenta que son 20 viviendas van a rondar cerca de 30 millones de pesos con lo cual es parte de lo presupuestado para este a\u00f1o en viviendas, las familias deber\u00e1n solicitar un pr\u00e9stamo para financiar al Municipio porque van a tener que juntar alrededor de 10mil d\u00f3lares cada familia para poder acceder a su vivienda&#8221;.<\/p>\n<p>&#8220;Otra cuesti\u00f3n es el tema del ingreso disponible con que deben contar para poder hacer frente una vez que sean adjudicatarias la cuota mensual que se va a ir actualizando cuatrimestralmente una vez que puedan acceder a la vivienda. Lo veo fuera de contexto si miramos el registro de demanda habitacional que hab\u00eda adelantado al municipio, actualmente est\u00e1 en la p\u00e1gina y los datos que se solicitan nada tiene que ver con este programa porque en ese mismo formulario que hay que consignar los datos de la familia postulantes hay uno de los \u00edtems que hay que consignar la capacidad constructiva,\u00a0 o sea conocimiento de alguno de los integrantes de la familia sobre electricidad, etc&#8221;.<\/p>\n<p>Adem\u00e1s del programa menciono &#8220;pens\u00e9 que \u00edbamos a tener un estado municipal m\u00e1s presente\u00a0 y\u00a0 que el financiamiento de estas viviendas va a estar a cargo de las familias. Muchas familias no llegan a ese importe&#8221;.<\/p>\n<p>Fuente: Radio Olavarr\u00eda<\/p>\n","protected":false},"excerpt":{"rendered":"<p>Programa TU.VI: &#8220;Las familias deber\u00e1n pedir un pr\u00e9stamo para financiar al Municipio&#8221;, Maximiliano Wesner fue&#8230;<\/p>\n","protected":false},"author":1,"featured_media":146269,"comment_status":"closed","ping_status":"closed","sticky":false,"template":"","format":"standard","meta":{"content-type":""},"categories":[27,64],"tags":[],"nelio_content":{"isAutoShareEnabled":false,"autoShareEndMode":"default","automationSources":{"useContentSentences":true,"useSocialTemplates":true,"useCustomSentences":false,"customSentences":[]},"followers":[1],"suggestedReferences":[],"includedReferences":[],"efiUrl":"","efiAlt":"","highlights":[]},"yoast_head":"<!-- This site is optimized with the Yoast SEO plugin v20.7 - https:\/\/yoast.com\/wordpress\/plugins\/seo\/ -->\n<title>Programa TU.VI: &quot;las familias deber\u00e1n pedir un pr\u00e9stamo para financiar&quot;<\/title>\n<meta name=\"description\" content=\"Programa TU.VI: &quot;Las familias deber\u00e1n pedir un pr\u00e9stamo para financiar al Municipio&quot;, Maximiliano Wesner fue cr\u00edtico con el plan anunciado\" \/>\n<meta name=\"robots\" content=\"index, follow, max-snippet:-1, max-image-preview:large, max-video-preview:-1\" \/>\n<link rel=\"canonical\" href=\"https:\/\/experienciadevida.com.ar\/portalurbano\/programa-tu-vi-las-familias-deberan-pedir-un-prestamo-para-financiar-al-municipio\/\" \/>\n<meta property=\"og:locale\" content=\"es_ES\" \/>\n<meta property=\"og:type\" content=\"article\" \/>\n<meta property=\"og:title\" content=\"Programa TU.VI: &quot;las familias deber\u00e1n pedir un pr\u00e9stamo para financiar&quot;\" \/>\n<meta property=\"og:description\" content=\"Programa TU.VI: &quot;Las familias deber\u00e1n pedir un pr\u00e9stamo para financiar al Municipio&quot;, Maximiliano Wesner fue cr\u00edtico con el plan anunciado\" \/>\n<meta property=\"og:url\" content=\"https:\/\/experienciadevida.com.ar\/portalurbano\/programa-tu-vi-las-familias-deberan-pedir-un-prestamo-para-financiar-al-municipio\/\" \/>\n<meta property=\"article:publisher\" content=\"https:\/\/www.facebook.com\/Portal-Urbano-171542830093757\/\" \/>\n<meta property=\"article:published_time\" content=\"2021-06-28T17:19:23+00:00\" \/>\n<meta property=\"article:modified_time\" content=\"2021-06-28T17:21:13+00:00\" \/>\n<meta property=\"og:image\" content=\"https:\/\/experienciadevida.com.ar\/portalurbano\/wp-content\/uploads\/2021\/06\/Programa.jpg\" \/>\n\t<meta property=\"og:image:width\" content=\"1120\" \/>\n\t<meta property=\"og:image:height\" content=\"1120\" \/>\n\t<meta property=\"og:image:type\" content=\"image\/jpeg\" \/>\n<meta name=\"author\" content=\"admpu17wp\" \/>\n<meta name=\"twitter:card\" content=\"summary_large_image\" \/>\n<meta name=\"twitter:creator\" content=\"@portalurbanook\" \/>\n<meta name=\"twitter:site\" content=\"@portalurbanook\" \/>\n<meta name=\"twitter:label1\" content=\"Escrito por\" \/>\n\t<meta name=\"twitter:data1\" content=\"admpu17wp\" \/>\n\t<meta name=\"twitter:label2\" content=\"Tiempo de lectura\" \/>\n\t<meta name=\"twitter:data2\" content=\"4 minutos\" \/>\n<script type=\"application\/ld+json\" class=\"yoast-schema-graph\">{\"@context\":\"https:\/\/schema.org\",\"@graph\":[{\"@type\":\"Article\",\"@id\":\"https:\/\/experienciadevida.com.ar\/portalurbano\/programa-tu-vi-las-familias-deberan-pedir-un-prestamo-para-financiar-al-municipio\/#article\",\"isPartOf\":{\"@id\":\"https:\/\/experienciadevida.com.ar\/portalurbano\/programa-tu-vi-las-familias-deberan-pedir-un-prestamo-para-financiar-al-municipio\/\"},\"author\":{\"name\":\"admpu17wp\",\"@id\":\"https:\/\/experienciadevida.com.ar\/portalurbano\/#\/schema\/person\/02dd326b1c4b056e9cc972486934a3a7\"},\"headline\":\"Programa TU.VI: &#8220;Las familias deber\u00e1n pedir un pr\u00e9stamo para financiar al Municipio&#8221;\",\"datePublished\":\"2021-06-28T17:19:23+00:00\",\"dateModified\":\"2021-06-28T17:21:13+00:00\",\"mainEntityOfPage\":{\"@id\":\"https:\/\/experienciadevida.com.ar\/portalurbano\/programa-tu-vi-las-familias-deberan-pedir-un-prestamo-para-financiar-al-municipio\/\"},\"wordCount\":798,\"publisher\":{\"@id\":\"https:\/\/experienciadevida.com.ar\/portalurbano\/#organization\"},\"articleSection\":[\"Ciudad\",\"Destacadas 2\"],\"inLanguage\":\"es\"},{\"@type\":\"WebPage\",\"@id\":\"https:\/\/experienciadevida.com.ar\/portalurbano\/programa-tu-vi-las-familias-deberan-pedir-un-prestamo-para-financiar-al-municipio\/\",\"url\":\"https:\/\/experienciadevida.com.ar\/portalurbano\/programa-tu-vi-las-familias-deberan-pedir-un-prestamo-para-financiar-al-municipio\/\",\"name\":\"Programa TU.VI: \\\"las familias deber\u00e1n pedir un pr\u00e9stamo para financiar\\\"\",\"isPartOf\":{\"@id\":\"https:\/\/experienciadevida.com.ar\/portalurbano\/#website\"},\"datePublished\":\"2021-06-28T17:19:23+00:00\",\"dateModified\":\"2021-06-28T17:21:13+00:00\",\"description\":\"Programa TU.VI: \\\"Las familias deber\u00e1n pedir un pr\u00e9stamo para financiar al Municipio\\\", Maximiliano Wesner fue cr\u00edtico con el plan anunciado\",\"breadcrumb\":{\"@id\":\"https:\/\/experienciadevida.com.ar\/portalurbano\/programa-tu-vi-las-familias-deberan-pedir-un-prestamo-para-financiar-al-municipio\/#breadcrumb\"},\"inLanguage\":\"es\",\"potentialAction\":[{\"@type\":\"ReadAction\",\"target\":[\"https:\/\/experienciadevida.com.ar\/portalurbano\/programa-tu-vi-las-familias-deberan-pedir-un-prestamo-para-financiar-al-municipio\/\"]}]},{\"@type\":\"BreadcrumbList\",\"@id\":\"https:\/\/experienciadevida.com.ar\/portalurbano\/programa-tu-vi-las-familias-deberan-pedir-un-prestamo-para-financiar-al-municipio\/#breadcrumb\",\"itemListElement\":[{\"@type\":\"ListItem\",\"position\":1,\"name\":\"Portada\",\"item\":\"https:\/\/experienciadevida.com.ar\/portalurbano\/\"},{\"@type\":\"ListItem\",\"position\":2,\"name\":\"Programa TU.VI: \u00abLas familias deber\u00e1n pedir un pr\u00e9stamo para financiar al Municipio\u00bb\"}]},{\"@type\":\"WebSite\",\"@id\":\"https:\/\/experienciadevida.com.ar\/portalurbano\/#website\",\"url\":\"https:\/\/experienciadevida.com.ar\/portalurbano\/\",\"name\":\"\",\"description\":\"\",\"publisher\":{\"@id\":\"https:\/\/experienciadevida.com.ar\/portalurbano\/#organization\"},\"potentialAction\":[{\"@type\":\"SearchAction\",\"target\":{\"@type\":\"EntryPoint\",\"urlTemplate\":\"https:\/\/experienciadevida.com.ar\/portalurbano\/?s={search_term_string}\"},\"query-input\":\"required name=search_term_string\"}],\"inLanguage\":\"es\"},{\"@type\":\"Organization\",\"@id\":\"https:\/\/experienciadevida.com.ar\/portalurbano\/#organization\",\"name\":\"Portal Urbano\",\"url\":\"https:\/\/experienciadevida.com.ar\/portalurbano\/\",\"logo\":{\"@type\":\"ImageObject\",\"inLanguage\":\"es\",\"@id\":\"https:\/\/experienciadevida.com.ar\/portalurbano\/#\/schema\/logo\/image\/\",\"url\":\"https:\/\/experienciadevida.com.ar\/portalurbano\/wp-content\/uploads\/2019\/09\/Logo-Original.png\",\"contentUrl\":\"https:\/\/experienciadevida.com.ar\/portalurbano\/wp-content\/uploads\/2019\/09\/Logo-Original.png\",\"width\":2236,\"height\":1216,\"caption\":\"Portal Urbano\"},\"image\":{\"@id\":\"https:\/\/experienciadevida.com.ar\/portalurbano\/#\/schema\/logo\/image\/\"},\"sameAs\":[\"https:\/\/www.facebook.com\/Portal-Urbano-171542830093757\/\",\"https:\/\/twitter.com\/portalurbanook\",\"https:\/\/www.instagram.com\/_portalurbano\/\",\"https:\/\/www.youtube.com\/channel\/UCXhagIfszH8KxFiOok79zbA?view_as=subscriber\"]},{\"@type\":\"Person\",\"@id\":\"https:\/\/experienciadevida.com.ar\/portalurbano\/#\/schema\/person\/02dd326b1c4b056e9cc972486934a3a7\",\"name\":\"admpu17wp\",\"image\":{\"@type\":\"ImageObject\",\"inLanguage\":\"es\",\"@id\":\"https:\/\/experienciadevida.com.ar\/portalurbano\/#\/schema\/person\/image\/\",\"url\":\"https:\/\/secure.gravatar.com\/avatar\/830d4c57adaae6630765e449a6908047?s=96&d=mm&r=g\",\"contentUrl\":\"https:\/\/secure.gravatar.com\/avatar\/830d4c57adaae6630765e449a6908047?s=96&d=mm&r=g\",\"caption\":\"admpu17wp\"}}]}<\/script>\n<!-- \/ Yoast SEO plugin. -->","yoast_head_json":{"title":"Programa TU.VI: \"las familias deber\u00e1n pedir un pr\u00e9stamo para financiar\"","description":"Programa TU.VI: \"Las familias deber\u00e1n pedir un pr\u00e9stamo para financiar al Municipio\", Maximiliano Wesner fue cr\u00edtico con el plan anunciado","robots":{"index":"index","follow":"follow","max-snippet":"max-snippet:-1","max-image-preview":"max-image-preview:large","max-video-preview":"max-video-preview:-1"},"canonical":"https:\/\/experienciadevida.com.ar\/portalurbano\/programa-tu-vi-las-familias-deberan-pedir-un-prestamo-para-financiar-al-municipio\/","og_locale":"es_ES","og_type":"article","og_title":"Programa TU.VI: \"las familias deber\u00e1n pedir un pr\u00e9stamo para financiar\"","og_description":"Programa TU.VI: \"Las familias deber\u00e1n pedir un pr\u00e9stamo para financiar al Municipio\", Maximiliano Wesner fue cr\u00edtico con el plan anunciado","og_url":"https:\/\/experienciadevida.com.ar\/portalurbano\/programa-tu-vi-las-familias-deberan-pedir-un-prestamo-para-financiar-al-municipio\/","article_publisher":"https:\/\/www.facebook.com\/Portal-Urbano-171542830093757\/","article_published_time":"2021-06-28T17:19:23+00:00","article_modified_time":"2021-06-28T17:21:13+00:00","og_image":[{"width":1120,"height":1120,"url":"https:\/\/experienciadevida.com.ar\/portalurbano\/wp-content\/uploads\/2021\/06\/Programa.jpg","type":"image\/jpeg"}],"author":"admpu17wp","twitter_card":"summary_large_image","twitter_creator":"@portalurbanook","twitter_site":"@portalurbanook","twitter_misc":{"Escrito por":"admpu17wp","Tiempo de lectura":"4 minutos"},"schema":{"@context":"https:\/\/schema.org","@graph":[{"@type":"Article","@id":"https:\/\/experienciadevida.com.ar\/portalurbano\/programa-tu-vi-las-familias-deberan-pedir-un-prestamo-para-financiar-al-municipio\/#article","isPartOf":{"@id":"https:\/\/experienciadevida.com.ar\/portalurbano\/programa-tu-vi-las-familias-deberan-pedir-un-prestamo-para-financiar-al-municipio\/"},"author":{"name":"admpu17wp","@id":"https:\/\/experienciadevida.com.ar\/portalurbano\/#\/schema\/person\/02dd326b1c4b056e9cc972486934a3a7"},"headline":"Programa TU.VI: &#8220;Las familias deber\u00e1n pedir un pr\u00e9stamo para financiar al Municipio&#8221;","datePublished":"2021-06-28T17:19:23+00:00","dateModified":"2021-06-28T17:21:13+00:00","mainEntityOfPage":{"@id":"https:\/\/experienciadevida.com.ar\/portalurbano\/programa-tu-vi-las-familias-deberan-pedir-un-prestamo-para-financiar-al-municipio\/"},"wordCount":798,"publisher":{"@id":"https:\/\/experienciadevida.com.ar\/portalurbano\/#organization"},"articleSection":["Ciudad","Destacadas 2"],"inLanguage":"es"},{"@type":"WebPage","@id":"https:\/\/experienciadevida.com.ar\/portalurbano\/programa-tu-vi-las-familias-deberan-pedir-un-prestamo-para-financiar-al-municipio\/","url":"https:\/\/experienciadevida.com.ar\/portalurbano\/programa-tu-vi-las-familias-deberan-pedir-un-prestamo-para-financiar-al-municipio\/","name":"Programa TU.VI: \"las familias deber\u00e1n pedir un pr\u00e9stamo para financiar\"","isPartOf":{"@id":"https:\/\/experienciadevida.com.ar\/portalurbano\/#website"},"datePublished":"2021-06-28T17:19:23+00:00","dateModified":"2021-06-28T17:21:13+00:00","description":"Programa TU.VI: \"Las familias deber\u00e1n pedir un pr\u00e9stamo para financiar al Municipio\", Maximiliano Wesner fue cr\u00edtico con el plan anunciado","breadcrumb":{"@id":"https:\/\/experienciadevida.com.ar\/portalurbano\/programa-tu-vi-las-familias-deberan-pedir-un-prestamo-para-financiar-al-municipio\/#breadcrumb"},"inLanguage":"es","potentialAction":[{"@type":"ReadAction","target":["https:\/\/experienciadevida.com.ar\/portalurbano\/programa-tu-vi-las-familias-deberan-pedir-un-prestamo-para-financiar-al-municipio\/"]}]},{"@type":"BreadcrumbList","@id":"https:\/\/experienciadevida.com.ar\/portalurbano\/programa-tu-vi-las-familias-deberan-pedir-un-prestamo-para-financiar-al-municipio\/#breadcrumb","itemListElement":[{"@type":"ListItem","position":1,"name":"Portada","item":"https:\/\/experienciadevida.com.ar\/portalurbano\/"},{"@type":"ListItem","position":2,"name":"Programa TU.VI: \u00abLas familias deber\u00e1n pedir un pr\u00e9stamo para financiar al Municipio\u00bb"}]},{"@type":"WebSite","@id":"https:\/\/experienciadevida.com.ar\/portalurbano\/#website","url":"https:\/\/experienciadevida.com.ar\/portalurbano\/","name":"","description":"","publisher":{"@id":"https:\/\/experienciadevida.com.ar\/portalurbano\/#organization"},"potentialAction":[{"@type":"SearchAction","target":{"@type":"EntryPoint","urlTemplate":"https:\/\/experienciadevida.com.ar\/portalurbano\/?s={search_term_string}"},"query-input":"required name=search_term_string"}],"inLanguage":"es"},{"@type":"Organization","@id":"https:\/\/experienciadevida.com.ar\/portalurbano\/#organization","name":"Portal Urbano","url":"https:\/\/experienciadevida.com.ar\/portalurbano\/","logo":{"@type":"ImageObject","inLanguage":"es","@id":"https:\/\/experienciadevida.com.ar\/portalurbano\/#\/schema\/logo\/image\/","url":"https:\/\/experienciadevida.com.ar\/portalurbano\/wp-content\/uploads\/2019\/09\/Logo-Original.png","contentUrl":"https:\/\/experienciadevida.com.ar\/portalurbano\/wp-content\/uploads\/2019\/09\/Logo-Original.png","width":2236,"height":1216,"caption":"Portal Urbano"},"image":{"@id":"https:\/\/experienciadevida.com.ar\/portalurbano\/#\/schema\/logo\/image\/"},"sameAs":["https:\/\/www.facebook.com\/Portal-Urbano-171542830093757\/","https:\/\/twitter.com\/portalurbanook","https:\/\/www.instagram.com\/_portalurbano\/","https:\/\/www.youtube.com\/channel\/UCXhagIfszH8KxFiOok79zbA?view_as=subscriber"]},{"@type":"Person","@id":"https:\/\/experienciadevida.com.ar\/portalurbano\/#\/schema\/person\/02dd326b1c4b056e9cc972486934a3a7","name":"admpu17wp","image":{"@type":"ImageObject","inLanguage":"es","@id":"https:\/\/experienciadevida.com.ar\/portalurbano\/#\/schema\/person\/image\/","url":"https:\/\/secure.gravatar.com\/avatar\/830d4c57adaae6630765e449a6908047?s=96&d=mm&r=g","contentUrl":"https:\/\/secure.gravatar.com\/avatar\/830d4c57adaae6630765e449a6908047?s=96&d=mm&r=g","caption":"admpu17wp"}}]}},"featured_image_urls":{"full":["https:\/\/experienciadevida.com.ar\/portalurbano\/wp-content\/uploads\/2021\/06\/Programa.jpg",1120,1120,false],"thumbnail":["https:\/\/experienciadevida.com.ar\/portalurbano\/wp-content\/uploads\/2021\/06\/Programa-150x150.jpg",150,150,true],"medium":["https:\/\/experienciadevida.com.ar\/portalurbano\/wp-content\/uploads\/2021\/06\/Programa-300x300.jpg",300,300,true],"medium_large":["https:\/\/experienciadevida.com.ar\/portalurbano\/wp-content\/uploads\/2021\/06\/Programa-768x768.jpg",640,640,true],"large":["https:\/\/experienciadevida.com.ar\/portalurbano\/wp-content\/uploads\/2021\/06\/Programa-1024x1024.jpg",640,640,true],"ug_big":["https:\/\/experienciadevida.com.ar\/portalurbano\/wp-content\/uploads\/2021\/06\/Programa-768x768.jpg",768,768,true],"1536x1536":["https:\/\/experienciadevida.com.ar\/portalurbano\/wp-content\/uploads\/2021\/06\/Programa.jpg",1120,1120,false],"2048x2048":["https:\/\/experienciadevida.com.ar\/portalurbano\/wp-content\/uploads\/2021\/06\/Programa.jpg",1120,1120,false],"newsever-slider-full":["https:\/\/experienciadevida.com.ar\/portalurbano\/wp-content\/uploads\/2021\/06\/Programa.jpg",845,845,false],"newsever-featured":["https:\/\/experienciadevida.com.ar\/portalurbano\/wp-content\/uploads\/2021\/06\/Programa.jpg",1024,1024,false],"newsever-medium":["https:\/\/experienciadevida.com.ar\/portalurbano\/wp-content\/uploads\/2021\/06\/Programa.jpg",475,475,false],"web-stories-poster-portrait":["https:\/\/experienciadevida.com.ar\/portalurbano\/wp-content\/uploads\/2021\/06\/Programa.jpg",640,640,false],"web-stories-publisher-logo":["https:\/\/experienciadevida.com.ar\/portalurbano\/wp-content\/uploads\/2021\/06\/Programa.jpg",96,96,false],"web-stories-thumbnail":["https:\/\/experienciadevida.com.ar\/portalurbano\/wp-content\/uploads\/2021\/06\/Programa.jpg",150,150,false]},"author_info":{"display_name":"admpu17wp","author_link":"https:\/\/experienciadevida.com.ar\/portalurbano\/author\/admpu17wp\/"},"category_info":"<a href=\"https:\/\/experienciadevida.com.ar\/portalurbano\/category\/ciudad\/\" rel=\"category tag\">Ciudad<\/a> <a href=\"https:\/\/experienciadevida.com.ar\/portalurbano\/category\/destacadas-2\/\" rel=\"category tag\">Destacadas 2<\/a>","tag_info":"Destacadas 2","comment_count":"0","amp_enabled":true,"_links":{"self":[{"href":"https:\/\/experienciadevida.com.ar\/portalurbano\/wp-json\/wp\/v2\/posts\/146268"}],"collection":[{"href":"https:\/\/experienciadevida.com.ar\/portalurbano\/wp-json\/wp\/v2\/posts"}],"about":[{"href":"https:\/\/experienciadevida.com.ar\/portalurbano\/wp-json\/wp\/v2\/types\/post"}],"author":[{"embeddable":true,"href":"https:\/\/experienciadevida.com.ar\/portalurbano\/wp-json\/wp\/v2\/users\/1"}],"replies":[{"embeddable":true,"href":"https:\/\/experienciadevida.com.ar\/portalurbano\/wp-json\/wp\/v2\/comments?post=146268"}],"version-history":[{"count":3,"href":"https:\/\/experienciadevida.com.ar\/portalurbano\/wp-json\/wp\/v2\/posts\/146268\/revisions"}],"predecessor-version":[{"id":146271,"href":"https:\/\/experienciadevida.com.ar\/portalurbano\/wp-json\/wp\/v2\/posts\/146268\/revisions\/146271"}],"wp:featuredmedia":[{"embeddable":true,"href":"https:\/\/experienciadevida.com.ar\/portalurbano\/wp-json\/wp\/v2\/media\/146269"}],"wp:attachment":[{"href":"https:\/\/experienciadevida.com.ar\/portalurbano\/wp-json\/wp\/v2\/media?parent=146268"}],"wp:term":[{"taxonomy":"category","embeddable":true,"href":"https:\/\/experienciadevida.com.ar\/portalurbano\/wp-json\/wp\/v2\/categories?post=146268"},{"taxonomy":"post_tag","embeddable":true,"href":"https:\/\/experienciadevida.com.ar\/portalurbano\/wp-json\/wp\/v2\/tags?post=146268"}],"curies":[{"name":"wp","href":"https:\/\/api.w.org\/{rel}","templated":true}]}}