{"id":146249,"date":"2021-06-28T10:31:55","date_gmt":"2021-06-28T13:31:55","guid":{"rendered":"https:\/\/experienciadevida.com.ar\/portalurbano\/?p=146249"},"modified":"2021-06-28T10:37:57","modified_gmt":"2021-06-28T13:37:57","slug":"esta-abierta-la-inscripcion-para-adherirse-al-plan-tu-vi","status":"publish","type":"post","link":"https:\/\/experienciadevida.com.ar\/portalurbano\/esta-abierta-la-inscripcion-para-adherirse-al-plan-tu-vi\/","title":{"rendered":"Est\u00e1 abierta la inscripci\u00f3n para adherirse al Plan Tu.Vi"},"content":{"rendered":"<p>Est\u00e1 abierta la inscripci\u00f3n para adherirse al Plan Tu.Vi, Desde este lunes, en www.olavarria.gov.ar.<\/p>\n<p>Para hacerlo, los aspirantes deber\u00e1n estar inscriptos en el <a href=\"https:\/\/www.facebook.com\/galliezequiel\">Registro de Demanda Habitacional <\/a>con usuario y contrase\u00f1a e ingresar al bot\u00f3n que se encuentra en la esquina superior derecha de la pantalla que dice: \u201cProgramas Habitacionales Vigentes\u201d.<\/p>\n<p>Cuando la adhesi\u00f3n es satisfactoria, se le va a enviar un n\u00famero de aspirante por email, con el cual se va a identificar en todo el camino de la licitaci\u00f3n. Asimismo, se va a enviar informaci\u00f3n sobre c\u00f3mo continuar el proceso. Es importante que el correo electr\u00f3nico sea v\u00e1lido y accesible por el aspirante, dado que va a ser nuestro canal de comunicaci\u00f3n.<\/p>\n<p>El secretario de Gobierno Hilario Galli dijo que \u201ccon este plan de viviendas pretendemos que sea el inicio de un c\u00edrculo virtuoso que contin\u00fae por muchos a\u00f1os en Olavarr\u00eda\u201d.<\/p>\n<p>Est\u00e1 abierta la inscripci\u00f3n para <a href=\"https:\/\/experienciadevida.com.ar\/portalurbano\/tener-un-techo-propio-dejar-de-alquilar-y-transformar-una-casa-en-un-hogar-es-la-mejor-gestion-que-podemos-llevar-a-cabo\/\">adherirse al plan TU.VI<\/a> Adem\u00e1s, el funcionario municipal indic\u00f3 que \u201cel Plan TUVI est\u00e1 destinado a quienes no pueden acceder a cr\u00e9ditos hipotecarios por su elevado costo o porque directamente los bancos privados no los ofrecen por el proceso inflacionario que vive nuestro pa\u00eds\u201d.<\/p>\n<p>\u201cHoy por un cr\u00e9dito hipotecario de $3.500.000 en el Banco Naci\u00f3n se debe pagar una cuota de $53.000 pesos, con el aliciente de que quien acceda debe seguir pagando alquiler y en el Banco Provincia -por el mismo monto- la cuota asciende a $77.000 pesos\u201d, agreg\u00f3 el propio Galli.<\/p>\n<p>La determinaci\u00f3n del universo de preadjudicatarios se realizar\u00e1 por el sistema de licitaci\u00f3n. La entrega de sobres con la oferta para la licitaci\u00f3n de los aspirantes ser\u00e1 del 2 al 4 de agosto, la apertura de los mismos tendr\u00e1 lugar el 6 de agosto.<\/p>\n<p>El cobro del anticipo financiero se realizar\u00e1 -en un \u00fanico pago- a los 30 d\u00edas de determinarse los adjudicatarios, que ser\u00e1 luego de 30 d\u00edas previos de an\u00e1lisis de documentaci\u00f3n.<\/p>\n<p>Requisitos Programa de Construcci\u00f3n Tradicional:<\/p>\n<p>Poder acreditar como grupo familiar ingresos netos de entre 4 y 8 salarios m\u00ednimos vitales y m\u00f3viles. Salario M\u00ednimo Vital y M\u00f3vil vigente a la fecha de la selecci\u00f3n: $24.408 (4 SMVM=$97.632 y 8SMVM=$195.264). Constituir un grupo familiar, se entiende por grupo familiar al conjunto estable de personas convivientes que mantienen un v\u00ednculo por uniones de convivencias, matrimonio, consangu\u00edneos en l\u00ednea ascendente\/descendiente de primer grado, colaterales de segundo grado y\/o quienes conviven con el titular recibiendo trato familiar ostensible, sean personas unidas o no por v\u00ednculos de sangre.<\/p>\n<p>Se podr\u00e1 inscribir todo jefe de hogar que NO sea titular de la totalidad o parte de inmueble alguno.<\/p>\n<p>Ser argentino\/a natural o por opci\u00f3n, \u00f3 extranjero con residencia permanente.<\/p>\n<p>Tener domicilio vigente en la ciudad y acreditar una residencia no menor de 3 (tres) a\u00f1os en el Partido de Olavarr\u00eda.<\/p>\n<p>Contar con Documento Nacional de Identidad vigente del grupo familiar.<\/p>\n<p>Tener entre dieciocho (18) y sesenta y cinco (65) a\u00f1os de edad al momento de la inscripci\u00f3n.<\/p>\n<p>No tener bienes inmuebles registrados a nombre del o la solicitante o cualquier miembro de su grupo familiar, ni como propietarios\/as ni como copropietarios\/as al momento de iniciar el proceso de inscripci\u00f3n.<\/p>\n<p>Contar con libre deuda municipal al momento de inscribirse al programa.<\/p>\n<p>No haber resultado beneficiario\/a con planes de vivienda Nacionales, Provinciales, y\/o Municipales en los \u00faltimos diez (10) a\u00f1os.<\/p>\n","protected":false},"excerpt":{"rendered":"<p>Est\u00e1 abierta la inscripci\u00f3n para adherirse al Plan Tu.Vi, Desde este lunes, en www.olavarria.gov.ar. Para&#8230;<\/p>\n","protected":false},"author":1,"featured_media":146250,"comment_status":"closed","ping_status":"closed","sticky":false,"template":"","format":"standard","meta":{"content-type":""},"categories":[27,51],"tags":[],"nelio_content":{"isAutoShareEnabled":false,"autoShareEndMode":"default","automationSources":{"useContentSentences":true,"useSocialTemplates":true,"useCustomSentences":false,"customSentences":[]},"followers":[1],"suggestedReferences":[],"includedReferences":[],"efiUrl":"","efiAlt":"","highlights":[]},"yoast_head":"<!-- This site is optimized with the Yoast SEO plugin v20.7 - https:\/\/yoast.com\/wordpress\/plugins\/seo\/ -->\n<title>Est\u00e1 abierta la inscripci\u00f3n para adherirse al plan TU.VI<\/title>\n<meta name=\"description\" content=\"Est\u00e1 abierta la inscripci\u00f3n para adherirse al Plan Tu.Vi, Desde este lunes, en www.olavarria.gov.ar para hacerlo ser\u00e1 por la p\u00e1gina\" \/>\n<meta name=\"robots\" content=\"index, follow, max-snippet:-1, max-image-preview:large, max-video-preview:-1\" \/>\n<link rel=\"canonical\" href=\"https:\/\/experienciadevida.com.ar\/portalurbano\/esta-abierta-la-inscripcion-para-adherirse-al-plan-tu-vi\/\" \/>\n<meta property=\"og:locale\" content=\"es_ES\" \/>\n<meta property=\"og:type\" content=\"article\" \/>\n<meta property=\"og:title\" content=\"Est\u00e1 abierta la inscripci\u00f3n para adherirse al plan TU.VI\" \/>\n<meta property=\"og:description\" content=\"Est\u00e1 abierta la inscripci\u00f3n para adherirse al Plan Tu.Vi, Desde este lunes, en www.olavarria.gov.ar para hacerlo ser\u00e1 por la p\u00e1gina\" \/>\n<meta property=\"og:url\" content=\"https:\/\/experienciadevida.com.ar\/portalurbano\/esta-abierta-la-inscripcion-para-adherirse-al-plan-tu-vi\/\" \/>\n<meta property=\"article:publisher\" content=\"https:\/\/www.facebook.com\/Portal-Urbano-171542830093757\/\" \/>\n<meta property=\"article:published_time\" content=\"2021-06-28T13:31:55+00:00\" \/>\n<meta property=\"article:modified_time\" content=\"2021-06-28T13:37:57+00:00\" \/>\n<meta property=\"og:image\" content=\"https:\/\/experienciadevida.com.ar\/portalurbano\/wp-content\/uploads\/2021\/06\/Esta-abierta-la-inscripcion-para.jpg\" \/>\n\t<meta property=\"og:image:width\" content=\"1024\" \/>\n\t<meta property=\"og:image:height\" content=\"682\" \/>\n\t<meta property=\"og:image:type\" content=\"image\/jpeg\" \/>\n<meta name=\"author\" content=\"admpu17wp\" \/>\n<meta name=\"twitter:card\" content=\"summary_large_image\" \/>\n<meta name=\"twitter:creator\" content=\"@portalurbanook\" \/>\n<meta name=\"twitter:site\" content=\"@portalurbanook\" \/>\n<meta name=\"twitter:label1\" content=\"Escrito por\" \/>\n\t<meta name=\"twitter:data1\" content=\"admpu17wp\" \/>\n\t<meta name=\"twitter:label2\" content=\"Tiempo de lectura\" \/>\n\t<meta name=\"twitter:data2\" content=\"3 minutos\" \/>\n<script type=\"application\/ld+json\" class=\"yoast-schema-graph\">{\"@context\":\"https:\/\/schema.org\",\"@graph\":[{\"@type\":\"Article\",\"@id\":\"https:\/\/experienciadevida.com.ar\/portalurbano\/esta-abierta-la-inscripcion-para-adherirse-al-plan-tu-vi\/#article\",\"isPartOf\":{\"@id\":\"https:\/\/experienciadevida.com.ar\/portalurbano\/esta-abierta-la-inscripcion-para-adherirse-al-plan-tu-vi\/\"},\"author\":{\"name\":\"admpu17wp\",\"@id\":\"https:\/\/experienciadevida.com.ar\/portalurbano\/#\/schema\/person\/02dd326b1c4b056e9cc972486934a3a7\"},\"headline\":\"Est\u00e1 abierta la inscripci\u00f3n para adherirse al Plan Tu.Vi\",\"datePublished\":\"2021-06-28T13:31:55+00:00\",\"dateModified\":\"2021-06-28T13:37:57+00:00\",\"mainEntityOfPage\":{\"@id\":\"https:\/\/experienciadevida.com.ar\/portalurbano\/esta-abierta-la-inscripcion-para-adherirse-al-plan-tu-vi\/\"},\"wordCount\":599,\"publisher\":{\"@id\":\"https:\/\/experienciadevida.com.ar\/portalurbano\/#organization\"},\"articleSection\":[\"Ciudad\",\"Destacadas\"],\"inLanguage\":\"es\"},{\"@type\":\"WebPage\",\"@id\":\"https:\/\/experienciadevida.com.ar\/portalurbano\/esta-abierta-la-inscripcion-para-adherirse-al-plan-tu-vi\/\",\"url\":\"https:\/\/experienciadevida.com.ar\/portalurbano\/esta-abierta-la-inscripcion-para-adherirse-al-plan-tu-vi\/\",\"name\":\"Est\u00e1 abierta la inscripci\u00f3n para adherirse al plan TU.VI\",\"isPartOf\":{\"@id\":\"https:\/\/experienciadevida.com.ar\/portalurbano\/#website\"},\"datePublished\":\"2021-06-28T13:31:55+00:00\",\"dateModified\":\"2021-06-28T13:37:57+00:00\",\"description\":\"Est\u00e1 abierta la inscripci\u00f3n para adherirse al Plan Tu.Vi, Desde este lunes, en www.olavarria.gov.ar para hacerlo ser\u00e1 por la p\u00e1gina\",\"breadcrumb\":{\"@id\":\"https:\/\/experienciadevida.com.ar\/portalurbano\/esta-abierta-la-inscripcion-para-adherirse-al-plan-tu-vi\/#breadcrumb\"},\"inLanguage\":\"es\",\"potentialAction\":[{\"@type\":\"ReadAction\",\"target\":[\"https:\/\/experienciadevida.com.ar\/portalurbano\/esta-abierta-la-inscripcion-para-adherirse-al-plan-tu-vi\/\"]}]},{\"@type\":\"BreadcrumbList\",\"@id\":\"https:\/\/experienciadevida.com.ar\/portalurbano\/esta-abierta-la-inscripcion-para-adherirse-al-plan-tu-vi\/#breadcrumb\",\"itemListElement\":[{\"@type\":\"ListItem\",\"position\":1,\"name\":\"Portada\",\"item\":\"https:\/\/experienciadevida.com.ar\/portalurbano\/\"},{\"@type\":\"ListItem\",\"position\":2,\"name\":\"Est\u00e1 abierta la inscripci\u00f3n para adherirse al Plan Tu.Vi\"}]},{\"@type\":\"WebSite\",\"@id\":\"https:\/\/experienciadevida.com.ar\/portalurbano\/#website\",\"url\":\"https:\/\/experienciadevida.com.ar\/portalurbano\/\",\"name\":\"\",\"description\":\"\",\"publisher\":{\"@id\":\"https:\/\/experienciadevida.com.ar\/portalurbano\/#organization\"},\"potentialAction\":[{\"@type\":\"SearchAction\",\"target\":{\"@type\":\"EntryPoint\",\"urlTemplate\":\"https:\/\/experienciadevida.com.ar\/portalurbano\/?s={search_term_string}\"},\"query-input\":\"required name=search_term_string\"}],\"inLanguage\":\"es\"},{\"@type\":\"Organization\",\"@id\":\"https:\/\/experienciadevida.com.ar\/portalurbano\/#organization\",\"name\":\"Portal Urbano\",\"url\":\"https:\/\/experienciadevida.com.ar\/portalurbano\/\",\"logo\":{\"@type\":\"ImageObject\",\"inLanguage\":\"es\",\"@id\":\"https:\/\/experienciadevida.com.ar\/portalurbano\/#\/schema\/logo\/image\/\",\"url\":\"https:\/\/experienciadevida.com.ar\/portalurbano\/wp-content\/uploads\/2019\/09\/Logo-Original.png\",\"contentUrl\":\"https:\/\/experienciadevida.com.ar\/portalurbano\/wp-content\/uploads\/2019\/09\/Logo-Original.png\",\"width\":2236,\"height\":1216,\"caption\":\"Portal Urbano\"},\"image\":{\"@id\":\"https:\/\/experienciadevida.com.ar\/portalurbano\/#\/schema\/logo\/image\/\"},\"sameAs\":[\"https:\/\/www.facebook.com\/Portal-Urbano-171542830093757\/\",\"https:\/\/twitter.com\/portalurbanook\",\"https:\/\/www.instagram.com\/_portalurbano\/\",\"https:\/\/www.youtube.com\/channel\/UCXhagIfszH8KxFiOok79zbA?view_as=subscriber\"]},{\"@type\":\"Person\",\"@id\":\"https:\/\/experienciadevida.com.ar\/portalurbano\/#\/schema\/person\/02dd326b1c4b056e9cc972486934a3a7\",\"name\":\"admpu17wp\",\"image\":{\"@type\":\"ImageObject\",\"inLanguage\":\"es\",\"@id\":\"https:\/\/experienciadevida.com.ar\/portalurbano\/#\/schema\/person\/image\/\",\"url\":\"https:\/\/secure.gravatar.com\/avatar\/830d4c57adaae6630765e449a6908047?s=96&d=mm&r=g\",\"contentUrl\":\"https:\/\/secure.gravatar.com\/avatar\/830d4c57adaae6630765e449a6908047?s=96&d=mm&r=g\",\"caption\":\"admpu17wp\"}}]}<\/script>\n<!-- \/ Yoast SEO plugin. -->","yoast_head_json":{"title":"Est\u00e1 abierta la inscripci\u00f3n para adherirse al plan TU.VI","description":"Est\u00e1 abierta la inscripci\u00f3n para adherirse al Plan Tu.Vi, Desde este lunes, en www.olavarria.gov.ar para hacerlo ser\u00e1 por la p\u00e1gina","robots":{"index":"index","follow":"follow","max-snippet":"max-snippet:-1","max-image-preview":"max-image-preview:large","max-video-preview":"max-video-preview:-1"},"canonical":"https:\/\/experienciadevida.com.ar\/portalurbano\/esta-abierta-la-inscripcion-para-adherirse-al-plan-tu-vi\/","og_locale":"es_ES","og_type":"article","og_title":"Est\u00e1 abierta la inscripci\u00f3n para adherirse al plan TU.VI","og_description":"Est\u00e1 abierta la inscripci\u00f3n para adherirse al Plan Tu.Vi, Desde este lunes, en www.olavarria.gov.ar para hacerlo ser\u00e1 por la p\u00e1gina","og_url":"https:\/\/experienciadevida.com.ar\/portalurbano\/esta-abierta-la-inscripcion-para-adherirse-al-plan-tu-vi\/","article_publisher":"https:\/\/www.facebook.com\/Portal-Urbano-171542830093757\/","article_published_time":"2021-06-28T13:31:55+00:00","article_modified_time":"2021-06-28T13:37:57+00:00","og_image":[{"width":1024,"height":682,"url":"https:\/\/experienciadevida.com.ar\/portalurbano\/wp-content\/uploads\/2021\/06\/Esta-abierta-la-inscripcion-para.jpg","type":"image\/jpeg"}],"author":"admpu17wp","twitter_card":"summary_large_image","twitter_creator":"@portalurbanook","twitter_site":"@portalurbanook","twitter_misc":{"Escrito por":"admpu17wp","Tiempo de lectura":"3 minutos"},"schema":{"@context":"https:\/\/schema.org","@graph":[{"@type":"Article","@id":"https:\/\/experienciadevida.com.ar\/portalurbano\/esta-abierta-la-inscripcion-para-adherirse-al-plan-tu-vi\/#article","isPartOf":{"@id":"https:\/\/experienciadevida.com.ar\/portalurbano\/esta-abierta-la-inscripcion-para-adherirse-al-plan-tu-vi\/"},"author":{"name":"admpu17wp","@id":"https:\/\/experienciadevida.com.ar\/portalurbano\/#\/schema\/person\/02dd326b1c4b056e9cc972486934a3a7"},"headline":"Est\u00e1 abierta la inscripci\u00f3n para adherirse al Plan Tu.Vi","datePublished":"2021-06-28T13:31:55+00:00","dateModified":"2021-06-28T13:37:57+00:00","mainEntityOfPage":{"@id":"https:\/\/experienciadevida.com.ar\/portalurbano\/esta-abierta-la-inscripcion-para-adherirse-al-plan-tu-vi\/"},"wordCount":599,"publisher":{"@id":"https:\/\/experienciadevida.com.ar\/portalurbano\/#organization"},"articleSection":["Ciudad","Destacadas"],"inLanguage":"es"},{"@type":"WebPage","@id":"https:\/\/experienciadevida.com.ar\/portalurbano\/esta-abierta-la-inscripcion-para-adherirse-al-plan-tu-vi\/","url":"https:\/\/experienciadevida.com.ar\/portalurbano\/esta-abierta-la-inscripcion-para-adherirse-al-plan-tu-vi\/","name":"Est\u00e1 abierta la inscripci\u00f3n para adherirse al plan TU.VI","isPartOf":{"@id":"https:\/\/experienciadevida.com.ar\/portalurbano\/#website"},"datePublished":"2021-06-28T13:31:55+00:00","dateModified":"2021-06-28T13:37:57+00:00","description":"Est\u00e1 abierta la inscripci\u00f3n para adherirse al Plan Tu.Vi, Desde este lunes, en www.olavarria.gov.ar para hacerlo ser\u00e1 por la p\u00e1gina","breadcrumb":{"@id":"https:\/\/experienciadevida.com.ar\/portalurbano\/esta-abierta-la-inscripcion-para-adherirse-al-plan-tu-vi\/#breadcrumb"},"inLanguage":"es","potentialAction":[{"@type":"ReadAction","target":["https:\/\/experienciadevida.com.ar\/portalurbano\/esta-abierta-la-inscripcion-para-adherirse-al-plan-tu-vi\/"]}]},{"@type":"BreadcrumbList","@id":"https:\/\/experienciadevida.com.ar\/portalurbano\/esta-abierta-la-inscripcion-para-adherirse-al-plan-tu-vi\/#breadcrumb","itemListElement":[{"@type":"ListItem","position":1,"name":"Portada","item":"https:\/\/experienciadevida.com.ar\/portalurbano\/"},{"@type":"ListItem","position":2,"name":"Est\u00e1 abierta la inscripci\u00f3n para adherirse al Plan Tu.Vi"}]},{"@type":"WebSite","@id":"https:\/\/experienciadevida.com.ar\/portalurbano\/#website","url":"https:\/\/experienciadevida.com.ar\/portalurbano\/","name":"","description":"","publisher":{"@id":"https:\/\/experienciadevida.com.ar\/portalurbano\/#organization"},"potentialAction":[{"@type":"SearchAction","target":{"@type":"EntryPoint","urlTemplate":"https:\/\/experienciadevida.com.ar\/portalurbano\/?s={search_term_string}"},"query-input":"required name=search_term_string"}],"inLanguage":"es"},{"@type":"Organization","@id":"https:\/\/experienciadevida.com.ar\/portalurbano\/#organization","name":"Portal Urbano","url":"https:\/\/experienciadevida.com.ar\/portalurbano\/","logo":{"@type":"ImageObject","inLanguage":"es","@id":"https:\/\/experienciadevida.com.ar\/portalurbano\/#\/schema\/logo\/image\/","url":"https:\/\/experienciadevida.com.ar\/portalurbano\/wp-content\/uploads\/2019\/09\/Logo-Original.png","contentUrl":"https:\/\/experienciadevida.com.ar\/portalurbano\/wp-content\/uploads\/2019\/09\/Logo-Original.png","width":2236,"height":1216,"caption":"Portal Urbano"},"image":{"@id":"https:\/\/experienciadevida.com.ar\/portalurbano\/#\/schema\/logo\/image\/"},"sameAs":["https:\/\/www.facebook.com\/Portal-Urbano-171542830093757\/","https:\/\/twitter.com\/portalurbanook","https:\/\/www.instagram.com\/_portalurbano\/","https:\/\/www.youtube.com\/channel\/UCXhagIfszH8KxFiOok79zbA?view_as=subscriber"]},{"@type":"Person","@id":"https:\/\/experienciadevida.com.ar\/portalurbano\/#\/schema\/person\/02dd326b1c4b056e9cc972486934a3a7","name":"admpu17wp","image":{"@type":"ImageObject","inLanguage":"es","@id":"https:\/\/experienciadevida.com.ar\/portalurbano\/#\/schema\/person\/image\/","url":"https:\/\/secure.gravatar.com\/avatar\/830d4c57adaae6630765e449a6908047?s=96&d=mm&r=g","contentUrl":"https:\/\/secure.gravatar.com\/avatar\/830d4c57adaae6630765e449a6908047?s=96&d=mm&r=g","caption":"admpu17wp"}}]}},"featured_image_urls":{"full":["https:\/\/experienciadevida.com.ar\/portalurbano\/wp-content\/uploads\/2021\/06\/Esta-abierta-la-inscripcion-para.jpg",1024,682,false],"thumbnail":["https:\/\/experienciadevida.com.ar\/portalurbano\/wp-content\/uploads\/2021\/06\/Esta-abierta-la-inscripcion-para-150x150.jpg",150,150,true],"medium":["https:\/\/experienciadevida.com.ar\/portalurbano\/wp-content\/uploads\/2021\/06\/Esta-abierta-la-inscripcion-para-300x200.jpg",300,200,true],"medium_large":["https:\/\/experienciadevida.com.ar\/portalurbano\/wp-content\/uploads\/2021\/06\/Esta-abierta-la-inscripcion-para-768x512.jpg",640,427,true],"large":["https:\/\/experienciadevida.com.ar\/portalurbano\/wp-content\/uploads\/2021\/06\/Esta-abierta-la-inscripcion-para.jpg",640,426,false],"ug_big":["https:\/\/experienciadevida.com.ar\/portalurbano\/wp-content\/uploads\/2021\/06\/Esta-abierta-la-inscripcion-para-768x512.jpg",768,512,true],"1536x1536":["https:\/\/experienciadevida.com.ar\/portalurbano\/wp-content\/uploads\/2021\/06\/Esta-abierta-la-inscripcion-para.jpg",1024,682,false],"2048x2048":["https:\/\/experienciadevida.com.ar\/portalurbano\/wp-content\/uploads\/2021\/06\/Esta-abierta-la-inscripcion-para.jpg",1024,682,false],"newsever-slider-full":["https:\/\/experienciadevida.com.ar\/portalurbano\/wp-content\/uploads\/2021\/06\/Esta-abierta-la-inscripcion-para.jpg",1024,682,false],"newsever-featured":["https:\/\/experienciadevida.com.ar\/portalurbano\/wp-content\/uploads\/2021\/06\/Esta-abierta-la-inscripcion-para.jpg",1024,682,false],"newsever-medium":["https:\/\/experienciadevida.com.ar\/portalurbano\/wp-content\/uploads\/2021\/06\/Esta-abierta-la-inscripcion-para.jpg",713,475,false],"web-stories-poster-portrait":["https:\/\/experienciadevida.com.ar\/portalurbano\/wp-content\/uploads\/2021\/06\/Esta-abierta-la-inscripcion-para.jpg",640,426,false],"web-stories-publisher-logo":["https:\/\/experienciadevida.com.ar\/portalurbano\/wp-content\/uploads\/2021\/06\/Esta-abierta-la-inscripcion-para.jpg",96,64,false],"web-stories-thumbnail":["https:\/\/experienciadevida.com.ar\/portalurbano\/wp-content\/uploads\/2021\/06\/Esta-abierta-la-inscripcion-para.jpg",150,100,false]},"author_info":{"display_name":"admpu17wp","author_link":"https:\/\/experienciadevida.com.ar\/portalurbano\/author\/admpu17wp\/"},"category_info":"<a href=\"https:\/\/experienciadevida.com.ar\/portalurbano\/category\/ciudad\/\" rel=\"category tag\">Ciudad<\/a> <a href=\"https:\/\/experienciadevida.com.ar\/portalurbano\/category\/destacadas\/\" rel=\"category tag\">Destacadas<\/a>","tag_info":"Destacadas","comment_count":"0","amp_enabled":true,"_links":{"self":[{"href":"https:\/\/experienciadevida.com.ar\/portalurbano\/wp-json\/wp\/v2\/posts\/146249"}],"collection":[{"href":"https:\/\/experienciadevida.com.ar\/portalurbano\/wp-json\/wp\/v2\/posts"}],"about":[{"href":"https:\/\/experienciadevida.com.ar\/portalurbano\/wp-json\/wp\/v2\/types\/post"}],"author":[{"embeddable":true,"href":"https:\/\/experienciadevida.com.ar\/portalurbano\/wp-json\/wp\/v2\/users\/1"}],"replies":[{"embeddable":true,"href":"https:\/\/experienciadevida.com.ar\/portalurbano\/wp-json\/wp\/v2\/comments?post=146249"}],"version-history":[{"count":4,"href":"https:\/\/experienciadevida.com.ar\/portalurbano\/wp-json\/wp\/v2\/posts\/146249\/revisions"}],"predecessor-version":[{"id":146254,"href":"https:\/\/experienciadevida.com.ar\/portalurbano\/wp-json\/wp\/v2\/posts\/146249\/revisions\/146254"}],"wp:featuredmedia":[{"embeddable":true,"href":"https:\/\/experienciadevida.com.ar\/portalurbano\/wp-json\/wp\/v2\/media\/146250"}],"wp:attachment":[{"href":"https:\/\/experienciadevida.com.ar\/portalurbano\/wp-json\/wp\/v2\/media?parent=146249"}],"wp:term":[{"taxonomy":"category","embeddable":true,"href":"https:\/\/experienciadevida.com.ar\/portalurbano\/wp-json\/wp\/v2\/categories?post=146249"},{"taxonomy":"post_tag","embeddable":true,"href":"https:\/\/experienciadevida.com.ar\/portalurbano\/wp-json\/wp\/v2\/tags?post=146249"}],"curies":[{"name":"wp","href":"https:\/\/api.w.org\/{rel}","templated":true}]}}