{"id":146239,"date":"2021-06-27T19:34:33","date_gmt":"2021-06-27T22:34:33","guid":{"rendered":"https:\/\/experienciadevida.com.ar\/portalurbano\/?p=146239"},"modified":"2021-06-27T19:35:37","modified_gmt":"2021-06-27T22:35:37","slug":"comienza-la-campana-de-concientizacion-para-incorporar-nuevos-hogares-de-san-vicente-a-la-prueba-piloto","status":"publish","type":"post","link":"https:\/\/experienciadevida.com.ar\/portalurbano\/comienza-la-campana-de-concientizacion-para-incorporar-nuevos-hogares-de-san-vicente-a-la-prueba-piloto\/","title":{"rendered":"Comienza la campa\u00f1a de concientizaci\u00f3n para incorporar nuevos hogares de San Vicente a la prueba piloto"},"content":{"rendered":"<p>Comienza la campa\u00f1a de concientizaci\u00f3n para incorporar nuevos hogares de San Vicente a la prueba piloto, luego de una primera etapa de expansi\u00f3n de GIRO en San Vicente,<a href=\"https:\/\/experienciadevida.com.ar\/portalurbano\/se-realizara-una-caracterizacion-de-residuos-de-olavarria-del-programa-giro\/\"> se incorporar\u00e1n nuevos hogares a la prueba piloto.<\/a> Se trata de la zona ubicada entre las avenidas Avellaneda y Pueyrred\u00f3n y las calles Rivadavia y Av. Pringles.<\/p>\n<p>A partir del martes 29 de junio, el equipo de GIRO comenzar\u00e1 a recorrer el barrio, dejando correspondencia en cada hogar con informaci\u00f3n sobre el programa, los cambios del servicio y una gu\u00eda de separaci\u00f3n. A su vez, estos hogares podr\u00e1n registrarse en el programa GIRO escribiendo por Whatsapp al (2284) 50-3212. A trav\u00e9s de este registro, los vecinos pueden contactarse directamente con el equipo del programa y recibir informaci\u00f3n, recordatorios sobre los cambios y distintos consejos para facilitar la adaptaci\u00f3n al nuevo sistema.<\/p>\n<p>La respuesta y compromiso mostrados por los vecinos y la colaboraci\u00f3n, tanto de la Junta Vecinal de Los Robles como de la Sociedad de Fomento de San Vicente, permitieron lograr resultados muy prometedores hasta el momento. Desde la puesta en marcha de GIRO el 2 de marzo, se llevan recolectadas m\u00e1s de 9 toneladas de materiales reciclables y compostables, extendiendo su vida \u00fatil y evitando que sea enviadas al relleno sanitario. Todo ello logrado a trav\u00e9s de una prueba piloto que al d\u00eda de hoy alcanza a aproximadamente 800 hogares. Adem\u00e1s, la participaci\u00f3n de los residentes de la zona piloto permite que hoy las plantas de GIRO cuenten con 11 trabajadores que pueden desarrollar sus tareas en un ambiente m\u00e1s seguro e higi\u00e9nico<\/p>\n<p>Comienza la campa\u00f1a de concientizaci\u00f3n para incorporar nuevos hogares de San Vicente, \u00bfqu\u00e9 es GIRO?<\/p>\n<p>Es el programa de Gesti\u00f3n Integral de Residuos Olavarr\u00eda. Se busca trabajar en la generaci\u00f3n, separaci\u00f3n y tratamiento en la fuente de origen de los residuos, as\u00ed como en su recolecci\u00f3n, transporte, tratamiento, reciclaje y disposici\u00f3n final. Cada una de las etapas estar\u00e1 acompa\u00f1ando por la educaci\u00f3n y concientizaci\u00f3n a la comunidad.<\/p>\n<p>Nos comprometemos a escuchar todas las voces de la comunidad y todos\/as los\/as interesados\/as en el proceso de gesti\u00f3n de los residuos -desde las cooperativas hasta el intendente, desde las empresas locales hasta los l\u00edderes comunitarios- para fortalecer lo que ya est\u00e1 funcionando y ayudar a construir un sistema de gesti\u00f3n de residuos din\u00e1mico para todos los residentes de Olavarr\u00eda.<\/p>\n<p>Para m\u00e1s informaci\u00f3n puede consultar:<\/p>\n<p>Web: giro.olavarria.gov.ar<\/p>\n<p><a href=\"https:\/\/www.facebook.com\/giro.olavarria\">Facebook<\/a>: giro.olavarria<\/p>\n<p><a href=\"https:\/\/www.instagram.com\/giro.olavarria\/?hl=es-la\">Instagram<\/a>: giro.olavarria<\/p>\n","protected":false},"excerpt":{"rendered":"<p>Comienza la campa\u00f1a de concientizaci\u00f3n para incorporar nuevos hogares de San Vicente a la prueba&#8230;<\/p>\n","protected":false},"author":1,"featured_media":144634,"comment_status":"closed","ping_status":"closed","sticky":false,"template":"","format":"standard","meta":{"content-type":""},"categories":[27,51],"tags":[],"nelio_content":{"isAutoShareEnabled":false,"autoShareEndMode":"default","automationSources":{"useContentSentences":true,"useSocialTemplates":true,"useCustomSentences":false,"customSentences":[]},"followers":[1],"suggestedReferences":[],"includedReferences":["https:\/\/www.instagram.com\/giro.olavarria\/?hl=es-la"],"efiUrl":"","efiAlt":"","highlights":[]},"yoast_head":"<!-- This site is optimized with the Yoast SEO plugin v20.7 - https:\/\/yoast.com\/wordpress\/plugins\/seo\/ -->\n<title>Comienza la campa\u00f1a de concientizaci\u00f3n para incorporar nuevos hogares<\/title>\n<meta name=\"description\" content=\"Comienza la campa\u00f1a de concientizaci\u00f3n para incorporar nuevos hogares de San Vicente a la prueba piloto, luego de una primera etapa\" \/>\n<meta name=\"robots\" content=\"index, follow, max-snippet:-1, max-image-preview:large, max-video-preview:-1\" \/>\n<link rel=\"canonical\" href=\"https:\/\/experienciadevida.com.ar\/portalurbano\/comienza-la-campana-de-concientizacion-para-incorporar-nuevos-hogares-de-san-vicente-a-la-prueba-piloto\/\" \/>\n<meta property=\"og:locale\" content=\"es_ES\" \/>\n<meta property=\"og:type\" content=\"article\" \/>\n<meta property=\"og:title\" content=\"Comienza la campa\u00f1a de concientizaci\u00f3n para incorporar nuevos hogares\" \/>\n<meta property=\"og:description\" content=\"Comienza la campa\u00f1a de concientizaci\u00f3n para incorporar nuevos hogares de San Vicente a la prueba piloto, luego de una primera etapa\" \/>\n<meta property=\"og:url\" content=\"https:\/\/experienciadevida.com.ar\/portalurbano\/comienza-la-campana-de-concientizacion-para-incorporar-nuevos-hogares-de-san-vicente-a-la-prueba-piloto\/\" \/>\n<meta property=\"article:publisher\" content=\"https:\/\/www.facebook.com\/Portal-Urbano-171542830093757\/\" \/>\n<meta property=\"article:published_time\" content=\"2021-06-27T22:34:33+00:00\" \/>\n<meta property=\"article:modified_time\" content=\"2021-06-27T22:35:37+00:00\" \/>\n<meta property=\"og:image\" content=\"https:\/\/experienciadevida.com.ar\/portalurbano\/wp-content\/uploads\/2021\/06\/GIRO-llega-a-San-Vicente.jpg\" \/>\n\t<meta property=\"og:image:width\" content=\"765\" \/>\n\t<meta property=\"og:image:height\" content=\"426\" \/>\n\t<meta property=\"og:image:type\" content=\"image\/jpeg\" \/>\n<meta name=\"author\" content=\"admpu17wp\" \/>\n<meta name=\"twitter:card\" content=\"summary_large_image\" \/>\n<meta name=\"twitter:creator\" content=\"@portalurbanook\" \/>\n<meta name=\"twitter:site\" content=\"@portalurbanook\" \/>\n<meta name=\"twitter:label1\" content=\"Escrito por\" \/>\n\t<meta name=\"twitter:data1\" content=\"admpu17wp\" \/>\n\t<meta name=\"twitter:label2\" content=\"Tiempo de lectura\" \/>\n\t<meta name=\"twitter:data2\" content=\"2 minutos\" \/>\n<script type=\"application\/ld+json\" class=\"yoast-schema-graph\">{\"@context\":\"https:\/\/schema.org\",\"@graph\":[{\"@type\":\"Article\",\"@id\":\"https:\/\/experienciadevida.com.ar\/portalurbano\/comienza-la-campana-de-concientizacion-para-incorporar-nuevos-hogares-de-san-vicente-a-la-prueba-piloto\/#article\",\"isPartOf\":{\"@id\":\"https:\/\/experienciadevida.com.ar\/portalurbano\/comienza-la-campana-de-concientizacion-para-incorporar-nuevos-hogares-de-san-vicente-a-la-prueba-piloto\/\"},\"author\":{\"name\":\"admpu17wp\",\"@id\":\"https:\/\/experienciadevida.com.ar\/portalurbano\/#\/schema\/person\/02dd326b1c4b056e9cc972486934a3a7\"},\"headline\":\"Comienza la campa\u00f1a de concientizaci\u00f3n para incorporar nuevos hogares de San Vicente a la prueba piloto\",\"datePublished\":\"2021-06-27T22:34:33+00:00\",\"dateModified\":\"2021-06-27T22:35:37+00:00\",\"mainEntityOfPage\":{\"@id\":\"https:\/\/experienciadevida.com.ar\/portalurbano\/comienza-la-campana-de-concientizacion-para-incorporar-nuevos-hogares-de-san-vicente-a-la-prueba-piloto\/\"},\"wordCount\":458,\"publisher\":{\"@id\":\"https:\/\/experienciadevida.com.ar\/portalurbano\/#organization\"},\"articleSection\":[\"Ciudad\",\"Destacadas\"],\"inLanguage\":\"es\"},{\"@type\":\"WebPage\",\"@id\":\"https:\/\/experienciadevida.com.ar\/portalurbano\/comienza-la-campana-de-concientizacion-para-incorporar-nuevos-hogares-de-san-vicente-a-la-prueba-piloto\/\",\"url\":\"https:\/\/experienciadevida.com.ar\/portalurbano\/comienza-la-campana-de-concientizacion-para-incorporar-nuevos-hogares-de-san-vicente-a-la-prueba-piloto\/\",\"name\":\"Comienza la campa\u00f1a de concientizaci\u00f3n para incorporar nuevos hogares\",\"isPartOf\":{\"@id\":\"https:\/\/experienciadevida.com.ar\/portalurbano\/#website\"},\"datePublished\":\"2021-06-27T22:34:33+00:00\",\"dateModified\":\"2021-06-27T22:35:37+00:00\",\"description\":\"Comienza la campa\u00f1a de concientizaci\u00f3n para incorporar nuevos hogares de San Vicente a la prueba piloto, luego de una primera etapa\",\"breadcrumb\":{\"@id\":\"https:\/\/experienciadevida.com.ar\/portalurbano\/comienza-la-campana-de-concientizacion-para-incorporar-nuevos-hogares-de-san-vicente-a-la-prueba-piloto\/#breadcrumb\"},\"inLanguage\":\"es\",\"potentialAction\":[{\"@type\":\"ReadAction\",\"target\":[\"https:\/\/experienciadevida.com.ar\/portalurbano\/comienza-la-campana-de-concientizacion-para-incorporar-nuevos-hogares-de-san-vicente-a-la-prueba-piloto\/\"]}]},{\"@type\":\"BreadcrumbList\",\"@id\":\"https:\/\/experienciadevida.com.ar\/portalurbano\/comienza-la-campana-de-concientizacion-para-incorporar-nuevos-hogares-de-san-vicente-a-la-prueba-piloto\/#breadcrumb\",\"itemListElement\":[{\"@type\":\"ListItem\",\"position\":1,\"name\":\"Portada\",\"item\":\"https:\/\/experienciadevida.com.ar\/portalurbano\/\"},{\"@type\":\"ListItem\",\"position\":2,\"name\":\"Comienza la campa\u00f1a de concientizaci\u00f3n para incorporar nuevos hogares de San Vicente a la prueba piloto\"}]},{\"@type\":\"WebSite\",\"@id\":\"https:\/\/experienciadevida.com.ar\/portalurbano\/#website\",\"url\":\"https:\/\/experienciadevida.com.ar\/portalurbano\/\",\"name\":\"\",\"description\":\"\",\"publisher\":{\"@id\":\"https:\/\/experienciadevida.com.ar\/portalurbano\/#organization\"},\"potentialAction\":[{\"@type\":\"SearchAction\",\"target\":{\"@type\":\"EntryPoint\",\"urlTemplate\":\"https:\/\/experienciadevida.com.ar\/portalurbano\/?s={search_term_string}\"},\"query-input\":\"required name=search_term_string\"}],\"inLanguage\":\"es\"},{\"@type\":\"Organization\",\"@id\":\"https:\/\/experienciadevida.com.ar\/portalurbano\/#organization\",\"name\":\"Portal Urbano\",\"url\":\"https:\/\/experienciadevida.com.ar\/portalurbano\/\",\"logo\":{\"@type\":\"ImageObject\",\"inLanguage\":\"es\",\"@id\":\"https:\/\/experienciadevida.com.ar\/portalurbano\/#\/schema\/logo\/image\/\",\"url\":\"https:\/\/experienciadevida.com.ar\/portalurbano\/wp-content\/uploads\/2019\/09\/Logo-Original.png\",\"contentUrl\":\"https:\/\/experienciadevida.com.ar\/portalurbano\/wp-content\/uploads\/2019\/09\/Logo-Original.png\",\"width\":2236,\"height\":1216,\"caption\":\"Portal Urbano\"},\"image\":{\"@id\":\"https:\/\/experienciadevida.com.ar\/portalurbano\/#\/schema\/logo\/image\/\"},\"sameAs\":[\"https:\/\/www.facebook.com\/Portal-Urbano-171542830093757\/\",\"https:\/\/twitter.com\/portalurbanook\",\"https:\/\/www.instagram.com\/_portalurbano\/\",\"https:\/\/www.youtube.com\/channel\/UCXhagIfszH8KxFiOok79zbA?view_as=subscriber\"]},{\"@type\":\"Person\",\"@id\":\"https:\/\/experienciadevida.com.ar\/portalurbano\/#\/schema\/person\/02dd326b1c4b056e9cc972486934a3a7\",\"name\":\"admpu17wp\",\"image\":{\"@type\":\"ImageObject\",\"inLanguage\":\"es\",\"@id\":\"https:\/\/experienciadevida.com.ar\/portalurbano\/#\/schema\/person\/image\/\",\"url\":\"https:\/\/secure.gravatar.com\/avatar\/830d4c57adaae6630765e449a6908047?s=96&d=mm&r=g\",\"contentUrl\":\"https:\/\/secure.gravatar.com\/avatar\/830d4c57adaae6630765e449a6908047?s=96&d=mm&r=g\",\"caption\":\"admpu17wp\"}}]}<\/script>\n<!-- \/ Yoast SEO plugin. -->","yoast_head_json":{"title":"Comienza la campa\u00f1a de concientizaci\u00f3n para incorporar nuevos hogares","description":"Comienza la campa\u00f1a de concientizaci\u00f3n para incorporar nuevos hogares de San Vicente a la prueba piloto, luego de una primera etapa","robots":{"index":"index","follow":"follow","max-snippet":"max-snippet:-1","max-image-preview":"max-image-preview:large","max-video-preview":"max-video-preview:-1"},"canonical":"https:\/\/experienciadevida.com.ar\/portalurbano\/comienza-la-campana-de-concientizacion-para-incorporar-nuevos-hogares-de-san-vicente-a-la-prueba-piloto\/","og_locale":"es_ES","og_type":"article","og_title":"Comienza la campa\u00f1a de concientizaci\u00f3n para incorporar nuevos hogares","og_description":"Comienza la campa\u00f1a de concientizaci\u00f3n para incorporar nuevos hogares de San Vicente a la prueba piloto, luego de una primera etapa","og_url":"https:\/\/experienciadevida.com.ar\/portalurbano\/comienza-la-campana-de-concientizacion-para-incorporar-nuevos-hogares-de-san-vicente-a-la-prueba-piloto\/","article_publisher":"https:\/\/www.facebook.com\/Portal-Urbano-171542830093757\/","article_published_time":"2021-06-27T22:34:33+00:00","article_modified_time":"2021-06-27T22:35:37+00:00","og_image":[{"width":765,"height":426,"url":"https:\/\/experienciadevida.com.ar\/portalurbano\/wp-content\/uploads\/2021\/06\/GIRO-llega-a-San-Vicente.jpg","type":"image\/jpeg"}],"author":"admpu17wp","twitter_card":"summary_large_image","twitter_creator":"@portalurbanook","twitter_site":"@portalurbanook","twitter_misc":{"Escrito por":"admpu17wp","Tiempo de lectura":"2 minutos"},"schema":{"@context":"https:\/\/schema.org","@graph":[{"@type":"Article","@id":"https:\/\/experienciadevida.com.ar\/portalurbano\/comienza-la-campana-de-concientizacion-para-incorporar-nuevos-hogares-de-san-vicente-a-la-prueba-piloto\/#article","isPartOf":{"@id":"https:\/\/experienciadevida.com.ar\/portalurbano\/comienza-la-campana-de-concientizacion-para-incorporar-nuevos-hogares-de-san-vicente-a-la-prueba-piloto\/"},"author":{"name":"admpu17wp","@id":"https:\/\/experienciadevida.com.ar\/portalurbano\/#\/schema\/person\/02dd326b1c4b056e9cc972486934a3a7"},"headline":"Comienza la campa\u00f1a de concientizaci\u00f3n para incorporar nuevos hogares de San Vicente a la prueba piloto","datePublished":"2021-06-27T22:34:33+00:00","dateModified":"2021-06-27T22:35:37+00:00","mainEntityOfPage":{"@id":"https:\/\/experienciadevida.com.ar\/portalurbano\/comienza-la-campana-de-concientizacion-para-incorporar-nuevos-hogares-de-san-vicente-a-la-prueba-piloto\/"},"wordCount":458,"publisher":{"@id":"https:\/\/experienciadevida.com.ar\/portalurbano\/#organization"},"articleSection":["Ciudad","Destacadas"],"inLanguage":"es"},{"@type":"WebPage","@id":"https:\/\/experienciadevida.com.ar\/portalurbano\/comienza-la-campana-de-concientizacion-para-incorporar-nuevos-hogares-de-san-vicente-a-la-prueba-piloto\/","url":"https:\/\/experienciadevida.com.ar\/portalurbano\/comienza-la-campana-de-concientizacion-para-incorporar-nuevos-hogares-de-san-vicente-a-la-prueba-piloto\/","name":"Comienza la campa\u00f1a de concientizaci\u00f3n para incorporar nuevos hogares","isPartOf":{"@id":"https:\/\/experienciadevida.com.ar\/portalurbano\/#website"},"datePublished":"2021-06-27T22:34:33+00:00","dateModified":"2021-06-27T22:35:37+00:00","description":"Comienza la campa\u00f1a de concientizaci\u00f3n para incorporar nuevos hogares de San Vicente a la prueba piloto, luego de una primera etapa","breadcrumb":{"@id":"https:\/\/experienciadevida.com.ar\/portalurbano\/comienza-la-campana-de-concientizacion-para-incorporar-nuevos-hogares-de-san-vicente-a-la-prueba-piloto\/#breadcrumb"},"inLanguage":"es","potentialAction":[{"@type":"ReadAction","target":["https:\/\/experienciadevida.com.ar\/portalurbano\/comienza-la-campana-de-concientizacion-para-incorporar-nuevos-hogares-de-san-vicente-a-la-prueba-piloto\/"]}]},{"@type":"BreadcrumbList","@id":"https:\/\/experienciadevida.com.ar\/portalurbano\/comienza-la-campana-de-concientizacion-para-incorporar-nuevos-hogares-de-san-vicente-a-la-prueba-piloto\/#breadcrumb","itemListElement":[{"@type":"ListItem","position":1,"name":"Portada","item":"https:\/\/experienciadevida.com.ar\/portalurbano\/"},{"@type":"ListItem","position":2,"name":"Comienza la campa\u00f1a de concientizaci\u00f3n para incorporar nuevos hogares de San Vicente a la prueba piloto"}]},{"@type":"WebSite","@id":"https:\/\/experienciadevida.com.ar\/portalurbano\/#website","url":"https:\/\/experienciadevida.com.ar\/portalurbano\/","name":"","description":"","publisher":{"@id":"https:\/\/experienciadevida.com.ar\/portalurbano\/#organization"},"potentialAction":[{"@type":"SearchAction","target":{"@type":"EntryPoint","urlTemplate":"https:\/\/experienciadevida.com.ar\/portalurbano\/?s={search_term_string}"},"query-input":"required name=search_term_string"}],"inLanguage":"es"},{"@type":"Organization","@id":"https:\/\/experienciadevida.com.ar\/portalurbano\/#organization","name":"Portal Urbano","url":"https:\/\/experienciadevida.com.ar\/portalurbano\/","logo":{"@type":"ImageObject","inLanguage":"es","@id":"https:\/\/experienciadevida.com.ar\/portalurbano\/#\/schema\/logo\/image\/","url":"https:\/\/experienciadevida.com.ar\/portalurbano\/wp-content\/uploads\/2019\/09\/Logo-Original.png","contentUrl":"https:\/\/experienciadevida.com.ar\/portalurbano\/wp-content\/uploads\/2019\/09\/Logo-Original.png","width":2236,"height":1216,"caption":"Portal Urbano"},"image":{"@id":"https:\/\/experienciadevida.com.ar\/portalurbano\/#\/schema\/logo\/image\/"},"sameAs":["https:\/\/www.facebook.com\/Portal-Urbano-171542830093757\/","https:\/\/twitter.com\/portalurbanook","https:\/\/www.instagram.com\/_portalurbano\/","https:\/\/www.youtube.com\/channel\/UCXhagIfszH8KxFiOok79zbA?view_as=subscriber"]},{"@type":"Person","@id":"https:\/\/experienciadevida.com.ar\/portalurbano\/#\/schema\/person\/02dd326b1c4b056e9cc972486934a3a7","name":"admpu17wp","image":{"@type":"ImageObject","inLanguage":"es","@id":"https:\/\/experienciadevida.com.ar\/portalurbano\/#\/schema\/person\/image\/","url":"https:\/\/secure.gravatar.com\/avatar\/830d4c57adaae6630765e449a6908047?s=96&d=mm&r=g","contentUrl":"https:\/\/secure.gravatar.com\/avatar\/830d4c57adaae6630765e449a6908047?s=96&d=mm&r=g","caption":"admpu17wp"}}]}},"featured_image_urls":{"full":["https:\/\/experienciadevida.com.ar\/portalurbano\/wp-content\/uploads\/2021\/06\/GIRO-llega-a-San-Vicente.jpg",765,426,false],"thumbnail":["https:\/\/experienciadevida.com.ar\/portalurbano\/wp-content\/uploads\/2021\/06\/GIRO-llega-a-San-Vicente-150x150.jpg",150,150,true],"medium":["https:\/\/experienciadevida.com.ar\/portalurbano\/wp-content\/uploads\/2021\/06\/GIRO-llega-a-San-Vicente-300x167.jpg",300,167,true],"medium_large":["https:\/\/experienciadevida.com.ar\/portalurbano\/wp-content\/uploads\/2021\/06\/GIRO-llega-a-San-Vicente.jpg",640,356,false],"large":["https:\/\/experienciadevida.com.ar\/portalurbano\/wp-content\/uploads\/2021\/06\/GIRO-llega-a-San-Vicente.jpg",640,356,false],"ug_big":["https:\/\/experienciadevida.com.ar\/portalurbano\/wp-content\/uploads\/2021\/06\/GIRO-llega-a-San-Vicente.jpg",765,426,false],"1536x1536":["https:\/\/experienciadevida.com.ar\/portalurbano\/wp-content\/uploads\/2021\/06\/GIRO-llega-a-San-Vicente.jpg",765,426,false],"2048x2048":["https:\/\/experienciadevida.com.ar\/portalurbano\/wp-content\/uploads\/2021\/06\/GIRO-llega-a-San-Vicente.jpg",765,426,false],"newsever-slider-full":["https:\/\/experienciadevida.com.ar\/portalurbano\/wp-content\/uploads\/2021\/06\/GIRO-llega-a-San-Vicente.jpg",765,426,false],"newsever-featured":["https:\/\/experienciadevida.com.ar\/portalurbano\/wp-content\/uploads\/2021\/06\/GIRO-llega-a-San-Vicente.jpg",765,426,false],"newsever-medium":["https:\/\/experienciadevida.com.ar\/portalurbano\/wp-content\/uploads\/2021\/06\/GIRO-llega-a-San-Vicente.jpg",720,401,false],"web-stories-poster-portrait":["https:\/\/experienciadevida.com.ar\/portalurbano\/wp-content\/uploads\/2021\/06\/GIRO-llega-a-San-Vicente.jpg",640,356,false],"web-stories-publisher-logo":["https:\/\/experienciadevida.com.ar\/portalurbano\/wp-content\/uploads\/2021\/06\/GIRO-llega-a-San-Vicente.jpg",96,53,false],"web-stories-thumbnail":["https:\/\/experienciadevida.com.ar\/portalurbano\/wp-content\/uploads\/2021\/06\/GIRO-llega-a-San-Vicente.jpg",150,84,false]},"author_info":{"display_name":"admpu17wp","author_link":"https:\/\/experienciadevida.com.ar\/portalurbano\/author\/admpu17wp\/"},"category_info":"<a href=\"https:\/\/experienciadevida.com.ar\/portalurbano\/category\/ciudad\/\" rel=\"category tag\">Ciudad<\/a> <a href=\"https:\/\/experienciadevida.com.ar\/portalurbano\/category\/destacadas\/\" rel=\"category tag\">Destacadas<\/a>","tag_info":"Destacadas","comment_count":"0","amp_enabled":true,"_links":{"self":[{"href":"https:\/\/experienciadevida.com.ar\/portalurbano\/wp-json\/wp\/v2\/posts\/146239"}],"collection":[{"href":"https:\/\/experienciadevida.com.ar\/portalurbano\/wp-json\/wp\/v2\/posts"}],"about":[{"href":"https:\/\/experienciadevida.com.ar\/portalurbano\/wp-json\/wp\/v2\/types\/post"}],"author":[{"embeddable":true,"href":"https:\/\/experienciadevida.com.ar\/portalurbano\/wp-json\/wp\/v2\/users\/1"}],"replies":[{"embeddable":true,"href":"https:\/\/experienciadevida.com.ar\/portalurbano\/wp-json\/wp\/v2\/comments?post=146239"}],"version-history":[{"count":3,"href":"https:\/\/experienciadevida.com.ar\/portalurbano\/wp-json\/wp\/v2\/posts\/146239\/revisions"}],"predecessor-version":[{"id":146242,"href":"https:\/\/experienciadevida.com.ar\/portalurbano\/wp-json\/wp\/v2\/posts\/146239\/revisions\/146242"}],"wp:featuredmedia":[{"embeddable":true,"href":"https:\/\/experienciadevida.com.ar\/portalurbano\/wp-json\/wp\/v2\/media\/144634"}],"wp:attachment":[{"href":"https:\/\/experienciadevida.com.ar\/portalurbano\/wp-json\/wp\/v2\/media?parent=146239"}],"wp:term":[{"taxonomy":"category","embeddable":true,"href":"https:\/\/experienciadevida.com.ar\/portalurbano\/wp-json\/wp\/v2\/categories?post=146239"},{"taxonomy":"post_tag","embeddable":true,"href":"https:\/\/experienciadevida.com.ar\/portalurbano\/wp-json\/wp\/v2\/tags?post=146239"}],"curies":[{"name":"wp","href":"https:\/\/api.w.org\/{rel}","templated":true}]}}