{"id":146234,"date":"2021-06-27T12:39:55","date_gmt":"2021-06-27T15:39:55","guid":{"rendered":"https:\/\/experienciadevida.com.ar\/portalurbano\/?p=146234"},"modified":"2021-06-27T12:42:18","modified_gmt":"2021-06-27T15:42:18","slug":"comerciantes-unidos-dio-su-opinion-sobre-el-horario-comercial","status":"publish","type":"post","link":"https:\/\/experienciadevida.com.ar\/portalurbano\/comerciantes-unidos-dio-su-opinion-sobre-el-horario-comercial\/","title":{"rendered":"Comerciantes Unidos dio su opini\u00f3n sobre el horario comercial"},"content":{"rendered":"<p>Comerciantes Unidos dio su opini\u00f3n sobre el horario comercial, la agrupaci\u00f3n expuso a trav\u00e9s de un informe su opini\u00f3n sobre el <a href=\"https:\/\/experienciadevida.com.ar\/portalurbano\/comerciantes-unidos-realiza-una-encuesta-por-el-horario-de-atencion-a-comercios-no-esenciales\/\">horario<\/a> as\u00ed como tambi\u00e9n las \u00faltimas actividades realizadas.<\/p>\n<p>&#8220;Participamos con la Regi\u00f3n Sanitaria IX con el fin de aumentar la cantidad de personas inscriptas para recibir la vacuna contra el Covid. Para lo cual, nos encontramos con el Director, Ramiro Borzi, quien nos entreg\u00f3 material de difusi\u00f3n que repartimos a diferentes comercios, que, a su vez, registran datos de quienes a\u00fan no han podido vacunarse. Si alg\u00fan\/a Comerciante tiene inter\u00e9s en participar de \u00e9sta tarea, puede indicarnos su direcci\u00f3n para que nos acerquemos. Agradecemos a la Regi\u00f3n Sanitaria IX por invitarnos a participar&#8221;.<\/p>\n<p>A su vez &#8220;colaboramos en la campa\u00f1a de recolecci\u00f3n de firmas para la Ley Oncopedi\u00e1trica juntando en Olavarr\u00eda 2500 firmas&#8221;.<\/p>\n<p>&#8220;D\u00edas atr\u00e1s nos reunimos con todos los Bloques de Concejales (Juntos por el Cambio, Frente de Todos, Renovaci\u00f3n Peronista, Radicales en Juntos por el Cambio, Cuidemos Olavarr\u00eda, Foro Olavarr\u00eda, Uni\u00f3n C\u00edvica Radical) para analizar y trabajar diferentes aspectos del sector comercial, haciendo hincapi\u00e9 en el Proyecto de Ordenanza relacionado a la regulaci\u00f3n de horarios comerciales, presentado por el Bloque del Frente de Todos&#8221;.<\/p>\n<p><a href=\"https:\/\/www.facebook.com\/comerciantesunidosolavarria\">Comerciantes unidos<\/a> dio su opini\u00f3n sobre el horario comercial, &#8220;luego de las reuniones mencionadas nos convocaron para dar nuestra opini\u00f3n por escrito sobre el Proyecto anteriormente mencionado, por lo que enviamos una nota en la cual, b\u00e1sicamente, apoyamos una regulaci\u00f3n horaria para frenar la competencia desleal que tenemos frente a los Hipermercados que pueden tener sus puertas abiertas en una franja mayor a la de cualquier local, pero hicimos salvedades&#8221;.<\/p>\n<p>&#8220;Las mismas fueron Diferenciar horarios entre los Comercios Esenciales y No Esenciales (entendiendo que son actividades con una circulaci\u00f3n distinta), La importancia de permitir la apertura los s\u00e1bados y domingos (ya que mucha gente sale a pasear y es la oportunidad para aumentar las ventas)&#8221;.<\/p>\n<p>Por \u00faltimo &#8220;Separaci\u00f3n entre las temporadas de verano e invierno (porque la ciudadan\u00eda cambia las actividades que realiza y los momentos en que sale a pasear y comprar). Tener en cuenta que hay Comercios que necesitan excepciones en sus horarios (por ejemplo, los Kioscos 24 horas)&#8221;.<\/p>\n<p>&#8220;La posibilidad de ampliar la apertura y el cierre para ciertas fechas claves o armado de promociones especiales (Por ejemplo, D\u00eda de la Madre o Navidad)&#8221;.<\/p>\n","protected":false},"excerpt":{"rendered":"<p>Comerciantes Unidos dio su opini\u00f3n sobre el horario comercial, la agrupaci\u00f3n expuso a trav\u00e9s de&#8230;<\/p>\n","protected":false},"author":1,"featured_media":104704,"comment_status":"closed","ping_status":"closed","sticky":false,"template":"","format":"standard","meta":{"content-type":""},"categories":[27,64],"tags":[],"nelio_content":{"isAutoShareEnabled":false,"autoShareEndMode":"default","automationSources":{"useContentSentences":true,"useSocialTemplates":true,"useCustomSentences":false,"customSentences":[]},"followers":[1],"suggestedReferences":[],"includedReferences":[],"efiUrl":"","efiAlt":"","highlights":[]},"yoast_head":"<!-- This site is optimized with the Yoast SEO plugin v20.7 - https:\/\/yoast.com\/wordpress\/plugins\/seo\/ -->\n<title>Comerciantes unidos dio su opini\u00f3n sobre el horario comercial<\/title>\n<meta name=\"description\" content=\"Comerciantes Unidos dio su opini\u00f3n sobre el horario comercial, la agrupaci\u00f3n expuso a trav\u00e9s de un informe su opini\u00f3n sobre los comercios\" \/>\n<meta name=\"robots\" content=\"index, follow, max-snippet:-1, max-image-preview:large, max-video-preview:-1\" \/>\n<link rel=\"canonical\" href=\"https:\/\/experienciadevida.com.ar\/portalurbano\/comerciantes-unidos-dio-su-opinion-sobre-el-horario-comercial\/\" \/>\n<meta property=\"og:locale\" content=\"es_ES\" \/>\n<meta property=\"og:type\" content=\"article\" \/>\n<meta property=\"og:title\" content=\"Comerciantes unidos dio su opini\u00f3n sobre el horario comercial\" \/>\n<meta property=\"og:description\" content=\"Comerciantes Unidos dio su opini\u00f3n sobre el horario comercial, la agrupaci\u00f3n expuso a trav\u00e9s de un informe su opini\u00f3n sobre los comercios\" \/>\n<meta property=\"og:url\" content=\"https:\/\/experienciadevida.com.ar\/portalurbano\/comerciantes-unidos-dio-su-opinion-sobre-el-horario-comercial\/\" \/>\n<meta property=\"article:publisher\" content=\"https:\/\/www.facebook.com\/Portal-Urbano-171542830093757\/\" \/>\n<meta property=\"article:published_time\" content=\"2021-06-27T15:39:55+00:00\" \/>\n<meta property=\"article:modified_time\" content=\"2021-06-27T15:42:18+00:00\" \/>\n<meta property=\"og:image\" content=\"https:\/\/experienciadevida.com.ar\/portalurbano\/wp-content\/uploads\/2020\/03\/CUARENTENA9.jpg\" \/>\n\t<meta property=\"og:image:width\" content=\"765\" \/>\n\t<meta property=\"og:image:height\" content=\"510\" \/>\n\t<meta property=\"og:image:type\" content=\"image\/jpeg\" \/>\n<meta name=\"author\" content=\"admpu17wp\" \/>\n<meta name=\"twitter:card\" content=\"summary_large_image\" \/>\n<meta name=\"twitter:creator\" content=\"@portalurbanook\" \/>\n<meta name=\"twitter:site\" content=\"@portalurbanook\" \/>\n<meta name=\"twitter:label1\" content=\"Escrito por\" \/>\n\t<meta name=\"twitter:data1\" content=\"admpu17wp\" \/>\n\t<meta name=\"twitter:label2\" content=\"Tiempo de lectura\" \/>\n\t<meta name=\"twitter:data2\" content=\"2 minutos\" \/>\n<script type=\"application\/ld+json\" class=\"yoast-schema-graph\">{\"@context\":\"https:\/\/schema.org\",\"@graph\":[{\"@type\":\"Article\",\"@id\":\"https:\/\/experienciadevida.com.ar\/portalurbano\/comerciantes-unidos-dio-su-opinion-sobre-el-horario-comercial\/#article\",\"isPartOf\":{\"@id\":\"https:\/\/experienciadevida.com.ar\/portalurbano\/comerciantes-unidos-dio-su-opinion-sobre-el-horario-comercial\/\"},\"author\":{\"name\":\"admpu17wp\",\"@id\":\"https:\/\/experienciadevida.com.ar\/portalurbano\/#\/schema\/person\/02dd326b1c4b056e9cc972486934a3a7\"},\"headline\":\"Comerciantes Unidos dio su opini\u00f3n sobre el horario comercial\",\"datePublished\":\"2021-06-27T15:39:55+00:00\",\"dateModified\":\"2021-06-27T15:42:18+00:00\",\"mainEntityOfPage\":{\"@id\":\"https:\/\/experienciadevida.com.ar\/portalurbano\/comerciantes-unidos-dio-su-opinion-sobre-el-horario-comercial\/\"},\"wordCount\":426,\"publisher\":{\"@id\":\"https:\/\/experienciadevida.com.ar\/portalurbano\/#organization\"},\"articleSection\":[\"Ciudad\",\"Destacadas 2\"],\"inLanguage\":\"es\"},{\"@type\":\"WebPage\",\"@id\":\"https:\/\/experienciadevida.com.ar\/portalurbano\/comerciantes-unidos-dio-su-opinion-sobre-el-horario-comercial\/\",\"url\":\"https:\/\/experienciadevida.com.ar\/portalurbano\/comerciantes-unidos-dio-su-opinion-sobre-el-horario-comercial\/\",\"name\":\"Comerciantes unidos dio su opini\u00f3n sobre el horario comercial\",\"isPartOf\":{\"@id\":\"https:\/\/experienciadevida.com.ar\/portalurbano\/#website\"},\"datePublished\":\"2021-06-27T15:39:55+00:00\",\"dateModified\":\"2021-06-27T15:42:18+00:00\",\"description\":\"Comerciantes Unidos dio su opini\u00f3n sobre el horario comercial, la agrupaci\u00f3n expuso a trav\u00e9s de un informe su opini\u00f3n sobre los comercios\",\"breadcrumb\":{\"@id\":\"https:\/\/experienciadevida.com.ar\/portalurbano\/comerciantes-unidos-dio-su-opinion-sobre-el-horario-comercial\/#breadcrumb\"},\"inLanguage\":\"es\",\"potentialAction\":[{\"@type\":\"ReadAction\",\"target\":[\"https:\/\/experienciadevida.com.ar\/portalurbano\/comerciantes-unidos-dio-su-opinion-sobre-el-horario-comercial\/\"]}]},{\"@type\":\"BreadcrumbList\",\"@id\":\"https:\/\/experienciadevida.com.ar\/portalurbano\/comerciantes-unidos-dio-su-opinion-sobre-el-horario-comercial\/#breadcrumb\",\"itemListElement\":[{\"@type\":\"ListItem\",\"position\":1,\"name\":\"Portada\",\"item\":\"https:\/\/experienciadevida.com.ar\/portalurbano\/\"},{\"@type\":\"ListItem\",\"position\":2,\"name\":\"Comerciantes Unidos dio su opini\u00f3n sobre el horario comercial\"}]},{\"@type\":\"WebSite\",\"@id\":\"https:\/\/experienciadevida.com.ar\/portalurbano\/#website\",\"url\":\"https:\/\/experienciadevida.com.ar\/portalurbano\/\",\"name\":\"\",\"description\":\"\",\"publisher\":{\"@id\":\"https:\/\/experienciadevida.com.ar\/portalurbano\/#organization\"},\"potentialAction\":[{\"@type\":\"SearchAction\",\"target\":{\"@type\":\"EntryPoint\",\"urlTemplate\":\"https:\/\/experienciadevida.com.ar\/portalurbano\/?s={search_term_string}\"},\"query-input\":\"required name=search_term_string\"}],\"inLanguage\":\"es\"},{\"@type\":\"Organization\",\"@id\":\"https:\/\/experienciadevida.com.ar\/portalurbano\/#organization\",\"name\":\"Portal Urbano\",\"url\":\"https:\/\/experienciadevida.com.ar\/portalurbano\/\",\"logo\":{\"@type\":\"ImageObject\",\"inLanguage\":\"es\",\"@id\":\"https:\/\/experienciadevida.com.ar\/portalurbano\/#\/schema\/logo\/image\/\",\"url\":\"https:\/\/experienciadevida.com.ar\/portalurbano\/wp-content\/uploads\/2019\/09\/Logo-Original.png\",\"contentUrl\":\"https:\/\/experienciadevida.com.ar\/portalurbano\/wp-content\/uploads\/2019\/09\/Logo-Original.png\",\"width\":2236,\"height\":1216,\"caption\":\"Portal Urbano\"},\"image\":{\"@id\":\"https:\/\/experienciadevida.com.ar\/portalurbano\/#\/schema\/logo\/image\/\"},\"sameAs\":[\"https:\/\/www.facebook.com\/Portal-Urbano-171542830093757\/\",\"https:\/\/twitter.com\/portalurbanook\",\"https:\/\/www.instagram.com\/_portalurbano\/\",\"https:\/\/www.youtube.com\/channel\/UCXhagIfszH8KxFiOok79zbA?view_as=subscriber\"]},{\"@type\":\"Person\",\"@id\":\"https:\/\/experienciadevida.com.ar\/portalurbano\/#\/schema\/person\/02dd326b1c4b056e9cc972486934a3a7\",\"name\":\"admpu17wp\",\"image\":{\"@type\":\"ImageObject\",\"inLanguage\":\"es\",\"@id\":\"https:\/\/experienciadevida.com.ar\/portalurbano\/#\/schema\/person\/image\/\",\"url\":\"https:\/\/secure.gravatar.com\/avatar\/830d4c57adaae6630765e449a6908047?s=96&d=mm&r=g\",\"contentUrl\":\"https:\/\/secure.gravatar.com\/avatar\/830d4c57adaae6630765e449a6908047?s=96&d=mm&r=g\",\"caption\":\"admpu17wp\"}}]}<\/script>\n<!-- \/ Yoast SEO plugin. -->","yoast_head_json":{"title":"Comerciantes unidos dio su opini\u00f3n sobre el horario comercial","description":"Comerciantes Unidos dio su opini\u00f3n sobre el horario comercial, la agrupaci\u00f3n expuso a trav\u00e9s de un informe su opini\u00f3n sobre los comercios","robots":{"index":"index","follow":"follow","max-snippet":"max-snippet:-1","max-image-preview":"max-image-preview:large","max-video-preview":"max-video-preview:-1"},"canonical":"https:\/\/experienciadevida.com.ar\/portalurbano\/comerciantes-unidos-dio-su-opinion-sobre-el-horario-comercial\/","og_locale":"es_ES","og_type":"article","og_title":"Comerciantes unidos dio su opini\u00f3n sobre el horario comercial","og_description":"Comerciantes Unidos dio su opini\u00f3n sobre el horario comercial, la agrupaci\u00f3n expuso a trav\u00e9s de un informe su opini\u00f3n sobre los comercios","og_url":"https:\/\/experienciadevida.com.ar\/portalurbano\/comerciantes-unidos-dio-su-opinion-sobre-el-horario-comercial\/","article_publisher":"https:\/\/www.facebook.com\/Portal-Urbano-171542830093757\/","article_published_time":"2021-06-27T15:39:55+00:00","article_modified_time":"2021-06-27T15:42:18+00:00","og_image":[{"width":765,"height":510,"url":"https:\/\/experienciadevida.com.ar\/portalurbano\/wp-content\/uploads\/2020\/03\/CUARENTENA9.jpg","type":"image\/jpeg"}],"author":"admpu17wp","twitter_card":"summary_large_image","twitter_creator":"@portalurbanook","twitter_site":"@portalurbanook","twitter_misc":{"Escrito por":"admpu17wp","Tiempo de lectura":"2 minutos"},"schema":{"@context":"https:\/\/schema.org","@graph":[{"@type":"Article","@id":"https:\/\/experienciadevida.com.ar\/portalurbano\/comerciantes-unidos-dio-su-opinion-sobre-el-horario-comercial\/#article","isPartOf":{"@id":"https:\/\/experienciadevida.com.ar\/portalurbano\/comerciantes-unidos-dio-su-opinion-sobre-el-horario-comercial\/"},"author":{"name":"admpu17wp","@id":"https:\/\/experienciadevida.com.ar\/portalurbano\/#\/schema\/person\/02dd326b1c4b056e9cc972486934a3a7"},"headline":"Comerciantes Unidos dio su opini\u00f3n sobre el horario comercial","datePublished":"2021-06-27T15:39:55+00:00","dateModified":"2021-06-27T15:42:18+00:00","mainEntityOfPage":{"@id":"https:\/\/experienciadevida.com.ar\/portalurbano\/comerciantes-unidos-dio-su-opinion-sobre-el-horario-comercial\/"},"wordCount":426,"publisher":{"@id":"https:\/\/experienciadevida.com.ar\/portalurbano\/#organization"},"articleSection":["Ciudad","Destacadas 2"],"inLanguage":"es"},{"@type":"WebPage","@id":"https:\/\/experienciadevida.com.ar\/portalurbano\/comerciantes-unidos-dio-su-opinion-sobre-el-horario-comercial\/","url":"https:\/\/experienciadevida.com.ar\/portalurbano\/comerciantes-unidos-dio-su-opinion-sobre-el-horario-comercial\/","name":"Comerciantes unidos dio su opini\u00f3n sobre el horario comercial","isPartOf":{"@id":"https:\/\/experienciadevida.com.ar\/portalurbano\/#website"},"datePublished":"2021-06-27T15:39:55+00:00","dateModified":"2021-06-27T15:42:18+00:00","description":"Comerciantes Unidos dio su opini\u00f3n sobre el horario comercial, la agrupaci\u00f3n expuso a trav\u00e9s de un informe su opini\u00f3n sobre los comercios","breadcrumb":{"@id":"https:\/\/experienciadevida.com.ar\/portalurbano\/comerciantes-unidos-dio-su-opinion-sobre-el-horario-comercial\/#breadcrumb"},"inLanguage":"es","potentialAction":[{"@type":"ReadAction","target":["https:\/\/experienciadevida.com.ar\/portalurbano\/comerciantes-unidos-dio-su-opinion-sobre-el-horario-comercial\/"]}]},{"@type":"BreadcrumbList","@id":"https:\/\/experienciadevida.com.ar\/portalurbano\/comerciantes-unidos-dio-su-opinion-sobre-el-horario-comercial\/#breadcrumb","itemListElement":[{"@type":"ListItem","position":1,"name":"Portada","item":"https:\/\/experienciadevida.com.ar\/portalurbano\/"},{"@type":"ListItem","position":2,"name":"Comerciantes Unidos dio su opini\u00f3n sobre el horario comercial"}]},{"@type":"WebSite","@id":"https:\/\/experienciadevida.com.ar\/portalurbano\/#website","url":"https:\/\/experienciadevida.com.ar\/portalurbano\/","name":"","description":"","publisher":{"@id":"https:\/\/experienciadevida.com.ar\/portalurbano\/#organization"},"potentialAction":[{"@type":"SearchAction","target":{"@type":"EntryPoint","urlTemplate":"https:\/\/experienciadevida.com.ar\/portalurbano\/?s={search_term_string}"},"query-input":"required name=search_term_string"}],"inLanguage":"es"},{"@type":"Organization","@id":"https:\/\/experienciadevida.com.ar\/portalurbano\/#organization","name":"Portal Urbano","url":"https:\/\/experienciadevida.com.ar\/portalurbano\/","logo":{"@type":"ImageObject","inLanguage":"es","@id":"https:\/\/experienciadevida.com.ar\/portalurbano\/#\/schema\/logo\/image\/","url":"https:\/\/experienciadevida.com.ar\/portalurbano\/wp-content\/uploads\/2019\/09\/Logo-Original.png","contentUrl":"https:\/\/experienciadevida.com.ar\/portalurbano\/wp-content\/uploads\/2019\/09\/Logo-Original.png","width":2236,"height":1216,"caption":"Portal Urbano"},"image":{"@id":"https:\/\/experienciadevida.com.ar\/portalurbano\/#\/schema\/logo\/image\/"},"sameAs":["https:\/\/www.facebook.com\/Portal-Urbano-171542830093757\/","https:\/\/twitter.com\/portalurbanook","https:\/\/www.instagram.com\/_portalurbano\/","https:\/\/www.youtube.com\/channel\/UCXhagIfszH8KxFiOok79zbA?view_as=subscriber"]},{"@type":"Person","@id":"https:\/\/experienciadevida.com.ar\/portalurbano\/#\/schema\/person\/02dd326b1c4b056e9cc972486934a3a7","name":"admpu17wp","image":{"@type":"ImageObject","inLanguage":"es","@id":"https:\/\/experienciadevida.com.ar\/portalurbano\/#\/schema\/person\/image\/","url":"https:\/\/secure.gravatar.com\/avatar\/830d4c57adaae6630765e449a6908047?s=96&d=mm&r=g","contentUrl":"https:\/\/secure.gravatar.com\/avatar\/830d4c57adaae6630765e449a6908047?s=96&d=mm&r=g","caption":"admpu17wp"}}]}},"featured_image_urls":{"full":["https:\/\/experienciadevida.com.ar\/portalurbano\/wp-content\/uploads\/2020\/03\/CUARENTENA9.jpg",765,510,false],"thumbnail":["https:\/\/experienciadevida.com.ar\/portalurbano\/wp-content\/uploads\/2020\/03\/CUARENTENA9-150x150.jpg",150,150,true],"medium":["https:\/\/experienciadevida.com.ar\/portalurbano\/wp-content\/uploads\/2020\/03\/CUARENTENA9-300x200.jpg",300,200,true],"medium_large":["https:\/\/experienciadevida.com.ar\/portalurbano\/wp-content\/uploads\/2020\/03\/CUARENTENA9.jpg",640,427,false],"large":["https:\/\/experienciadevida.com.ar\/portalurbano\/wp-content\/uploads\/2020\/03\/CUARENTENA9.jpg",640,427,false],"ug_big":["https:\/\/experienciadevida.com.ar\/portalurbano\/wp-content\/uploads\/2020\/03\/CUARENTENA9.jpg",765,510,false],"1536x1536":["https:\/\/experienciadevida.com.ar\/portalurbano\/wp-content\/uploads\/2020\/03\/CUARENTENA9.jpg",765,510,false],"2048x2048":["https:\/\/experienciadevida.com.ar\/portalurbano\/wp-content\/uploads\/2020\/03\/CUARENTENA9.jpg",765,510,false],"newsever-slider-full":["https:\/\/experienciadevida.com.ar\/portalurbano\/wp-content\/uploads\/2020\/03\/CUARENTENA9.jpg",765,510,false],"newsever-featured":["https:\/\/experienciadevida.com.ar\/portalurbano\/wp-content\/uploads\/2020\/03\/CUARENTENA9.jpg",765,510,false],"newsever-medium":["https:\/\/experienciadevida.com.ar\/portalurbano\/wp-content\/uploads\/2020\/03\/CUARENTENA9.jpg",713,475,false],"web-stories-poster-portrait":["https:\/\/experienciadevida.com.ar\/portalurbano\/wp-content\/uploads\/2020\/03\/CUARENTENA9.jpg",640,427,false],"web-stories-publisher-logo":["https:\/\/experienciadevida.com.ar\/portalurbano\/wp-content\/uploads\/2020\/03\/CUARENTENA9.jpg",96,64,false],"web-stories-thumbnail":["https:\/\/experienciadevida.com.ar\/portalurbano\/wp-content\/uploads\/2020\/03\/CUARENTENA9.jpg",150,100,false]},"author_info":{"display_name":"admpu17wp","author_link":"https:\/\/experienciadevida.com.ar\/portalurbano\/author\/admpu17wp\/"},"category_info":"<a href=\"https:\/\/experienciadevida.com.ar\/portalurbano\/category\/ciudad\/\" rel=\"category tag\">Ciudad<\/a> <a href=\"https:\/\/experienciadevida.com.ar\/portalurbano\/category\/destacadas-2\/\" rel=\"category tag\">Destacadas 2<\/a>","tag_info":"Destacadas 2","comment_count":"0","amp_enabled":true,"_links":{"self":[{"href":"https:\/\/experienciadevida.com.ar\/portalurbano\/wp-json\/wp\/v2\/posts\/146234"}],"collection":[{"href":"https:\/\/experienciadevida.com.ar\/portalurbano\/wp-json\/wp\/v2\/posts"}],"about":[{"href":"https:\/\/experienciadevida.com.ar\/portalurbano\/wp-json\/wp\/v2\/types\/post"}],"author":[{"embeddable":true,"href":"https:\/\/experienciadevida.com.ar\/portalurbano\/wp-json\/wp\/v2\/users\/1"}],"replies":[{"embeddable":true,"href":"https:\/\/experienciadevida.com.ar\/portalurbano\/wp-json\/wp\/v2\/comments?post=146234"}],"version-history":[{"count":2,"href":"https:\/\/experienciadevida.com.ar\/portalurbano\/wp-json\/wp\/v2\/posts\/146234\/revisions"}],"predecessor-version":[{"id":146236,"href":"https:\/\/experienciadevida.com.ar\/portalurbano\/wp-json\/wp\/v2\/posts\/146234\/revisions\/146236"}],"wp:featuredmedia":[{"embeddable":true,"href":"https:\/\/experienciadevida.com.ar\/portalurbano\/wp-json\/wp\/v2\/media\/104704"}],"wp:attachment":[{"href":"https:\/\/experienciadevida.com.ar\/portalurbano\/wp-json\/wp\/v2\/media?parent=146234"}],"wp:term":[{"taxonomy":"category","embeddable":true,"href":"https:\/\/experienciadevida.com.ar\/portalurbano\/wp-json\/wp\/v2\/categories?post=146234"},{"taxonomy":"post_tag","embeddable":true,"href":"https:\/\/experienciadevida.com.ar\/portalurbano\/wp-json\/wp\/v2\/tags?post=146234"}],"curies":[{"name":"wp","href":"https:\/\/api.w.org\/{rel}","templated":true}]}}