{"id":146152,"date":"2021-06-26T11:39:09","date_gmt":"2021-06-26T14:39:09","guid":{"rendered":"https:\/\/experienciadevida.com.ar\/portalurbano\/?p=146152"},"modified":"2021-06-26T11:53:56","modified_gmt":"2021-06-26T14:53:56","slug":"tener-un-techo-propio-dejar-de-alquilar-y-transformar-una-casa-en-un-hogar-es-la-mejor-gestion-que-podemos-llevar-a-cabo","status":"publish","type":"post","link":"https:\/\/experienciadevida.com.ar\/portalurbano\/tener-un-techo-propio-dejar-de-alquilar-y-transformar-una-casa-en-un-hogar-es-la-mejor-gestion-que-podemos-llevar-a-cabo\/","title":{"rendered":"\u201cTener un techo propio, dejar de alquilar y transformar una casa en un hogar es la mejor gesti\u00f3n que podemos llevar a cabo\u201d"},"content":{"rendered":"<p>\u201cTener un techo propio, dejar de alquilar y transformar una casa en un hogar es la mejor gesti\u00f3n que podemos llevar a cabo\u201d.<\/p>\n<p>En la ma\u00f1ana de este s\u00e1bado, el intendente Ezequiel <a href=\"https:\/\/www.facebook.com\/galliezequiel\">Galli<\/a> anunci\u00f3 el inicio de construcci\u00f3n de las <a href=\"https:\/\/experienciadevida.com.ar\/portalurbano\/se-licitara-la-construccion-de-20-viviendas-del-plan-tuvi\/\">Viviendas Tu.Vi<\/a> y la apertura de inscripci\u00f3n al Programa, que podr\u00e1 realizarse desde el pr\u00f3ximo lunes a trav\u00e9s de www.olavarria.gov.ar<\/p>\n<p>Galli estuvo acompa\u00f1ado por el presidente del HCD Bruno Cenizo, los secretarios de Gobierno Hilario Galli, Mantenimiento y Obras P\u00fablicas Julio Ferraro, la secretaria de Econom\u00eda y Hacienda Mar\u00eda Eugenia Bezzoni, la coordinadora del Programa Tu.Vi Daniela De Martino y el titular de la empresa Visan Ingenier\u00eda SA Ernesto Vignau.<\/p>\n<p>&#8220;Tener un techo propio, dejar de alquilar y transformar una casa en un hogar es la mejor gesti\u00f3n&#8221;\u201cRemediar progresivamente el d\u00e9ficit habitacional que tiene nuestro Partido desde hace muchos a\u00f1os fue una de las prioridades de gesti\u00f3n cuando asumimos en diciembre de 2015. Por eso nos ocupamos junto a la gobernadora Mar\u00eda Eugenia Vidal de retomar las obras paradas de Pickelado, Bancario, Educadores, UOCRA que hab\u00edan sido abandonadas por gestiones provinciales y nacionales anteriores. Tuvimos el enorme desaf\u00edo de concluir lo que estaba paralizado. Transformamos expedientes y frustraciones permanentes en hogares familiares\u201d, dijo el Intendente.<\/p>\n<p>Asimismo se\u00f1al\u00f3 que \u201ccreamos del Registro de Demanda Habitacional; entregamos terrenos en Tenencia para familias en situaci\u00f3n de vulnerabilidad social; celebramos el primer convenio urban\u00edstico que hizo la Ciudad por Ley de H\u00e1bitat (con la Asociaci\u00f3n Civil Nuestro Hogar); confeccionamos la Ordenanza del Programa TUVI; creamos la Ordenanza 4646\/21 Acceso a Lotes con Servicio Colonia Hinojo; hicimos un Plan de regularizaci\u00f3n dominial y escrituraci\u00f3n y llevamos a cabo un relevamiento de tierras existentes y realizamos planos de mensura desde el municipio\u201d.<\/p>\n<p>\u201cHoy es un d\u00eda muy importante para nosotros porque creemos que es el comienzo de un plan integral de viviendas que esperemos se sostenga en el tiempo y a trav\u00e9s de las gestiones que contin\u00faen en el Municipio. No s\u00f3lo por la posibilidad de acceso a la vivienda sino tambi\u00e9n porque el Municipio invertir\u00e1 m\u00e1s de 100 millones de pesos que estar\u00e1n volcados \u00edntegramente al mercado local con insumos que se comprar\u00e1n en comercios, f\u00e1bricas y pymes locales y, fundamentalmente, generar\u00e1 mano de obra olavarriense para dinamizar el mercado local y colaborar con la diversificaci\u00f3n de nuestra econom\u00eda que nos distingue en esta regi\u00f3n de la Provincia\u201d, asegur\u00f3.<\/p>\n<p>En este sentido, Galli agreg\u00f3 que \u201cla realidad del pa\u00eds hace que hoy sea imposible acceder a un cr\u00e9dito hipotecario como lo hicieron nuestros padres y abuelos hace muchos a\u00f1os el Programa TUVI nos genera una enorme expectativa porque quienes hoy tienen la posibilidad de acceder a un terreno no tienen la capacidad de completar su sue\u00f1o de la casa propia\u201d.<\/p>\n<p>\u201cSiempre sostuvimos que el esfuerzo y el trabajo son las bases para lograr el crecimiento personal y colectivo del Partido y el Programa TUVI es un fiel reflejo de superaci\u00f3n de cada familia que conf\u00eda en nosotros para acceder a su vivienda. Tener un techo propio, dejar de alquilar y transformar una casa en un hogar es la mejor gesti\u00f3n que podemos llevar a cabo como dirigentes pol\u00edticos y es unos de los sellos m\u00e1s importantes que podemos dejar cuando pasamos por la gesti\u00f3n\u201d, concluy\u00f3.<\/p>\n<p><a href=\"https:\/\/experienciadevida.com.ar\/portalurbano\/tener-un-techo-propio-dejar-de-alquilar-y-transformar-una-casa-en-un-hogar-es-la-mejor-gestion-que-podemos-llevar-a-cabo\/tener-un-techo\/\" rel=\"attachment wp-att-146157\"><img decoding=\"async\" class=\"alignnone size-large wp-image-146157\" src=\"https:\/\/experienciadevida.com.ar\/portalurbano\/wp-content\/uploads\/2021\/06\/Tener-un-techo-1024x684.jpg\" alt=\"Tener un techo\" width=\"900\" height=\"601\" \/><\/a><\/p>\n<p><a href=\"https:\/\/experienciadevida.com.ar\/portalurbano\/tener-un-techo-propio-dejar-de-alquilar-y-transformar-una-casa-en-un-hogar-es-la-mejor-gestion-que-podemos-llevar-a-cabo\/tener-un-techo-2\/\" rel=\"attachment wp-att-146159\"><img decoding=\"async\" class=\"alignnone size-large wp-image-146159\" src=\"https:\/\/experienciadevida.com.ar\/portalurbano\/wp-content\/uploads\/2021\/06\/Tener-un-techo-1-1024x684.jpg\" alt=\"Tener un techo\" width=\"900\" height=\"601\" \/><\/a><\/p>\n<p><a href=\"https:\/\/experienciadevida.com.ar\/portalurbano\/tener-un-techo-propio-dejar-de-alquilar-y-transformar-una-casa-en-un-hogar-es-la-mejor-gestion-que-podemos-llevar-a-cabo\/presentacion-tuvi-2-scaled\/\" rel=\"attachment wp-att-146160\"><img decoding=\"async\" class=\"alignnone size-large wp-image-146160\" src=\"https:\/\/experienciadevida.com.ar\/portalurbano\/wp-content\/uploads\/2021\/06\/Presentacion-TuVi-2-scaled-1-1024x684.jpg\" alt=\"\" width=\"900\" height=\"601\" \/><\/a><\/p>\n","protected":false},"excerpt":{"rendered":"<p>\u201cTener un techo propio, dejar de alquilar y transformar una casa en un hogar es&#8230;<\/p>\n","protected":false},"author":1,"featured_media":146153,"comment_status":"closed","ping_status":"closed","sticky":false,"template":"","format":"standard","meta":{"content-type":""},"categories":[27,51],"tags":[],"nelio_content":{"isAutoShareEnabled":false,"autoShareEndMode":"default","automationSources":{"useContentSentences":true,"useSocialTemplates":true,"useCustomSentences":false,"customSentences":[]},"followers":[1],"suggestedReferences":[],"includedReferences":[],"efiUrl":"","efiAlt":"","highlights":[]},"yoast_head":"<!-- This site is optimized with the Yoast SEO plugin v20.7 - https:\/\/yoast.com\/wordpress\/plugins\/seo\/ -->\n<title>&quot;Tener un techo propio, dejar de alquilar y transformar una casa&quot;<\/title>\n<meta name=\"description\" content=\"\u201cTener un techo propio, dejar de alquilar y transformar una casa en un hogar es la mejor gesti\u00f3n que podemos llevar a cabo\u201d.\" \/>\n<meta name=\"robots\" content=\"index, follow, max-snippet:-1, max-image-preview:large, max-video-preview:-1\" \/>\n<link rel=\"canonical\" href=\"https:\/\/experienciadevida.com.ar\/portalurbano\/tener-un-techo-propio-dejar-de-alquilar-y-transformar-una-casa-en-un-hogar-es-la-mejor-gestion-que-podemos-llevar-a-cabo\/\" \/>\n<meta property=\"og:locale\" content=\"es_ES\" \/>\n<meta property=\"og:type\" content=\"article\" \/>\n<meta property=\"og:title\" content=\"&quot;Tener un techo propio, dejar de alquilar y transformar una casa&quot;\" \/>\n<meta property=\"og:description\" content=\"\u201cTener un techo propio, dejar de alquilar y transformar una casa en un hogar es la mejor gesti\u00f3n que podemos llevar a cabo\u201d.\" \/>\n<meta property=\"og:url\" content=\"https:\/\/experienciadevida.com.ar\/portalurbano\/tener-un-techo-propio-dejar-de-alquilar-y-transformar-una-casa-en-un-hogar-es-la-mejor-gestion-que-podemos-llevar-a-cabo\/\" \/>\n<meta property=\"article:publisher\" content=\"https:\/\/www.facebook.com\/Portal-Urbano-171542830093757\/\" \/>\n<meta property=\"article:published_time\" content=\"2021-06-26T14:39:09+00:00\" \/>\n<meta property=\"article:modified_time\" content=\"2021-06-26T14:53:56+00:00\" \/>\n<meta property=\"og:image\" content=\"https:\/\/experienciadevida.com.ar\/portalurbano\/wp-content\/uploads\/2021\/06\/Tener-un-techo-propio-e1624718333870.jpg\" \/>\n\t<meta property=\"og:image:width\" content=\"765\" \/>\n\t<meta property=\"og:image:height\" content=\"511\" \/>\n\t<meta property=\"og:image:type\" content=\"image\/jpeg\" \/>\n<meta name=\"author\" content=\"admpu17wp\" \/>\n<meta name=\"twitter:card\" content=\"summary_large_image\" \/>\n<meta name=\"twitter:creator\" content=\"@portalurbanook\" \/>\n<meta name=\"twitter:site\" content=\"@portalurbanook\" \/>\n<meta name=\"twitter:label1\" content=\"Escrito por\" \/>\n\t<meta name=\"twitter:data1\" content=\"admpu17wp\" \/>\n\t<meta name=\"twitter:label2\" content=\"Tiempo de lectura\" \/>\n\t<meta name=\"twitter:data2\" content=\"3 minutos\" \/>\n<script type=\"application\/ld+json\" class=\"yoast-schema-graph\">{\"@context\":\"https:\/\/schema.org\",\"@graph\":[{\"@type\":\"Article\",\"@id\":\"https:\/\/experienciadevida.com.ar\/portalurbano\/tener-un-techo-propio-dejar-de-alquilar-y-transformar-una-casa-en-un-hogar-es-la-mejor-gestion-que-podemos-llevar-a-cabo\/#article\",\"isPartOf\":{\"@id\":\"https:\/\/experienciadevida.com.ar\/portalurbano\/tener-un-techo-propio-dejar-de-alquilar-y-transformar-una-casa-en-un-hogar-es-la-mejor-gestion-que-podemos-llevar-a-cabo\/\"},\"author\":{\"name\":\"admpu17wp\",\"@id\":\"https:\/\/experienciadevida.com.ar\/portalurbano\/#\/schema\/person\/02dd326b1c4b056e9cc972486934a3a7\"},\"headline\":\"\u201cTener un techo propio, dejar de alquilar y transformar una casa en un hogar es la mejor gesti\u00f3n que podemos llevar a cabo\u201d\",\"datePublished\":\"2021-06-26T14:39:09+00:00\",\"dateModified\":\"2021-06-26T14:53:56+00:00\",\"mainEntityOfPage\":{\"@id\":\"https:\/\/experienciadevida.com.ar\/portalurbano\/tener-un-techo-propio-dejar-de-alquilar-y-transformar-una-casa-en-un-hogar-es-la-mejor-gestion-que-podemos-llevar-a-cabo\/\"},\"wordCount\":615,\"publisher\":{\"@id\":\"https:\/\/experienciadevida.com.ar\/portalurbano\/#organization\"},\"articleSection\":[\"Ciudad\",\"Destacadas\"],\"inLanguage\":\"es\"},{\"@type\":\"WebPage\",\"@id\":\"https:\/\/experienciadevida.com.ar\/portalurbano\/tener-un-techo-propio-dejar-de-alquilar-y-transformar-una-casa-en-un-hogar-es-la-mejor-gestion-que-podemos-llevar-a-cabo\/\",\"url\":\"https:\/\/experienciadevida.com.ar\/portalurbano\/tener-un-techo-propio-dejar-de-alquilar-y-transformar-una-casa-en-un-hogar-es-la-mejor-gestion-que-podemos-llevar-a-cabo\/\",\"name\":\"\\\"Tener un techo propio, dejar de alquilar y transformar una casa\\\"\",\"isPartOf\":{\"@id\":\"https:\/\/experienciadevida.com.ar\/portalurbano\/#website\"},\"datePublished\":\"2021-06-26T14:39:09+00:00\",\"dateModified\":\"2021-06-26T14:53:56+00:00\",\"description\":\"\u201cTener un techo propio, dejar de alquilar y transformar una casa en un hogar es la mejor gesti\u00f3n que podemos llevar a cabo\u201d.\",\"breadcrumb\":{\"@id\":\"https:\/\/experienciadevida.com.ar\/portalurbano\/tener-un-techo-propio-dejar-de-alquilar-y-transformar-una-casa-en-un-hogar-es-la-mejor-gestion-que-podemos-llevar-a-cabo\/#breadcrumb\"},\"inLanguage\":\"es\",\"potentialAction\":[{\"@type\":\"ReadAction\",\"target\":[\"https:\/\/experienciadevida.com.ar\/portalurbano\/tener-un-techo-propio-dejar-de-alquilar-y-transformar-una-casa-en-un-hogar-es-la-mejor-gestion-que-podemos-llevar-a-cabo\/\"]}]},{\"@type\":\"BreadcrumbList\",\"@id\":\"https:\/\/experienciadevida.com.ar\/portalurbano\/tener-un-techo-propio-dejar-de-alquilar-y-transformar-una-casa-en-un-hogar-es-la-mejor-gestion-que-podemos-llevar-a-cabo\/#breadcrumb\",\"itemListElement\":[{\"@type\":\"ListItem\",\"position\":1,\"name\":\"Portada\",\"item\":\"https:\/\/experienciadevida.com.ar\/portalurbano\/\"},{\"@type\":\"ListItem\",\"position\":2,\"name\":\"\u201cTener un techo propio, dejar de alquilar y transformar una casa en un hogar es la mejor gesti\u00f3n que podemos llevar a cabo\u201d\"}]},{\"@type\":\"WebSite\",\"@id\":\"https:\/\/experienciadevida.com.ar\/portalurbano\/#website\",\"url\":\"https:\/\/experienciadevida.com.ar\/portalurbano\/\",\"name\":\"\",\"description\":\"\",\"publisher\":{\"@id\":\"https:\/\/experienciadevida.com.ar\/portalurbano\/#organization\"},\"potentialAction\":[{\"@type\":\"SearchAction\",\"target\":{\"@type\":\"EntryPoint\",\"urlTemplate\":\"https:\/\/experienciadevida.com.ar\/portalurbano\/?s={search_term_string}\"},\"query-input\":\"required name=search_term_string\"}],\"inLanguage\":\"es\"},{\"@type\":\"Organization\",\"@id\":\"https:\/\/experienciadevida.com.ar\/portalurbano\/#organization\",\"name\":\"Portal Urbano\",\"url\":\"https:\/\/experienciadevida.com.ar\/portalurbano\/\",\"logo\":{\"@type\":\"ImageObject\",\"inLanguage\":\"es\",\"@id\":\"https:\/\/experienciadevida.com.ar\/portalurbano\/#\/schema\/logo\/image\/\",\"url\":\"https:\/\/experienciadevida.com.ar\/portalurbano\/wp-content\/uploads\/2019\/09\/Logo-Original.png\",\"contentUrl\":\"https:\/\/experienciadevida.com.ar\/portalurbano\/wp-content\/uploads\/2019\/09\/Logo-Original.png\",\"width\":2236,\"height\":1216,\"caption\":\"Portal Urbano\"},\"image\":{\"@id\":\"https:\/\/experienciadevida.com.ar\/portalurbano\/#\/schema\/logo\/image\/\"},\"sameAs\":[\"https:\/\/www.facebook.com\/Portal-Urbano-171542830093757\/\",\"https:\/\/twitter.com\/portalurbanook\",\"https:\/\/www.instagram.com\/_portalurbano\/\",\"https:\/\/www.youtube.com\/channel\/UCXhagIfszH8KxFiOok79zbA?view_as=subscriber\"]},{\"@type\":\"Person\",\"@id\":\"https:\/\/experienciadevida.com.ar\/portalurbano\/#\/schema\/person\/02dd326b1c4b056e9cc972486934a3a7\",\"name\":\"admpu17wp\",\"image\":{\"@type\":\"ImageObject\",\"inLanguage\":\"es\",\"@id\":\"https:\/\/experienciadevida.com.ar\/portalurbano\/#\/schema\/person\/image\/\",\"url\":\"https:\/\/secure.gravatar.com\/avatar\/830d4c57adaae6630765e449a6908047?s=96&d=mm&r=g\",\"contentUrl\":\"https:\/\/secure.gravatar.com\/avatar\/830d4c57adaae6630765e449a6908047?s=96&d=mm&r=g\",\"caption\":\"admpu17wp\"}}]}<\/script>\n<!-- \/ Yoast SEO plugin. -->","yoast_head_json":{"title":"\"Tener un techo propio, dejar de alquilar y transformar una casa\"","description":"\u201cTener un techo propio, dejar de alquilar y transformar una casa en un hogar es la mejor gesti\u00f3n que podemos llevar a cabo\u201d.","robots":{"index":"index","follow":"follow","max-snippet":"max-snippet:-1","max-image-preview":"max-image-preview:large","max-video-preview":"max-video-preview:-1"},"canonical":"https:\/\/experienciadevida.com.ar\/portalurbano\/tener-un-techo-propio-dejar-de-alquilar-y-transformar-una-casa-en-un-hogar-es-la-mejor-gestion-que-podemos-llevar-a-cabo\/","og_locale":"es_ES","og_type":"article","og_title":"\"Tener un techo propio, dejar de alquilar y transformar una casa\"","og_description":"\u201cTener un techo propio, dejar de alquilar y transformar una casa en un hogar es la mejor gesti\u00f3n que podemos llevar a cabo\u201d.","og_url":"https:\/\/experienciadevida.com.ar\/portalurbano\/tener-un-techo-propio-dejar-de-alquilar-y-transformar-una-casa-en-un-hogar-es-la-mejor-gestion-que-podemos-llevar-a-cabo\/","article_publisher":"https:\/\/www.facebook.com\/Portal-Urbano-171542830093757\/","article_published_time":"2021-06-26T14:39:09+00:00","article_modified_time":"2021-06-26T14:53:56+00:00","og_image":[{"width":765,"height":511,"url":"https:\/\/experienciadevida.com.ar\/portalurbano\/wp-content\/uploads\/2021\/06\/Tener-un-techo-propio-e1624718333870.jpg","type":"image\/jpeg"}],"author":"admpu17wp","twitter_card":"summary_large_image","twitter_creator":"@portalurbanook","twitter_site":"@portalurbanook","twitter_misc":{"Escrito por":"admpu17wp","Tiempo de lectura":"3 minutos"},"schema":{"@context":"https:\/\/schema.org","@graph":[{"@type":"Article","@id":"https:\/\/experienciadevida.com.ar\/portalurbano\/tener-un-techo-propio-dejar-de-alquilar-y-transformar-una-casa-en-un-hogar-es-la-mejor-gestion-que-podemos-llevar-a-cabo\/#article","isPartOf":{"@id":"https:\/\/experienciadevida.com.ar\/portalurbano\/tener-un-techo-propio-dejar-de-alquilar-y-transformar-una-casa-en-un-hogar-es-la-mejor-gestion-que-podemos-llevar-a-cabo\/"},"author":{"name":"admpu17wp","@id":"https:\/\/experienciadevida.com.ar\/portalurbano\/#\/schema\/person\/02dd326b1c4b056e9cc972486934a3a7"},"headline":"\u201cTener un techo propio, dejar de alquilar y transformar una casa en un hogar es la mejor gesti\u00f3n que podemos llevar a cabo\u201d","datePublished":"2021-06-26T14:39:09+00:00","dateModified":"2021-06-26T14:53:56+00:00","mainEntityOfPage":{"@id":"https:\/\/experienciadevida.com.ar\/portalurbano\/tener-un-techo-propio-dejar-de-alquilar-y-transformar-una-casa-en-un-hogar-es-la-mejor-gestion-que-podemos-llevar-a-cabo\/"},"wordCount":615,"publisher":{"@id":"https:\/\/experienciadevida.com.ar\/portalurbano\/#organization"},"articleSection":["Ciudad","Destacadas"],"inLanguage":"es"},{"@type":"WebPage","@id":"https:\/\/experienciadevida.com.ar\/portalurbano\/tener-un-techo-propio-dejar-de-alquilar-y-transformar-una-casa-en-un-hogar-es-la-mejor-gestion-que-podemos-llevar-a-cabo\/","url":"https:\/\/experienciadevida.com.ar\/portalurbano\/tener-un-techo-propio-dejar-de-alquilar-y-transformar-una-casa-en-un-hogar-es-la-mejor-gestion-que-podemos-llevar-a-cabo\/","name":"\"Tener un techo propio, dejar de alquilar y transformar una casa\"","isPartOf":{"@id":"https:\/\/experienciadevida.com.ar\/portalurbano\/#website"},"datePublished":"2021-06-26T14:39:09+00:00","dateModified":"2021-06-26T14:53:56+00:00","description":"\u201cTener un techo propio, dejar de alquilar y transformar una casa en un hogar es la mejor gesti\u00f3n que podemos llevar a cabo\u201d.","breadcrumb":{"@id":"https:\/\/experienciadevida.com.ar\/portalurbano\/tener-un-techo-propio-dejar-de-alquilar-y-transformar-una-casa-en-un-hogar-es-la-mejor-gestion-que-podemos-llevar-a-cabo\/#breadcrumb"},"inLanguage":"es","potentialAction":[{"@type":"ReadAction","target":["https:\/\/experienciadevida.com.ar\/portalurbano\/tener-un-techo-propio-dejar-de-alquilar-y-transformar-una-casa-en-un-hogar-es-la-mejor-gestion-que-podemos-llevar-a-cabo\/"]}]},{"@type":"BreadcrumbList","@id":"https:\/\/experienciadevida.com.ar\/portalurbano\/tener-un-techo-propio-dejar-de-alquilar-y-transformar-una-casa-en-un-hogar-es-la-mejor-gestion-que-podemos-llevar-a-cabo\/#breadcrumb","itemListElement":[{"@type":"ListItem","position":1,"name":"Portada","item":"https:\/\/experienciadevida.com.ar\/portalurbano\/"},{"@type":"ListItem","position":2,"name":"\u201cTener un techo propio, dejar de alquilar y transformar una casa en un hogar es la mejor gesti\u00f3n que podemos llevar a cabo\u201d"}]},{"@type":"WebSite","@id":"https:\/\/experienciadevida.com.ar\/portalurbano\/#website","url":"https:\/\/experienciadevida.com.ar\/portalurbano\/","name":"","description":"","publisher":{"@id":"https:\/\/experienciadevida.com.ar\/portalurbano\/#organization"},"potentialAction":[{"@type":"SearchAction","target":{"@type":"EntryPoint","urlTemplate":"https:\/\/experienciadevida.com.ar\/portalurbano\/?s={search_term_string}"},"query-input":"required name=search_term_string"}],"inLanguage":"es"},{"@type":"Organization","@id":"https:\/\/experienciadevida.com.ar\/portalurbano\/#organization","name":"Portal Urbano","url":"https:\/\/experienciadevida.com.ar\/portalurbano\/","logo":{"@type":"ImageObject","inLanguage":"es","@id":"https:\/\/experienciadevida.com.ar\/portalurbano\/#\/schema\/logo\/image\/","url":"https:\/\/experienciadevida.com.ar\/portalurbano\/wp-content\/uploads\/2019\/09\/Logo-Original.png","contentUrl":"https:\/\/experienciadevida.com.ar\/portalurbano\/wp-content\/uploads\/2019\/09\/Logo-Original.png","width":2236,"height":1216,"caption":"Portal Urbano"},"image":{"@id":"https:\/\/experienciadevida.com.ar\/portalurbano\/#\/schema\/logo\/image\/"},"sameAs":["https:\/\/www.facebook.com\/Portal-Urbano-171542830093757\/","https:\/\/twitter.com\/portalurbanook","https:\/\/www.instagram.com\/_portalurbano\/","https:\/\/www.youtube.com\/channel\/UCXhagIfszH8KxFiOok79zbA?view_as=subscriber"]},{"@type":"Person","@id":"https:\/\/experienciadevida.com.ar\/portalurbano\/#\/schema\/person\/02dd326b1c4b056e9cc972486934a3a7","name":"admpu17wp","image":{"@type":"ImageObject","inLanguage":"es","@id":"https:\/\/experienciadevida.com.ar\/portalurbano\/#\/schema\/person\/image\/","url":"https:\/\/secure.gravatar.com\/avatar\/830d4c57adaae6630765e449a6908047?s=96&d=mm&r=g","contentUrl":"https:\/\/secure.gravatar.com\/avatar\/830d4c57adaae6630765e449a6908047?s=96&d=mm&r=g","caption":"admpu17wp"}}]}},"featured_image_urls":{"full":["https:\/\/experienciadevida.com.ar\/portalurbano\/wp-content\/uploads\/2021\/06\/Tener-un-techo-propio-e1624718333870.jpg",765,511,false],"thumbnail":["https:\/\/experienciadevida.com.ar\/portalurbano\/wp-content\/uploads\/2021\/06\/Tener-un-techo-propio-150x150.jpg",150,150,true],"medium":["https:\/\/experienciadevida.com.ar\/portalurbano\/wp-content\/uploads\/2021\/06\/Tener-un-techo-propio-300x201.jpg",300,201,true],"medium_large":["https:\/\/experienciadevida.com.ar\/portalurbano\/wp-content\/uploads\/2021\/06\/Tener-un-techo-propio-768x513.jpg",640,428,true],"large":["https:\/\/experienciadevida.com.ar\/portalurbano\/wp-content\/uploads\/2021\/06\/Tener-un-techo-propio-1024x684.jpg",640,428,true],"ug_big":["https:\/\/experienciadevida.com.ar\/portalurbano\/wp-content\/uploads\/2021\/06\/Tener-un-techo-propio-768x513.jpg",768,513,true],"1536x1536":["https:\/\/experienciadevida.com.ar\/portalurbano\/wp-content\/uploads\/2021\/06\/Tener-un-techo-propio-1536x1027.jpg",1536,1027,true],"2048x2048":["https:\/\/experienciadevida.com.ar\/portalurbano\/wp-content\/uploads\/2021\/06\/Tener-un-techo-propio-2048x1369.jpg",2048,1369,true],"newsever-slider-full":["https:\/\/experienciadevida.com.ar\/portalurbano\/wp-content\/uploads\/2021\/06\/Tener-un-techo-propio-e1624718333870.jpg",765,511,false],"newsever-featured":["https:\/\/experienciadevida.com.ar\/portalurbano\/wp-content\/uploads\/2021\/06\/Tener-un-techo-propio-e1624718333870.jpg",765,511,false],"newsever-medium":["https:\/\/experienciadevida.com.ar\/portalurbano\/wp-content\/uploads\/2021\/06\/Tener-un-techo-propio-e1624718333870.jpg",711,475,false],"web-stories-poster-portrait":["https:\/\/experienciadevida.com.ar\/portalurbano\/wp-content\/uploads\/2021\/06\/Tener-un-techo-propio-e1624718333870.jpg",640,428,false],"web-stories-publisher-logo":["https:\/\/experienciadevida.com.ar\/portalurbano\/wp-content\/uploads\/2021\/06\/Tener-un-techo-propio-e1624718333870.jpg",96,64,false],"web-stories-thumbnail":["https:\/\/experienciadevida.com.ar\/portalurbano\/wp-content\/uploads\/2021\/06\/Tener-un-techo-propio-e1624718333870.jpg",150,100,false]},"author_info":{"display_name":"admpu17wp","author_link":"https:\/\/experienciadevida.com.ar\/portalurbano\/author\/admpu17wp\/"},"category_info":"<a href=\"https:\/\/experienciadevida.com.ar\/portalurbano\/category\/ciudad\/\" rel=\"category tag\">Ciudad<\/a> <a href=\"https:\/\/experienciadevida.com.ar\/portalurbano\/category\/destacadas\/\" rel=\"category tag\">Destacadas<\/a>","tag_info":"Destacadas","comment_count":"0","amp_enabled":true,"_links":{"self":[{"href":"https:\/\/experienciadevida.com.ar\/portalurbano\/wp-json\/wp\/v2\/posts\/146152"}],"collection":[{"href":"https:\/\/experienciadevida.com.ar\/portalurbano\/wp-json\/wp\/v2\/posts"}],"about":[{"href":"https:\/\/experienciadevida.com.ar\/portalurbano\/wp-json\/wp\/v2\/types\/post"}],"author":[{"embeddable":true,"href":"https:\/\/experienciadevida.com.ar\/portalurbano\/wp-json\/wp\/v2\/users\/1"}],"replies":[{"embeddable":true,"href":"https:\/\/experienciadevida.com.ar\/portalurbano\/wp-json\/wp\/v2\/comments?post=146152"}],"version-history":[{"count":5,"href":"https:\/\/experienciadevida.com.ar\/portalurbano\/wp-json\/wp\/v2\/posts\/146152\/revisions"}],"predecessor-version":[{"id":146164,"href":"https:\/\/experienciadevida.com.ar\/portalurbano\/wp-json\/wp\/v2\/posts\/146152\/revisions\/146164"}],"wp:featuredmedia":[{"embeddable":true,"href":"https:\/\/experienciadevida.com.ar\/portalurbano\/wp-json\/wp\/v2\/media\/146153"}],"wp:attachment":[{"href":"https:\/\/experienciadevida.com.ar\/portalurbano\/wp-json\/wp\/v2\/media?parent=146152"}],"wp:term":[{"taxonomy":"category","embeddable":true,"href":"https:\/\/experienciadevida.com.ar\/portalurbano\/wp-json\/wp\/v2\/categories?post=146152"},{"taxonomy":"post_tag","embeddable":true,"href":"https:\/\/experienciadevida.com.ar\/portalurbano\/wp-json\/wp\/v2\/tags?post=146152"}],"curies":[{"name":"wp","href":"https:\/\/api.w.org\/{rel}","templated":true}]}}