{"id":146105,"date":"2021-06-25T14:03:59","date_gmt":"2021-06-25T17:03:59","guid":{"rendered":"https:\/\/experienciadevida.com.ar\/portalurbano\/?p=146105"},"modified":"2021-06-25T14:05:21","modified_gmt":"2021-06-25T17:05:21","slug":"se-llevo-a-cabo-una-nueva-reunion-de-la-comision-de-transporte-interurbano","status":"publish","type":"post","link":"https:\/\/experienciadevida.com.ar\/portalurbano\/se-llevo-a-cabo-una-nueva-reunion-de-la-comision-de-transporte-interurbano\/","title":{"rendered":"Se llev\u00f3 a cabo una nueva reuni\u00f3n de la Comisi\u00f3n de Transporte Interurbano"},"content":{"rendered":"<p>Se llev\u00f3 a cabo una nueva reuni\u00f3n de la Comisi\u00f3n de Transporte Interurbano, fue en la ma\u00f1ana de este viernes el Subsecretario de Gobierno Emilio Vitale encabez\u00f3 en el Sal\u00f3n Blanco del palacio San Mart\u00edn una nueva reuni\u00f3n de la Comisi\u00f3n Ad Hoc de Transporte Interurbano.<\/p>\n<p>Participaron tambi\u00e9n el Director Administrativo Enzo Russo, los concejales Eduardo Rodr\u00edguez, Nicol\u00e1s Marinangeli y Mart\u00edn Lastape y el actual concesionario del transporte interurbano Ramiro Di Giano.<\/p>\n<p>Durante el transcurso del encuentro, el propio Di Giano explic\u00f3 que se arrib\u00f3 a un acuerdo vinculado a los subsidios entre las empresas de transporte del interior del pa\u00eds y el Ministerio de Transporte de la Naci\u00f3n que desembolsar\u00e1 ocho mil millones de pesos.<\/p>\n<p>En este sentido, Emilio Vitale indic\u00f3 que \u201ctodos los que formamos parte de la reuni\u00f3n coincidimos que sin el aporte de los subsidios nacionales y provinciales se dificulta la prestaci\u00f3n normal del servicio\u201d.<\/p>\n<p>Por otra parte, Vitale explic\u00f3 que acordaron que el nuevo pliego \u201ccontemple un instrumento de Emergencia que permita readecuar el servicio si as\u00ed se lo requiera como sucede actualmente con el Covid-19, donde las frecuencias se vieron modificadas por el sistema de fases aplicado por el gobierno provincial\u201d.<\/p>\n<p>&nbsp;<\/p>\n","protected":false},"excerpt":{"rendered":"<p>Se llev\u00f3 a cabo una nueva reuni\u00f3n de la Comisi\u00f3n de Transporte Interurbano, fue en&#8230;<\/p>\n","protected":false},"author":1,"featured_media":146106,"comment_status":"closed","ping_status":"closed","sticky":false,"template":"","format":"standard","meta":{"content-type":""},"categories":[27,51],"tags":[],"nelio_content":{"isAutoShareEnabled":false,"autoShareEndMode":"default","automationSources":{"useContentSentences":true,"useSocialTemplates":true,"useCustomSentences":false,"customSentences":[]},"followers":[1],"suggestedReferences":[],"includedReferences":[],"efiUrl":"","efiAlt":"","highlights":[]},"yoast_head":"<!-- This site is optimized with the Yoast SEO plugin v20.7 - https:\/\/yoast.com\/wordpress\/plugins\/seo\/ -->\n<title>Se llevo a cabo una nueva reuni\u00f3n de la comisi\u00f3n de transporte<\/title>\n<meta name=\"description\" content=\"Se llev\u00f3 a cabo una nueva reuni\u00f3n de la Comisi\u00f3n de Transporte Interurbano, fue en la ma\u00f1ana de este viernes participaron referentes\" \/>\n<meta name=\"robots\" content=\"index, follow, max-snippet:-1, max-image-preview:large, max-video-preview:-1\" \/>\n<link rel=\"canonical\" href=\"https:\/\/experienciadevida.com.ar\/portalurbano\/se-llevo-a-cabo-una-nueva-reunion-de-la-comision-de-transporte-interurbano\/\" \/>\n<meta property=\"og:locale\" content=\"es_ES\" \/>\n<meta property=\"og:type\" content=\"article\" \/>\n<meta property=\"og:title\" content=\"Se llevo a cabo una nueva reuni\u00f3n de la comisi\u00f3n de transporte\" \/>\n<meta property=\"og:description\" content=\"Se llev\u00f3 a cabo una nueva reuni\u00f3n de la Comisi\u00f3n de Transporte Interurbano, fue en la ma\u00f1ana de este viernes participaron referentes\" \/>\n<meta property=\"og:url\" content=\"https:\/\/experienciadevida.com.ar\/portalurbano\/se-llevo-a-cabo-una-nueva-reunion-de-la-comision-de-transporte-interurbano\/\" \/>\n<meta property=\"article:publisher\" content=\"https:\/\/www.facebook.com\/Portal-Urbano-171542830093757\/\" \/>\n<meta property=\"article:published_time\" content=\"2021-06-25T17:03:59+00:00\" \/>\n<meta property=\"article:modified_time\" content=\"2021-06-25T17:05:21+00:00\" \/>\n<meta property=\"og:image\" content=\"https:\/\/experienciadevida.com.ar\/portalurbano\/wp-content\/uploads\/2021\/06\/Se-llevo-a-cabo-una.jpg\" \/>\n\t<meta property=\"og:image:width\" content=\"1024\" \/>\n\t<meta property=\"og:image:height\" content=\"704\" \/>\n\t<meta property=\"og:image:type\" content=\"image\/jpeg\" \/>\n<meta name=\"author\" content=\"admpu17wp\" \/>\n<meta name=\"twitter:card\" content=\"summary_large_image\" \/>\n<meta name=\"twitter:creator\" content=\"@portalurbanook\" \/>\n<meta name=\"twitter:site\" content=\"@portalurbanook\" \/>\n<meta name=\"twitter:label1\" content=\"Escrito por\" \/>\n\t<meta name=\"twitter:data1\" content=\"admpu17wp\" \/>\n\t<meta name=\"twitter:label2\" content=\"Tiempo de lectura\" \/>\n\t<meta name=\"twitter:data2\" content=\"1 minuto\" \/>\n<script type=\"application\/ld+json\" class=\"yoast-schema-graph\">{\"@context\":\"https:\/\/schema.org\",\"@graph\":[{\"@type\":\"Article\",\"@id\":\"https:\/\/experienciadevida.com.ar\/portalurbano\/se-llevo-a-cabo-una-nueva-reunion-de-la-comision-de-transporte-interurbano\/#article\",\"isPartOf\":{\"@id\":\"https:\/\/experienciadevida.com.ar\/portalurbano\/se-llevo-a-cabo-una-nueva-reunion-de-la-comision-de-transporte-interurbano\/\"},\"author\":{\"name\":\"admpu17wp\",\"@id\":\"https:\/\/experienciadevida.com.ar\/portalurbano\/#\/schema\/person\/02dd326b1c4b056e9cc972486934a3a7\"},\"headline\":\"Se llev\u00f3 a cabo una nueva reuni\u00f3n de la Comisi\u00f3n de Transporte Interurbano\",\"datePublished\":\"2021-06-25T17:03:59+00:00\",\"dateModified\":\"2021-06-25T17:05:21+00:00\",\"mainEntityOfPage\":{\"@id\":\"https:\/\/experienciadevida.com.ar\/portalurbano\/se-llevo-a-cabo-una-nueva-reunion-de-la-comision-de-transporte-interurbano\/\"},\"wordCount\":228,\"publisher\":{\"@id\":\"https:\/\/experienciadevida.com.ar\/portalurbano\/#organization\"},\"articleSection\":[\"Ciudad\",\"Destacadas\"],\"inLanguage\":\"es\"},{\"@type\":\"WebPage\",\"@id\":\"https:\/\/experienciadevida.com.ar\/portalurbano\/se-llevo-a-cabo-una-nueva-reunion-de-la-comision-de-transporte-interurbano\/\",\"url\":\"https:\/\/experienciadevida.com.ar\/portalurbano\/se-llevo-a-cabo-una-nueva-reunion-de-la-comision-de-transporte-interurbano\/\",\"name\":\"Se llevo a cabo una nueva reuni\u00f3n de la comisi\u00f3n de transporte\",\"isPartOf\":{\"@id\":\"https:\/\/experienciadevida.com.ar\/portalurbano\/#website\"},\"datePublished\":\"2021-06-25T17:03:59+00:00\",\"dateModified\":\"2021-06-25T17:05:21+00:00\",\"description\":\"Se llev\u00f3 a cabo una nueva reuni\u00f3n de la Comisi\u00f3n de Transporte Interurbano, fue en la ma\u00f1ana de este viernes participaron referentes\",\"breadcrumb\":{\"@id\":\"https:\/\/experienciadevida.com.ar\/portalurbano\/se-llevo-a-cabo-una-nueva-reunion-de-la-comision-de-transporte-interurbano\/#breadcrumb\"},\"inLanguage\":\"es\",\"potentialAction\":[{\"@type\":\"ReadAction\",\"target\":[\"https:\/\/experienciadevida.com.ar\/portalurbano\/se-llevo-a-cabo-una-nueva-reunion-de-la-comision-de-transporte-interurbano\/\"]}]},{\"@type\":\"BreadcrumbList\",\"@id\":\"https:\/\/experienciadevida.com.ar\/portalurbano\/se-llevo-a-cabo-una-nueva-reunion-de-la-comision-de-transporte-interurbano\/#breadcrumb\",\"itemListElement\":[{\"@type\":\"ListItem\",\"position\":1,\"name\":\"Portada\",\"item\":\"https:\/\/experienciadevida.com.ar\/portalurbano\/\"},{\"@type\":\"ListItem\",\"position\":2,\"name\":\"Se llev\u00f3 a cabo una nueva reuni\u00f3n de la Comisi\u00f3n de Transporte Interurbano\"}]},{\"@type\":\"WebSite\",\"@id\":\"https:\/\/experienciadevida.com.ar\/portalurbano\/#website\",\"url\":\"https:\/\/experienciadevida.com.ar\/portalurbano\/\",\"name\":\"\",\"description\":\"\",\"publisher\":{\"@id\":\"https:\/\/experienciadevida.com.ar\/portalurbano\/#organization\"},\"potentialAction\":[{\"@type\":\"SearchAction\",\"target\":{\"@type\":\"EntryPoint\",\"urlTemplate\":\"https:\/\/experienciadevida.com.ar\/portalurbano\/?s={search_term_string}\"},\"query-input\":\"required name=search_term_string\"}],\"inLanguage\":\"es\"},{\"@type\":\"Organization\",\"@id\":\"https:\/\/experienciadevida.com.ar\/portalurbano\/#organization\",\"name\":\"Portal Urbano\",\"url\":\"https:\/\/experienciadevida.com.ar\/portalurbano\/\",\"logo\":{\"@type\":\"ImageObject\",\"inLanguage\":\"es\",\"@id\":\"https:\/\/experienciadevida.com.ar\/portalurbano\/#\/schema\/logo\/image\/\",\"url\":\"https:\/\/experienciadevida.com.ar\/portalurbano\/wp-content\/uploads\/2019\/09\/Logo-Original.png\",\"contentUrl\":\"https:\/\/experienciadevida.com.ar\/portalurbano\/wp-content\/uploads\/2019\/09\/Logo-Original.png\",\"width\":2236,\"height\":1216,\"caption\":\"Portal Urbano\"},\"image\":{\"@id\":\"https:\/\/experienciadevida.com.ar\/portalurbano\/#\/schema\/logo\/image\/\"},\"sameAs\":[\"https:\/\/www.facebook.com\/Portal-Urbano-171542830093757\/\",\"https:\/\/twitter.com\/portalurbanook\",\"https:\/\/www.instagram.com\/_portalurbano\/\",\"https:\/\/www.youtube.com\/channel\/UCXhagIfszH8KxFiOok79zbA?view_as=subscriber\"]},{\"@type\":\"Person\",\"@id\":\"https:\/\/experienciadevida.com.ar\/portalurbano\/#\/schema\/person\/02dd326b1c4b056e9cc972486934a3a7\",\"name\":\"admpu17wp\",\"image\":{\"@type\":\"ImageObject\",\"inLanguage\":\"es\",\"@id\":\"https:\/\/experienciadevida.com.ar\/portalurbano\/#\/schema\/person\/image\/\",\"url\":\"https:\/\/secure.gravatar.com\/avatar\/830d4c57adaae6630765e449a6908047?s=96&d=mm&r=g\",\"contentUrl\":\"https:\/\/secure.gravatar.com\/avatar\/830d4c57adaae6630765e449a6908047?s=96&d=mm&r=g\",\"caption\":\"admpu17wp\"}}]}<\/script>\n<!-- \/ Yoast SEO plugin. -->","yoast_head_json":{"title":"Se llevo a cabo una nueva reuni\u00f3n de la comisi\u00f3n de transporte","description":"Se llev\u00f3 a cabo una nueva reuni\u00f3n de la Comisi\u00f3n de Transporte Interurbano, fue en la ma\u00f1ana de este viernes participaron referentes","robots":{"index":"index","follow":"follow","max-snippet":"max-snippet:-1","max-image-preview":"max-image-preview:large","max-video-preview":"max-video-preview:-1"},"canonical":"https:\/\/experienciadevida.com.ar\/portalurbano\/se-llevo-a-cabo-una-nueva-reunion-de-la-comision-de-transporte-interurbano\/","og_locale":"es_ES","og_type":"article","og_title":"Se llevo a cabo una nueva reuni\u00f3n de la comisi\u00f3n de transporte","og_description":"Se llev\u00f3 a cabo una nueva reuni\u00f3n de la Comisi\u00f3n de Transporte Interurbano, fue en la ma\u00f1ana de este viernes participaron referentes","og_url":"https:\/\/experienciadevida.com.ar\/portalurbano\/se-llevo-a-cabo-una-nueva-reunion-de-la-comision-de-transporte-interurbano\/","article_publisher":"https:\/\/www.facebook.com\/Portal-Urbano-171542830093757\/","article_published_time":"2021-06-25T17:03:59+00:00","article_modified_time":"2021-06-25T17:05:21+00:00","og_image":[{"width":1024,"height":704,"url":"https:\/\/experienciadevida.com.ar\/portalurbano\/wp-content\/uploads\/2021\/06\/Se-llevo-a-cabo-una.jpg","type":"image\/jpeg"}],"author":"admpu17wp","twitter_card":"summary_large_image","twitter_creator":"@portalurbanook","twitter_site":"@portalurbanook","twitter_misc":{"Escrito por":"admpu17wp","Tiempo de lectura":"1 minuto"},"schema":{"@context":"https:\/\/schema.org","@graph":[{"@type":"Article","@id":"https:\/\/experienciadevida.com.ar\/portalurbano\/se-llevo-a-cabo-una-nueva-reunion-de-la-comision-de-transporte-interurbano\/#article","isPartOf":{"@id":"https:\/\/experienciadevida.com.ar\/portalurbano\/se-llevo-a-cabo-una-nueva-reunion-de-la-comision-de-transporte-interurbano\/"},"author":{"name":"admpu17wp","@id":"https:\/\/experienciadevida.com.ar\/portalurbano\/#\/schema\/person\/02dd326b1c4b056e9cc972486934a3a7"},"headline":"Se llev\u00f3 a cabo una nueva reuni\u00f3n de la Comisi\u00f3n de Transporte Interurbano","datePublished":"2021-06-25T17:03:59+00:00","dateModified":"2021-06-25T17:05:21+00:00","mainEntityOfPage":{"@id":"https:\/\/experienciadevida.com.ar\/portalurbano\/se-llevo-a-cabo-una-nueva-reunion-de-la-comision-de-transporte-interurbano\/"},"wordCount":228,"publisher":{"@id":"https:\/\/experienciadevida.com.ar\/portalurbano\/#organization"},"articleSection":["Ciudad","Destacadas"],"inLanguage":"es"},{"@type":"WebPage","@id":"https:\/\/experienciadevida.com.ar\/portalurbano\/se-llevo-a-cabo-una-nueva-reunion-de-la-comision-de-transporte-interurbano\/","url":"https:\/\/experienciadevida.com.ar\/portalurbano\/se-llevo-a-cabo-una-nueva-reunion-de-la-comision-de-transporte-interurbano\/","name":"Se llevo a cabo una nueva reuni\u00f3n de la comisi\u00f3n de transporte","isPartOf":{"@id":"https:\/\/experienciadevida.com.ar\/portalurbano\/#website"},"datePublished":"2021-06-25T17:03:59+00:00","dateModified":"2021-06-25T17:05:21+00:00","description":"Se llev\u00f3 a cabo una nueva reuni\u00f3n de la Comisi\u00f3n de Transporte Interurbano, fue en la ma\u00f1ana de este viernes participaron referentes","breadcrumb":{"@id":"https:\/\/experienciadevida.com.ar\/portalurbano\/se-llevo-a-cabo-una-nueva-reunion-de-la-comision-de-transporte-interurbano\/#breadcrumb"},"inLanguage":"es","potentialAction":[{"@type":"ReadAction","target":["https:\/\/experienciadevida.com.ar\/portalurbano\/se-llevo-a-cabo-una-nueva-reunion-de-la-comision-de-transporte-interurbano\/"]}]},{"@type":"BreadcrumbList","@id":"https:\/\/experienciadevida.com.ar\/portalurbano\/se-llevo-a-cabo-una-nueva-reunion-de-la-comision-de-transporte-interurbano\/#breadcrumb","itemListElement":[{"@type":"ListItem","position":1,"name":"Portada","item":"https:\/\/experienciadevida.com.ar\/portalurbano\/"},{"@type":"ListItem","position":2,"name":"Se llev\u00f3 a cabo una nueva reuni\u00f3n de la Comisi\u00f3n de Transporte Interurbano"}]},{"@type":"WebSite","@id":"https:\/\/experienciadevida.com.ar\/portalurbano\/#website","url":"https:\/\/experienciadevida.com.ar\/portalurbano\/","name":"","description":"","publisher":{"@id":"https:\/\/experienciadevida.com.ar\/portalurbano\/#organization"},"potentialAction":[{"@type":"SearchAction","target":{"@type":"EntryPoint","urlTemplate":"https:\/\/experienciadevida.com.ar\/portalurbano\/?s={search_term_string}"},"query-input":"required name=search_term_string"}],"inLanguage":"es"},{"@type":"Organization","@id":"https:\/\/experienciadevida.com.ar\/portalurbano\/#organization","name":"Portal Urbano","url":"https:\/\/experienciadevida.com.ar\/portalurbano\/","logo":{"@type":"ImageObject","inLanguage":"es","@id":"https:\/\/experienciadevida.com.ar\/portalurbano\/#\/schema\/logo\/image\/","url":"https:\/\/experienciadevida.com.ar\/portalurbano\/wp-content\/uploads\/2019\/09\/Logo-Original.png","contentUrl":"https:\/\/experienciadevida.com.ar\/portalurbano\/wp-content\/uploads\/2019\/09\/Logo-Original.png","width":2236,"height":1216,"caption":"Portal Urbano"},"image":{"@id":"https:\/\/experienciadevida.com.ar\/portalurbano\/#\/schema\/logo\/image\/"},"sameAs":["https:\/\/www.facebook.com\/Portal-Urbano-171542830093757\/","https:\/\/twitter.com\/portalurbanook","https:\/\/www.instagram.com\/_portalurbano\/","https:\/\/www.youtube.com\/channel\/UCXhagIfszH8KxFiOok79zbA?view_as=subscriber"]},{"@type":"Person","@id":"https:\/\/experienciadevida.com.ar\/portalurbano\/#\/schema\/person\/02dd326b1c4b056e9cc972486934a3a7","name":"admpu17wp","image":{"@type":"ImageObject","inLanguage":"es","@id":"https:\/\/experienciadevida.com.ar\/portalurbano\/#\/schema\/person\/image\/","url":"https:\/\/secure.gravatar.com\/avatar\/830d4c57adaae6630765e449a6908047?s=96&d=mm&r=g","contentUrl":"https:\/\/secure.gravatar.com\/avatar\/830d4c57adaae6630765e449a6908047?s=96&d=mm&r=g","caption":"admpu17wp"}}]}},"featured_image_urls":{"full":["https:\/\/experienciadevida.com.ar\/portalurbano\/wp-content\/uploads\/2021\/06\/Se-llevo-a-cabo-una.jpg",1024,704,false],"thumbnail":["https:\/\/experienciadevida.com.ar\/portalurbano\/wp-content\/uploads\/2021\/06\/Se-llevo-a-cabo-una-150x150.jpg",150,150,true],"medium":["https:\/\/experienciadevida.com.ar\/portalurbano\/wp-content\/uploads\/2021\/06\/Se-llevo-a-cabo-una-300x206.jpg",300,206,true],"medium_large":["https:\/\/experienciadevida.com.ar\/portalurbano\/wp-content\/uploads\/2021\/06\/Se-llevo-a-cabo-una-768x528.jpg",640,440,true],"large":["https:\/\/experienciadevida.com.ar\/portalurbano\/wp-content\/uploads\/2021\/06\/Se-llevo-a-cabo-una.jpg",640,440,false],"ug_big":["https:\/\/experienciadevida.com.ar\/portalurbano\/wp-content\/uploads\/2021\/06\/Se-llevo-a-cabo-una-768x528.jpg",768,528,true],"1536x1536":["https:\/\/experienciadevida.com.ar\/portalurbano\/wp-content\/uploads\/2021\/06\/Se-llevo-a-cabo-una.jpg",1024,704,false],"2048x2048":["https:\/\/experienciadevida.com.ar\/portalurbano\/wp-content\/uploads\/2021\/06\/Se-llevo-a-cabo-una.jpg",1024,704,false],"newsever-slider-full":["https:\/\/experienciadevida.com.ar\/portalurbano\/wp-content\/uploads\/2021\/06\/Se-llevo-a-cabo-una.jpg",1024,704,false],"newsever-featured":["https:\/\/experienciadevida.com.ar\/portalurbano\/wp-content\/uploads\/2021\/06\/Se-llevo-a-cabo-una.jpg",1024,704,false],"newsever-medium":["https:\/\/experienciadevida.com.ar\/portalurbano\/wp-content\/uploads\/2021\/06\/Se-llevo-a-cabo-una.jpg",691,475,false],"web-stories-poster-portrait":["https:\/\/experienciadevida.com.ar\/portalurbano\/wp-content\/uploads\/2021\/06\/Se-llevo-a-cabo-una.jpg",640,440,false],"web-stories-publisher-logo":["https:\/\/experienciadevida.com.ar\/portalurbano\/wp-content\/uploads\/2021\/06\/Se-llevo-a-cabo-una.jpg",96,66,false],"web-stories-thumbnail":["https:\/\/experienciadevida.com.ar\/portalurbano\/wp-content\/uploads\/2021\/06\/Se-llevo-a-cabo-una.jpg",150,103,false]},"author_info":{"display_name":"admpu17wp","author_link":"https:\/\/experienciadevida.com.ar\/portalurbano\/author\/admpu17wp\/"},"category_info":"<a href=\"https:\/\/experienciadevida.com.ar\/portalurbano\/category\/ciudad\/\" rel=\"category tag\">Ciudad<\/a> <a href=\"https:\/\/experienciadevida.com.ar\/portalurbano\/category\/destacadas\/\" rel=\"category tag\">Destacadas<\/a>","tag_info":"Destacadas","comment_count":"0","amp_enabled":true,"_links":{"self":[{"href":"https:\/\/experienciadevida.com.ar\/portalurbano\/wp-json\/wp\/v2\/posts\/146105"}],"collection":[{"href":"https:\/\/experienciadevida.com.ar\/portalurbano\/wp-json\/wp\/v2\/posts"}],"about":[{"href":"https:\/\/experienciadevida.com.ar\/portalurbano\/wp-json\/wp\/v2\/types\/post"}],"author":[{"embeddable":true,"href":"https:\/\/experienciadevida.com.ar\/portalurbano\/wp-json\/wp\/v2\/users\/1"}],"replies":[{"embeddable":true,"href":"https:\/\/experienciadevida.com.ar\/portalurbano\/wp-json\/wp\/v2\/comments?post=146105"}],"version-history":[{"count":1,"href":"https:\/\/experienciadevida.com.ar\/portalurbano\/wp-json\/wp\/v2\/posts\/146105\/revisions"}],"predecessor-version":[{"id":146107,"href":"https:\/\/experienciadevida.com.ar\/portalurbano\/wp-json\/wp\/v2\/posts\/146105\/revisions\/146107"}],"wp:featuredmedia":[{"embeddable":true,"href":"https:\/\/experienciadevida.com.ar\/portalurbano\/wp-json\/wp\/v2\/media\/146106"}],"wp:attachment":[{"href":"https:\/\/experienciadevida.com.ar\/portalurbano\/wp-json\/wp\/v2\/media?parent=146105"}],"wp:term":[{"taxonomy":"category","embeddable":true,"href":"https:\/\/experienciadevida.com.ar\/portalurbano\/wp-json\/wp\/v2\/categories?post=146105"},{"taxonomy":"post_tag","embeddable":true,"href":"https:\/\/experienciadevida.com.ar\/portalurbano\/wp-json\/wp\/v2\/tags?post=146105"}],"curies":[{"name":"wp","href":"https:\/\/api.w.org\/{rel}","templated":true}]}}