{"id":146079,"date":"2021-06-25T10:40:50","date_gmt":"2021-06-25T13:40:50","guid":{"rendered":"https:\/\/experienciadevida.com.ar\/portalurbano\/?p=146079"},"modified":"2021-06-25T10:41:09","modified_gmt":"2021-06-25T13:41:09","slug":"promover-la-terminalidad-educativa-es-dar-herramientas-para-la-vida-adulta","status":"publish","type":"post","link":"https:\/\/experienciadevida.com.ar\/portalurbano\/promover-la-terminalidad-educativa-es-dar-herramientas-para-la-vida-adulta\/","title":{"rendered":"\u201cPromover la terminalidad educativa es dar herramientas para la vida adulta\u201d"},"content":{"rendered":"<p>\u201cPromover la terminalidad educativa es dar herramientas para la vida adulta\u201d, fueron las palabras que dieron integrantes del Foro Olavarr\u00eda \u2013 Frente<br \/>\nRenovador acerca de la propuesta de Terminalidad Educativa del programa nacional \u201cPotenciar Trabajo\u201d.\u00a0 In\u00e9s Creimer, Liz Herrera, Micaela Alfonzo y Pablo Wagner compartieron sus reflexiones.<\/p>\n<p>Potenciar Trabajo se afianza como una herramienta de ayuda social con el fin de mejorar la empleabilidad y la generaci\u00f3n de propuestas productivas a<br \/>\ntrav\u00e9s de la terminalidad educativa, la formaci\u00f3n laboral y la capacitaci\u00f3n en oficios.<\/p>\n<p>Este programa, orientado para personas mayores a 18 a\u00f1os y menores a 65, se aplic\u00f3 en la ciudad de manera muy satisfactoria logrando una interesante convocatoria de vecinas y vecinos que se encuentran sin empleo. En total, fueron 40 olavarrienses que participaron en una nueva etapa del Potenciar Trabajo, enmarcado en articulaci\u00f3n con el Ministerio de Desarrollo Social y el Ministerio de Transporte de la Naci\u00f3n, ejecutado por Trenes Argentinos Capital Humano.<\/p>\n<p>En cuanto a la terminalidad educativa que ofrece el programa \u201cCooperar-<a href=\"https:\/\/experienciadevida.com.ar\/portalurbano\/mas-olavarrienses-recibiran-certificados-de-capacitacion-del-potenciar-trabajo\/\">Potenciar Trabajo<\/a>\u201d, Micaela Alfonzo, promotora socioeducativa, explic\u00f3 que &#8220;desde comienzo de a\u00f1o, estamos acompa\u00f1ando a 10 titulares del programa a finalizar sus estudios\u201d.<\/p>\n<p>\u201cNuestro trabajo es en el territorio, de acompa\u00f1amiento, para que la persona se sienta segura, cumpla con las metas cuatrimestrales que le asignan desde la plataforma\u201d, se\u00f1al\u00f3.<\/p>\n<p>&#8220;Promover la terminalidad educativa es dar herramientas para la vida adulta&#8221;, adem\u00e1s, Micaela coment\u00f3 que \u201csi es necesario tambi\u00e9n realizamos un abordaje con apoyo escolar y, desde la &#8220;Casa Eduardo Chino Correa&#8221; sede del Foro Olavarr\u00eda y Frente Renovador, contamos con un espacio f\u00edsico que nos permite tener conexi\u00f3n a internet para las cursadas virtuales&#8221;. \u201cQue las personas tengan la oportunidad de finalizar el secundario les va a abrir<br \/>\nmuchas puertas, m\u00e1s all\u00e1 del \u00e1mbito laboral. Tambi\u00e9n crecer en conocimientos y como persona\u201d, concluy\u00f3.<\/p>\n<p>La concejal\u00a0 del Foro Olavarr\u00eda &#8211; Frente Renovador, In\u00e9s Creimer, tambi\u00e9n comparti\u00f3 su postura expresando que \u201cla educaci\u00f3n construye ciudadan\u00eda y<br \/>\npensamiento cr\u00edtico\u201d. \u201cPromover la terminalidad educativa es dar herramientas para la vida adulta pero tambi\u00e9n es ayudar a cerrar etapas que<br \/>\nse vieron interrumpidas por un sinn\u00famero de razones\u201d, expres\u00f3 la concejala <a href=\"https:\/\/www.facebook.com\/ines.creimer\">Creimer<\/a>.<\/p>\n<p>Por su parte, Liz Herrera, integrante del Foro Olavarr\u00eda \u2013 Frente Renovador, aport\u00f3 que \u201cla educaci\u00f3n es una herramienta fundamental que asegura la libertad del ciudadano y la transformaci\u00f3n de la sociedad\u201d. Respecto al programa impulsado desde el Ministerio de Desarrollo Social, Herrera destac\u00f3 que \u201cgarantiza la presencia del Estado en la construcci\u00f3n de una propuesta educativa igualitaria, justa e inclusiva\u201d. Adem\u00e1s, aclar\u00f3 que \u201cen este contexto de pandemia la educaci\u00f3n es un derecho que debe garantizarse atado a condicionamientos para asegurar la salud y la vida de quienes acceden a las diferentes propuestas\u201d. \u201cAun as\u00ed, en esta compleja y delicada realidad, celebramos estas acciones del Estado de acompa\u00f1ar<br \/>\ntrayectorias educativas que en alg\u00fan momento fueron interrumpidas\u201d, finaliz\u00f3.<\/p>\n<p>Otra de las voces que aport\u00f3 su testimonio fue la de Pablo Wagner, director de la E.E.S. N\u00ba 1 \u201cJorge Luis Borges\u201d e integrante del Foro Olavarr\u00eda &#8211;<br \/>\nFrente Renovador. \u201c\u2019Potenciar Trabajo\u2019 es un programa nacional de inclusi\u00f3n socio productiva y desarrollo local que abarca un amplio rango etario, de<br \/>\n18 a 65 a\u00f1os. Es una gran apuesta que hizo el Ministerio de Desarrollo Social\u201d, inici\u00f3 Wagner. En cuanto al objetivo de la terminalidad educativa<br \/>\ndel Potenciar Trabajo Wagner asegur\u00f3 que \u201ces el de contribuir a mejorar la empleabilidad y la generaci\u00f3n de nuevas propuestas productivas a trav\u00e9s de la terminalidad educativa\u201d. Para finalizar, el integrante del Foro Olavarr\u00eda \u2013 Frente Renovador dijo que \u201cestas iniciativas son evidencia de<br \/>\nun Estado presente\u201d.<\/p>\n<p>&#8220;Promover la terminalidad educativa es dar herramientas para la vida adulta&#8221;, Para m\u00e1s informaci\u00f3n sobre el Programa \u201cPotenciar Trabajo\u201d y otras<br \/>\nactividades del Foro Olavarr\u00eda contactarse a trav\u00e9s de las siguientes v\u00edas de comunicaci\u00f3n:<\/p>\n<p>WhatsApp: 2284 554873<br \/>\nE-Mail: foroolavarria@gmail.com<br \/>\nP\u00e1gina Web: www.foroolavarria.org<\/p>\n","protected":false},"excerpt":{"rendered":"<p>\u201cPromover la terminalidad educativa es dar herramientas para la vida adulta\u201d, fueron las palabras que&#8230;<\/p>\n","protected":false},"author":1,"featured_media":146080,"comment_status":"closed","ping_status":"closed","sticky":false,"template":"","format":"standard","meta":{"content-type":""},"categories":[51,43],"tags":[],"nelio_content":{"isAutoShareEnabled":false,"autoShareEndMode":"default","automationSources":{"useContentSentences":true,"useSocialTemplates":true,"useCustomSentences":false,"customSentences":[]},"followers":[1],"suggestedReferences":[],"includedReferences":[],"efiUrl":"","efiAlt":"","highlights":[]},"yoast_head":"<!-- This site is optimized with the Yoast SEO plugin v20.7 - https:\/\/yoast.com\/wordpress\/plugins\/seo\/ -->\n<title>&quot;Promover la terminalidad educativa es dar herramientas para la vida&quot;<\/title>\n<meta name=\"description\" content=\"\u201cPromover la terminalidad educativa es dar herramientas para la vida adulta\u201d, fueron las palabras que dieron integrantes del Foro Olavarr\u00eda \u2013\" \/>\n<meta name=\"robots\" content=\"index, follow, max-snippet:-1, max-image-preview:large, max-video-preview:-1\" \/>\n<link rel=\"canonical\" href=\"https:\/\/experienciadevida.com.ar\/portalurbano\/promover-la-terminalidad-educativa-es-dar-herramientas-para-la-vida-adulta\/\" \/>\n<meta property=\"og:locale\" content=\"es_ES\" \/>\n<meta property=\"og:type\" content=\"article\" \/>\n<meta property=\"og:title\" content=\"&quot;Promover la terminalidad educativa es dar herramientas para la vida&quot;\" \/>\n<meta property=\"og:description\" content=\"\u201cPromover la terminalidad educativa es dar herramientas para la vida adulta\u201d, fueron las palabras que dieron integrantes del Foro Olavarr\u00eda \u2013\" \/>\n<meta property=\"og:url\" content=\"https:\/\/experienciadevida.com.ar\/portalurbano\/promover-la-terminalidad-educativa-es-dar-herramientas-para-la-vida-adulta\/\" \/>\n<meta property=\"article:publisher\" content=\"https:\/\/www.facebook.com\/Portal-Urbano-171542830093757\/\" \/>\n<meta property=\"article:published_time\" content=\"2021-06-25T13:40:50+00:00\" \/>\n<meta property=\"article:modified_time\" content=\"2021-06-25T13:41:09+00:00\" \/>\n<meta property=\"og:image\" content=\"https:\/\/experienciadevida.com.ar\/portalurbano\/wp-content\/uploads\/2021\/06\/Promover-la-terminalidad-educativa-es.jpeg\" \/>\n\t<meta property=\"og:image:width\" content=\"1280\" \/>\n\t<meta property=\"og:image:height\" content=\"719\" \/>\n\t<meta property=\"og:image:type\" content=\"image\/jpeg\" \/>\n<meta name=\"author\" content=\"admpu17wp\" \/>\n<meta name=\"twitter:card\" content=\"summary_large_image\" \/>\n<meta name=\"twitter:creator\" content=\"@portalurbanook\" \/>\n<meta name=\"twitter:site\" content=\"@portalurbanook\" \/>\n<meta name=\"twitter:label1\" content=\"Escrito por\" \/>\n\t<meta name=\"twitter:data1\" content=\"admpu17wp\" \/>\n\t<meta name=\"twitter:label2\" content=\"Tiempo de lectura\" \/>\n\t<meta name=\"twitter:data2\" content=\"3 minutos\" \/>\n<script type=\"application\/ld+json\" class=\"yoast-schema-graph\">{\"@context\":\"https:\/\/schema.org\",\"@graph\":[{\"@type\":\"Article\",\"@id\":\"https:\/\/experienciadevida.com.ar\/portalurbano\/promover-la-terminalidad-educativa-es-dar-herramientas-para-la-vida-adulta\/#article\",\"isPartOf\":{\"@id\":\"https:\/\/experienciadevida.com.ar\/portalurbano\/promover-la-terminalidad-educativa-es-dar-herramientas-para-la-vida-adulta\/\"},\"author\":{\"name\":\"admpu17wp\",\"@id\":\"https:\/\/experienciadevida.com.ar\/portalurbano\/#\/schema\/person\/02dd326b1c4b056e9cc972486934a3a7\"},\"headline\":\"\u201cPromover la terminalidad educativa es dar herramientas para la vida adulta\u201d\",\"datePublished\":\"2021-06-25T13:40:50+00:00\",\"dateModified\":\"2021-06-25T13:41:09+00:00\",\"mainEntityOfPage\":{\"@id\":\"https:\/\/experienciadevida.com.ar\/portalurbano\/promover-la-terminalidad-educativa-es-dar-herramientas-para-la-vida-adulta\/\"},\"wordCount\":690,\"publisher\":{\"@id\":\"https:\/\/experienciadevida.com.ar\/portalurbano\/#organization\"},\"articleSection\":[\"Destacadas\",\"Pol\u00edtica\"],\"inLanguage\":\"es\"},{\"@type\":\"WebPage\",\"@id\":\"https:\/\/experienciadevida.com.ar\/portalurbano\/promover-la-terminalidad-educativa-es-dar-herramientas-para-la-vida-adulta\/\",\"url\":\"https:\/\/experienciadevida.com.ar\/portalurbano\/promover-la-terminalidad-educativa-es-dar-herramientas-para-la-vida-adulta\/\",\"name\":\"\\\"Promover la terminalidad educativa es dar herramientas para la vida\\\"\",\"isPartOf\":{\"@id\":\"https:\/\/experienciadevida.com.ar\/portalurbano\/#website\"},\"datePublished\":\"2021-06-25T13:40:50+00:00\",\"dateModified\":\"2021-06-25T13:41:09+00:00\",\"description\":\"\u201cPromover la terminalidad educativa es dar herramientas para la vida adulta\u201d, fueron las palabras que dieron integrantes del Foro Olavarr\u00eda \u2013\",\"breadcrumb\":{\"@id\":\"https:\/\/experienciadevida.com.ar\/portalurbano\/promover-la-terminalidad-educativa-es-dar-herramientas-para-la-vida-adulta\/#breadcrumb\"},\"inLanguage\":\"es\",\"potentialAction\":[{\"@type\":\"ReadAction\",\"target\":[\"https:\/\/experienciadevida.com.ar\/portalurbano\/promover-la-terminalidad-educativa-es-dar-herramientas-para-la-vida-adulta\/\"]}]},{\"@type\":\"BreadcrumbList\",\"@id\":\"https:\/\/experienciadevida.com.ar\/portalurbano\/promover-la-terminalidad-educativa-es-dar-herramientas-para-la-vida-adulta\/#breadcrumb\",\"itemListElement\":[{\"@type\":\"ListItem\",\"position\":1,\"name\":\"Portada\",\"item\":\"https:\/\/experienciadevida.com.ar\/portalurbano\/\"},{\"@type\":\"ListItem\",\"position\":2,\"name\":\"\u201cPromover la terminalidad educativa es dar herramientas para la vida adulta\u201d\"}]},{\"@type\":\"WebSite\",\"@id\":\"https:\/\/experienciadevida.com.ar\/portalurbano\/#website\",\"url\":\"https:\/\/experienciadevida.com.ar\/portalurbano\/\",\"name\":\"\",\"description\":\"\",\"publisher\":{\"@id\":\"https:\/\/experienciadevida.com.ar\/portalurbano\/#organization\"},\"potentialAction\":[{\"@type\":\"SearchAction\",\"target\":{\"@type\":\"EntryPoint\",\"urlTemplate\":\"https:\/\/experienciadevida.com.ar\/portalurbano\/?s={search_term_string}\"},\"query-input\":\"required name=search_term_string\"}],\"inLanguage\":\"es\"},{\"@type\":\"Organization\",\"@id\":\"https:\/\/experienciadevida.com.ar\/portalurbano\/#organization\",\"name\":\"Portal Urbano\",\"url\":\"https:\/\/experienciadevida.com.ar\/portalurbano\/\",\"logo\":{\"@type\":\"ImageObject\",\"inLanguage\":\"es\",\"@id\":\"https:\/\/experienciadevida.com.ar\/portalurbano\/#\/schema\/logo\/image\/\",\"url\":\"https:\/\/experienciadevida.com.ar\/portalurbano\/wp-content\/uploads\/2019\/09\/Logo-Original.png\",\"contentUrl\":\"https:\/\/experienciadevida.com.ar\/portalurbano\/wp-content\/uploads\/2019\/09\/Logo-Original.png\",\"width\":2236,\"height\":1216,\"caption\":\"Portal Urbano\"},\"image\":{\"@id\":\"https:\/\/experienciadevida.com.ar\/portalurbano\/#\/schema\/logo\/image\/\"},\"sameAs\":[\"https:\/\/www.facebook.com\/Portal-Urbano-171542830093757\/\",\"https:\/\/twitter.com\/portalurbanook\",\"https:\/\/www.instagram.com\/_portalurbano\/\",\"https:\/\/www.youtube.com\/channel\/UCXhagIfszH8KxFiOok79zbA?view_as=subscriber\"]},{\"@type\":\"Person\",\"@id\":\"https:\/\/experienciadevida.com.ar\/portalurbano\/#\/schema\/person\/02dd326b1c4b056e9cc972486934a3a7\",\"name\":\"admpu17wp\",\"image\":{\"@type\":\"ImageObject\",\"inLanguage\":\"es\",\"@id\":\"https:\/\/experienciadevida.com.ar\/portalurbano\/#\/schema\/person\/image\/\",\"url\":\"https:\/\/secure.gravatar.com\/avatar\/830d4c57adaae6630765e449a6908047?s=96&d=mm&r=g\",\"contentUrl\":\"https:\/\/secure.gravatar.com\/avatar\/830d4c57adaae6630765e449a6908047?s=96&d=mm&r=g\",\"caption\":\"admpu17wp\"}}]}<\/script>\n<!-- \/ Yoast SEO plugin. -->","yoast_head_json":{"title":"\"Promover la terminalidad educativa es dar herramientas para la vida\"","description":"\u201cPromover la terminalidad educativa es dar herramientas para la vida adulta\u201d, fueron las palabras que dieron integrantes del Foro Olavarr\u00eda \u2013","robots":{"index":"index","follow":"follow","max-snippet":"max-snippet:-1","max-image-preview":"max-image-preview:large","max-video-preview":"max-video-preview:-1"},"canonical":"https:\/\/experienciadevida.com.ar\/portalurbano\/promover-la-terminalidad-educativa-es-dar-herramientas-para-la-vida-adulta\/","og_locale":"es_ES","og_type":"article","og_title":"\"Promover la terminalidad educativa es dar herramientas para la vida\"","og_description":"\u201cPromover la terminalidad educativa es dar herramientas para la vida adulta\u201d, fueron las palabras que dieron integrantes del Foro Olavarr\u00eda \u2013","og_url":"https:\/\/experienciadevida.com.ar\/portalurbano\/promover-la-terminalidad-educativa-es-dar-herramientas-para-la-vida-adulta\/","article_publisher":"https:\/\/www.facebook.com\/Portal-Urbano-171542830093757\/","article_published_time":"2021-06-25T13:40:50+00:00","article_modified_time":"2021-06-25T13:41:09+00:00","og_image":[{"width":1280,"height":719,"url":"https:\/\/experienciadevida.com.ar\/portalurbano\/wp-content\/uploads\/2021\/06\/Promover-la-terminalidad-educativa-es.jpeg","type":"image\/jpeg"}],"author":"admpu17wp","twitter_card":"summary_large_image","twitter_creator":"@portalurbanook","twitter_site":"@portalurbanook","twitter_misc":{"Escrito por":"admpu17wp","Tiempo de lectura":"3 minutos"},"schema":{"@context":"https:\/\/schema.org","@graph":[{"@type":"Article","@id":"https:\/\/experienciadevida.com.ar\/portalurbano\/promover-la-terminalidad-educativa-es-dar-herramientas-para-la-vida-adulta\/#article","isPartOf":{"@id":"https:\/\/experienciadevida.com.ar\/portalurbano\/promover-la-terminalidad-educativa-es-dar-herramientas-para-la-vida-adulta\/"},"author":{"name":"admpu17wp","@id":"https:\/\/experienciadevida.com.ar\/portalurbano\/#\/schema\/person\/02dd326b1c4b056e9cc972486934a3a7"},"headline":"\u201cPromover la terminalidad educativa es dar herramientas para la vida adulta\u201d","datePublished":"2021-06-25T13:40:50+00:00","dateModified":"2021-06-25T13:41:09+00:00","mainEntityOfPage":{"@id":"https:\/\/experienciadevida.com.ar\/portalurbano\/promover-la-terminalidad-educativa-es-dar-herramientas-para-la-vida-adulta\/"},"wordCount":690,"publisher":{"@id":"https:\/\/experienciadevida.com.ar\/portalurbano\/#organization"},"articleSection":["Destacadas","Pol\u00edtica"],"inLanguage":"es"},{"@type":"WebPage","@id":"https:\/\/experienciadevida.com.ar\/portalurbano\/promover-la-terminalidad-educativa-es-dar-herramientas-para-la-vida-adulta\/","url":"https:\/\/experienciadevida.com.ar\/portalurbano\/promover-la-terminalidad-educativa-es-dar-herramientas-para-la-vida-adulta\/","name":"\"Promover la terminalidad educativa es dar herramientas para la vida\"","isPartOf":{"@id":"https:\/\/experienciadevida.com.ar\/portalurbano\/#website"},"datePublished":"2021-06-25T13:40:50+00:00","dateModified":"2021-06-25T13:41:09+00:00","description":"\u201cPromover la terminalidad educativa es dar herramientas para la vida adulta\u201d, fueron las palabras que dieron integrantes del Foro Olavarr\u00eda \u2013","breadcrumb":{"@id":"https:\/\/experienciadevida.com.ar\/portalurbano\/promover-la-terminalidad-educativa-es-dar-herramientas-para-la-vida-adulta\/#breadcrumb"},"inLanguage":"es","potentialAction":[{"@type":"ReadAction","target":["https:\/\/experienciadevida.com.ar\/portalurbano\/promover-la-terminalidad-educativa-es-dar-herramientas-para-la-vida-adulta\/"]}]},{"@type":"BreadcrumbList","@id":"https:\/\/experienciadevida.com.ar\/portalurbano\/promover-la-terminalidad-educativa-es-dar-herramientas-para-la-vida-adulta\/#breadcrumb","itemListElement":[{"@type":"ListItem","position":1,"name":"Portada","item":"https:\/\/experienciadevida.com.ar\/portalurbano\/"},{"@type":"ListItem","position":2,"name":"\u201cPromover la terminalidad educativa es dar herramientas para la vida adulta\u201d"}]},{"@type":"WebSite","@id":"https:\/\/experienciadevida.com.ar\/portalurbano\/#website","url":"https:\/\/experienciadevida.com.ar\/portalurbano\/","name":"","description":"","publisher":{"@id":"https:\/\/experienciadevida.com.ar\/portalurbano\/#organization"},"potentialAction":[{"@type":"SearchAction","target":{"@type":"EntryPoint","urlTemplate":"https:\/\/experienciadevida.com.ar\/portalurbano\/?s={search_term_string}"},"query-input":"required name=search_term_string"}],"inLanguage":"es"},{"@type":"Organization","@id":"https:\/\/experienciadevida.com.ar\/portalurbano\/#organization","name":"Portal Urbano","url":"https:\/\/experienciadevida.com.ar\/portalurbano\/","logo":{"@type":"ImageObject","inLanguage":"es","@id":"https:\/\/experienciadevida.com.ar\/portalurbano\/#\/schema\/logo\/image\/","url":"https:\/\/experienciadevida.com.ar\/portalurbano\/wp-content\/uploads\/2019\/09\/Logo-Original.png","contentUrl":"https:\/\/experienciadevida.com.ar\/portalurbano\/wp-content\/uploads\/2019\/09\/Logo-Original.png","width":2236,"height":1216,"caption":"Portal Urbano"},"image":{"@id":"https:\/\/experienciadevida.com.ar\/portalurbano\/#\/schema\/logo\/image\/"},"sameAs":["https:\/\/www.facebook.com\/Portal-Urbano-171542830093757\/","https:\/\/twitter.com\/portalurbanook","https:\/\/www.instagram.com\/_portalurbano\/","https:\/\/www.youtube.com\/channel\/UCXhagIfszH8KxFiOok79zbA?view_as=subscriber"]},{"@type":"Person","@id":"https:\/\/experienciadevida.com.ar\/portalurbano\/#\/schema\/person\/02dd326b1c4b056e9cc972486934a3a7","name":"admpu17wp","image":{"@type":"ImageObject","inLanguage":"es","@id":"https:\/\/experienciadevida.com.ar\/portalurbano\/#\/schema\/person\/image\/","url":"https:\/\/secure.gravatar.com\/avatar\/830d4c57adaae6630765e449a6908047?s=96&d=mm&r=g","contentUrl":"https:\/\/secure.gravatar.com\/avatar\/830d4c57adaae6630765e449a6908047?s=96&d=mm&r=g","caption":"admpu17wp"}}]}},"featured_image_urls":{"full":["https:\/\/experienciadevida.com.ar\/portalurbano\/wp-content\/uploads\/2021\/06\/Promover-la-terminalidad-educativa-es.jpeg",1280,719,false],"thumbnail":["https:\/\/experienciadevida.com.ar\/portalurbano\/wp-content\/uploads\/2021\/06\/Promover-la-terminalidad-educativa-es-150x150.jpeg",150,150,true],"medium":["https:\/\/experienciadevida.com.ar\/portalurbano\/wp-content\/uploads\/2021\/06\/Promover-la-terminalidad-educativa-es-300x169.jpeg",300,169,true],"medium_large":["https:\/\/experienciadevida.com.ar\/portalurbano\/wp-content\/uploads\/2021\/06\/Promover-la-terminalidad-educativa-es-768x431.jpeg",640,359,true],"large":["https:\/\/experienciadevida.com.ar\/portalurbano\/wp-content\/uploads\/2021\/06\/Promover-la-terminalidad-educativa-es-1024x575.jpeg",640,359,true],"ug_big":["https:\/\/experienciadevida.com.ar\/portalurbano\/wp-content\/uploads\/2021\/06\/Promover-la-terminalidad-educativa-es-768x431.jpeg",768,431,true],"1536x1536":["https:\/\/experienciadevida.com.ar\/portalurbano\/wp-content\/uploads\/2021\/06\/Promover-la-terminalidad-educativa-es.jpeg",1280,719,false],"2048x2048":["https:\/\/experienciadevida.com.ar\/portalurbano\/wp-content\/uploads\/2021\/06\/Promover-la-terminalidad-educativa-es.jpeg",1280,719,false],"newsever-slider-full":["https:\/\/experienciadevida.com.ar\/portalurbano\/wp-content\/uploads\/2021\/06\/Promover-la-terminalidad-educativa-es.jpeg",1280,719,false],"newsever-featured":["https:\/\/experienciadevida.com.ar\/portalurbano\/wp-content\/uploads\/2021\/06\/Promover-la-terminalidad-educativa-es.jpeg",1024,575,false],"newsever-medium":["https:\/\/experienciadevida.com.ar\/portalurbano\/wp-content\/uploads\/2021\/06\/Promover-la-terminalidad-educativa-es.jpeg",720,404,false],"web-stories-poster-portrait":["https:\/\/experienciadevida.com.ar\/portalurbano\/wp-content\/uploads\/2021\/06\/Promover-la-terminalidad-educativa-es.jpeg",640,360,false],"web-stories-publisher-logo":["https:\/\/experienciadevida.com.ar\/portalurbano\/wp-content\/uploads\/2021\/06\/Promover-la-terminalidad-educativa-es.jpeg",96,54,false],"web-stories-thumbnail":["https:\/\/experienciadevida.com.ar\/portalurbano\/wp-content\/uploads\/2021\/06\/Promover-la-terminalidad-educativa-es.jpeg",150,84,false]},"author_info":{"display_name":"admpu17wp","author_link":"https:\/\/experienciadevida.com.ar\/portalurbano\/author\/admpu17wp\/"},"category_info":"<a href=\"https:\/\/experienciadevida.com.ar\/portalurbano\/category\/destacadas\/\" rel=\"category tag\">Destacadas<\/a> <a href=\"https:\/\/experienciadevida.com.ar\/portalurbano\/category\/politica\/\" rel=\"category tag\">Pol\u00edtica<\/a>","tag_info":"Pol\u00edtica","comment_count":"0","amp_enabled":true,"_links":{"self":[{"href":"https:\/\/experienciadevida.com.ar\/portalurbano\/wp-json\/wp\/v2\/posts\/146079"}],"collection":[{"href":"https:\/\/experienciadevida.com.ar\/portalurbano\/wp-json\/wp\/v2\/posts"}],"about":[{"href":"https:\/\/experienciadevida.com.ar\/portalurbano\/wp-json\/wp\/v2\/types\/post"}],"author":[{"embeddable":true,"href":"https:\/\/experienciadevida.com.ar\/portalurbano\/wp-json\/wp\/v2\/users\/1"}],"replies":[{"embeddable":true,"href":"https:\/\/experienciadevida.com.ar\/portalurbano\/wp-json\/wp\/v2\/comments?post=146079"}],"version-history":[{"count":1,"href":"https:\/\/experienciadevida.com.ar\/portalurbano\/wp-json\/wp\/v2\/posts\/146079\/revisions"}],"predecessor-version":[{"id":146081,"href":"https:\/\/experienciadevida.com.ar\/portalurbano\/wp-json\/wp\/v2\/posts\/146079\/revisions\/146081"}],"wp:featuredmedia":[{"embeddable":true,"href":"https:\/\/experienciadevida.com.ar\/portalurbano\/wp-json\/wp\/v2\/media\/146080"}],"wp:attachment":[{"href":"https:\/\/experienciadevida.com.ar\/portalurbano\/wp-json\/wp\/v2\/media?parent=146079"}],"wp:term":[{"taxonomy":"category","embeddable":true,"href":"https:\/\/experienciadevida.com.ar\/portalurbano\/wp-json\/wp\/v2\/categories?post=146079"},{"taxonomy":"post_tag","embeddable":true,"href":"https:\/\/experienciadevida.com.ar\/portalurbano\/wp-json\/wp\/v2\/tags?post=146079"}],"curies":[{"name":"wp","href":"https:\/\/api.w.org\/{rel}","templated":true}]}}