{"id":145993,"date":"2021-06-24T15:56:52","date_gmt":"2021-06-24T18:56:52","guid":{"rendered":"https:\/\/experienciadevida.com.ar\/portalurbano\/?p=145993"},"modified":"2021-06-24T15:58:32","modified_gmt":"2021-06-24T18:58:32","slug":"aguilera-anuncio-la-apertura-de-un-curso-de-formacion-profesional-para-trabajadores-mineros","status":"publish","type":"post","link":"https:\/\/experienciadevida.com.ar\/portalurbano\/aguilera-anuncio-la-apertura-de-un-curso-de-formacion-profesional-para-trabajadores-mineros\/","title":{"rendered":"Aguilera anunci\u00f3 la apertura de un curso de formaci\u00f3n profesional para trabajadores mineros"},"content":{"rendered":"<p>Aguilera anunci\u00f3 la apertura de un curso de formaci\u00f3n profesional para trabajadores mineros, la Subsecretar\u00eda de Miner\u00eda de la Provincia en conjunto con la Direcci\u00f3n de Formaci\u00f3n Profesional, llevar\u00e1n a cabo un curso de capacitaci\u00f3n sobre electricidad industrial destinada espec\u00edficamente al sector minero.<\/p>\n<p>Esta iniciativa, anunciada por Federico Aguilera, tras la reuni\u00f3n concretada este jueves con Ricardo De Gisi, director de Formaci\u00f3n Profesional, y Alejandro Santillan, secretario general de AOMA Olavarr\u00eda, responde a la necesidad detectada desde la Subsecretar\u00eda de Miner\u00eda, junto al Sindicato y al objetivo central de la Direcci\u00f3n de Formaci\u00f3n Profesional, de generar propuestas innovadoras que dialoguen con el mundo del trabajo y promuevan la actualizaci\u00f3n de los saberes en las diferentes ramas productivas.<\/p>\n<p>A partir de un relevamiento realizado entre la autoridad minera provincial y el Sindicato de AOMA, pudo identificarse la necesidad de avanzar en cursos de profesionalizaci\u00f3n gratuitos y con el aval necesario, que les permitan a los y las trabajadoras y trabajadores del sector mejorar en sus puestos y obtener mayores rendimientos. Con relaci\u00f3n a los temas de inter\u00e9s, la necesidad est\u00e1 puesta fundamentalmente en la capacitaci\u00f3n en electricista industrial, seguido por la necesidad de profesionalizarse en mec\u00e1nica y en el manejo de maquinaria minera pesada.<\/p>\n<p>En relaci\u00f3n al lanzamiento de una cursada espec\u00edfica, el subsecretario de Miner\u00eda, Federico Aguilera, hizo referencia a dos demandas con las que se encontr\u00f3 al sumarse a la gesti\u00f3n de Augusto Costa, en el Ministerio de Producci\u00f3n, Ciencia e Innovaci\u00f3n Tecnol\u00f3gica: una del sector empresario que requiere y pide que haya mano de obra calificada; y la otra por parte del sector obrero que desean capacitarse y formarse, porque ello les da la posibilidad de crecer laboralmente, de tener otra impronta dentro del trabajo e incluso otras posibilidades.<br \/>\nEn esta oportunidad, el Centro de Formaci\u00f3n Profesional 401 de la localidad de Olavarr\u00eda ser\u00e1 quien implemente esta capacitaci\u00f3n en el perfil profesional Electricista Industrial, con apertura en el mes de julio.<br \/>\nLa propuesta formativa contemplar\u00e1 480 horas y sus contenidos estar\u00e1n vinculados a la reparaci\u00f3n, instalaci\u00f3n, montaje y mantenimiento de sistemas el\u00e9ctricos, componentes electromec\u00e1nicos y de m\u00e1quinas el\u00e9ctricas. Adem\u00e1s, se capacitar\u00e1n en operaci\u00f3n de instrumentos y equipamiento de mediciones el\u00e9ctricas, organizaci\u00f3n y ejecuci\u00f3n de procesos de diagn\u00f3stico, interpretaci\u00f3n de documentaci\u00f3n t\u00e9cnica referida a su \u00e1rea de trabajo.<br \/>\nEs un derecho garantizar la educaci\u00f3n en todos los niveles y modalidades, as\u00ed como desarrollar acciones de formaci\u00f3n profesional continua que permitan, adem\u00e1s, seguir formando y calificando a los y las trabajadoras y trabajadores en sus \u00e1mbitos laborales; y en esto se viene trabajando desde la Subsecretar\u00eda de Miner\u00eda y en conjunto con las empresas, sindicatos y trabajadores del sector para profesionalizar la actividad.<\/p>\n<p>Cada sector que conforma el entramado productivo provincial ha visto modificados sus procesos productivos de modo exponencial, como consecuencia de las transformaciones a nivel tecnol\u00f3gico y los cambios de paradigma en torno a la utilizaci\u00f3n y reutilizaci\u00f3n de los recursos naturales. En este marco, la Educaci\u00f3n T\u00e9cnico Profesional y particularmente la Formaci\u00f3n Profesional tienen un lugar sumamente valioso, y de all\u00ed el inter\u00e9s de convocarlos desde la Subsecretar\u00eda de Miner\u00eda para trabajar en forma conjunta.<\/p>\n<p>Adem\u00e1s, recordemos que la Subsecretar\u00eda de Miner\u00eda, del Ministerio de Producci\u00f3n, Ciencia e Innovaci\u00f3n Tecnol\u00f3gica de la Provincia, cre\u00f3 dentro de su estructura, la Direcci\u00f3n Provincial de Pol\u00edtica Minera, con la intenci\u00f3n de trabajar en la capacitaci\u00f3n, investigaci\u00f3n y profesionalizaci\u00f3n del sector minero; es desde este espacio que se viene trabajando arduamente y en conjunto con el Consejo Provincial de Educaci\u00f3n y Trabajo (COPRET) para lograr m\u00e1s acciones como estas.<\/p>\n","protected":false},"excerpt":{"rendered":"<p>Aguilera anunci\u00f3 la apertura de un curso de formaci\u00f3n profesional para trabajadores mineros, la Subsecretar\u00eda&#8230;<\/p>\n","protected":false},"author":1,"featured_media":145994,"comment_status":"closed","ping_status":"closed","sticky":false,"template":"","format":"standard","meta":{"content-type":""},"categories":[51,43],"tags":[],"nelio_content":{"isAutoShareEnabled":false,"autoShareEndMode":"default","automationSources":{"useContentSentences":true,"useSocialTemplates":true,"useCustomSentences":false,"customSentences":[]},"followers":[1],"suggestedReferences":[],"includedReferences":[],"efiUrl":"","efiAlt":"","highlights":[]},"yoast_head":"<!-- This site is optimized with the Yoast SEO plugin v20.7 - https:\/\/yoast.com\/wordpress\/plugins\/seo\/ -->\n<title>Aguilera anunci\u00f3 la apertura de un curso de formaci\u00f3n profesional<\/title>\n<meta name=\"description\" content=\"Aguilera anunci\u00f3 la apertura de un curso de formaci\u00f3n profesional para trabajadores mineros, la Subsecretar\u00eda de Miner\u00eda de la Provincia\" \/>\n<meta name=\"robots\" content=\"index, follow, max-snippet:-1, max-image-preview:large, max-video-preview:-1\" \/>\n<link rel=\"canonical\" href=\"https:\/\/experienciadevida.com.ar\/portalurbano\/aguilera-anuncio-la-apertura-de-un-curso-de-formacion-profesional-para-trabajadores-mineros\/\" \/>\n<meta property=\"og:locale\" content=\"es_ES\" \/>\n<meta property=\"og:type\" content=\"article\" \/>\n<meta property=\"og:title\" content=\"Aguilera anunci\u00f3 la apertura de un curso de formaci\u00f3n profesional\" \/>\n<meta property=\"og:description\" content=\"Aguilera anunci\u00f3 la apertura de un curso de formaci\u00f3n profesional para trabajadores mineros, la Subsecretar\u00eda de Miner\u00eda de la Provincia\" \/>\n<meta property=\"og:url\" content=\"https:\/\/experienciadevida.com.ar\/portalurbano\/aguilera-anuncio-la-apertura-de-un-curso-de-formacion-profesional-para-trabajadores-mineros\/\" \/>\n<meta property=\"article:publisher\" content=\"https:\/\/www.facebook.com\/Portal-Urbano-171542830093757\/\" \/>\n<meta property=\"article:published_time\" content=\"2021-06-24T18:56:52+00:00\" \/>\n<meta property=\"article:modified_time\" content=\"2021-06-24T18:58:32+00:00\" \/>\n<meta property=\"og:image\" content=\"https:\/\/experienciadevida.com.ar\/portalurbano\/wp-content\/uploads\/2021\/06\/Aguilera-anuncio-la-apertura-de.jpg\" \/>\n\t<meta property=\"og:image:width\" content=\"1201\" \/>\n\t<meta property=\"og:image:height\" content=\"595\" \/>\n\t<meta property=\"og:image:type\" content=\"image\/jpeg\" \/>\n<meta name=\"author\" content=\"admpu17wp\" \/>\n<meta name=\"twitter:card\" content=\"summary_large_image\" \/>\n<meta name=\"twitter:creator\" content=\"@portalurbanook\" \/>\n<meta name=\"twitter:site\" content=\"@portalurbanook\" \/>\n<meta name=\"twitter:label1\" content=\"Escrito por\" \/>\n\t<meta name=\"twitter:data1\" content=\"admpu17wp\" \/>\n\t<meta name=\"twitter:label2\" content=\"Tiempo de lectura\" \/>\n\t<meta name=\"twitter:data2\" content=\"3 minutos\" \/>\n<script type=\"application\/ld+json\" class=\"yoast-schema-graph\">{\"@context\":\"https:\/\/schema.org\",\"@graph\":[{\"@type\":\"Article\",\"@id\":\"https:\/\/experienciadevida.com.ar\/portalurbano\/aguilera-anuncio-la-apertura-de-un-curso-de-formacion-profesional-para-trabajadores-mineros\/#article\",\"isPartOf\":{\"@id\":\"https:\/\/experienciadevida.com.ar\/portalurbano\/aguilera-anuncio-la-apertura-de-un-curso-de-formacion-profesional-para-trabajadores-mineros\/\"},\"author\":{\"name\":\"admpu17wp\",\"@id\":\"https:\/\/experienciadevida.com.ar\/portalurbano\/#\/schema\/person\/02dd326b1c4b056e9cc972486934a3a7\"},\"headline\":\"Aguilera anunci\u00f3 la apertura de un curso de formaci\u00f3n profesional para trabajadores mineros\",\"datePublished\":\"2021-06-24T18:56:52+00:00\",\"dateModified\":\"2021-06-24T18:58:32+00:00\",\"mainEntityOfPage\":{\"@id\":\"https:\/\/experienciadevida.com.ar\/portalurbano\/aguilera-anuncio-la-apertura-de-un-curso-de-formacion-profesional-para-trabajadores-mineros\/\"},\"wordCount\":676,\"publisher\":{\"@id\":\"https:\/\/experienciadevida.com.ar\/portalurbano\/#organization\"},\"articleSection\":[\"Destacadas\",\"Pol\u00edtica\"],\"inLanguage\":\"es\"},{\"@type\":\"WebPage\",\"@id\":\"https:\/\/experienciadevida.com.ar\/portalurbano\/aguilera-anuncio-la-apertura-de-un-curso-de-formacion-profesional-para-trabajadores-mineros\/\",\"url\":\"https:\/\/experienciadevida.com.ar\/portalurbano\/aguilera-anuncio-la-apertura-de-un-curso-de-formacion-profesional-para-trabajadores-mineros\/\",\"name\":\"Aguilera anunci\u00f3 la apertura de un curso de formaci\u00f3n profesional\",\"isPartOf\":{\"@id\":\"https:\/\/experienciadevida.com.ar\/portalurbano\/#website\"},\"datePublished\":\"2021-06-24T18:56:52+00:00\",\"dateModified\":\"2021-06-24T18:58:32+00:00\",\"description\":\"Aguilera anunci\u00f3 la apertura de un curso de formaci\u00f3n profesional para trabajadores mineros, la Subsecretar\u00eda de Miner\u00eda de la Provincia\",\"breadcrumb\":{\"@id\":\"https:\/\/experienciadevida.com.ar\/portalurbano\/aguilera-anuncio-la-apertura-de-un-curso-de-formacion-profesional-para-trabajadores-mineros\/#breadcrumb\"},\"inLanguage\":\"es\",\"potentialAction\":[{\"@type\":\"ReadAction\",\"target\":[\"https:\/\/experienciadevida.com.ar\/portalurbano\/aguilera-anuncio-la-apertura-de-un-curso-de-formacion-profesional-para-trabajadores-mineros\/\"]}]},{\"@type\":\"BreadcrumbList\",\"@id\":\"https:\/\/experienciadevida.com.ar\/portalurbano\/aguilera-anuncio-la-apertura-de-un-curso-de-formacion-profesional-para-trabajadores-mineros\/#breadcrumb\",\"itemListElement\":[{\"@type\":\"ListItem\",\"position\":1,\"name\":\"Portada\",\"item\":\"https:\/\/experienciadevida.com.ar\/portalurbano\/\"},{\"@type\":\"ListItem\",\"position\":2,\"name\":\"Aguilera anunci\u00f3 la apertura de un curso de formaci\u00f3n profesional para trabajadores mineros\"}]},{\"@type\":\"WebSite\",\"@id\":\"https:\/\/experienciadevida.com.ar\/portalurbano\/#website\",\"url\":\"https:\/\/experienciadevida.com.ar\/portalurbano\/\",\"name\":\"\",\"description\":\"\",\"publisher\":{\"@id\":\"https:\/\/experienciadevida.com.ar\/portalurbano\/#organization\"},\"potentialAction\":[{\"@type\":\"SearchAction\",\"target\":{\"@type\":\"EntryPoint\",\"urlTemplate\":\"https:\/\/experienciadevida.com.ar\/portalurbano\/?s={search_term_string}\"},\"query-input\":\"required name=search_term_string\"}],\"inLanguage\":\"es\"},{\"@type\":\"Organization\",\"@id\":\"https:\/\/experienciadevida.com.ar\/portalurbano\/#organization\",\"name\":\"Portal Urbano\",\"url\":\"https:\/\/experienciadevida.com.ar\/portalurbano\/\",\"logo\":{\"@type\":\"ImageObject\",\"inLanguage\":\"es\",\"@id\":\"https:\/\/experienciadevida.com.ar\/portalurbano\/#\/schema\/logo\/image\/\",\"url\":\"https:\/\/experienciadevida.com.ar\/portalurbano\/wp-content\/uploads\/2019\/09\/Logo-Original.png\",\"contentUrl\":\"https:\/\/experienciadevida.com.ar\/portalurbano\/wp-content\/uploads\/2019\/09\/Logo-Original.png\",\"width\":2236,\"height\":1216,\"caption\":\"Portal Urbano\"},\"image\":{\"@id\":\"https:\/\/experienciadevida.com.ar\/portalurbano\/#\/schema\/logo\/image\/\"},\"sameAs\":[\"https:\/\/www.facebook.com\/Portal-Urbano-171542830093757\/\",\"https:\/\/twitter.com\/portalurbanook\",\"https:\/\/www.instagram.com\/_portalurbano\/\",\"https:\/\/www.youtube.com\/channel\/UCXhagIfszH8KxFiOok79zbA?view_as=subscriber\"]},{\"@type\":\"Person\",\"@id\":\"https:\/\/experienciadevida.com.ar\/portalurbano\/#\/schema\/person\/02dd326b1c4b056e9cc972486934a3a7\",\"name\":\"admpu17wp\",\"image\":{\"@type\":\"ImageObject\",\"inLanguage\":\"es\",\"@id\":\"https:\/\/experienciadevida.com.ar\/portalurbano\/#\/schema\/person\/image\/\",\"url\":\"https:\/\/secure.gravatar.com\/avatar\/830d4c57adaae6630765e449a6908047?s=96&d=mm&r=g\",\"contentUrl\":\"https:\/\/secure.gravatar.com\/avatar\/830d4c57adaae6630765e449a6908047?s=96&d=mm&r=g\",\"caption\":\"admpu17wp\"}}]}<\/script>\n<!-- \/ Yoast SEO plugin. -->","yoast_head_json":{"title":"Aguilera anunci\u00f3 la apertura de un curso de formaci\u00f3n profesional","description":"Aguilera anunci\u00f3 la apertura de un curso de formaci\u00f3n profesional para trabajadores mineros, la Subsecretar\u00eda de Miner\u00eda de la Provincia","robots":{"index":"index","follow":"follow","max-snippet":"max-snippet:-1","max-image-preview":"max-image-preview:large","max-video-preview":"max-video-preview:-1"},"canonical":"https:\/\/experienciadevida.com.ar\/portalurbano\/aguilera-anuncio-la-apertura-de-un-curso-de-formacion-profesional-para-trabajadores-mineros\/","og_locale":"es_ES","og_type":"article","og_title":"Aguilera anunci\u00f3 la apertura de un curso de formaci\u00f3n profesional","og_description":"Aguilera anunci\u00f3 la apertura de un curso de formaci\u00f3n profesional para trabajadores mineros, la Subsecretar\u00eda de Miner\u00eda de la Provincia","og_url":"https:\/\/experienciadevida.com.ar\/portalurbano\/aguilera-anuncio-la-apertura-de-un-curso-de-formacion-profesional-para-trabajadores-mineros\/","article_publisher":"https:\/\/www.facebook.com\/Portal-Urbano-171542830093757\/","article_published_time":"2021-06-24T18:56:52+00:00","article_modified_time":"2021-06-24T18:58:32+00:00","og_image":[{"width":1201,"height":595,"url":"https:\/\/experienciadevida.com.ar\/portalurbano\/wp-content\/uploads\/2021\/06\/Aguilera-anuncio-la-apertura-de.jpg","type":"image\/jpeg"}],"author":"admpu17wp","twitter_card":"summary_large_image","twitter_creator":"@portalurbanook","twitter_site":"@portalurbanook","twitter_misc":{"Escrito por":"admpu17wp","Tiempo de lectura":"3 minutos"},"schema":{"@context":"https:\/\/schema.org","@graph":[{"@type":"Article","@id":"https:\/\/experienciadevida.com.ar\/portalurbano\/aguilera-anuncio-la-apertura-de-un-curso-de-formacion-profesional-para-trabajadores-mineros\/#article","isPartOf":{"@id":"https:\/\/experienciadevida.com.ar\/portalurbano\/aguilera-anuncio-la-apertura-de-un-curso-de-formacion-profesional-para-trabajadores-mineros\/"},"author":{"name":"admpu17wp","@id":"https:\/\/experienciadevida.com.ar\/portalurbano\/#\/schema\/person\/02dd326b1c4b056e9cc972486934a3a7"},"headline":"Aguilera anunci\u00f3 la apertura de un curso de formaci\u00f3n profesional para trabajadores mineros","datePublished":"2021-06-24T18:56:52+00:00","dateModified":"2021-06-24T18:58:32+00:00","mainEntityOfPage":{"@id":"https:\/\/experienciadevida.com.ar\/portalurbano\/aguilera-anuncio-la-apertura-de-un-curso-de-formacion-profesional-para-trabajadores-mineros\/"},"wordCount":676,"publisher":{"@id":"https:\/\/experienciadevida.com.ar\/portalurbano\/#organization"},"articleSection":["Destacadas","Pol\u00edtica"],"inLanguage":"es"},{"@type":"WebPage","@id":"https:\/\/experienciadevida.com.ar\/portalurbano\/aguilera-anuncio-la-apertura-de-un-curso-de-formacion-profesional-para-trabajadores-mineros\/","url":"https:\/\/experienciadevida.com.ar\/portalurbano\/aguilera-anuncio-la-apertura-de-un-curso-de-formacion-profesional-para-trabajadores-mineros\/","name":"Aguilera anunci\u00f3 la apertura de un curso de formaci\u00f3n profesional","isPartOf":{"@id":"https:\/\/experienciadevida.com.ar\/portalurbano\/#website"},"datePublished":"2021-06-24T18:56:52+00:00","dateModified":"2021-06-24T18:58:32+00:00","description":"Aguilera anunci\u00f3 la apertura de un curso de formaci\u00f3n profesional para trabajadores mineros, la Subsecretar\u00eda de Miner\u00eda de la Provincia","breadcrumb":{"@id":"https:\/\/experienciadevida.com.ar\/portalurbano\/aguilera-anuncio-la-apertura-de-un-curso-de-formacion-profesional-para-trabajadores-mineros\/#breadcrumb"},"inLanguage":"es","potentialAction":[{"@type":"ReadAction","target":["https:\/\/experienciadevida.com.ar\/portalurbano\/aguilera-anuncio-la-apertura-de-un-curso-de-formacion-profesional-para-trabajadores-mineros\/"]}]},{"@type":"BreadcrumbList","@id":"https:\/\/experienciadevida.com.ar\/portalurbano\/aguilera-anuncio-la-apertura-de-un-curso-de-formacion-profesional-para-trabajadores-mineros\/#breadcrumb","itemListElement":[{"@type":"ListItem","position":1,"name":"Portada","item":"https:\/\/experienciadevida.com.ar\/portalurbano\/"},{"@type":"ListItem","position":2,"name":"Aguilera anunci\u00f3 la apertura de un curso de formaci\u00f3n profesional para trabajadores mineros"}]},{"@type":"WebSite","@id":"https:\/\/experienciadevida.com.ar\/portalurbano\/#website","url":"https:\/\/experienciadevida.com.ar\/portalurbano\/","name":"","description":"","publisher":{"@id":"https:\/\/experienciadevida.com.ar\/portalurbano\/#organization"},"potentialAction":[{"@type":"SearchAction","target":{"@type":"EntryPoint","urlTemplate":"https:\/\/experienciadevida.com.ar\/portalurbano\/?s={search_term_string}"},"query-input":"required name=search_term_string"}],"inLanguage":"es"},{"@type":"Organization","@id":"https:\/\/experienciadevida.com.ar\/portalurbano\/#organization","name":"Portal Urbano","url":"https:\/\/experienciadevida.com.ar\/portalurbano\/","logo":{"@type":"ImageObject","inLanguage":"es","@id":"https:\/\/experienciadevida.com.ar\/portalurbano\/#\/schema\/logo\/image\/","url":"https:\/\/experienciadevida.com.ar\/portalurbano\/wp-content\/uploads\/2019\/09\/Logo-Original.png","contentUrl":"https:\/\/experienciadevida.com.ar\/portalurbano\/wp-content\/uploads\/2019\/09\/Logo-Original.png","width":2236,"height":1216,"caption":"Portal Urbano"},"image":{"@id":"https:\/\/experienciadevida.com.ar\/portalurbano\/#\/schema\/logo\/image\/"},"sameAs":["https:\/\/www.facebook.com\/Portal-Urbano-171542830093757\/","https:\/\/twitter.com\/portalurbanook","https:\/\/www.instagram.com\/_portalurbano\/","https:\/\/www.youtube.com\/channel\/UCXhagIfszH8KxFiOok79zbA?view_as=subscriber"]},{"@type":"Person","@id":"https:\/\/experienciadevida.com.ar\/portalurbano\/#\/schema\/person\/02dd326b1c4b056e9cc972486934a3a7","name":"admpu17wp","image":{"@type":"ImageObject","inLanguage":"es","@id":"https:\/\/experienciadevida.com.ar\/portalurbano\/#\/schema\/person\/image\/","url":"https:\/\/secure.gravatar.com\/avatar\/830d4c57adaae6630765e449a6908047?s=96&d=mm&r=g","contentUrl":"https:\/\/secure.gravatar.com\/avatar\/830d4c57adaae6630765e449a6908047?s=96&d=mm&r=g","caption":"admpu17wp"}}]}},"featured_image_urls":{"full":["https:\/\/experienciadevida.com.ar\/portalurbano\/wp-content\/uploads\/2021\/06\/Aguilera-anuncio-la-apertura-de.jpg",1201,595,false],"thumbnail":["https:\/\/experienciadevida.com.ar\/portalurbano\/wp-content\/uploads\/2021\/06\/Aguilera-anuncio-la-apertura-de-150x150.jpg",150,150,true],"medium":["https:\/\/experienciadevida.com.ar\/portalurbano\/wp-content\/uploads\/2021\/06\/Aguilera-anuncio-la-apertura-de-300x149.jpg",300,149,true],"medium_large":["https:\/\/experienciadevida.com.ar\/portalurbano\/wp-content\/uploads\/2021\/06\/Aguilera-anuncio-la-apertura-de-768x380.jpg",640,317,true],"large":["https:\/\/experienciadevida.com.ar\/portalurbano\/wp-content\/uploads\/2021\/06\/Aguilera-anuncio-la-apertura-de-1024x507.jpg",640,317,true],"ug_big":["https:\/\/experienciadevida.com.ar\/portalurbano\/wp-content\/uploads\/2021\/06\/Aguilera-anuncio-la-apertura-de-768x380.jpg",768,380,true],"1536x1536":["https:\/\/experienciadevida.com.ar\/portalurbano\/wp-content\/uploads\/2021\/06\/Aguilera-anuncio-la-apertura-de.jpg",1201,595,false],"2048x2048":["https:\/\/experienciadevida.com.ar\/portalurbano\/wp-content\/uploads\/2021\/06\/Aguilera-anuncio-la-apertura-de.jpg",1201,595,false],"newsever-slider-full":["https:\/\/experienciadevida.com.ar\/portalurbano\/wp-content\/uploads\/2021\/06\/Aguilera-anuncio-la-apertura-de.jpg",1201,595,false],"newsever-featured":["https:\/\/experienciadevida.com.ar\/portalurbano\/wp-content\/uploads\/2021\/06\/Aguilera-anuncio-la-apertura-de.jpg",1024,507,false],"newsever-medium":["https:\/\/experienciadevida.com.ar\/portalurbano\/wp-content\/uploads\/2021\/06\/Aguilera-anuncio-la-apertura-de.jpg",720,357,false],"web-stories-poster-portrait":["https:\/\/experienciadevida.com.ar\/portalurbano\/wp-content\/uploads\/2021\/06\/Aguilera-anuncio-la-apertura-de.jpg",640,317,false],"web-stories-publisher-logo":["https:\/\/experienciadevida.com.ar\/portalurbano\/wp-content\/uploads\/2021\/06\/Aguilera-anuncio-la-apertura-de.jpg",96,48,false],"web-stories-thumbnail":["https:\/\/experienciadevida.com.ar\/portalurbano\/wp-content\/uploads\/2021\/06\/Aguilera-anuncio-la-apertura-de.jpg",150,74,false]},"author_info":{"display_name":"admpu17wp","author_link":"https:\/\/experienciadevida.com.ar\/portalurbano\/author\/admpu17wp\/"},"category_info":"<a href=\"https:\/\/experienciadevida.com.ar\/portalurbano\/category\/destacadas\/\" rel=\"category tag\">Destacadas<\/a> <a href=\"https:\/\/experienciadevida.com.ar\/portalurbano\/category\/politica\/\" rel=\"category tag\">Pol\u00edtica<\/a>","tag_info":"Pol\u00edtica","comment_count":"0","amp_enabled":true,"_links":{"self":[{"href":"https:\/\/experienciadevida.com.ar\/portalurbano\/wp-json\/wp\/v2\/posts\/145993"}],"collection":[{"href":"https:\/\/experienciadevida.com.ar\/portalurbano\/wp-json\/wp\/v2\/posts"}],"about":[{"href":"https:\/\/experienciadevida.com.ar\/portalurbano\/wp-json\/wp\/v2\/types\/post"}],"author":[{"embeddable":true,"href":"https:\/\/experienciadevida.com.ar\/portalurbano\/wp-json\/wp\/v2\/users\/1"}],"replies":[{"embeddable":true,"href":"https:\/\/experienciadevida.com.ar\/portalurbano\/wp-json\/wp\/v2\/comments?post=145993"}],"version-history":[{"count":2,"href":"https:\/\/experienciadevida.com.ar\/portalurbano\/wp-json\/wp\/v2\/posts\/145993\/revisions"}],"predecessor-version":[{"id":145996,"href":"https:\/\/experienciadevida.com.ar\/portalurbano\/wp-json\/wp\/v2\/posts\/145993\/revisions\/145996"}],"wp:featuredmedia":[{"embeddable":true,"href":"https:\/\/experienciadevida.com.ar\/portalurbano\/wp-json\/wp\/v2\/media\/145994"}],"wp:attachment":[{"href":"https:\/\/experienciadevida.com.ar\/portalurbano\/wp-json\/wp\/v2\/media?parent=145993"}],"wp:term":[{"taxonomy":"category","embeddable":true,"href":"https:\/\/experienciadevida.com.ar\/portalurbano\/wp-json\/wp\/v2\/categories?post=145993"},{"taxonomy":"post_tag","embeddable":true,"href":"https:\/\/experienciadevida.com.ar\/portalurbano\/wp-json\/wp\/v2\/tags?post=145993"}],"curies":[{"name":"wp","href":"https:\/\/api.w.org\/{rel}","templated":true}]}}