{"id":145987,"date":"2021-06-24T12:28:51","date_gmt":"2021-06-24T15:28:51","guid":{"rendered":"https:\/\/experienciadevida.com.ar\/portalurbano\/?p=145987"},"modified":"2021-06-24T12:29:16","modified_gmt":"2021-06-24T15:29:16","slug":"se-unificara-el-sistema-de-recoleccion-en-el-barrio-los-robles-de-giro","status":"publish","type":"post","link":"https:\/\/experienciadevida.com.ar\/portalurbano\/se-unificara-el-sistema-de-recoleccion-en-el-barrio-los-robles-de-giro\/","title":{"rendered":"Se unificar\u00e1 el sistema de recolecci\u00f3n en el barrio Los Robles de GIRO"},"content":{"rendered":"<p>Se unificar\u00e1 el sistema de recolecci\u00f3n en el barrio Los Robles de <a href=\"https:\/\/experienciadevida.com.ar\/portalurbano\/se-realizara-una-caracterizacion-de-residuos-de-olavarria-del-programa-giro\/\">GIRO<\/a>, luego de m\u00e1s de quince semanas -desde el lanzamiento de la prueba piloto- desde el programa GIRO se decidi\u00f3 unificar el sistema de recolecci\u00f3n del barrio Los Robles, bajo el esquema puerta a puerta.<\/p>\n<p>En este sentido, este viernes 25 ser\u00e1 el \u00faltimo d\u00eda de recolecci\u00f3n del contenedor de reciclables, ubicado en Av. Del Maestro y Alsina, y a partir de ese d\u00eda los vecinos que se encuentran dentro de la zona comprendida por Av. Del Maestro y Guadalupe, y Lavalle y Aramburu deber\u00e1n separar los reciclables dentro de su hogar y sacarlos para su recolecci\u00f3n los d\u00edas viernes.<\/p>\n<p>Este cambio se encuentra dentro de lo planificado para la prueba piloto del programa GIRO. En una primera etapa, se decidi\u00f3 probar dos sistemas de recolecci\u00f3n, en distintos sectores del barrio Los Robles, para evaluar junto a los usuarios las fortalezas de cada sistema.<\/p>\n<p>Gracias a la respuesta y compromiso de todo el barrio se pudo realizar este trabajo, que permiti\u00f3 llegar a conclusiones que ser\u00e1n muy importantes para toda la ciudad. A partir de esta adaptaci\u00f3n, la prueba piloto continuar\u00e1 en desarrollo y se incorporar\u00e1n nuevas zonas en el futuro.<\/p>\n<p>Se unificar\u00e1 el sistema de recolecci\u00f3n en el barrio Los Robles, desde la puesta en marcha de GIRO el 2 de marzo, se llevan recolectadas m\u00e1s de 8 toneladas de materiales reciclables y compostables. Esto es el equivalente a m\u00e1s de 150 bolsas de cemento de 50 kg. Todo ello logrado a trav\u00e9s de una prueba piloto que al d\u00eda de hoy alcanza a aproximadamente 800 hogares.<\/p>\n<p>A su vez, al separar los residuos podemos mejorar la calidad de vida de las personas que viven de la recuperaci\u00f3n de los residuos. En la actualidad, las plantas de GIRO cuentan con 11 trabajadores que pueden desarrollar sus tareas en un ambiente m\u00e1s seguro e higi\u00e9nico.<\/p>\n<p>Estos logros son el resultado de una comunidad que ha demostrado un gran compromiso, no s\u00f3lo al separar y sacar sus residuos en los d\u00edas correctos, sino tambi\u00e9n en ser protagonistas del programa, y contribuir con sus opiniones y propuestas.<\/p>\n<p>\u00bfQu\u00e9 es GIRO?<\/p>\n<p>GIRO es el programa de Gesti\u00f3n Integral de Residuos Olavarr\u00eda. Se busca trabajar en la generaci\u00f3n, separaci\u00f3n y tratamiento en la fuente de origen de los residuos, as\u00ed como en su recolecci\u00f3n, transporte, tratamiento, reciclaje y disposici\u00f3n final. Cada una de las etapas estar\u00e1 acompa\u00f1ando por la educaci\u00f3n y concientizaci\u00f3n a la comunidad.<\/p>\n<p>Los objetivos de GIRO son:<\/p>\n<p>Reducir la cantidad de residuos que terminan en el relleno sanitario e incorporarlos nuevamente al ciclo productivo<br \/>\nConstruir campa\u00f1as de concientizaci\u00f3n para la comunidad, que ayuden a aumentar la cantidad de separaci\u00f3n, tanto de los materiales reciclables como de los residuos compostables.<br \/>\nPromover procesos de inclusi\u00f3n social, a partir del trabajo con las personas y sus organizaciones; mejorar las condiciones de trabajo y realizar un seguimiento integral de los actores m\u00e1s vulnerables del ecosistema.<br \/>\nIncrementar la recuperaci\u00f3n de materiales reciclables para crear nuevas fuentes de ingresos, as\u00ed como identificar nuevos mercados y emprendimientos para los materiales dif\u00edciles de reciclar.<br \/>\nPara m\u00e1s informaci\u00f3n puede consultar:<\/p>\n<p>Web: giro.olavarria.gov.ar<br \/>\nFacebook: <a href=\"https:\/\/www.facebook.com\/giro.olavarria\">giro.olavarria<\/a><br \/>\nInstagram: <a href=\"https:\/\/www.instagram.com\/giro.olavarria\/?hl=es-la\">giro.olavarria<\/a><\/p>\n","protected":false},"excerpt":{"rendered":"<p>Se unificar\u00e1 el sistema de recolecci\u00f3n en el barrio Los Robles de GIRO, luego de&#8230;<\/p>\n","protected":false},"author":1,"featured_media":145988,"comment_status":"closed","ping_status":"closed","sticky":false,"template":"","format":"standard","meta":{"content-type":""},"categories":[27,51],"tags":[],"nelio_content":{"isAutoShareEnabled":false,"autoShareEndMode":"default","automationSources":{"useContentSentences":true,"useSocialTemplates":true,"useCustomSentences":false,"customSentences":[]},"followers":[1],"suggestedReferences":[],"includedReferences":["https:\/\/www.instagram.com\/giro.olavarria\/?hl=es-la"],"efiUrl":"","efiAlt":"","highlights":[]},"yoast_head":"<!-- This site is optimized with the Yoast SEO plugin v20.7 - https:\/\/yoast.com\/wordpress\/plugins\/seo\/ -->\n<title>Se unificar\u00e1 el sistema de recolecci\u00f3n en el Barrio Los Robres de GIRO<\/title>\n<meta name=\"description\" content=\"Se unificar\u00e1 el sistema de recolecci\u00f3n en el barrio Los Robles de GIRO, luego de m\u00e1s de quince semanas desde su lanzamiento de la prueba\" \/>\n<meta name=\"robots\" content=\"index, follow, max-snippet:-1, max-image-preview:large, max-video-preview:-1\" \/>\n<link rel=\"canonical\" href=\"https:\/\/experienciadevida.com.ar\/portalurbano\/se-unificara-el-sistema-de-recoleccion-en-el-barrio-los-robles-de-giro\/\" \/>\n<meta property=\"og:locale\" content=\"es_ES\" \/>\n<meta property=\"og:type\" content=\"article\" \/>\n<meta property=\"og:title\" content=\"Se unificar\u00e1 el sistema de recolecci\u00f3n en el Barrio Los Robres de GIRO\" \/>\n<meta property=\"og:description\" content=\"Se unificar\u00e1 el sistema de recolecci\u00f3n en el barrio Los Robles de GIRO, luego de m\u00e1s de quince semanas desde su lanzamiento de la prueba\" \/>\n<meta property=\"og:url\" content=\"https:\/\/experienciadevida.com.ar\/portalurbano\/se-unificara-el-sistema-de-recoleccion-en-el-barrio-los-robles-de-giro\/\" \/>\n<meta property=\"article:publisher\" content=\"https:\/\/www.facebook.com\/Portal-Urbano-171542830093757\/\" \/>\n<meta property=\"article:published_time\" content=\"2021-06-24T15:28:51+00:00\" \/>\n<meta property=\"article:modified_time\" content=\"2021-06-24T15:29:16+00:00\" \/>\n<meta property=\"og:image\" content=\"https:\/\/experienciadevida.com.ar\/portalurbano\/wp-content\/uploads\/2021\/06\/Se-unificara-el-sistema-de.jpg\" \/>\n\t<meta property=\"og:image:width\" content=\"1024\" \/>\n\t<meta property=\"og:image:height\" content=\"682\" \/>\n\t<meta property=\"og:image:type\" content=\"image\/jpeg\" \/>\n<meta name=\"author\" content=\"admpu17wp\" \/>\n<meta name=\"twitter:card\" content=\"summary_large_image\" \/>\n<meta name=\"twitter:creator\" content=\"@portalurbanook\" \/>\n<meta name=\"twitter:site\" content=\"@portalurbanook\" \/>\n<meta name=\"twitter:label1\" content=\"Escrito por\" \/>\n\t<meta name=\"twitter:data1\" content=\"admpu17wp\" \/>\n\t<meta name=\"twitter:label2\" content=\"Tiempo de lectura\" \/>\n\t<meta name=\"twitter:data2\" content=\"3 minutos\" \/>\n<script type=\"application\/ld+json\" class=\"yoast-schema-graph\">{\"@context\":\"https:\/\/schema.org\",\"@graph\":[{\"@type\":\"Article\",\"@id\":\"https:\/\/experienciadevida.com.ar\/portalurbano\/se-unificara-el-sistema-de-recoleccion-en-el-barrio-los-robles-de-giro\/#article\",\"isPartOf\":{\"@id\":\"https:\/\/experienciadevida.com.ar\/portalurbano\/se-unificara-el-sistema-de-recoleccion-en-el-barrio-los-robles-de-giro\/\"},\"author\":{\"name\":\"admpu17wp\",\"@id\":\"https:\/\/experienciadevida.com.ar\/portalurbano\/#\/schema\/person\/02dd326b1c4b056e9cc972486934a3a7\"},\"headline\":\"Se unificar\u00e1 el sistema de recolecci\u00f3n en el barrio Los Robles de GIRO\",\"datePublished\":\"2021-06-24T15:28:51+00:00\",\"dateModified\":\"2021-06-24T15:29:16+00:00\",\"mainEntityOfPage\":{\"@id\":\"https:\/\/experienciadevida.com.ar\/portalurbano\/se-unificara-el-sistema-de-recoleccion-en-el-barrio-los-robles-de-giro\/\"},\"wordCount\":582,\"publisher\":{\"@id\":\"https:\/\/experienciadevida.com.ar\/portalurbano\/#organization\"},\"articleSection\":[\"Ciudad\",\"Destacadas\"],\"inLanguage\":\"es\"},{\"@type\":\"WebPage\",\"@id\":\"https:\/\/experienciadevida.com.ar\/portalurbano\/se-unificara-el-sistema-de-recoleccion-en-el-barrio-los-robles-de-giro\/\",\"url\":\"https:\/\/experienciadevida.com.ar\/portalurbano\/se-unificara-el-sistema-de-recoleccion-en-el-barrio-los-robles-de-giro\/\",\"name\":\"Se unificar\u00e1 el sistema de recolecci\u00f3n en el Barrio Los Robres de GIRO\",\"isPartOf\":{\"@id\":\"https:\/\/experienciadevida.com.ar\/portalurbano\/#website\"},\"datePublished\":\"2021-06-24T15:28:51+00:00\",\"dateModified\":\"2021-06-24T15:29:16+00:00\",\"description\":\"Se unificar\u00e1 el sistema de recolecci\u00f3n en el barrio Los Robles de GIRO, luego de m\u00e1s de quince semanas desde su lanzamiento de la prueba\",\"breadcrumb\":{\"@id\":\"https:\/\/experienciadevida.com.ar\/portalurbano\/se-unificara-el-sistema-de-recoleccion-en-el-barrio-los-robles-de-giro\/#breadcrumb\"},\"inLanguage\":\"es\",\"potentialAction\":[{\"@type\":\"ReadAction\",\"target\":[\"https:\/\/experienciadevida.com.ar\/portalurbano\/se-unificara-el-sistema-de-recoleccion-en-el-barrio-los-robles-de-giro\/\"]}]},{\"@type\":\"BreadcrumbList\",\"@id\":\"https:\/\/experienciadevida.com.ar\/portalurbano\/se-unificara-el-sistema-de-recoleccion-en-el-barrio-los-robles-de-giro\/#breadcrumb\",\"itemListElement\":[{\"@type\":\"ListItem\",\"position\":1,\"name\":\"Portada\",\"item\":\"https:\/\/experienciadevida.com.ar\/portalurbano\/\"},{\"@type\":\"ListItem\",\"position\":2,\"name\":\"Se unificar\u00e1 el sistema de recolecci\u00f3n en el barrio Los Robles de GIRO\"}]},{\"@type\":\"WebSite\",\"@id\":\"https:\/\/experienciadevida.com.ar\/portalurbano\/#website\",\"url\":\"https:\/\/experienciadevida.com.ar\/portalurbano\/\",\"name\":\"\",\"description\":\"\",\"publisher\":{\"@id\":\"https:\/\/experienciadevida.com.ar\/portalurbano\/#organization\"},\"potentialAction\":[{\"@type\":\"SearchAction\",\"target\":{\"@type\":\"EntryPoint\",\"urlTemplate\":\"https:\/\/experienciadevida.com.ar\/portalurbano\/?s={search_term_string}\"},\"query-input\":\"required name=search_term_string\"}],\"inLanguage\":\"es\"},{\"@type\":\"Organization\",\"@id\":\"https:\/\/experienciadevida.com.ar\/portalurbano\/#organization\",\"name\":\"Portal Urbano\",\"url\":\"https:\/\/experienciadevida.com.ar\/portalurbano\/\",\"logo\":{\"@type\":\"ImageObject\",\"inLanguage\":\"es\",\"@id\":\"https:\/\/experienciadevida.com.ar\/portalurbano\/#\/schema\/logo\/image\/\",\"url\":\"https:\/\/experienciadevida.com.ar\/portalurbano\/wp-content\/uploads\/2019\/09\/Logo-Original.png\",\"contentUrl\":\"https:\/\/experienciadevida.com.ar\/portalurbano\/wp-content\/uploads\/2019\/09\/Logo-Original.png\",\"width\":2236,\"height\":1216,\"caption\":\"Portal Urbano\"},\"image\":{\"@id\":\"https:\/\/experienciadevida.com.ar\/portalurbano\/#\/schema\/logo\/image\/\"},\"sameAs\":[\"https:\/\/www.facebook.com\/Portal-Urbano-171542830093757\/\",\"https:\/\/twitter.com\/portalurbanook\",\"https:\/\/www.instagram.com\/_portalurbano\/\",\"https:\/\/www.youtube.com\/channel\/UCXhagIfszH8KxFiOok79zbA?view_as=subscriber\"]},{\"@type\":\"Person\",\"@id\":\"https:\/\/experienciadevida.com.ar\/portalurbano\/#\/schema\/person\/02dd326b1c4b056e9cc972486934a3a7\",\"name\":\"admpu17wp\",\"image\":{\"@type\":\"ImageObject\",\"inLanguage\":\"es\",\"@id\":\"https:\/\/experienciadevida.com.ar\/portalurbano\/#\/schema\/person\/image\/\",\"url\":\"https:\/\/secure.gravatar.com\/avatar\/830d4c57adaae6630765e449a6908047?s=96&d=mm&r=g\",\"contentUrl\":\"https:\/\/secure.gravatar.com\/avatar\/830d4c57adaae6630765e449a6908047?s=96&d=mm&r=g\",\"caption\":\"admpu17wp\"}}]}<\/script>\n<!-- \/ Yoast SEO plugin. -->","yoast_head_json":{"title":"Se unificar\u00e1 el sistema de recolecci\u00f3n en el Barrio Los Robres de GIRO","description":"Se unificar\u00e1 el sistema de recolecci\u00f3n en el barrio Los Robles de GIRO, luego de m\u00e1s de quince semanas desde su lanzamiento de la prueba","robots":{"index":"index","follow":"follow","max-snippet":"max-snippet:-1","max-image-preview":"max-image-preview:large","max-video-preview":"max-video-preview:-1"},"canonical":"https:\/\/experienciadevida.com.ar\/portalurbano\/se-unificara-el-sistema-de-recoleccion-en-el-barrio-los-robles-de-giro\/","og_locale":"es_ES","og_type":"article","og_title":"Se unificar\u00e1 el sistema de recolecci\u00f3n en el Barrio Los Robres de GIRO","og_description":"Se unificar\u00e1 el sistema de recolecci\u00f3n en el barrio Los Robles de GIRO, luego de m\u00e1s de quince semanas desde su lanzamiento de la prueba","og_url":"https:\/\/experienciadevida.com.ar\/portalurbano\/se-unificara-el-sistema-de-recoleccion-en-el-barrio-los-robles-de-giro\/","article_publisher":"https:\/\/www.facebook.com\/Portal-Urbano-171542830093757\/","article_published_time":"2021-06-24T15:28:51+00:00","article_modified_time":"2021-06-24T15:29:16+00:00","og_image":[{"width":1024,"height":682,"url":"https:\/\/experienciadevida.com.ar\/portalurbano\/wp-content\/uploads\/2021\/06\/Se-unificara-el-sistema-de.jpg","type":"image\/jpeg"}],"author":"admpu17wp","twitter_card":"summary_large_image","twitter_creator":"@portalurbanook","twitter_site":"@portalurbanook","twitter_misc":{"Escrito por":"admpu17wp","Tiempo de lectura":"3 minutos"},"schema":{"@context":"https:\/\/schema.org","@graph":[{"@type":"Article","@id":"https:\/\/experienciadevida.com.ar\/portalurbano\/se-unificara-el-sistema-de-recoleccion-en-el-barrio-los-robles-de-giro\/#article","isPartOf":{"@id":"https:\/\/experienciadevida.com.ar\/portalurbano\/se-unificara-el-sistema-de-recoleccion-en-el-barrio-los-robles-de-giro\/"},"author":{"name":"admpu17wp","@id":"https:\/\/experienciadevida.com.ar\/portalurbano\/#\/schema\/person\/02dd326b1c4b056e9cc972486934a3a7"},"headline":"Se unificar\u00e1 el sistema de recolecci\u00f3n en el barrio Los Robles de GIRO","datePublished":"2021-06-24T15:28:51+00:00","dateModified":"2021-06-24T15:29:16+00:00","mainEntityOfPage":{"@id":"https:\/\/experienciadevida.com.ar\/portalurbano\/se-unificara-el-sistema-de-recoleccion-en-el-barrio-los-robles-de-giro\/"},"wordCount":582,"publisher":{"@id":"https:\/\/experienciadevida.com.ar\/portalurbano\/#organization"},"articleSection":["Ciudad","Destacadas"],"inLanguage":"es"},{"@type":"WebPage","@id":"https:\/\/experienciadevida.com.ar\/portalurbano\/se-unificara-el-sistema-de-recoleccion-en-el-barrio-los-robles-de-giro\/","url":"https:\/\/experienciadevida.com.ar\/portalurbano\/se-unificara-el-sistema-de-recoleccion-en-el-barrio-los-robles-de-giro\/","name":"Se unificar\u00e1 el sistema de recolecci\u00f3n en el Barrio Los Robres de GIRO","isPartOf":{"@id":"https:\/\/experienciadevida.com.ar\/portalurbano\/#website"},"datePublished":"2021-06-24T15:28:51+00:00","dateModified":"2021-06-24T15:29:16+00:00","description":"Se unificar\u00e1 el sistema de recolecci\u00f3n en el barrio Los Robles de GIRO, luego de m\u00e1s de quince semanas desde su lanzamiento de la prueba","breadcrumb":{"@id":"https:\/\/experienciadevida.com.ar\/portalurbano\/se-unificara-el-sistema-de-recoleccion-en-el-barrio-los-robles-de-giro\/#breadcrumb"},"inLanguage":"es","potentialAction":[{"@type":"ReadAction","target":["https:\/\/experienciadevida.com.ar\/portalurbano\/se-unificara-el-sistema-de-recoleccion-en-el-barrio-los-robles-de-giro\/"]}]},{"@type":"BreadcrumbList","@id":"https:\/\/experienciadevida.com.ar\/portalurbano\/se-unificara-el-sistema-de-recoleccion-en-el-barrio-los-robles-de-giro\/#breadcrumb","itemListElement":[{"@type":"ListItem","position":1,"name":"Portada","item":"https:\/\/experienciadevida.com.ar\/portalurbano\/"},{"@type":"ListItem","position":2,"name":"Se unificar\u00e1 el sistema de recolecci\u00f3n en el barrio Los Robles de GIRO"}]},{"@type":"WebSite","@id":"https:\/\/experienciadevida.com.ar\/portalurbano\/#website","url":"https:\/\/experienciadevida.com.ar\/portalurbano\/","name":"","description":"","publisher":{"@id":"https:\/\/experienciadevida.com.ar\/portalurbano\/#organization"},"potentialAction":[{"@type":"SearchAction","target":{"@type":"EntryPoint","urlTemplate":"https:\/\/experienciadevida.com.ar\/portalurbano\/?s={search_term_string}"},"query-input":"required name=search_term_string"}],"inLanguage":"es"},{"@type":"Organization","@id":"https:\/\/experienciadevida.com.ar\/portalurbano\/#organization","name":"Portal Urbano","url":"https:\/\/experienciadevida.com.ar\/portalurbano\/","logo":{"@type":"ImageObject","inLanguage":"es","@id":"https:\/\/experienciadevida.com.ar\/portalurbano\/#\/schema\/logo\/image\/","url":"https:\/\/experienciadevida.com.ar\/portalurbano\/wp-content\/uploads\/2019\/09\/Logo-Original.png","contentUrl":"https:\/\/experienciadevida.com.ar\/portalurbano\/wp-content\/uploads\/2019\/09\/Logo-Original.png","width":2236,"height":1216,"caption":"Portal Urbano"},"image":{"@id":"https:\/\/experienciadevida.com.ar\/portalurbano\/#\/schema\/logo\/image\/"},"sameAs":["https:\/\/www.facebook.com\/Portal-Urbano-171542830093757\/","https:\/\/twitter.com\/portalurbanook","https:\/\/www.instagram.com\/_portalurbano\/","https:\/\/www.youtube.com\/channel\/UCXhagIfszH8KxFiOok79zbA?view_as=subscriber"]},{"@type":"Person","@id":"https:\/\/experienciadevida.com.ar\/portalurbano\/#\/schema\/person\/02dd326b1c4b056e9cc972486934a3a7","name":"admpu17wp","image":{"@type":"ImageObject","inLanguage":"es","@id":"https:\/\/experienciadevida.com.ar\/portalurbano\/#\/schema\/person\/image\/","url":"https:\/\/secure.gravatar.com\/avatar\/830d4c57adaae6630765e449a6908047?s=96&d=mm&r=g","contentUrl":"https:\/\/secure.gravatar.com\/avatar\/830d4c57adaae6630765e449a6908047?s=96&d=mm&r=g","caption":"admpu17wp"}}]}},"featured_image_urls":{"full":["https:\/\/experienciadevida.com.ar\/portalurbano\/wp-content\/uploads\/2021\/06\/Se-unificara-el-sistema-de.jpg",1024,682,false],"thumbnail":["https:\/\/experienciadevida.com.ar\/portalurbano\/wp-content\/uploads\/2021\/06\/Se-unificara-el-sistema-de-150x150.jpg",150,150,true],"medium":["https:\/\/experienciadevida.com.ar\/portalurbano\/wp-content\/uploads\/2021\/06\/Se-unificara-el-sistema-de-300x200.jpg",300,200,true],"medium_large":["https:\/\/experienciadevida.com.ar\/portalurbano\/wp-content\/uploads\/2021\/06\/Se-unificara-el-sistema-de-768x512.jpg",640,427,true],"large":["https:\/\/experienciadevida.com.ar\/portalurbano\/wp-content\/uploads\/2021\/06\/Se-unificara-el-sistema-de.jpg",640,426,false],"ug_big":["https:\/\/experienciadevida.com.ar\/portalurbano\/wp-content\/uploads\/2021\/06\/Se-unificara-el-sistema-de-768x512.jpg",768,512,true],"1536x1536":["https:\/\/experienciadevida.com.ar\/portalurbano\/wp-content\/uploads\/2021\/06\/Se-unificara-el-sistema-de.jpg",1024,682,false],"2048x2048":["https:\/\/experienciadevida.com.ar\/portalurbano\/wp-content\/uploads\/2021\/06\/Se-unificara-el-sistema-de.jpg",1024,682,false],"newsever-slider-full":["https:\/\/experienciadevida.com.ar\/portalurbano\/wp-content\/uploads\/2021\/06\/Se-unificara-el-sistema-de.jpg",1024,682,false],"newsever-featured":["https:\/\/experienciadevida.com.ar\/portalurbano\/wp-content\/uploads\/2021\/06\/Se-unificara-el-sistema-de.jpg",1024,682,false],"newsever-medium":["https:\/\/experienciadevida.com.ar\/portalurbano\/wp-content\/uploads\/2021\/06\/Se-unificara-el-sistema-de.jpg",713,475,false],"web-stories-poster-portrait":["https:\/\/experienciadevida.com.ar\/portalurbano\/wp-content\/uploads\/2021\/06\/Se-unificara-el-sistema-de.jpg",640,426,false],"web-stories-publisher-logo":["https:\/\/experienciadevida.com.ar\/portalurbano\/wp-content\/uploads\/2021\/06\/Se-unificara-el-sistema-de.jpg",96,64,false],"web-stories-thumbnail":["https:\/\/experienciadevida.com.ar\/portalurbano\/wp-content\/uploads\/2021\/06\/Se-unificara-el-sistema-de.jpg",150,100,false]},"author_info":{"display_name":"admpu17wp","author_link":"https:\/\/experienciadevida.com.ar\/portalurbano\/author\/admpu17wp\/"},"category_info":"<a href=\"https:\/\/experienciadevida.com.ar\/portalurbano\/category\/ciudad\/\" rel=\"category tag\">Ciudad<\/a> <a href=\"https:\/\/experienciadevida.com.ar\/portalurbano\/category\/destacadas\/\" rel=\"category tag\">Destacadas<\/a>","tag_info":"Destacadas","comment_count":"0","amp_enabled":true,"_links":{"self":[{"href":"https:\/\/experienciadevida.com.ar\/portalurbano\/wp-json\/wp\/v2\/posts\/145987"}],"collection":[{"href":"https:\/\/experienciadevida.com.ar\/portalurbano\/wp-json\/wp\/v2\/posts"}],"about":[{"href":"https:\/\/experienciadevida.com.ar\/portalurbano\/wp-json\/wp\/v2\/types\/post"}],"author":[{"embeddable":true,"href":"https:\/\/experienciadevida.com.ar\/portalurbano\/wp-json\/wp\/v2\/users\/1"}],"replies":[{"embeddable":true,"href":"https:\/\/experienciadevida.com.ar\/portalurbano\/wp-json\/wp\/v2\/comments?post=145987"}],"version-history":[{"count":2,"href":"https:\/\/experienciadevida.com.ar\/portalurbano\/wp-json\/wp\/v2\/posts\/145987\/revisions"}],"predecessor-version":[{"id":145990,"href":"https:\/\/experienciadevida.com.ar\/portalurbano\/wp-json\/wp\/v2\/posts\/145987\/revisions\/145990"}],"wp:featuredmedia":[{"embeddable":true,"href":"https:\/\/experienciadevida.com.ar\/portalurbano\/wp-json\/wp\/v2\/media\/145988"}],"wp:attachment":[{"href":"https:\/\/experienciadevida.com.ar\/portalurbano\/wp-json\/wp\/v2\/media?parent=145987"}],"wp:term":[{"taxonomy":"category","embeddable":true,"href":"https:\/\/experienciadevida.com.ar\/portalurbano\/wp-json\/wp\/v2\/categories?post=145987"},{"taxonomy":"post_tag","embeddable":true,"href":"https:\/\/experienciadevida.com.ar\/portalurbano\/wp-json\/wp\/v2\/tags?post=145987"}],"curies":[{"name":"wp","href":"https:\/\/api.w.org\/{rel}","templated":true}]}}