{"id":145980,"date":"2021-06-24T12:13:00","date_gmt":"2021-06-24T15:13:00","guid":{"rendered":"https:\/\/experienciadevida.com.ar\/portalurbano\/?p=145980"},"modified":"2021-06-24T12:22:24","modified_gmt":"2021-06-24T15:22:24","slug":"el-hcd-aprobo-pedido-de-obras-en-el-barrio-belen-y-beneplacito-a-ley-de-artistas-populares","status":"publish","type":"post","link":"https:\/\/experienciadevida.com.ar\/portalurbano\/el-hcd-aprobo-pedido-de-obras-en-el-barrio-belen-y-beneplacito-a-ley-de-artistas-populares\/","title":{"rendered":"El HCD aprob\u00f3 pedido de obras en el Barrio Bel\u00e9n y benepl\u00e1cito a Ley de Artistas Populares"},"content":{"rendered":"<p>El HCD aprob\u00f3 pedido de obras en el Barrio Bel\u00e9n y benepl\u00e1cito a Ley de Artistas Populares, con iniciativa del bloque <a href=\"https:\/\/experienciadevida.com.ar\/portalurbano\/el-hcd-aprobo-pedido-de-obras-en-el-barrio-belen-y-beneplacito-a-ley-de-artistas-populares\/\">Foro Olavarr\u00eda<\/a> &#8211; Frente Renovador, perteneciente al Interbloque Frente de Todos, los proyectos fueron aprobados por unanimidad en la <a href=\"https:\/\/www.youtube.com\/watch?v=gf8fx6axxKA\">octava Sesi\u00f3n Ordinaria.<\/a><\/p>\n<p>Las iniciativas impulsadas por el bloque que conducen el concejal Eduardo Rodr\u00edguez y la concejal In\u00e9s <a href=\"https:\/\/www.facebook.com\/ines.creimer\">Creimer<\/a>, y que fueron aprobadas por<br \/>\nunanimidad en la octava Sesi\u00f3n Ordinaria del HCD, consisten en un proyecto de comunicaci\u00f3n, expresando el benepl\u00e1cito al proyecto proyecto de Ley de Fomento y Promoci\u00f3n a los Artistas Populares Bonaerenses, y un proyecto de resoluci\u00f3n solicitando obras de mantenimiento en el Barrio Bel\u00e9n, el cual presenta diversas necesidades en cuanto a su organizaci\u00f3n y seguridad.<\/p>\n<p>La concejal In\u00e9s Creimer tom\u00f3 la palabra para exponer sobre el proyecto de resoluci\u00f3n que solicita obras de mantenimiento en el Barrio Bel\u00e9n. La<br \/>\nconcejala se\u00f1al\u00f3 que \u201cse trata de un barrio que tiene much\u00edsimas necesidades que se pueden advertir sencillamente al acercarse a la zona\u201d.<br \/>\n\u201cLa presencia del Estado podr\u00eda mejorar su organizaci\u00f3n y su seguridad\u201d, asegur\u00f3.<\/p>\n<p>Espec\u00edficamente, la concejala In\u00e9s Creimer puntualiz\u00f3 que el barrio \u201cBel\u00e9n\u201d \u201cha sufrido inconvenientes en relaci\u00f3n a su alumbrado p\u00fablico, sufriendo<br \/>\nrupturas, y sabemos que hay cuestiones de infraestructura que las pueden prevenir\u201d. \u201cEn este caso las luminarias no han sido protegidas y, hoy en<br \/>\nd\u00eda, ese sector se torna muy oscuro lo que impacta en la seguridad del barrio\u201d, destac\u00f3 Creimer.<\/p>\n<p>El HCD aprob\u00f3 pedido de obras en el Barrio Bel\u00e9n y benepl\u00e1cito a Ley de artistas populares, asimismo la concejal repar\u00f3 en las condiciones sanitarias del Barrio \u201cBel\u00e9n\u201d asegurando que \u201cal no contar con cloacas se confeccion\u00f3 una especie de canaleta sobre la calle Amparo Castro, al lado de las v\u00edas del tren, donde se desagota el agua que se utiliza\u201d, advirtiendo adem\u00e1s que \u201cesa agua estancada, sumada a la acumulaci\u00f3n de otros residuos, es un riesgo sanitario complejo\u201d.<\/p>\n<p>Proyecto de Ley de Fomento y Promoci\u00f3n a los Artistas Populares Bonaerenses:<\/p>\n<p>Tambi\u00e9n fue aprobado por unanimidad el proyecto de comunicaci\u00f3n que expresa el benepl\u00e1cito y un pronto tratamiento y sanci\u00f3n por parte de la Honorable C\u00e1mara de Senadores de la provincia de Buenos Aires de la Ley de Fomento y Promoci\u00f3n a los Artistas Populares Bonaerenses.<\/p>\n<p>Esta iniciativa, que obtuvo media sanci\u00f3n en la C\u00e1mara de Diputados de la Provincia de Buenos Aires en la sesi\u00f3n ordinaria del d\u00eda 17 de junio de<br \/>\neste a\u00f1o, tiene como objetivo consolidar y promocionar el desarrollo de artistas populares bonaerenses, generando una mayor difusi\u00f3n de sus<br \/>\nproducciones en los distintos municipios de la provincia, fomentando la diversidad y la inclusi\u00f3n en la actividad art\u00edstica local.<\/p>\n<p>La Ley propuesta busca generar las bases para que artistas bonaerenses tengan la posibilidad de visualizarse a trav\u00e9s de la generaci\u00f3n de oportunidades y mayores \u00e1mbitos de participaci\u00f3n. Esto implica un trabajo articulado entre Provincia y Municipios que adhieran a la Ley a los efectos<br \/>\nde potenciar el conocimiento, la participaci\u00f3n en festivales y eventos culturales, y la producci\u00f3n art\u00edstica en plataformas digitales creadas por<br \/>\nla Provincia de Buenos Aires.<\/p>\n<p>&nbsp;<\/p>\n","protected":false},"excerpt":{"rendered":"<p>El HCD aprob\u00f3 pedido de obras en el Barrio Bel\u00e9n y benepl\u00e1cito a Ley de&#8230;<\/p>\n","protected":false},"author":1,"featured_media":145981,"comment_status":"closed","ping_status":"closed","sticky":false,"template":"","format":"standard","meta":{"content-type":""},"categories":[64,43],"tags":[],"nelio_content":{"isAutoShareEnabled":false,"autoShareEndMode":"default","automationSources":{"useContentSentences":true,"useSocialTemplates":true,"useCustomSentences":false,"customSentences":[]},"followers":[1],"suggestedReferences":[],"includedReferences":["https:\/\/www.youtube.com\/watch?v=gf8fx6axxKA"],"efiUrl":"","efiAlt":"","highlights":[]},"yoast_head":"<!-- This site is optimized with the Yoast SEO plugin v20.7 - https:\/\/yoast.com\/wordpress\/plugins\/seo\/ -->\n<title>El HCD aprob\u00f3 pedido de obras en el barrio bel\u00e9n y benepl\u00e1cito a ley<\/title>\n<meta name=\"description\" content=\"El HCD aprob\u00f3 pedido de obras en el Barrio Bel\u00e9n y benepl\u00e1cito a Ley de Artistas Populares, con iniciativa del bloque Foro Olavarr\u00eda\" \/>\n<meta name=\"robots\" content=\"index, follow, max-snippet:-1, max-image-preview:large, max-video-preview:-1\" \/>\n<link rel=\"canonical\" href=\"https:\/\/experienciadevida.com.ar\/portalurbano\/el-hcd-aprobo-pedido-de-obras-en-el-barrio-belen-y-beneplacito-a-ley-de-artistas-populares\/\" \/>\n<meta property=\"og:locale\" content=\"es_ES\" \/>\n<meta property=\"og:type\" content=\"article\" \/>\n<meta property=\"og:title\" content=\"El HCD aprob\u00f3 pedido de obras en el barrio bel\u00e9n y benepl\u00e1cito a ley\" \/>\n<meta property=\"og:description\" content=\"El HCD aprob\u00f3 pedido de obras en el Barrio Bel\u00e9n y benepl\u00e1cito a Ley de Artistas Populares, con iniciativa del bloque Foro Olavarr\u00eda\" \/>\n<meta property=\"og:url\" content=\"https:\/\/experienciadevida.com.ar\/portalurbano\/el-hcd-aprobo-pedido-de-obras-en-el-barrio-belen-y-beneplacito-a-ley-de-artistas-populares\/\" \/>\n<meta property=\"article:publisher\" content=\"https:\/\/www.facebook.com\/Portal-Urbano-171542830093757\/\" \/>\n<meta property=\"article:published_time\" content=\"2021-06-24T15:13:00+00:00\" \/>\n<meta property=\"article:modified_time\" content=\"2021-06-24T15:22:24+00:00\" \/>\n<meta property=\"og:image\" content=\"https:\/\/experienciadevida.com.ar\/portalurbano\/wp-content\/uploads\/2021\/06\/El-HCD-aprobo-pedido-de.jpeg\" \/>\n\t<meta property=\"og:image:width\" content=\"1280\" \/>\n\t<meta property=\"og:image:height\" content=\"771\" \/>\n\t<meta property=\"og:image:type\" content=\"image\/jpeg\" \/>\n<meta name=\"author\" content=\"admpu17wp\" \/>\n<meta name=\"twitter:card\" content=\"summary_large_image\" \/>\n<meta name=\"twitter:creator\" content=\"@portalurbanook\" \/>\n<meta name=\"twitter:site\" content=\"@portalurbanook\" \/>\n<meta name=\"twitter:label1\" content=\"Escrito por\" \/>\n\t<meta name=\"twitter:data1\" content=\"admpu17wp\" \/>\n\t<meta name=\"twitter:label2\" content=\"Tiempo de lectura\" \/>\n\t<meta name=\"twitter:data2\" content=\"3 minutos\" \/>\n<script type=\"application\/ld+json\" class=\"yoast-schema-graph\">{\"@context\":\"https:\/\/schema.org\",\"@graph\":[{\"@type\":\"Article\",\"@id\":\"https:\/\/experienciadevida.com.ar\/portalurbano\/el-hcd-aprobo-pedido-de-obras-en-el-barrio-belen-y-beneplacito-a-ley-de-artistas-populares\/#article\",\"isPartOf\":{\"@id\":\"https:\/\/experienciadevida.com.ar\/portalurbano\/el-hcd-aprobo-pedido-de-obras-en-el-barrio-belen-y-beneplacito-a-ley-de-artistas-populares\/\"},\"author\":{\"name\":\"admpu17wp\",\"@id\":\"https:\/\/experienciadevida.com.ar\/portalurbano\/#\/schema\/person\/02dd326b1c4b056e9cc972486934a3a7\"},\"headline\":\"El HCD aprob\u00f3 pedido de obras en el Barrio Bel\u00e9n y benepl\u00e1cito a Ley de Artistas Populares\",\"datePublished\":\"2021-06-24T15:13:00+00:00\",\"dateModified\":\"2021-06-24T15:22:24+00:00\",\"mainEntityOfPage\":{\"@id\":\"https:\/\/experienciadevida.com.ar\/portalurbano\/el-hcd-aprobo-pedido-de-obras-en-el-barrio-belen-y-beneplacito-a-ley-de-artistas-populares\/\"},\"wordCount\":584,\"publisher\":{\"@id\":\"https:\/\/experienciadevida.com.ar\/portalurbano\/#organization\"},\"articleSection\":[\"Destacadas 2\",\"Pol\u00edtica\"],\"inLanguage\":\"es\"},{\"@type\":\"WebPage\",\"@id\":\"https:\/\/experienciadevida.com.ar\/portalurbano\/el-hcd-aprobo-pedido-de-obras-en-el-barrio-belen-y-beneplacito-a-ley-de-artistas-populares\/\",\"url\":\"https:\/\/experienciadevida.com.ar\/portalurbano\/el-hcd-aprobo-pedido-de-obras-en-el-barrio-belen-y-beneplacito-a-ley-de-artistas-populares\/\",\"name\":\"El HCD aprob\u00f3 pedido de obras en el barrio bel\u00e9n y benepl\u00e1cito a ley\",\"isPartOf\":{\"@id\":\"https:\/\/experienciadevida.com.ar\/portalurbano\/#website\"},\"datePublished\":\"2021-06-24T15:13:00+00:00\",\"dateModified\":\"2021-06-24T15:22:24+00:00\",\"description\":\"El HCD aprob\u00f3 pedido de obras en el Barrio Bel\u00e9n y benepl\u00e1cito a Ley de Artistas Populares, con iniciativa del bloque Foro Olavarr\u00eda\",\"breadcrumb\":{\"@id\":\"https:\/\/experienciadevida.com.ar\/portalurbano\/el-hcd-aprobo-pedido-de-obras-en-el-barrio-belen-y-beneplacito-a-ley-de-artistas-populares\/#breadcrumb\"},\"inLanguage\":\"es\",\"potentialAction\":[{\"@type\":\"ReadAction\",\"target\":[\"https:\/\/experienciadevida.com.ar\/portalurbano\/el-hcd-aprobo-pedido-de-obras-en-el-barrio-belen-y-beneplacito-a-ley-de-artistas-populares\/\"]}]},{\"@type\":\"BreadcrumbList\",\"@id\":\"https:\/\/experienciadevida.com.ar\/portalurbano\/el-hcd-aprobo-pedido-de-obras-en-el-barrio-belen-y-beneplacito-a-ley-de-artistas-populares\/#breadcrumb\",\"itemListElement\":[{\"@type\":\"ListItem\",\"position\":1,\"name\":\"Portada\",\"item\":\"https:\/\/experienciadevida.com.ar\/portalurbano\/\"},{\"@type\":\"ListItem\",\"position\":2,\"name\":\"El HCD aprob\u00f3 pedido de obras en el Barrio Bel\u00e9n y benepl\u00e1cito a Ley de Artistas Populares\"}]},{\"@type\":\"WebSite\",\"@id\":\"https:\/\/experienciadevida.com.ar\/portalurbano\/#website\",\"url\":\"https:\/\/experienciadevida.com.ar\/portalurbano\/\",\"name\":\"\",\"description\":\"\",\"publisher\":{\"@id\":\"https:\/\/experienciadevida.com.ar\/portalurbano\/#organization\"},\"potentialAction\":[{\"@type\":\"SearchAction\",\"target\":{\"@type\":\"EntryPoint\",\"urlTemplate\":\"https:\/\/experienciadevida.com.ar\/portalurbano\/?s={search_term_string}\"},\"query-input\":\"required name=search_term_string\"}],\"inLanguage\":\"es\"},{\"@type\":\"Organization\",\"@id\":\"https:\/\/experienciadevida.com.ar\/portalurbano\/#organization\",\"name\":\"Portal Urbano\",\"url\":\"https:\/\/experienciadevida.com.ar\/portalurbano\/\",\"logo\":{\"@type\":\"ImageObject\",\"inLanguage\":\"es\",\"@id\":\"https:\/\/experienciadevida.com.ar\/portalurbano\/#\/schema\/logo\/image\/\",\"url\":\"https:\/\/experienciadevida.com.ar\/portalurbano\/wp-content\/uploads\/2019\/09\/Logo-Original.png\",\"contentUrl\":\"https:\/\/experienciadevida.com.ar\/portalurbano\/wp-content\/uploads\/2019\/09\/Logo-Original.png\",\"width\":2236,\"height\":1216,\"caption\":\"Portal Urbano\"},\"image\":{\"@id\":\"https:\/\/experienciadevida.com.ar\/portalurbano\/#\/schema\/logo\/image\/\"},\"sameAs\":[\"https:\/\/www.facebook.com\/Portal-Urbano-171542830093757\/\",\"https:\/\/twitter.com\/portalurbanook\",\"https:\/\/www.instagram.com\/_portalurbano\/\",\"https:\/\/www.youtube.com\/channel\/UCXhagIfszH8KxFiOok79zbA?view_as=subscriber\"]},{\"@type\":\"Person\",\"@id\":\"https:\/\/experienciadevida.com.ar\/portalurbano\/#\/schema\/person\/02dd326b1c4b056e9cc972486934a3a7\",\"name\":\"admpu17wp\",\"image\":{\"@type\":\"ImageObject\",\"inLanguage\":\"es\",\"@id\":\"https:\/\/experienciadevida.com.ar\/portalurbano\/#\/schema\/person\/image\/\",\"url\":\"https:\/\/secure.gravatar.com\/avatar\/830d4c57adaae6630765e449a6908047?s=96&d=mm&r=g\",\"contentUrl\":\"https:\/\/secure.gravatar.com\/avatar\/830d4c57adaae6630765e449a6908047?s=96&d=mm&r=g\",\"caption\":\"admpu17wp\"}}]}<\/script>\n<!-- \/ Yoast SEO plugin. -->","yoast_head_json":{"title":"El HCD aprob\u00f3 pedido de obras en el barrio bel\u00e9n y benepl\u00e1cito a ley","description":"El HCD aprob\u00f3 pedido de obras en el Barrio Bel\u00e9n y benepl\u00e1cito a Ley de Artistas Populares, con iniciativa del bloque Foro Olavarr\u00eda","robots":{"index":"index","follow":"follow","max-snippet":"max-snippet:-1","max-image-preview":"max-image-preview:large","max-video-preview":"max-video-preview:-1"},"canonical":"https:\/\/experienciadevida.com.ar\/portalurbano\/el-hcd-aprobo-pedido-de-obras-en-el-barrio-belen-y-beneplacito-a-ley-de-artistas-populares\/","og_locale":"es_ES","og_type":"article","og_title":"El HCD aprob\u00f3 pedido de obras en el barrio bel\u00e9n y benepl\u00e1cito a ley","og_description":"El HCD aprob\u00f3 pedido de obras en el Barrio Bel\u00e9n y benepl\u00e1cito a Ley de Artistas Populares, con iniciativa del bloque Foro Olavarr\u00eda","og_url":"https:\/\/experienciadevida.com.ar\/portalurbano\/el-hcd-aprobo-pedido-de-obras-en-el-barrio-belen-y-beneplacito-a-ley-de-artistas-populares\/","article_publisher":"https:\/\/www.facebook.com\/Portal-Urbano-171542830093757\/","article_published_time":"2021-06-24T15:13:00+00:00","article_modified_time":"2021-06-24T15:22:24+00:00","og_image":[{"width":1280,"height":771,"url":"https:\/\/experienciadevida.com.ar\/portalurbano\/wp-content\/uploads\/2021\/06\/El-HCD-aprobo-pedido-de.jpeg","type":"image\/jpeg"}],"author":"admpu17wp","twitter_card":"summary_large_image","twitter_creator":"@portalurbanook","twitter_site":"@portalurbanook","twitter_misc":{"Escrito por":"admpu17wp","Tiempo de lectura":"3 minutos"},"schema":{"@context":"https:\/\/schema.org","@graph":[{"@type":"Article","@id":"https:\/\/experienciadevida.com.ar\/portalurbano\/el-hcd-aprobo-pedido-de-obras-en-el-barrio-belen-y-beneplacito-a-ley-de-artistas-populares\/#article","isPartOf":{"@id":"https:\/\/experienciadevida.com.ar\/portalurbano\/el-hcd-aprobo-pedido-de-obras-en-el-barrio-belen-y-beneplacito-a-ley-de-artistas-populares\/"},"author":{"name":"admpu17wp","@id":"https:\/\/experienciadevida.com.ar\/portalurbano\/#\/schema\/person\/02dd326b1c4b056e9cc972486934a3a7"},"headline":"El HCD aprob\u00f3 pedido de obras en el Barrio Bel\u00e9n y benepl\u00e1cito a Ley de Artistas Populares","datePublished":"2021-06-24T15:13:00+00:00","dateModified":"2021-06-24T15:22:24+00:00","mainEntityOfPage":{"@id":"https:\/\/experienciadevida.com.ar\/portalurbano\/el-hcd-aprobo-pedido-de-obras-en-el-barrio-belen-y-beneplacito-a-ley-de-artistas-populares\/"},"wordCount":584,"publisher":{"@id":"https:\/\/experienciadevida.com.ar\/portalurbano\/#organization"},"articleSection":["Destacadas 2","Pol\u00edtica"],"inLanguage":"es"},{"@type":"WebPage","@id":"https:\/\/experienciadevida.com.ar\/portalurbano\/el-hcd-aprobo-pedido-de-obras-en-el-barrio-belen-y-beneplacito-a-ley-de-artistas-populares\/","url":"https:\/\/experienciadevida.com.ar\/portalurbano\/el-hcd-aprobo-pedido-de-obras-en-el-barrio-belen-y-beneplacito-a-ley-de-artistas-populares\/","name":"El HCD aprob\u00f3 pedido de obras en el barrio bel\u00e9n y benepl\u00e1cito a ley","isPartOf":{"@id":"https:\/\/experienciadevida.com.ar\/portalurbano\/#website"},"datePublished":"2021-06-24T15:13:00+00:00","dateModified":"2021-06-24T15:22:24+00:00","description":"El HCD aprob\u00f3 pedido de obras en el Barrio Bel\u00e9n y benepl\u00e1cito a Ley de Artistas Populares, con iniciativa del bloque Foro Olavarr\u00eda","breadcrumb":{"@id":"https:\/\/experienciadevida.com.ar\/portalurbano\/el-hcd-aprobo-pedido-de-obras-en-el-barrio-belen-y-beneplacito-a-ley-de-artistas-populares\/#breadcrumb"},"inLanguage":"es","potentialAction":[{"@type":"ReadAction","target":["https:\/\/experienciadevida.com.ar\/portalurbano\/el-hcd-aprobo-pedido-de-obras-en-el-barrio-belen-y-beneplacito-a-ley-de-artistas-populares\/"]}]},{"@type":"BreadcrumbList","@id":"https:\/\/experienciadevida.com.ar\/portalurbano\/el-hcd-aprobo-pedido-de-obras-en-el-barrio-belen-y-beneplacito-a-ley-de-artistas-populares\/#breadcrumb","itemListElement":[{"@type":"ListItem","position":1,"name":"Portada","item":"https:\/\/experienciadevida.com.ar\/portalurbano\/"},{"@type":"ListItem","position":2,"name":"El HCD aprob\u00f3 pedido de obras en el Barrio Bel\u00e9n y benepl\u00e1cito a Ley de Artistas Populares"}]},{"@type":"WebSite","@id":"https:\/\/experienciadevida.com.ar\/portalurbano\/#website","url":"https:\/\/experienciadevida.com.ar\/portalurbano\/","name":"","description":"","publisher":{"@id":"https:\/\/experienciadevida.com.ar\/portalurbano\/#organization"},"potentialAction":[{"@type":"SearchAction","target":{"@type":"EntryPoint","urlTemplate":"https:\/\/experienciadevida.com.ar\/portalurbano\/?s={search_term_string}"},"query-input":"required name=search_term_string"}],"inLanguage":"es"},{"@type":"Organization","@id":"https:\/\/experienciadevida.com.ar\/portalurbano\/#organization","name":"Portal Urbano","url":"https:\/\/experienciadevida.com.ar\/portalurbano\/","logo":{"@type":"ImageObject","inLanguage":"es","@id":"https:\/\/experienciadevida.com.ar\/portalurbano\/#\/schema\/logo\/image\/","url":"https:\/\/experienciadevida.com.ar\/portalurbano\/wp-content\/uploads\/2019\/09\/Logo-Original.png","contentUrl":"https:\/\/experienciadevida.com.ar\/portalurbano\/wp-content\/uploads\/2019\/09\/Logo-Original.png","width":2236,"height":1216,"caption":"Portal Urbano"},"image":{"@id":"https:\/\/experienciadevida.com.ar\/portalurbano\/#\/schema\/logo\/image\/"},"sameAs":["https:\/\/www.facebook.com\/Portal-Urbano-171542830093757\/","https:\/\/twitter.com\/portalurbanook","https:\/\/www.instagram.com\/_portalurbano\/","https:\/\/www.youtube.com\/channel\/UCXhagIfszH8KxFiOok79zbA?view_as=subscriber"]},{"@type":"Person","@id":"https:\/\/experienciadevida.com.ar\/portalurbano\/#\/schema\/person\/02dd326b1c4b056e9cc972486934a3a7","name":"admpu17wp","image":{"@type":"ImageObject","inLanguage":"es","@id":"https:\/\/experienciadevida.com.ar\/portalurbano\/#\/schema\/person\/image\/","url":"https:\/\/secure.gravatar.com\/avatar\/830d4c57adaae6630765e449a6908047?s=96&d=mm&r=g","contentUrl":"https:\/\/secure.gravatar.com\/avatar\/830d4c57adaae6630765e449a6908047?s=96&d=mm&r=g","caption":"admpu17wp"}}]}},"featured_image_urls":{"full":["https:\/\/experienciadevida.com.ar\/portalurbano\/wp-content\/uploads\/2021\/06\/El-HCD-aprobo-pedido-de.jpeg",1280,771,false],"thumbnail":["https:\/\/experienciadevida.com.ar\/portalurbano\/wp-content\/uploads\/2021\/06\/El-HCD-aprobo-pedido-de-150x150.jpeg",150,150,true],"medium":["https:\/\/experienciadevida.com.ar\/portalurbano\/wp-content\/uploads\/2021\/06\/El-HCD-aprobo-pedido-de-300x181.jpeg",300,181,true],"medium_large":["https:\/\/experienciadevida.com.ar\/portalurbano\/wp-content\/uploads\/2021\/06\/El-HCD-aprobo-pedido-de-768x463.jpeg",640,386,true],"large":["https:\/\/experienciadevida.com.ar\/portalurbano\/wp-content\/uploads\/2021\/06\/El-HCD-aprobo-pedido-de-1024x617.jpeg",640,386,true],"ug_big":["https:\/\/experienciadevida.com.ar\/portalurbano\/wp-content\/uploads\/2021\/06\/El-HCD-aprobo-pedido-de-768x463.jpeg",768,463,true],"1536x1536":["https:\/\/experienciadevida.com.ar\/portalurbano\/wp-content\/uploads\/2021\/06\/El-HCD-aprobo-pedido-de.jpeg",1280,771,false],"2048x2048":["https:\/\/experienciadevida.com.ar\/portalurbano\/wp-content\/uploads\/2021\/06\/El-HCD-aprobo-pedido-de.jpeg",1280,771,false],"newsever-slider-full":["https:\/\/experienciadevida.com.ar\/portalurbano\/wp-content\/uploads\/2021\/06\/El-HCD-aprobo-pedido-de.jpeg",1280,771,false],"newsever-featured":["https:\/\/experienciadevida.com.ar\/portalurbano\/wp-content\/uploads\/2021\/06\/El-HCD-aprobo-pedido-de.jpeg",1024,617,false],"newsever-medium":["https:\/\/experienciadevida.com.ar\/portalurbano\/wp-content\/uploads\/2021\/06\/El-HCD-aprobo-pedido-de.jpeg",720,434,false],"web-stories-poster-portrait":["https:\/\/experienciadevida.com.ar\/portalurbano\/wp-content\/uploads\/2021\/06\/El-HCD-aprobo-pedido-de.jpeg",640,386,false],"web-stories-publisher-logo":["https:\/\/experienciadevida.com.ar\/portalurbano\/wp-content\/uploads\/2021\/06\/El-HCD-aprobo-pedido-de.jpeg",96,58,false],"web-stories-thumbnail":["https:\/\/experienciadevida.com.ar\/portalurbano\/wp-content\/uploads\/2021\/06\/El-HCD-aprobo-pedido-de.jpeg",150,90,false]},"author_info":{"display_name":"admpu17wp","author_link":"https:\/\/experienciadevida.com.ar\/portalurbano\/author\/admpu17wp\/"},"category_info":"<a href=\"https:\/\/experienciadevida.com.ar\/portalurbano\/category\/destacadas-2\/\" rel=\"category tag\">Destacadas 2<\/a> <a href=\"https:\/\/experienciadevida.com.ar\/portalurbano\/category\/politica\/\" rel=\"category tag\">Pol\u00edtica<\/a>","tag_info":"Pol\u00edtica","comment_count":"0","amp_enabled":true,"_links":{"self":[{"href":"https:\/\/experienciadevida.com.ar\/portalurbano\/wp-json\/wp\/v2\/posts\/145980"}],"collection":[{"href":"https:\/\/experienciadevida.com.ar\/portalurbano\/wp-json\/wp\/v2\/posts"}],"about":[{"href":"https:\/\/experienciadevida.com.ar\/portalurbano\/wp-json\/wp\/v2\/types\/post"}],"author":[{"embeddable":true,"href":"https:\/\/experienciadevida.com.ar\/portalurbano\/wp-json\/wp\/v2\/users\/1"}],"replies":[{"embeddable":true,"href":"https:\/\/experienciadevida.com.ar\/portalurbano\/wp-json\/wp\/v2\/comments?post=145980"}],"version-history":[{"count":3,"href":"https:\/\/experienciadevida.com.ar\/portalurbano\/wp-json\/wp\/v2\/posts\/145980\/revisions"}],"predecessor-version":[{"id":145984,"href":"https:\/\/experienciadevida.com.ar\/portalurbano\/wp-json\/wp\/v2\/posts\/145980\/revisions\/145984"}],"wp:featuredmedia":[{"embeddable":true,"href":"https:\/\/experienciadevida.com.ar\/portalurbano\/wp-json\/wp\/v2\/media\/145981"}],"wp:attachment":[{"href":"https:\/\/experienciadevida.com.ar\/portalurbano\/wp-json\/wp\/v2\/media?parent=145980"}],"wp:term":[{"taxonomy":"category","embeddable":true,"href":"https:\/\/experienciadevida.com.ar\/portalurbano\/wp-json\/wp\/v2\/categories?post=145980"},{"taxonomy":"post_tag","embeddable":true,"href":"https:\/\/experienciadevida.com.ar\/portalurbano\/wp-json\/wp\/v2\/tags?post=145980"}],"curies":[{"name":"wp","href":"https:\/\/api.w.org\/{rel}","templated":true}]}}