{"id":145968,"date":"2021-06-24T10:30:17","date_gmt":"2021-06-24T13:30:17","guid":{"rendered":"https:\/\/experienciadevida.com.ar\/portalurbano\/?p=145968"},"modified":"2021-06-24T10:34:16","modified_gmt":"2021-06-24T13:34:16","slug":"casa-de-la-provincia-un-gasto-millonario-en-medio-de-una-pandemia-que-aun-sigue-requiriendo-del-esfuerzo-de-todos","status":"publish","type":"post","link":"https:\/\/experienciadevida.com.ar\/portalurbano\/casa-de-la-provincia-un-gasto-millonario-en-medio-de-una-pandemia-que-aun-sigue-requiriendo-del-esfuerzo-de-todos\/","title":{"rendered":"Casa de la Provincia: \u201cUn gasto millonario en medio de una pandemia que a\u00fan sigue requiriendo del esfuerzo de todos\u201d"},"content":{"rendered":"<p>Casa de la Provincia: \u201cUn gasto millonario en medio de una pandemia que a\u00fan sigue requiriendo del esfuerzo de todos\u201d con relaci\u00f3n a la decisi\u00f3n del Gobernador Axel Kicillof de construir imponentes edificios en distintos Municipios de la Provincia de Buenos Aires -como en el caso de Olavarr\u00eda-,<br \/>\nesta ma\u00f1ana el Bloque de Concejales de <a href=\"https:\/\/www.youtube.com\/watch?v=gf8fx6axxKA\">Juntos por el Cambio<\/a> present\u00f3 un pedido de informe al Ministerio de Infraestructura y Servicios P\u00fablicos<br \/>\nprovincial, a fin de solicitar mayor informaci\u00f3n respecto de esta obra.<\/p>\n<p>Principalmente se busca conocer si previo a elegir el lugar donde funcionar\u00e1 este conjunto de dependencias provinciales (esto es, en calle Jun\u00edn y Necochea de nuestra ciudad) fue tenido en cuenta que actualmente se trata all\u00ed de un amplio espacio de esparcimiento, utilizado a diario por los vecinos del barrio y alrededores tanto para la recreaci\u00f3n de los m\u00e1s chicos como para el paseo y realizaci\u00f3n de actividades f\u00edsicas al aire libre, todo ello ampliamente recomendado sobre todo en el contexto de pandemia que a\u00fan nos toca transitar. Y estando ello as\u00ed determinado as\u00ed por Ordenanza Municipal, hubiese resultado clave que se trabajara en conjunto con las autoridades locales, sin embargo eso no sucedi\u00f3.<\/p>\n<p>Asimismo teniendo en consideraci\u00f3n la creciente importancia que tiene la implementaci\u00f3n de conceptos de cuidado ambiental y sustentabilidad, tanto en el dise\u00f1o como en la construcci\u00f3n y puesta en funcionamiento de grandes estructuras, para el bloque oficialista result\u00f3 llamativo \u00e9stos no hubieran sido tomados en cuenta para el desarrollo de una obra que ser\u00e1 replicada de id\u00e9ntica forma en los 135 Municipios que componen la Provincia (a excepci\u00f3n de la ciudad de La Plata).<\/p>\n<p>Casa de la provincia, al respecto indic\u00f3 la concejal Amespil: \u201cNos llama la atenci\u00f3n dada la\u00a0 importancia que dicen este Gobierno le reconoce al cuidado del ambiente, principalmente por parte de quienes tenemos la tarea de planificar e implementar pol\u00edticas p\u00fablicas, que nada de esto haya sido tenido en cuenta al momento de proyectar estas nuevas construcciones. Tenemos el caso de la actual sede del Gobierno de la Ciudad de Buenos Aires, construida con t\u00e9cnicas y est\u00e1ndares de cuidado ambiental, catalogado incluso como edificio sustentable, y en el cual trabajan m\u00e1s de 1000 personas, sin embargo ninguno de estos lineamientos fueron considerados para este proyecto\u201d.<\/p>\n<p>Asimismo agreg\u00f3 sobre la Casa de la provincia: \u201cNi hablar de que la Provincia previo a la actual declaraci\u00f3n de emergencia sanitaria, prorrog\u00f3 tambi\u00e9n la emergencia dictada en materia de infraestructura y todo aquello que tuviera que ver con la ejecuci\u00f3n de contratos de obra p\u00fablica, sin embargo sorpresivamente surgen estas obras por m\u00e1s de $15.000 millones de pesos. Un gasto millonario en medio de una pandemia que a\u00fan sigue requiriendo del esfuerzo de todos.\u201d<\/p>\n<p>El pedido de informe incluye la consulta sobre la posibilidad de que se exija la contrataci\u00f3n de mano de obra y materiales de origen local, el<br \/>\ntiempo estimado de finalizaci\u00f3n y puesta en funcionamiento de la obra (siendo que se prev\u00e9 un plazo m\u00ednimo de un a\u00f1o y medio para su construcci\u00f3n) y toda otra informaci\u00f3n de inter\u00e9s que pudiera aportarse.<\/p>\n<p>El proyecto fue aprobado por mayor\u00eda, con el acompa\u00f1amiento de los Bloques Cuidemos Olavarr\u00eda, UCR, Radicales en Juntos por el Cambio y<br \/>\nRenovaci\u00f3n Peronista (y con el voto negativo del Interbloque Frente de Todos) esperando una pronta respuesta por parte del organismo provincial.<\/p>\n","protected":false},"excerpt":{"rendered":"<p>Casa de la Provincia: \u201cUn gasto millonario en medio de una pandemia que a\u00fan sigue&#8230;<\/p>\n","protected":false},"author":1,"featured_media":145969,"comment_status":"closed","ping_status":"closed","sticky":false,"template":"","format":"standard","meta":{"content-type":""},"categories":[51,43],"tags":[],"nelio_content":{"isAutoShareEnabled":false,"autoShareEndMode":"default","automationSources":{"useContentSentences":true,"useSocialTemplates":true,"useCustomSentences":false,"customSentences":[]},"followers":[1],"suggestedReferences":[],"includedReferences":["https:\/\/www.youtube.com\/watch?v=gf8fx6axxKA"],"efiUrl":"","efiAlt":"","highlights":[]},"yoast_head":"<!-- This site is optimized with the Yoast SEO plugin v20.7 - https:\/\/yoast.com\/wordpress\/plugins\/seo\/ -->\n<title>Casa de la provincia: &quot;Un gasto millonario en medio de una pandemia&quot;<\/title>\n<meta name=\"description\" content=\"Casa de la Provincia: \u201cUn gasto millonario en medio de una pandemia que a\u00fan sigue requiriendo del esfuerzo de todos\u201d en la sesi\u00f3n\" \/>\n<meta name=\"robots\" content=\"index, follow, max-snippet:-1, max-image-preview:large, max-video-preview:-1\" \/>\n<link rel=\"canonical\" href=\"https:\/\/experienciadevida.com.ar\/portalurbano\/casa-de-la-provincia-un-gasto-millonario-en-medio-de-una-pandemia-que-aun-sigue-requiriendo-del-esfuerzo-de-todos\/\" \/>\n<meta property=\"og:locale\" content=\"es_ES\" \/>\n<meta property=\"og:type\" content=\"article\" \/>\n<meta property=\"og:title\" content=\"Casa de la provincia: &quot;Un gasto millonario en medio de una pandemia&quot;\" \/>\n<meta property=\"og:description\" content=\"Casa de la Provincia: \u201cUn gasto millonario en medio de una pandemia que a\u00fan sigue requiriendo del esfuerzo de todos\u201d en la sesi\u00f3n\" \/>\n<meta property=\"og:url\" content=\"https:\/\/experienciadevida.com.ar\/portalurbano\/casa-de-la-provincia-un-gasto-millonario-en-medio-de-una-pandemia-que-aun-sigue-requiriendo-del-esfuerzo-de-todos\/\" \/>\n<meta property=\"article:publisher\" content=\"https:\/\/www.facebook.com\/Portal-Urbano-171542830093757\/\" \/>\n<meta property=\"article:published_time\" content=\"2021-06-24T13:30:17+00:00\" \/>\n<meta property=\"article:modified_time\" content=\"2021-06-24T13:34:16+00:00\" \/>\n<meta property=\"og:image\" content=\"https:\/\/experienciadevida.com.ar\/portalurbano\/wp-content\/uploads\/2021\/06\/Casa-de-la-provincia.png\" \/>\n\t<meta property=\"og:image:width\" content=\"902\" \/>\n\t<meta property=\"og:image:height\" content=\"497\" \/>\n\t<meta property=\"og:image:type\" content=\"image\/png\" \/>\n<meta name=\"author\" content=\"admpu17wp\" \/>\n<meta name=\"twitter:card\" content=\"summary_large_image\" \/>\n<meta name=\"twitter:creator\" content=\"@portalurbanook\" \/>\n<meta name=\"twitter:site\" content=\"@portalurbanook\" \/>\n<meta name=\"twitter:label1\" content=\"Escrito por\" \/>\n\t<meta name=\"twitter:data1\" content=\"admpu17wp\" \/>\n\t<meta name=\"twitter:label2\" content=\"Tiempo de lectura\" \/>\n\t<meta name=\"twitter:data2\" content=\"3 minutos\" \/>\n<script type=\"application\/ld+json\" class=\"yoast-schema-graph\">{\"@context\":\"https:\/\/schema.org\",\"@graph\":[{\"@type\":\"Article\",\"@id\":\"https:\/\/experienciadevida.com.ar\/portalurbano\/casa-de-la-provincia-un-gasto-millonario-en-medio-de-una-pandemia-que-aun-sigue-requiriendo-del-esfuerzo-de-todos\/#article\",\"isPartOf\":{\"@id\":\"https:\/\/experienciadevida.com.ar\/portalurbano\/casa-de-la-provincia-un-gasto-millonario-en-medio-de-una-pandemia-que-aun-sigue-requiriendo-del-esfuerzo-de-todos\/\"},\"author\":{\"name\":\"admpu17wp\",\"@id\":\"https:\/\/experienciadevida.com.ar\/portalurbano\/#\/schema\/person\/02dd326b1c4b056e9cc972486934a3a7\"},\"headline\":\"Casa de la Provincia: \u201cUn gasto millonario en medio de una pandemia que a\u00fan sigue requiriendo del esfuerzo de todos\u201d\",\"datePublished\":\"2021-06-24T13:30:17+00:00\",\"dateModified\":\"2021-06-24T13:34:16+00:00\",\"mainEntityOfPage\":{\"@id\":\"https:\/\/experienciadevida.com.ar\/portalurbano\/casa-de-la-provincia-un-gasto-millonario-en-medio-de-una-pandemia-que-aun-sigue-requiriendo-del-esfuerzo-de-todos\/\"},\"wordCount\":614,\"publisher\":{\"@id\":\"https:\/\/experienciadevida.com.ar\/portalurbano\/#organization\"},\"articleSection\":[\"Destacadas\",\"Pol\u00edtica\"],\"inLanguage\":\"es\"},{\"@type\":\"WebPage\",\"@id\":\"https:\/\/experienciadevida.com.ar\/portalurbano\/casa-de-la-provincia-un-gasto-millonario-en-medio-de-una-pandemia-que-aun-sigue-requiriendo-del-esfuerzo-de-todos\/\",\"url\":\"https:\/\/experienciadevida.com.ar\/portalurbano\/casa-de-la-provincia-un-gasto-millonario-en-medio-de-una-pandemia-que-aun-sigue-requiriendo-del-esfuerzo-de-todos\/\",\"name\":\"Casa de la provincia: \\\"Un gasto millonario en medio de una pandemia\\\"\",\"isPartOf\":{\"@id\":\"https:\/\/experienciadevida.com.ar\/portalurbano\/#website\"},\"datePublished\":\"2021-06-24T13:30:17+00:00\",\"dateModified\":\"2021-06-24T13:34:16+00:00\",\"description\":\"Casa de la Provincia: \u201cUn gasto millonario en medio de una pandemia que a\u00fan sigue requiriendo del esfuerzo de todos\u201d en la sesi\u00f3n\",\"breadcrumb\":{\"@id\":\"https:\/\/experienciadevida.com.ar\/portalurbano\/casa-de-la-provincia-un-gasto-millonario-en-medio-de-una-pandemia-que-aun-sigue-requiriendo-del-esfuerzo-de-todos\/#breadcrumb\"},\"inLanguage\":\"es\",\"potentialAction\":[{\"@type\":\"ReadAction\",\"target\":[\"https:\/\/experienciadevida.com.ar\/portalurbano\/casa-de-la-provincia-un-gasto-millonario-en-medio-de-una-pandemia-que-aun-sigue-requiriendo-del-esfuerzo-de-todos\/\"]}]},{\"@type\":\"BreadcrumbList\",\"@id\":\"https:\/\/experienciadevida.com.ar\/portalurbano\/casa-de-la-provincia-un-gasto-millonario-en-medio-de-una-pandemia-que-aun-sigue-requiriendo-del-esfuerzo-de-todos\/#breadcrumb\",\"itemListElement\":[{\"@type\":\"ListItem\",\"position\":1,\"name\":\"Portada\",\"item\":\"https:\/\/experienciadevida.com.ar\/portalurbano\/\"},{\"@type\":\"ListItem\",\"position\":2,\"name\":\"Casa de la Provincia: \u201cUn gasto millonario en medio de una pandemia que a\u00fan sigue requiriendo del esfuerzo de todos\u201d\"}]},{\"@type\":\"WebSite\",\"@id\":\"https:\/\/experienciadevida.com.ar\/portalurbano\/#website\",\"url\":\"https:\/\/experienciadevida.com.ar\/portalurbano\/\",\"name\":\"\",\"description\":\"\",\"publisher\":{\"@id\":\"https:\/\/experienciadevida.com.ar\/portalurbano\/#organization\"},\"potentialAction\":[{\"@type\":\"SearchAction\",\"target\":{\"@type\":\"EntryPoint\",\"urlTemplate\":\"https:\/\/experienciadevida.com.ar\/portalurbano\/?s={search_term_string}\"},\"query-input\":\"required name=search_term_string\"}],\"inLanguage\":\"es\"},{\"@type\":\"Organization\",\"@id\":\"https:\/\/experienciadevida.com.ar\/portalurbano\/#organization\",\"name\":\"Portal Urbano\",\"url\":\"https:\/\/experienciadevida.com.ar\/portalurbano\/\",\"logo\":{\"@type\":\"ImageObject\",\"inLanguage\":\"es\",\"@id\":\"https:\/\/experienciadevida.com.ar\/portalurbano\/#\/schema\/logo\/image\/\",\"url\":\"https:\/\/experienciadevida.com.ar\/portalurbano\/wp-content\/uploads\/2019\/09\/Logo-Original.png\",\"contentUrl\":\"https:\/\/experienciadevida.com.ar\/portalurbano\/wp-content\/uploads\/2019\/09\/Logo-Original.png\",\"width\":2236,\"height\":1216,\"caption\":\"Portal Urbano\"},\"image\":{\"@id\":\"https:\/\/experienciadevida.com.ar\/portalurbano\/#\/schema\/logo\/image\/\"},\"sameAs\":[\"https:\/\/www.facebook.com\/Portal-Urbano-171542830093757\/\",\"https:\/\/twitter.com\/portalurbanook\",\"https:\/\/www.instagram.com\/_portalurbano\/\",\"https:\/\/www.youtube.com\/channel\/UCXhagIfszH8KxFiOok79zbA?view_as=subscriber\"]},{\"@type\":\"Person\",\"@id\":\"https:\/\/experienciadevida.com.ar\/portalurbano\/#\/schema\/person\/02dd326b1c4b056e9cc972486934a3a7\",\"name\":\"admpu17wp\",\"image\":{\"@type\":\"ImageObject\",\"inLanguage\":\"es\",\"@id\":\"https:\/\/experienciadevida.com.ar\/portalurbano\/#\/schema\/person\/image\/\",\"url\":\"https:\/\/secure.gravatar.com\/avatar\/830d4c57adaae6630765e449a6908047?s=96&d=mm&r=g\",\"contentUrl\":\"https:\/\/secure.gravatar.com\/avatar\/830d4c57adaae6630765e449a6908047?s=96&d=mm&r=g\",\"caption\":\"admpu17wp\"}}]}<\/script>\n<!-- \/ Yoast SEO plugin. -->","yoast_head_json":{"title":"Casa de la provincia: \"Un gasto millonario en medio de una pandemia\"","description":"Casa de la Provincia: \u201cUn gasto millonario en medio de una pandemia que a\u00fan sigue requiriendo del esfuerzo de todos\u201d en la sesi\u00f3n","robots":{"index":"index","follow":"follow","max-snippet":"max-snippet:-1","max-image-preview":"max-image-preview:large","max-video-preview":"max-video-preview:-1"},"canonical":"https:\/\/experienciadevida.com.ar\/portalurbano\/casa-de-la-provincia-un-gasto-millonario-en-medio-de-una-pandemia-que-aun-sigue-requiriendo-del-esfuerzo-de-todos\/","og_locale":"es_ES","og_type":"article","og_title":"Casa de la provincia: \"Un gasto millonario en medio de una pandemia\"","og_description":"Casa de la Provincia: \u201cUn gasto millonario en medio de una pandemia que a\u00fan sigue requiriendo del esfuerzo de todos\u201d en la sesi\u00f3n","og_url":"https:\/\/experienciadevida.com.ar\/portalurbano\/casa-de-la-provincia-un-gasto-millonario-en-medio-de-una-pandemia-que-aun-sigue-requiriendo-del-esfuerzo-de-todos\/","article_publisher":"https:\/\/www.facebook.com\/Portal-Urbano-171542830093757\/","article_published_time":"2021-06-24T13:30:17+00:00","article_modified_time":"2021-06-24T13:34:16+00:00","og_image":[{"width":902,"height":497,"url":"https:\/\/experienciadevida.com.ar\/portalurbano\/wp-content\/uploads\/2021\/06\/Casa-de-la-provincia.png","type":"image\/png"}],"author":"admpu17wp","twitter_card":"summary_large_image","twitter_creator":"@portalurbanook","twitter_site":"@portalurbanook","twitter_misc":{"Escrito por":"admpu17wp","Tiempo de lectura":"3 minutos"},"schema":{"@context":"https:\/\/schema.org","@graph":[{"@type":"Article","@id":"https:\/\/experienciadevida.com.ar\/portalurbano\/casa-de-la-provincia-un-gasto-millonario-en-medio-de-una-pandemia-que-aun-sigue-requiriendo-del-esfuerzo-de-todos\/#article","isPartOf":{"@id":"https:\/\/experienciadevida.com.ar\/portalurbano\/casa-de-la-provincia-un-gasto-millonario-en-medio-de-una-pandemia-que-aun-sigue-requiriendo-del-esfuerzo-de-todos\/"},"author":{"name":"admpu17wp","@id":"https:\/\/experienciadevida.com.ar\/portalurbano\/#\/schema\/person\/02dd326b1c4b056e9cc972486934a3a7"},"headline":"Casa de la Provincia: \u201cUn gasto millonario en medio de una pandemia que a\u00fan sigue requiriendo del esfuerzo de todos\u201d","datePublished":"2021-06-24T13:30:17+00:00","dateModified":"2021-06-24T13:34:16+00:00","mainEntityOfPage":{"@id":"https:\/\/experienciadevida.com.ar\/portalurbano\/casa-de-la-provincia-un-gasto-millonario-en-medio-de-una-pandemia-que-aun-sigue-requiriendo-del-esfuerzo-de-todos\/"},"wordCount":614,"publisher":{"@id":"https:\/\/experienciadevida.com.ar\/portalurbano\/#organization"},"articleSection":["Destacadas","Pol\u00edtica"],"inLanguage":"es"},{"@type":"WebPage","@id":"https:\/\/experienciadevida.com.ar\/portalurbano\/casa-de-la-provincia-un-gasto-millonario-en-medio-de-una-pandemia-que-aun-sigue-requiriendo-del-esfuerzo-de-todos\/","url":"https:\/\/experienciadevida.com.ar\/portalurbano\/casa-de-la-provincia-un-gasto-millonario-en-medio-de-una-pandemia-que-aun-sigue-requiriendo-del-esfuerzo-de-todos\/","name":"Casa de la provincia: \"Un gasto millonario en medio de una pandemia\"","isPartOf":{"@id":"https:\/\/experienciadevida.com.ar\/portalurbano\/#website"},"datePublished":"2021-06-24T13:30:17+00:00","dateModified":"2021-06-24T13:34:16+00:00","description":"Casa de la Provincia: \u201cUn gasto millonario en medio de una pandemia que a\u00fan sigue requiriendo del esfuerzo de todos\u201d en la sesi\u00f3n","breadcrumb":{"@id":"https:\/\/experienciadevida.com.ar\/portalurbano\/casa-de-la-provincia-un-gasto-millonario-en-medio-de-una-pandemia-que-aun-sigue-requiriendo-del-esfuerzo-de-todos\/#breadcrumb"},"inLanguage":"es","potentialAction":[{"@type":"ReadAction","target":["https:\/\/experienciadevida.com.ar\/portalurbano\/casa-de-la-provincia-un-gasto-millonario-en-medio-de-una-pandemia-que-aun-sigue-requiriendo-del-esfuerzo-de-todos\/"]}]},{"@type":"BreadcrumbList","@id":"https:\/\/experienciadevida.com.ar\/portalurbano\/casa-de-la-provincia-un-gasto-millonario-en-medio-de-una-pandemia-que-aun-sigue-requiriendo-del-esfuerzo-de-todos\/#breadcrumb","itemListElement":[{"@type":"ListItem","position":1,"name":"Portada","item":"https:\/\/experienciadevida.com.ar\/portalurbano\/"},{"@type":"ListItem","position":2,"name":"Casa de la Provincia: \u201cUn gasto millonario en medio de una pandemia que a\u00fan sigue requiriendo del esfuerzo de todos\u201d"}]},{"@type":"WebSite","@id":"https:\/\/experienciadevida.com.ar\/portalurbano\/#website","url":"https:\/\/experienciadevida.com.ar\/portalurbano\/","name":"","description":"","publisher":{"@id":"https:\/\/experienciadevida.com.ar\/portalurbano\/#organization"},"potentialAction":[{"@type":"SearchAction","target":{"@type":"EntryPoint","urlTemplate":"https:\/\/experienciadevida.com.ar\/portalurbano\/?s={search_term_string}"},"query-input":"required name=search_term_string"}],"inLanguage":"es"},{"@type":"Organization","@id":"https:\/\/experienciadevida.com.ar\/portalurbano\/#organization","name":"Portal Urbano","url":"https:\/\/experienciadevida.com.ar\/portalurbano\/","logo":{"@type":"ImageObject","inLanguage":"es","@id":"https:\/\/experienciadevida.com.ar\/portalurbano\/#\/schema\/logo\/image\/","url":"https:\/\/experienciadevida.com.ar\/portalurbano\/wp-content\/uploads\/2019\/09\/Logo-Original.png","contentUrl":"https:\/\/experienciadevida.com.ar\/portalurbano\/wp-content\/uploads\/2019\/09\/Logo-Original.png","width":2236,"height":1216,"caption":"Portal Urbano"},"image":{"@id":"https:\/\/experienciadevida.com.ar\/portalurbano\/#\/schema\/logo\/image\/"},"sameAs":["https:\/\/www.facebook.com\/Portal-Urbano-171542830093757\/","https:\/\/twitter.com\/portalurbanook","https:\/\/www.instagram.com\/_portalurbano\/","https:\/\/www.youtube.com\/channel\/UCXhagIfszH8KxFiOok79zbA?view_as=subscriber"]},{"@type":"Person","@id":"https:\/\/experienciadevida.com.ar\/portalurbano\/#\/schema\/person\/02dd326b1c4b056e9cc972486934a3a7","name":"admpu17wp","image":{"@type":"ImageObject","inLanguage":"es","@id":"https:\/\/experienciadevida.com.ar\/portalurbano\/#\/schema\/person\/image\/","url":"https:\/\/secure.gravatar.com\/avatar\/830d4c57adaae6630765e449a6908047?s=96&d=mm&r=g","contentUrl":"https:\/\/secure.gravatar.com\/avatar\/830d4c57adaae6630765e449a6908047?s=96&d=mm&r=g","caption":"admpu17wp"}}]}},"featured_image_urls":{"full":["https:\/\/experienciadevida.com.ar\/portalurbano\/wp-content\/uploads\/2021\/06\/Casa-de-la-provincia.png",902,497,false],"thumbnail":["https:\/\/experienciadevida.com.ar\/portalurbano\/wp-content\/uploads\/2021\/06\/Casa-de-la-provincia-150x150.png",150,150,true],"medium":["https:\/\/experienciadevida.com.ar\/portalurbano\/wp-content\/uploads\/2021\/06\/Casa-de-la-provincia-300x165.png",300,165,true],"medium_large":["https:\/\/experienciadevida.com.ar\/portalurbano\/wp-content\/uploads\/2021\/06\/Casa-de-la-provincia-768x423.png",640,353,true],"large":["https:\/\/experienciadevida.com.ar\/portalurbano\/wp-content\/uploads\/2021\/06\/Casa-de-la-provincia.png",640,353,false],"ug_big":["https:\/\/experienciadevida.com.ar\/portalurbano\/wp-content\/uploads\/2021\/06\/Casa-de-la-provincia-768x423.png",768,423,true],"1536x1536":["https:\/\/experienciadevida.com.ar\/portalurbano\/wp-content\/uploads\/2021\/06\/Casa-de-la-provincia.png",902,497,false],"2048x2048":["https:\/\/experienciadevida.com.ar\/portalurbano\/wp-content\/uploads\/2021\/06\/Casa-de-la-provincia.png",902,497,false],"newsever-slider-full":["https:\/\/experienciadevida.com.ar\/portalurbano\/wp-content\/uploads\/2021\/06\/Casa-de-la-provincia.png",902,497,false],"newsever-featured":["https:\/\/experienciadevida.com.ar\/portalurbano\/wp-content\/uploads\/2021\/06\/Casa-de-la-provincia.png",902,497,false],"newsever-medium":["https:\/\/experienciadevida.com.ar\/portalurbano\/wp-content\/uploads\/2021\/06\/Casa-de-la-provincia.png",720,397,false],"web-stories-poster-portrait":["https:\/\/experienciadevida.com.ar\/portalurbano\/wp-content\/uploads\/2021\/06\/Casa-de-la-provincia.png",640,353,false],"web-stories-publisher-logo":["https:\/\/experienciadevida.com.ar\/portalurbano\/wp-content\/uploads\/2021\/06\/Casa-de-la-provincia.png",96,53,false],"web-stories-thumbnail":["https:\/\/experienciadevida.com.ar\/portalurbano\/wp-content\/uploads\/2021\/06\/Casa-de-la-provincia.png",150,83,false]},"author_info":{"display_name":"admpu17wp","author_link":"https:\/\/experienciadevida.com.ar\/portalurbano\/author\/admpu17wp\/"},"category_info":"<a href=\"https:\/\/experienciadevida.com.ar\/portalurbano\/category\/destacadas\/\" rel=\"category tag\">Destacadas<\/a> <a href=\"https:\/\/experienciadevida.com.ar\/portalurbano\/category\/politica\/\" rel=\"category tag\">Pol\u00edtica<\/a>","tag_info":"Pol\u00edtica","comment_count":"0","amp_enabled":true,"_links":{"self":[{"href":"https:\/\/experienciadevida.com.ar\/portalurbano\/wp-json\/wp\/v2\/posts\/145968"}],"collection":[{"href":"https:\/\/experienciadevida.com.ar\/portalurbano\/wp-json\/wp\/v2\/posts"}],"about":[{"href":"https:\/\/experienciadevida.com.ar\/portalurbano\/wp-json\/wp\/v2\/types\/post"}],"author":[{"embeddable":true,"href":"https:\/\/experienciadevida.com.ar\/portalurbano\/wp-json\/wp\/v2\/users\/1"}],"replies":[{"embeddable":true,"href":"https:\/\/experienciadevida.com.ar\/portalurbano\/wp-json\/wp\/v2\/comments?post=145968"}],"version-history":[{"count":3,"href":"https:\/\/experienciadevida.com.ar\/portalurbano\/wp-json\/wp\/v2\/posts\/145968\/revisions"}],"predecessor-version":[{"id":145971,"href":"https:\/\/experienciadevida.com.ar\/portalurbano\/wp-json\/wp\/v2\/posts\/145968\/revisions\/145971"}],"wp:featuredmedia":[{"embeddable":true,"href":"https:\/\/experienciadevida.com.ar\/portalurbano\/wp-json\/wp\/v2\/media\/145969"}],"wp:attachment":[{"href":"https:\/\/experienciadevida.com.ar\/portalurbano\/wp-json\/wp\/v2\/media?parent=145968"}],"wp:term":[{"taxonomy":"category","embeddable":true,"href":"https:\/\/experienciadevida.com.ar\/portalurbano\/wp-json\/wp\/v2\/categories?post=145968"},{"taxonomy":"post_tag","embeddable":true,"href":"https:\/\/experienciadevida.com.ar\/portalurbano\/wp-json\/wp\/v2\/tags?post=145968"}],"curies":[{"name":"wp","href":"https:\/\/api.w.org\/{rel}","templated":true}]}}