{"id":145955,"date":"2021-06-24T10:07:06","date_gmt":"2021-06-24T13:07:06","guid":{"rendered":"https:\/\/experienciadevida.com.ar\/portalurbano\/?p=145955"},"modified":"2021-06-24T10:09:12","modified_gmt":"2021-06-24T13:09:12","slug":"continua-la-regularizacion-dominial-del-barrio-48-viviendas","status":"publish","type":"post","link":"https:\/\/experienciadevida.com.ar\/portalurbano\/continua-la-regularizacion-dominial-del-barrio-48-viviendas\/","title":{"rendered":"Contin\u00faa la regularizaci\u00f3n dominial del Barrio 48 Viviendas"},"content":{"rendered":"<p>Contin\u00faa la regularizaci\u00f3n dominial del Barrio 48 Viviendas, los or\u00edgenes datan del a\u00f1o 1997, cuando el <a href=\"https:\/\/www.facebook.com\/galliezequiel\">Municipio<\/a> en el marco de la<br \/>\nconstrucci\u00f3n del Barrio bajo modalidad de autoconstrucci\u00f3n y ayuda mutua, suscribi\u00f3 un convenio de asistencia financiera con el Instituto de la<br \/>\nVivienda de la Provincia de Buenos Aires.<\/p>\n<p>Si bien las viviendas fueron terminadas por los propios beneficiarios hace ya m\u00e1s de 20 a\u00f1os, era un reclamo hist\u00f3rico de los vecinos la imposibilidad<br \/>\nde obtener su escritura.<\/p>\n<p>Contin\u00faa la regularizaci\u00f3n dominial del barrio 48 viviendas, en ese sentido la gesti\u00f3n del actual Intendente Municipal Ezequiel Galli, en el Plan de Regularizaci\u00f3n Dominial que se viene llevando adelante hace varios a\u00f1os, realiz\u00f3 una serie de acciones que hoy se traducen en las m\u00e1s de diez Ordenanzas de donaci\u00f3n que se votaron esta ma\u00f1ana en el Concejo Deliberante y que permiten poder continuar con la escrituraci\u00f3n de las viviendas.<\/p>\n<p>Entre las acciones que debieron llevarse a cabo, se destacan el aporte realizado por los Ingenieros agrimensores incorporados por el Municipio para regularizar la situaci\u00f3n del plano del Barrio (Plano de subdivisi\u00f3n N\u00b0 78-14-1997), que debi\u00f3 inscribirse en La Plata y levantarse las<br \/>\nrestricciones existentes, como as\u00ed tambi\u00e9n el relevamiento social del barrio y el constante trabajo de los trabajadores municipales para lograr<br \/>\nel objetivo de que los vecinos puedan obtener finalmente su escritura.<\/p>\n","protected":false},"excerpt":{"rendered":"<p>Contin\u00faa la regularizaci\u00f3n dominial del Barrio 48 Viviendas, los or\u00edgenes datan del a\u00f1o 1997, cuando&#8230;<\/p>\n","protected":false},"author":1,"featured_media":0,"comment_status":"closed","ping_status":"closed","sticky":false,"template":"","format":"standard","meta":{"content-type":""},"categories":[27,51],"tags":[],"nelio_content":{"isAutoShareEnabled":false,"autoShareEndMode":"default","automationSources":{"useContentSentences":true,"useSocialTemplates":true,"useCustomSentences":false,"customSentences":[]},"followers":[1],"suggestedReferences":[],"includedReferences":[],"efiUrl":"","efiAlt":"","highlights":[]},"yoast_head":"<!-- This site is optimized with the Yoast SEO plugin v20.7 - https:\/\/yoast.com\/wordpress\/plugins\/seo\/ -->\n<title>Contin\u00faa la regularizaci\u00f3n dominial del barrio 48 viviendas<\/title>\n<meta name=\"description\" content=\"Contin\u00faa la regularizaci\u00f3n dominial del Barrio 48 Viviendas, los or\u00edgenes datan del a\u00f1o 1997,suscribi\u00f3 un convenio de asistencia financiera\" \/>\n<meta name=\"robots\" content=\"index, follow, max-snippet:-1, max-image-preview:large, max-video-preview:-1\" \/>\n<link rel=\"canonical\" href=\"https:\/\/experienciadevida.com.ar\/portalurbano\/continua-la-regularizacion-dominial-del-barrio-48-viviendas\/\" \/>\n<meta property=\"og:locale\" content=\"es_ES\" \/>\n<meta property=\"og:type\" content=\"article\" \/>\n<meta property=\"og:title\" content=\"Contin\u00faa la regularizaci\u00f3n dominial del barrio 48 viviendas\" \/>\n<meta property=\"og:description\" content=\"Contin\u00faa la regularizaci\u00f3n dominial del Barrio 48 Viviendas, los or\u00edgenes datan del a\u00f1o 1997,suscribi\u00f3 un convenio de asistencia financiera\" \/>\n<meta property=\"og:url\" content=\"https:\/\/experienciadevida.com.ar\/portalurbano\/continua-la-regularizacion-dominial-del-barrio-48-viviendas\/\" \/>\n<meta property=\"article:publisher\" content=\"https:\/\/www.facebook.com\/Portal-Urbano-171542830093757\/\" \/>\n<meta property=\"article:published_time\" content=\"2021-06-24T13:07:06+00:00\" \/>\n<meta property=\"article:modified_time\" content=\"2021-06-24T13:09:12+00:00\" \/>\n<meta property=\"og:image\" content=\"https:\/\/experienciadevida.com.ar\/portalurbano\/wp-content\/uploads\/2018\/11\/REGULARIZACI\u00d3N.jpg\" \/>\n\t<meta property=\"og:image:width\" content=\"800\" \/>\n\t<meta property=\"og:image:height\" content=\"533\" \/>\n\t<meta property=\"og:image:type\" content=\"image\/jpeg\" \/>\n<meta name=\"author\" content=\"admpu17wp\" \/>\n<meta name=\"twitter:card\" content=\"summary_large_image\" \/>\n<meta name=\"twitter:creator\" content=\"@portalurbanook\" \/>\n<meta name=\"twitter:site\" content=\"@portalurbanook\" \/>\n<meta name=\"twitter:label1\" content=\"Escrito por\" \/>\n\t<meta name=\"twitter:data1\" content=\"admpu17wp\" \/>\n\t<meta name=\"twitter:label2\" content=\"Tiempo de lectura\" \/>\n\t<meta name=\"twitter:data2\" content=\"1 minuto\" \/>\n<script type=\"application\/ld+json\" class=\"yoast-schema-graph\">{\"@context\":\"https:\/\/schema.org\",\"@graph\":[{\"@type\":\"Article\",\"@id\":\"https:\/\/experienciadevida.com.ar\/portalurbano\/continua-la-regularizacion-dominial-del-barrio-48-viviendas\/#article\",\"isPartOf\":{\"@id\":\"https:\/\/experienciadevida.com.ar\/portalurbano\/continua-la-regularizacion-dominial-del-barrio-48-viviendas\/\"},\"author\":{\"name\":\"admpu17wp\",\"@id\":\"https:\/\/experienciadevida.com.ar\/portalurbano\/#\/schema\/person\/02dd326b1c4b056e9cc972486934a3a7\"},\"headline\":\"Contin\u00faa la regularizaci\u00f3n dominial del Barrio 48 Viviendas\",\"datePublished\":\"2021-06-24T13:07:06+00:00\",\"dateModified\":\"2021-06-24T13:09:12+00:00\",\"mainEntityOfPage\":{\"@id\":\"https:\/\/experienciadevida.com.ar\/portalurbano\/continua-la-regularizacion-dominial-del-barrio-48-viviendas\/\"},\"wordCount\":250,\"publisher\":{\"@id\":\"https:\/\/experienciadevida.com.ar\/portalurbano\/#organization\"},\"articleSection\":[\"Ciudad\",\"Destacadas\"],\"inLanguage\":\"es\"},{\"@type\":\"WebPage\",\"@id\":\"https:\/\/experienciadevida.com.ar\/portalurbano\/continua-la-regularizacion-dominial-del-barrio-48-viviendas\/\",\"url\":\"https:\/\/experienciadevida.com.ar\/portalurbano\/continua-la-regularizacion-dominial-del-barrio-48-viviendas\/\",\"name\":\"Contin\u00faa la regularizaci\u00f3n dominial del barrio 48 viviendas\",\"isPartOf\":{\"@id\":\"https:\/\/experienciadevida.com.ar\/portalurbano\/#website\"},\"datePublished\":\"2021-06-24T13:07:06+00:00\",\"dateModified\":\"2021-06-24T13:09:12+00:00\",\"description\":\"Contin\u00faa la regularizaci\u00f3n dominial del Barrio 48 Viviendas, los or\u00edgenes datan del a\u00f1o 1997,suscribi\u00f3 un convenio de asistencia financiera\",\"breadcrumb\":{\"@id\":\"https:\/\/experienciadevida.com.ar\/portalurbano\/continua-la-regularizacion-dominial-del-barrio-48-viviendas\/#breadcrumb\"},\"inLanguage\":\"es\",\"potentialAction\":[{\"@type\":\"ReadAction\",\"target\":[\"https:\/\/experienciadevida.com.ar\/portalurbano\/continua-la-regularizacion-dominial-del-barrio-48-viviendas\/\"]}]},{\"@type\":\"BreadcrumbList\",\"@id\":\"https:\/\/experienciadevida.com.ar\/portalurbano\/continua-la-regularizacion-dominial-del-barrio-48-viviendas\/#breadcrumb\",\"itemListElement\":[{\"@type\":\"ListItem\",\"position\":1,\"name\":\"Portada\",\"item\":\"https:\/\/experienciadevida.com.ar\/portalurbano\/\"},{\"@type\":\"ListItem\",\"position\":2,\"name\":\"Contin\u00faa la regularizaci\u00f3n dominial del Barrio 48 Viviendas\"}]},{\"@type\":\"WebSite\",\"@id\":\"https:\/\/experienciadevida.com.ar\/portalurbano\/#website\",\"url\":\"https:\/\/experienciadevida.com.ar\/portalurbano\/\",\"name\":\"\",\"description\":\"\",\"publisher\":{\"@id\":\"https:\/\/experienciadevida.com.ar\/portalurbano\/#organization\"},\"potentialAction\":[{\"@type\":\"SearchAction\",\"target\":{\"@type\":\"EntryPoint\",\"urlTemplate\":\"https:\/\/experienciadevida.com.ar\/portalurbano\/?s={search_term_string}\"},\"query-input\":\"required name=search_term_string\"}],\"inLanguage\":\"es\"},{\"@type\":\"Organization\",\"@id\":\"https:\/\/experienciadevida.com.ar\/portalurbano\/#organization\",\"name\":\"Portal Urbano\",\"url\":\"https:\/\/experienciadevida.com.ar\/portalurbano\/\",\"logo\":{\"@type\":\"ImageObject\",\"inLanguage\":\"es\",\"@id\":\"https:\/\/experienciadevida.com.ar\/portalurbano\/#\/schema\/logo\/image\/\",\"url\":\"https:\/\/experienciadevida.com.ar\/portalurbano\/wp-content\/uploads\/2019\/09\/Logo-Original.png\",\"contentUrl\":\"https:\/\/experienciadevida.com.ar\/portalurbano\/wp-content\/uploads\/2019\/09\/Logo-Original.png\",\"width\":2236,\"height\":1216,\"caption\":\"Portal Urbano\"},\"image\":{\"@id\":\"https:\/\/experienciadevida.com.ar\/portalurbano\/#\/schema\/logo\/image\/\"},\"sameAs\":[\"https:\/\/www.facebook.com\/Portal-Urbano-171542830093757\/\",\"https:\/\/twitter.com\/portalurbanook\",\"https:\/\/www.instagram.com\/_portalurbano\/\",\"https:\/\/www.youtube.com\/channel\/UCXhagIfszH8KxFiOok79zbA?view_as=subscriber\"]},{\"@type\":\"Person\",\"@id\":\"https:\/\/experienciadevida.com.ar\/portalurbano\/#\/schema\/person\/02dd326b1c4b056e9cc972486934a3a7\",\"name\":\"admpu17wp\",\"image\":{\"@type\":\"ImageObject\",\"inLanguage\":\"es\",\"@id\":\"https:\/\/experienciadevida.com.ar\/portalurbano\/#\/schema\/person\/image\/\",\"url\":\"https:\/\/secure.gravatar.com\/avatar\/830d4c57adaae6630765e449a6908047?s=96&d=mm&r=g\",\"contentUrl\":\"https:\/\/secure.gravatar.com\/avatar\/830d4c57adaae6630765e449a6908047?s=96&d=mm&r=g\",\"caption\":\"admpu17wp\"}}]}<\/script>\n<!-- \/ Yoast SEO plugin. -->","yoast_head_json":{"title":"Contin\u00faa la regularizaci\u00f3n dominial del barrio 48 viviendas","description":"Contin\u00faa la regularizaci\u00f3n dominial del Barrio 48 Viviendas, los or\u00edgenes datan del a\u00f1o 1997,suscribi\u00f3 un convenio de asistencia financiera","robots":{"index":"index","follow":"follow","max-snippet":"max-snippet:-1","max-image-preview":"max-image-preview:large","max-video-preview":"max-video-preview:-1"},"canonical":"https:\/\/experienciadevida.com.ar\/portalurbano\/continua-la-regularizacion-dominial-del-barrio-48-viviendas\/","og_locale":"es_ES","og_type":"article","og_title":"Contin\u00faa la regularizaci\u00f3n dominial del barrio 48 viviendas","og_description":"Contin\u00faa la regularizaci\u00f3n dominial del Barrio 48 Viviendas, los or\u00edgenes datan del a\u00f1o 1997,suscribi\u00f3 un convenio de asistencia financiera","og_url":"https:\/\/experienciadevida.com.ar\/portalurbano\/continua-la-regularizacion-dominial-del-barrio-48-viviendas\/","article_publisher":"https:\/\/www.facebook.com\/Portal-Urbano-171542830093757\/","article_published_time":"2021-06-24T13:07:06+00:00","article_modified_time":"2021-06-24T13:09:12+00:00","og_image":[{"width":800,"height":533,"url":"https:\/\/experienciadevida.com.ar\/portalurbano\/wp-content\/uploads\/2018\/11\/REGULARIZACI\u00d3N.jpg","type":"image\/jpeg"}],"author":"admpu17wp","twitter_card":"summary_large_image","twitter_creator":"@portalurbanook","twitter_site":"@portalurbanook","twitter_misc":{"Escrito por":"admpu17wp","Tiempo de lectura":"1 minuto"},"schema":{"@context":"https:\/\/schema.org","@graph":[{"@type":"Article","@id":"https:\/\/experienciadevida.com.ar\/portalurbano\/continua-la-regularizacion-dominial-del-barrio-48-viviendas\/#article","isPartOf":{"@id":"https:\/\/experienciadevida.com.ar\/portalurbano\/continua-la-regularizacion-dominial-del-barrio-48-viviendas\/"},"author":{"name":"admpu17wp","@id":"https:\/\/experienciadevida.com.ar\/portalurbano\/#\/schema\/person\/02dd326b1c4b056e9cc972486934a3a7"},"headline":"Contin\u00faa la regularizaci\u00f3n dominial del Barrio 48 Viviendas","datePublished":"2021-06-24T13:07:06+00:00","dateModified":"2021-06-24T13:09:12+00:00","mainEntityOfPage":{"@id":"https:\/\/experienciadevida.com.ar\/portalurbano\/continua-la-regularizacion-dominial-del-barrio-48-viviendas\/"},"wordCount":250,"publisher":{"@id":"https:\/\/experienciadevida.com.ar\/portalurbano\/#organization"},"articleSection":["Ciudad","Destacadas"],"inLanguage":"es"},{"@type":"WebPage","@id":"https:\/\/experienciadevida.com.ar\/portalurbano\/continua-la-regularizacion-dominial-del-barrio-48-viviendas\/","url":"https:\/\/experienciadevida.com.ar\/portalurbano\/continua-la-regularizacion-dominial-del-barrio-48-viviendas\/","name":"Contin\u00faa la regularizaci\u00f3n dominial del barrio 48 viviendas","isPartOf":{"@id":"https:\/\/experienciadevida.com.ar\/portalurbano\/#website"},"datePublished":"2021-06-24T13:07:06+00:00","dateModified":"2021-06-24T13:09:12+00:00","description":"Contin\u00faa la regularizaci\u00f3n dominial del Barrio 48 Viviendas, los or\u00edgenes datan del a\u00f1o 1997,suscribi\u00f3 un convenio de asistencia financiera","breadcrumb":{"@id":"https:\/\/experienciadevida.com.ar\/portalurbano\/continua-la-regularizacion-dominial-del-barrio-48-viviendas\/#breadcrumb"},"inLanguage":"es","potentialAction":[{"@type":"ReadAction","target":["https:\/\/experienciadevida.com.ar\/portalurbano\/continua-la-regularizacion-dominial-del-barrio-48-viviendas\/"]}]},{"@type":"BreadcrumbList","@id":"https:\/\/experienciadevida.com.ar\/portalurbano\/continua-la-regularizacion-dominial-del-barrio-48-viviendas\/#breadcrumb","itemListElement":[{"@type":"ListItem","position":1,"name":"Portada","item":"https:\/\/experienciadevida.com.ar\/portalurbano\/"},{"@type":"ListItem","position":2,"name":"Contin\u00faa la regularizaci\u00f3n dominial del Barrio 48 Viviendas"}]},{"@type":"WebSite","@id":"https:\/\/experienciadevida.com.ar\/portalurbano\/#website","url":"https:\/\/experienciadevida.com.ar\/portalurbano\/","name":"","description":"","publisher":{"@id":"https:\/\/experienciadevida.com.ar\/portalurbano\/#organization"},"potentialAction":[{"@type":"SearchAction","target":{"@type":"EntryPoint","urlTemplate":"https:\/\/experienciadevida.com.ar\/portalurbano\/?s={search_term_string}"},"query-input":"required name=search_term_string"}],"inLanguage":"es"},{"@type":"Organization","@id":"https:\/\/experienciadevida.com.ar\/portalurbano\/#organization","name":"Portal Urbano","url":"https:\/\/experienciadevida.com.ar\/portalurbano\/","logo":{"@type":"ImageObject","inLanguage":"es","@id":"https:\/\/experienciadevida.com.ar\/portalurbano\/#\/schema\/logo\/image\/","url":"https:\/\/experienciadevida.com.ar\/portalurbano\/wp-content\/uploads\/2019\/09\/Logo-Original.png","contentUrl":"https:\/\/experienciadevida.com.ar\/portalurbano\/wp-content\/uploads\/2019\/09\/Logo-Original.png","width":2236,"height":1216,"caption":"Portal Urbano"},"image":{"@id":"https:\/\/experienciadevida.com.ar\/portalurbano\/#\/schema\/logo\/image\/"},"sameAs":["https:\/\/www.facebook.com\/Portal-Urbano-171542830093757\/","https:\/\/twitter.com\/portalurbanook","https:\/\/www.instagram.com\/_portalurbano\/","https:\/\/www.youtube.com\/channel\/UCXhagIfszH8KxFiOok79zbA?view_as=subscriber"]},{"@type":"Person","@id":"https:\/\/experienciadevida.com.ar\/portalurbano\/#\/schema\/person\/02dd326b1c4b056e9cc972486934a3a7","name":"admpu17wp","image":{"@type":"ImageObject","inLanguage":"es","@id":"https:\/\/experienciadevida.com.ar\/portalurbano\/#\/schema\/person\/image\/","url":"https:\/\/secure.gravatar.com\/avatar\/830d4c57adaae6630765e449a6908047?s=96&d=mm&r=g","contentUrl":"https:\/\/secure.gravatar.com\/avatar\/830d4c57adaae6630765e449a6908047?s=96&d=mm&r=g","caption":"admpu17wp"}}]}},"featured_image_urls":{"full":"","thumbnail":"","medium":"","medium_large":"","large":"","ug_big":"","1536x1536":"","2048x2048":"","newsever-slider-full":"","newsever-featured":"","newsever-medium":"","web-stories-poster-portrait":"","web-stories-publisher-logo":"","web-stories-thumbnail":""},"author_info":{"display_name":"admpu17wp","author_link":"https:\/\/experienciadevida.com.ar\/portalurbano\/author\/admpu17wp\/"},"category_info":"<a href=\"https:\/\/experienciadevida.com.ar\/portalurbano\/category\/ciudad\/\" rel=\"category tag\">Ciudad<\/a> <a href=\"https:\/\/experienciadevida.com.ar\/portalurbano\/category\/destacadas\/\" rel=\"category tag\">Destacadas<\/a>","tag_info":"Destacadas","comment_count":"0","amp_enabled":true,"_links":{"self":[{"href":"https:\/\/experienciadevida.com.ar\/portalurbano\/wp-json\/wp\/v2\/posts\/145955"}],"collection":[{"href":"https:\/\/experienciadevida.com.ar\/portalurbano\/wp-json\/wp\/v2\/posts"}],"about":[{"href":"https:\/\/experienciadevida.com.ar\/portalurbano\/wp-json\/wp\/v2\/types\/post"}],"author":[{"embeddable":true,"href":"https:\/\/experienciadevida.com.ar\/portalurbano\/wp-json\/wp\/v2\/users\/1"}],"replies":[{"embeddable":true,"href":"https:\/\/experienciadevida.com.ar\/portalurbano\/wp-json\/wp\/v2\/comments?post=145955"}],"version-history":[{"count":3,"href":"https:\/\/experienciadevida.com.ar\/portalurbano\/wp-json\/wp\/v2\/posts\/145955\/revisions"}],"predecessor-version":[{"id":145957,"href":"https:\/\/experienciadevida.com.ar\/portalurbano\/wp-json\/wp\/v2\/posts\/145955\/revisions\/145957"}],"wp:attachment":[{"href":"https:\/\/experienciadevida.com.ar\/portalurbano\/wp-json\/wp\/v2\/media?parent=145955"}],"wp:term":[{"taxonomy":"category","embeddable":true,"href":"https:\/\/experienciadevida.com.ar\/portalurbano\/wp-json\/wp\/v2\/categories?post=145955"},{"taxonomy":"post_tag","embeddable":true,"href":"https:\/\/experienciadevida.com.ar\/portalurbano\/wp-json\/wp\/v2\/tags?post=145955"}],"curies":[{"name":"wp","href":"https:\/\/api.w.org\/{rel}","templated":true}]}}