{"id":145946,"date":"2021-06-23T18:54:02","date_gmt":"2021-06-23T21:54:02","guid":{"rendered":"https:\/\/experienciadevida.com.ar\/portalurbano\/?p=145946"},"modified":"2021-06-23T18:54:25","modified_gmt":"2021-06-23T21:54:25","slug":"otro-dia-con-mas-de-700-muertos-por-coronavirus-pero-el-uso-de-camas-uti-sigue-en-descenso","status":"publish","type":"post","link":"https:\/\/experienciadevida.com.ar\/portalurbano\/otro-dia-con-mas-de-700-muertos-por-coronavirus-pero-el-uso-de-camas-uti-sigue-en-descenso\/","title":{"rendered":"Otro d\u00eda con m\u00e1s de 700 muertos por coronavirus pero el uso de camas UTI sigue en descenso"},"content":{"rendered":"<p>Otro d\u00eda con m\u00e1s de 700 muertos por coronavirus pero el uso de camas UTI sigue en descenso, hubo 27.319 contagios. Con estos datos, el total de fallecidos es de 90.986. Y hay 7.241 personas internadas en terapia intensiva.<\/p>\n<p>El Ministerio de Salud de la Naci\u00f3n inform\u00f3 hoy que, en las \u00faltimas 24 horas, se registraron 706 muertes y 27.319 nuevos contagios de coronavirus. Con estos datos, el total de casos desde el inicio de la pandemia asciende a 4.326.101 y las v\u00edctimas fatales son 90.986.<\/p>\n<p>Por otra parte, en las \u00faltimas 24 horas fueron realizados 115.714 testeos, con un 23,60% de positividad. Desde el inicio del brote, se llevaron a cabo 16.071.070 pruebas diagn\u00f3sticas para esta enfermedad. A la fecha, se registran 290.792 casos positivos activos en todo el pa\u00eds y 3.944.323 recuperados.<\/p>\n<p>De ese total de casos, 3.944.323 personas ya se recuperaron, mientras que 290.792 a\u00fan est\u00e1n cursando la enfermedad.<\/p>\n<p>La cantidad de personas internadas en las Unidades de Terapia Intensiva (UTI) sigue en descenso y al d\u00eda de hoy es de 7.241, lo que representa un porcentaje de ocupaci\u00f3n de camas del 72,8% a nivel nacional y del 70,9% en el \u00c1rea Metropolitana de Buenos Aires (AMBA).<\/p>\n<p>Otro d\u00eda con m\u00e1s de 700 muertos por coronavirus pero el uso de camas UTI sigue en descenso, del total de muertes 381 son hombres (183 de la provincia de Buenos Aires, 24 de la ciudad de Buenos Aires, ocho de Catamarca, ocho de Chaco, uno de Chubut, 44 de C\u00f3rdoba, tres de Entre R\u00edos, cinco de Formosa, tres de Jujuy, cinco de La Pampa, dos de La Rioja, 16 de Mendoza, tres de Misiones, cinco de Neuqu\u00e9n, ocho de R\u00edo Negro, 21 de Salta, siete de San Juan, ocho de San Luis, cuatro de Santa Cruz, 11 de Santa Fe, uno de Santiago del Estero y 11 de Tucum\u00e1n) y 319 son mujeres (161 de la provincia de Buenos Aires, 18 de la ciudad de Buenos Aires, ocho de Catamarca, ocho de Chaco, 51 de C\u00f3rdoba, seis de Entre R\u00edos, 10 de Formosa, una de Jujuy, tres de La Pampa, tres de La Rioja, nueve de Mendoza, una de Misiones, cuatro de Neuqu\u00e9n, cuatro de R\u00edo Negro, siete de Salta, una de San Juan, una de San Luis, 12 de Santa Fe, cuatro de Santiago del Estero y siete de Tucum\u00e1n).<\/p>\n<p>Seis personas (una de la provincia de Buenos Aires, una de Catamarca, una de Formosa, una de La Pampa, una de R\u00edo Negro y una de Santa Fe) fueron registradas sin datos de sexo.<\/p>\n<p>De los 27.319 contagios, 9.105 son de la provincia de Buenos Aires, 1.862 de la ciudad de Buenos Aires, 343 de Catamarca, 644 de Chaco, 283 de Chubut, 435 de Corrientes, 3.960 de C\u00f3rdoba, 935 de Entre R\u00edos, 538 de Formosa, 358 de Jujuy, 446 de La Pampa, 182 de La Rioja, 846 de Mendoza, 181 de Misiones, 360 de Neuqu\u00e9n, 325 de R\u00edo Negro, 705 de Salta, 716 de San Juan, 354 de San Luis, 134 de Santa Cruz, 2.285 de Santa Fe, 497 de Santiago del Estero, 55 de Tierra del Fuego y 1.770 de Tucum\u00e1n.<\/p>\n<p>Fuente: DIB<\/p>\n","protected":false},"excerpt":{"rendered":"<p>Otro d\u00eda con m\u00e1s de 700 muertos por coronavirus pero el uso de camas UTI&#8230;<\/p>\n","protected":false},"author":1,"featured_media":139450,"comment_status":"closed","ping_status":"closed","sticky":false,"template":"","format":"standard","meta":{"content-type":""},"categories":[71,39],"tags":[],"nelio_content":{"isAutoShareEnabled":false,"autoShareEndMode":"default","automationSources":{"useContentSentences":true,"useSocialTemplates":true,"useCustomSentences":false,"customSentences":[]},"followers":[1],"suggestedReferences":[],"includedReferences":[],"efiUrl":"","efiAlt":"","highlights":[]},"yoast_head":"<!-- This site is optimized with the Yoast SEO plugin v20.7 - https:\/\/yoast.com\/wordpress\/plugins\/seo\/ -->\n<title>Otro d\u00eda con m\u00e1s de 700 muertos por coronavirus baja el uso de UTI<\/title>\n<meta name=\"description\" content=\"Otro d\u00eda con m\u00e1s de 700 muertos por coronavirus pero el uso de camas UTI sigue en descenso, hubo 27.319 contagios, 90.986 fallecidos\" \/>\n<meta name=\"robots\" content=\"index, follow, max-snippet:-1, max-image-preview:large, max-video-preview:-1\" \/>\n<link rel=\"canonical\" href=\"https:\/\/experienciadevida.com.ar\/portalurbano\/otro-dia-con-mas-de-700-muertos-por-coronavirus-pero-el-uso-de-camas-uti-sigue-en-descenso\/\" \/>\n<meta property=\"og:locale\" content=\"es_ES\" \/>\n<meta property=\"og:type\" content=\"article\" \/>\n<meta property=\"og:title\" content=\"Otro d\u00eda con m\u00e1s de 700 muertos por coronavirus baja el uso de UTI\" \/>\n<meta property=\"og:description\" content=\"Otro d\u00eda con m\u00e1s de 700 muertos por coronavirus pero el uso de camas UTI sigue en descenso, hubo 27.319 contagios, 90.986 fallecidos\" \/>\n<meta property=\"og:url\" content=\"https:\/\/experienciadevida.com.ar\/portalurbano\/otro-dia-con-mas-de-700-muertos-por-coronavirus-pero-el-uso-de-camas-uti-sigue-en-descenso\/\" \/>\n<meta property=\"article:publisher\" content=\"https:\/\/www.facebook.com\/Portal-Urbano-171542830093757\/\" \/>\n<meta property=\"article:published_time\" content=\"2021-06-23T21:54:02+00:00\" \/>\n<meta property=\"article:modified_time\" content=\"2021-06-23T21:54:25+00:00\" \/>\n<meta property=\"og:image\" content=\"https:\/\/experienciadevida.com.ar\/portalurbano\/wp-content\/uploads\/2021\/04\/Record-de-casos-de-coronavirus.jpg\" \/>\n\t<meta property=\"og:image:width\" content=\"995\" \/>\n\t<meta property=\"og:image:height\" content=\"560\" \/>\n\t<meta property=\"og:image:type\" content=\"image\/jpeg\" \/>\n<meta name=\"author\" content=\"admpu17wp\" \/>\n<meta name=\"twitter:card\" content=\"summary_large_image\" \/>\n<meta name=\"twitter:creator\" content=\"@portalurbanook\" \/>\n<meta name=\"twitter:site\" content=\"@portalurbanook\" \/>\n<meta name=\"twitter:label1\" content=\"Escrito por\" \/>\n\t<meta name=\"twitter:data1\" content=\"admpu17wp\" \/>\n\t<meta name=\"twitter:label2\" content=\"Tiempo de lectura\" \/>\n\t<meta name=\"twitter:data2\" content=\"3 minutos\" \/>\n<script type=\"application\/ld+json\" class=\"yoast-schema-graph\">{\"@context\":\"https:\/\/schema.org\",\"@graph\":[{\"@type\":\"Article\",\"@id\":\"https:\/\/experienciadevida.com.ar\/portalurbano\/otro-dia-con-mas-de-700-muertos-por-coronavirus-pero-el-uso-de-camas-uti-sigue-en-descenso\/#article\",\"isPartOf\":{\"@id\":\"https:\/\/experienciadevida.com.ar\/portalurbano\/otro-dia-con-mas-de-700-muertos-por-coronavirus-pero-el-uso-de-camas-uti-sigue-en-descenso\/\"},\"author\":{\"name\":\"admpu17wp\",\"@id\":\"https:\/\/experienciadevida.com.ar\/portalurbano\/#\/schema\/person\/02dd326b1c4b056e9cc972486934a3a7\"},\"headline\":\"Otro d\u00eda con m\u00e1s de 700 muertos por coronavirus pero el uso de camas UTI sigue en descenso\",\"datePublished\":\"2021-06-23T21:54:02+00:00\",\"dateModified\":\"2021-06-23T21:54:25+00:00\",\"mainEntityOfPage\":{\"@id\":\"https:\/\/experienciadevida.com.ar\/portalurbano\/otro-dia-con-mas-de-700-muertos-por-coronavirus-pero-el-uso-de-camas-uti-sigue-en-descenso\/\"},\"wordCount\":513,\"publisher\":{\"@id\":\"https:\/\/experienciadevida.com.ar\/portalurbano\/#organization\"},\"articleSection\":[\"Coronavirus\",\"Naci\u00f3n\"],\"inLanguage\":\"es\"},{\"@type\":\"WebPage\",\"@id\":\"https:\/\/experienciadevida.com.ar\/portalurbano\/otro-dia-con-mas-de-700-muertos-por-coronavirus-pero-el-uso-de-camas-uti-sigue-en-descenso\/\",\"url\":\"https:\/\/experienciadevida.com.ar\/portalurbano\/otro-dia-con-mas-de-700-muertos-por-coronavirus-pero-el-uso-de-camas-uti-sigue-en-descenso\/\",\"name\":\"Otro d\u00eda con m\u00e1s de 700 muertos por coronavirus baja el uso de UTI\",\"isPartOf\":{\"@id\":\"https:\/\/experienciadevida.com.ar\/portalurbano\/#website\"},\"datePublished\":\"2021-06-23T21:54:02+00:00\",\"dateModified\":\"2021-06-23T21:54:25+00:00\",\"description\":\"Otro d\u00eda con m\u00e1s de 700 muertos por coronavirus pero el uso de camas UTI sigue en descenso, hubo 27.319 contagios, 90.986 fallecidos\",\"breadcrumb\":{\"@id\":\"https:\/\/experienciadevida.com.ar\/portalurbano\/otro-dia-con-mas-de-700-muertos-por-coronavirus-pero-el-uso-de-camas-uti-sigue-en-descenso\/#breadcrumb\"},\"inLanguage\":\"es\",\"potentialAction\":[{\"@type\":\"ReadAction\",\"target\":[\"https:\/\/experienciadevida.com.ar\/portalurbano\/otro-dia-con-mas-de-700-muertos-por-coronavirus-pero-el-uso-de-camas-uti-sigue-en-descenso\/\"]}]},{\"@type\":\"BreadcrumbList\",\"@id\":\"https:\/\/experienciadevida.com.ar\/portalurbano\/otro-dia-con-mas-de-700-muertos-por-coronavirus-pero-el-uso-de-camas-uti-sigue-en-descenso\/#breadcrumb\",\"itemListElement\":[{\"@type\":\"ListItem\",\"position\":1,\"name\":\"Portada\",\"item\":\"https:\/\/experienciadevida.com.ar\/portalurbano\/\"},{\"@type\":\"ListItem\",\"position\":2,\"name\":\"Otro d\u00eda con m\u00e1s de 700 muertos por coronavirus pero el uso de camas UTI sigue en descenso\"}]},{\"@type\":\"WebSite\",\"@id\":\"https:\/\/experienciadevida.com.ar\/portalurbano\/#website\",\"url\":\"https:\/\/experienciadevida.com.ar\/portalurbano\/\",\"name\":\"\",\"description\":\"\",\"publisher\":{\"@id\":\"https:\/\/experienciadevida.com.ar\/portalurbano\/#organization\"},\"potentialAction\":[{\"@type\":\"SearchAction\",\"target\":{\"@type\":\"EntryPoint\",\"urlTemplate\":\"https:\/\/experienciadevida.com.ar\/portalurbano\/?s={search_term_string}\"},\"query-input\":\"required name=search_term_string\"}],\"inLanguage\":\"es\"},{\"@type\":\"Organization\",\"@id\":\"https:\/\/experienciadevida.com.ar\/portalurbano\/#organization\",\"name\":\"Portal Urbano\",\"url\":\"https:\/\/experienciadevida.com.ar\/portalurbano\/\",\"logo\":{\"@type\":\"ImageObject\",\"inLanguage\":\"es\",\"@id\":\"https:\/\/experienciadevida.com.ar\/portalurbano\/#\/schema\/logo\/image\/\",\"url\":\"https:\/\/experienciadevida.com.ar\/portalurbano\/wp-content\/uploads\/2019\/09\/Logo-Original.png\",\"contentUrl\":\"https:\/\/experienciadevida.com.ar\/portalurbano\/wp-content\/uploads\/2019\/09\/Logo-Original.png\",\"width\":2236,\"height\":1216,\"caption\":\"Portal Urbano\"},\"image\":{\"@id\":\"https:\/\/experienciadevida.com.ar\/portalurbano\/#\/schema\/logo\/image\/\"},\"sameAs\":[\"https:\/\/www.facebook.com\/Portal-Urbano-171542830093757\/\",\"https:\/\/twitter.com\/portalurbanook\",\"https:\/\/www.instagram.com\/_portalurbano\/\",\"https:\/\/www.youtube.com\/channel\/UCXhagIfszH8KxFiOok79zbA?view_as=subscriber\"]},{\"@type\":\"Person\",\"@id\":\"https:\/\/experienciadevida.com.ar\/portalurbano\/#\/schema\/person\/02dd326b1c4b056e9cc972486934a3a7\",\"name\":\"admpu17wp\",\"image\":{\"@type\":\"ImageObject\",\"inLanguage\":\"es\",\"@id\":\"https:\/\/experienciadevida.com.ar\/portalurbano\/#\/schema\/person\/image\/\",\"url\":\"https:\/\/secure.gravatar.com\/avatar\/830d4c57adaae6630765e449a6908047?s=96&d=mm&r=g\",\"contentUrl\":\"https:\/\/secure.gravatar.com\/avatar\/830d4c57adaae6630765e449a6908047?s=96&d=mm&r=g\",\"caption\":\"admpu17wp\"}}]}<\/script>\n<!-- \/ Yoast SEO plugin. -->","yoast_head_json":{"title":"Otro d\u00eda con m\u00e1s de 700 muertos por coronavirus baja el uso de UTI","description":"Otro d\u00eda con m\u00e1s de 700 muertos por coronavirus pero el uso de camas UTI sigue en descenso, hubo 27.319 contagios, 90.986 fallecidos","robots":{"index":"index","follow":"follow","max-snippet":"max-snippet:-1","max-image-preview":"max-image-preview:large","max-video-preview":"max-video-preview:-1"},"canonical":"https:\/\/experienciadevida.com.ar\/portalurbano\/otro-dia-con-mas-de-700-muertos-por-coronavirus-pero-el-uso-de-camas-uti-sigue-en-descenso\/","og_locale":"es_ES","og_type":"article","og_title":"Otro d\u00eda con m\u00e1s de 700 muertos por coronavirus baja el uso de UTI","og_description":"Otro d\u00eda con m\u00e1s de 700 muertos por coronavirus pero el uso de camas UTI sigue en descenso, hubo 27.319 contagios, 90.986 fallecidos","og_url":"https:\/\/experienciadevida.com.ar\/portalurbano\/otro-dia-con-mas-de-700-muertos-por-coronavirus-pero-el-uso-de-camas-uti-sigue-en-descenso\/","article_publisher":"https:\/\/www.facebook.com\/Portal-Urbano-171542830093757\/","article_published_time":"2021-06-23T21:54:02+00:00","article_modified_time":"2021-06-23T21:54:25+00:00","og_image":[{"width":995,"height":560,"url":"https:\/\/experienciadevida.com.ar\/portalurbano\/wp-content\/uploads\/2021\/04\/Record-de-casos-de-coronavirus.jpg","type":"image\/jpeg"}],"author":"admpu17wp","twitter_card":"summary_large_image","twitter_creator":"@portalurbanook","twitter_site":"@portalurbanook","twitter_misc":{"Escrito por":"admpu17wp","Tiempo de lectura":"3 minutos"},"schema":{"@context":"https:\/\/schema.org","@graph":[{"@type":"Article","@id":"https:\/\/experienciadevida.com.ar\/portalurbano\/otro-dia-con-mas-de-700-muertos-por-coronavirus-pero-el-uso-de-camas-uti-sigue-en-descenso\/#article","isPartOf":{"@id":"https:\/\/experienciadevida.com.ar\/portalurbano\/otro-dia-con-mas-de-700-muertos-por-coronavirus-pero-el-uso-de-camas-uti-sigue-en-descenso\/"},"author":{"name":"admpu17wp","@id":"https:\/\/experienciadevida.com.ar\/portalurbano\/#\/schema\/person\/02dd326b1c4b056e9cc972486934a3a7"},"headline":"Otro d\u00eda con m\u00e1s de 700 muertos por coronavirus pero el uso de camas UTI sigue en descenso","datePublished":"2021-06-23T21:54:02+00:00","dateModified":"2021-06-23T21:54:25+00:00","mainEntityOfPage":{"@id":"https:\/\/experienciadevida.com.ar\/portalurbano\/otro-dia-con-mas-de-700-muertos-por-coronavirus-pero-el-uso-de-camas-uti-sigue-en-descenso\/"},"wordCount":513,"publisher":{"@id":"https:\/\/experienciadevida.com.ar\/portalurbano\/#organization"},"articleSection":["Coronavirus","Naci\u00f3n"],"inLanguage":"es"},{"@type":"WebPage","@id":"https:\/\/experienciadevida.com.ar\/portalurbano\/otro-dia-con-mas-de-700-muertos-por-coronavirus-pero-el-uso-de-camas-uti-sigue-en-descenso\/","url":"https:\/\/experienciadevida.com.ar\/portalurbano\/otro-dia-con-mas-de-700-muertos-por-coronavirus-pero-el-uso-de-camas-uti-sigue-en-descenso\/","name":"Otro d\u00eda con m\u00e1s de 700 muertos por coronavirus baja el uso de UTI","isPartOf":{"@id":"https:\/\/experienciadevida.com.ar\/portalurbano\/#website"},"datePublished":"2021-06-23T21:54:02+00:00","dateModified":"2021-06-23T21:54:25+00:00","description":"Otro d\u00eda con m\u00e1s de 700 muertos por coronavirus pero el uso de camas UTI sigue en descenso, hubo 27.319 contagios, 90.986 fallecidos","breadcrumb":{"@id":"https:\/\/experienciadevida.com.ar\/portalurbano\/otro-dia-con-mas-de-700-muertos-por-coronavirus-pero-el-uso-de-camas-uti-sigue-en-descenso\/#breadcrumb"},"inLanguage":"es","potentialAction":[{"@type":"ReadAction","target":["https:\/\/experienciadevida.com.ar\/portalurbano\/otro-dia-con-mas-de-700-muertos-por-coronavirus-pero-el-uso-de-camas-uti-sigue-en-descenso\/"]}]},{"@type":"BreadcrumbList","@id":"https:\/\/experienciadevida.com.ar\/portalurbano\/otro-dia-con-mas-de-700-muertos-por-coronavirus-pero-el-uso-de-camas-uti-sigue-en-descenso\/#breadcrumb","itemListElement":[{"@type":"ListItem","position":1,"name":"Portada","item":"https:\/\/experienciadevida.com.ar\/portalurbano\/"},{"@type":"ListItem","position":2,"name":"Otro d\u00eda con m\u00e1s de 700 muertos por coronavirus pero el uso de camas UTI sigue en descenso"}]},{"@type":"WebSite","@id":"https:\/\/experienciadevida.com.ar\/portalurbano\/#website","url":"https:\/\/experienciadevida.com.ar\/portalurbano\/","name":"","description":"","publisher":{"@id":"https:\/\/experienciadevida.com.ar\/portalurbano\/#organization"},"potentialAction":[{"@type":"SearchAction","target":{"@type":"EntryPoint","urlTemplate":"https:\/\/experienciadevida.com.ar\/portalurbano\/?s={search_term_string}"},"query-input":"required name=search_term_string"}],"inLanguage":"es"},{"@type":"Organization","@id":"https:\/\/experienciadevida.com.ar\/portalurbano\/#organization","name":"Portal Urbano","url":"https:\/\/experienciadevida.com.ar\/portalurbano\/","logo":{"@type":"ImageObject","inLanguage":"es","@id":"https:\/\/experienciadevida.com.ar\/portalurbano\/#\/schema\/logo\/image\/","url":"https:\/\/experienciadevida.com.ar\/portalurbano\/wp-content\/uploads\/2019\/09\/Logo-Original.png","contentUrl":"https:\/\/experienciadevida.com.ar\/portalurbano\/wp-content\/uploads\/2019\/09\/Logo-Original.png","width":2236,"height":1216,"caption":"Portal Urbano"},"image":{"@id":"https:\/\/experienciadevida.com.ar\/portalurbano\/#\/schema\/logo\/image\/"},"sameAs":["https:\/\/www.facebook.com\/Portal-Urbano-171542830093757\/","https:\/\/twitter.com\/portalurbanook","https:\/\/www.instagram.com\/_portalurbano\/","https:\/\/www.youtube.com\/channel\/UCXhagIfszH8KxFiOok79zbA?view_as=subscriber"]},{"@type":"Person","@id":"https:\/\/experienciadevida.com.ar\/portalurbano\/#\/schema\/person\/02dd326b1c4b056e9cc972486934a3a7","name":"admpu17wp","image":{"@type":"ImageObject","inLanguage":"es","@id":"https:\/\/experienciadevida.com.ar\/portalurbano\/#\/schema\/person\/image\/","url":"https:\/\/secure.gravatar.com\/avatar\/830d4c57adaae6630765e449a6908047?s=96&d=mm&r=g","contentUrl":"https:\/\/secure.gravatar.com\/avatar\/830d4c57adaae6630765e449a6908047?s=96&d=mm&r=g","caption":"admpu17wp"}}]}},"featured_image_urls":{"full":["https:\/\/experienciadevida.com.ar\/portalurbano\/wp-content\/uploads\/2021\/04\/Record-de-casos-de-coronavirus.jpg",995,560,false],"thumbnail":["https:\/\/experienciadevida.com.ar\/portalurbano\/wp-content\/uploads\/2021\/04\/Record-de-casos-de-coronavirus-150x150.jpg",150,150,true],"medium":["https:\/\/experienciadevida.com.ar\/portalurbano\/wp-content\/uploads\/2021\/04\/Record-de-casos-de-coronavirus-300x169.jpg",300,169,true],"medium_large":["https:\/\/experienciadevida.com.ar\/portalurbano\/wp-content\/uploads\/2021\/04\/Record-de-casos-de-coronavirus-768x432.jpg",640,360,true],"large":["https:\/\/experienciadevida.com.ar\/portalurbano\/wp-content\/uploads\/2021\/04\/Record-de-casos-de-coronavirus.jpg",640,360,false],"ug_big":["https:\/\/experienciadevida.com.ar\/portalurbano\/wp-content\/uploads\/2021\/04\/Record-de-casos-de-coronavirus-768x432.jpg",768,432,true],"1536x1536":["https:\/\/experienciadevida.com.ar\/portalurbano\/wp-content\/uploads\/2021\/04\/Record-de-casos-de-coronavirus.jpg",995,560,false],"2048x2048":["https:\/\/experienciadevida.com.ar\/portalurbano\/wp-content\/uploads\/2021\/04\/Record-de-casos-de-coronavirus.jpg",995,560,false],"newsever-slider-full":["https:\/\/experienciadevida.com.ar\/portalurbano\/wp-content\/uploads\/2021\/04\/Record-de-casos-de-coronavirus.jpg",995,560,false],"newsever-featured":["https:\/\/experienciadevida.com.ar\/portalurbano\/wp-content\/uploads\/2021\/04\/Record-de-casos-de-coronavirus.jpg",995,560,false],"newsever-medium":["https:\/\/experienciadevida.com.ar\/portalurbano\/wp-content\/uploads\/2021\/04\/Record-de-casos-de-coronavirus.jpg",720,405,false],"web-stories-poster-portrait":["https:\/\/experienciadevida.com.ar\/portalurbano\/wp-content\/uploads\/2021\/04\/Record-de-casos-de-coronavirus.jpg",640,360,false],"web-stories-publisher-logo":["https:\/\/experienciadevida.com.ar\/portalurbano\/wp-content\/uploads\/2021\/04\/Record-de-casos-de-coronavirus.jpg",96,54,false],"web-stories-thumbnail":["https:\/\/experienciadevida.com.ar\/portalurbano\/wp-content\/uploads\/2021\/04\/Record-de-casos-de-coronavirus.jpg",150,84,false]},"author_info":{"display_name":"admpu17wp","author_link":"https:\/\/experienciadevida.com.ar\/portalurbano\/author\/admpu17wp\/"},"category_info":"<a href=\"https:\/\/experienciadevida.com.ar\/portalurbano\/category\/nacion\/coronavirus\/\" rel=\"category tag\">Coronavirus<\/a> <a href=\"https:\/\/experienciadevida.com.ar\/portalurbano\/category\/nacion\/\" rel=\"category tag\">Naci\u00f3n<\/a>","tag_info":"Naci\u00f3n","comment_count":"0","amp_enabled":true,"_links":{"self":[{"href":"https:\/\/experienciadevida.com.ar\/portalurbano\/wp-json\/wp\/v2\/posts\/145946"}],"collection":[{"href":"https:\/\/experienciadevida.com.ar\/portalurbano\/wp-json\/wp\/v2\/posts"}],"about":[{"href":"https:\/\/experienciadevida.com.ar\/portalurbano\/wp-json\/wp\/v2\/types\/post"}],"author":[{"embeddable":true,"href":"https:\/\/experienciadevida.com.ar\/portalurbano\/wp-json\/wp\/v2\/users\/1"}],"replies":[{"embeddable":true,"href":"https:\/\/experienciadevida.com.ar\/portalurbano\/wp-json\/wp\/v2\/comments?post=145946"}],"version-history":[{"count":1,"href":"https:\/\/experienciadevida.com.ar\/portalurbano\/wp-json\/wp\/v2\/posts\/145946\/revisions"}],"predecessor-version":[{"id":145947,"href":"https:\/\/experienciadevida.com.ar\/portalurbano\/wp-json\/wp\/v2\/posts\/145946\/revisions\/145947"}],"wp:featuredmedia":[{"embeddable":true,"href":"https:\/\/experienciadevida.com.ar\/portalurbano\/wp-json\/wp\/v2\/media\/139450"}],"wp:attachment":[{"href":"https:\/\/experienciadevida.com.ar\/portalurbano\/wp-json\/wp\/v2\/media?parent=145946"}],"wp:term":[{"taxonomy":"category","embeddable":true,"href":"https:\/\/experienciadevida.com.ar\/portalurbano\/wp-json\/wp\/v2\/categories?post=145946"},{"taxonomy":"post_tag","embeddable":true,"href":"https:\/\/experienciadevida.com.ar\/portalurbano\/wp-json\/wp\/v2\/tags?post=145946"}],"curies":[{"name":"wp","href":"https:\/\/api.w.org\/{rel}","templated":true}]}}