{"id":145914,"date":"2021-06-23T16:11:38","date_gmt":"2021-06-23T19:11:38","guid":{"rendered":"https:\/\/experienciadevida.com.ar\/portalurbano\/?p=145914"},"modified":"2021-06-23T16:14:45","modified_gmt":"2021-06-23T19:14:45","slug":"solicitaran-obras-en-el-barrio-belen-y-apoyo-a-la-ley-de-artistas-populares","status":"publish","type":"post","link":"https:\/\/experienciadevida.com.ar\/portalurbano\/solicitaran-obras-en-el-barrio-belen-y-apoyo-a-la-ley-de-artistas-populares\/","title":{"rendered":"Solicitar\u00e1n obras en el barrio Bel\u00e9n y apoyo a la ley de artistas populares"},"content":{"rendered":"<p>Solicitar\u00e1n obras en el barrio Bel\u00e9n y apoyo a la ley de artistas populares,\u00a0 se trata de un proyecto de comunicaci\u00f3n expresando benepl\u00e1cito al proyecto<br \/>\nde Ley de Fomento y Promoci\u00f3n a los Artistas Populares Bonaerenses y un proyecto de resoluci\u00f3n solicitando obras de mantenimiento en el Barrio<br \/>\nBel\u00e9n.<\/p>\n<p>El d\u00eda de ma\u00f1ana se estar\u00e1 realizando la octava Sesi\u00f3n Ordinaria del Honorable Concejo Deliberante. La misma contar\u00e1 con dos proyectos impulsados por el bloque Foro Olavarr\u00eda &#8211; Frente Renovador, el cual forma parte del Interbloque Frente de Todos.<\/p>\n<p>Las iniciativas impulsadas por el bloque que conducen el concejal Eduardo <a href=\"https:\/\/www.facebook.com\/rodriguezolav\">Rodr\u00edguez<\/a> y la concejal In\u00e9s <a href=\"https:\/\/www.facebook.com\/IneCreimer\">Creimer<\/a> consisten en un proyecto de<br \/>\ncomunicaci\u00f3n y un proyecto de resoluci\u00f3n. En el primer caso se expresa el benepl\u00e1cito al proyecto proyecto de Ley de Fomento y Promoci\u00f3n a los<br \/>\nArtistas Populares Bonaerenses, el cual obtuvo media sanci\u00f3n en la C\u00e1mara de Diputados de la Provincia de Buenos Aires en la sesi\u00f3n ordinaria del d\u00eda 17 de junio del 2021.<\/p>\n<p>Por otra parte, el proyecto de resoluci\u00f3n solicita obras de mantenimiento en el Barrio Bel\u00e9n, el cual presenta diversas necesidades en cuanto a su organizaci\u00f3n y seguridad.<\/p>\n<p>Solicitar\u00e1n obras en el barrio Bel\u00e9n\u00a0 y apoyo a la ley de artistas populares, el proyecto de ley de Fomento y Promoci\u00f3n a los Artistas Populares<br \/>\nBonaerenses es una iniciativa que obtuvo media sanci\u00f3n en la C\u00e1mara de Diputados de la Provincia de Buenos Aires en la sesi\u00f3n ordinaria del d\u00eda 17 de junio de este a\u00f1o, tiene como objetivo consolidar y promocionar el desarrollo de artistas populares bonaerenses, generando una mayor difusi\u00f3n de sus producciones en los distintos municipios de la provincia, fomentando la diversidad y la inclusi\u00f3n en la actividad art\u00edstica local.<\/p>\n<p>La Ley propuesta busca generar las bases para que artistas bonaerenses tengan la posibilidad de visualizarse a trav\u00e9s de la generaci\u00f3n de oportunidades y mayores \u00e1mbitos de participaci\u00f3n.<\/p>\n<p>Esto implica un trabajo articulado entre Provincia y Municipios que adhieran a la Ley a los efectos de potenciar el conocimiento, la participaci\u00f3n en festivales y eventos culturales, y la producci\u00f3n art\u00edstica en plataformas digitales creadas por la Provincia de Buenos Aires.<\/p>\n<p>A trav\u00e9s de un proyecto de comunicaci\u00f3n se busca expresar el apoyo del HCD a este proyecto de Ley y un pronto tratamiento y sanci\u00f3n por parte de la<br \/>\nHonorable C\u00e1mara de Senadores de la provincia de Buenos Aires.<\/p>\n","protected":false},"excerpt":{"rendered":"<p>Solicitar\u00e1n obras en el barrio Bel\u00e9n y apoyo a la ley de artistas populares,\u00a0 se&#8230;<\/p>\n","protected":false},"author":1,"featured_media":145915,"comment_status":"closed","ping_status":"closed","sticky":false,"template":"","format":"standard","meta":{"content-type":""},"categories":[27,51],"tags":[],"nelio_content":{"isAutoShareEnabled":false,"autoShareEndMode":"default","automationSources":{"useContentSentences":true,"useSocialTemplates":true,"useCustomSentences":false,"customSentences":[]},"followers":[1],"suggestedReferences":[],"includedReferences":[],"efiUrl":"","efiAlt":"","highlights":[]},"yoast_head":"<!-- This site is optimized with the Yoast SEO plugin v20.7 - https:\/\/yoast.com\/wordpress\/plugins\/seo\/ -->\n<title>Solicitar\u00e1n obras en el barrio belen y apoyo a la ley de artistas populares<\/title>\n<meta name=\"description\" content=\"Solicitar\u00e1n obras en el barrio Bel\u00e9n y apoyo a la ley de artistas populares,\u00a0 se trata de un proyecto de comunicaci\u00f3n expresando benepl\u00e1cito\" \/>\n<meta name=\"robots\" content=\"index, follow, max-snippet:-1, max-image-preview:large, max-video-preview:-1\" \/>\n<link rel=\"canonical\" href=\"https:\/\/experienciadevida.com.ar\/portalurbano\/solicitaran-obras-en-el-barrio-belen-y-apoyo-a-la-ley-de-artistas-populares\/\" \/>\n<meta property=\"og:locale\" content=\"es_ES\" \/>\n<meta property=\"og:type\" content=\"article\" \/>\n<meta property=\"og:title\" content=\"Solicitar\u00e1n obras en el barrio belen y apoyo a la ley de artistas populares\" \/>\n<meta property=\"og:description\" content=\"Solicitar\u00e1n obras en el barrio Bel\u00e9n y apoyo a la ley de artistas populares,\u00a0 se trata de un proyecto de comunicaci\u00f3n expresando benepl\u00e1cito\" \/>\n<meta property=\"og:url\" content=\"https:\/\/experienciadevida.com.ar\/portalurbano\/solicitaran-obras-en-el-barrio-belen-y-apoyo-a-la-ley-de-artistas-populares\/\" \/>\n<meta property=\"article:publisher\" content=\"https:\/\/www.facebook.com\/Portal-Urbano-171542830093757\/\" \/>\n<meta property=\"article:published_time\" content=\"2021-06-23T19:11:38+00:00\" \/>\n<meta property=\"article:modified_time\" content=\"2021-06-23T19:14:45+00:00\" \/>\n<meta property=\"og:image\" content=\"https:\/\/experienciadevida.com.ar\/portalurbano\/wp-content\/uploads\/2021\/06\/Solicitaran-obras-en-el-barrio.jpeg\" \/>\n\t<meta property=\"og:image:width\" content=\"1103\" \/>\n\t<meta property=\"og:image:height\" content=\"574\" \/>\n\t<meta property=\"og:image:type\" content=\"image\/jpeg\" \/>\n<meta name=\"author\" content=\"admpu17wp\" \/>\n<meta name=\"twitter:card\" content=\"summary_large_image\" \/>\n<meta name=\"twitter:creator\" content=\"@portalurbanook\" \/>\n<meta name=\"twitter:site\" content=\"@portalurbanook\" \/>\n<meta name=\"twitter:label1\" content=\"Escrito por\" \/>\n\t<meta name=\"twitter:data1\" content=\"admpu17wp\" \/>\n\t<meta name=\"twitter:label2\" content=\"Tiempo de lectura\" \/>\n\t<meta name=\"twitter:data2\" content=\"2 minutos\" \/>\n<script type=\"application\/ld+json\" class=\"yoast-schema-graph\">{\"@context\":\"https:\/\/schema.org\",\"@graph\":[{\"@type\":\"Article\",\"@id\":\"https:\/\/experienciadevida.com.ar\/portalurbano\/solicitaran-obras-en-el-barrio-belen-y-apoyo-a-la-ley-de-artistas-populares\/#article\",\"isPartOf\":{\"@id\":\"https:\/\/experienciadevida.com.ar\/portalurbano\/solicitaran-obras-en-el-barrio-belen-y-apoyo-a-la-ley-de-artistas-populares\/\"},\"author\":{\"name\":\"admpu17wp\",\"@id\":\"https:\/\/experienciadevida.com.ar\/portalurbano\/#\/schema\/person\/02dd326b1c4b056e9cc972486934a3a7\"},\"headline\":\"Solicitar\u00e1n obras en el barrio Bel\u00e9n y apoyo a la ley de artistas populares\",\"datePublished\":\"2021-06-23T19:11:38+00:00\",\"dateModified\":\"2021-06-23T19:14:45+00:00\",\"mainEntityOfPage\":{\"@id\":\"https:\/\/experienciadevida.com.ar\/portalurbano\/solicitaran-obras-en-el-barrio-belen-y-apoyo-a-la-ley-de-artistas-populares\/\"},\"wordCount\":453,\"publisher\":{\"@id\":\"https:\/\/experienciadevida.com.ar\/portalurbano\/#organization\"},\"articleSection\":[\"Ciudad\",\"Destacadas\"],\"inLanguage\":\"es\"},{\"@type\":\"WebPage\",\"@id\":\"https:\/\/experienciadevida.com.ar\/portalurbano\/solicitaran-obras-en-el-barrio-belen-y-apoyo-a-la-ley-de-artistas-populares\/\",\"url\":\"https:\/\/experienciadevida.com.ar\/portalurbano\/solicitaran-obras-en-el-barrio-belen-y-apoyo-a-la-ley-de-artistas-populares\/\",\"name\":\"Solicitar\u00e1n obras en el barrio belen y apoyo a la ley de artistas populares\",\"isPartOf\":{\"@id\":\"https:\/\/experienciadevida.com.ar\/portalurbano\/#website\"},\"datePublished\":\"2021-06-23T19:11:38+00:00\",\"dateModified\":\"2021-06-23T19:14:45+00:00\",\"description\":\"Solicitar\u00e1n obras en el barrio Bel\u00e9n y apoyo a la ley de artistas populares,\u00a0 se trata de un proyecto de comunicaci\u00f3n expresando benepl\u00e1cito\",\"breadcrumb\":{\"@id\":\"https:\/\/experienciadevida.com.ar\/portalurbano\/solicitaran-obras-en-el-barrio-belen-y-apoyo-a-la-ley-de-artistas-populares\/#breadcrumb\"},\"inLanguage\":\"es\",\"potentialAction\":[{\"@type\":\"ReadAction\",\"target\":[\"https:\/\/experienciadevida.com.ar\/portalurbano\/solicitaran-obras-en-el-barrio-belen-y-apoyo-a-la-ley-de-artistas-populares\/\"]}]},{\"@type\":\"BreadcrumbList\",\"@id\":\"https:\/\/experienciadevida.com.ar\/portalurbano\/solicitaran-obras-en-el-barrio-belen-y-apoyo-a-la-ley-de-artistas-populares\/#breadcrumb\",\"itemListElement\":[{\"@type\":\"ListItem\",\"position\":1,\"name\":\"Portada\",\"item\":\"https:\/\/experienciadevida.com.ar\/portalurbano\/\"},{\"@type\":\"ListItem\",\"position\":2,\"name\":\"Solicitar\u00e1n obras en el barrio Bel\u00e9n y apoyo a la ley de artistas populares\"}]},{\"@type\":\"WebSite\",\"@id\":\"https:\/\/experienciadevida.com.ar\/portalurbano\/#website\",\"url\":\"https:\/\/experienciadevida.com.ar\/portalurbano\/\",\"name\":\"\",\"description\":\"\",\"publisher\":{\"@id\":\"https:\/\/experienciadevida.com.ar\/portalurbano\/#organization\"},\"potentialAction\":[{\"@type\":\"SearchAction\",\"target\":{\"@type\":\"EntryPoint\",\"urlTemplate\":\"https:\/\/experienciadevida.com.ar\/portalurbano\/?s={search_term_string}\"},\"query-input\":\"required name=search_term_string\"}],\"inLanguage\":\"es\"},{\"@type\":\"Organization\",\"@id\":\"https:\/\/experienciadevida.com.ar\/portalurbano\/#organization\",\"name\":\"Portal Urbano\",\"url\":\"https:\/\/experienciadevida.com.ar\/portalurbano\/\",\"logo\":{\"@type\":\"ImageObject\",\"inLanguage\":\"es\",\"@id\":\"https:\/\/experienciadevida.com.ar\/portalurbano\/#\/schema\/logo\/image\/\",\"url\":\"https:\/\/experienciadevida.com.ar\/portalurbano\/wp-content\/uploads\/2019\/09\/Logo-Original.png\",\"contentUrl\":\"https:\/\/experienciadevida.com.ar\/portalurbano\/wp-content\/uploads\/2019\/09\/Logo-Original.png\",\"width\":2236,\"height\":1216,\"caption\":\"Portal Urbano\"},\"image\":{\"@id\":\"https:\/\/experienciadevida.com.ar\/portalurbano\/#\/schema\/logo\/image\/\"},\"sameAs\":[\"https:\/\/www.facebook.com\/Portal-Urbano-171542830093757\/\",\"https:\/\/twitter.com\/portalurbanook\",\"https:\/\/www.instagram.com\/_portalurbano\/\",\"https:\/\/www.youtube.com\/channel\/UCXhagIfszH8KxFiOok79zbA?view_as=subscriber\"]},{\"@type\":\"Person\",\"@id\":\"https:\/\/experienciadevida.com.ar\/portalurbano\/#\/schema\/person\/02dd326b1c4b056e9cc972486934a3a7\",\"name\":\"admpu17wp\",\"image\":{\"@type\":\"ImageObject\",\"inLanguage\":\"es\",\"@id\":\"https:\/\/experienciadevida.com.ar\/portalurbano\/#\/schema\/person\/image\/\",\"url\":\"https:\/\/secure.gravatar.com\/avatar\/830d4c57adaae6630765e449a6908047?s=96&d=mm&r=g\",\"contentUrl\":\"https:\/\/secure.gravatar.com\/avatar\/830d4c57adaae6630765e449a6908047?s=96&d=mm&r=g\",\"caption\":\"admpu17wp\"}}]}<\/script>\n<!-- \/ Yoast SEO plugin. -->","yoast_head_json":{"title":"Solicitar\u00e1n obras en el barrio belen y apoyo a la ley de artistas populares","description":"Solicitar\u00e1n obras en el barrio Bel\u00e9n y apoyo a la ley de artistas populares,\u00a0 se trata de un proyecto de comunicaci\u00f3n expresando benepl\u00e1cito","robots":{"index":"index","follow":"follow","max-snippet":"max-snippet:-1","max-image-preview":"max-image-preview:large","max-video-preview":"max-video-preview:-1"},"canonical":"https:\/\/experienciadevida.com.ar\/portalurbano\/solicitaran-obras-en-el-barrio-belen-y-apoyo-a-la-ley-de-artistas-populares\/","og_locale":"es_ES","og_type":"article","og_title":"Solicitar\u00e1n obras en el barrio belen y apoyo a la ley de artistas populares","og_description":"Solicitar\u00e1n obras en el barrio Bel\u00e9n y apoyo a la ley de artistas populares,\u00a0 se trata de un proyecto de comunicaci\u00f3n expresando benepl\u00e1cito","og_url":"https:\/\/experienciadevida.com.ar\/portalurbano\/solicitaran-obras-en-el-barrio-belen-y-apoyo-a-la-ley-de-artistas-populares\/","article_publisher":"https:\/\/www.facebook.com\/Portal-Urbano-171542830093757\/","article_published_time":"2021-06-23T19:11:38+00:00","article_modified_time":"2021-06-23T19:14:45+00:00","og_image":[{"width":1103,"height":574,"url":"https:\/\/experienciadevida.com.ar\/portalurbano\/wp-content\/uploads\/2021\/06\/Solicitaran-obras-en-el-barrio.jpeg","type":"image\/jpeg"}],"author":"admpu17wp","twitter_card":"summary_large_image","twitter_creator":"@portalurbanook","twitter_site":"@portalurbanook","twitter_misc":{"Escrito por":"admpu17wp","Tiempo de lectura":"2 minutos"},"schema":{"@context":"https:\/\/schema.org","@graph":[{"@type":"Article","@id":"https:\/\/experienciadevida.com.ar\/portalurbano\/solicitaran-obras-en-el-barrio-belen-y-apoyo-a-la-ley-de-artistas-populares\/#article","isPartOf":{"@id":"https:\/\/experienciadevida.com.ar\/portalurbano\/solicitaran-obras-en-el-barrio-belen-y-apoyo-a-la-ley-de-artistas-populares\/"},"author":{"name":"admpu17wp","@id":"https:\/\/experienciadevida.com.ar\/portalurbano\/#\/schema\/person\/02dd326b1c4b056e9cc972486934a3a7"},"headline":"Solicitar\u00e1n obras en el barrio Bel\u00e9n y apoyo a la ley de artistas populares","datePublished":"2021-06-23T19:11:38+00:00","dateModified":"2021-06-23T19:14:45+00:00","mainEntityOfPage":{"@id":"https:\/\/experienciadevida.com.ar\/portalurbano\/solicitaran-obras-en-el-barrio-belen-y-apoyo-a-la-ley-de-artistas-populares\/"},"wordCount":453,"publisher":{"@id":"https:\/\/experienciadevida.com.ar\/portalurbano\/#organization"},"articleSection":["Ciudad","Destacadas"],"inLanguage":"es"},{"@type":"WebPage","@id":"https:\/\/experienciadevida.com.ar\/portalurbano\/solicitaran-obras-en-el-barrio-belen-y-apoyo-a-la-ley-de-artistas-populares\/","url":"https:\/\/experienciadevida.com.ar\/portalurbano\/solicitaran-obras-en-el-barrio-belen-y-apoyo-a-la-ley-de-artistas-populares\/","name":"Solicitar\u00e1n obras en el barrio belen y apoyo a la ley de artistas populares","isPartOf":{"@id":"https:\/\/experienciadevida.com.ar\/portalurbano\/#website"},"datePublished":"2021-06-23T19:11:38+00:00","dateModified":"2021-06-23T19:14:45+00:00","description":"Solicitar\u00e1n obras en el barrio Bel\u00e9n y apoyo a la ley de artistas populares,\u00a0 se trata de un proyecto de comunicaci\u00f3n expresando benepl\u00e1cito","breadcrumb":{"@id":"https:\/\/experienciadevida.com.ar\/portalurbano\/solicitaran-obras-en-el-barrio-belen-y-apoyo-a-la-ley-de-artistas-populares\/#breadcrumb"},"inLanguage":"es","potentialAction":[{"@type":"ReadAction","target":["https:\/\/experienciadevida.com.ar\/portalurbano\/solicitaran-obras-en-el-barrio-belen-y-apoyo-a-la-ley-de-artistas-populares\/"]}]},{"@type":"BreadcrumbList","@id":"https:\/\/experienciadevida.com.ar\/portalurbano\/solicitaran-obras-en-el-barrio-belen-y-apoyo-a-la-ley-de-artistas-populares\/#breadcrumb","itemListElement":[{"@type":"ListItem","position":1,"name":"Portada","item":"https:\/\/experienciadevida.com.ar\/portalurbano\/"},{"@type":"ListItem","position":2,"name":"Solicitar\u00e1n obras en el barrio Bel\u00e9n y apoyo a la ley de artistas populares"}]},{"@type":"WebSite","@id":"https:\/\/experienciadevida.com.ar\/portalurbano\/#website","url":"https:\/\/experienciadevida.com.ar\/portalurbano\/","name":"","description":"","publisher":{"@id":"https:\/\/experienciadevida.com.ar\/portalurbano\/#organization"},"potentialAction":[{"@type":"SearchAction","target":{"@type":"EntryPoint","urlTemplate":"https:\/\/experienciadevida.com.ar\/portalurbano\/?s={search_term_string}"},"query-input":"required name=search_term_string"}],"inLanguage":"es"},{"@type":"Organization","@id":"https:\/\/experienciadevida.com.ar\/portalurbano\/#organization","name":"Portal Urbano","url":"https:\/\/experienciadevida.com.ar\/portalurbano\/","logo":{"@type":"ImageObject","inLanguage":"es","@id":"https:\/\/experienciadevida.com.ar\/portalurbano\/#\/schema\/logo\/image\/","url":"https:\/\/experienciadevida.com.ar\/portalurbano\/wp-content\/uploads\/2019\/09\/Logo-Original.png","contentUrl":"https:\/\/experienciadevida.com.ar\/portalurbano\/wp-content\/uploads\/2019\/09\/Logo-Original.png","width":2236,"height":1216,"caption":"Portal Urbano"},"image":{"@id":"https:\/\/experienciadevida.com.ar\/portalurbano\/#\/schema\/logo\/image\/"},"sameAs":["https:\/\/www.facebook.com\/Portal-Urbano-171542830093757\/","https:\/\/twitter.com\/portalurbanook","https:\/\/www.instagram.com\/_portalurbano\/","https:\/\/www.youtube.com\/channel\/UCXhagIfszH8KxFiOok79zbA?view_as=subscriber"]},{"@type":"Person","@id":"https:\/\/experienciadevida.com.ar\/portalurbano\/#\/schema\/person\/02dd326b1c4b056e9cc972486934a3a7","name":"admpu17wp","image":{"@type":"ImageObject","inLanguage":"es","@id":"https:\/\/experienciadevida.com.ar\/portalurbano\/#\/schema\/person\/image\/","url":"https:\/\/secure.gravatar.com\/avatar\/830d4c57adaae6630765e449a6908047?s=96&d=mm&r=g","contentUrl":"https:\/\/secure.gravatar.com\/avatar\/830d4c57adaae6630765e449a6908047?s=96&d=mm&r=g","caption":"admpu17wp"}}]}},"featured_image_urls":{"full":["https:\/\/experienciadevida.com.ar\/portalurbano\/wp-content\/uploads\/2021\/06\/Solicitaran-obras-en-el-barrio.jpeg",1103,574,false],"thumbnail":["https:\/\/experienciadevida.com.ar\/portalurbano\/wp-content\/uploads\/2021\/06\/Solicitaran-obras-en-el-barrio-150x150.jpeg",150,150,true],"medium":["https:\/\/experienciadevida.com.ar\/portalurbano\/wp-content\/uploads\/2021\/06\/Solicitaran-obras-en-el-barrio-300x156.jpeg",300,156,true],"medium_large":["https:\/\/experienciadevida.com.ar\/portalurbano\/wp-content\/uploads\/2021\/06\/Solicitaran-obras-en-el-barrio-768x400.jpeg",640,333,true],"large":["https:\/\/experienciadevida.com.ar\/portalurbano\/wp-content\/uploads\/2021\/06\/Solicitaran-obras-en-el-barrio-1024x533.jpeg",640,333,true],"ug_big":["https:\/\/experienciadevida.com.ar\/portalurbano\/wp-content\/uploads\/2021\/06\/Solicitaran-obras-en-el-barrio-768x400.jpeg",768,400,true],"1536x1536":["https:\/\/experienciadevida.com.ar\/portalurbano\/wp-content\/uploads\/2021\/06\/Solicitaran-obras-en-el-barrio.jpeg",1103,574,false],"2048x2048":["https:\/\/experienciadevida.com.ar\/portalurbano\/wp-content\/uploads\/2021\/06\/Solicitaran-obras-en-el-barrio.jpeg",1103,574,false],"newsever-slider-full":["https:\/\/experienciadevida.com.ar\/portalurbano\/wp-content\/uploads\/2021\/06\/Solicitaran-obras-en-el-barrio.jpeg",1103,574,false],"newsever-featured":["https:\/\/experienciadevida.com.ar\/portalurbano\/wp-content\/uploads\/2021\/06\/Solicitaran-obras-en-el-barrio.jpeg",1024,533,false],"newsever-medium":["https:\/\/experienciadevida.com.ar\/portalurbano\/wp-content\/uploads\/2021\/06\/Solicitaran-obras-en-el-barrio.jpeg",720,375,false],"web-stories-poster-portrait":["https:\/\/experienciadevida.com.ar\/portalurbano\/wp-content\/uploads\/2021\/06\/Solicitaran-obras-en-el-barrio.jpeg",640,333,false],"web-stories-publisher-logo":["https:\/\/experienciadevida.com.ar\/portalurbano\/wp-content\/uploads\/2021\/06\/Solicitaran-obras-en-el-barrio.jpeg",96,50,false],"web-stories-thumbnail":["https:\/\/experienciadevida.com.ar\/portalurbano\/wp-content\/uploads\/2021\/06\/Solicitaran-obras-en-el-barrio.jpeg",150,78,false]},"author_info":{"display_name":"admpu17wp","author_link":"https:\/\/experienciadevida.com.ar\/portalurbano\/author\/admpu17wp\/"},"category_info":"<a href=\"https:\/\/experienciadevida.com.ar\/portalurbano\/category\/ciudad\/\" rel=\"category tag\">Ciudad<\/a> <a href=\"https:\/\/experienciadevida.com.ar\/portalurbano\/category\/destacadas\/\" rel=\"category tag\">Destacadas<\/a>","tag_info":"Destacadas","comment_count":"0","amp_enabled":true,"_links":{"self":[{"href":"https:\/\/experienciadevida.com.ar\/portalurbano\/wp-json\/wp\/v2\/posts\/145914"}],"collection":[{"href":"https:\/\/experienciadevida.com.ar\/portalurbano\/wp-json\/wp\/v2\/posts"}],"about":[{"href":"https:\/\/experienciadevida.com.ar\/portalurbano\/wp-json\/wp\/v2\/types\/post"}],"author":[{"embeddable":true,"href":"https:\/\/experienciadevida.com.ar\/portalurbano\/wp-json\/wp\/v2\/users\/1"}],"replies":[{"embeddable":true,"href":"https:\/\/experienciadevida.com.ar\/portalurbano\/wp-json\/wp\/v2\/comments?post=145914"}],"version-history":[{"count":3,"href":"https:\/\/experienciadevida.com.ar\/portalurbano\/wp-json\/wp\/v2\/posts\/145914\/revisions"}],"predecessor-version":[{"id":145918,"href":"https:\/\/experienciadevida.com.ar\/portalurbano\/wp-json\/wp\/v2\/posts\/145914\/revisions\/145918"}],"wp:featuredmedia":[{"embeddable":true,"href":"https:\/\/experienciadevida.com.ar\/portalurbano\/wp-json\/wp\/v2\/media\/145915"}],"wp:attachment":[{"href":"https:\/\/experienciadevida.com.ar\/portalurbano\/wp-json\/wp\/v2\/media?parent=145914"}],"wp:term":[{"taxonomy":"category","embeddable":true,"href":"https:\/\/experienciadevida.com.ar\/portalurbano\/wp-json\/wp\/v2\/categories?post=145914"},{"taxonomy":"post_tag","embeddable":true,"href":"https:\/\/experienciadevida.com.ar\/portalurbano\/wp-json\/wp\/v2\/tags?post=145914"}],"curies":[{"name":"wp","href":"https:\/\/api.w.org\/{rel}","templated":true}]}}