{"id":145894,"date":"2021-06-23T13:02:48","date_gmt":"2021-06-23T16:02:48","guid":{"rendered":"https:\/\/experienciadevida.com.ar\/portalurbano\/?p=145894"},"modified":"2021-06-23T13:07:10","modified_gmt":"2021-06-23T16:07:10","slug":"por-segunda-semana-consecutiva-olavarria-continua-en-fase-4","status":"publish","type":"post","link":"https:\/\/experienciadevida.com.ar\/portalurbano\/por-segunda-semana-consecutiva-olavarria-continua-en-fase-4\/","title":{"rendered":"Por segunda semana consecutiva Olavarr\u00eda contin\u00faa en fase 4"},"content":{"rendered":"<p>Por segunda semana consecutiva Olavarr\u00eda contin\u00faa en fase 4, as\u00ed lo mencionaron en la jornada de ayer martes, <a href=\"https:\/\/experienciadevida.com.ar\/portalurbano\/5-municipios-continuan-en-fase-4-incluida-olavarria\/\">desde la Provincia evaluaron la situaci\u00f3n epidemiol\u00f3gica<\/a> para ver c\u00f3mo continuaba cada lugar. De la misma participaron el Jefe de Gabinetes Carlos <a href=\"https:\/\/twitter.com\/Carli_Bianco\">Bianco\u00a0<\/a> y el Ministro de salud Daniel <a href=\"https:\/\/twitter.com\/DrDanielGollan\">Gollan<\/a>.<\/p>\n<p>El primero en tomar la palabra fue Daniel Gollan &#8220;como todos los martes actualmente desarrollamos esta conferencia para dar cuenta de la evoluci\u00f3n de la pandemia en nuestra Provincia de coronavirus, en t\u00e9rminos generales decir que venimos asistiendo a una ca\u00edda importante sostenida de la cantidad de casos que se registran en la provincia de Buenos Aires, en concordancia con lo que ya ha comenzado tambi\u00e9n a producirse en el resto del pa\u00eds, los n\u00fameros son buenos venimos en una ca\u00edda sostenida y esto nos permite aventurar que de continuar con esta l\u00ednea de cuidados atados a indicadores objetivos como hemos logrado desarrollar en estos \u00faltimos tiempos acompa\u00f1ado todo eso de una campa\u00f1a de vacunaci\u00f3n que cada vez se acelera m\u00e1s nos da una perspectiva favorable y eso es importante en la medida que vienen soportando este flagelo que nos cambi\u00f3 la vida. Estamos viendo tambi\u00e9n otros ejemplos en el mundo donde se comienza una etapa donde se vive en una nueva normalidad, una vida bastante m\u00e1s parecida a la que ten\u00edamos antes de esta pandemia&#8221;.<\/p>\n<p>Por segunda semana consecutiva Olavarr\u00eda contin\u00faa en fase 4&#8243;Tenemos que seguir cuid\u00e1ndonos todav\u00eda no hemos ganado la batalla contra el coronavirus, ayer comenz\u00f3 el invierno todav\u00eda tenemos por delante la temporada m\u00e1s fr\u00eda del a\u00f1o\u00a0 y eso tampoco ayuda a que podamos r\u00e1pidamente superar el problema, apelamos a la comunidad cumplir las medidas de cuidarse y anotarse para recibir la vacuna&#8221;.<\/p>\n<p>Por otro lado &#8220;los datos del d\u00eda de la fecha nos dice que tenemos 1.779.550 casos confirmados en la provincia de Buenos Aires con una tasa de incidencia de 10145 cada\u00a0 100 mil habitantes, en las \u00faltimas dos semanas en el conjunto provincial la tasa de incidencia es del 418 cada 100 mil habitantes, en el interior provincial tenemos en conjunto 547 pero ya con muchos municipios que est\u00e1n por debajo de esos 500. Aquellos donde se da esas circunstancias y que tienen su sistema de salud por debajo\u00a0 del 80% de ocupaci\u00f3n pueden mejorar la fase en la que se encuentra, y en el AMBA tenemos 376 incidencia cada 100 mil habitantes lo cual tambi\u00e9n es una buena noticia porque nos aleja cada vez m\u00e1s de ese umbral de 500 y adem\u00e1s los otros indicadores nos est\u00e1n dando bien&#8221;.<\/p>\n<p>Luego Carlos Bianco dijo por segunda semana consecutiva Olavarr\u00eda contin\u00faa en fase 4 &#8220;nuestro sistema de fases ya cumple un a\u00f1o en absoluta sinton\u00eda con la normativa del Gobierno nacional. La fase 2 tiene mayores medidas de cuidado y que implica la no presencialidad en las escuelas hasta que se pueda pasar a fase 3, a diferencia es la incidencia de casos si alg\u00fan distrito o aglomerado como se lo toma al AMBA tiene menos de una incidencia menor a los 500 casos en los \u00faltimos 14 d\u00edas cada 100 mil habitantes medidos en t\u00e9rminos de fecha e inicio de s\u00edntomas a la fecha de corte que establece la normativa nacional que es el cierre de la semana epidemiol\u00f3gica esto sucede los s\u00e1bados que va de domingos\u00a0 a s\u00e1bado, si tienen menos de 500 casos est\u00e1n en fase 3 si tienen m\u00e1s en fase 2 (se le agrega un criterio adicional que es el de ocupaci\u00f3n de camas de terapia intensiva si esta por encima del 80% corresponde a que est\u00e9 en fase 2). Lo \u00fanico que estamos haciendo al respecto es hacer el c\u00e1lculo son dos c\u00e1lculos muy sencillos, mirar el n\u00famero final como hacemos todas las semanas y de acuerdo a ese n\u00famero establecer la fase que le corresponde a cada uno de los Municipios y que cada uno establezca las medidas de cuidado que corresponden con cada una de las respectivas fases&#8221;.<\/p>\n<p>Por segunda semana consecutiva Olavarr\u00eda contin\u00faa en fase 4, &#8220;Hemos tenido esta semana el pase de fase 2 a fase 3 10 distritos no\u00a0 ingreso ninguno nuevo en fase 2 una buena noticia, solamente hay dos descensos de fase 4 a 3 de algunos distritos que estaban con una incidencia muy baja de casos y en la \u00faltima semana tuvieron un peque\u00f1o incremento&#8221;.<\/p>\n<p>Adem\u00e1s &#8220;59 Municipios en fase 2, 72 en fase 3 y 3 en fase 4&#8221;<\/p>\n<p><strong>Detalle por distrito:<\/strong><\/p>\n<p><strong>Fase 2:\u00a0<\/strong>25 de Mayo- 9 de julio- Adolfo Alsina- Alberti- Ayacucho- Azul- Balcarce- Bol\u00edvar- Bragado- Capit\u00e1n Sarmiento- Carlos Casares- Carlos Tejedor- Chacabuco- Chascom\u00fas- Chivilcoy- Coronel Dorrego- Coronel Su\u00e1rez- Florentino Ameghino- General Alvarado- General Arenales- General Belgrano- General Juan Madariaga- General La Madrid- General Lavalle- General Paz &#8211; General Pinto- General Viamonte- Hip\u00f3lito Yrigoyen- Jun\u00edn- La costa- Leandro N Alem- Lincoln-<\/p>\n<p><strong>Fase 3:\u00a0<\/strong>Adolfo Gonz\u00e1lez Ch\u00e1ves- Almirante Brown- Arrecifes- Avellaneda- Bah\u00eda Blanca- Baradero- Berazategui- Berizo- Brandsen- Campana- Ca\u00f1uelas- Carmen de Areco -Castelli &#8211; Col\u00f3n- Coronel de Marina L- Rosales- Coronel Pringles- Daireaux- Dolores- Ensenada- Escobar- Esteban Echeverr\u00eda- Exaltaci\u00f3n de la Cruz- Ezeiza- Florencio Varela- General Alvear- General Guido- General Las Heras- General Pueyrred\u00f3n- General Rodr\u00edguez- General San Mart\u00edn- General Villegas- Guamin\u00ed- Hurlingham- Ituzaing\u00f3 &#8211; Jos\u00e9 C Paz- La Matanza- La Plata- Laprida- Las Flores-Lezama- Lomas de Zamora- Luj\u00e1n- Malvinas Argentinas- Marcos Paz- Merlo- Monte- Moreno- Mor\u00f3n- Pila- Pilar- Presidente Per\u00f3n- Quilmes- Ramallo- Rojas-Saavedra- Salto- San Antonio de areco- San Cayetano- San Fernando- San Isidro- San Miguel- San Pedro- San Vicente- Tandil- Tigre- Tres Arroyos- Tres de febrero- Tres Lomas- Vicente L\u00f3pez- Villa G\u00e9sell- Villamairno -S\u00e1rate<\/p>\n<p><strong>Fase 4:\u00a0\u00a0<\/strong>Ben\u00edto Ju\u00e1rez- Olavarr\u00eda- Tordillo<\/p>\n","protected":false},"excerpt":{"rendered":"<p>Por segunda semana consecutiva Olavarr\u00eda contin\u00faa en fase 4, as\u00ed lo mencionaron en la jornada&#8230;<\/p>\n","protected":false},"author":1,"featured_media":145901,"comment_status":"closed","ping_status":"closed","sticky":false,"template":"","format":"standard","meta":{"content-type":""},"categories":[27,51],"tags":[],"nelio_content":{"isAutoShareEnabled":false,"autoShareEndMode":"default","automationSources":{"useContentSentences":true,"useSocialTemplates":true,"useCustomSentences":false,"customSentences":[]},"followers":[1],"suggestedReferences":[],"includedReferences":[],"efiUrl":"","efiAlt":"","highlights":[]},"yoast_head":"<!-- This site is optimized with the Yoast SEO plugin v20.7 - https:\/\/yoast.com\/wordpress\/plugins\/seo\/ -->\n<title>Por segunda semana consecutiva Olavarr\u00eda contin\u00faa en fase 4<\/title>\n<meta name=\"description\" content=\"Por segunda semana consecutiva Olavarr\u00eda contin\u00faa en fase 4, as\u00ed lo mencionaron en la jornada de ayer martes, en conferencia de prensa\" \/>\n<meta name=\"robots\" content=\"index, follow, max-snippet:-1, max-image-preview:large, max-video-preview:-1\" \/>\n<link rel=\"canonical\" href=\"https:\/\/experienciadevida.com.ar\/portalurbano\/por-segunda-semana-consecutiva-olavarria-continua-en-fase-4\/\" \/>\n<meta property=\"og:locale\" content=\"es_ES\" \/>\n<meta property=\"og:type\" content=\"article\" \/>\n<meta property=\"og:title\" content=\"Por segunda semana consecutiva Olavarr\u00eda contin\u00faa en fase 4\" \/>\n<meta property=\"og:description\" content=\"Por segunda semana consecutiva Olavarr\u00eda contin\u00faa en fase 4, as\u00ed lo mencionaron en la jornada de ayer martes, en conferencia de prensa\" \/>\n<meta property=\"og:url\" content=\"https:\/\/experienciadevida.com.ar\/portalurbano\/por-segunda-semana-consecutiva-olavarria-continua-en-fase-4\/\" \/>\n<meta property=\"article:publisher\" content=\"https:\/\/www.facebook.com\/Portal-Urbano-171542830093757\/\" \/>\n<meta property=\"article:published_time\" content=\"2021-06-23T16:02:48+00:00\" \/>\n<meta property=\"article:modified_time\" content=\"2021-06-23T16:07:10+00:00\" \/>\n<meta property=\"og:image\" content=\"https:\/\/experienciadevida.com.ar\/portalurbano\/wp-content\/uploads\/2021\/06\/Por-segunda-semana-consecutiva.jpg\" \/>\n\t<meta property=\"og:image:width\" content=\"1360\" \/>\n\t<meta property=\"og:image:height\" content=\"896\" \/>\n\t<meta property=\"og:image:type\" content=\"image\/jpeg\" \/>\n<meta name=\"author\" content=\"admpu17wp\" \/>\n<meta name=\"twitter:card\" content=\"summary_large_image\" \/>\n<meta name=\"twitter:creator\" content=\"@portalurbanook\" \/>\n<meta name=\"twitter:site\" content=\"@portalurbanook\" \/>\n<meta name=\"twitter:label1\" content=\"Escrito por\" \/>\n\t<meta name=\"twitter:data1\" content=\"admpu17wp\" \/>\n\t<meta name=\"twitter:label2\" content=\"Tiempo de lectura\" \/>\n\t<meta name=\"twitter:data2\" content=\"5 minutos\" \/>\n<script type=\"application\/ld+json\" class=\"yoast-schema-graph\">{\"@context\":\"https:\/\/schema.org\",\"@graph\":[{\"@type\":\"Article\",\"@id\":\"https:\/\/experienciadevida.com.ar\/portalurbano\/por-segunda-semana-consecutiva-olavarria-continua-en-fase-4\/#article\",\"isPartOf\":{\"@id\":\"https:\/\/experienciadevida.com.ar\/portalurbano\/por-segunda-semana-consecutiva-olavarria-continua-en-fase-4\/\"},\"author\":{\"name\":\"admpu17wp\",\"@id\":\"https:\/\/experienciadevida.com.ar\/portalurbano\/#\/schema\/person\/02dd326b1c4b056e9cc972486934a3a7\"},\"headline\":\"Por segunda semana consecutiva Olavarr\u00eda contin\u00faa en fase 4\",\"datePublished\":\"2021-06-23T16:02:48+00:00\",\"dateModified\":\"2021-06-23T16:07:10+00:00\",\"mainEntityOfPage\":{\"@id\":\"https:\/\/experienciadevida.com.ar\/portalurbano\/por-segunda-semana-consecutiva-olavarria-continua-en-fase-4\/\"},\"wordCount\":985,\"publisher\":{\"@id\":\"https:\/\/experienciadevida.com.ar\/portalurbano\/#organization\"},\"articleSection\":[\"Ciudad\",\"Destacadas\"],\"inLanguage\":\"es\"},{\"@type\":\"WebPage\",\"@id\":\"https:\/\/experienciadevida.com.ar\/portalurbano\/por-segunda-semana-consecutiva-olavarria-continua-en-fase-4\/\",\"url\":\"https:\/\/experienciadevida.com.ar\/portalurbano\/por-segunda-semana-consecutiva-olavarria-continua-en-fase-4\/\",\"name\":\"Por segunda semana consecutiva Olavarr\u00eda contin\u00faa en fase 4\",\"isPartOf\":{\"@id\":\"https:\/\/experienciadevida.com.ar\/portalurbano\/#website\"},\"datePublished\":\"2021-06-23T16:02:48+00:00\",\"dateModified\":\"2021-06-23T16:07:10+00:00\",\"description\":\"Por segunda semana consecutiva Olavarr\u00eda contin\u00faa en fase 4, as\u00ed lo mencionaron en la jornada de ayer martes, en conferencia de prensa\",\"breadcrumb\":{\"@id\":\"https:\/\/experienciadevida.com.ar\/portalurbano\/por-segunda-semana-consecutiva-olavarria-continua-en-fase-4\/#breadcrumb\"},\"inLanguage\":\"es\",\"potentialAction\":[{\"@type\":\"ReadAction\",\"target\":[\"https:\/\/experienciadevida.com.ar\/portalurbano\/por-segunda-semana-consecutiva-olavarria-continua-en-fase-4\/\"]}]},{\"@type\":\"BreadcrumbList\",\"@id\":\"https:\/\/experienciadevida.com.ar\/portalurbano\/por-segunda-semana-consecutiva-olavarria-continua-en-fase-4\/#breadcrumb\",\"itemListElement\":[{\"@type\":\"ListItem\",\"position\":1,\"name\":\"Portada\",\"item\":\"https:\/\/experienciadevida.com.ar\/portalurbano\/\"},{\"@type\":\"ListItem\",\"position\":2,\"name\":\"Por segunda semana consecutiva Olavarr\u00eda contin\u00faa en fase 4\"}]},{\"@type\":\"WebSite\",\"@id\":\"https:\/\/experienciadevida.com.ar\/portalurbano\/#website\",\"url\":\"https:\/\/experienciadevida.com.ar\/portalurbano\/\",\"name\":\"\",\"description\":\"\",\"publisher\":{\"@id\":\"https:\/\/experienciadevida.com.ar\/portalurbano\/#organization\"},\"potentialAction\":[{\"@type\":\"SearchAction\",\"target\":{\"@type\":\"EntryPoint\",\"urlTemplate\":\"https:\/\/experienciadevida.com.ar\/portalurbano\/?s={search_term_string}\"},\"query-input\":\"required name=search_term_string\"}],\"inLanguage\":\"es\"},{\"@type\":\"Organization\",\"@id\":\"https:\/\/experienciadevida.com.ar\/portalurbano\/#organization\",\"name\":\"Portal Urbano\",\"url\":\"https:\/\/experienciadevida.com.ar\/portalurbano\/\",\"logo\":{\"@type\":\"ImageObject\",\"inLanguage\":\"es\",\"@id\":\"https:\/\/experienciadevida.com.ar\/portalurbano\/#\/schema\/logo\/image\/\",\"url\":\"https:\/\/experienciadevida.com.ar\/portalurbano\/wp-content\/uploads\/2019\/09\/Logo-Original.png\",\"contentUrl\":\"https:\/\/experienciadevida.com.ar\/portalurbano\/wp-content\/uploads\/2019\/09\/Logo-Original.png\",\"width\":2236,\"height\":1216,\"caption\":\"Portal Urbano\"},\"image\":{\"@id\":\"https:\/\/experienciadevida.com.ar\/portalurbano\/#\/schema\/logo\/image\/\"},\"sameAs\":[\"https:\/\/www.facebook.com\/Portal-Urbano-171542830093757\/\",\"https:\/\/twitter.com\/portalurbanook\",\"https:\/\/www.instagram.com\/_portalurbano\/\",\"https:\/\/www.youtube.com\/channel\/UCXhagIfszH8KxFiOok79zbA?view_as=subscriber\"]},{\"@type\":\"Person\",\"@id\":\"https:\/\/experienciadevida.com.ar\/portalurbano\/#\/schema\/person\/02dd326b1c4b056e9cc972486934a3a7\",\"name\":\"admpu17wp\",\"image\":{\"@type\":\"ImageObject\",\"inLanguage\":\"es\",\"@id\":\"https:\/\/experienciadevida.com.ar\/portalurbano\/#\/schema\/person\/image\/\",\"url\":\"https:\/\/secure.gravatar.com\/avatar\/830d4c57adaae6630765e449a6908047?s=96&d=mm&r=g\",\"contentUrl\":\"https:\/\/secure.gravatar.com\/avatar\/830d4c57adaae6630765e449a6908047?s=96&d=mm&r=g\",\"caption\":\"admpu17wp\"}}]}<\/script>\n<!-- \/ Yoast SEO plugin. -->","yoast_head_json":{"title":"Por segunda semana consecutiva Olavarr\u00eda contin\u00faa en fase 4","description":"Por segunda semana consecutiva Olavarr\u00eda contin\u00faa en fase 4, as\u00ed lo mencionaron en la jornada de ayer martes, en conferencia de prensa","robots":{"index":"index","follow":"follow","max-snippet":"max-snippet:-1","max-image-preview":"max-image-preview:large","max-video-preview":"max-video-preview:-1"},"canonical":"https:\/\/experienciadevida.com.ar\/portalurbano\/por-segunda-semana-consecutiva-olavarria-continua-en-fase-4\/","og_locale":"es_ES","og_type":"article","og_title":"Por segunda semana consecutiva Olavarr\u00eda contin\u00faa en fase 4","og_description":"Por segunda semana consecutiva Olavarr\u00eda contin\u00faa en fase 4, as\u00ed lo mencionaron en la jornada de ayer martes, en conferencia de prensa","og_url":"https:\/\/experienciadevida.com.ar\/portalurbano\/por-segunda-semana-consecutiva-olavarria-continua-en-fase-4\/","article_publisher":"https:\/\/www.facebook.com\/Portal-Urbano-171542830093757\/","article_published_time":"2021-06-23T16:02:48+00:00","article_modified_time":"2021-06-23T16:07:10+00:00","og_image":[{"width":1360,"height":896,"url":"https:\/\/experienciadevida.com.ar\/portalurbano\/wp-content\/uploads\/2021\/06\/Por-segunda-semana-consecutiva.jpg","type":"image\/jpeg"}],"author":"admpu17wp","twitter_card":"summary_large_image","twitter_creator":"@portalurbanook","twitter_site":"@portalurbanook","twitter_misc":{"Escrito por":"admpu17wp","Tiempo de lectura":"5 minutos"},"schema":{"@context":"https:\/\/schema.org","@graph":[{"@type":"Article","@id":"https:\/\/experienciadevida.com.ar\/portalurbano\/por-segunda-semana-consecutiva-olavarria-continua-en-fase-4\/#article","isPartOf":{"@id":"https:\/\/experienciadevida.com.ar\/portalurbano\/por-segunda-semana-consecutiva-olavarria-continua-en-fase-4\/"},"author":{"name":"admpu17wp","@id":"https:\/\/experienciadevida.com.ar\/portalurbano\/#\/schema\/person\/02dd326b1c4b056e9cc972486934a3a7"},"headline":"Por segunda semana consecutiva Olavarr\u00eda contin\u00faa en fase 4","datePublished":"2021-06-23T16:02:48+00:00","dateModified":"2021-06-23T16:07:10+00:00","mainEntityOfPage":{"@id":"https:\/\/experienciadevida.com.ar\/portalurbano\/por-segunda-semana-consecutiva-olavarria-continua-en-fase-4\/"},"wordCount":985,"publisher":{"@id":"https:\/\/experienciadevida.com.ar\/portalurbano\/#organization"},"articleSection":["Ciudad","Destacadas"],"inLanguage":"es"},{"@type":"WebPage","@id":"https:\/\/experienciadevida.com.ar\/portalurbano\/por-segunda-semana-consecutiva-olavarria-continua-en-fase-4\/","url":"https:\/\/experienciadevida.com.ar\/portalurbano\/por-segunda-semana-consecutiva-olavarria-continua-en-fase-4\/","name":"Por segunda semana consecutiva Olavarr\u00eda contin\u00faa en fase 4","isPartOf":{"@id":"https:\/\/experienciadevida.com.ar\/portalurbano\/#website"},"datePublished":"2021-06-23T16:02:48+00:00","dateModified":"2021-06-23T16:07:10+00:00","description":"Por segunda semana consecutiva Olavarr\u00eda contin\u00faa en fase 4, as\u00ed lo mencionaron en la jornada de ayer martes, en conferencia de prensa","breadcrumb":{"@id":"https:\/\/experienciadevida.com.ar\/portalurbano\/por-segunda-semana-consecutiva-olavarria-continua-en-fase-4\/#breadcrumb"},"inLanguage":"es","potentialAction":[{"@type":"ReadAction","target":["https:\/\/experienciadevida.com.ar\/portalurbano\/por-segunda-semana-consecutiva-olavarria-continua-en-fase-4\/"]}]},{"@type":"BreadcrumbList","@id":"https:\/\/experienciadevida.com.ar\/portalurbano\/por-segunda-semana-consecutiva-olavarria-continua-en-fase-4\/#breadcrumb","itemListElement":[{"@type":"ListItem","position":1,"name":"Portada","item":"https:\/\/experienciadevida.com.ar\/portalurbano\/"},{"@type":"ListItem","position":2,"name":"Por segunda semana consecutiva Olavarr\u00eda contin\u00faa en fase 4"}]},{"@type":"WebSite","@id":"https:\/\/experienciadevida.com.ar\/portalurbano\/#website","url":"https:\/\/experienciadevida.com.ar\/portalurbano\/","name":"","description":"","publisher":{"@id":"https:\/\/experienciadevida.com.ar\/portalurbano\/#organization"},"potentialAction":[{"@type":"SearchAction","target":{"@type":"EntryPoint","urlTemplate":"https:\/\/experienciadevida.com.ar\/portalurbano\/?s={search_term_string}"},"query-input":"required name=search_term_string"}],"inLanguage":"es"},{"@type":"Organization","@id":"https:\/\/experienciadevida.com.ar\/portalurbano\/#organization","name":"Portal Urbano","url":"https:\/\/experienciadevida.com.ar\/portalurbano\/","logo":{"@type":"ImageObject","inLanguage":"es","@id":"https:\/\/experienciadevida.com.ar\/portalurbano\/#\/schema\/logo\/image\/","url":"https:\/\/experienciadevida.com.ar\/portalurbano\/wp-content\/uploads\/2019\/09\/Logo-Original.png","contentUrl":"https:\/\/experienciadevida.com.ar\/portalurbano\/wp-content\/uploads\/2019\/09\/Logo-Original.png","width":2236,"height":1216,"caption":"Portal Urbano"},"image":{"@id":"https:\/\/experienciadevida.com.ar\/portalurbano\/#\/schema\/logo\/image\/"},"sameAs":["https:\/\/www.facebook.com\/Portal-Urbano-171542830093757\/","https:\/\/twitter.com\/portalurbanook","https:\/\/www.instagram.com\/_portalurbano\/","https:\/\/www.youtube.com\/channel\/UCXhagIfszH8KxFiOok79zbA?view_as=subscriber"]},{"@type":"Person","@id":"https:\/\/experienciadevida.com.ar\/portalurbano\/#\/schema\/person\/02dd326b1c4b056e9cc972486934a3a7","name":"admpu17wp","image":{"@type":"ImageObject","inLanguage":"es","@id":"https:\/\/experienciadevida.com.ar\/portalurbano\/#\/schema\/person\/image\/","url":"https:\/\/secure.gravatar.com\/avatar\/830d4c57adaae6630765e449a6908047?s=96&d=mm&r=g","contentUrl":"https:\/\/secure.gravatar.com\/avatar\/830d4c57adaae6630765e449a6908047?s=96&d=mm&r=g","caption":"admpu17wp"}}]}},"featured_image_urls":{"full":["https:\/\/experienciadevida.com.ar\/portalurbano\/wp-content\/uploads\/2021\/06\/Por-segunda-semana-consecutiva.jpg",1360,896,false],"thumbnail":["https:\/\/experienciadevida.com.ar\/portalurbano\/wp-content\/uploads\/2021\/06\/Por-segunda-semana-consecutiva-150x150.jpg",150,150,true],"medium":["https:\/\/experienciadevida.com.ar\/portalurbano\/wp-content\/uploads\/2021\/06\/Por-segunda-semana-consecutiva-300x198.jpg",300,198,true],"medium_large":["https:\/\/experienciadevida.com.ar\/portalurbano\/wp-content\/uploads\/2021\/06\/Por-segunda-semana-consecutiva-768x506.jpg",640,422,true],"large":["https:\/\/experienciadevida.com.ar\/portalurbano\/wp-content\/uploads\/2021\/06\/Por-segunda-semana-consecutiva-1024x675.jpg",640,422,true],"ug_big":["https:\/\/experienciadevida.com.ar\/portalurbano\/wp-content\/uploads\/2021\/06\/Por-segunda-semana-consecutiva-768x506.jpg",768,506,true],"1536x1536":["https:\/\/experienciadevida.com.ar\/portalurbano\/wp-content\/uploads\/2021\/06\/Por-segunda-semana-consecutiva.jpg",1360,896,false],"2048x2048":["https:\/\/experienciadevida.com.ar\/portalurbano\/wp-content\/uploads\/2021\/06\/Por-segunda-semana-consecutiva.jpg",1360,896,false],"newsever-slider-full":["https:\/\/experienciadevida.com.ar\/portalurbano\/wp-content\/uploads\/2021\/06\/Por-segunda-semana-consecutiva.jpg",1280,843,false],"newsever-featured":["https:\/\/experienciadevida.com.ar\/portalurbano\/wp-content\/uploads\/2021\/06\/Por-segunda-semana-consecutiva.jpg",1024,675,false],"newsever-medium":["https:\/\/experienciadevida.com.ar\/portalurbano\/wp-content\/uploads\/2021\/06\/Por-segunda-semana-consecutiva.jpg",720,475,false],"web-stories-poster-portrait":["https:\/\/experienciadevida.com.ar\/portalurbano\/wp-content\/uploads\/2021\/06\/Por-segunda-semana-consecutiva.jpg",640,422,false],"web-stories-publisher-logo":["https:\/\/experienciadevida.com.ar\/portalurbano\/wp-content\/uploads\/2021\/06\/Por-segunda-semana-consecutiva.jpg",96,63,false],"web-stories-thumbnail":["https:\/\/experienciadevida.com.ar\/portalurbano\/wp-content\/uploads\/2021\/06\/Por-segunda-semana-consecutiva.jpg",150,99,false]},"author_info":{"display_name":"admpu17wp","author_link":"https:\/\/experienciadevida.com.ar\/portalurbano\/author\/admpu17wp\/"},"category_info":"<a href=\"https:\/\/experienciadevida.com.ar\/portalurbano\/category\/ciudad\/\" rel=\"category tag\">Ciudad<\/a> <a href=\"https:\/\/experienciadevida.com.ar\/portalurbano\/category\/destacadas\/\" rel=\"category tag\">Destacadas<\/a>","tag_info":"Destacadas","comment_count":"0","amp_enabled":true,"_links":{"self":[{"href":"https:\/\/experienciadevida.com.ar\/portalurbano\/wp-json\/wp\/v2\/posts\/145894"}],"collection":[{"href":"https:\/\/experienciadevida.com.ar\/portalurbano\/wp-json\/wp\/v2\/posts"}],"about":[{"href":"https:\/\/experienciadevida.com.ar\/portalurbano\/wp-json\/wp\/v2\/types\/post"}],"author":[{"embeddable":true,"href":"https:\/\/experienciadevida.com.ar\/portalurbano\/wp-json\/wp\/v2\/users\/1"}],"replies":[{"embeddable":true,"href":"https:\/\/experienciadevida.com.ar\/portalurbano\/wp-json\/wp\/v2\/comments?post=145894"}],"version-history":[{"count":3,"href":"https:\/\/experienciadevida.com.ar\/portalurbano\/wp-json\/wp\/v2\/posts\/145894\/revisions"}],"predecessor-version":[{"id":145904,"href":"https:\/\/experienciadevida.com.ar\/portalurbano\/wp-json\/wp\/v2\/posts\/145894\/revisions\/145904"}],"wp:featuredmedia":[{"embeddable":true,"href":"https:\/\/experienciadevida.com.ar\/portalurbano\/wp-json\/wp\/v2\/media\/145901"}],"wp:attachment":[{"href":"https:\/\/experienciadevida.com.ar\/portalurbano\/wp-json\/wp\/v2\/media?parent=145894"}],"wp:term":[{"taxonomy":"category","embeddable":true,"href":"https:\/\/experienciadevida.com.ar\/portalurbano\/wp-json\/wp\/v2\/categories?post=145894"},{"taxonomy":"post_tag","embeddable":true,"href":"https:\/\/experienciadevida.com.ar\/portalurbano\/wp-json\/wp\/v2\/tags?post=145894"}],"curies":[{"name":"wp","href":"https:\/\/api.w.org\/{rel}","templated":true}]}}