{"id":145833,"date":"2021-06-22T14:26:50","date_gmt":"2021-06-22T17:26:50","guid":{"rendered":"https:\/\/experienciadevida.com.ar\/portalurbano\/?p=145833"},"modified":"2021-06-22T14:26:50","modified_gmt":"2021-06-22T17:26:50","slug":"casi-40-mil-mayores-de-55-anos-ya-se-vacunaron-sin-turnos-ni-inscripcion-en-la-provincia","status":"publish","type":"post","link":"https:\/\/experienciadevida.com.ar\/portalurbano\/casi-40-mil-mayores-de-55-anos-ya-se-vacunaron-sin-turnos-ni-inscripcion-en-la-provincia\/","title":{"rendered":"Casi 40 mil mayores de 55 a\u00f1os ya se vacunaron sin turnos ni inscripci\u00f3n en la provincia"},"content":{"rendered":"<p>Casi 40 mil mayores de 55 a\u00f1os ya se vacunaron sin turnos ni inscripci\u00f3n en la provincia, lo inform\u00f3 el Ministro de salud bonaerense Daniel Gollan. Dijo que profundizar\u00e1n esa estrategia.<\/p>\n<p>Casi 40 mil personas mayores de 55 a\u00f1os ya se vacunaron con la primera dosis contra el coronavirus sin turnos ni inscripci\u00f3n previos en la provincia de Buenos Aires, y desde el Gobierno provincial adelantaron que profundizar\u00e1n esa estrategia para fomentar la inmunizaci\u00f3n en m\u00e1s grupos etarios.<\/p>\n<p>El ministro de Salud provincial, Daniel Gollan, precis\u00f3 que desde que se puso en marcha la \u201cvacunaci\u00f3n libre\u201d, es decir, sin necesidad de turnos ni inscripci\u00f3n \u2013primero desde los 70 a\u00f1os, luego desde los 60 y ahora a partir de los 55 a\u00f1os\u2013 un total de 38.668 bonaerenses recibieron sus dosis bajo esa modalidad.<\/p>\n<p>\u201cVamos a seguir instrumentando estas estrategias\u201d, anticip\u00f3 el ministro en conferencia de prensa esta ma\u00f1ana. Y dijo que muchas personas acudieron a los vacunatorios durante el \u00faltimo fin de semana, motivo que relacion\u00f3 al hecho de que en los d\u00edas h\u00e1biles se encuentran trabajando. \u201cSe logr\u00f3 dar respuesta a una demanda extra de una forma muy ordenada\u201d, destac\u00f3.<\/p>\n<p>Casi 40 mil mayores de 55 a\u00f1os ya se vacunaron sin turnos ni inscripci\u00f3n en la provincia, Gollan asegur\u00f3, adem\u00e1s, que tras \u201cganarle la batalla a los agoreros\u201d, la vacunaci\u00f3n contra el coronavirus \u201ctiene una adhesi\u00f3n muy alta en la provincia\u201d de Buenos Aires, y pidi\u00f3 a los mayores de 18 a\u00f1os que se inscriban para recibir la inmunizaci\u00f3n debido a que \u201cprobablemente les va a llegar el turno antes de lo que ellos piensan\u201d.<\/p>\n<p>El funcionario formul\u00f3 esas declaraciones al encabezar una actualizaci\u00f3n epidemiol\u00f3gica en La Plata junto al jefe de Gabinete, Carlos Bianco, en la que destac\u00f3 que \u201cla vacunaci\u00f3n tiene una adhesi\u00f3n muy alta en la provincia, incluso tras vencer los temores generados por cierta oposici\u00f3n y medios\u201d.<\/p>\n<p>El ministro sostuvo que el objetivo del Gobierno \u201ces terminar con la vacunaci\u00f3n de los 12.600.000 lo antes posible\u201d para poder tener \u201cun \u00faltimo trimestre del a\u00f1o completamente diferente\u201d.<\/p>\n<p>Fuente: DIB<\/p>\n","protected":false},"excerpt":{"rendered":"<p>Casi 40 mil mayores de 55 a\u00f1os ya se vacunaron sin turnos ni inscripci\u00f3n en&#8230;<\/p>\n","protected":false},"author":1,"featured_media":145834,"comment_status":"closed","ping_status":"closed","sticky":false,"template":"","format":"standard","meta":{"content-type":""},"categories":[71,39],"tags":[],"nelio_content":{"isAutoShareEnabled":false,"autoShareEndMode":"default","automationSources":{"useContentSentences":true,"useSocialTemplates":true,"useCustomSentences":false,"customSentences":[]},"followers":[1],"suggestedReferences":[],"includedReferences":[],"efiUrl":"","efiAlt":"","highlights":[]},"yoast_head":"<!-- This site is optimized with the Yoast SEO plugin v20.7 - https:\/\/yoast.com\/wordpress\/plugins\/seo\/ -->\n<title>Casi 40 mil mayores de 55 a\u00f1os ya se vacunaron sin turnos<\/title>\n<meta name=\"description\" content=\"Casi 40 mil mayores de 55 a\u00f1os ya se vacunaron sin turnos ni inscripci\u00f3n en la provincia, lo inform\u00f3 el Ministro de salud bonaerense Gollan\" \/>\n<meta name=\"robots\" content=\"index, follow, max-snippet:-1, max-image-preview:large, max-video-preview:-1\" \/>\n<link rel=\"canonical\" href=\"https:\/\/experienciadevida.com.ar\/portalurbano\/casi-40-mil-mayores-de-55-anos-ya-se-vacunaron-sin-turnos-ni-inscripcion-en-la-provincia\/\" \/>\n<meta property=\"og:locale\" content=\"es_ES\" \/>\n<meta property=\"og:type\" content=\"article\" \/>\n<meta property=\"og:title\" content=\"Casi 40 mil mayores de 55 a\u00f1os ya se vacunaron sin turnos\" \/>\n<meta property=\"og:description\" content=\"Casi 40 mil mayores de 55 a\u00f1os ya se vacunaron sin turnos ni inscripci\u00f3n en la provincia, lo inform\u00f3 el Ministro de salud bonaerense Gollan\" \/>\n<meta property=\"og:url\" content=\"https:\/\/experienciadevida.com.ar\/portalurbano\/casi-40-mil-mayores-de-55-anos-ya-se-vacunaron-sin-turnos-ni-inscripcion-en-la-provincia\/\" \/>\n<meta property=\"article:publisher\" content=\"https:\/\/www.facebook.com\/Portal-Urbano-171542830093757\/\" \/>\n<meta property=\"article:published_time\" content=\"2021-06-22T17:26:50+00:00\" \/>\n<meta property=\"og:image\" content=\"https:\/\/experienciadevida.com.ar\/portalurbano\/wp-content\/uploads\/2021\/06\/Casi-40-mil-mayores-de.jpg\" \/>\n\t<meta property=\"og:image:width\" content=\"1068\" \/>\n\t<meta property=\"og:image:height\" content=\"712\" \/>\n\t<meta property=\"og:image:type\" content=\"image\/jpeg\" \/>\n<meta name=\"author\" content=\"admpu17wp\" \/>\n<meta name=\"twitter:card\" content=\"summary_large_image\" \/>\n<meta name=\"twitter:creator\" content=\"@portalurbanook\" \/>\n<meta name=\"twitter:site\" content=\"@portalurbanook\" \/>\n<meta name=\"twitter:label1\" content=\"Escrito por\" \/>\n\t<meta name=\"twitter:data1\" content=\"admpu17wp\" \/>\n\t<meta name=\"twitter:label2\" content=\"Tiempo de lectura\" \/>\n\t<meta name=\"twitter:data2\" content=\"2 minutos\" \/>\n<script type=\"application\/ld+json\" class=\"yoast-schema-graph\">{\"@context\":\"https:\/\/schema.org\",\"@graph\":[{\"@type\":\"Article\",\"@id\":\"https:\/\/experienciadevida.com.ar\/portalurbano\/casi-40-mil-mayores-de-55-anos-ya-se-vacunaron-sin-turnos-ni-inscripcion-en-la-provincia\/#article\",\"isPartOf\":{\"@id\":\"https:\/\/experienciadevida.com.ar\/portalurbano\/casi-40-mil-mayores-de-55-anos-ya-se-vacunaron-sin-turnos-ni-inscripcion-en-la-provincia\/\"},\"author\":{\"name\":\"admpu17wp\",\"@id\":\"https:\/\/experienciadevida.com.ar\/portalurbano\/#\/schema\/person\/02dd326b1c4b056e9cc972486934a3a7\"},\"headline\":\"Casi 40 mil mayores de 55 a\u00f1os ya se vacunaron sin turnos ni inscripci\u00f3n en la provincia\",\"datePublished\":\"2021-06-22T17:26:50+00:00\",\"dateModified\":\"2021-06-22T17:26:50+00:00\",\"mainEntityOfPage\":{\"@id\":\"https:\/\/experienciadevida.com.ar\/portalurbano\/casi-40-mil-mayores-de-55-anos-ya-se-vacunaron-sin-turnos-ni-inscripcion-en-la-provincia\/\"},\"wordCount\":376,\"publisher\":{\"@id\":\"https:\/\/experienciadevida.com.ar\/portalurbano\/#organization\"},\"articleSection\":[\"Coronavirus\",\"Naci\u00f3n\"],\"inLanguage\":\"es\"},{\"@type\":\"WebPage\",\"@id\":\"https:\/\/experienciadevida.com.ar\/portalurbano\/casi-40-mil-mayores-de-55-anos-ya-se-vacunaron-sin-turnos-ni-inscripcion-en-la-provincia\/\",\"url\":\"https:\/\/experienciadevida.com.ar\/portalurbano\/casi-40-mil-mayores-de-55-anos-ya-se-vacunaron-sin-turnos-ni-inscripcion-en-la-provincia\/\",\"name\":\"Casi 40 mil mayores de 55 a\u00f1os ya se vacunaron sin turnos\",\"isPartOf\":{\"@id\":\"https:\/\/experienciadevida.com.ar\/portalurbano\/#website\"},\"datePublished\":\"2021-06-22T17:26:50+00:00\",\"dateModified\":\"2021-06-22T17:26:50+00:00\",\"description\":\"Casi 40 mil mayores de 55 a\u00f1os ya se vacunaron sin turnos ni inscripci\u00f3n en la provincia, lo inform\u00f3 el Ministro de salud bonaerense Gollan\",\"breadcrumb\":{\"@id\":\"https:\/\/experienciadevida.com.ar\/portalurbano\/casi-40-mil-mayores-de-55-anos-ya-se-vacunaron-sin-turnos-ni-inscripcion-en-la-provincia\/#breadcrumb\"},\"inLanguage\":\"es\",\"potentialAction\":[{\"@type\":\"ReadAction\",\"target\":[\"https:\/\/experienciadevida.com.ar\/portalurbano\/casi-40-mil-mayores-de-55-anos-ya-se-vacunaron-sin-turnos-ni-inscripcion-en-la-provincia\/\"]}]},{\"@type\":\"BreadcrumbList\",\"@id\":\"https:\/\/experienciadevida.com.ar\/portalurbano\/casi-40-mil-mayores-de-55-anos-ya-se-vacunaron-sin-turnos-ni-inscripcion-en-la-provincia\/#breadcrumb\",\"itemListElement\":[{\"@type\":\"ListItem\",\"position\":1,\"name\":\"Portada\",\"item\":\"https:\/\/experienciadevida.com.ar\/portalurbano\/\"},{\"@type\":\"ListItem\",\"position\":2,\"name\":\"Casi 40 mil mayores de 55 a\u00f1os ya se vacunaron sin turnos ni inscripci\u00f3n en la provincia\"}]},{\"@type\":\"WebSite\",\"@id\":\"https:\/\/experienciadevida.com.ar\/portalurbano\/#website\",\"url\":\"https:\/\/experienciadevida.com.ar\/portalurbano\/\",\"name\":\"\",\"description\":\"\",\"publisher\":{\"@id\":\"https:\/\/experienciadevida.com.ar\/portalurbano\/#organization\"},\"potentialAction\":[{\"@type\":\"SearchAction\",\"target\":{\"@type\":\"EntryPoint\",\"urlTemplate\":\"https:\/\/experienciadevida.com.ar\/portalurbano\/?s={search_term_string}\"},\"query-input\":\"required name=search_term_string\"}],\"inLanguage\":\"es\"},{\"@type\":\"Organization\",\"@id\":\"https:\/\/experienciadevida.com.ar\/portalurbano\/#organization\",\"name\":\"Portal Urbano\",\"url\":\"https:\/\/experienciadevida.com.ar\/portalurbano\/\",\"logo\":{\"@type\":\"ImageObject\",\"inLanguage\":\"es\",\"@id\":\"https:\/\/experienciadevida.com.ar\/portalurbano\/#\/schema\/logo\/image\/\",\"url\":\"https:\/\/experienciadevida.com.ar\/portalurbano\/wp-content\/uploads\/2019\/09\/Logo-Original.png\",\"contentUrl\":\"https:\/\/experienciadevida.com.ar\/portalurbano\/wp-content\/uploads\/2019\/09\/Logo-Original.png\",\"width\":2236,\"height\":1216,\"caption\":\"Portal Urbano\"},\"image\":{\"@id\":\"https:\/\/experienciadevida.com.ar\/portalurbano\/#\/schema\/logo\/image\/\"},\"sameAs\":[\"https:\/\/www.facebook.com\/Portal-Urbano-171542830093757\/\",\"https:\/\/twitter.com\/portalurbanook\",\"https:\/\/www.instagram.com\/_portalurbano\/\",\"https:\/\/www.youtube.com\/channel\/UCXhagIfszH8KxFiOok79zbA?view_as=subscriber\"]},{\"@type\":\"Person\",\"@id\":\"https:\/\/experienciadevida.com.ar\/portalurbano\/#\/schema\/person\/02dd326b1c4b056e9cc972486934a3a7\",\"name\":\"admpu17wp\",\"image\":{\"@type\":\"ImageObject\",\"inLanguage\":\"es\",\"@id\":\"https:\/\/experienciadevida.com.ar\/portalurbano\/#\/schema\/person\/image\/\",\"url\":\"https:\/\/secure.gravatar.com\/avatar\/830d4c57adaae6630765e449a6908047?s=96&d=mm&r=g\",\"contentUrl\":\"https:\/\/secure.gravatar.com\/avatar\/830d4c57adaae6630765e449a6908047?s=96&d=mm&r=g\",\"caption\":\"admpu17wp\"}}]}<\/script>\n<!-- \/ Yoast SEO plugin. -->","yoast_head_json":{"title":"Casi 40 mil mayores de 55 a\u00f1os ya se vacunaron sin turnos","description":"Casi 40 mil mayores de 55 a\u00f1os ya se vacunaron sin turnos ni inscripci\u00f3n en la provincia, lo inform\u00f3 el Ministro de salud bonaerense Gollan","robots":{"index":"index","follow":"follow","max-snippet":"max-snippet:-1","max-image-preview":"max-image-preview:large","max-video-preview":"max-video-preview:-1"},"canonical":"https:\/\/experienciadevida.com.ar\/portalurbano\/casi-40-mil-mayores-de-55-anos-ya-se-vacunaron-sin-turnos-ni-inscripcion-en-la-provincia\/","og_locale":"es_ES","og_type":"article","og_title":"Casi 40 mil mayores de 55 a\u00f1os ya se vacunaron sin turnos","og_description":"Casi 40 mil mayores de 55 a\u00f1os ya se vacunaron sin turnos ni inscripci\u00f3n en la provincia, lo inform\u00f3 el Ministro de salud bonaerense Gollan","og_url":"https:\/\/experienciadevida.com.ar\/portalurbano\/casi-40-mil-mayores-de-55-anos-ya-se-vacunaron-sin-turnos-ni-inscripcion-en-la-provincia\/","article_publisher":"https:\/\/www.facebook.com\/Portal-Urbano-171542830093757\/","article_published_time":"2021-06-22T17:26:50+00:00","og_image":[{"width":1068,"height":712,"url":"https:\/\/experienciadevida.com.ar\/portalurbano\/wp-content\/uploads\/2021\/06\/Casi-40-mil-mayores-de.jpg","type":"image\/jpeg"}],"author":"admpu17wp","twitter_card":"summary_large_image","twitter_creator":"@portalurbanook","twitter_site":"@portalurbanook","twitter_misc":{"Escrito por":"admpu17wp","Tiempo de lectura":"2 minutos"},"schema":{"@context":"https:\/\/schema.org","@graph":[{"@type":"Article","@id":"https:\/\/experienciadevida.com.ar\/portalurbano\/casi-40-mil-mayores-de-55-anos-ya-se-vacunaron-sin-turnos-ni-inscripcion-en-la-provincia\/#article","isPartOf":{"@id":"https:\/\/experienciadevida.com.ar\/portalurbano\/casi-40-mil-mayores-de-55-anos-ya-se-vacunaron-sin-turnos-ni-inscripcion-en-la-provincia\/"},"author":{"name":"admpu17wp","@id":"https:\/\/experienciadevida.com.ar\/portalurbano\/#\/schema\/person\/02dd326b1c4b056e9cc972486934a3a7"},"headline":"Casi 40 mil mayores de 55 a\u00f1os ya se vacunaron sin turnos ni inscripci\u00f3n en la provincia","datePublished":"2021-06-22T17:26:50+00:00","dateModified":"2021-06-22T17:26:50+00:00","mainEntityOfPage":{"@id":"https:\/\/experienciadevida.com.ar\/portalurbano\/casi-40-mil-mayores-de-55-anos-ya-se-vacunaron-sin-turnos-ni-inscripcion-en-la-provincia\/"},"wordCount":376,"publisher":{"@id":"https:\/\/experienciadevida.com.ar\/portalurbano\/#organization"},"articleSection":["Coronavirus","Naci\u00f3n"],"inLanguage":"es"},{"@type":"WebPage","@id":"https:\/\/experienciadevida.com.ar\/portalurbano\/casi-40-mil-mayores-de-55-anos-ya-se-vacunaron-sin-turnos-ni-inscripcion-en-la-provincia\/","url":"https:\/\/experienciadevida.com.ar\/portalurbano\/casi-40-mil-mayores-de-55-anos-ya-se-vacunaron-sin-turnos-ni-inscripcion-en-la-provincia\/","name":"Casi 40 mil mayores de 55 a\u00f1os ya se vacunaron sin turnos","isPartOf":{"@id":"https:\/\/experienciadevida.com.ar\/portalurbano\/#website"},"datePublished":"2021-06-22T17:26:50+00:00","dateModified":"2021-06-22T17:26:50+00:00","description":"Casi 40 mil mayores de 55 a\u00f1os ya se vacunaron sin turnos ni inscripci\u00f3n en la provincia, lo inform\u00f3 el Ministro de salud bonaerense Gollan","breadcrumb":{"@id":"https:\/\/experienciadevida.com.ar\/portalurbano\/casi-40-mil-mayores-de-55-anos-ya-se-vacunaron-sin-turnos-ni-inscripcion-en-la-provincia\/#breadcrumb"},"inLanguage":"es","potentialAction":[{"@type":"ReadAction","target":["https:\/\/experienciadevida.com.ar\/portalurbano\/casi-40-mil-mayores-de-55-anos-ya-se-vacunaron-sin-turnos-ni-inscripcion-en-la-provincia\/"]}]},{"@type":"BreadcrumbList","@id":"https:\/\/experienciadevida.com.ar\/portalurbano\/casi-40-mil-mayores-de-55-anos-ya-se-vacunaron-sin-turnos-ni-inscripcion-en-la-provincia\/#breadcrumb","itemListElement":[{"@type":"ListItem","position":1,"name":"Portada","item":"https:\/\/experienciadevida.com.ar\/portalurbano\/"},{"@type":"ListItem","position":2,"name":"Casi 40 mil mayores de 55 a\u00f1os ya se vacunaron sin turnos ni inscripci\u00f3n en la provincia"}]},{"@type":"WebSite","@id":"https:\/\/experienciadevida.com.ar\/portalurbano\/#website","url":"https:\/\/experienciadevida.com.ar\/portalurbano\/","name":"","description":"","publisher":{"@id":"https:\/\/experienciadevida.com.ar\/portalurbano\/#organization"},"potentialAction":[{"@type":"SearchAction","target":{"@type":"EntryPoint","urlTemplate":"https:\/\/experienciadevida.com.ar\/portalurbano\/?s={search_term_string}"},"query-input":"required name=search_term_string"}],"inLanguage":"es"},{"@type":"Organization","@id":"https:\/\/experienciadevida.com.ar\/portalurbano\/#organization","name":"Portal Urbano","url":"https:\/\/experienciadevida.com.ar\/portalurbano\/","logo":{"@type":"ImageObject","inLanguage":"es","@id":"https:\/\/experienciadevida.com.ar\/portalurbano\/#\/schema\/logo\/image\/","url":"https:\/\/experienciadevida.com.ar\/portalurbano\/wp-content\/uploads\/2019\/09\/Logo-Original.png","contentUrl":"https:\/\/experienciadevida.com.ar\/portalurbano\/wp-content\/uploads\/2019\/09\/Logo-Original.png","width":2236,"height":1216,"caption":"Portal Urbano"},"image":{"@id":"https:\/\/experienciadevida.com.ar\/portalurbano\/#\/schema\/logo\/image\/"},"sameAs":["https:\/\/www.facebook.com\/Portal-Urbano-171542830093757\/","https:\/\/twitter.com\/portalurbanook","https:\/\/www.instagram.com\/_portalurbano\/","https:\/\/www.youtube.com\/channel\/UCXhagIfszH8KxFiOok79zbA?view_as=subscriber"]},{"@type":"Person","@id":"https:\/\/experienciadevida.com.ar\/portalurbano\/#\/schema\/person\/02dd326b1c4b056e9cc972486934a3a7","name":"admpu17wp","image":{"@type":"ImageObject","inLanguage":"es","@id":"https:\/\/experienciadevida.com.ar\/portalurbano\/#\/schema\/person\/image\/","url":"https:\/\/secure.gravatar.com\/avatar\/830d4c57adaae6630765e449a6908047?s=96&d=mm&r=g","contentUrl":"https:\/\/secure.gravatar.com\/avatar\/830d4c57adaae6630765e449a6908047?s=96&d=mm&r=g","caption":"admpu17wp"}}]}},"featured_image_urls":{"full":["https:\/\/experienciadevida.com.ar\/portalurbano\/wp-content\/uploads\/2021\/06\/Casi-40-mil-mayores-de.jpg",1068,712,false],"thumbnail":["https:\/\/experienciadevida.com.ar\/portalurbano\/wp-content\/uploads\/2021\/06\/Casi-40-mil-mayores-de-150x150.jpg",150,150,true],"medium":["https:\/\/experienciadevida.com.ar\/portalurbano\/wp-content\/uploads\/2021\/06\/Casi-40-mil-mayores-de-300x200.jpg",300,200,true],"medium_large":["https:\/\/experienciadevida.com.ar\/portalurbano\/wp-content\/uploads\/2021\/06\/Casi-40-mil-mayores-de-768x512.jpg",640,427,true],"large":["https:\/\/experienciadevida.com.ar\/portalurbano\/wp-content\/uploads\/2021\/06\/Casi-40-mil-mayores-de-1024x683.jpg",640,427,true],"ug_big":["https:\/\/experienciadevida.com.ar\/portalurbano\/wp-content\/uploads\/2021\/06\/Casi-40-mil-mayores-de-768x512.jpg",768,512,true],"1536x1536":["https:\/\/experienciadevida.com.ar\/portalurbano\/wp-content\/uploads\/2021\/06\/Casi-40-mil-mayores-de.jpg",1068,712,false],"2048x2048":["https:\/\/experienciadevida.com.ar\/portalurbano\/wp-content\/uploads\/2021\/06\/Casi-40-mil-mayores-de.jpg",1068,712,false],"newsever-slider-full":["https:\/\/experienciadevida.com.ar\/portalurbano\/wp-content\/uploads\/2021\/06\/Casi-40-mil-mayores-de.jpg",1068,712,false],"newsever-featured":["https:\/\/experienciadevida.com.ar\/portalurbano\/wp-content\/uploads\/2021\/06\/Casi-40-mil-mayores-de.jpg",1024,683,false],"newsever-medium":["https:\/\/experienciadevida.com.ar\/portalurbano\/wp-content\/uploads\/2021\/06\/Casi-40-mil-mayores-de.jpg",713,475,false],"web-stories-poster-portrait":["https:\/\/experienciadevida.com.ar\/portalurbano\/wp-content\/uploads\/2021\/06\/Casi-40-mil-mayores-de.jpg",640,427,false],"web-stories-publisher-logo":["https:\/\/experienciadevida.com.ar\/portalurbano\/wp-content\/uploads\/2021\/06\/Casi-40-mil-mayores-de.jpg",96,64,false],"web-stories-thumbnail":["https:\/\/experienciadevida.com.ar\/portalurbano\/wp-content\/uploads\/2021\/06\/Casi-40-mil-mayores-de.jpg",150,100,false]},"author_info":{"display_name":"admpu17wp","author_link":"https:\/\/experienciadevida.com.ar\/portalurbano\/author\/admpu17wp\/"},"category_info":"<a href=\"https:\/\/experienciadevida.com.ar\/portalurbano\/category\/nacion\/coronavirus\/\" rel=\"category tag\">Coronavirus<\/a> <a href=\"https:\/\/experienciadevida.com.ar\/portalurbano\/category\/nacion\/\" rel=\"category tag\">Naci\u00f3n<\/a>","tag_info":"Naci\u00f3n","comment_count":"0","amp_enabled":true,"_links":{"self":[{"href":"https:\/\/experienciadevida.com.ar\/portalurbano\/wp-json\/wp\/v2\/posts\/145833"}],"collection":[{"href":"https:\/\/experienciadevida.com.ar\/portalurbano\/wp-json\/wp\/v2\/posts"}],"about":[{"href":"https:\/\/experienciadevida.com.ar\/portalurbano\/wp-json\/wp\/v2\/types\/post"}],"author":[{"embeddable":true,"href":"https:\/\/experienciadevida.com.ar\/portalurbano\/wp-json\/wp\/v2\/users\/1"}],"replies":[{"embeddable":true,"href":"https:\/\/experienciadevida.com.ar\/portalurbano\/wp-json\/wp\/v2\/comments?post=145833"}],"version-history":[{"count":2,"href":"https:\/\/experienciadevida.com.ar\/portalurbano\/wp-json\/wp\/v2\/posts\/145833\/revisions"}],"predecessor-version":[{"id":145836,"href":"https:\/\/experienciadevida.com.ar\/portalurbano\/wp-json\/wp\/v2\/posts\/145833\/revisions\/145836"}],"wp:featuredmedia":[{"embeddable":true,"href":"https:\/\/experienciadevida.com.ar\/portalurbano\/wp-json\/wp\/v2\/media\/145834"}],"wp:attachment":[{"href":"https:\/\/experienciadevida.com.ar\/portalurbano\/wp-json\/wp\/v2\/media?parent=145833"}],"wp:term":[{"taxonomy":"category","embeddable":true,"href":"https:\/\/experienciadevida.com.ar\/portalurbano\/wp-json\/wp\/v2\/categories?post=145833"},{"taxonomy":"post_tag","embeddable":true,"href":"https:\/\/experienciadevida.com.ar\/portalurbano\/wp-json\/wp\/v2\/tags?post=145833"}],"curies":[{"name":"wp","href":"https:\/\/api.w.org\/{rel}","templated":true}]}}