{"id":145819,"date":"2021-06-22T14:05:55","date_gmt":"2021-06-22T17:05:55","guid":{"rendered":"https:\/\/experienciadevida.com.ar\/portalurbano\/?p=145819"},"modified":"2021-06-22T14:12:37","modified_gmt":"2021-06-22T17:12:37","slug":"se-realiza-la-construccion-de-una-nueva-rotonda-en-trabajadores-e-ituzaingo","status":"publish","type":"post","link":"https:\/\/experienciadevida.com.ar\/portalurbano\/se-realiza-la-construccion-de-una-nueva-rotonda-en-trabajadores-e-ituzaingo\/","title":{"rendered":"Se realiza la construcci\u00f3n de una nueva rotonda en Trabajadores e Ituzaing\u00f3"},"content":{"rendered":"<p>Se realiza la construcci\u00f3n de una nueva rotonda en Trabajadores e Ituzaing\u00f3, durante la ma\u00f1ana de este martes, el intendente Ezequiel <a href=\"https:\/\/www.facebook.com\/galliezequiel\">Galli<\/a> recorri\u00f3 la obra que permitir\u00e1 reordenar el tr\u00e1nsito en el sector y brindar mejores condiciones de seguridad vial.<\/p>\n<p>En la oportunidad, estuvo acompa\u00f1ado por el secretario de Mantenimiento y Obras P\u00fablicas de la Municipalidad Julio Ferraro.<\/p>\n<p>Entre las especificaciones t\u00e9cnicas, cabe agregar que tiene 12 mts de di\u00e1metro, con isletas de ingreso a la rotonda de 10 mts de largo. Los trabajos finalizar\u00e1n con la colocaci\u00f3n de carteler\u00eda correspondiente y la plantaci\u00f3n de especies arb\u00f3reas, que seguir\u00e1 un dise\u00f1o de similares caracter\u00edsticas a las restantes rotondas del casco urbano.<\/p>\n<p>Se realiza la construcci\u00f3n de una nueva rotonda en trabajadores e Ituzaing\u00f3, Esta obra se desarrolla de forma complementaria a la repavimentaci\u00f3n de la avenida Ituizaing\u00f3, que una primera etapa abarc\u00f3 desde Avda. Trabajadores hasta calle Hip\u00f3lito Yrigoyen, y que en una segunda instancia va desde Balcarce a Canaveri.<\/p>\n<p>Adem\u00e1s de la repavimentaci\u00f3n en s\u00ed, en el paquete de obras se incluy\u00f3 la construcci\u00f3n de un separador central de hormig\u00f3n, para continuar con el existente en resto de la Avda. Ituzaing\u00f3, entre Avda. Col\u00f3n y Avda. Del Valle.<\/p>\n<p>Cabe aclarar que esta obra \u2013financiada con recursos provinciales- es posible gracias al compromiso de la gesti\u00f3n municipal, en pos de mejorar la transitabilidad en dicho tramo de la avenida Ituzaing\u00f3, que se encontraba altamente deteriorado y que a partir de ahora, cuenta con una calzada en \u00f3ptimas condiciones.<\/p>\n<p>Por \u00faltimo, se solicita a los conductores circular con extrema precauci\u00f3n y respetar la se\u00f1alizaci\u00f3n instalada en el lugar, con la finalidad de evitar inconvenientes en el tr\u00e1nsito.<\/p>\n<p><a href=\"https:\/\/experienciadevida.com.ar\/portalurbano\/se-realiza-la-construccion-de-una-nueva-rotonda-en-trabajadores-e-ituzaingo\/se-realiza-la-construccion\/\" rel=\"attachment wp-att-145824\"><img decoding=\"async\" class=\"alignnone size-large wp-image-145824\" src=\"https:\/\/experienciadevida.com.ar\/portalurbano\/wp-content\/uploads\/2021\/06\/Se-realiza-la-construccion-1024x684.jpg\" alt=\"Se realiza la construcci\u00f3n\" width=\"900\" height=\"601\" \/><\/a><\/p>\n","protected":false},"excerpt":{"rendered":"<p>Se realiza la construcci\u00f3n de una nueva rotonda en Trabajadores e Ituzaing\u00f3, durante la ma\u00f1ana&#8230;<\/p>\n","protected":false},"author":1,"featured_media":145820,"comment_status":"closed","ping_status":"closed","sticky":false,"template":"","format":"standard","meta":{"content-type":""},"categories":[27,51],"tags":[],"nelio_content":{"isAutoShareEnabled":false,"autoShareEndMode":"default","automationSources":{"useContentSentences":true,"useSocialTemplates":true,"useCustomSentences":false,"customSentences":[]},"followers":[1],"suggestedReferences":[],"includedReferences":[],"efiUrl":"","efiAlt":"","highlights":[]},"yoast_head":"<!-- This site is optimized with the Yoast SEO plugin v20.7 - https:\/\/yoast.com\/wordpress\/plugins\/seo\/ -->\n<title>Se realiza la construcci\u00f3n de una nueva rotonda en trabajadores<\/title>\n<meta name=\"description\" content=\"Se realiza la construcci\u00f3n de una nueva rotonda en Trabajadores e Ituzaing\u00f3, durante la ma\u00f1ana de este martes, intendente recorri\u00f3 la misma\" \/>\n<meta name=\"robots\" content=\"index, follow, max-snippet:-1, max-image-preview:large, max-video-preview:-1\" \/>\n<link rel=\"canonical\" href=\"https:\/\/experienciadevida.com.ar\/portalurbano\/se-realiza-la-construccion-de-una-nueva-rotonda-en-trabajadores-e-ituzaingo\/\" \/>\n<meta property=\"og:locale\" content=\"es_ES\" \/>\n<meta property=\"og:type\" content=\"article\" \/>\n<meta property=\"og:title\" content=\"Se realiza la construcci\u00f3n de una nueva rotonda en trabajadores\" \/>\n<meta property=\"og:description\" content=\"Se realiza la construcci\u00f3n de una nueva rotonda en Trabajadores e Ituzaing\u00f3, durante la ma\u00f1ana de este martes, intendente recorri\u00f3 la misma\" \/>\n<meta property=\"og:url\" content=\"https:\/\/experienciadevida.com.ar\/portalurbano\/se-realiza-la-construccion-de-una-nueva-rotonda-en-trabajadores-e-ituzaingo\/\" \/>\n<meta property=\"article:publisher\" content=\"https:\/\/www.facebook.com\/Portal-Urbano-171542830093757\/\" \/>\n<meta property=\"article:published_time\" content=\"2021-06-22T17:05:55+00:00\" \/>\n<meta property=\"article:modified_time\" content=\"2021-06-22T17:12:37+00:00\" \/>\n<meta property=\"og:image\" content=\"https:\/\/experienciadevida.com.ar\/portalurbano\/wp-content\/uploads\/2021\/06\/Se-realiza-la-construccion-de-e1624381546406.jpg\" \/>\n\t<meta property=\"og:image:width\" content=\"765\" \/>\n\t<meta property=\"og:image:height\" content=\"511\" \/>\n\t<meta property=\"og:image:type\" content=\"image\/jpeg\" \/>\n<meta name=\"author\" content=\"admpu17wp\" \/>\n<meta name=\"twitter:card\" content=\"summary_large_image\" \/>\n<meta name=\"twitter:creator\" content=\"@portalurbanook\" \/>\n<meta name=\"twitter:site\" content=\"@portalurbanook\" \/>\n<meta name=\"twitter:label1\" content=\"Escrito por\" \/>\n\t<meta name=\"twitter:data1\" content=\"admpu17wp\" \/>\n\t<meta name=\"twitter:label2\" content=\"Tiempo de lectura\" \/>\n\t<meta name=\"twitter:data2\" content=\"2 minutos\" \/>\n<script type=\"application\/ld+json\" class=\"yoast-schema-graph\">{\"@context\":\"https:\/\/schema.org\",\"@graph\":[{\"@type\":\"Article\",\"@id\":\"https:\/\/experienciadevida.com.ar\/portalurbano\/se-realiza-la-construccion-de-una-nueva-rotonda-en-trabajadores-e-ituzaingo\/#article\",\"isPartOf\":{\"@id\":\"https:\/\/experienciadevida.com.ar\/portalurbano\/se-realiza-la-construccion-de-una-nueva-rotonda-en-trabajadores-e-ituzaingo\/\"},\"author\":{\"name\":\"admpu17wp\",\"@id\":\"https:\/\/experienciadevida.com.ar\/portalurbano\/#\/schema\/person\/02dd326b1c4b056e9cc972486934a3a7\"},\"headline\":\"Se realiza la construcci\u00f3n de una nueva rotonda en Trabajadores e Ituzaing\u00f3\",\"datePublished\":\"2021-06-22T17:05:55+00:00\",\"dateModified\":\"2021-06-22T17:12:37+00:00\",\"mainEntityOfPage\":{\"@id\":\"https:\/\/experienciadevida.com.ar\/portalurbano\/se-realiza-la-construccion-de-una-nueva-rotonda-en-trabajadores-e-ituzaingo\/\"},\"wordCount\":314,\"publisher\":{\"@id\":\"https:\/\/experienciadevida.com.ar\/portalurbano\/#organization\"},\"articleSection\":[\"Ciudad\",\"Destacadas\"],\"inLanguage\":\"es\"},{\"@type\":\"WebPage\",\"@id\":\"https:\/\/experienciadevida.com.ar\/portalurbano\/se-realiza-la-construccion-de-una-nueva-rotonda-en-trabajadores-e-ituzaingo\/\",\"url\":\"https:\/\/experienciadevida.com.ar\/portalurbano\/se-realiza-la-construccion-de-una-nueva-rotonda-en-trabajadores-e-ituzaingo\/\",\"name\":\"Se realiza la construcci\u00f3n de una nueva rotonda en trabajadores\",\"isPartOf\":{\"@id\":\"https:\/\/experienciadevida.com.ar\/portalurbano\/#website\"},\"datePublished\":\"2021-06-22T17:05:55+00:00\",\"dateModified\":\"2021-06-22T17:12:37+00:00\",\"description\":\"Se realiza la construcci\u00f3n de una nueva rotonda en Trabajadores e Ituzaing\u00f3, durante la ma\u00f1ana de este martes, intendente recorri\u00f3 la misma\",\"breadcrumb\":{\"@id\":\"https:\/\/experienciadevida.com.ar\/portalurbano\/se-realiza-la-construccion-de-una-nueva-rotonda-en-trabajadores-e-ituzaingo\/#breadcrumb\"},\"inLanguage\":\"es\",\"potentialAction\":[{\"@type\":\"ReadAction\",\"target\":[\"https:\/\/experienciadevida.com.ar\/portalurbano\/se-realiza-la-construccion-de-una-nueva-rotonda-en-trabajadores-e-ituzaingo\/\"]}]},{\"@type\":\"BreadcrumbList\",\"@id\":\"https:\/\/experienciadevida.com.ar\/portalurbano\/se-realiza-la-construccion-de-una-nueva-rotonda-en-trabajadores-e-ituzaingo\/#breadcrumb\",\"itemListElement\":[{\"@type\":\"ListItem\",\"position\":1,\"name\":\"Portada\",\"item\":\"https:\/\/experienciadevida.com.ar\/portalurbano\/\"},{\"@type\":\"ListItem\",\"position\":2,\"name\":\"Se realiza la construcci\u00f3n de una nueva rotonda en Trabajadores e Ituzaing\u00f3\"}]},{\"@type\":\"WebSite\",\"@id\":\"https:\/\/experienciadevida.com.ar\/portalurbano\/#website\",\"url\":\"https:\/\/experienciadevida.com.ar\/portalurbano\/\",\"name\":\"\",\"description\":\"\",\"publisher\":{\"@id\":\"https:\/\/experienciadevida.com.ar\/portalurbano\/#organization\"},\"potentialAction\":[{\"@type\":\"SearchAction\",\"target\":{\"@type\":\"EntryPoint\",\"urlTemplate\":\"https:\/\/experienciadevida.com.ar\/portalurbano\/?s={search_term_string}\"},\"query-input\":\"required name=search_term_string\"}],\"inLanguage\":\"es\"},{\"@type\":\"Organization\",\"@id\":\"https:\/\/experienciadevida.com.ar\/portalurbano\/#organization\",\"name\":\"Portal Urbano\",\"url\":\"https:\/\/experienciadevida.com.ar\/portalurbano\/\",\"logo\":{\"@type\":\"ImageObject\",\"inLanguage\":\"es\",\"@id\":\"https:\/\/experienciadevida.com.ar\/portalurbano\/#\/schema\/logo\/image\/\",\"url\":\"https:\/\/experienciadevida.com.ar\/portalurbano\/wp-content\/uploads\/2019\/09\/Logo-Original.png\",\"contentUrl\":\"https:\/\/experienciadevida.com.ar\/portalurbano\/wp-content\/uploads\/2019\/09\/Logo-Original.png\",\"width\":2236,\"height\":1216,\"caption\":\"Portal Urbano\"},\"image\":{\"@id\":\"https:\/\/experienciadevida.com.ar\/portalurbano\/#\/schema\/logo\/image\/\"},\"sameAs\":[\"https:\/\/www.facebook.com\/Portal-Urbano-171542830093757\/\",\"https:\/\/twitter.com\/portalurbanook\",\"https:\/\/www.instagram.com\/_portalurbano\/\",\"https:\/\/www.youtube.com\/channel\/UCXhagIfszH8KxFiOok79zbA?view_as=subscriber\"]},{\"@type\":\"Person\",\"@id\":\"https:\/\/experienciadevida.com.ar\/portalurbano\/#\/schema\/person\/02dd326b1c4b056e9cc972486934a3a7\",\"name\":\"admpu17wp\",\"image\":{\"@type\":\"ImageObject\",\"inLanguage\":\"es\",\"@id\":\"https:\/\/experienciadevida.com.ar\/portalurbano\/#\/schema\/person\/image\/\",\"url\":\"https:\/\/secure.gravatar.com\/avatar\/830d4c57adaae6630765e449a6908047?s=96&d=mm&r=g\",\"contentUrl\":\"https:\/\/secure.gravatar.com\/avatar\/830d4c57adaae6630765e449a6908047?s=96&d=mm&r=g\",\"caption\":\"admpu17wp\"}}]}<\/script>\n<!-- \/ Yoast SEO plugin. -->","yoast_head_json":{"title":"Se realiza la construcci\u00f3n de una nueva rotonda en trabajadores","description":"Se realiza la construcci\u00f3n de una nueva rotonda en Trabajadores e Ituzaing\u00f3, durante la ma\u00f1ana de este martes, intendente recorri\u00f3 la misma","robots":{"index":"index","follow":"follow","max-snippet":"max-snippet:-1","max-image-preview":"max-image-preview:large","max-video-preview":"max-video-preview:-1"},"canonical":"https:\/\/experienciadevida.com.ar\/portalurbano\/se-realiza-la-construccion-de-una-nueva-rotonda-en-trabajadores-e-ituzaingo\/","og_locale":"es_ES","og_type":"article","og_title":"Se realiza la construcci\u00f3n de una nueva rotonda en trabajadores","og_description":"Se realiza la construcci\u00f3n de una nueva rotonda en Trabajadores e Ituzaing\u00f3, durante la ma\u00f1ana de este martes, intendente recorri\u00f3 la misma","og_url":"https:\/\/experienciadevida.com.ar\/portalurbano\/se-realiza-la-construccion-de-una-nueva-rotonda-en-trabajadores-e-ituzaingo\/","article_publisher":"https:\/\/www.facebook.com\/Portal-Urbano-171542830093757\/","article_published_time":"2021-06-22T17:05:55+00:00","article_modified_time":"2021-06-22T17:12:37+00:00","og_image":[{"width":765,"height":511,"url":"https:\/\/experienciadevida.com.ar\/portalurbano\/wp-content\/uploads\/2021\/06\/Se-realiza-la-construccion-de-e1624381546406.jpg","type":"image\/jpeg"}],"author":"admpu17wp","twitter_card":"summary_large_image","twitter_creator":"@portalurbanook","twitter_site":"@portalurbanook","twitter_misc":{"Escrito por":"admpu17wp","Tiempo de lectura":"2 minutos"},"schema":{"@context":"https:\/\/schema.org","@graph":[{"@type":"Article","@id":"https:\/\/experienciadevida.com.ar\/portalurbano\/se-realiza-la-construccion-de-una-nueva-rotonda-en-trabajadores-e-ituzaingo\/#article","isPartOf":{"@id":"https:\/\/experienciadevida.com.ar\/portalurbano\/se-realiza-la-construccion-de-una-nueva-rotonda-en-trabajadores-e-ituzaingo\/"},"author":{"name":"admpu17wp","@id":"https:\/\/experienciadevida.com.ar\/portalurbano\/#\/schema\/person\/02dd326b1c4b056e9cc972486934a3a7"},"headline":"Se realiza la construcci\u00f3n de una nueva rotonda en Trabajadores e Ituzaing\u00f3","datePublished":"2021-06-22T17:05:55+00:00","dateModified":"2021-06-22T17:12:37+00:00","mainEntityOfPage":{"@id":"https:\/\/experienciadevida.com.ar\/portalurbano\/se-realiza-la-construccion-de-una-nueva-rotonda-en-trabajadores-e-ituzaingo\/"},"wordCount":314,"publisher":{"@id":"https:\/\/experienciadevida.com.ar\/portalurbano\/#organization"},"articleSection":["Ciudad","Destacadas"],"inLanguage":"es"},{"@type":"WebPage","@id":"https:\/\/experienciadevida.com.ar\/portalurbano\/se-realiza-la-construccion-de-una-nueva-rotonda-en-trabajadores-e-ituzaingo\/","url":"https:\/\/experienciadevida.com.ar\/portalurbano\/se-realiza-la-construccion-de-una-nueva-rotonda-en-trabajadores-e-ituzaingo\/","name":"Se realiza la construcci\u00f3n de una nueva rotonda en trabajadores","isPartOf":{"@id":"https:\/\/experienciadevida.com.ar\/portalurbano\/#website"},"datePublished":"2021-06-22T17:05:55+00:00","dateModified":"2021-06-22T17:12:37+00:00","description":"Se realiza la construcci\u00f3n de una nueva rotonda en Trabajadores e Ituzaing\u00f3, durante la ma\u00f1ana de este martes, intendente recorri\u00f3 la misma","breadcrumb":{"@id":"https:\/\/experienciadevida.com.ar\/portalurbano\/se-realiza-la-construccion-de-una-nueva-rotonda-en-trabajadores-e-ituzaingo\/#breadcrumb"},"inLanguage":"es","potentialAction":[{"@type":"ReadAction","target":["https:\/\/experienciadevida.com.ar\/portalurbano\/se-realiza-la-construccion-de-una-nueva-rotonda-en-trabajadores-e-ituzaingo\/"]}]},{"@type":"BreadcrumbList","@id":"https:\/\/experienciadevida.com.ar\/portalurbano\/se-realiza-la-construccion-de-una-nueva-rotonda-en-trabajadores-e-ituzaingo\/#breadcrumb","itemListElement":[{"@type":"ListItem","position":1,"name":"Portada","item":"https:\/\/experienciadevida.com.ar\/portalurbano\/"},{"@type":"ListItem","position":2,"name":"Se realiza la construcci\u00f3n de una nueva rotonda en Trabajadores e Ituzaing\u00f3"}]},{"@type":"WebSite","@id":"https:\/\/experienciadevida.com.ar\/portalurbano\/#website","url":"https:\/\/experienciadevida.com.ar\/portalurbano\/","name":"","description":"","publisher":{"@id":"https:\/\/experienciadevida.com.ar\/portalurbano\/#organization"},"potentialAction":[{"@type":"SearchAction","target":{"@type":"EntryPoint","urlTemplate":"https:\/\/experienciadevida.com.ar\/portalurbano\/?s={search_term_string}"},"query-input":"required name=search_term_string"}],"inLanguage":"es"},{"@type":"Organization","@id":"https:\/\/experienciadevida.com.ar\/portalurbano\/#organization","name":"Portal Urbano","url":"https:\/\/experienciadevida.com.ar\/portalurbano\/","logo":{"@type":"ImageObject","inLanguage":"es","@id":"https:\/\/experienciadevida.com.ar\/portalurbano\/#\/schema\/logo\/image\/","url":"https:\/\/experienciadevida.com.ar\/portalurbano\/wp-content\/uploads\/2019\/09\/Logo-Original.png","contentUrl":"https:\/\/experienciadevida.com.ar\/portalurbano\/wp-content\/uploads\/2019\/09\/Logo-Original.png","width":2236,"height":1216,"caption":"Portal Urbano"},"image":{"@id":"https:\/\/experienciadevida.com.ar\/portalurbano\/#\/schema\/logo\/image\/"},"sameAs":["https:\/\/www.facebook.com\/Portal-Urbano-171542830093757\/","https:\/\/twitter.com\/portalurbanook","https:\/\/www.instagram.com\/_portalurbano\/","https:\/\/www.youtube.com\/channel\/UCXhagIfszH8KxFiOok79zbA?view_as=subscriber"]},{"@type":"Person","@id":"https:\/\/experienciadevida.com.ar\/portalurbano\/#\/schema\/person\/02dd326b1c4b056e9cc972486934a3a7","name":"admpu17wp","image":{"@type":"ImageObject","inLanguage":"es","@id":"https:\/\/experienciadevida.com.ar\/portalurbano\/#\/schema\/person\/image\/","url":"https:\/\/secure.gravatar.com\/avatar\/830d4c57adaae6630765e449a6908047?s=96&d=mm&r=g","contentUrl":"https:\/\/secure.gravatar.com\/avatar\/830d4c57adaae6630765e449a6908047?s=96&d=mm&r=g","caption":"admpu17wp"}}]}},"featured_image_urls":{"full":["https:\/\/experienciadevida.com.ar\/portalurbano\/wp-content\/uploads\/2021\/06\/Se-realiza-la-construccion-de-e1624381546406.jpg",765,511,false],"thumbnail":["https:\/\/experienciadevida.com.ar\/portalurbano\/wp-content\/uploads\/2021\/06\/Se-realiza-la-construccion-de-150x150.jpg",150,150,true],"medium":["https:\/\/experienciadevida.com.ar\/portalurbano\/wp-content\/uploads\/2021\/06\/Se-realiza-la-construccion-de-300x201.jpg",300,201,true],"medium_large":["https:\/\/experienciadevida.com.ar\/portalurbano\/wp-content\/uploads\/2021\/06\/Se-realiza-la-construccion-de-768x513.jpg",640,428,true],"large":["https:\/\/experienciadevida.com.ar\/portalurbano\/wp-content\/uploads\/2021\/06\/Se-realiza-la-construccion-de-1024x684.jpg",640,428,true],"ug_big":["https:\/\/experienciadevida.com.ar\/portalurbano\/wp-content\/uploads\/2021\/06\/Se-realiza-la-construccion-de-768x513.jpg",768,513,true],"1536x1536":["https:\/\/experienciadevida.com.ar\/portalurbano\/wp-content\/uploads\/2021\/06\/Se-realiza-la-construccion-de-1536x1027.jpg",1536,1027,true],"2048x2048":["https:\/\/experienciadevida.com.ar\/portalurbano\/wp-content\/uploads\/2021\/06\/Se-realiza-la-construccion-de-2048x1369.jpg",2048,1369,true],"newsever-slider-full":["https:\/\/experienciadevida.com.ar\/portalurbano\/wp-content\/uploads\/2021\/06\/Se-realiza-la-construccion-de-e1624381546406.jpg",765,511,false],"newsever-featured":["https:\/\/experienciadevida.com.ar\/portalurbano\/wp-content\/uploads\/2021\/06\/Se-realiza-la-construccion-de-e1624381546406.jpg",765,511,false],"newsever-medium":["https:\/\/experienciadevida.com.ar\/portalurbano\/wp-content\/uploads\/2021\/06\/Se-realiza-la-construccion-de-e1624381546406.jpg",711,475,false],"web-stories-poster-portrait":["https:\/\/experienciadevida.com.ar\/portalurbano\/wp-content\/uploads\/2021\/06\/Se-realiza-la-construccion-de-e1624381546406.jpg",640,428,false],"web-stories-publisher-logo":["https:\/\/experienciadevida.com.ar\/portalurbano\/wp-content\/uploads\/2021\/06\/Se-realiza-la-construccion-de-e1624381546406.jpg",96,64,false],"web-stories-thumbnail":["https:\/\/experienciadevida.com.ar\/portalurbano\/wp-content\/uploads\/2021\/06\/Se-realiza-la-construccion-de-e1624381546406.jpg",150,100,false]},"author_info":{"display_name":"admpu17wp","author_link":"https:\/\/experienciadevida.com.ar\/portalurbano\/author\/admpu17wp\/"},"category_info":"<a href=\"https:\/\/experienciadevida.com.ar\/portalurbano\/category\/ciudad\/\" rel=\"category tag\">Ciudad<\/a> <a href=\"https:\/\/experienciadevida.com.ar\/portalurbano\/category\/destacadas\/\" rel=\"category tag\">Destacadas<\/a>","tag_info":"Destacadas","comment_count":"0","amp_enabled":true,"_links":{"self":[{"href":"https:\/\/experienciadevida.com.ar\/portalurbano\/wp-json\/wp\/v2\/posts\/145819"}],"collection":[{"href":"https:\/\/experienciadevida.com.ar\/portalurbano\/wp-json\/wp\/v2\/posts"}],"about":[{"href":"https:\/\/experienciadevida.com.ar\/portalurbano\/wp-json\/wp\/v2\/types\/post"}],"author":[{"embeddable":true,"href":"https:\/\/experienciadevida.com.ar\/portalurbano\/wp-json\/wp\/v2\/users\/1"}],"replies":[{"embeddable":true,"href":"https:\/\/experienciadevida.com.ar\/portalurbano\/wp-json\/wp\/v2\/comments?post=145819"}],"version-history":[{"count":4,"href":"https:\/\/experienciadevida.com.ar\/portalurbano\/wp-json\/wp\/v2\/posts\/145819\/revisions"}],"predecessor-version":[{"id":145825,"href":"https:\/\/experienciadevida.com.ar\/portalurbano\/wp-json\/wp\/v2\/posts\/145819\/revisions\/145825"}],"wp:featuredmedia":[{"embeddable":true,"href":"https:\/\/experienciadevida.com.ar\/portalurbano\/wp-json\/wp\/v2\/media\/145820"}],"wp:attachment":[{"href":"https:\/\/experienciadevida.com.ar\/portalurbano\/wp-json\/wp\/v2\/media?parent=145819"}],"wp:term":[{"taxonomy":"category","embeddable":true,"href":"https:\/\/experienciadevida.com.ar\/portalurbano\/wp-json\/wp\/v2\/categories?post=145819"},{"taxonomy":"post_tag","embeddable":true,"href":"https:\/\/experienciadevida.com.ar\/portalurbano\/wp-json\/wp\/v2\/tags?post=145819"}],"curies":[{"name":"wp","href":"https:\/\/api.w.org\/{rel}","templated":true}]}}