{"id":145803,"date":"2021-06-22T11:18:37","date_gmt":"2021-06-22T14:18:37","guid":{"rendered":"https:\/\/experienciadevida.com.ar\/portalurbano\/?p=145803"},"modified":"2021-06-22T11:20:58","modified_gmt":"2021-06-22T14:20:58","slug":"hacemos-visible-esa-mano-que-dan-vecinos-y-organizaciones-a-la-comunidad","status":"publish","type":"post","link":"https:\/\/experienciadevida.com.ar\/portalurbano\/hacemos-visible-esa-mano-que-dan-vecinos-y-organizaciones-a-la-comunidad\/","title":{"rendered":"\u201cHacemos visible esa mano que dan vecinos y organizaciones a la comunidad\u201d"},"content":{"rendered":"<p>\u201cHacemos visible esa mano que dan vecinos y organizaciones a la comunidad\u201d, fue la reflexi\u00f3n de Liz Herrera, coordinadora del Foro Social del Foro<br \/>\nOlavarr\u00eda, respecto al estreno del tercer cap\u00edtulo de \u201cPersonas que hacen\u201d. La serie re\u00fane la historia de vecinos y vecinas que aportan a la comunidad.<\/p>\n<p>Foro Olavarr\u00eda, espacio que lideran la Concejal In\u00e9s Creimer y el Concejal Eduardo <a href=\"https:\/\/www.facebook.com\/rodriguezolav\">Rodr\u00edguez<\/a>, estren\u00f3 el tercer cap\u00edtulo de \u201cPersonas que hacen\u201d, la<br \/>\nserie que re\u00fane la historia de vecinos y vecinas que aportan su ayuda a la comunidad. En esta oportunidad se da a conocer el relato de \u00c1ngela Parra,<br \/>\ncolaboradora de la Sociedad de Fomento Provincias Unidas.<\/p>\n<p>\u201cPersonas que hacen\u201d, la serie impulsada por el Foro Social del Foro Olavarr\u00eda, ya cuenta con su tercer cap\u00edtulo disponible en las redes sociales del Foro Olavarr\u00eda. Su producci\u00f3n estuvo a cargo del equipo conformado por Agust\u00edn Alfonzo, Gonzalo Cabri y Luis Donatelli.<\/p>\n<p>Liz Herrera, coordinadora del Foro Social del Foro Olavarr\u00eda, y Luis Donatelli, integrante del Foro Olavarr\u00eda, brindaron sus reflexiones acerca del espacio y el valor de visibilizar el accionar de vecinos y vecinas a trav\u00e9s de la serie. \u201c\u2018Personas que hacen\u2019 es el eje que orienta nuestra<br \/>\nactividad en el Foro Social\u201d, se\u00f1al\u00f3 la coordinadora Liz Herrera.<\/p>\n<p>&#8220;Hacemos visible esa mano que dan vecinos\u00a0 y organizaciones a la comunidad&#8221;, por su parte, Luis Donatelli aport\u00f3 que \u201cesta serie es una correlaci\u00f3n de lo que venimos trabajando dentro del Foro Olavarr\u00eda\u201d. El integrante del Foro Olavarr\u00eda, y que forma parte del equipo de producci\u00f3n de \u201cPersonas que hacen\u201d, precis\u00f3 que \u201cla idea es salir a la calle en busca de personas que hagan algo por su comunidad. Es una b\u00fasqueda para llegar a distintos<br \/>\nespacios y relatos\u201d. \u201cHacer este tipo de producciones significa poder visibilizar el aporte de muchas personas que trabajan desde la invisibilidad\u201d, concluy\u00f3.<\/p>\n<p>El Foro Social del Foro Olavarr\u00eda se trata de un espacio que atiende las necesidades concretas de vecinas y vecinos, mediante la articulaci\u00f3n con<br \/>\ndistintos organismos Nacionales y Provinciales, y en red con organizaciones sociales y el bloque de Concejales del Foro Olavarr\u00eda. La coordinadora del<br \/>\nForo Social, Liz Herrera, sostuvo que \u201cnuestra tarea es gestionar, operar como nexo, buscar la forma m\u00e1s directa para asistir al vecino con alguna<br \/>\nemergencia\u201d. Adem\u00e1s asegur\u00f3 que \u201cexisten los recursos para concretar estas acciones, nuestro objetivo es activar ese canal y concretar la respuesta\u201d.<\/p>\n<p>Para m\u00e1s informaci\u00f3n sobre las actividades del Foro Olavarr\u00eda acercarse a la Casa Eduardo \u201cChino\u201d Correa, emplazada en Belgrano 3222, de lunes a<br \/>\nviernes de 9 a 13 horas. O comunicarse a trav\u00e9s de las siguientes v\u00edas de contacto:<\/p>\n<p>E-mail: foroolavarria@gmail.com<br \/>\nWhatsApp: 2284 554873<br \/>\nP\u00e1gina web: www.foroolavarria.org<\/p>\n","protected":false},"excerpt":{"rendered":"<p>\u201cHacemos visible esa mano que dan vecinos y organizaciones a la comunidad\u201d, fue la reflexi\u00f3n&#8230;<\/p>\n","protected":false},"author":1,"featured_media":145804,"comment_status":"closed","ping_status":"closed","sticky":false,"template":"","format":"standard","meta":{"content-type":""},"categories":[27,51],"tags":[],"nelio_content":{"isAutoShareEnabled":false,"autoShareEndMode":"default","automationSources":{"useContentSentences":true,"useSocialTemplates":true,"useCustomSentences":false,"customSentences":[]},"followers":[1],"suggestedReferences":[],"includedReferences":[],"efiUrl":"","efiAlt":"","highlights":[]},"yoast_head":"<!-- This site is optimized with the Yoast SEO plugin v20.7 - https:\/\/yoast.com\/wordpress\/plugins\/seo\/ -->\n<title>&quot;Hacemos visible esa mano que dan vecinos y organizaciones sociales&quot;<\/title>\n<meta name=\"description\" content=\"\u201cHacemos visible esa mano que dan vecinos y organizaciones a la comunidad\u201d, fue la reflexi\u00f3n de Liz Herrera, coordinadora del Foro Social\" \/>\n<meta name=\"robots\" content=\"index, follow, max-snippet:-1, max-image-preview:large, max-video-preview:-1\" \/>\n<link rel=\"canonical\" href=\"https:\/\/experienciadevida.com.ar\/portalurbano\/hacemos-visible-esa-mano-que-dan-vecinos-y-organizaciones-a-la-comunidad\/\" \/>\n<meta property=\"og:locale\" content=\"es_ES\" \/>\n<meta property=\"og:type\" content=\"article\" \/>\n<meta property=\"og:title\" content=\"&quot;Hacemos visible esa mano que dan vecinos y organizaciones sociales&quot;\" \/>\n<meta property=\"og:description\" content=\"\u201cHacemos visible esa mano que dan vecinos y organizaciones a la comunidad\u201d, fue la reflexi\u00f3n de Liz Herrera, coordinadora del Foro Social\" \/>\n<meta property=\"og:url\" content=\"https:\/\/experienciadevida.com.ar\/portalurbano\/hacemos-visible-esa-mano-que-dan-vecinos-y-organizaciones-a-la-comunidad\/\" \/>\n<meta property=\"article:publisher\" content=\"https:\/\/www.facebook.com\/Portal-Urbano-171542830093757\/\" \/>\n<meta property=\"article:published_time\" content=\"2021-06-22T14:18:37+00:00\" \/>\n<meta property=\"article:modified_time\" content=\"2021-06-22T14:20:58+00:00\" \/>\n<meta property=\"og:image\" content=\"https:\/\/experienciadevida.com.ar\/portalurbano\/wp-content\/uploads\/2021\/06\/Hacemos-visible-esa-mano-que.jpg\" \/>\n\t<meta property=\"og:image:width\" content=\"636\" \/>\n\t<meta property=\"og:image:height\" content=\"497\" \/>\n\t<meta property=\"og:image:type\" content=\"image\/jpeg\" \/>\n<meta name=\"author\" content=\"admpu17wp\" \/>\n<meta name=\"twitter:card\" content=\"summary_large_image\" \/>\n<meta name=\"twitter:creator\" content=\"@portalurbanook\" \/>\n<meta name=\"twitter:site\" content=\"@portalurbanook\" \/>\n<meta name=\"twitter:label1\" content=\"Escrito por\" \/>\n\t<meta name=\"twitter:data1\" content=\"admpu17wp\" \/>\n\t<meta name=\"twitter:label2\" content=\"Tiempo de lectura\" \/>\n\t<meta name=\"twitter:data2\" content=\"2 minutos\" \/>\n<script type=\"application\/ld+json\" class=\"yoast-schema-graph\">{\"@context\":\"https:\/\/schema.org\",\"@graph\":[{\"@type\":\"Article\",\"@id\":\"https:\/\/experienciadevida.com.ar\/portalurbano\/hacemos-visible-esa-mano-que-dan-vecinos-y-organizaciones-a-la-comunidad\/#article\",\"isPartOf\":{\"@id\":\"https:\/\/experienciadevida.com.ar\/portalurbano\/hacemos-visible-esa-mano-que-dan-vecinos-y-organizaciones-a-la-comunidad\/\"},\"author\":{\"name\":\"admpu17wp\",\"@id\":\"https:\/\/experienciadevida.com.ar\/portalurbano\/#\/schema\/person\/02dd326b1c4b056e9cc972486934a3a7\"},\"headline\":\"\u201cHacemos visible esa mano que dan vecinos y organizaciones a la comunidad\u201d\",\"datePublished\":\"2021-06-22T14:18:37+00:00\",\"dateModified\":\"2021-06-22T14:20:58+00:00\",\"mainEntityOfPage\":{\"@id\":\"https:\/\/experienciadevida.com.ar\/portalurbano\/hacemos-visible-esa-mano-que-dan-vecinos-y-organizaciones-a-la-comunidad\/\"},\"wordCount\":489,\"publisher\":{\"@id\":\"https:\/\/experienciadevida.com.ar\/portalurbano\/#organization\"},\"articleSection\":[\"Ciudad\",\"Destacadas\"],\"inLanguage\":\"es\"},{\"@type\":\"WebPage\",\"@id\":\"https:\/\/experienciadevida.com.ar\/portalurbano\/hacemos-visible-esa-mano-que-dan-vecinos-y-organizaciones-a-la-comunidad\/\",\"url\":\"https:\/\/experienciadevida.com.ar\/portalurbano\/hacemos-visible-esa-mano-que-dan-vecinos-y-organizaciones-a-la-comunidad\/\",\"name\":\"\\\"Hacemos visible esa mano que dan vecinos y organizaciones sociales\\\"\",\"isPartOf\":{\"@id\":\"https:\/\/experienciadevida.com.ar\/portalurbano\/#website\"},\"datePublished\":\"2021-06-22T14:18:37+00:00\",\"dateModified\":\"2021-06-22T14:20:58+00:00\",\"description\":\"\u201cHacemos visible esa mano que dan vecinos y organizaciones a la comunidad\u201d, fue la reflexi\u00f3n de Liz Herrera, coordinadora del Foro Social\",\"breadcrumb\":{\"@id\":\"https:\/\/experienciadevida.com.ar\/portalurbano\/hacemos-visible-esa-mano-que-dan-vecinos-y-organizaciones-a-la-comunidad\/#breadcrumb\"},\"inLanguage\":\"es\",\"potentialAction\":[{\"@type\":\"ReadAction\",\"target\":[\"https:\/\/experienciadevida.com.ar\/portalurbano\/hacemos-visible-esa-mano-que-dan-vecinos-y-organizaciones-a-la-comunidad\/\"]}]},{\"@type\":\"BreadcrumbList\",\"@id\":\"https:\/\/experienciadevida.com.ar\/portalurbano\/hacemos-visible-esa-mano-que-dan-vecinos-y-organizaciones-a-la-comunidad\/#breadcrumb\",\"itemListElement\":[{\"@type\":\"ListItem\",\"position\":1,\"name\":\"Portada\",\"item\":\"https:\/\/experienciadevida.com.ar\/portalurbano\/\"},{\"@type\":\"ListItem\",\"position\":2,\"name\":\"\u201cHacemos visible esa mano que dan vecinos y organizaciones a la comunidad\u201d\"}]},{\"@type\":\"WebSite\",\"@id\":\"https:\/\/experienciadevida.com.ar\/portalurbano\/#website\",\"url\":\"https:\/\/experienciadevida.com.ar\/portalurbano\/\",\"name\":\"\",\"description\":\"\",\"publisher\":{\"@id\":\"https:\/\/experienciadevida.com.ar\/portalurbano\/#organization\"},\"potentialAction\":[{\"@type\":\"SearchAction\",\"target\":{\"@type\":\"EntryPoint\",\"urlTemplate\":\"https:\/\/experienciadevida.com.ar\/portalurbano\/?s={search_term_string}\"},\"query-input\":\"required name=search_term_string\"}],\"inLanguage\":\"es\"},{\"@type\":\"Organization\",\"@id\":\"https:\/\/experienciadevida.com.ar\/portalurbano\/#organization\",\"name\":\"Portal Urbano\",\"url\":\"https:\/\/experienciadevida.com.ar\/portalurbano\/\",\"logo\":{\"@type\":\"ImageObject\",\"inLanguage\":\"es\",\"@id\":\"https:\/\/experienciadevida.com.ar\/portalurbano\/#\/schema\/logo\/image\/\",\"url\":\"https:\/\/experienciadevida.com.ar\/portalurbano\/wp-content\/uploads\/2019\/09\/Logo-Original.png\",\"contentUrl\":\"https:\/\/experienciadevida.com.ar\/portalurbano\/wp-content\/uploads\/2019\/09\/Logo-Original.png\",\"width\":2236,\"height\":1216,\"caption\":\"Portal Urbano\"},\"image\":{\"@id\":\"https:\/\/experienciadevida.com.ar\/portalurbano\/#\/schema\/logo\/image\/\"},\"sameAs\":[\"https:\/\/www.facebook.com\/Portal-Urbano-171542830093757\/\",\"https:\/\/twitter.com\/portalurbanook\",\"https:\/\/www.instagram.com\/_portalurbano\/\",\"https:\/\/www.youtube.com\/channel\/UCXhagIfszH8KxFiOok79zbA?view_as=subscriber\"]},{\"@type\":\"Person\",\"@id\":\"https:\/\/experienciadevida.com.ar\/portalurbano\/#\/schema\/person\/02dd326b1c4b056e9cc972486934a3a7\",\"name\":\"admpu17wp\",\"image\":{\"@type\":\"ImageObject\",\"inLanguage\":\"es\",\"@id\":\"https:\/\/experienciadevida.com.ar\/portalurbano\/#\/schema\/person\/image\/\",\"url\":\"https:\/\/secure.gravatar.com\/avatar\/830d4c57adaae6630765e449a6908047?s=96&d=mm&r=g\",\"contentUrl\":\"https:\/\/secure.gravatar.com\/avatar\/830d4c57adaae6630765e449a6908047?s=96&d=mm&r=g\",\"caption\":\"admpu17wp\"}}]}<\/script>\n<!-- \/ Yoast SEO plugin. -->","yoast_head_json":{"title":"\"Hacemos visible esa mano que dan vecinos y organizaciones sociales\"","description":"\u201cHacemos visible esa mano que dan vecinos y organizaciones a la comunidad\u201d, fue la reflexi\u00f3n de Liz Herrera, coordinadora del Foro Social","robots":{"index":"index","follow":"follow","max-snippet":"max-snippet:-1","max-image-preview":"max-image-preview:large","max-video-preview":"max-video-preview:-1"},"canonical":"https:\/\/experienciadevida.com.ar\/portalurbano\/hacemos-visible-esa-mano-que-dan-vecinos-y-organizaciones-a-la-comunidad\/","og_locale":"es_ES","og_type":"article","og_title":"\"Hacemos visible esa mano que dan vecinos y organizaciones sociales\"","og_description":"\u201cHacemos visible esa mano que dan vecinos y organizaciones a la comunidad\u201d, fue la reflexi\u00f3n de Liz Herrera, coordinadora del Foro Social","og_url":"https:\/\/experienciadevida.com.ar\/portalurbano\/hacemos-visible-esa-mano-que-dan-vecinos-y-organizaciones-a-la-comunidad\/","article_publisher":"https:\/\/www.facebook.com\/Portal-Urbano-171542830093757\/","article_published_time":"2021-06-22T14:18:37+00:00","article_modified_time":"2021-06-22T14:20:58+00:00","og_image":[{"width":636,"height":497,"url":"https:\/\/experienciadevida.com.ar\/portalurbano\/wp-content\/uploads\/2021\/06\/Hacemos-visible-esa-mano-que.jpg","type":"image\/jpeg"}],"author":"admpu17wp","twitter_card":"summary_large_image","twitter_creator":"@portalurbanook","twitter_site":"@portalurbanook","twitter_misc":{"Escrito por":"admpu17wp","Tiempo de lectura":"2 minutos"},"schema":{"@context":"https:\/\/schema.org","@graph":[{"@type":"Article","@id":"https:\/\/experienciadevida.com.ar\/portalurbano\/hacemos-visible-esa-mano-que-dan-vecinos-y-organizaciones-a-la-comunidad\/#article","isPartOf":{"@id":"https:\/\/experienciadevida.com.ar\/portalurbano\/hacemos-visible-esa-mano-que-dan-vecinos-y-organizaciones-a-la-comunidad\/"},"author":{"name":"admpu17wp","@id":"https:\/\/experienciadevida.com.ar\/portalurbano\/#\/schema\/person\/02dd326b1c4b056e9cc972486934a3a7"},"headline":"\u201cHacemos visible esa mano que dan vecinos y organizaciones a la comunidad\u201d","datePublished":"2021-06-22T14:18:37+00:00","dateModified":"2021-06-22T14:20:58+00:00","mainEntityOfPage":{"@id":"https:\/\/experienciadevida.com.ar\/portalurbano\/hacemos-visible-esa-mano-que-dan-vecinos-y-organizaciones-a-la-comunidad\/"},"wordCount":489,"publisher":{"@id":"https:\/\/experienciadevida.com.ar\/portalurbano\/#organization"},"articleSection":["Ciudad","Destacadas"],"inLanguage":"es"},{"@type":"WebPage","@id":"https:\/\/experienciadevida.com.ar\/portalurbano\/hacemos-visible-esa-mano-que-dan-vecinos-y-organizaciones-a-la-comunidad\/","url":"https:\/\/experienciadevida.com.ar\/portalurbano\/hacemos-visible-esa-mano-que-dan-vecinos-y-organizaciones-a-la-comunidad\/","name":"\"Hacemos visible esa mano que dan vecinos y organizaciones sociales\"","isPartOf":{"@id":"https:\/\/experienciadevida.com.ar\/portalurbano\/#website"},"datePublished":"2021-06-22T14:18:37+00:00","dateModified":"2021-06-22T14:20:58+00:00","description":"\u201cHacemos visible esa mano que dan vecinos y organizaciones a la comunidad\u201d, fue la reflexi\u00f3n de Liz Herrera, coordinadora del Foro Social","breadcrumb":{"@id":"https:\/\/experienciadevida.com.ar\/portalurbano\/hacemos-visible-esa-mano-que-dan-vecinos-y-organizaciones-a-la-comunidad\/#breadcrumb"},"inLanguage":"es","potentialAction":[{"@type":"ReadAction","target":["https:\/\/experienciadevida.com.ar\/portalurbano\/hacemos-visible-esa-mano-que-dan-vecinos-y-organizaciones-a-la-comunidad\/"]}]},{"@type":"BreadcrumbList","@id":"https:\/\/experienciadevida.com.ar\/portalurbano\/hacemos-visible-esa-mano-que-dan-vecinos-y-organizaciones-a-la-comunidad\/#breadcrumb","itemListElement":[{"@type":"ListItem","position":1,"name":"Portada","item":"https:\/\/experienciadevida.com.ar\/portalurbano\/"},{"@type":"ListItem","position":2,"name":"\u201cHacemos visible esa mano que dan vecinos y organizaciones a la comunidad\u201d"}]},{"@type":"WebSite","@id":"https:\/\/experienciadevida.com.ar\/portalurbano\/#website","url":"https:\/\/experienciadevida.com.ar\/portalurbano\/","name":"","description":"","publisher":{"@id":"https:\/\/experienciadevida.com.ar\/portalurbano\/#organization"},"potentialAction":[{"@type":"SearchAction","target":{"@type":"EntryPoint","urlTemplate":"https:\/\/experienciadevida.com.ar\/portalurbano\/?s={search_term_string}"},"query-input":"required name=search_term_string"}],"inLanguage":"es"},{"@type":"Organization","@id":"https:\/\/experienciadevida.com.ar\/portalurbano\/#organization","name":"Portal Urbano","url":"https:\/\/experienciadevida.com.ar\/portalurbano\/","logo":{"@type":"ImageObject","inLanguage":"es","@id":"https:\/\/experienciadevida.com.ar\/portalurbano\/#\/schema\/logo\/image\/","url":"https:\/\/experienciadevida.com.ar\/portalurbano\/wp-content\/uploads\/2019\/09\/Logo-Original.png","contentUrl":"https:\/\/experienciadevida.com.ar\/portalurbano\/wp-content\/uploads\/2019\/09\/Logo-Original.png","width":2236,"height":1216,"caption":"Portal Urbano"},"image":{"@id":"https:\/\/experienciadevida.com.ar\/portalurbano\/#\/schema\/logo\/image\/"},"sameAs":["https:\/\/www.facebook.com\/Portal-Urbano-171542830093757\/","https:\/\/twitter.com\/portalurbanook","https:\/\/www.instagram.com\/_portalurbano\/","https:\/\/www.youtube.com\/channel\/UCXhagIfszH8KxFiOok79zbA?view_as=subscriber"]},{"@type":"Person","@id":"https:\/\/experienciadevida.com.ar\/portalurbano\/#\/schema\/person\/02dd326b1c4b056e9cc972486934a3a7","name":"admpu17wp","image":{"@type":"ImageObject","inLanguage":"es","@id":"https:\/\/experienciadevida.com.ar\/portalurbano\/#\/schema\/person\/image\/","url":"https:\/\/secure.gravatar.com\/avatar\/830d4c57adaae6630765e449a6908047?s=96&d=mm&r=g","contentUrl":"https:\/\/secure.gravatar.com\/avatar\/830d4c57adaae6630765e449a6908047?s=96&d=mm&r=g","caption":"admpu17wp"}}]}},"featured_image_urls":{"full":["https:\/\/experienciadevida.com.ar\/portalurbano\/wp-content\/uploads\/2021\/06\/Hacemos-visible-esa-mano-que.jpg",636,497,false],"thumbnail":["https:\/\/experienciadevida.com.ar\/portalurbano\/wp-content\/uploads\/2021\/06\/Hacemos-visible-esa-mano-que-150x150.jpg",150,150,true],"medium":["https:\/\/experienciadevida.com.ar\/portalurbano\/wp-content\/uploads\/2021\/06\/Hacemos-visible-esa-mano-que-300x234.jpg",300,234,true],"medium_large":["https:\/\/experienciadevida.com.ar\/portalurbano\/wp-content\/uploads\/2021\/06\/Hacemos-visible-esa-mano-que.jpg",636,497,false],"large":["https:\/\/experienciadevida.com.ar\/portalurbano\/wp-content\/uploads\/2021\/06\/Hacemos-visible-esa-mano-que.jpg",636,497,false],"ug_big":["https:\/\/experienciadevida.com.ar\/portalurbano\/wp-content\/uploads\/2021\/06\/Hacemos-visible-esa-mano-que.jpg",636,497,false],"1536x1536":["https:\/\/experienciadevida.com.ar\/portalurbano\/wp-content\/uploads\/2021\/06\/Hacemos-visible-esa-mano-que.jpg",636,497,false],"2048x2048":["https:\/\/experienciadevida.com.ar\/portalurbano\/wp-content\/uploads\/2021\/06\/Hacemos-visible-esa-mano-que.jpg",636,497,false],"newsever-slider-full":["https:\/\/experienciadevida.com.ar\/portalurbano\/wp-content\/uploads\/2021\/06\/Hacemos-visible-esa-mano-que.jpg",636,497,false],"newsever-featured":["https:\/\/experienciadevida.com.ar\/portalurbano\/wp-content\/uploads\/2021\/06\/Hacemos-visible-esa-mano-que.jpg",636,497,false],"newsever-medium":["https:\/\/experienciadevida.com.ar\/portalurbano\/wp-content\/uploads\/2021\/06\/Hacemos-visible-esa-mano-que.jpg",608,475,false],"web-stories-poster-portrait":["https:\/\/experienciadevida.com.ar\/portalurbano\/wp-content\/uploads\/2021\/06\/Hacemos-visible-esa-mano-que.jpg",636,497,false],"web-stories-publisher-logo":["https:\/\/experienciadevida.com.ar\/portalurbano\/wp-content\/uploads\/2021\/06\/Hacemos-visible-esa-mano-que.jpg",96,75,false],"web-stories-thumbnail":["https:\/\/experienciadevida.com.ar\/portalurbano\/wp-content\/uploads\/2021\/06\/Hacemos-visible-esa-mano-que.jpg",150,117,false]},"author_info":{"display_name":"admpu17wp","author_link":"https:\/\/experienciadevida.com.ar\/portalurbano\/author\/admpu17wp\/"},"category_info":"<a href=\"https:\/\/experienciadevida.com.ar\/portalurbano\/category\/ciudad\/\" rel=\"category tag\">Ciudad<\/a> <a href=\"https:\/\/experienciadevida.com.ar\/portalurbano\/category\/destacadas\/\" rel=\"category tag\">Destacadas<\/a>","tag_info":"Destacadas","comment_count":"0","amp_enabled":true,"_links":{"self":[{"href":"https:\/\/experienciadevida.com.ar\/portalurbano\/wp-json\/wp\/v2\/posts\/145803"}],"collection":[{"href":"https:\/\/experienciadevida.com.ar\/portalurbano\/wp-json\/wp\/v2\/posts"}],"about":[{"href":"https:\/\/experienciadevida.com.ar\/portalurbano\/wp-json\/wp\/v2\/types\/post"}],"author":[{"embeddable":true,"href":"https:\/\/experienciadevida.com.ar\/portalurbano\/wp-json\/wp\/v2\/users\/1"}],"replies":[{"embeddable":true,"href":"https:\/\/experienciadevida.com.ar\/portalurbano\/wp-json\/wp\/v2\/comments?post=145803"}],"version-history":[{"count":3,"href":"https:\/\/experienciadevida.com.ar\/portalurbano\/wp-json\/wp\/v2\/posts\/145803\/revisions"}],"predecessor-version":[{"id":145807,"href":"https:\/\/experienciadevida.com.ar\/portalurbano\/wp-json\/wp\/v2\/posts\/145803\/revisions\/145807"}],"wp:featuredmedia":[{"embeddable":true,"href":"https:\/\/experienciadevida.com.ar\/portalurbano\/wp-json\/wp\/v2\/media\/145804"}],"wp:attachment":[{"href":"https:\/\/experienciadevida.com.ar\/portalurbano\/wp-json\/wp\/v2\/media?parent=145803"}],"wp:term":[{"taxonomy":"category","embeddable":true,"href":"https:\/\/experienciadevida.com.ar\/portalurbano\/wp-json\/wp\/v2\/categories?post=145803"},{"taxonomy":"post_tag","embeddable":true,"href":"https:\/\/experienciadevida.com.ar\/portalurbano\/wp-json\/wp\/v2\/tags?post=145803"}],"curies":[{"name":"wp","href":"https:\/\/api.w.org\/{rel}","templated":true}]}}