{"id":145718,"date":"2021-06-21T10:12:19","date_gmt":"2021-06-21T13:12:19","guid":{"rendered":"https:\/\/experienciadevida.com.ar\/portalurbano\/?p=145718"},"modified":"2021-06-21T10:15:53","modified_gmt":"2021-06-21T13:15:53","slug":"dias-atras-se-realizo-la-visita-a-dirigentes-deportivos-y-fomentistas","status":"publish","type":"post","link":"https:\/\/experienciadevida.com.ar\/portalurbano\/dias-atras-se-realizo-la-visita-a-dirigentes-deportivos-y-fomentistas\/","title":{"rendered":"D\u00edas atr\u00e1s se realiz\u00f3 la visita a dirigentes deportivos y fomentistas"},"content":{"rendered":"<p>D\u00edas atr\u00e1s se realiz\u00f3 la visita a dirigentes deportivos y fomentistas, Laura Sequeira, Directora de Relaciones con la Comunidad del Municipio, se reuni\u00f3 con representantes de la comisi\u00f3n del Centro de Deportes Pueyrred\u00f3n, cuya principal actividad est\u00e1 vinculada al f\u00fatbol femenino de primera y reserva.<\/p>\n<p>Roberto Javier Cepeda y Cristian Macias dialogaron con Laura Sequeira sobre el pr\u00f3ximo objetivo de la instituci\u00f3n: tener su propia cancha de f\u00fatbol y su sede para poder ampliar actividades f\u00edsicas y sociales.<\/p>\n<p>Por otro lado, la Directora de Relaciones con la Comunidad visit\u00f3<br \/>\na la dirigente fomentista Pety Mapis, presidente de la Sociedad de Fomento \u201c12 de Octubre\u201d.<\/p>\n<p>\u201cPety es una mujer que nunca se cansa, es admirable la fortaleza que tiene, siempre est\u00e1 dispuesta a ayudar\u201d expres\u00f3 Sequeira.<\/p>\n<p><a href=\"https:\/\/experienciadevida.com.ar\/portalurbano\/dias-atras-se-realizo-la-visita-a-dirigentes-deportivos-y-fomentistas\/dias-atras-2\/\" rel=\"attachment wp-att-145721\"><img decoding=\"async\" class=\"alignnone size-large wp-image-145721\" src=\"https:\/\/experienciadevida.com.ar\/portalurbano\/wp-content\/uploads\/2021\/06\/Dias-atras-1024x768.jpeg\" alt=\"D\u00edas atr\u00e1s \" width=\"900\" height=\"675\" srcset=\"https:\/\/experienciadevida.com.ar\/portalurbano\/wp-content\/uploads\/2021\/06\/Dias-atras-1024x768.jpeg 1024w, https:\/\/experienciadevida.com.ar\/portalurbano\/wp-content\/uploads\/2021\/06\/Dias-atras-300x225.jpeg 300w, https:\/\/experienciadevida.com.ar\/portalurbano\/wp-content\/uploads\/2021\/06\/Dias-atras-768x576.jpeg 768w, https:\/\/experienciadevida.com.ar\/portalurbano\/wp-content\/uploads\/2021\/06\/Dias-atras.jpeg 1280w\" sizes=\"(max-width: 900px) 100vw, 900px\" \/><\/a><\/p>\n","protected":false},"excerpt":{"rendered":"<p>D\u00edas atr\u00e1s se realiz\u00f3 la visita a dirigentes deportivos y fomentistas, Laura Sequeira, Directora de&#8230;<\/p>\n","protected":false},"author":1,"featured_media":145719,"comment_status":"closed","ping_status":"closed","sticky":false,"template":"","format":"standard","meta":{"content-type":""},"categories":[27,64],"tags":[],"nelio_content":{"isAutoShareEnabled":false,"autoShareEndMode":"default","automationSources":{"useContentSentences":true,"useSocialTemplates":true,"useCustomSentences":false,"customSentences":[]},"followers":[1],"suggestedReferences":[],"includedReferences":[],"efiUrl":"","efiAlt":"","highlights":[]},"yoast_head":"<!-- This site is optimized with the Yoast SEO plugin v20.7 - https:\/\/yoast.com\/wordpress\/plugins\/seo\/ -->\n<title>D\u00edas atr\u00e1s se realiz\u00f3 la visita a dirigentes deportivos y fomentistas<\/title>\n<meta name=\"description\" content=\"D\u00edas atr\u00e1s se realiz\u00f3 la visita a dirigentes deportivos y fomentistas, Laura Sequeira, Directora de Relaciones con la Comunidad del Municipio\" \/>\n<meta name=\"robots\" content=\"index, follow, max-snippet:-1, max-image-preview:large, max-video-preview:-1\" \/>\n<link rel=\"canonical\" href=\"https:\/\/experienciadevida.com.ar\/portalurbano\/dias-atras-se-realizo-la-visita-a-dirigentes-deportivos-y-fomentistas\/\" \/>\n<meta property=\"og:locale\" content=\"es_ES\" \/>\n<meta property=\"og:type\" content=\"article\" \/>\n<meta property=\"og:title\" content=\"D\u00edas atr\u00e1s se realiz\u00f3 la visita a dirigentes deportivos y fomentistas\" \/>\n<meta property=\"og:description\" content=\"D\u00edas atr\u00e1s se realiz\u00f3 la visita a dirigentes deportivos y fomentistas, Laura Sequeira, Directora de Relaciones con la Comunidad del Municipio\" \/>\n<meta property=\"og:url\" content=\"https:\/\/experienciadevida.com.ar\/portalurbano\/dias-atras-se-realizo-la-visita-a-dirigentes-deportivos-y-fomentistas\/\" \/>\n<meta property=\"article:publisher\" content=\"https:\/\/www.facebook.com\/Portal-Urbano-171542830093757\/\" \/>\n<meta property=\"article:published_time\" content=\"2021-06-21T13:12:19+00:00\" \/>\n<meta property=\"article:modified_time\" content=\"2021-06-21T13:15:53+00:00\" \/>\n<meta property=\"og:image\" content=\"https:\/\/experienciadevida.com.ar\/portalurbano\/wp-content\/uploads\/2021\/06\/Dias-atras-se-realizo-la.jpeg\" \/>\n\t<meta property=\"og:image:width\" content=\"1280\" \/>\n\t<meta property=\"og:image:height\" content=\"960\" \/>\n\t<meta property=\"og:image:type\" content=\"image\/jpeg\" \/>\n<meta name=\"author\" content=\"admpu17wp\" \/>\n<meta name=\"twitter:card\" content=\"summary_large_image\" \/>\n<meta name=\"twitter:creator\" content=\"@portalurbanook\" \/>\n<meta name=\"twitter:site\" content=\"@portalurbanook\" \/>\n<meta name=\"twitter:label1\" content=\"Escrito por\" \/>\n\t<meta name=\"twitter:data1\" content=\"admpu17wp\" \/>\n\t<meta name=\"twitter:label2\" content=\"Tiempo de lectura\" \/>\n\t<meta name=\"twitter:data2\" content=\"1 minuto\" \/>\n<script type=\"application\/ld+json\" class=\"yoast-schema-graph\">{\"@context\":\"https:\/\/schema.org\",\"@graph\":[{\"@type\":\"Article\",\"@id\":\"https:\/\/experienciadevida.com.ar\/portalurbano\/dias-atras-se-realizo-la-visita-a-dirigentes-deportivos-y-fomentistas\/#article\",\"isPartOf\":{\"@id\":\"https:\/\/experienciadevida.com.ar\/portalurbano\/dias-atras-se-realizo-la-visita-a-dirigentes-deportivos-y-fomentistas\/\"},\"author\":{\"name\":\"admpu17wp\",\"@id\":\"https:\/\/experienciadevida.com.ar\/portalurbano\/#\/schema\/person\/02dd326b1c4b056e9cc972486934a3a7\"},\"headline\":\"D\u00edas atr\u00e1s se realiz\u00f3 la visita a dirigentes deportivos y fomentistas\",\"datePublished\":\"2021-06-21T13:12:19+00:00\",\"dateModified\":\"2021-06-21T13:15:53+00:00\",\"mainEntityOfPage\":{\"@id\":\"https:\/\/experienciadevida.com.ar\/portalurbano\/dias-atras-se-realizo-la-visita-a-dirigentes-deportivos-y-fomentistas\/\"},\"wordCount\":146,\"publisher\":{\"@id\":\"https:\/\/experienciadevida.com.ar\/portalurbano\/#organization\"},\"articleSection\":[\"Ciudad\",\"Destacadas 2\"],\"inLanguage\":\"es\"},{\"@type\":\"WebPage\",\"@id\":\"https:\/\/experienciadevida.com.ar\/portalurbano\/dias-atras-se-realizo-la-visita-a-dirigentes-deportivos-y-fomentistas\/\",\"url\":\"https:\/\/experienciadevida.com.ar\/portalurbano\/dias-atras-se-realizo-la-visita-a-dirigentes-deportivos-y-fomentistas\/\",\"name\":\"D\u00edas atr\u00e1s se realiz\u00f3 la visita a dirigentes deportivos y fomentistas\",\"isPartOf\":{\"@id\":\"https:\/\/experienciadevida.com.ar\/portalurbano\/#website\"},\"datePublished\":\"2021-06-21T13:12:19+00:00\",\"dateModified\":\"2021-06-21T13:15:53+00:00\",\"description\":\"D\u00edas atr\u00e1s se realiz\u00f3 la visita a dirigentes deportivos y fomentistas, Laura Sequeira, Directora de Relaciones con la Comunidad del Municipio\",\"breadcrumb\":{\"@id\":\"https:\/\/experienciadevida.com.ar\/portalurbano\/dias-atras-se-realizo-la-visita-a-dirigentes-deportivos-y-fomentistas\/#breadcrumb\"},\"inLanguage\":\"es\",\"potentialAction\":[{\"@type\":\"ReadAction\",\"target\":[\"https:\/\/experienciadevida.com.ar\/portalurbano\/dias-atras-se-realizo-la-visita-a-dirigentes-deportivos-y-fomentistas\/\"]}]},{\"@type\":\"BreadcrumbList\",\"@id\":\"https:\/\/experienciadevida.com.ar\/portalurbano\/dias-atras-se-realizo-la-visita-a-dirigentes-deportivos-y-fomentistas\/#breadcrumb\",\"itemListElement\":[{\"@type\":\"ListItem\",\"position\":1,\"name\":\"Portada\",\"item\":\"https:\/\/experienciadevida.com.ar\/portalurbano\/\"},{\"@type\":\"ListItem\",\"position\":2,\"name\":\"D\u00edas atr\u00e1s se realiz\u00f3 la visita a dirigentes deportivos y fomentistas\"}]},{\"@type\":\"WebSite\",\"@id\":\"https:\/\/experienciadevida.com.ar\/portalurbano\/#website\",\"url\":\"https:\/\/experienciadevida.com.ar\/portalurbano\/\",\"name\":\"\",\"description\":\"\",\"publisher\":{\"@id\":\"https:\/\/experienciadevida.com.ar\/portalurbano\/#organization\"},\"potentialAction\":[{\"@type\":\"SearchAction\",\"target\":{\"@type\":\"EntryPoint\",\"urlTemplate\":\"https:\/\/experienciadevida.com.ar\/portalurbano\/?s={search_term_string}\"},\"query-input\":\"required name=search_term_string\"}],\"inLanguage\":\"es\"},{\"@type\":\"Organization\",\"@id\":\"https:\/\/experienciadevida.com.ar\/portalurbano\/#organization\",\"name\":\"Portal Urbano\",\"url\":\"https:\/\/experienciadevida.com.ar\/portalurbano\/\",\"logo\":{\"@type\":\"ImageObject\",\"inLanguage\":\"es\",\"@id\":\"https:\/\/experienciadevida.com.ar\/portalurbano\/#\/schema\/logo\/image\/\",\"url\":\"https:\/\/experienciadevida.com.ar\/portalurbano\/wp-content\/uploads\/2019\/09\/Logo-Original.png\",\"contentUrl\":\"https:\/\/experienciadevida.com.ar\/portalurbano\/wp-content\/uploads\/2019\/09\/Logo-Original.png\",\"width\":2236,\"height\":1216,\"caption\":\"Portal Urbano\"},\"image\":{\"@id\":\"https:\/\/experienciadevida.com.ar\/portalurbano\/#\/schema\/logo\/image\/\"},\"sameAs\":[\"https:\/\/www.facebook.com\/Portal-Urbano-171542830093757\/\",\"https:\/\/twitter.com\/portalurbanook\",\"https:\/\/www.instagram.com\/_portalurbano\/\",\"https:\/\/www.youtube.com\/channel\/UCXhagIfszH8KxFiOok79zbA?view_as=subscriber\"]},{\"@type\":\"Person\",\"@id\":\"https:\/\/experienciadevida.com.ar\/portalurbano\/#\/schema\/person\/02dd326b1c4b056e9cc972486934a3a7\",\"name\":\"admpu17wp\",\"image\":{\"@type\":\"ImageObject\",\"inLanguage\":\"es\",\"@id\":\"https:\/\/experienciadevida.com.ar\/portalurbano\/#\/schema\/person\/image\/\",\"url\":\"https:\/\/secure.gravatar.com\/avatar\/830d4c57adaae6630765e449a6908047?s=96&d=mm&r=g\",\"contentUrl\":\"https:\/\/secure.gravatar.com\/avatar\/830d4c57adaae6630765e449a6908047?s=96&d=mm&r=g\",\"caption\":\"admpu17wp\"}}]}<\/script>\n<!-- \/ Yoast SEO plugin. -->","yoast_head_json":{"title":"D\u00edas atr\u00e1s se realiz\u00f3 la visita a dirigentes deportivos y fomentistas","description":"D\u00edas atr\u00e1s se realiz\u00f3 la visita a dirigentes deportivos y fomentistas, Laura Sequeira, Directora de Relaciones con la Comunidad del Municipio","robots":{"index":"index","follow":"follow","max-snippet":"max-snippet:-1","max-image-preview":"max-image-preview:large","max-video-preview":"max-video-preview:-1"},"canonical":"https:\/\/experienciadevida.com.ar\/portalurbano\/dias-atras-se-realizo-la-visita-a-dirigentes-deportivos-y-fomentistas\/","og_locale":"es_ES","og_type":"article","og_title":"D\u00edas atr\u00e1s se realiz\u00f3 la visita a dirigentes deportivos y fomentistas","og_description":"D\u00edas atr\u00e1s se realiz\u00f3 la visita a dirigentes deportivos y fomentistas, Laura Sequeira, Directora de Relaciones con la Comunidad del Municipio","og_url":"https:\/\/experienciadevida.com.ar\/portalurbano\/dias-atras-se-realizo-la-visita-a-dirigentes-deportivos-y-fomentistas\/","article_publisher":"https:\/\/www.facebook.com\/Portal-Urbano-171542830093757\/","article_published_time":"2021-06-21T13:12:19+00:00","article_modified_time":"2021-06-21T13:15:53+00:00","og_image":[{"width":1280,"height":960,"url":"https:\/\/experienciadevida.com.ar\/portalurbano\/wp-content\/uploads\/2021\/06\/Dias-atras-se-realizo-la.jpeg","type":"image\/jpeg"}],"author":"admpu17wp","twitter_card":"summary_large_image","twitter_creator":"@portalurbanook","twitter_site":"@portalurbanook","twitter_misc":{"Escrito por":"admpu17wp","Tiempo de lectura":"1 minuto"},"schema":{"@context":"https:\/\/schema.org","@graph":[{"@type":"Article","@id":"https:\/\/experienciadevida.com.ar\/portalurbano\/dias-atras-se-realizo-la-visita-a-dirigentes-deportivos-y-fomentistas\/#article","isPartOf":{"@id":"https:\/\/experienciadevida.com.ar\/portalurbano\/dias-atras-se-realizo-la-visita-a-dirigentes-deportivos-y-fomentistas\/"},"author":{"name":"admpu17wp","@id":"https:\/\/experienciadevida.com.ar\/portalurbano\/#\/schema\/person\/02dd326b1c4b056e9cc972486934a3a7"},"headline":"D\u00edas atr\u00e1s se realiz\u00f3 la visita a dirigentes deportivos y fomentistas","datePublished":"2021-06-21T13:12:19+00:00","dateModified":"2021-06-21T13:15:53+00:00","mainEntityOfPage":{"@id":"https:\/\/experienciadevida.com.ar\/portalurbano\/dias-atras-se-realizo-la-visita-a-dirigentes-deportivos-y-fomentistas\/"},"wordCount":146,"publisher":{"@id":"https:\/\/experienciadevida.com.ar\/portalurbano\/#organization"},"articleSection":["Ciudad","Destacadas 2"],"inLanguage":"es"},{"@type":"WebPage","@id":"https:\/\/experienciadevida.com.ar\/portalurbano\/dias-atras-se-realizo-la-visita-a-dirigentes-deportivos-y-fomentistas\/","url":"https:\/\/experienciadevida.com.ar\/portalurbano\/dias-atras-se-realizo-la-visita-a-dirigentes-deportivos-y-fomentistas\/","name":"D\u00edas atr\u00e1s se realiz\u00f3 la visita a dirigentes deportivos y fomentistas","isPartOf":{"@id":"https:\/\/experienciadevida.com.ar\/portalurbano\/#website"},"datePublished":"2021-06-21T13:12:19+00:00","dateModified":"2021-06-21T13:15:53+00:00","description":"D\u00edas atr\u00e1s se realiz\u00f3 la visita a dirigentes deportivos y fomentistas, Laura Sequeira, Directora de Relaciones con la Comunidad del Municipio","breadcrumb":{"@id":"https:\/\/experienciadevida.com.ar\/portalurbano\/dias-atras-se-realizo-la-visita-a-dirigentes-deportivos-y-fomentistas\/#breadcrumb"},"inLanguage":"es","potentialAction":[{"@type":"ReadAction","target":["https:\/\/experienciadevida.com.ar\/portalurbano\/dias-atras-se-realizo-la-visita-a-dirigentes-deportivos-y-fomentistas\/"]}]},{"@type":"BreadcrumbList","@id":"https:\/\/experienciadevida.com.ar\/portalurbano\/dias-atras-se-realizo-la-visita-a-dirigentes-deportivos-y-fomentistas\/#breadcrumb","itemListElement":[{"@type":"ListItem","position":1,"name":"Portada","item":"https:\/\/experienciadevida.com.ar\/portalurbano\/"},{"@type":"ListItem","position":2,"name":"D\u00edas atr\u00e1s se realiz\u00f3 la visita a dirigentes deportivos y fomentistas"}]},{"@type":"WebSite","@id":"https:\/\/experienciadevida.com.ar\/portalurbano\/#website","url":"https:\/\/experienciadevida.com.ar\/portalurbano\/","name":"","description":"","publisher":{"@id":"https:\/\/experienciadevida.com.ar\/portalurbano\/#organization"},"potentialAction":[{"@type":"SearchAction","target":{"@type":"EntryPoint","urlTemplate":"https:\/\/experienciadevida.com.ar\/portalurbano\/?s={search_term_string}"},"query-input":"required name=search_term_string"}],"inLanguage":"es"},{"@type":"Organization","@id":"https:\/\/experienciadevida.com.ar\/portalurbano\/#organization","name":"Portal Urbano","url":"https:\/\/experienciadevida.com.ar\/portalurbano\/","logo":{"@type":"ImageObject","inLanguage":"es","@id":"https:\/\/experienciadevida.com.ar\/portalurbano\/#\/schema\/logo\/image\/","url":"https:\/\/experienciadevida.com.ar\/portalurbano\/wp-content\/uploads\/2019\/09\/Logo-Original.png","contentUrl":"https:\/\/experienciadevida.com.ar\/portalurbano\/wp-content\/uploads\/2019\/09\/Logo-Original.png","width":2236,"height":1216,"caption":"Portal Urbano"},"image":{"@id":"https:\/\/experienciadevida.com.ar\/portalurbano\/#\/schema\/logo\/image\/"},"sameAs":["https:\/\/www.facebook.com\/Portal-Urbano-171542830093757\/","https:\/\/twitter.com\/portalurbanook","https:\/\/www.instagram.com\/_portalurbano\/","https:\/\/www.youtube.com\/channel\/UCXhagIfszH8KxFiOok79zbA?view_as=subscriber"]},{"@type":"Person","@id":"https:\/\/experienciadevida.com.ar\/portalurbano\/#\/schema\/person\/02dd326b1c4b056e9cc972486934a3a7","name":"admpu17wp","image":{"@type":"ImageObject","inLanguage":"es","@id":"https:\/\/experienciadevida.com.ar\/portalurbano\/#\/schema\/person\/image\/","url":"https:\/\/secure.gravatar.com\/avatar\/830d4c57adaae6630765e449a6908047?s=96&d=mm&r=g","contentUrl":"https:\/\/secure.gravatar.com\/avatar\/830d4c57adaae6630765e449a6908047?s=96&d=mm&r=g","caption":"admpu17wp"}}]}},"featured_image_urls":{"full":["https:\/\/experienciadevida.com.ar\/portalurbano\/wp-content\/uploads\/2021\/06\/Dias-atras-se-realizo-la.jpeg",1280,960,false],"thumbnail":["https:\/\/experienciadevida.com.ar\/portalurbano\/wp-content\/uploads\/2021\/06\/Dias-atras-se-realizo-la-150x150.jpeg",150,150,true],"medium":["https:\/\/experienciadevida.com.ar\/portalurbano\/wp-content\/uploads\/2021\/06\/Dias-atras-se-realizo-la-300x225.jpeg",300,225,true],"medium_large":["https:\/\/experienciadevida.com.ar\/portalurbano\/wp-content\/uploads\/2021\/06\/Dias-atras-se-realizo-la-768x576.jpeg",640,480,true],"large":["https:\/\/experienciadevida.com.ar\/portalurbano\/wp-content\/uploads\/2021\/06\/Dias-atras-se-realizo-la-1024x768.jpeg",640,480,true],"ug_big":["https:\/\/experienciadevida.com.ar\/portalurbano\/wp-content\/uploads\/2021\/06\/Dias-atras-se-realizo-la-768x576.jpeg",768,576,true],"1536x1536":["https:\/\/experienciadevida.com.ar\/portalurbano\/wp-content\/uploads\/2021\/06\/Dias-atras-se-realizo-la.jpeg",1280,960,false],"2048x2048":["https:\/\/experienciadevida.com.ar\/portalurbano\/wp-content\/uploads\/2021\/06\/Dias-atras-se-realizo-la.jpeg",1280,960,false],"newsever-slider-full":["https:\/\/experienciadevida.com.ar\/portalurbano\/wp-content\/uploads\/2021\/06\/Dias-atras-se-realizo-la.jpeg",1127,845,false],"newsever-featured":["https:\/\/experienciadevida.com.ar\/portalurbano\/wp-content\/uploads\/2021\/06\/Dias-atras-se-realizo-la.jpeg",1024,768,false],"newsever-medium":["https:\/\/experienciadevida.com.ar\/portalurbano\/wp-content\/uploads\/2021\/06\/Dias-atras-se-realizo-la.jpeg",633,475,false],"web-stories-poster-portrait":["https:\/\/experienciadevida.com.ar\/portalurbano\/wp-content\/uploads\/2021\/06\/Dias-atras-se-realizo-la.jpeg",640,480,false],"web-stories-publisher-logo":["https:\/\/experienciadevida.com.ar\/portalurbano\/wp-content\/uploads\/2021\/06\/Dias-atras-se-realizo-la.jpeg",96,72,false],"web-stories-thumbnail":["https:\/\/experienciadevida.com.ar\/portalurbano\/wp-content\/uploads\/2021\/06\/Dias-atras-se-realizo-la.jpeg",150,113,false]},"author_info":{"display_name":"admpu17wp","author_link":"https:\/\/experienciadevida.com.ar\/portalurbano\/author\/admpu17wp\/"},"category_info":"<a href=\"https:\/\/experienciadevida.com.ar\/portalurbano\/category\/ciudad\/\" rel=\"category tag\">Ciudad<\/a> <a href=\"https:\/\/experienciadevida.com.ar\/portalurbano\/category\/destacadas-2\/\" rel=\"category tag\">Destacadas 2<\/a>","tag_info":"Destacadas 2","comment_count":"0","amp_enabled":true,"_links":{"self":[{"href":"https:\/\/experienciadevida.com.ar\/portalurbano\/wp-json\/wp\/v2\/posts\/145718"}],"collection":[{"href":"https:\/\/experienciadevida.com.ar\/portalurbano\/wp-json\/wp\/v2\/posts"}],"about":[{"href":"https:\/\/experienciadevida.com.ar\/portalurbano\/wp-json\/wp\/v2\/types\/post"}],"author":[{"embeddable":true,"href":"https:\/\/experienciadevida.com.ar\/portalurbano\/wp-json\/wp\/v2\/users\/1"}],"replies":[{"embeddable":true,"href":"https:\/\/experienciadevida.com.ar\/portalurbano\/wp-json\/wp\/v2\/comments?post=145718"}],"version-history":[{"count":2,"href":"https:\/\/experienciadevida.com.ar\/portalurbano\/wp-json\/wp\/v2\/posts\/145718\/revisions"}],"predecessor-version":[{"id":145722,"href":"https:\/\/experienciadevida.com.ar\/portalurbano\/wp-json\/wp\/v2\/posts\/145718\/revisions\/145722"}],"wp:featuredmedia":[{"embeddable":true,"href":"https:\/\/experienciadevida.com.ar\/portalurbano\/wp-json\/wp\/v2\/media\/145719"}],"wp:attachment":[{"href":"https:\/\/experienciadevida.com.ar\/portalurbano\/wp-json\/wp\/v2\/media?parent=145718"}],"wp:term":[{"taxonomy":"category","embeddable":true,"href":"https:\/\/experienciadevida.com.ar\/portalurbano\/wp-json\/wp\/v2\/categories?post=145718"},{"taxonomy":"post_tag","embeddable":true,"href":"https:\/\/experienciadevida.com.ar\/portalurbano\/wp-json\/wp\/v2\/tags?post=145718"}],"curies":[{"name":"wp","href":"https:\/\/api.w.org\/{rel}","templated":true}]}}