{"id":145682,"date":"2021-06-20T11:48:36","date_gmt":"2021-06-20T14:48:36","guid":{"rendered":"https:\/\/experienciadevida.com.ar\/portalurbano\/?p=145682"},"modified":"2021-06-20T11:51:24","modified_gmt":"2021-06-20T14:51:24","slug":"el-intendente-galli-encabezo-el-acto-por-el-dia-de-la-bandera","status":"publish","type":"post","link":"https:\/\/experienciadevida.com.ar\/portalurbano\/el-intendente-galli-encabezo-el-acto-por-el-dia-de-la-bandera\/","title":{"rendered":"El intendente Galli encabez\u00f3 el acto por el D\u00eda de la Bandera"},"content":{"rendered":"<p>El intendente Galli encabez\u00f3 el acto por el D\u00eda de la Bandera, fue en la ma\u00f1ana de este domingo se desarroll\u00f3 el acto por el D\u00eda de la Bandera. Con cita en la Plaza Belgrano, la conmemoraci\u00f3n fue organizada por vecinos\/as del barrio San Vicente, Asociaci\u00f3n Cultural Belgraniana y la Municipalidad del Partido de Olavarr\u00eda.<\/p>\n<p>Cont\u00f3 con la presencia del intendente Ezequiel <a href=\"https:\/\/www.facebook.com\/galliezequiel\">Galli<\/a>, el presidente del HCD Bruno Cenizo, el presidente del Instituto Nacional Belgraniano Manuel Belgrano, el Teniente Coronel Cristian Castellanos del Regimiento de Caballer\u00eda de Tanques II, la capitana Victoria Harasimowich del Escuadr\u00f3n de Igenieros Blindados I.<\/p>\n<p>El Intendente Galli encabez\u00f3 el acto por el d\u00eda de la bandera, Tambi\u00e9n estuvieron los secretarios de Gobierno Hilario Galli y de Desarrollo Humano y Calidad de Vida Diego Robbiani, el presidente de la Asociaci\u00f3n Cultural Sanmartiniana H\u00e9ctor Hoyos, Agrupaci\u00f3n Veteranos de Guerra \u201c2 de Abril\u201d, la Uni\u00f3n Nacional de Soldados Continentales Olavarr\u00eda, la directora del Colegio Estrada Ana Clara Venier y la comunidad del barrio San Vicente.<\/p>\n<p>El acto comenz\u00f3 con la entonaci\u00f3n de las estrofas del Himno Nacional Argentino y la invocaci\u00f3n religiosa a cargo del Presb\u00edtero Estanislao Fari\u00f1a.<\/p>\n<p>Luego se procedi\u00f3 a la colocaci\u00f3n de palmas al pie del monumento. El intendente Galli junto al Lic. Manuel Belgrano fueron quienes lo hicieron en primer lugar, luego colocaron ofrenda Patricia Solle de Bonavetti acompa\u00f1ada por Anah\u00ed Grande.<\/p>\n<p>Para culminar, Pablo Yaquemet comparti\u00f3 una poes\u00eda y el acto culmin\u00f3 con la entonaci\u00f3n de \u201cMi Bandera\u201d.<\/p>\n<p><a href=\"https:\/\/experienciadevida.com.ar\/portalurbano\/el-intendente-galli-encabezo-el-acto-por-el-dia-de-la-bandera\/el-intendente-galli-2\/\" rel=\"attachment wp-att-145686\"><img decoding=\"async\" class=\"alignnone size-full wp-image-145686\" src=\"https:\/\/experienciadevida.com.ar\/portalurbano\/wp-content\/uploads\/2021\/06\/El-Intendente-Galli.jpeg\" alt=\"El Intendente Galli \" width=\"1024\" height=\"768\" srcset=\"https:\/\/experienciadevida.com.ar\/portalurbano\/wp-content\/uploads\/2021\/06\/El-Intendente-Galli.jpeg 1024w, https:\/\/experienciadevida.com.ar\/portalurbano\/wp-content\/uploads\/2021\/06\/El-Intendente-Galli-300x225.jpeg 300w, https:\/\/experienciadevida.com.ar\/portalurbano\/wp-content\/uploads\/2021\/06\/El-Intendente-Galli-768x576.jpeg 768w\" sizes=\"(max-width: 1024px) 100vw, 1024px\" \/><\/a><\/p>\n<p><a href=\"https:\/\/experienciadevida.com.ar\/portalurbano\/el-intendente-galli-encabezo-el-acto-por-el-dia-de-la-bandera\/encabezo-el\/\" rel=\"attachment wp-att-145687\"><img decoding=\"async\" class=\"alignnone size-full wp-image-145687\" src=\"https:\/\/experienciadevida.com.ar\/portalurbano\/wp-content\/uploads\/2021\/06\/encabezo-el.jpeg\" alt=\"encabez\u00f3 el \" width=\"1024\" height=\"768\" srcset=\"https:\/\/experienciadevida.com.ar\/portalurbano\/wp-content\/uploads\/2021\/06\/encabezo-el.jpeg 1024w, https:\/\/experienciadevida.com.ar\/portalurbano\/wp-content\/uploads\/2021\/06\/encabezo-el-300x225.jpeg 300w, https:\/\/experienciadevida.com.ar\/portalurbano\/wp-content\/uploads\/2021\/06\/encabezo-el-768x576.jpeg 768w\" sizes=\"(max-width: 1024px) 100vw, 1024px\" \/><\/a><\/p>\n<p><a href=\"https:\/\/experienciadevida.com.ar\/portalurbano\/el-intendente-galli-encabezo-el-acto-por-el-dia-de-la-bandera\/el-intendente-5\/\" rel=\"attachment wp-att-145688\"><img decoding=\"async\" class=\"alignnone size-full wp-image-145688\" src=\"https:\/\/experienciadevida.com.ar\/portalurbano\/wp-content\/uploads\/2021\/06\/El-Intendente.jpeg\" alt=\"El Intendente \" width=\"1024\" height=\"768\" srcset=\"https:\/\/experienciadevida.com.ar\/portalurbano\/wp-content\/uploads\/2021\/06\/El-Intendente.jpeg 1024w, https:\/\/experienciadevida.com.ar\/portalurbano\/wp-content\/uploads\/2021\/06\/El-Intendente-300x225.jpeg 300w, https:\/\/experienciadevida.com.ar\/portalurbano\/wp-content\/uploads\/2021\/06\/El-Intendente-768x576.jpeg 768w\" sizes=\"(max-width: 1024px) 100vw, 1024px\" \/><\/a><\/p>\n","protected":false},"excerpt":{"rendered":"<p>El intendente Galli encabez\u00f3 el acto por el D\u00eda de la Bandera, fue en la&#8230;<\/p>\n","protected":false},"author":1,"featured_media":145683,"comment_status":"closed","ping_status":"closed","sticky":false,"template":"","format":"standard","meta":{"content-type":""},"categories":[27,64],"tags":[],"nelio_content":{"isAutoShareEnabled":false,"autoShareEndMode":"default","automationSources":{"useContentSentences":true,"useSocialTemplates":true,"useCustomSentences":false,"customSentences":[]},"followers":[1],"suggestedReferences":[],"includedReferences":[],"efiUrl":"","efiAlt":"","highlights":[]},"yoast_head":"<!-- This site is optimized with the Yoast SEO plugin v20.7 - https:\/\/yoast.com\/wordpress\/plugins\/seo\/ -->\n<title>El Intendente Galli encabez\u00f3 el acto por el d\u00eda de la bandera<\/title>\n<meta name=\"description\" content=\"El intendente Galli encabez\u00f3 el acto por el D\u00eda de la Bandera, fue en la ma\u00f1ana de este domingo se desarroll\u00f3 el acto por el D\u00eda de Bandera\" \/>\n<meta name=\"robots\" content=\"index, follow, max-snippet:-1, max-image-preview:large, max-video-preview:-1\" \/>\n<link rel=\"canonical\" href=\"https:\/\/experienciadevida.com.ar\/portalurbano\/el-intendente-galli-encabezo-el-acto-por-el-dia-de-la-bandera\/\" \/>\n<meta property=\"og:locale\" content=\"es_ES\" \/>\n<meta property=\"og:type\" content=\"article\" \/>\n<meta property=\"og:title\" content=\"El Intendente Galli encabez\u00f3 el acto por el d\u00eda de la bandera\" \/>\n<meta property=\"og:description\" content=\"El intendente Galli encabez\u00f3 el acto por el D\u00eda de la Bandera, fue en la ma\u00f1ana de este domingo se desarroll\u00f3 el acto por el D\u00eda de Bandera\" \/>\n<meta property=\"og:url\" content=\"https:\/\/experienciadevida.com.ar\/portalurbano\/el-intendente-galli-encabezo-el-acto-por-el-dia-de-la-bandera\/\" \/>\n<meta property=\"article:publisher\" content=\"https:\/\/www.facebook.com\/Portal-Urbano-171542830093757\/\" \/>\n<meta property=\"article:published_time\" content=\"2021-06-20T14:48:36+00:00\" \/>\n<meta property=\"article:modified_time\" content=\"2021-06-20T14:51:24+00:00\" \/>\n<meta property=\"og:image\" content=\"https:\/\/experienciadevida.com.ar\/portalurbano\/wp-content\/uploads\/2021\/06\/El-intendente-Galli-encabezo-el.jpeg\" \/>\n\t<meta property=\"og:image:width\" content=\"1024\" \/>\n\t<meta property=\"og:image:height\" content=\"768\" \/>\n\t<meta property=\"og:image:type\" content=\"image\/jpeg\" \/>\n<meta name=\"author\" content=\"admpu17wp\" \/>\n<meta name=\"twitter:card\" content=\"summary_large_image\" \/>\n<meta name=\"twitter:creator\" content=\"@portalurbanook\" \/>\n<meta name=\"twitter:site\" content=\"@portalurbanook\" \/>\n<meta name=\"twitter:label1\" content=\"Escrito por\" \/>\n\t<meta name=\"twitter:data1\" content=\"admpu17wp\" \/>\n\t<meta name=\"twitter:label2\" content=\"Tiempo de lectura\" \/>\n\t<meta name=\"twitter:data2\" content=\"2 minutos\" \/>\n<script type=\"application\/ld+json\" class=\"yoast-schema-graph\">{\"@context\":\"https:\/\/schema.org\",\"@graph\":[{\"@type\":\"Article\",\"@id\":\"https:\/\/experienciadevida.com.ar\/portalurbano\/el-intendente-galli-encabezo-el-acto-por-el-dia-de-la-bandera\/#article\",\"isPartOf\":{\"@id\":\"https:\/\/experienciadevida.com.ar\/portalurbano\/el-intendente-galli-encabezo-el-acto-por-el-dia-de-la-bandera\/\"},\"author\":{\"name\":\"admpu17wp\",\"@id\":\"https:\/\/experienciadevida.com.ar\/portalurbano\/#\/schema\/person\/02dd326b1c4b056e9cc972486934a3a7\"},\"headline\":\"El intendente Galli encabez\u00f3 el acto por el D\u00eda de la Bandera\",\"datePublished\":\"2021-06-20T14:48:36+00:00\",\"dateModified\":\"2021-06-20T14:51:24+00:00\",\"mainEntityOfPage\":{\"@id\":\"https:\/\/experienciadevida.com.ar\/portalurbano\/el-intendente-galli-encabezo-el-acto-por-el-dia-de-la-bandera\/\"},\"wordCount\":281,\"publisher\":{\"@id\":\"https:\/\/experienciadevida.com.ar\/portalurbano\/#organization\"},\"articleSection\":[\"Ciudad\",\"Destacadas 2\"],\"inLanguage\":\"es\"},{\"@type\":\"WebPage\",\"@id\":\"https:\/\/experienciadevida.com.ar\/portalurbano\/el-intendente-galli-encabezo-el-acto-por-el-dia-de-la-bandera\/\",\"url\":\"https:\/\/experienciadevida.com.ar\/portalurbano\/el-intendente-galli-encabezo-el-acto-por-el-dia-de-la-bandera\/\",\"name\":\"El Intendente Galli encabez\u00f3 el acto por el d\u00eda de la bandera\",\"isPartOf\":{\"@id\":\"https:\/\/experienciadevida.com.ar\/portalurbano\/#website\"},\"datePublished\":\"2021-06-20T14:48:36+00:00\",\"dateModified\":\"2021-06-20T14:51:24+00:00\",\"description\":\"El intendente Galli encabez\u00f3 el acto por el D\u00eda de la Bandera, fue en la ma\u00f1ana de este domingo se desarroll\u00f3 el acto por el D\u00eda de Bandera\",\"breadcrumb\":{\"@id\":\"https:\/\/experienciadevida.com.ar\/portalurbano\/el-intendente-galli-encabezo-el-acto-por-el-dia-de-la-bandera\/#breadcrumb\"},\"inLanguage\":\"es\",\"potentialAction\":[{\"@type\":\"ReadAction\",\"target\":[\"https:\/\/experienciadevida.com.ar\/portalurbano\/el-intendente-galli-encabezo-el-acto-por-el-dia-de-la-bandera\/\"]}]},{\"@type\":\"BreadcrumbList\",\"@id\":\"https:\/\/experienciadevida.com.ar\/portalurbano\/el-intendente-galli-encabezo-el-acto-por-el-dia-de-la-bandera\/#breadcrumb\",\"itemListElement\":[{\"@type\":\"ListItem\",\"position\":1,\"name\":\"Portada\",\"item\":\"https:\/\/experienciadevida.com.ar\/portalurbano\/\"},{\"@type\":\"ListItem\",\"position\":2,\"name\":\"El intendente Galli encabez\u00f3 el acto por el D\u00eda de la Bandera\"}]},{\"@type\":\"WebSite\",\"@id\":\"https:\/\/experienciadevida.com.ar\/portalurbano\/#website\",\"url\":\"https:\/\/experienciadevida.com.ar\/portalurbano\/\",\"name\":\"\",\"description\":\"\",\"publisher\":{\"@id\":\"https:\/\/experienciadevida.com.ar\/portalurbano\/#organization\"},\"potentialAction\":[{\"@type\":\"SearchAction\",\"target\":{\"@type\":\"EntryPoint\",\"urlTemplate\":\"https:\/\/experienciadevida.com.ar\/portalurbano\/?s={search_term_string}\"},\"query-input\":\"required name=search_term_string\"}],\"inLanguage\":\"es\"},{\"@type\":\"Organization\",\"@id\":\"https:\/\/experienciadevida.com.ar\/portalurbano\/#organization\",\"name\":\"Portal Urbano\",\"url\":\"https:\/\/experienciadevida.com.ar\/portalurbano\/\",\"logo\":{\"@type\":\"ImageObject\",\"inLanguage\":\"es\",\"@id\":\"https:\/\/experienciadevida.com.ar\/portalurbano\/#\/schema\/logo\/image\/\",\"url\":\"https:\/\/experienciadevida.com.ar\/portalurbano\/wp-content\/uploads\/2019\/09\/Logo-Original.png\",\"contentUrl\":\"https:\/\/experienciadevida.com.ar\/portalurbano\/wp-content\/uploads\/2019\/09\/Logo-Original.png\",\"width\":2236,\"height\":1216,\"caption\":\"Portal Urbano\"},\"image\":{\"@id\":\"https:\/\/experienciadevida.com.ar\/portalurbano\/#\/schema\/logo\/image\/\"},\"sameAs\":[\"https:\/\/www.facebook.com\/Portal-Urbano-171542830093757\/\",\"https:\/\/twitter.com\/portalurbanook\",\"https:\/\/www.instagram.com\/_portalurbano\/\",\"https:\/\/www.youtube.com\/channel\/UCXhagIfszH8KxFiOok79zbA?view_as=subscriber\"]},{\"@type\":\"Person\",\"@id\":\"https:\/\/experienciadevida.com.ar\/portalurbano\/#\/schema\/person\/02dd326b1c4b056e9cc972486934a3a7\",\"name\":\"admpu17wp\",\"image\":{\"@type\":\"ImageObject\",\"inLanguage\":\"es\",\"@id\":\"https:\/\/experienciadevida.com.ar\/portalurbano\/#\/schema\/person\/image\/\",\"url\":\"https:\/\/secure.gravatar.com\/avatar\/830d4c57adaae6630765e449a6908047?s=96&d=mm&r=g\",\"contentUrl\":\"https:\/\/secure.gravatar.com\/avatar\/830d4c57adaae6630765e449a6908047?s=96&d=mm&r=g\",\"caption\":\"admpu17wp\"}}]}<\/script>\n<!-- \/ Yoast SEO plugin. -->","yoast_head_json":{"title":"El Intendente Galli encabez\u00f3 el acto por el d\u00eda de la bandera","description":"El intendente Galli encabez\u00f3 el acto por el D\u00eda de la Bandera, fue en la ma\u00f1ana de este domingo se desarroll\u00f3 el acto por el D\u00eda de Bandera","robots":{"index":"index","follow":"follow","max-snippet":"max-snippet:-1","max-image-preview":"max-image-preview:large","max-video-preview":"max-video-preview:-1"},"canonical":"https:\/\/experienciadevida.com.ar\/portalurbano\/el-intendente-galli-encabezo-el-acto-por-el-dia-de-la-bandera\/","og_locale":"es_ES","og_type":"article","og_title":"El Intendente Galli encabez\u00f3 el acto por el d\u00eda de la bandera","og_description":"El intendente Galli encabez\u00f3 el acto por el D\u00eda de la Bandera, fue en la ma\u00f1ana de este domingo se desarroll\u00f3 el acto por el D\u00eda de Bandera","og_url":"https:\/\/experienciadevida.com.ar\/portalurbano\/el-intendente-galli-encabezo-el-acto-por-el-dia-de-la-bandera\/","article_publisher":"https:\/\/www.facebook.com\/Portal-Urbano-171542830093757\/","article_published_time":"2021-06-20T14:48:36+00:00","article_modified_time":"2021-06-20T14:51:24+00:00","og_image":[{"width":1024,"height":768,"url":"https:\/\/experienciadevida.com.ar\/portalurbano\/wp-content\/uploads\/2021\/06\/El-intendente-Galli-encabezo-el.jpeg","type":"image\/jpeg"}],"author":"admpu17wp","twitter_card":"summary_large_image","twitter_creator":"@portalurbanook","twitter_site":"@portalurbanook","twitter_misc":{"Escrito por":"admpu17wp","Tiempo de lectura":"2 minutos"},"schema":{"@context":"https:\/\/schema.org","@graph":[{"@type":"Article","@id":"https:\/\/experienciadevida.com.ar\/portalurbano\/el-intendente-galli-encabezo-el-acto-por-el-dia-de-la-bandera\/#article","isPartOf":{"@id":"https:\/\/experienciadevida.com.ar\/portalurbano\/el-intendente-galli-encabezo-el-acto-por-el-dia-de-la-bandera\/"},"author":{"name":"admpu17wp","@id":"https:\/\/experienciadevida.com.ar\/portalurbano\/#\/schema\/person\/02dd326b1c4b056e9cc972486934a3a7"},"headline":"El intendente Galli encabez\u00f3 el acto por el D\u00eda de la Bandera","datePublished":"2021-06-20T14:48:36+00:00","dateModified":"2021-06-20T14:51:24+00:00","mainEntityOfPage":{"@id":"https:\/\/experienciadevida.com.ar\/portalurbano\/el-intendente-galli-encabezo-el-acto-por-el-dia-de-la-bandera\/"},"wordCount":281,"publisher":{"@id":"https:\/\/experienciadevida.com.ar\/portalurbano\/#organization"},"articleSection":["Ciudad","Destacadas 2"],"inLanguage":"es"},{"@type":"WebPage","@id":"https:\/\/experienciadevida.com.ar\/portalurbano\/el-intendente-galli-encabezo-el-acto-por-el-dia-de-la-bandera\/","url":"https:\/\/experienciadevida.com.ar\/portalurbano\/el-intendente-galli-encabezo-el-acto-por-el-dia-de-la-bandera\/","name":"El Intendente Galli encabez\u00f3 el acto por el d\u00eda de la bandera","isPartOf":{"@id":"https:\/\/experienciadevida.com.ar\/portalurbano\/#website"},"datePublished":"2021-06-20T14:48:36+00:00","dateModified":"2021-06-20T14:51:24+00:00","description":"El intendente Galli encabez\u00f3 el acto por el D\u00eda de la Bandera, fue en la ma\u00f1ana de este domingo se desarroll\u00f3 el acto por el D\u00eda de Bandera","breadcrumb":{"@id":"https:\/\/experienciadevida.com.ar\/portalurbano\/el-intendente-galli-encabezo-el-acto-por-el-dia-de-la-bandera\/#breadcrumb"},"inLanguage":"es","potentialAction":[{"@type":"ReadAction","target":["https:\/\/experienciadevida.com.ar\/portalurbano\/el-intendente-galli-encabezo-el-acto-por-el-dia-de-la-bandera\/"]}]},{"@type":"BreadcrumbList","@id":"https:\/\/experienciadevida.com.ar\/portalurbano\/el-intendente-galli-encabezo-el-acto-por-el-dia-de-la-bandera\/#breadcrumb","itemListElement":[{"@type":"ListItem","position":1,"name":"Portada","item":"https:\/\/experienciadevida.com.ar\/portalurbano\/"},{"@type":"ListItem","position":2,"name":"El intendente Galli encabez\u00f3 el acto por el D\u00eda de la Bandera"}]},{"@type":"WebSite","@id":"https:\/\/experienciadevida.com.ar\/portalurbano\/#website","url":"https:\/\/experienciadevida.com.ar\/portalurbano\/","name":"","description":"","publisher":{"@id":"https:\/\/experienciadevida.com.ar\/portalurbano\/#organization"},"potentialAction":[{"@type":"SearchAction","target":{"@type":"EntryPoint","urlTemplate":"https:\/\/experienciadevida.com.ar\/portalurbano\/?s={search_term_string}"},"query-input":"required name=search_term_string"}],"inLanguage":"es"},{"@type":"Organization","@id":"https:\/\/experienciadevida.com.ar\/portalurbano\/#organization","name":"Portal Urbano","url":"https:\/\/experienciadevida.com.ar\/portalurbano\/","logo":{"@type":"ImageObject","inLanguage":"es","@id":"https:\/\/experienciadevida.com.ar\/portalurbano\/#\/schema\/logo\/image\/","url":"https:\/\/experienciadevida.com.ar\/portalurbano\/wp-content\/uploads\/2019\/09\/Logo-Original.png","contentUrl":"https:\/\/experienciadevida.com.ar\/portalurbano\/wp-content\/uploads\/2019\/09\/Logo-Original.png","width":2236,"height":1216,"caption":"Portal Urbano"},"image":{"@id":"https:\/\/experienciadevida.com.ar\/portalurbano\/#\/schema\/logo\/image\/"},"sameAs":["https:\/\/www.facebook.com\/Portal-Urbano-171542830093757\/","https:\/\/twitter.com\/portalurbanook","https:\/\/www.instagram.com\/_portalurbano\/","https:\/\/www.youtube.com\/channel\/UCXhagIfszH8KxFiOok79zbA?view_as=subscriber"]},{"@type":"Person","@id":"https:\/\/experienciadevida.com.ar\/portalurbano\/#\/schema\/person\/02dd326b1c4b056e9cc972486934a3a7","name":"admpu17wp","image":{"@type":"ImageObject","inLanguage":"es","@id":"https:\/\/experienciadevida.com.ar\/portalurbano\/#\/schema\/person\/image\/","url":"https:\/\/secure.gravatar.com\/avatar\/830d4c57adaae6630765e449a6908047?s=96&d=mm&r=g","contentUrl":"https:\/\/secure.gravatar.com\/avatar\/830d4c57adaae6630765e449a6908047?s=96&d=mm&r=g","caption":"admpu17wp"}}]}},"featured_image_urls":{"full":["https:\/\/experienciadevida.com.ar\/portalurbano\/wp-content\/uploads\/2021\/06\/El-intendente-Galli-encabezo-el.jpeg",1024,768,false],"thumbnail":["https:\/\/experienciadevida.com.ar\/portalurbano\/wp-content\/uploads\/2021\/06\/El-intendente-Galli-encabezo-el-150x150.jpeg",150,150,true],"medium":["https:\/\/experienciadevida.com.ar\/portalurbano\/wp-content\/uploads\/2021\/06\/El-intendente-Galli-encabezo-el-300x225.jpeg",300,225,true],"medium_large":["https:\/\/experienciadevida.com.ar\/portalurbano\/wp-content\/uploads\/2021\/06\/El-intendente-Galli-encabezo-el-768x576.jpeg",640,480,true],"large":["https:\/\/experienciadevida.com.ar\/portalurbano\/wp-content\/uploads\/2021\/06\/El-intendente-Galli-encabezo-el.jpeg",640,480,false],"ug_big":["https:\/\/experienciadevida.com.ar\/portalurbano\/wp-content\/uploads\/2021\/06\/El-intendente-Galli-encabezo-el-768x576.jpeg",768,576,true],"1536x1536":["https:\/\/experienciadevida.com.ar\/portalurbano\/wp-content\/uploads\/2021\/06\/El-intendente-Galli-encabezo-el.jpeg",1024,768,false],"2048x2048":["https:\/\/experienciadevida.com.ar\/portalurbano\/wp-content\/uploads\/2021\/06\/El-intendente-Galli-encabezo-el.jpeg",1024,768,false],"newsever-slider-full":["https:\/\/experienciadevida.com.ar\/portalurbano\/wp-content\/uploads\/2021\/06\/El-intendente-Galli-encabezo-el.jpeg",1024,768,false],"newsever-featured":["https:\/\/experienciadevida.com.ar\/portalurbano\/wp-content\/uploads\/2021\/06\/El-intendente-Galli-encabezo-el.jpeg",1024,768,false],"newsever-medium":["https:\/\/experienciadevida.com.ar\/portalurbano\/wp-content\/uploads\/2021\/06\/El-intendente-Galli-encabezo-el.jpeg",633,475,false],"web-stories-poster-portrait":["https:\/\/experienciadevida.com.ar\/portalurbano\/wp-content\/uploads\/2021\/06\/El-intendente-Galli-encabezo-el.jpeg",640,480,false],"web-stories-publisher-logo":["https:\/\/experienciadevida.com.ar\/portalurbano\/wp-content\/uploads\/2021\/06\/El-intendente-Galli-encabezo-el.jpeg",96,72,false],"web-stories-thumbnail":["https:\/\/experienciadevida.com.ar\/portalurbano\/wp-content\/uploads\/2021\/06\/El-intendente-Galli-encabezo-el.jpeg",150,113,false]},"author_info":{"display_name":"admpu17wp","author_link":"https:\/\/experienciadevida.com.ar\/portalurbano\/author\/admpu17wp\/"},"category_info":"<a href=\"https:\/\/experienciadevida.com.ar\/portalurbano\/category\/ciudad\/\" rel=\"category tag\">Ciudad<\/a> <a href=\"https:\/\/experienciadevida.com.ar\/portalurbano\/category\/destacadas-2\/\" rel=\"category tag\">Destacadas 2<\/a>","tag_info":"Destacadas 2","comment_count":"0","amp_enabled":true,"_links":{"self":[{"href":"https:\/\/experienciadevida.com.ar\/portalurbano\/wp-json\/wp\/v2\/posts\/145682"}],"collection":[{"href":"https:\/\/experienciadevida.com.ar\/portalurbano\/wp-json\/wp\/v2\/posts"}],"about":[{"href":"https:\/\/experienciadevida.com.ar\/portalurbano\/wp-json\/wp\/v2\/types\/post"}],"author":[{"embeddable":true,"href":"https:\/\/experienciadevida.com.ar\/portalurbano\/wp-json\/wp\/v2\/users\/1"}],"replies":[{"embeddable":true,"href":"https:\/\/experienciadevida.com.ar\/portalurbano\/wp-json\/wp\/v2\/comments?post=145682"}],"version-history":[{"count":3,"href":"https:\/\/experienciadevida.com.ar\/portalurbano\/wp-json\/wp\/v2\/posts\/145682\/revisions"}],"predecessor-version":[{"id":145689,"href":"https:\/\/experienciadevida.com.ar\/portalurbano\/wp-json\/wp\/v2\/posts\/145682\/revisions\/145689"}],"wp:featuredmedia":[{"embeddable":true,"href":"https:\/\/experienciadevida.com.ar\/portalurbano\/wp-json\/wp\/v2\/media\/145683"}],"wp:attachment":[{"href":"https:\/\/experienciadevida.com.ar\/portalurbano\/wp-json\/wp\/v2\/media?parent=145682"}],"wp:term":[{"taxonomy":"category","embeddable":true,"href":"https:\/\/experienciadevida.com.ar\/portalurbano\/wp-json\/wp\/v2\/categories?post=145682"},{"taxonomy":"post_tag","embeddable":true,"href":"https:\/\/experienciadevida.com.ar\/portalurbano\/wp-json\/wp\/v2\/tags?post=145682"}],"curies":[{"name":"wp","href":"https:\/\/api.w.org\/{rel}","templated":true}]}}