{"id":145618,"date":"2021-06-19T14:05:17","date_gmt":"2021-06-19T17:05:17","guid":{"rendered":"https:\/\/experienciadevida.com.ar\/portalurbano\/?p=145618"},"modified":"2021-06-19T14:08:05","modified_gmt":"2021-06-19T17:08:05","slug":"el-desafio-es-construir-un-proyecto-para-la-argentina-que-se-sostenga-en-el-tiempo","status":"publish","type":"post","link":"https:\/\/experienciadevida.com.ar\/portalurbano\/el-desafio-es-construir-un-proyecto-para-la-argentina-que-se-sostenga-en-el-tiempo\/","title":{"rendered":"&#8220;El desaf\u00edo es construir un proyecto para la Argentina que se sostenga en el tiempo&#8221;"},"content":{"rendered":"<p>&#8220;El desaf\u00edo es construir un proyecto para la Argentina que se sostenga en el tiempo&#8221;, as\u00ed lo se\u00f1alaron Agust\u00edn Alfonso y Gonzalo Cabri, integrantes del <a href=\"https:\/\/www.facebook.com\/Foroolavarria\">Foro Olavarr\u00eda<\/a> &#8211; Frente Renovador, en referencia al encuentro virtual de este viernes de la Escuela de Gobierno del Frente Renovador.<\/p>\n<p>En la tarde de este viernes, la <a href=\"https:\/\/experienciadevida.com.ar\/portalurbano\/el-frente-renovador-relanzo-su-escuela-de-gobierno-proyectar\/\">Escuela de Gobierno del Frente Renovador<\/a>, ProyectAr, concluy\u00f3 su curso \u201cJuventudes y dirigentes generacionales\u201d en el<br \/>\ncual hubo representaci\u00f3n olavarriense. Agust\u00edn Alfonzo y Gonzalo Cabri, integrantes del Foro Olavarr\u00eda &#8211; Frente Renovador, compartieron sus<br \/>\nreflexiones luego del encuentro.<\/p>\n<p>Con la participaci\u00f3n de la Diputada Nacional por la Provincia de Bs.As y Vicepresidenta del Bloque Frente de Todos, Cecilia Moreau, concluy\u00f3 el<br \/>\ncurso \u201cJuventudes y dirigentes generacionales\u201d. Este \u00faltimo encuentro tambi\u00e9n cont\u00f3 con las exposiciones de su coordinador, Nazareno La Gamba,<br \/>\nreferente del espacio Juvenil del Frente Renovador \u201cLa Renovadora\u201d; Ezequiel Wajncer de Trenes Argentinos-Capital Humano y Mat\u00edas Lara de la<br \/>\nONG Nuestra Agenda.<\/p>\n<p>Las tem\u00e1ticas abordadas en las distintas intervenciones trataron sobre nuevas demandas, nuevos desaf\u00edos, virtualidad, innovaci\u00f3n, postpandemia, y<br \/>\ndesaf\u00edos en el siglo XXI para el mundo del trabajo.<\/p>\n<p>Los integrantes locales de \u201cLa Renovadora\u201d y del Foro Olavarr\u00eda &#8211; Frente Renovador, Agust\u00edn Alfonzo y Gonzalo Cabri, compartieron sus reflexiones<br \/>\nsobre el encuentro destinado a la formaci\u00f3n de j\u00f3venes dirigentes.<\/p>\n<p>&#8220;El desaf\u00edo es construir un proyecto para la Argentina que se sostenga en el tiempo&#8221;, &#8220;agradecemos la posibilidad que nos da Sergio Massa de formarnos, ampliar el di\u00e1logo pol\u00edtico y seguir ampliando el Frente Renovador en Olavarr\u00eda&#8221;, se\u00f1al\u00f3 Alfonzo. Respecto a la Escuela de Gobierno del Frente Renovador, destac\u00f3 que \u201cProyectAr es un espacio abierto a diferentes ideas y pensamientos, en donde escuchamos y compartimos conocimientos para pensar la Argentina del futuro&#8221;.<\/p>\n<p>De esta manera &#8220;con una mirada contributiva nos llama a poner atenci\u00f3n en la coyuntura de la Argentina, porque el desarrollo, la defensa del capital humano, el cuidado ambiental y el desarrollo sustentable depende de que tengamos una mirada de largo plazo&#8221;, puntualiz\u00f3. A su vez, agreg\u00f3 que &#8220;el desaf\u00edo es construir un proyecto para la Argentina que se sostenga en el tiempo, con una constante renovaci\u00f3n generacional en pos de seguir ampliando derechos&#8221;.<\/p>\n<p>Por su parte, Gonzalo Cabri sostuvo que &#8220;estos espacios son herramientas fundamentales para los dirigentes del ma\u00f1ana, acercando experiencias y<br \/>\nplanteando los desaf\u00edos que nuestro pa\u00eds y el mundo en general est\u00e1n atravesando&#8221;.<\/p>\n<p>&#8220;Es de un gran valor poder contar con gente capacitada que comparta sus conocimientos de tantos a\u00f1os de trabajo&#8221;, sum\u00f3. &#8220;Hoy la Argentina est\u00e1 sufriendo distintas problem\u00e1ticas de diferentes \u00edndoles, sumado a un contexto din\u00e1mico que cambia muy r\u00e1pido&#8221; reflexion\u00f3, agregando que &#8220;es necesaria la construcci\u00f3n de proyectos que se adapten a las necesidades, bajo una perspectiva inclusiva y de ampliaci\u00f3n de los derechos de la gente&#8221;.<\/p>\n<p>La Escuela de Gobierno ProyectAr tuvo su relanzamiento en octubre del a\u00f1o pasado. Est\u00e1 presidida por Sergio Massa, l\u00edder del Frente Renovador, y su<br \/>\ndirectora es M\u00f3nica Litza. Sus objetivos apuntan a la formaci\u00f3n de equipos t\u00e9cnicos y de gesti\u00f3n basados en el conocimiento, con solidez y visi\u00f3n de<br \/>\nlargo plazo, para poder abordar los desaf\u00edos que afrontan nuestras democracias en el siglo XXI.<\/p>\n<p>&#8220;El desaf\u00edo es construir un proyecto para la Argentina que se sostenga en el tiempo&#8221;, su metodolog\u00eda combina el conocimiento de acad\u00e9micos y especialistas con la experiencia de gesti\u00f3n p\u00fablica, pol\u00edtica y social de los dirigentes del FR.<\/p>\n<p>Los principales puntos de \u201cProyectAr\u201d son la vocaci\u00f3n a la capacitaci\u00f3n, el conocimiento, el federalismo, la perspectiva de g\u00e9nero y el bien com\u00fan. En esta l\u00ednea, el proyecto cuenta con seis ejes tem\u00e1ticos: Globalizaci\u00f3n y Democracia; Tecnolog\u00edas Disruptivas; Cambio Clim\u00e1tico; Transformaciones<br \/>\nDemogr\u00e1ficas; Recursos Naturales; y Expansi\u00f3n de las Ciudades.<\/p>\n<p>Para m\u00e1s informaci\u00f3n de ProyectAr y de los proyectos del Foro Olavarr\u00eda &#8211; Frente Renovador, los interesados pueden acercarse a la Casa Eduardo<br \/>\n\u201cChino\u201d Correa, en Belgrano 3222, de lunes a viernes de 9 a 13. O comunicarse mediante los siguientes canales:<\/p>\n<p>WhatsApp: 2284-554873<\/p>\n<p>E-mail: foroolavarria@gmail.com<\/p>\n<p>Sitio web: www.foroolavarria.org<\/p>\n","protected":false},"excerpt":{"rendered":"<p>&#8220;El desaf\u00edo es construir un proyecto para la Argentina que se sostenga en el tiempo&#8221;,&#8230;<\/p>\n","protected":false},"author":1,"featured_media":145619,"comment_status":"closed","ping_status":"closed","sticky":false,"template":"","format":"standard","meta":{"content-type":""},"categories":[64,43],"tags":[],"nelio_content":{"isAutoShareEnabled":false,"autoShareEndMode":"default","automationSources":{"useContentSentences":true,"useSocialTemplates":true,"useCustomSentences":false,"customSentences":[]},"followers":[1],"suggestedReferences":[],"includedReferences":[],"efiUrl":"","efiAlt":"","highlights":[]},"yoast_head":"<!-- This site is optimized with the Yoast SEO plugin v20.7 - https:\/\/yoast.com\/wordpress\/plugins\/seo\/ -->\n<title>&quot;El desaf\u00edo es construir un proyecto para la Argentina que se sostenga&quot;<\/title>\n<meta name=\"description\" content=\"&quot;El desaf\u00edo es construir un proyecto para la Argentina que se sostenga en el tiempo&quot;, as\u00ed lo se\u00f1alaron Agust\u00edn Alfonso y Gonzalo Cabri\" \/>\n<meta name=\"robots\" content=\"index, follow, max-snippet:-1, max-image-preview:large, max-video-preview:-1\" \/>\n<link rel=\"canonical\" href=\"https:\/\/experienciadevida.com.ar\/portalurbano\/el-desafio-es-construir-un-proyecto-para-la-argentina-que-se-sostenga-en-el-tiempo\/\" \/>\n<meta property=\"og:locale\" content=\"es_ES\" \/>\n<meta property=\"og:type\" content=\"article\" \/>\n<meta property=\"og:title\" content=\"&quot;El desaf\u00edo es construir un proyecto para la Argentina que se sostenga&quot;\" \/>\n<meta property=\"og:description\" content=\"&quot;El desaf\u00edo es construir un proyecto para la Argentina que se sostenga en el tiempo&quot;, as\u00ed lo se\u00f1alaron Agust\u00edn Alfonso y Gonzalo Cabri\" \/>\n<meta property=\"og:url\" content=\"https:\/\/experienciadevida.com.ar\/portalurbano\/el-desafio-es-construir-un-proyecto-para-la-argentina-que-se-sostenga-en-el-tiempo\/\" \/>\n<meta property=\"article:publisher\" content=\"https:\/\/www.facebook.com\/Portal-Urbano-171542830093757\/\" \/>\n<meta property=\"article:published_time\" content=\"2021-06-19T17:05:17+00:00\" \/>\n<meta property=\"article:modified_time\" content=\"2021-06-19T17:08:05+00:00\" \/>\n<meta property=\"og:image\" content=\"https:\/\/experienciadevida.com.ar\/portalurbano\/wp-content\/uploads\/2021\/06\/El-desafio-es-construir-un.jpeg\" \/>\n\t<meta property=\"og:image:width\" content=\"1130\" \/>\n\t<meta property=\"og:image:height\" content=\"659\" \/>\n\t<meta property=\"og:image:type\" content=\"image\/jpeg\" \/>\n<meta name=\"author\" content=\"admpu17wp\" \/>\n<meta name=\"twitter:card\" content=\"summary_large_image\" \/>\n<meta name=\"twitter:creator\" content=\"@portalurbanook\" \/>\n<meta name=\"twitter:site\" content=\"@portalurbanook\" \/>\n<meta name=\"twitter:label1\" content=\"Escrito por\" \/>\n\t<meta name=\"twitter:data1\" content=\"admpu17wp\" \/>\n\t<meta name=\"twitter:label2\" content=\"Tiempo de lectura\" \/>\n\t<meta name=\"twitter:data2\" content=\"3 minutos\" \/>\n<script type=\"application\/ld+json\" class=\"yoast-schema-graph\">{\"@context\":\"https:\/\/schema.org\",\"@graph\":[{\"@type\":\"Article\",\"@id\":\"https:\/\/experienciadevida.com.ar\/portalurbano\/el-desafio-es-construir-un-proyecto-para-la-argentina-que-se-sostenga-en-el-tiempo\/#article\",\"isPartOf\":{\"@id\":\"https:\/\/experienciadevida.com.ar\/portalurbano\/el-desafio-es-construir-un-proyecto-para-la-argentina-que-se-sostenga-en-el-tiempo\/\"},\"author\":{\"name\":\"admpu17wp\",\"@id\":\"https:\/\/experienciadevida.com.ar\/portalurbano\/#\/schema\/person\/02dd326b1c4b056e9cc972486934a3a7\"},\"headline\":\"&#8220;El desaf\u00edo es construir un proyecto para la Argentina que se sostenga en el tiempo&#8221;\",\"datePublished\":\"2021-06-19T17:05:17+00:00\",\"dateModified\":\"2021-06-19T17:08:05+00:00\",\"mainEntityOfPage\":{\"@id\":\"https:\/\/experienciadevida.com.ar\/portalurbano\/el-desafio-es-construir-un-proyecto-para-la-argentina-que-se-sostenga-en-el-tiempo\/\"},\"wordCount\":742,\"publisher\":{\"@id\":\"https:\/\/experienciadevida.com.ar\/portalurbano\/#organization\"},\"articleSection\":[\"Destacadas 2\",\"Pol\u00edtica\"],\"inLanguage\":\"es\"},{\"@type\":\"WebPage\",\"@id\":\"https:\/\/experienciadevida.com.ar\/portalurbano\/el-desafio-es-construir-un-proyecto-para-la-argentina-que-se-sostenga-en-el-tiempo\/\",\"url\":\"https:\/\/experienciadevida.com.ar\/portalurbano\/el-desafio-es-construir-un-proyecto-para-la-argentina-que-se-sostenga-en-el-tiempo\/\",\"name\":\"\\\"El desaf\u00edo es construir un proyecto para la Argentina que se sostenga\\\"\",\"isPartOf\":{\"@id\":\"https:\/\/experienciadevida.com.ar\/portalurbano\/#website\"},\"datePublished\":\"2021-06-19T17:05:17+00:00\",\"dateModified\":\"2021-06-19T17:08:05+00:00\",\"description\":\"\\\"El desaf\u00edo es construir un proyecto para la Argentina que se sostenga en el tiempo\\\", as\u00ed lo se\u00f1alaron Agust\u00edn Alfonso y Gonzalo Cabri\",\"breadcrumb\":{\"@id\":\"https:\/\/experienciadevida.com.ar\/portalurbano\/el-desafio-es-construir-un-proyecto-para-la-argentina-que-se-sostenga-en-el-tiempo\/#breadcrumb\"},\"inLanguage\":\"es\",\"potentialAction\":[{\"@type\":\"ReadAction\",\"target\":[\"https:\/\/experienciadevida.com.ar\/portalurbano\/el-desafio-es-construir-un-proyecto-para-la-argentina-que-se-sostenga-en-el-tiempo\/\"]}]},{\"@type\":\"BreadcrumbList\",\"@id\":\"https:\/\/experienciadevida.com.ar\/portalurbano\/el-desafio-es-construir-un-proyecto-para-la-argentina-que-se-sostenga-en-el-tiempo\/#breadcrumb\",\"itemListElement\":[{\"@type\":\"ListItem\",\"position\":1,\"name\":\"Portada\",\"item\":\"https:\/\/experienciadevida.com.ar\/portalurbano\/\"},{\"@type\":\"ListItem\",\"position\":2,\"name\":\"\u00abEl desaf\u00edo es construir un proyecto para la Argentina que se sostenga en el tiempo\u00bb\"}]},{\"@type\":\"WebSite\",\"@id\":\"https:\/\/experienciadevida.com.ar\/portalurbano\/#website\",\"url\":\"https:\/\/experienciadevida.com.ar\/portalurbano\/\",\"name\":\"\",\"description\":\"\",\"publisher\":{\"@id\":\"https:\/\/experienciadevida.com.ar\/portalurbano\/#organization\"},\"potentialAction\":[{\"@type\":\"SearchAction\",\"target\":{\"@type\":\"EntryPoint\",\"urlTemplate\":\"https:\/\/experienciadevida.com.ar\/portalurbano\/?s={search_term_string}\"},\"query-input\":\"required name=search_term_string\"}],\"inLanguage\":\"es\"},{\"@type\":\"Organization\",\"@id\":\"https:\/\/experienciadevida.com.ar\/portalurbano\/#organization\",\"name\":\"Portal Urbano\",\"url\":\"https:\/\/experienciadevida.com.ar\/portalurbano\/\",\"logo\":{\"@type\":\"ImageObject\",\"inLanguage\":\"es\",\"@id\":\"https:\/\/experienciadevida.com.ar\/portalurbano\/#\/schema\/logo\/image\/\",\"url\":\"https:\/\/experienciadevida.com.ar\/portalurbano\/wp-content\/uploads\/2019\/09\/Logo-Original.png\",\"contentUrl\":\"https:\/\/experienciadevida.com.ar\/portalurbano\/wp-content\/uploads\/2019\/09\/Logo-Original.png\",\"width\":2236,\"height\":1216,\"caption\":\"Portal Urbano\"},\"image\":{\"@id\":\"https:\/\/experienciadevida.com.ar\/portalurbano\/#\/schema\/logo\/image\/\"},\"sameAs\":[\"https:\/\/www.facebook.com\/Portal-Urbano-171542830093757\/\",\"https:\/\/twitter.com\/portalurbanook\",\"https:\/\/www.instagram.com\/_portalurbano\/\",\"https:\/\/www.youtube.com\/channel\/UCXhagIfszH8KxFiOok79zbA?view_as=subscriber\"]},{\"@type\":\"Person\",\"@id\":\"https:\/\/experienciadevida.com.ar\/portalurbano\/#\/schema\/person\/02dd326b1c4b056e9cc972486934a3a7\",\"name\":\"admpu17wp\",\"image\":{\"@type\":\"ImageObject\",\"inLanguage\":\"es\",\"@id\":\"https:\/\/experienciadevida.com.ar\/portalurbano\/#\/schema\/person\/image\/\",\"url\":\"https:\/\/secure.gravatar.com\/avatar\/830d4c57adaae6630765e449a6908047?s=96&d=mm&r=g\",\"contentUrl\":\"https:\/\/secure.gravatar.com\/avatar\/830d4c57adaae6630765e449a6908047?s=96&d=mm&r=g\",\"caption\":\"admpu17wp\"}}]}<\/script>\n<!-- \/ Yoast SEO plugin. -->","yoast_head_json":{"title":"\"El desaf\u00edo es construir un proyecto para la Argentina que se sostenga\"","description":"\"El desaf\u00edo es construir un proyecto para la Argentina que se sostenga en el tiempo\", as\u00ed lo se\u00f1alaron Agust\u00edn Alfonso y Gonzalo Cabri","robots":{"index":"index","follow":"follow","max-snippet":"max-snippet:-1","max-image-preview":"max-image-preview:large","max-video-preview":"max-video-preview:-1"},"canonical":"https:\/\/experienciadevida.com.ar\/portalurbano\/el-desafio-es-construir-un-proyecto-para-la-argentina-que-se-sostenga-en-el-tiempo\/","og_locale":"es_ES","og_type":"article","og_title":"\"El desaf\u00edo es construir un proyecto para la Argentina que se sostenga\"","og_description":"\"El desaf\u00edo es construir un proyecto para la Argentina que se sostenga en el tiempo\", as\u00ed lo se\u00f1alaron Agust\u00edn Alfonso y Gonzalo Cabri","og_url":"https:\/\/experienciadevida.com.ar\/portalurbano\/el-desafio-es-construir-un-proyecto-para-la-argentina-que-se-sostenga-en-el-tiempo\/","article_publisher":"https:\/\/www.facebook.com\/Portal-Urbano-171542830093757\/","article_published_time":"2021-06-19T17:05:17+00:00","article_modified_time":"2021-06-19T17:08:05+00:00","og_image":[{"width":1130,"height":659,"url":"https:\/\/experienciadevida.com.ar\/portalurbano\/wp-content\/uploads\/2021\/06\/El-desafio-es-construir-un.jpeg","type":"image\/jpeg"}],"author":"admpu17wp","twitter_card":"summary_large_image","twitter_creator":"@portalurbanook","twitter_site":"@portalurbanook","twitter_misc":{"Escrito por":"admpu17wp","Tiempo de lectura":"3 minutos"},"schema":{"@context":"https:\/\/schema.org","@graph":[{"@type":"Article","@id":"https:\/\/experienciadevida.com.ar\/portalurbano\/el-desafio-es-construir-un-proyecto-para-la-argentina-que-se-sostenga-en-el-tiempo\/#article","isPartOf":{"@id":"https:\/\/experienciadevida.com.ar\/portalurbano\/el-desafio-es-construir-un-proyecto-para-la-argentina-que-se-sostenga-en-el-tiempo\/"},"author":{"name":"admpu17wp","@id":"https:\/\/experienciadevida.com.ar\/portalurbano\/#\/schema\/person\/02dd326b1c4b056e9cc972486934a3a7"},"headline":"&#8220;El desaf\u00edo es construir un proyecto para la Argentina que se sostenga en el tiempo&#8221;","datePublished":"2021-06-19T17:05:17+00:00","dateModified":"2021-06-19T17:08:05+00:00","mainEntityOfPage":{"@id":"https:\/\/experienciadevida.com.ar\/portalurbano\/el-desafio-es-construir-un-proyecto-para-la-argentina-que-se-sostenga-en-el-tiempo\/"},"wordCount":742,"publisher":{"@id":"https:\/\/experienciadevida.com.ar\/portalurbano\/#organization"},"articleSection":["Destacadas 2","Pol\u00edtica"],"inLanguage":"es"},{"@type":"WebPage","@id":"https:\/\/experienciadevida.com.ar\/portalurbano\/el-desafio-es-construir-un-proyecto-para-la-argentina-que-se-sostenga-en-el-tiempo\/","url":"https:\/\/experienciadevida.com.ar\/portalurbano\/el-desafio-es-construir-un-proyecto-para-la-argentina-que-se-sostenga-en-el-tiempo\/","name":"\"El desaf\u00edo es construir un proyecto para la Argentina que se sostenga\"","isPartOf":{"@id":"https:\/\/experienciadevida.com.ar\/portalurbano\/#website"},"datePublished":"2021-06-19T17:05:17+00:00","dateModified":"2021-06-19T17:08:05+00:00","description":"\"El desaf\u00edo es construir un proyecto para la Argentina que se sostenga en el tiempo\", as\u00ed lo se\u00f1alaron Agust\u00edn Alfonso y Gonzalo Cabri","breadcrumb":{"@id":"https:\/\/experienciadevida.com.ar\/portalurbano\/el-desafio-es-construir-un-proyecto-para-la-argentina-que-se-sostenga-en-el-tiempo\/#breadcrumb"},"inLanguage":"es","potentialAction":[{"@type":"ReadAction","target":["https:\/\/experienciadevida.com.ar\/portalurbano\/el-desafio-es-construir-un-proyecto-para-la-argentina-que-se-sostenga-en-el-tiempo\/"]}]},{"@type":"BreadcrumbList","@id":"https:\/\/experienciadevida.com.ar\/portalurbano\/el-desafio-es-construir-un-proyecto-para-la-argentina-que-se-sostenga-en-el-tiempo\/#breadcrumb","itemListElement":[{"@type":"ListItem","position":1,"name":"Portada","item":"https:\/\/experienciadevida.com.ar\/portalurbano\/"},{"@type":"ListItem","position":2,"name":"\u00abEl desaf\u00edo es construir un proyecto para la Argentina que se sostenga en el tiempo\u00bb"}]},{"@type":"WebSite","@id":"https:\/\/experienciadevida.com.ar\/portalurbano\/#website","url":"https:\/\/experienciadevida.com.ar\/portalurbano\/","name":"","description":"","publisher":{"@id":"https:\/\/experienciadevida.com.ar\/portalurbano\/#organization"},"potentialAction":[{"@type":"SearchAction","target":{"@type":"EntryPoint","urlTemplate":"https:\/\/experienciadevida.com.ar\/portalurbano\/?s={search_term_string}"},"query-input":"required name=search_term_string"}],"inLanguage":"es"},{"@type":"Organization","@id":"https:\/\/experienciadevida.com.ar\/portalurbano\/#organization","name":"Portal Urbano","url":"https:\/\/experienciadevida.com.ar\/portalurbano\/","logo":{"@type":"ImageObject","inLanguage":"es","@id":"https:\/\/experienciadevida.com.ar\/portalurbano\/#\/schema\/logo\/image\/","url":"https:\/\/experienciadevida.com.ar\/portalurbano\/wp-content\/uploads\/2019\/09\/Logo-Original.png","contentUrl":"https:\/\/experienciadevida.com.ar\/portalurbano\/wp-content\/uploads\/2019\/09\/Logo-Original.png","width":2236,"height":1216,"caption":"Portal Urbano"},"image":{"@id":"https:\/\/experienciadevida.com.ar\/portalurbano\/#\/schema\/logo\/image\/"},"sameAs":["https:\/\/www.facebook.com\/Portal-Urbano-171542830093757\/","https:\/\/twitter.com\/portalurbanook","https:\/\/www.instagram.com\/_portalurbano\/","https:\/\/www.youtube.com\/channel\/UCXhagIfszH8KxFiOok79zbA?view_as=subscriber"]},{"@type":"Person","@id":"https:\/\/experienciadevida.com.ar\/portalurbano\/#\/schema\/person\/02dd326b1c4b056e9cc972486934a3a7","name":"admpu17wp","image":{"@type":"ImageObject","inLanguage":"es","@id":"https:\/\/experienciadevida.com.ar\/portalurbano\/#\/schema\/person\/image\/","url":"https:\/\/secure.gravatar.com\/avatar\/830d4c57adaae6630765e449a6908047?s=96&d=mm&r=g","contentUrl":"https:\/\/secure.gravatar.com\/avatar\/830d4c57adaae6630765e449a6908047?s=96&d=mm&r=g","caption":"admpu17wp"}}]}},"featured_image_urls":{"full":["https:\/\/experienciadevida.com.ar\/portalurbano\/wp-content\/uploads\/2021\/06\/El-desafio-es-construir-un.jpeg",1130,659,false],"thumbnail":["https:\/\/experienciadevida.com.ar\/portalurbano\/wp-content\/uploads\/2021\/06\/El-desafio-es-construir-un-150x150.jpeg",150,150,true],"medium":["https:\/\/experienciadevida.com.ar\/portalurbano\/wp-content\/uploads\/2021\/06\/El-desafio-es-construir-un-300x175.jpeg",300,175,true],"medium_large":["https:\/\/experienciadevida.com.ar\/portalurbano\/wp-content\/uploads\/2021\/06\/El-desafio-es-construir-un-768x448.jpeg",640,373,true],"large":["https:\/\/experienciadevida.com.ar\/portalurbano\/wp-content\/uploads\/2021\/06\/El-desafio-es-construir-un-1024x597.jpeg",640,373,true],"ug_big":["https:\/\/experienciadevida.com.ar\/portalurbano\/wp-content\/uploads\/2021\/06\/El-desafio-es-construir-un-768x448.jpeg",768,448,true],"1536x1536":["https:\/\/experienciadevida.com.ar\/portalurbano\/wp-content\/uploads\/2021\/06\/El-desafio-es-construir-un.jpeg",1130,659,false],"2048x2048":["https:\/\/experienciadevida.com.ar\/portalurbano\/wp-content\/uploads\/2021\/06\/El-desafio-es-construir-un.jpeg",1130,659,false],"newsever-slider-full":["https:\/\/experienciadevida.com.ar\/portalurbano\/wp-content\/uploads\/2021\/06\/El-desafio-es-construir-un.jpeg",1130,659,false],"newsever-featured":["https:\/\/experienciadevida.com.ar\/portalurbano\/wp-content\/uploads\/2021\/06\/El-desafio-es-construir-un.jpeg",1024,597,false],"newsever-medium":["https:\/\/experienciadevida.com.ar\/portalurbano\/wp-content\/uploads\/2021\/06\/El-desafio-es-construir-un.jpeg",720,420,false],"web-stories-poster-portrait":["https:\/\/experienciadevida.com.ar\/portalurbano\/wp-content\/uploads\/2021\/06\/El-desafio-es-construir-un.jpeg",640,373,false],"web-stories-publisher-logo":["https:\/\/experienciadevida.com.ar\/portalurbano\/wp-content\/uploads\/2021\/06\/El-desafio-es-construir-un.jpeg",96,56,false],"web-stories-thumbnail":["https:\/\/experienciadevida.com.ar\/portalurbano\/wp-content\/uploads\/2021\/06\/El-desafio-es-construir-un.jpeg",150,87,false]},"author_info":{"display_name":"admpu17wp","author_link":"https:\/\/experienciadevida.com.ar\/portalurbano\/author\/admpu17wp\/"},"category_info":"<a href=\"https:\/\/experienciadevida.com.ar\/portalurbano\/category\/destacadas-2\/\" rel=\"category tag\">Destacadas 2<\/a> <a href=\"https:\/\/experienciadevida.com.ar\/portalurbano\/category\/politica\/\" rel=\"category tag\">Pol\u00edtica<\/a>","tag_info":"Pol\u00edtica","comment_count":"0","amp_enabled":true,"_links":{"self":[{"href":"https:\/\/experienciadevida.com.ar\/portalurbano\/wp-json\/wp\/v2\/posts\/145618"}],"collection":[{"href":"https:\/\/experienciadevida.com.ar\/portalurbano\/wp-json\/wp\/v2\/posts"}],"about":[{"href":"https:\/\/experienciadevida.com.ar\/portalurbano\/wp-json\/wp\/v2\/types\/post"}],"author":[{"embeddable":true,"href":"https:\/\/experienciadevida.com.ar\/portalurbano\/wp-json\/wp\/v2\/users\/1"}],"replies":[{"embeddable":true,"href":"https:\/\/experienciadevida.com.ar\/portalurbano\/wp-json\/wp\/v2\/comments?post=145618"}],"version-history":[{"count":3,"href":"https:\/\/experienciadevida.com.ar\/portalurbano\/wp-json\/wp\/v2\/posts\/145618\/revisions"}],"predecessor-version":[{"id":145621,"href":"https:\/\/experienciadevida.com.ar\/portalurbano\/wp-json\/wp\/v2\/posts\/145618\/revisions\/145621"}],"wp:featuredmedia":[{"embeddable":true,"href":"https:\/\/experienciadevida.com.ar\/portalurbano\/wp-json\/wp\/v2\/media\/145619"}],"wp:attachment":[{"href":"https:\/\/experienciadevida.com.ar\/portalurbano\/wp-json\/wp\/v2\/media?parent=145618"}],"wp:term":[{"taxonomy":"category","embeddable":true,"href":"https:\/\/experienciadevida.com.ar\/portalurbano\/wp-json\/wp\/v2\/categories?post=145618"},{"taxonomy":"post_tag","embeddable":true,"href":"https:\/\/experienciadevida.com.ar\/portalurbano\/wp-json\/wp\/v2\/tags?post=145618"}],"curies":[{"name":"wp","href":"https:\/\/api.w.org\/{rel}","templated":true}]}}