{"id":145610,"date":"2021-06-19T13:51:51","date_gmt":"2021-06-19T16:51:51","guid":{"rendered":"https:\/\/experienciadevida.com.ar\/portalurbano\/?p=145610"},"modified":"2021-06-19T14:00:54","modified_gmt":"2021-06-19T17:00:54","slug":"la-policia-federal-argentina-detuvo-a-cuatro-personas-acusadas-de-narcomenudeo-en-olavarria","status":"publish","type":"post","link":"https:\/\/experienciadevida.com.ar\/portalurbano\/la-policia-federal-argentina-detuvo-a-cuatro-personas-acusadas-de-narcomenudeo-en-olavarria\/","title":{"rendered":"La polic\u00eda federal Argentina detuvo a cuatro personas acusadas de narcomenudeo en Olavarr\u00eda"},"content":{"rendered":"<p>La polic\u00eda federal Argentina detuvo a cuatro personas acusadas de narcomenudeo en Olavarr\u00eda, agentes federales de la Divisi\u00f3n Unidad Operativa Federal Olavarr\u00eda detuvieron a cuatro hombres miembros de una organizaci\u00f3n narco criminal acusados de comercializar estupefacientes al menudeo en la mencionada ciudad.<\/p>\n<p>Las investigaciones llevadas a cabo por los efectivos policiales, permitieron documentar las actividades il\u00edcitas desarrolladas por los involucrados, estableciendo que 5 viviendas, eran utilizadas para el acopio y comercializaci\u00f3n de estupefacientes al menudeo.<\/p>\n<p>La polic\u00eda federal Argentina detuvo a cuatro personas acusadas de narcomenudeo en Olavarr\u00eda,\u00a0 \u00a0A ra\u00edz de ello, el Juzgado de Garant\u00edas N\u00ba 1 de Olavarr\u00eda a cargo de la Dra. Fabiana San Rom\u00e1n, orden\u00f3 allanar en forma simult\u00e1nea los lugares, donde se logr\u00f3 la detenci\u00f3n de cuatro personas y el secuestro de 127 dosis de marihuana, 3 de coca\u00edna, 144.890 pesos en efectivo, 2700 d\u00f3lares, un revolver calibre .38, una pistola calibre .22, una escopeta calibre 24 y nueve celulares.<\/p>\n<p>Los detenidos, todos mayores de edad, junto a los elementos secuestrados, quedaron a disposici\u00f3n del juzgado interventor, por \u201cInfracci\u00f3n a la Ley de Drogas\u201d.<\/p>\n<p><a href=\"https:\/\/experienciadevida.com.ar\/portalurbano\/la-policia-federal-argentina-detuvo-a-cuatro-personas-acusadas-de-narcomenudeo-en-olavarria\/la-policia-federal-2\/\" rel=\"attachment wp-att-145615\"><img decoding=\"async\" class=\"alignnone size-large wp-image-145615\" src=\"https:\/\/experienciadevida.com.ar\/portalurbano\/wp-content\/uploads\/2021\/06\/La-policia-federal-1024x768.jpg\" alt=\"La polic\u00eda federal\" width=\"900\" height=\"675\" srcset=\"https:\/\/experienciadevida.com.ar\/portalurbano\/wp-content\/uploads\/2021\/06\/La-policia-federal-1024x768.jpg 1024w, https:\/\/experienciadevida.com.ar\/portalurbano\/wp-content\/uploads\/2021\/06\/La-policia-federal-300x225.jpg 300w, https:\/\/experienciadevida.com.ar\/portalurbano\/wp-content\/uploads\/2021\/06\/La-policia-federal-768x576.jpg 768w, https:\/\/experienciadevida.com.ar\/portalurbano\/wp-content\/uploads\/2021\/06\/La-policia-federal.jpg 1280w\" sizes=\"(max-width: 900px) 100vw, 900px\" \/><\/a><\/p>\n<p><a href=\"https:\/\/experienciadevida.com.ar\/portalurbano\/la-policia-federal-argentina-detuvo-a-cuatro-personas-acusadas-de-narcomenudeo-en-olavarria\/federal-argentina\/\" rel=\"attachment wp-att-145616\"><img decoding=\"async\" class=\"alignnone size-large wp-image-145616\" src=\"https:\/\/experienciadevida.com.ar\/portalurbano\/wp-content\/uploads\/2021\/06\/federal-Argentina-1024x768.jpg\" alt=\"federal Argentina\" width=\"900\" height=\"675\" srcset=\"https:\/\/experienciadevida.com.ar\/portalurbano\/wp-content\/uploads\/2021\/06\/federal-Argentina-1024x768.jpg 1024w, https:\/\/experienciadevida.com.ar\/portalurbano\/wp-content\/uploads\/2021\/06\/federal-Argentina-300x225.jpg 300w, https:\/\/experienciadevida.com.ar\/portalurbano\/wp-content\/uploads\/2021\/06\/federal-Argentina-768x576.jpg 768w, https:\/\/experienciadevida.com.ar\/portalurbano\/wp-content\/uploads\/2021\/06\/federal-Argentina.jpg 1156w\" sizes=\"(max-width: 900px) 100vw, 900px\" \/><\/a><\/p>\n<p>&nbsp;<\/p>\n","protected":false},"excerpt":{"rendered":"<p>La polic\u00eda federal Argentina detuvo a cuatro personas acusadas de narcomenudeo en Olavarr\u00eda, agentes federales&#8230;<\/p>\n","protected":false},"author":1,"featured_media":145611,"comment_status":"closed","ping_status":"closed","sticky":false,"template":"","format":"standard","meta":{"content-type":""},"categories":[51,40],"tags":[],"nelio_content":{"isAutoShareEnabled":false,"autoShareEndMode":"default","automationSources":{"useContentSentences":true,"useSocialTemplates":true,"useCustomSentences":false,"customSentences":[]},"followers":[1],"suggestedReferences":[],"includedReferences":[],"efiUrl":"","efiAlt":"","highlights":[]},"yoast_head":"<!-- This site is optimized with the Yoast SEO plugin v20.7 - https:\/\/yoast.com\/wordpress\/plugins\/seo\/ -->\n<title>La polic\u00eda federal argentina detuvo a cuatro personas acusadas de narco<\/title>\n<meta name=\"description\" content=\"La polic\u00eda federal Argentina detuvo a cuatro personas acusadas de narcomenudeo en Olavarr\u00eda,miembros de una organizaci\u00f3n narcotraficante\" \/>\n<meta name=\"robots\" content=\"index, follow, max-snippet:-1, max-image-preview:large, max-video-preview:-1\" \/>\n<link rel=\"canonical\" href=\"https:\/\/experienciadevida.com.ar\/portalurbano\/la-policia-federal-argentina-detuvo-a-cuatro-personas-acusadas-de-narcomenudeo-en-olavarria\/\" \/>\n<meta property=\"og:locale\" content=\"es_ES\" \/>\n<meta property=\"og:type\" content=\"article\" \/>\n<meta property=\"og:title\" content=\"La polic\u00eda federal argentina detuvo a cuatro personas acusadas de narco\" \/>\n<meta property=\"og:description\" content=\"La polic\u00eda federal Argentina detuvo a cuatro personas acusadas de narcomenudeo en Olavarr\u00eda,miembros de una organizaci\u00f3n narcotraficante\" \/>\n<meta property=\"og:url\" content=\"https:\/\/experienciadevida.com.ar\/portalurbano\/la-policia-federal-argentina-detuvo-a-cuatro-personas-acusadas-de-narcomenudeo-en-olavarria\/\" \/>\n<meta property=\"article:publisher\" content=\"https:\/\/www.facebook.com\/Portal-Urbano-171542830093757\/\" \/>\n<meta property=\"article:published_time\" content=\"2021-06-19T16:51:51+00:00\" \/>\n<meta property=\"article:modified_time\" content=\"2021-06-19T17:00:54+00:00\" \/>\n<meta property=\"og:image\" content=\"https:\/\/experienciadevida.com.ar\/portalurbano\/wp-content\/uploads\/2021\/06\/La-policia-federal-Argentina-detuvo.jpg\" \/>\n\t<meta property=\"og:image:width\" content=\"1280\" \/>\n\t<meta property=\"og:image:height\" content=\"778\" \/>\n\t<meta property=\"og:image:type\" content=\"image\/jpeg\" \/>\n<meta name=\"author\" content=\"admpu17wp\" \/>\n<meta name=\"twitter:card\" content=\"summary_large_image\" \/>\n<meta name=\"twitter:creator\" content=\"@portalurbanook\" \/>\n<meta name=\"twitter:site\" content=\"@portalurbanook\" \/>\n<meta name=\"twitter:label1\" content=\"Escrito por\" \/>\n\t<meta name=\"twitter:data1\" content=\"admpu17wp\" \/>\n\t<meta name=\"twitter:label2\" content=\"Tiempo de lectura\" \/>\n\t<meta name=\"twitter:data2\" content=\"2 minutos\" \/>\n<script type=\"application\/ld+json\" class=\"yoast-schema-graph\">{\"@context\":\"https:\/\/schema.org\",\"@graph\":[{\"@type\":\"Article\",\"@id\":\"https:\/\/experienciadevida.com.ar\/portalurbano\/la-policia-federal-argentina-detuvo-a-cuatro-personas-acusadas-de-narcomenudeo-en-olavarria\/#article\",\"isPartOf\":{\"@id\":\"https:\/\/experienciadevida.com.ar\/portalurbano\/la-policia-federal-argentina-detuvo-a-cuatro-personas-acusadas-de-narcomenudeo-en-olavarria\/\"},\"author\":{\"name\":\"admpu17wp\",\"@id\":\"https:\/\/experienciadevida.com.ar\/portalurbano\/#\/schema\/person\/02dd326b1c4b056e9cc972486934a3a7\"},\"headline\":\"La polic\u00eda federal Argentina detuvo a cuatro personas acusadas de narcomenudeo en Olavarr\u00eda\",\"datePublished\":\"2021-06-19T16:51:51+00:00\",\"dateModified\":\"2021-06-19T17:00:54+00:00\",\"mainEntityOfPage\":{\"@id\":\"https:\/\/experienciadevida.com.ar\/portalurbano\/la-policia-federal-argentina-detuvo-a-cuatro-personas-acusadas-de-narcomenudeo-en-olavarria\/\"},\"wordCount\":205,\"publisher\":{\"@id\":\"https:\/\/experienciadevida.com.ar\/portalurbano\/#organization\"},\"articleSection\":[\"Destacadas\",\"Policiales\"],\"inLanguage\":\"es\"},{\"@type\":\"WebPage\",\"@id\":\"https:\/\/experienciadevida.com.ar\/portalurbano\/la-policia-federal-argentina-detuvo-a-cuatro-personas-acusadas-de-narcomenudeo-en-olavarria\/\",\"url\":\"https:\/\/experienciadevida.com.ar\/portalurbano\/la-policia-federal-argentina-detuvo-a-cuatro-personas-acusadas-de-narcomenudeo-en-olavarria\/\",\"name\":\"La polic\u00eda federal argentina detuvo a cuatro personas acusadas de narco\",\"isPartOf\":{\"@id\":\"https:\/\/experienciadevida.com.ar\/portalurbano\/#website\"},\"datePublished\":\"2021-06-19T16:51:51+00:00\",\"dateModified\":\"2021-06-19T17:00:54+00:00\",\"description\":\"La polic\u00eda federal Argentina detuvo a cuatro personas acusadas de narcomenudeo en Olavarr\u00eda,miembros de una organizaci\u00f3n narcotraficante\",\"breadcrumb\":{\"@id\":\"https:\/\/experienciadevida.com.ar\/portalurbano\/la-policia-federal-argentina-detuvo-a-cuatro-personas-acusadas-de-narcomenudeo-en-olavarria\/#breadcrumb\"},\"inLanguage\":\"es\",\"potentialAction\":[{\"@type\":\"ReadAction\",\"target\":[\"https:\/\/experienciadevida.com.ar\/portalurbano\/la-policia-federal-argentina-detuvo-a-cuatro-personas-acusadas-de-narcomenudeo-en-olavarria\/\"]}]},{\"@type\":\"BreadcrumbList\",\"@id\":\"https:\/\/experienciadevida.com.ar\/portalurbano\/la-policia-federal-argentina-detuvo-a-cuatro-personas-acusadas-de-narcomenudeo-en-olavarria\/#breadcrumb\",\"itemListElement\":[{\"@type\":\"ListItem\",\"position\":1,\"name\":\"Portada\",\"item\":\"https:\/\/experienciadevida.com.ar\/portalurbano\/\"},{\"@type\":\"ListItem\",\"position\":2,\"name\":\"La polic\u00eda federal Argentina detuvo a cuatro personas acusadas de narcomenudeo en Olavarr\u00eda\"}]},{\"@type\":\"WebSite\",\"@id\":\"https:\/\/experienciadevida.com.ar\/portalurbano\/#website\",\"url\":\"https:\/\/experienciadevida.com.ar\/portalurbano\/\",\"name\":\"\",\"description\":\"\",\"publisher\":{\"@id\":\"https:\/\/experienciadevida.com.ar\/portalurbano\/#organization\"},\"potentialAction\":[{\"@type\":\"SearchAction\",\"target\":{\"@type\":\"EntryPoint\",\"urlTemplate\":\"https:\/\/experienciadevida.com.ar\/portalurbano\/?s={search_term_string}\"},\"query-input\":\"required name=search_term_string\"}],\"inLanguage\":\"es\"},{\"@type\":\"Organization\",\"@id\":\"https:\/\/experienciadevida.com.ar\/portalurbano\/#organization\",\"name\":\"Portal Urbano\",\"url\":\"https:\/\/experienciadevida.com.ar\/portalurbano\/\",\"logo\":{\"@type\":\"ImageObject\",\"inLanguage\":\"es\",\"@id\":\"https:\/\/experienciadevida.com.ar\/portalurbano\/#\/schema\/logo\/image\/\",\"url\":\"https:\/\/experienciadevida.com.ar\/portalurbano\/wp-content\/uploads\/2019\/09\/Logo-Original.png\",\"contentUrl\":\"https:\/\/experienciadevida.com.ar\/portalurbano\/wp-content\/uploads\/2019\/09\/Logo-Original.png\",\"width\":2236,\"height\":1216,\"caption\":\"Portal Urbano\"},\"image\":{\"@id\":\"https:\/\/experienciadevida.com.ar\/portalurbano\/#\/schema\/logo\/image\/\"},\"sameAs\":[\"https:\/\/www.facebook.com\/Portal-Urbano-171542830093757\/\",\"https:\/\/twitter.com\/portalurbanook\",\"https:\/\/www.instagram.com\/_portalurbano\/\",\"https:\/\/www.youtube.com\/channel\/UCXhagIfszH8KxFiOok79zbA?view_as=subscriber\"]},{\"@type\":\"Person\",\"@id\":\"https:\/\/experienciadevida.com.ar\/portalurbano\/#\/schema\/person\/02dd326b1c4b056e9cc972486934a3a7\",\"name\":\"admpu17wp\",\"image\":{\"@type\":\"ImageObject\",\"inLanguage\":\"es\",\"@id\":\"https:\/\/experienciadevida.com.ar\/portalurbano\/#\/schema\/person\/image\/\",\"url\":\"https:\/\/secure.gravatar.com\/avatar\/830d4c57adaae6630765e449a6908047?s=96&d=mm&r=g\",\"contentUrl\":\"https:\/\/secure.gravatar.com\/avatar\/830d4c57adaae6630765e449a6908047?s=96&d=mm&r=g\",\"caption\":\"admpu17wp\"}}]}<\/script>\n<!-- \/ Yoast SEO plugin. -->","yoast_head_json":{"title":"La polic\u00eda federal argentina detuvo a cuatro personas acusadas de narco","description":"La polic\u00eda federal Argentina detuvo a cuatro personas acusadas de narcomenudeo en Olavarr\u00eda,miembros de una organizaci\u00f3n narcotraficante","robots":{"index":"index","follow":"follow","max-snippet":"max-snippet:-1","max-image-preview":"max-image-preview:large","max-video-preview":"max-video-preview:-1"},"canonical":"https:\/\/experienciadevida.com.ar\/portalurbano\/la-policia-federal-argentina-detuvo-a-cuatro-personas-acusadas-de-narcomenudeo-en-olavarria\/","og_locale":"es_ES","og_type":"article","og_title":"La polic\u00eda federal argentina detuvo a cuatro personas acusadas de narco","og_description":"La polic\u00eda federal Argentina detuvo a cuatro personas acusadas de narcomenudeo en Olavarr\u00eda,miembros de una organizaci\u00f3n narcotraficante","og_url":"https:\/\/experienciadevida.com.ar\/portalurbano\/la-policia-federal-argentina-detuvo-a-cuatro-personas-acusadas-de-narcomenudeo-en-olavarria\/","article_publisher":"https:\/\/www.facebook.com\/Portal-Urbano-171542830093757\/","article_published_time":"2021-06-19T16:51:51+00:00","article_modified_time":"2021-06-19T17:00:54+00:00","og_image":[{"width":1280,"height":778,"url":"https:\/\/experienciadevida.com.ar\/portalurbano\/wp-content\/uploads\/2021\/06\/La-policia-federal-Argentina-detuvo.jpg","type":"image\/jpeg"}],"author":"admpu17wp","twitter_card":"summary_large_image","twitter_creator":"@portalurbanook","twitter_site":"@portalurbanook","twitter_misc":{"Escrito por":"admpu17wp","Tiempo de lectura":"2 minutos"},"schema":{"@context":"https:\/\/schema.org","@graph":[{"@type":"Article","@id":"https:\/\/experienciadevida.com.ar\/portalurbano\/la-policia-federal-argentina-detuvo-a-cuatro-personas-acusadas-de-narcomenudeo-en-olavarria\/#article","isPartOf":{"@id":"https:\/\/experienciadevida.com.ar\/portalurbano\/la-policia-federal-argentina-detuvo-a-cuatro-personas-acusadas-de-narcomenudeo-en-olavarria\/"},"author":{"name":"admpu17wp","@id":"https:\/\/experienciadevida.com.ar\/portalurbano\/#\/schema\/person\/02dd326b1c4b056e9cc972486934a3a7"},"headline":"La polic\u00eda federal Argentina detuvo a cuatro personas acusadas de narcomenudeo en Olavarr\u00eda","datePublished":"2021-06-19T16:51:51+00:00","dateModified":"2021-06-19T17:00:54+00:00","mainEntityOfPage":{"@id":"https:\/\/experienciadevida.com.ar\/portalurbano\/la-policia-federal-argentina-detuvo-a-cuatro-personas-acusadas-de-narcomenudeo-en-olavarria\/"},"wordCount":205,"publisher":{"@id":"https:\/\/experienciadevida.com.ar\/portalurbano\/#organization"},"articleSection":["Destacadas","Policiales"],"inLanguage":"es"},{"@type":"WebPage","@id":"https:\/\/experienciadevida.com.ar\/portalurbano\/la-policia-federal-argentina-detuvo-a-cuatro-personas-acusadas-de-narcomenudeo-en-olavarria\/","url":"https:\/\/experienciadevida.com.ar\/portalurbano\/la-policia-federal-argentina-detuvo-a-cuatro-personas-acusadas-de-narcomenudeo-en-olavarria\/","name":"La polic\u00eda federal argentina detuvo a cuatro personas acusadas de narco","isPartOf":{"@id":"https:\/\/experienciadevida.com.ar\/portalurbano\/#website"},"datePublished":"2021-06-19T16:51:51+00:00","dateModified":"2021-06-19T17:00:54+00:00","description":"La polic\u00eda federal Argentina detuvo a cuatro personas acusadas de narcomenudeo en Olavarr\u00eda,miembros de una organizaci\u00f3n narcotraficante","breadcrumb":{"@id":"https:\/\/experienciadevida.com.ar\/portalurbano\/la-policia-federal-argentina-detuvo-a-cuatro-personas-acusadas-de-narcomenudeo-en-olavarria\/#breadcrumb"},"inLanguage":"es","potentialAction":[{"@type":"ReadAction","target":["https:\/\/experienciadevida.com.ar\/portalurbano\/la-policia-federal-argentina-detuvo-a-cuatro-personas-acusadas-de-narcomenudeo-en-olavarria\/"]}]},{"@type":"BreadcrumbList","@id":"https:\/\/experienciadevida.com.ar\/portalurbano\/la-policia-federal-argentina-detuvo-a-cuatro-personas-acusadas-de-narcomenudeo-en-olavarria\/#breadcrumb","itemListElement":[{"@type":"ListItem","position":1,"name":"Portada","item":"https:\/\/experienciadevida.com.ar\/portalurbano\/"},{"@type":"ListItem","position":2,"name":"La polic\u00eda federal Argentina detuvo a cuatro personas acusadas de narcomenudeo en Olavarr\u00eda"}]},{"@type":"WebSite","@id":"https:\/\/experienciadevida.com.ar\/portalurbano\/#website","url":"https:\/\/experienciadevida.com.ar\/portalurbano\/","name":"","description":"","publisher":{"@id":"https:\/\/experienciadevida.com.ar\/portalurbano\/#organization"},"potentialAction":[{"@type":"SearchAction","target":{"@type":"EntryPoint","urlTemplate":"https:\/\/experienciadevida.com.ar\/portalurbano\/?s={search_term_string}"},"query-input":"required name=search_term_string"}],"inLanguage":"es"},{"@type":"Organization","@id":"https:\/\/experienciadevida.com.ar\/portalurbano\/#organization","name":"Portal Urbano","url":"https:\/\/experienciadevida.com.ar\/portalurbano\/","logo":{"@type":"ImageObject","inLanguage":"es","@id":"https:\/\/experienciadevida.com.ar\/portalurbano\/#\/schema\/logo\/image\/","url":"https:\/\/experienciadevida.com.ar\/portalurbano\/wp-content\/uploads\/2019\/09\/Logo-Original.png","contentUrl":"https:\/\/experienciadevida.com.ar\/portalurbano\/wp-content\/uploads\/2019\/09\/Logo-Original.png","width":2236,"height":1216,"caption":"Portal Urbano"},"image":{"@id":"https:\/\/experienciadevida.com.ar\/portalurbano\/#\/schema\/logo\/image\/"},"sameAs":["https:\/\/www.facebook.com\/Portal-Urbano-171542830093757\/","https:\/\/twitter.com\/portalurbanook","https:\/\/www.instagram.com\/_portalurbano\/","https:\/\/www.youtube.com\/channel\/UCXhagIfszH8KxFiOok79zbA?view_as=subscriber"]},{"@type":"Person","@id":"https:\/\/experienciadevida.com.ar\/portalurbano\/#\/schema\/person\/02dd326b1c4b056e9cc972486934a3a7","name":"admpu17wp","image":{"@type":"ImageObject","inLanguage":"es","@id":"https:\/\/experienciadevida.com.ar\/portalurbano\/#\/schema\/person\/image\/","url":"https:\/\/secure.gravatar.com\/avatar\/830d4c57adaae6630765e449a6908047?s=96&d=mm&r=g","contentUrl":"https:\/\/secure.gravatar.com\/avatar\/830d4c57adaae6630765e449a6908047?s=96&d=mm&r=g","caption":"admpu17wp"}}]}},"featured_image_urls":{"full":["https:\/\/experienciadevida.com.ar\/portalurbano\/wp-content\/uploads\/2021\/06\/La-policia-federal-Argentina-detuvo.jpg",1280,778,false],"thumbnail":["https:\/\/experienciadevida.com.ar\/portalurbano\/wp-content\/uploads\/2021\/06\/La-policia-federal-Argentina-detuvo-150x150.jpg",150,150,true],"medium":["https:\/\/experienciadevida.com.ar\/portalurbano\/wp-content\/uploads\/2021\/06\/La-policia-federal-Argentina-detuvo-300x182.jpg",300,182,true],"medium_large":["https:\/\/experienciadevida.com.ar\/portalurbano\/wp-content\/uploads\/2021\/06\/La-policia-federal-Argentina-detuvo-768x467.jpg",640,389,true],"large":["https:\/\/experienciadevida.com.ar\/portalurbano\/wp-content\/uploads\/2021\/06\/La-policia-federal-Argentina-detuvo-1024x622.jpg",640,389,true],"ug_big":["https:\/\/experienciadevida.com.ar\/portalurbano\/wp-content\/uploads\/2021\/06\/La-policia-federal-Argentina-detuvo-768x467.jpg",768,467,true],"1536x1536":["https:\/\/experienciadevida.com.ar\/portalurbano\/wp-content\/uploads\/2021\/06\/La-policia-federal-Argentina-detuvo.jpg",1280,778,false],"2048x2048":["https:\/\/experienciadevida.com.ar\/portalurbano\/wp-content\/uploads\/2021\/06\/La-policia-federal-Argentina-detuvo.jpg",1280,778,false],"newsever-slider-full":["https:\/\/experienciadevida.com.ar\/portalurbano\/wp-content\/uploads\/2021\/06\/La-policia-federal-Argentina-detuvo.jpg",1280,778,false],"newsever-featured":["https:\/\/experienciadevida.com.ar\/portalurbano\/wp-content\/uploads\/2021\/06\/La-policia-federal-Argentina-detuvo.jpg",1024,622,false],"newsever-medium":["https:\/\/experienciadevida.com.ar\/portalurbano\/wp-content\/uploads\/2021\/06\/La-policia-federal-Argentina-detuvo.jpg",720,438,false],"web-stories-poster-portrait":["https:\/\/experienciadevida.com.ar\/portalurbano\/wp-content\/uploads\/2021\/06\/La-policia-federal-Argentina-detuvo.jpg",640,389,false],"web-stories-publisher-logo":["https:\/\/experienciadevida.com.ar\/portalurbano\/wp-content\/uploads\/2021\/06\/La-policia-federal-Argentina-detuvo.jpg",96,58,false],"web-stories-thumbnail":["https:\/\/experienciadevida.com.ar\/portalurbano\/wp-content\/uploads\/2021\/06\/La-policia-federal-Argentina-detuvo.jpg",150,91,false]},"author_info":{"display_name":"admpu17wp","author_link":"https:\/\/experienciadevida.com.ar\/portalurbano\/author\/admpu17wp\/"},"category_info":"<a href=\"https:\/\/experienciadevida.com.ar\/portalurbano\/category\/destacadas\/\" rel=\"category tag\">Destacadas<\/a> <a href=\"https:\/\/experienciadevida.com.ar\/portalurbano\/category\/policiales\/\" rel=\"category tag\">Policiales<\/a>","tag_info":"Policiales","comment_count":"0","amp_enabled":true,"_links":{"self":[{"href":"https:\/\/experienciadevida.com.ar\/portalurbano\/wp-json\/wp\/v2\/posts\/145610"}],"collection":[{"href":"https:\/\/experienciadevida.com.ar\/portalurbano\/wp-json\/wp\/v2\/posts"}],"about":[{"href":"https:\/\/experienciadevida.com.ar\/portalurbano\/wp-json\/wp\/v2\/types\/post"}],"author":[{"embeddable":true,"href":"https:\/\/experienciadevida.com.ar\/portalurbano\/wp-json\/wp\/v2\/users\/1"}],"replies":[{"embeddable":true,"href":"https:\/\/experienciadevida.com.ar\/portalurbano\/wp-json\/wp\/v2\/comments?post=145610"}],"version-history":[{"count":4,"href":"https:\/\/experienciadevida.com.ar\/portalurbano\/wp-json\/wp\/v2\/posts\/145610\/revisions"}],"predecessor-version":[{"id":145617,"href":"https:\/\/experienciadevida.com.ar\/portalurbano\/wp-json\/wp\/v2\/posts\/145610\/revisions\/145617"}],"wp:featuredmedia":[{"embeddable":true,"href":"https:\/\/experienciadevida.com.ar\/portalurbano\/wp-json\/wp\/v2\/media\/145611"}],"wp:attachment":[{"href":"https:\/\/experienciadevida.com.ar\/portalurbano\/wp-json\/wp\/v2\/media?parent=145610"}],"wp:term":[{"taxonomy":"category","embeddable":true,"href":"https:\/\/experienciadevida.com.ar\/portalurbano\/wp-json\/wp\/v2\/categories?post=145610"},{"taxonomy":"post_tag","embeddable":true,"href":"https:\/\/experienciadevida.com.ar\/portalurbano\/wp-json\/wp\/v2\/tags?post=145610"}],"curies":[{"name":"wp","href":"https:\/\/api.w.org\/{rel}","templated":true}]}}