{"id":145601,"date":"2021-06-19T12:16:22","date_gmt":"2021-06-19T15:16:22","guid":{"rendered":"https:\/\/experienciadevida.com.ar\/portalurbano\/?p=145601"},"modified":"2021-06-19T12:19:37","modified_gmt":"2021-06-19T15:19:37","slug":"el-estado-cerca-tuyo-estara-en-el-barrio-provincias-unidas-y-se-suma-la-direccion-nacional-de-migraciones","status":"publish","type":"post","link":"https:\/\/experienciadevida.com.ar\/portalurbano\/el-estado-cerca-tuyo-estara-en-el-barrio-provincias-unidas-y-se-suma-la-direccion-nacional-de-migraciones\/","title":{"rendered":"El Estado Cerca Tuyo estar\u00e1 en el Barrio Provincias Unidas y se suma la Direcci\u00f3n Nacional de Migraciones"},"content":{"rendered":"<p>El Estado Cerca Tuyo estar\u00e1 en el Barrio Provincias Unidas y se suma la Direcci\u00f3n Nacional de Migraciones, vuelve el operativo interministerial y en esta oportunidad se podr\u00e1n realizar diferentes tr\u00e1mites en la Direcci\u00f3n Nacional de Migraciones que realizar\u00e1 solicitudes de Residencia y asesoramiento sobre Radicaci\u00f3n, entre otros, para garantizar el acceso a los derechos de toda la comunidad migrante.<\/p>\n<p>El s\u00e1bado 19 de junio organismos nacionales y provinciales estar\u00e1n en el barrio Provincias Unidas, en R\u00edo Negro entre Balcarce y Las Heras, de 10 a 13:30, atendiendo a los vecinos y vecinas que podr\u00e1n acercarse a realizar diferentes consultas.<\/p>\n<p>De la jornada participar\u00e1n representantes de PAMI, IOMA, ANSES, Direcci\u00f3n Nacional de Migraciones, Defensor\u00eda de la Provincia de Buenos Aires, Regi\u00f3n Sanitaria IX, Ministerio de Desarrollo Social, Subsecretar\u00eda de Derechos Humanos, Ministerio de Trabajo, Direcci\u00f3n General de Cultura y de Educaci\u00f3n, Sedronar, Ministerio de las Mujeres, Pol\u00edticas de G\u00e9nero y Diversidad Sexual, Comisi\u00f3n Nacional de Regulaci\u00f3n del Transporte, Registro Provincial de las personas y Plan FINES.<\/p>\n<p>El Estado cerca tuyo estar\u00e1 en el barrio provincias unidas Tr\u00e1mites que pueden realizarse:<\/p>\n<p>-Direcci\u00f3n Nacional de Migraciones: Tr\u00e1mites de Radicaciones, iniciar cambios de categor\u00eda (Temporaria a Permanente), emitir y renovar certificados de Residencia Precarias, resolver solicitudes de residencias, estado de tr\u00e1mites de Radicaci\u00f3n ya iniciados.<\/p>\n<p>-Anses: AUH, Asesoramiento Jubilaciones y pensiones, Seguro por Desempleo, Tarifa Social de Gas y Empadronamiento en Obra Social (Codem).<\/p>\n<p>-PAMI: Afiliaciones, internaciones domiciliarias, Oxigeno terapia, Tratamientos Onc\u00f3logicos, Tratamientos M\u00e9dicos y tr\u00e1mites Sociales.<\/p>\n<p>-Ministerio de trabajo: Programa preservar trabajo, asesoramiento laboral y subsidios de desempleo.<\/p>\n<p>-Ministerio de Desarrollo Social de la Naci\u00f3n: Programas de inclusi\u00f3n Social, Potenciar Trabajo, Tarjeta Alimentar y asesoramiento de Pol\u00edticas p\u00fablicas.<\/p>\n<p>-Red Puentes (Sedronar): Consumo problem\u00e1tico, situaci\u00f3n de calle y derivaci\u00f3n a comunidades terap\u00e9uticas.<\/p>\n<p>-Ministerio de las Mujeres, Pol\u00edticas de G\u00e9nero y Diversidad Sexual: dispositivos de abordaje, Asesoramiento sobre Programas para la salida de las violencias, capacitaci\u00f3n y formaci\u00f3n.<\/p>\n<p>-Defensor\u00eda del Pueblo: reclamos y consultas sobre las diferentes tem\u00e1ticas. Asesoramiento a asociaciones civiles para constituci\u00f3n, normalizaci\u00f3n ante Personas jur\u00eddicas.<\/p>\n<p>-Subsecretar\u00eda de Derechos Humanos de la Provincia de Buenos Aires: Demandas sobre casos de violencia institucional, Violencia policial, Contextos de encierro, Formaci\u00f3n y promoci\u00f3n de Derechos Humanos, Lesa humanidad.<\/p>\n<p>Ioma: Orientaci\u00f3n para inscribirse en la p\u00e1gina web del Ioma, App de IOMA DIGITAL, Inscripci\u00f3n en VACUNATE y consultas sobre afiliaciones.<\/p>\n<p>FINES: Informaci\u00f3n terminalidad de Secundaria Adultos, inscripci\u00f3n Fines Secundaria y Deudores de Materias, Plan Egresar.<\/p>\n<p>-Registro Provincial de las Personas: Inscripciones Fuera de Termino, Denuncias de Extrav\u00edo, Declaraciones Juradas de Domicilio y Certificados de Supervivencia, Cambios de Genero, Requisitos para realizar Matrimonios y Uniones Convivenciales.<\/p>\n<p>-Comisi\u00f3n Nacional de Regulaci\u00f3n del Transporte: Asesorar a las personas que cuentan con un pase de discapacidad, efectuar la reserva de pasajes y Tramitaci\u00f3n de denuncias.<\/p>\n<p>\u201cEl Estado Cerca Tuyo\u201d atender\u00e1 sin turno previo, ser\u00e1 por orden de llegada y todos los asistentes deber\u00e1n respetar los protocolos sanitarios, el distanciamiento social y uso obligatorio de barbijo.<\/p>\n","protected":false},"excerpt":{"rendered":"<p>El Estado Cerca Tuyo estar\u00e1 en el Barrio Provincias Unidas y se suma la Direcci\u00f3n&#8230;<\/p>\n","protected":false},"author":1,"featured_media":145345,"comment_status":"closed","ping_status":"closed","sticky":false,"template":"","format":"standard","meta":{"content-type":""},"categories":[27,51],"tags":[],"nelio_content":{"isAutoShareEnabled":false,"autoShareEndMode":"default","automationSources":{"useContentSentences":true,"useSocialTemplates":true,"useCustomSentences":false,"customSentences":[]},"followers":[1],"suggestedReferences":[],"includedReferences":[],"efiUrl":"","efiAlt":"","highlights":[]},"yoast_head":"<!-- This site is optimized with the Yoast SEO plugin v20.7 - https:\/\/yoast.com\/wordpress\/plugins\/seo\/ -->\n<title>El Estado cerca tuyo estar\u00e1 en el barrio provincias unidas<\/title>\n<meta name=\"description\" content=\"El Estado Cerca Tuyo estar\u00e1 en el Barrio Provincias Unidas y se suma la Direcci\u00f3n Nacional de Migraciones, vuelve el operativo\" \/>\n<meta name=\"robots\" content=\"index, follow, max-snippet:-1, max-image-preview:large, max-video-preview:-1\" \/>\n<link rel=\"canonical\" href=\"https:\/\/experienciadevida.com.ar\/portalurbano\/el-estado-cerca-tuyo-estara-en-el-barrio-provincias-unidas-y-se-suma-la-direccion-nacional-de-migraciones\/\" \/>\n<meta property=\"og:locale\" content=\"es_ES\" \/>\n<meta property=\"og:type\" content=\"article\" \/>\n<meta property=\"og:title\" content=\"El Estado cerca tuyo estar\u00e1 en el barrio provincias unidas\" \/>\n<meta property=\"og:description\" content=\"El Estado Cerca Tuyo estar\u00e1 en el Barrio Provincias Unidas y se suma la Direcci\u00f3n Nacional de Migraciones, vuelve el operativo\" \/>\n<meta property=\"og:url\" content=\"https:\/\/experienciadevida.com.ar\/portalurbano\/el-estado-cerca-tuyo-estara-en-el-barrio-provincias-unidas-y-se-suma-la-direccion-nacional-de-migraciones\/\" \/>\n<meta property=\"article:publisher\" content=\"https:\/\/www.facebook.com\/Portal-Urbano-171542830093757\/\" \/>\n<meta property=\"article:published_time\" content=\"2021-06-19T15:16:22+00:00\" \/>\n<meta property=\"article:modified_time\" content=\"2021-06-19T15:19:37+00:00\" \/>\n<meta property=\"og:image\" content=\"https:\/\/experienciadevida.com.ar\/portalurbano\/wp-content\/uploads\/2021\/06\/Este-sabado-el-Estado-cerca.jpg\" \/>\n\t<meta property=\"og:image:width\" content=\"1280\" \/>\n\t<meta property=\"og:image:height\" content=\"960\" \/>\n\t<meta property=\"og:image:type\" content=\"image\/jpeg\" \/>\n<meta name=\"author\" content=\"admpu17wp\" \/>\n<meta name=\"twitter:card\" content=\"summary_large_image\" \/>\n<meta name=\"twitter:creator\" content=\"@portalurbanook\" \/>\n<meta name=\"twitter:site\" content=\"@portalurbanook\" \/>\n<meta name=\"twitter:label1\" content=\"Escrito por\" \/>\n\t<meta name=\"twitter:data1\" content=\"admpu17wp\" \/>\n\t<meta name=\"twitter:label2\" content=\"Tiempo de lectura\" \/>\n\t<meta name=\"twitter:data2\" content=\"3 minutos\" \/>\n<script type=\"application\/ld+json\" class=\"yoast-schema-graph\">{\"@context\":\"https:\/\/schema.org\",\"@graph\":[{\"@type\":\"Article\",\"@id\":\"https:\/\/experienciadevida.com.ar\/portalurbano\/el-estado-cerca-tuyo-estara-en-el-barrio-provincias-unidas-y-se-suma-la-direccion-nacional-de-migraciones\/#article\",\"isPartOf\":{\"@id\":\"https:\/\/experienciadevida.com.ar\/portalurbano\/el-estado-cerca-tuyo-estara-en-el-barrio-provincias-unidas-y-se-suma-la-direccion-nacional-de-migraciones\/\"},\"author\":{\"name\":\"admpu17wp\",\"@id\":\"https:\/\/experienciadevida.com.ar\/portalurbano\/#\/schema\/person\/02dd326b1c4b056e9cc972486934a3a7\"},\"headline\":\"El Estado Cerca Tuyo estar\u00e1 en el Barrio Provincias Unidas y se suma la Direcci\u00f3n Nacional de Migraciones\",\"datePublished\":\"2021-06-19T15:16:22+00:00\",\"dateModified\":\"2021-06-19T15:19:37+00:00\",\"mainEntityOfPage\":{\"@id\":\"https:\/\/experienciadevida.com.ar\/portalurbano\/el-estado-cerca-tuyo-estara-en-el-barrio-provincias-unidas-y-se-suma-la-direccion-nacional-de-migraciones\/\"},\"wordCount\":560,\"publisher\":{\"@id\":\"https:\/\/experienciadevida.com.ar\/portalurbano\/#organization\"},\"articleSection\":[\"Ciudad\",\"Destacadas\"],\"inLanguage\":\"es\"},{\"@type\":\"WebPage\",\"@id\":\"https:\/\/experienciadevida.com.ar\/portalurbano\/el-estado-cerca-tuyo-estara-en-el-barrio-provincias-unidas-y-se-suma-la-direccion-nacional-de-migraciones\/\",\"url\":\"https:\/\/experienciadevida.com.ar\/portalurbano\/el-estado-cerca-tuyo-estara-en-el-barrio-provincias-unidas-y-se-suma-la-direccion-nacional-de-migraciones\/\",\"name\":\"El Estado cerca tuyo estar\u00e1 en el barrio provincias unidas\",\"isPartOf\":{\"@id\":\"https:\/\/experienciadevida.com.ar\/portalurbano\/#website\"},\"datePublished\":\"2021-06-19T15:16:22+00:00\",\"dateModified\":\"2021-06-19T15:19:37+00:00\",\"description\":\"El Estado Cerca Tuyo estar\u00e1 en el Barrio Provincias Unidas y se suma la Direcci\u00f3n Nacional de Migraciones, vuelve el operativo\",\"breadcrumb\":{\"@id\":\"https:\/\/experienciadevida.com.ar\/portalurbano\/el-estado-cerca-tuyo-estara-en-el-barrio-provincias-unidas-y-se-suma-la-direccion-nacional-de-migraciones\/#breadcrumb\"},\"inLanguage\":\"es\",\"potentialAction\":[{\"@type\":\"ReadAction\",\"target\":[\"https:\/\/experienciadevida.com.ar\/portalurbano\/el-estado-cerca-tuyo-estara-en-el-barrio-provincias-unidas-y-se-suma-la-direccion-nacional-de-migraciones\/\"]}]},{\"@type\":\"BreadcrumbList\",\"@id\":\"https:\/\/experienciadevida.com.ar\/portalurbano\/el-estado-cerca-tuyo-estara-en-el-barrio-provincias-unidas-y-se-suma-la-direccion-nacional-de-migraciones\/#breadcrumb\",\"itemListElement\":[{\"@type\":\"ListItem\",\"position\":1,\"name\":\"Portada\",\"item\":\"https:\/\/experienciadevida.com.ar\/portalurbano\/\"},{\"@type\":\"ListItem\",\"position\":2,\"name\":\"El Estado Cerca Tuyo estar\u00e1 en el Barrio Provincias Unidas y se suma la Direcci\u00f3n Nacional de Migraciones\"}]},{\"@type\":\"WebSite\",\"@id\":\"https:\/\/experienciadevida.com.ar\/portalurbano\/#website\",\"url\":\"https:\/\/experienciadevida.com.ar\/portalurbano\/\",\"name\":\"\",\"description\":\"\",\"publisher\":{\"@id\":\"https:\/\/experienciadevida.com.ar\/portalurbano\/#organization\"},\"potentialAction\":[{\"@type\":\"SearchAction\",\"target\":{\"@type\":\"EntryPoint\",\"urlTemplate\":\"https:\/\/experienciadevida.com.ar\/portalurbano\/?s={search_term_string}\"},\"query-input\":\"required name=search_term_string\"}],\"inLanguage\":\"es\"},{\"@type\":\"Organization\",\"@id\":\"https:\/\/experienciadevida.com.ar\/portalurbano\/#organization\",\"name\":\"Portal Urbano\",\"url\":\"https:\/\/experienciadevida.com.ar\/portalurbano\/\",\"logo\":{\"@type\":\"ImageObject\",\"inLanguage\":\"es\",\"@id\":\"https:\/\/experienciadevida.com.ar\/portalurbano\/#\/schema\/logo\/image\/\",\"url\":\"https:\/\/experienciadevida.com.ar\/portalurbano\/wp-content\/uploads\/2019\/09\/Logo-Original.png\",\"contentUrl\":\"https:\/\/experienciadevida.com.ar\/portalurbano\/wp-content\/uploads\/2019\/09\/Logo-Original.png\",\"width\":2236,\"height\":1216,\"caption\":\"Portal Urbano\"},\"image\":{\"@id\":\"https:\/\/experienciadevida.com.ar\/portalurbano\/#\/schema\/logo\/image\/\"},\"sameAs\":[\"https:\/\/www.facebook.com\/Portal-Urbano-171542830093757\/\",\"https:\/\/twitter.com\/portalurbanook\",\"https:\/\/www.instagram.com\/_portalurbano\/\",\"https:\/\/www.youtube.com\/channel\/UCXhagIfszH8KxFiOok79zbA?view_as=subscriber\"]},{\"@type\":\"Person\",\"@id\":\"https:\/\/experienciadevida.com.ar\/portalurbano\/#\/schema\/person\/02dd326b1c4b056e9cc972486934a3a7\",\"name\":\"admpu17wp\",\"image\":{\"@type\":\"ImageObject\",\"inLanguage\":\"es\",\"@id\":\"https:\/\/experienciadevida.com.ar\/portalurbano\/#\/schema\/person\/image\/\",\"url\":\"https:\/\/secure.gravatar.com\/avatar\/830d4c57adaae6630765e449a6908047?s=96&d=mm&r=g\",\"contentUrl\":\"https:\/\/secure.gravatar.com\/avatar\/830d4c57adaae6630765e449a6908047?s=96&d=mm&r=g\",\"caption\":\"admpu17wp\"}}]}<\/script>\n<!-- \/ Yoast SEO plugin. -->","yoast_head_json":{"title":"El Estado cerca tuyo estar\u00e1 en el barrio provincias unidas","description":"El Estado Cerca Tuyo estar\u00e1 en el Barrio Provincias Unidas y se suma la Direcci\u00f3n Nacional de Migraciones, vuelve el operativo","robots":{"index":"index","follow":"follow","max-snippet":"max-snippet:-1","max-image-preview":"max-image-preview:large","max-video-preview":"max-video-preview:-1"},"canonical":"https:\/\/experienciadevida.com.ar\/portalurbano\/el-estado-cerca-tuyo-estara-en-el-barrio-provincias-unidas-y-se-suma-la-direccion-nacional-de-migraciones\/","og_locale":"es_ES","og_type":"article","og_title":"El Estado cerca tuyo estar\u00e1 en el barrio provincias unidas","og_description":"El Estado Cerca Tuyo estar\u00e1 en el Barrio Provincias Unidas y se suma la Direcci\u00f3n Nacional de Migraciones, vuelve el operativo","og_url":"https:\/\/experienciadevida.com.ar\/portalurbano\/el-estado-cerca-tuyo-estara-en-el-barrio-provincias-unidas-y-se-suma-la-direccion-nacional-de-migraciones\/","article_publisher":"https:\/\/www.facebook.com\/Portal-Urbano-171542830093757\/","article_published_time":"2021-06-19T15:16:22+00:00","article_modified_time":"2021-06-19T15:19:37+00:00","og_image":[{"width":1280,"height":960,"url":"https:\/\/experienciadevida.com.ar\/portalurbano\/wp-content\/uploads\/2021\/06\/Este-sabado-el-Estado-cerca.jpg","type":"image\/jpeg"}],"author":"admpu17wp","twitter_card":"summary_large_image","twitter_creator":"@portalurbanook","twitter_site":"@portalurbanook","twitter_misc":{"Escrito por":"admpu17wp","Tiempo de lectura":"3 minutos"},"schema":{"@context":"https:\/\/schema.org","@graph":[{"@type":"Article","@id":"https:\/\/experienciadevida.com.ar\/portalurbano\/el-estado-cerca-tuyo-estara-en-el-barrio-provincias-unidas-y-se-suma-la-direccion-nacional-de-migraciones\/#article","isPartOf":{"@id":"https:\/\/experienciadevida.com.ar\/portalurbano\/el-estado-cerca-tuyo-estara-en-el-barrio-provincias-unidas-y-se-suma-la-direccion-nacional-de-migraciones\/"},"author":{"name":"admpu17wp","@id":"https:\/\/experienciadevida.com.ar\/portalurbano\/#\/schema\/person\/02dd326b1c4b056e9cc972486934a3a7"},"headline":"El Estado Cerca Tuyo estar\u00e1 en el Barrio Provincias Unidas y se suma la Direcci\u00f3n Nacional de Migraciones","datePublished":"2021-06-19T15:16:22+00:00","dateModified":"2021-06-19T15:19:37+00:00","mainEntityOfPage":{"@id":"https:\/\/experienciadevida.com.ar\/portalurbano\/el-estado-cerca-tuyo-estara-en-el-barrio-provincias-unidas-y-se-suma-la-direccion-nacional-de-migraciones\/"},"wordCount":560,"publisher":{"@id":"https:\/\/experienciadevida.com.ar\/portalurbano\/#organization"},"articleSection":["Ciudad","Destacadas"],"inLanguage":"es"},{"@type":"WebPage","@id":"https:\/\/experienciadevida.com.ar\/portalurbano\/el-estado-cerca-tuyo-estara-en-el-barrio-provincias-unidas-y-se-suma-la-direccion-nacional-de-migraciones\/","url":"https:\/\/experienciadevida.com.ar\/portalurbano\/el-estado-cerca-tuyo-estara-en-el-barrio-provincias-unidas-y-se-suma-la-direccion-nacional-de-migraciones\/","name":"El Estado cerca tuyo estar\u00e1 en el barrio provincias unidas","isPartOf":{"@id":"https:\/\/experienciadevida.com.ar\/portalurbano\/#website"},"datePublished":"2021-06-19T15:16:22+00:00","dateModified":"2021-06-19T15:19:37+00:00","description":"El Estado Cerca Tuyo estar\u00e1 en el Barrio Provincias Unidas y se suma la Direcci\u00f3n Nacional de Migraciones, vuelve el operativo","breadcrumb":{"@id":"https:\/\/experienciadevida.com.ar\/portalurbano\/el-estado-cerca-tuyo-estara-en-el-barrio-provincias-unidas-y-se-suma-la-direccion-nacional-de-migraciones\/#breadcrumb"},"inLanguage":"es","potentialAction":[{"@type":"ReadAction","target":["https:\/\/experienciadevida.com.ar\/portalurbano\/el-estado-cerca-tuyo-estara-en-el-barrio-provincias-unidas-y-se-suma-la-direccion-nacional-de-migraciones\/"]}]},{"@type":"BreadcrumbList","@id":"https:\/\/experienciadevida.com.ar\/portalurbano\/el-estado-cerca-tuyo-estara-en-el-barrio-provincias-unidas-y-se-suma-la-direccion-nacional-de-migraciones\/#breadcrumb","itemListElement":[{"@type":"ListItem","position":1,"name":"Portada","item":"https:\/\/experienciadevida.com.ar\/portalurbano\/"},{"@type":"ListItem","position":2,"name":"El Estado Cerca Tuyo estar\u00e1 en el Barrio Provincias Unidas y se suma la Direcci\u00f3n Nacional de Migraciones"}]},{"@type":"WebSite","@id":"https:\/\/experienciadevida.com.ar\/portalurbano\/#website","url":"https:\/\/experienciadevida.com.ar\/portalurbano\/","name":"","description":"","publisher":{"@id":"https:\/\/experienciadevida.com.ar\/portalurbano\/#organization"},"potentialAction":[{"@type":"SearchAction","target":{"@type":"EntryPoint","urlTemplate":"https:\/\/experienciadevida.com.ar\/portalurbano\/?s={search_term_string}"},"query-input":"required name=search_term_string"}],"inLanguage":"es"},{"@type":"Organization","@id":"https:\/\/experienciadevida.com.ar\/portalurbano\/#organization","name":"Portal Urbano","url":"https:\/\/experienciadevida.com.ar\/portalurbano\/","logo":{"@type":"ImageObject","inLanguage":"es","@id":"https:\/\/experienciadevida.com.ar\/portalurbano\/#\/schema\/logo\/image\/","url":"https:\/\/experienciadevida.com.ar\/portalurbano\/wp-content\/uploads\/2019\/09\/Logo-Original.png","contentUrl":"https:\/\/experienciadevida.com.ar\/portalurbano\/wp-content\/uploads\/2019\/09\/Logo-Original.png","width":2236,"height":1216,"caption":"Portal Urbano"},"image":{"@id":"https:\/\/experienciadevida.com.ar\/portalurbano\/#\/schema\/logo\/image\/"},"sameAs":["https:\/\/www.facebook.com\/Portal-Urbano-171542830093757\/","https:\/\/twitter.com\/portalurbanook","https:\/\/www.instagram.com\/_portalurbano\/","https:\/\/www.youtube.com\/channel\/UCXhagIfszH8KxFiOok79zbA?view_as=subscriber"]},{"@type":"Person","@id":"https:\/\/experienciadevida.com.ar\/portalurbano\/#\/schema\/person\/02dd326b1c4b056e9cc972486934a3a7","name":"admpu17wp","image":{"@type":"ImageObject","inLanguage":"es","@id":"https:\/\/experienciadevida.com.ar\/portalurbano\/#\/schema\/person\/image\/","url":"https:\/\/secure.gravatar.com\/avatar\/830d4c57adaae6630765e449a6908047?s=96&d=mm&r=g","contentUrl":"https:\/\/secure.gravatar.com\/avatar\/830d4c57adaae6630765e449a6908047?s=96&d=mm&r=g","caption":"admpu17wp"}}]}},"featured_image_urls":{"full":["https:\/\/experienciadevida.com.ar\/portalurbano\/wp-content\/uploads\/2021\/06\/Este-sabado-el-Estado-cerca.jpg",1280,960,false],"thumbnail":["https:\/\/experienciadevida.com.ar\/portalurbano\/wp-content\/uploads\/2021\/06\/Este-sabado-el-Estado-cerca-150x150.jpg",150,150,true],"medium":["https:\/\/experienciadevida.com.ar\/portalurbano\/wp-content\/uploads\/2021\/06\/Este-sabado-el-Estado-cerca-300x225.jpg",300,225,true],"medium_large":["https:\/\/experienciadevida.com.ar\/portalurbano\/wp-content\/uploads\/2021\/06\/Este-sabado-el-Estado-cerca-768x576.jpg",640,480,true],"large":["https:\/\/experienciadevida.com.ar\/portalurbano\/wp-content\/uploads\/2021\/06\/Este-sabado-el-Estado-cerca-1024x768.jpg",640,480,true],"ug_big":["https:\/\/experienciadevida.com.ar\/portalurbano\/wp-content\/uploads\/2021\/06\/Este-sabado-el-Estado-cerca-768x576.jpg",768,576,true],"1536x1536":["https:\/\/experienciadevida.com.ar\/portalurbano\/wp-content\/uploads\/2021\/06\/Este-sabado-el-Estado-cerca.jpg",1280,960,false],"2048x2048":["https:\/\/experienciadevida.com.ar\/portalurbano\/wp-content\/uploads\/2021\/06\/Este-sabado-el-Estado-cerca.jpg",1280,960,false],"newsever-slider-full":["https:\/\/experienciadevida.com.ar\/portalurbano\/wp-content\/uploads\/2021\/06\/Este-sabado-el-Estado-cerca.jpg",1127,845,false],"newsever-featured":["https:\/\/experienciadevida.com.ar\/portalurbano\/wp-content\/uploads\/2021\/06\/Este-sabado-el-Estado-cerca.jpg",1024,768,false],"newsever-medium":["https:\/\/experienciadevida.com.ar\/portalurbano\/wp-content\/uploads\/2021\/06\/Este-sabado-el-Estado-cerca.jpg",633,475,false],"web-stories-poster-portrait":["https:\/\/experienciadevida.com.ar\/portalurbano\/wp-content\/uploads\/2021\/06\/Este-sabado-el-Estado-cerca.jpg",640,480,false],"web-stories-publisher-logo":["https:\/\/experienciadevida.com.ar\/portalurbano\/wp-content\/uploads\/2021\/06\/Este-sabado-el-Estado-cerca.jpg",96,72,false],"web-stories-thumbnail":["https:\/\/experienciadevida.com.ar\/portalurbano\/wp-content\/uploads\/2021\/06\/Este-sabado-el-Estado-cerca.jpg",150,113,false]},"author_info":{"display_name":"admpu17wp","author_link":"https:\/\/experienciadevida.com.ar\/portalurbano\/author\/admpu17wp\/"},"category_info":"<a href=\"https:\/\/experienciadevida.com.ar\/portalurbano\/category\/ciudad\/\" rel=\"category tag\">Ciudad<\/a> <a href=\"https:\/\/experienciadevida.com.ar\/portalurbano\/category\/destacadas\/\" rel=\"category tag\">Destacadas<\/a>","tag_info":"Destacadas","comment_count":"0","amp_enabled":true,"_links":{"self":[{"href":"https:\/\/experienciadevida.com.ar\/portalurbano\/wp-json\/wp\/v2\/posts\/145601"}],"collection":[{"href":"https:\/\/experienciadevida.com.ar\/portalurbano\/wp-json\/wp\/v2\/posts"}],"about":[{"href":"https:\/\/experienciadevida.com.ar\/portalurbano\/wp-json\/wp\/v2\/types\/post"}],"author":[{"embeddable":true,"href":"https:\/\/experienciadevida.com.ar\/portalurbano\/wp-json\/wp\/v2\/users\/1"}],"replies":[{"embeddable":true,"href":"https:\/\/experienciadevida.com.ar\/portalurbano\/wp-json\/wp\/v2\/comments?post=145601"}],"version-history":[{"count":3,"href":"https:\/\/experienciadevida.com.ar\/portalurbano\/wp-json\/wp\/v2\/posts\/145601\/revisions"}],"predecessor-version":[{"id":145604,"href":"https:\/\/experienciadevida.com.ar\/portalurbano\/wp-json\/wp\/v2\/posts\/145601\/revisions\/145604"}],"wp:featuredmedia":[{"embeddable":true,"href":"https:\/\/experienciadevida.com.ar\/portalurbano\/wp-json\/wp\/v2\/media\/145345"}],"wp:attachment":[{"href":"https:\/\/experienciadevida.com.ar\/portalurbano\/wp-json\/wp\/v2\/media?parent=145601"}],"wp:term":[{"taxonomy":"category","embeddable":true,"href":"https:\/\/experienciadevida.com.ar\/portalurbano\/wp-json\/wp\/v2\/categories?post=145601"},{"taxonomy":"post_tag","embeddable":true,"href":"https:\/\/experienciadevida.com.ar\/portalurbano\/wp-json\/wp\/v2\/tags?post=145601"}],"curies":[{"name":"wp","href":"https:\/\/api.w.org\/{rel}","templated":true}]}}