{"id":145543,"date":"2021-06-18T16:57:58","date_gmt":"2021-06-18T19:57:58","guid":{"rendered":"https:\/\/experienciadevida.com.ar\/portalurbano\/?p=145543"},"modified":"2021-06-18T17:21:12","modified_gmt":"2021-06-18T20:21:12","slug":"galli-se-reunio-con-horacio-rodriguez-larreta-y-otros-intendentes","status":"publish","type":"post","link":"https:\/\/experienciadevida.com.ar\/portalurbano\/galli-se-reunio-con-horacio-rodriguez-larreta-y-otros-intendentes\/","title":{"rendered":"Galli se reuni\u00f3 con Horacio Rodriguez Larreta y otros Intendentes"},"content":{"rendered":"<p>Galli se reuni\u00f3 con Horacio Rodr\u00edguez Larreta y otros Intendentes, con sumo hermetismo Intendentes se reunieron en Olavarria, fue en la jornada de este viernes, el almuerzo tuvo lugar en el Restaurante del Club Estudiantes, adem\u00e0s el Intendente Ezequiel <a href=\"https:\/\/www.facebook.com\/galliezequiel\">Galli<\/a> recibi\u00f2 a Horacio Rodr\u00ecguez <a href=\"https:\/\/experienciadevida.com.ar\/portalurbano\/el-intendente-recibio-al-jefe-de-gobierno-de-la-ciudad-horacio-rodriguez-larreta\/\">Larreta en el marco de una visita Institucional.<\/a><\/p>\n<p>La ciudad de Buenos Aires y de Olavarr\u00eca trabajaran juntas para mejorar la educaci\u00f2n e innovacion, capacitaci\u00f3n e intercambio de experiencias para fortalecer y promover la innovaci\u00f3n en materia educativa.<\/p>\n<p>Galli se reuni\u00f3 con Horacio Rodr\u00edguez Larreta y otros Intendentes, Olavarr\u00eda y la Ciudad de Buenos Aires trabajar\u00e1n juntos en acciones de cooperaci\u00f3n, enfocadas en educaci\u00f3n e innovaci\u00f3n. Algunos de los programas que cre\u00f3 la Ciudad de Buenos Aires y en los que ya est\u00e1 trabajando Olavarr\u00eda para replicar son: &#8220;Aprende Programando&#8221; y &#8220;Codo a Codo&#8221;, para que estudiantes de secundaria, j\u00f3venes y adultos puedan capacitarse de manera online en programaci\u00f3n.<\/p>\n<p>El convenio firmado incluye adem\u00e1s distintas acciones como: la asistencia t\u00e9cnica en la ejecuci\u00f3n de cursos y talleres que favorezcan el desarrollo profesional, social y personal de los vecinos; el Intercambio de informaci\u00f3n para ampliar las posibilidades de acceso a la educaci\u00f3n de j\u00f3venes y adultos; la contribuci\u00f3n a la formaci\u00f3n de recursos humanos en temas de programaci\u00f3n y rob\u00f3tica; y la recepci\u00f3n rec\u00edproca de expertos y funcionarios con el fin de permitir el intercambio de informaci\u00f3n y de experiencias sobre temas seleccionados.<\/p>\n","protected":false},"excerpt":{"rendered":"<p>Galli se reuni\u00f3 con Horacio Rodr\u00edguez Larreta y otros Intendentes, con sumo hermetismo Intendentes se&#8230;<\/p>\n","protected":false},"author":1,"featured_media":145544,"comment_status":"closed","ping_status":"closed","sticky":false,"template":"","format":"standard","meta":{"content-type":""},"categories":[64,43],"tags":[],"nelio_content":{"isAutoShareEnabled":false,"autoShareEndMode":"default","automationSources":{"useContentSentences":true,"useSocialTemplates":true,"useCustomSentences":false,"customSentences":[]},"followers":[1],"suggestedReferences":[],"includedReferences":[],"efiUrl":"","efiAlt":"","highlights":[]},"yoast_head":"<!-- This site is optimized with the Yoast SEO plugin v20.7 - https:\/\/yoast.com\/wordpress\/plugins\/seo\/ -->\n<title>Galli se reuni\u00f3 con Horacio Rodr\u00edguez Larreta y otros Intendentes<\/title>\n<meta name=\"description\" content=\"Galli se reuni\u00f3 con Horacio Rodr\u00edguez Larreta y otros Intendentes, con sumo hermetismo se reunieron en nuestra ciudad este viernes\" \/>\n<meta name=\"robots\" content=\"index, follow, max-snippet:-1, max-image-preview:large, max-video-preview:-1\" \/>\n<link rel=\"canonical\" href=\"https:\/\/experienciadevida.com.ar\/portalurbano\/galli-se-reunio-con-horacio-rodriguez-larreta-y-otros-intendentes\/\" \/>\n<meta property=\"og:locale\" content=\"es_ES\" \/>\n<meta property=\"og:type\" content=\"article\" \/>\n<meta property=\"og:title\" content=\"Galli se reuni\u00f3 con Horacio Rodr\u00edguez Larreta y otros Intendentes\" \/>\n<meta property=\"og:description\" content=\"Galli se reuni\u00f3 con Horacio Rodr\u00edguez Larreta y otros Intendentes, con sumo hermetismo se reunieron en nuestra ciudad este viernes\" \/>\n<meta property=\"og:url\" content=\"https:\/\/experienciadevida.com.ar\/portalurbano\/galli-se-reunio-con-horacio-rodriguez-larreta-y-otros-intendentes\/\" \/>\n<meta property=\"article:publisher\" content=\"https:\/\/www.facebook.com\/Portal-Urbano-171542830093757\/\" \/>\n<meta property=\"article:published_time\" content=\"2021-06-18T19:57:58+00:00\" \/>\n<meta property=\"article:modified_time\" content=\"2021-06-18T20:21:12+00:00\" \/>\n<meta property=\"og:image\" content=\"https:\/\/experienciadevida.com.ar\/portalurbano\/wp-content\/uploads\/2021\/06\/Intendentes.jpg\" \/>\n\t<meta property=\"og:image:width\" content=\"1280\" \/>\n\t<meta property=\"og:image:height\" content=\"852\" \/>\n\t<meta property=\"og:image:type\" content=\"image\/jpeg\" \/>\n<meta name=\"author\" content=\"admpu17wp\" \/>\n<meta name=\"twitter:card\" content=\"summary_large_image\" \/>\n<meta name=\"twitter:creator\" content=\"@portalurbanook\" \/>\n<meta name=\"twitter:site\" content=\"@portalurbanook\" \/>\n<meta name=\"twitter:label1\" content=\"Escrito por\" \/>\n\t<meta name=\"twitter:data1\" content=\"admpu17wp\" \/>\n\t<meta name=\"twitter:label2\" content=\"Tiempo de lectura\" \/>\n\t<meta name=\"twitter:data2\" content=\"2 minutos\" \/>\n<script type=\"application\/ld+json\" class=\"yoast-schema-graph\">{\"@context\":\"https:\/\/schema.org\",\"@graph\":[{\"@type\":\"Article\",\"@id\":\"https:\/\/experienciadevida.com.ar\/portalurbano\/galli-se-reunio-con-horacio-rodriguez-larreta-y-otros-intendentes\/#article\",\"isPartOf\":{\"@id\":\"https:\/\/experienciadevida.com.ar\/portalurbano\/galli-se-reunio-con-horacio-rodriguez-larreta-y-otros-intendentes\/\"},\"author\":{\"name\":\"admpu17wp\",\"@id\":\"https:\/\/experienciadevida.com.ar\/portalurbano\/#\/schema\/person\/02dd326b1c4b056e9cc972486934a3a7\"},\"headline\":\"Galli se reuni\u00f3 con Horacio Rodriguez Larreta y otros Intendentes\",\"datePublished\":\"2021-06-18T19:57:58+00:00\",\"dateModified\":\"2021-06-18T20:21:12+00:00\",\"mainEntityOfPage\":{\"@id\":\"https:\/\/experienciadevida.com.ar\/portalurbano\/galli-se-reunio-con-horacio-rodriguez-larreta-y-otros-intendentes\/\"},\"wordCount\":275,\"publisher\":{\"@id\":\"https:\/\/experienciadevida.com.ar\/portalurbano\/#organization\"},\"articleSection\":[\"Destacadas 2\",\"Pol\u00edtica\"],\"inLanguage\":\"es\"},{\"@type\":\"WebPage\",\"@id\":\"https:\/\/experienciadevida.com.ar\/portalurbano\/galli-se-reunio-con-horacio-rodriguez-larreta-y-otros-intendentes\/\",\"url\":\"https:\/\/experienciadevida.com.ar\/portalurbano\/galli-se-reunio-con-horacio-rodriguez-larreta-y-otros-intendentes\/\",\"name\":\"Galli se reuni\u00f3 con Horacio Rodr\u00edguez Larreta y otros Intendentes\",\"isPartOf\":{\"@id\":\"https:\/\/experienciadevida.com.ar\/portalurbano\/#website\"},\"datePublished\":\"2021-06-18T19:57:58+00:00\",\"dateModified\":\"2021-06-18T20:21:12+00:00\",\"description\":\"Galli se reuni\u00f3 con Horacio Rodr\u00edguez Larreta y otros Intendentes, con sumo hermetismo se reunieron en nuestra ciudad este viernes\",\"breadcrumb\":{\"@id\":\"https:\/\/experienciadevida.com.ar\/portalurbano\/galli-se-reunio-con-horacio-rodriguez-larreta-y-otros-intendentes\/#breadcrumb\"},\"inLanguage\":\"es\",\"potentialAction\":[{\"@type\":\"ReadAction\",\"target\":[\"https:\/\/experienciadevida.com.ar\/portalurbano\/galli-se-reunio-con-horacio-rodriguez-larreta-y-otros-intendentes\/\"]}]},{\"@type\":\"BreadcrumbList\",\"@id\":\"https:\/\/experienciadevida.com.ar\/portalurbano\/galli-se-reunio-con-horacio-rodriguez-larreta-y-otros-intendentes\/#breadcrumb\",\"itemListElement\":[{\"@type\":\"ListItem\",\"position\":1,\"name\":\"Portada\",\"item\":\"https:\/\/experienciadevida.com.ar\/portalurbano\/\"},{\"@type\":\"ListItem\",\"position\":2,\"name\":\"Galli se reuni\u00f3 con Horacio Rodriguez Larreta y otros Intendentes\"}]},{\"@type\":\"WebSite\",\"@id\":\"https:\/\/experienciadevida.com.ar\/portalurbano\/#website\",\"url\":\"https:\/\/experienciadevida.com.ar\/portalurbano\/\",\"name\":\"\",\"description\":\"\",\"publisher\":{\"@id\":\"https:\/\/experienciadevida.com.ar\/portalurbano\/#organization\"},\"potentialAction\":[{\"@type\":\"SearchAction\",\"target\":{\"@type\":\"EntryPoint\",\"urlTemplate\":\"https:\/\/experienciadevida.com.ar\/portalurbano\/?s={search_term_string}\"},\"query-input\":\"required name=search_term_string\"}],\"inLanguage\":\"es\"},{\"@type\":\"Organization\",\"@id\":\"https:\/\/experienciadevida.com.ar\/portalurbano\/#organization\",\"name\":\"Portal Urbano\",\"url\":\"https:\/\/experienciadevida.com.ar\/portalurbano\/\",\"logo\":{\"@type\":\"ImageObject\",\"inLanguage\":\"es\",\"@id\":\"https:\/\/experienciadevida.com.ar\/portalurbano\/#\/schema\/logo\/image\/\",\"url\":\"https:\/\/experienciadevida.com.ar\/portalurbano\/wp-content\/uploads\/2019\/09\/Logo-Original.png\",\"contentUrl\":\"https:\/\/experienciadevida.com.ar\/portalurbano\/wp-content\/uploads\/2019\/09\/Logo-Original.png\",\"width\":2236,\"height\":1216,\"caption\":\"Portal Urbano\"},\"image\":{\"@id\":\"https:\/\/experienciadevida.com.ar\/portalurbano\/#\/schema\/logo\/image\/\"},\"sameAs\":[\"https:\/\/www.facebook.com\/Portal-Urbano-171542830093757\/\",\"https:\/\/twitter.com\/portalurbanook\",\"https:\/\/www.instagram.com\/_portalurbano\/\",\"https:\/\/www.youtube.com\/channel\/UCXhagIfszH8KxFiOok79zbA?view_as=subscriber\"]},{\"@type\":\"Person\",\"@id\":\"https:\/\/experienciadevida.com.ar\/portalurbano\/#\/schema\/person\/02dd326b1c4b056e9cc972486934a3a7\",\"name\":\"admpu17wp\",\"image\":{\"@type\":\"ImageObject\",\"inLanguage\":\"es\",\"@id\":\"https:\/\/experienciadevida.com.ar\/portalurbano\/#\/schema\/person\/image\/\",\"url\":\"https:\/\/secure.gravatar.com\/avatar\/830d4c57adaae6630765e449a6908047?s=96&d=mm&r=g\",\"contentUrl\":\"https:\/\/secure.gravatar.com\/avatar\/830d4c57adaae6630765e449a6908047?s=96&d=mm&r=g\",\"caption\":\"admpu17wp\"}}]}<\/script>\n<!-- \/ Yoast SEO plugin. -->","yoast_head_json":{"title":"Galli se reuni\u00f3 con Horacio Rodr\u00edguez Larreta y otros Intendentes","description":"Galli se reuni\u00f3 con Horacio Rodr\u00edguez Larreta y otros Intendentes, con sumo hermetismo se reunieron en nuestra ciudad este viernes","robots":{"index":"index","follow":"follow","max-snippet":"max-snippet:-1","max-image-preview":"max-image-preview:large","max-video-preview":"max-video-preview:-1"},"canonical":"https:\/\/experienciadevida.com.ar\/portalurbano\/galli-se-reunio-con-horacio-rodriguez-larreta-y-otros-intendentes\/","og_locale":"es_ES","og_type":"article","og_title":"Galli se reuni\u00f3 con Horacio Rodr\u00edguez Larreta y otros Intendentes","og_description":"Galli se reuni\u00f3 con Horacio Rodr\u00edguez Larreta y otros Intendentes, con sumo hermetismo se reunieron en nuestra ciudad este viernes","og_url":"https:\/\/experienciadevida.com.ar\/portalurbano\/galli-se-reunio-con-horacio-rodriguez-larreta-y-otros-intendentes\/","article_publisher":"https:\/\/www.facebook.com\/Portal-Urbano-171542830093757\/","article_published_time":"2021-06-18T19:57:58+00:00","article_modified_time":"2021-06-18T20:21:12+00:00","og_image":[{"width":1280,"height":852,"url":"https:\/\/experienciadevida.com.ar\/portalurbano\/wp-content\/uploads\/2021\/06\/Intendentes.jpg","type":"image\/jpeg"}],"author":"admpu17wp","twitter_card":"summary_large_image","twitter_creator":"@portalurbanook","twitter_site":"@portalurbanook","twitter_misc":{"Escrito por":"admpu17wp","Tiempo de lectura":"2 minutos"},"schema":{"@context":"https:\/\/schema.org","@graph":[{"@type":"Article","@id":"https:\/\/experienciadevida.com.ar\/portalurbano\/galli-se-reunio-con-horacio-rodriguez-larreta-y-otros-intendentes\/#article","isPartOf":{"@id":"https:\/\/experienciadevida.com.ar\/portalurbano\/galli-se-reunio-con-horacio-rodriguez-larreta-y-otros-intendentes\/"},"author":{"name":"admpu17wp","@id":"https:\/\/experienciadevida.com.ar\/portalurbano\/#\/schema\/person\/02dd326b1c4b056e9cc972486934a3a7"},"headline":"Galli se reuni\u00f3 con Horacio Rodriguez Larreta y otros Intendentes","datePublished":"2021-06-18T19:57:58+00:00","dateModified":"2021-06-18T20:21:12+00:00","mainEntityOfPage":{"@id":"https:\/\/experienciadevida.com.ar\/portalurbano\/galli-se-reunio-con-horacio-rodriguez-larreta-y-otros-intendentes\/"},"wordCount":275,"publisher":{"@id":"https:\/\/experienciadevida.com.ar\/portalurbano\/#organization"},"articleSection":["Destacadas 2","Pol\u00edtica"],"inLanguage":"es"},{"@type":"WebPage","@id":"https:\/\/experienciadevida.com.ar\/portalurbano\/galli-se-reunio-con-horacio-rodriguez-larreta-y-otros-intendentes\/","url":"https:\/\/experienciadevida.com.ar\/portalurbano\/galli-se-reunio-con-horacio-rodriguez-larreta-y-otros-intendentes\/","name":"Galli se reuni\u00f3 con Horacio Rodr\u00edguez Larreta y otros Intendentes","isPartOf":{"@id":"https:\/\/experienciadevida.com.ar\/portalurbano\/#website"},"datePublished":"2021-06-18T19:57:58+00:00","dateModified":"2021-06-18T20:21:12+00:00","description":"Galli se reuni\u00f3 con Horacio Rodr\u00edguez Larreta y otros Intendentes, con sumo hermetismo se reunieron en nuestra ciudad este viernes","breadcrumb":{"@id":"https:\/\/experienciadevida.com.ar\/portalurbano\/galli-se-reunio-con-horacio-rodriguez-larreta-y-otros-intendentes\/#breadcrumb"},"inLanguage":"es","potentialAction":[{"@type":"ReadAction","target":["https:\/\/experienciadevida.com.ar\/portalurbano\/galli-se-reunio-con-horacio-rodriguez-larreta-y-otros-intendentes\/"]}]},{"@type":"BreadcrumbList","@id":"https:\/\/experienciadevida.com.ar\/portalurbano\/galli-se-reunio-con-horacio-rodriguez-larreta-y-otros-intendentes\/#breadcrumb","itemListElement":[{"@type":"ListItem","position":1,"name":"Portada","item":"https:\/\/experienciadevida.com.ar\/portalurbano\/"},{"@type":"ListItem","position":2,"name":"Galli se reuni\u00f3 con Horacio Rodriguez Larreta y otros Intendentes"}]},{"@type":"WebSite","@id":"https:\/\/experienciadevida.com.ar\/portalurbano\/#website","url":"https:\/\/experienciadevida.com.ar\/portalurbano\/","name":"","description":"","publisher":{"@id":"https:\/\/experienciadevida.com.ar\/portalurbano\/#organization"},"potentialAction":[{"@type":"SearchAction","target":{"@type":"EntryPoint","urlTemplate":"https:\/\/experienciadevida.com.ar\/portalurbano\/?s={search_term_string}"},"query-input":"required name=search_term_string"}],"inLanguage":"es"},{"@type":"Organization","@id":"https:\/\/experienciadevida.com.ar\/portalurbano\/#organization","name":"Portal Urbano","url":"https:\/\/experienciadevida.com.ar\/portalurbano\/","logo":{"@type":"ImageObject","inLanguage":"es","@id":"https:\/\/experienciadevida.com.ar\/portalurbano\/#\/schema\/logo\/image\/","url":"https:\/\/experienciadevida.com.ar\/portalurbano\/wp-content\/uploads\/2019\/09\/Logo-Original.png","contentUrl":"https:\/\/experienciadevida.com.ar\/portalurbano\/wp-content\/uploads\/2019\/09\/Logo-Original.png","width":2236,"height":1216,"caption":"Portal Urbano"},"image":{"@id":"https:\/\/experienciadevida.com.ar\/portalurbano\/#\/schema\/logo\/image\/"},"sameAs":["https:\/\/www.facebook.com\/Portal-Urbano-171542830093757\/","https:\/\/twitter.com\/portalurbanook","https:\/\/www.instagram.com\/_portalurbano\/","https:\/\/www.youtube.com\/channel\/UCXhagIfszH8KxFiOok79zbA?view_as=subscriber"]},{"@type":"Person","@id":"https:\/\/experienciadevida.com.ar\/portalurbano\/#\/schema\/person\/02dd326b1c4b056e9cc972486934a3a7","name":"admpu17wp","image":{"@type":"ImageObject","inLanguage":"es","@id":"https:\/\/experienciadevida.com.ar\/portalurbano\/#\/schema\/person\/image\/","url":"https:\/\/secure.gravatar.com\/avatar\/830d4c57adaae6630765e449a6908047?s=96&d=mm&r=g","contentUrl":"https:\/\/secure.gravatar.com\/avatar\/830d4c57adaae6630765e449a6908047?s=96&d=mm&r=g","caption":"admpu17wp"}}]}},"featured_image_urls":{"full":["https:\/\/experienciadevida.com.ar\/portalurbano\/wp-content\/uploads\/2021\/06\/Intendentes.jpg",1280,852,false],"thumbnail":["https:\/\/experienciadevida.com.ar\/portalurbano\/wp-content\/uploads\/2021\/06\/Intendentes-150x150.jpg",150,150,true],"medium":["https:\/\/experienciadevida.com.ar\/portalurbano\/wp-content\/uploads\/2021\/06\/Intendentes-300x200.jpg",300,200,true],"medium_large":["https:\/\/experienciadevida.com.ar\/portalurbano\/wp-content\/uploads\/2021\/06\/Intendentes-768x511.jpg",640,426,true],"large":["https:\/\/experienciadevida.com.ar\/portalurbano\/wp-content\/uploads\/2021\/06\/Intendentes-1024x682.jpg",640,426,true],"ug_big":["https:\/\/experienciadevida.com.ar\/portalurbano\/wp-content\/uploads\/2021\/06\/Intendentes-768x511.jpg",768,511,true],"1536x1536":["https:\/\/experienciadevida.com.ar\/portalurbano\/wp-content\/uploads\/2021\/06\/Intendentes.jpg",1280,852,false],"2048x2048":["https:\/\/experienciadevida.com.ar\/portalurbano\/wp-content\/uploads\/2021\/06\/Intendentes.jpg",1280,852,false],"newsever-slider-full":["https:\/\/experienciadevida.com.ar\/portalurbano\/wp-content\/uploads\/2021\/06\/Intendentes.jpg",1269,845,false],"newsever-featured":["https:\/\/experienciadevida.com.ar\/portalurbano\/wp-content\/uploads\/2021\/06\/Intendentes.jpg",1024,682,false],"newsever-medium":["https:\/\/experienciadevida.com.ar\/portalurbano\/wp-content\/uploads\/2021\/06\/Intendentes.jpg",714,475,false],"web-stories-poster-portrait":["https:\/\/experienciadevida.com.ar\/portalurbano\/wp-content\/uploads\/2021\/06\/Intendentes.jpg",640,426,false],"web-stories-publisher-logo":["https:\/\/experienciadevida.com.ar\/portalurbano\/wp-content\/uploads\/2021\/06\/Intendentes.jpg",96,64,false],"web-stories-thumbnail":["https:\/\/experienciadevida.com.ar\/portalurbano\/wp-content\/uploads\/2021\/06\/Intendentes.jpg",150,100,false]},"author_info":{"display_name":"admpu17wp","author_link":"https:\/\/experienciadevida.com.ar\/portalurbano\/author\/admpu17wp\/"},"category_info":"<a href=\"https:\/\/experienciadevida.com.ar\/portalurbano\/category\/destacadas-2\/\" rel=\"category tag\">Destacadas 2<\/a> <a href=\"https:\/\/experienciadevida.com.ar\/portalurbano\/category\/politica\/\" rel=\"category tag\">Pol\u00edtica<\/a>","tag_info":"Pol\u00edtica","comment_count":"0","amp_enabled":true,"_links":{"self":[{"href":"https:\/\/experienciadevida.com.ar\/portalurbano\/wp-json\/wp\/v2\/posts\/145543"}],"collection":[{"href":"https:\/\/experienciadevida.com.ar\/portalurbano\/wp-json\/wp\/v2\/posts"}],"about":[{"href":"https:\/\/experienciadevida.com.ar\/portalurbano\/wp-json\/wp\/v2\/types\/post"}],"author":[{"embeddable":true,"href":"https:\/\/experienciadevida.com.ar\/portalurbano\/wp-json\/wp\/v2\/users\/1"}],"replies":[{"embeddable":true,"href":"https:\/\/experienciadevida.com.ar\/portalurbano\/wp-json\/wp\/v2\/comments?post=145543"}],"version-history":[{"count":3,"href":"https:\/\/experienciadevida.com.ar\/portalurbano\/wp-json\/wp\/v2\/posts\/145543\/revisions"}],"predecessor-version":[{"id":145569,"href":"https:\/\/experienciadevida.com.ar\/portalurbano\/wp-json\/wp\/v2\/posts\/145543\/revisions\/145569"}],"wp:featuredmedia":[{"embeddable":true,"href":"https:\/\/experienciadevida.com.ar\/portalurbano\/wp-json\/wp\/v2\/media\/145544"}],"wp:attachment":[{"href":"https:\/\/experienciadevida.com.ar\/portalurbano\/wp-json\/wp\/v2\/media?parent=145543"}],"wp:term":[{"taxonomy":"category","embeddable":true,"href":"https:\/\/experienciadevida.com.ar\/portalurbano\/wp-json\/wp\/v2\/categories?post=145543"},{"taxonomy":"post_tag","embeddable":true,"href":"https:\/\/experienciadevida.com.ar\/portalurbano\/wp-json\/wp\/v2\/tags?post=145543"}],"curies":[{"name":"wp","href":"https:\/\/api.w.org\/{rel}","templated":true}]}}