{"id":145539,"date":"2021-06-18T16:38:12","date_gmt":"2021-06-18T19:38:12","guid":{"rendered":"https:\/\/experienciadevida.com.ar\/portalurbano\/?p=145539"},"modified":"2021-06-18T17:16:20","modified_gmt":"2021-06-18T20:16:20","slug":"el-intendente-recibio-al-jefe-de-gobierno-de-la-ciudad-horacio-rodriguez-larreta","status":"publish","type":"post","link":"https:\/\/experienciadevida.com.ar\/portalurbano\/el-intendente-recibio-al-jefe-de-gobierno-de-la-ciudad-horacio-rodriguez-larreta\/","title":{"rendered":"El intendente recibi\u00f3 al jefe de Gobierno de la Ciudad Horacio Rodr\u00edguez Larreta"},"content":{"rendered":"<p>El intendente recibi\u00f3 al jefe de Gobierno de la Ciudad Horacio Rodr\u00edguez Larreta, fue en la tarde de este viernes, el jefe de Gobierno de la Ciudad Aut\u00f3noma de Buenos Horacio Rodr\u00edguez Larreta arrib\u00f3 a nuestra ciudad, en el marco de una visita institucional, donde fue recibido por el intendente Ezequiel <a href=\"https:\/\/www.facebook.com\/galliezequiel\">Galli<\/a>.<\/p>\n<p>La agenda se inici\u00f3 con una visita a Cerro Negro, una empresa pionera en el mercado de materiales para la construcci\u00f3n, con m\u00e1s de 120 a\u00f1os de historia en el pa\u00eds y que cuenta con tres plantas industriales radicadas en la provincia de Buenos Aires, una de ellas radicada en Olavarr\u00eda.<\/p>\n<p>Luego, la actividad continu\u00f3 en la Sala de Reuniones del Palacio San Mart\u00edn de la Municipalidad, donde Galli y Larreta firmaron una Carta de Intenci\u00f3n de Cooperaci\u00f3n que promueve el intercambio de experiencias orientadas al fortalecimiento de la gesti\u00f3n.<\/p>\n<p>El Intendente recibi\u00f3 al jefe de gobierno de la ciudad Horacio Rodr\u00ecguez Larreta, AL respecto, Ezequiel Galli dijo: \u201ces un honor para mi recibir a Horacio en Olavarr\u00eda. Pudimos intercambiar experiencias de gesti\u00f3n, firmamos una carta de cooperaci\u00f3n y recorrimos una gran empresa como Cerro Negro que brinda trabajo a muchos olavarrienses\u201d.<\/p>\n<p>Adem\u00e1s, el jefe comunal destac\u00f3 el gesto de Rodr\u00edguez Larreta y expres\u00f3: \u201csiempre es muy enriquecedor poder dialogar con una persona con la experiencia de Horacio\u201d.<\/p>\n<p>De la recorrida tambi\u00e9n formaron parte el Subsecretario de Cooperaci\u00f3n Urbana de CABA Lucas Delfino, el Secretario de Gobierno Hilario Galli y el Secretario de Desarrollo Humano y Calidad de Vida Diego Robbiani.<\/p>\n","protected":false},"excerpt":{"rendered":"<p>El intendente recibi\u00f3 al jefe de Gobierno de la Ciudad Horacio Rodr\u00edguez Larreta, fue en&#8230;<\/p>\n","protected":false},"author":1,"featured_media":145540,"comment_status":"closed","ping_status":"closed","sticky":false,"template":"","format":"standard","meta":{"content-type":""},"categories":[27,51],"tags":[],"nelio_content":{"isAutoShareEnabled":false,"autoShareEndMode":"default","automationSources":{"useContentSentences":true,"useSocialTemplates":true,"useCustomSentences":false,"customSentences":[]},"followers":[1],"suggestedReferences":[],"includedReferences":[],"efiUrl":"","efiAlt":"","highlights":[]},"yoast_head":"<!-- This site is optimized with the Yoast SEO plugin v20.7 - https:\/\/yoast.com\/wordpress\/plugins\/seo\/ -->\n<title>El Intendente recibi\u00f3 al Jefe de Gobierno de la ciudad Horacio Larreta<\/title>\n<meta name=\"description\" content=\"El intendente recibi\u00f3 al jefe de Gobierno de la Ciudad Horacio Rodr\u00edguez Larreta, fue en la tarde de este viernes, en el marco de una visita\" \/>\n<meta name=\"robots\" content=\"index, follow, max-snippet:-1, max-image-preview:large, max-video-preview:-1\" \/>\n<link rel=\"canonical\" href=\"https:\/\/experienciadevida.com.ar\/portalurbano\/el-intendente-recibio-al-jefe-de-gobierno-de-la-ciudad-horacio-rodriguez-larreta\/\" \/>\n<meta property=\"og:locale\" content=\"es_ES\" \/>\n<meta property=\"og:type\" content=\"article\" \/>\n<meta property=\"og:title\" content=\"El Intendente recibi\u00f3 al Jefe de Gobierno de la ciudad Horacio Larreta\" \/>\n<meta property=\"og:description\" content=\"El intendente recibi\u00f3 al jefe de Gobierno de la Ciudad Horacio Rodr\u00edguez Larreta, fue en la tarde de este viernes, en el marco de una visita\" \/>\n<meta property=\"og:url\" content=\"https:\/\/experienciadevida.com.ar\/portalurbano\/el-intendente-recibio-al-jefe-de-gobierno-de-la-ciudad-horacio-rodriguez-larreta\/\" \/>\n<meta property=\"article:publisher\" content=\"https:\/\/www.facebook.com\/Portal-Urbano-171542830093757\/\" \/>\n<meta property=\"article:published_time\" content=\"2021-06-18T19:38:12+00:00\" \/>\n<meta property=\"article:modified_time\" content=\"2021-06-18T20:16:20+00:00\" \/>\n<meta property=\"og:image\" content=\"https:\/\/experienciadevida.com.ar\/portalurbano\/wp-content\/uploads\/2021\/06\/El-intendente-recibio-al-jefe-de.jpg\" \/>\n\t<meta property=\"og:image:width\" content=\"1280\" \/>\n\t<meta property=\"og:image:height\" content=\"853\" \/>\n\t<meta property=\"og:image:type\" content=\"image\/jpeg\" \/>\n<meta name=\"author\" content=\"admpu17wp\" \/>\n<meta name=\"twitter:card\" content=\"summary_large_image\" \/>\n<meta name=\"twitter:creator\" content=\"@portalurbanook\" \/>\n<meta name=\"twitter:site\" content=\"@portalurbanook\" \/>\n<meta name=\"twitter:label1\" content=\"Escrito por\" \/>\n\t<meta name=\"twitter:data1\" content=\"admpu17wp\" \/>\n\t<meta name=\"twitter:label2\" content=\"Tiempo de lectura\" \/>\n\t<meta name=\"twitter:data2\" content=\"2 minutos\" \/>\n<script type=\"application\/ld+json\" class=\"yoast-schema-graph\">{\"@context\":\"https:\/\/schema.org\",\"@graph\":[{\"@type\":\"Article\",\"@id\":\"https:\/\/experienciadevida.com.ar\/portalurbano\/el-intendente-recibio-al-jefe-de-gobierno-de-la-ciudad-horacio-rodriguez-larreta\/#article\",\"isPartOf\":{\"@id\":\"https:\/\/experienciadevida.com.ar\/portalurbano\/el-intendente-recibio-al-jefe-de-gobierno-de-la-ciudad-horacio-rodriguez-larreta\/\"},\"author\":{\"name\":\"admpu17wp\",\"@id\":\"https:\/\/experienciadevida.com.ar\/portalurbano\/#\/schema\/person\/02dd326b1c4b056e9cc972486934a3a7\"},\"headline\":\"El intendente recibi\u00f3 al jefe de Gobierno de la Ciudad Horacio Rodr\u00edguez Larreta\",\"datePublished\":\"2021-06-18T19:38:12+00:00\",\"dateModified\":\"2021-06-18T20:16:20+00:00\",\"mainEntityOfPage\":{\"@id\":\"https:\/\/experienciadevida.com.ar\/portalurbano\/el-intendente-recibio-al-jefe-de-gobierno-de-la-ciudad-horacio-rodriguez-larreta\/\"},\"wordCount\":286,\"publisher\":{\"@id\":\"https:\/\/experienciadevida.com.ar\/portalurbano\/#organization\"},\"articleSection\":[\"Ciudad\",\"Destacadas\"],\"inLanguage\":\"es\"},{\"@type\":\"WebPage\",\"@id\":\"https:\/\/experienciadevida.com.ar\/portalurbano\/el-intendente-recibio-al-jefe-de-gobierno-de-la-ciudad-horacio-rodriguez-larreta\/\",\"url\":\"https:\/\/experienciadevida.com.ar\/portalurbano\/el-intendente-recibio-al-jefe-de-gobierno-de-la-ciudad-horacio-rodriguez-larreta\/\",\"name\":\"El Intendente recibi\u00f3 al Jefe de Gobierno de la ciudad Horacio Larreta\",\"isPartOf\":{\"@id\":\"https:\/\/experienciadevida.com.ar\/portalurbano\/#website\"},\"datePublished\":\"2021-06-18T19:38:12+00:00\",\"dateModified\":\"2021-06-18T20:16:20+00:00\",\"description\":\"El intendente recibi\u00f3 al jefe de Gobierno de la Ciudad Horacio Rodr\u00edguez Larreta, fue en la tarde de este viernes, en el marco de una visita\",\"breadcrumb\":{\"@id\":\"https:\/\/experienciadevida.com.ar\/portalurbano\/el-intendente-recibio-al-jefe-de-gobierno-de-la-ciudad-horacio-rodriguez-larreta\/#breadcrumb\"},\"inLanguage\":\"es\",\"potentialAction\":[{\"@type\":\"ReadAction\",\"target\":[\"https:\/\/experienciadevida.com.ar\/portalurbano\/el-intendente-recibio-al-jefe-de-gobierno-de-la-ciudad-horacio-rodriguez-larreta\/\"]}]},{\"@type\":\"BreadcrumbList\",\"@id\":\"https:\/\/experienciadevida.com.ar\/portalurbano\/el-intendente-recibio-al-jefe-de-gobierno-de-la-ciudad-horacio-rodriguez-larreta\/#breadcrumb\",\"itemListElement\":[{\"@type\":\"ListItem\",\"position\":1,\"name\":\"Portada\",\"item\":\"https:\/\/experienciadevida.com.ar\/portalurbano\/\"},{\"@type\":\"ListItem\",\"position\":2,\"name\":\"El intendente recibi\u00f3 al jefe de Gobierno de la Ciudad Horacio Rodr\u00edguez Larreta\"}]},{\"@type\":\"WebSite\",\"@id\":\"https:\/\/experienciadevida.com.ar\/portalurbano\/#website\",\"url\":\"https:\/\/experienciadevida.com.ar\/portalurbano\/\",\"name\":\"\",\"description\":\"\",\"publisher\":{\"@id\":\"https:\/\/experienciadevida.com.ar\/portalurbano\/#organization\"},\"potentialAction\":[{\"@type\":\"SearchAction\",\"target\":{\"@type\":\"EntryPoint\",\"urlTemplate\":\"https:\/\/experienciadevida.com.ar\/portalurbano\/?s={search_term_string}\"},\"query-input\":\"required name=search_term_string\"}],\"inLanguage\":\"es\"},{\"@type\":\"Organization\",\"@id\":\"https:\/\/experienciadevida.com.ar\/portalurbano\/#organization\",\"name\":\"Portal Urbano\",\"url\":\"https:\/\/experienciadevida.com.ar\/portalurbano\/\",\"logo\":{\"@type\":\"ImageObject\",\"inLanguage\":\"es\",\"@id\":\"https:\/\/experienciadevida.com.ar\/portalurbano\/#\/schema\/logo\/image\/\",\"url\":\"https:\/\/experienciadevida.com.ar\/portalurbano\/wp-content\/uploads\/2019\/09\/Logo-Original.png\",\"contentUrl\":\"https:\/\/experienciadevida.com.ar\/portalurbano\/wp-content\/uploads\/2019\/09\/Logo-Original.png\",\"width\":2236,\"height\":1216,\"caption\":\"Portal Urbano\"},\"image\":{\"@id\":\"https:\/\/experienciadevida.com.ar\/portalurbano\/#\/schema\/logo\/image\/\"},\"sameAs\":[\"https:\/\/www.facebook.com\/Portal-Urbano-171542830093757\/\",\"https:\/\/twitter.com\/portalurbanook\",\"https:\/\/www.instagram.com\/_portalurbano\/\",\"https:\/\/www.youtube.com\/channel\/UCXhagIfszH8KxFiOok79zbA?view_as=subscriber\"]},{\"@type\":\"Person\",\"@id\":\"https:\/\/experienciadevida.com.ar\/portalurbano\/#\/schema\/person\/02dd326b1c4b056e9cc972486934a3a7\",\"name\":\"admpu17wp\",\"image\":{\"@type\":\"ImageObject\",\"inLanguage\":\"es\",\"@id\":\"https:\/\/experienciadevida.com.ar\/portalurbano\/#\/schema\/person\/image\/\",\"url\":\"https:\/\/secure.gravatar.com\/avatar\/830d4c57adaae6630765e449a6908047?s=96&d=mm&r=g\",\"contentUrl\":\"https:\/\/secure.gravatar.com\/avatar\/830d4c57adaae6630765e449a6908047?s=96&d=mm&r=g\",\"caption\":\"admpu17wp\"}}]}<\/script>\n<!-- \/ Yoast SEO plugin. -->","yoast_head_json":{"title":"El Intendente recibi\u00f3 al Jefe de Gobierno de la ciudad Horacio Larreta","description":"El intendente recibi\u00f3 al jefe de Gobierno de la Ciudad Horacio Rodr\u00edguez Larreta, fue en la tarde de este viernes, en el marco de una visita","robots":{"index":"index","follow":"follow","max-snippet":"max-snippet:-1","max-image-preview":"max-image-preview:large","max-video-preview":"max-video-preview:-1"},"canonical":"https:\/\/experienciadevida.com.ar\/portalurbano\/el-intendente-recibio-al-jefe-de-gobierno-de-la-ciudad-horacio-rodriguez-larreta\/","og_locale":"es_ES","og_type":"article","og_title":"El Intendente recibi\u00f3 al Jefe de Gobierno de la ciudad Horacio Larreta","og_description":"El intendente recibi\u00f3 al jefe de Gobierno de la Ciudad Horacio Rodr\u00edguez Larreta, fue en la tarde de este viernes, en el marco de una visita","og_url":"https:\/\/experienciadevida.com.ar\/portalurbano\/el-intendente-recibio-al-jefe-de-gobierno-de-la-ciudad-horacio-rodriguez-larreta\/","article_publisher":"https:\/\/www.facebook.com\/Portal-Urbano-171542830093757\/","article_published_time":"2021-06-18T19:38:12+00:00","article_modified_time":"2021-06-18T20:16:20+00:00","og_image":[{"width":1280,"height":853,"url":"https:\/\/experienciadevida.com.ar\/portalurbano\/wp-content\/uploads\/2021\/06\/El-intendente-recibio-al-jefe-de.jpg","type":"image\/jpeg"}],"author":"admpu17wp","twitter_card":"summary_large_image","twitter_creator":"@portalurbanook","twitter_site":"@portalurbanook","twitter_misc":{"Escrito por":"admpu17wp","Tiempo de lectura":"2 minutos"},"schema":{"@context":"https:\/\/schema.org","@graph":[{"@type":"Article","@id":"https:\/\/experienciadevida.com.ar\/portalurbano\/el-intendente-recibio-al-jefe-de-gobierno-de-la-ciudad-horacio-rodriguez-larreta\/#article","isPartOf":{"@id":"https:\/\/experienciadevida.com.ar\/portalurbano\/el-intendente-recibio-al-jefe-de-gobierno-de-la-ciudad-horacio-rodriguez-larreta\/"},"author":{"name":"admpu17wp","@id":"https:\/\/experienciadevida.com.ar\/portalurbano\/#\/schema\/person\/02dd326b1c4b056e9cc972486934a3a7"},"headline":"El intendente recibi\u00f3 al jefe de Gobierno de la Ciudad Horacio Rodr\u00edguez Larreta","datePublished":"2021-06-18T19:38:12+00:00","dateModified":"2021-06-18T20:16:20+00:00","mainEntityOfPage":{"@id":"https:\/\/experienciadevida.com.ar\/portalurbano\/el-intendente-recibio-al-jefe-de-gobierno-de-la-ciudad-horacio-rodriguez-larreta\/"},"wordCount":286,"publisher":{"@id":"https:\/\/experienciadevida.com.ar\/portalurbano\/#organization"},"articleSection":["Ciudad","Destacadas"],"inLanguage":"es"},{"@type":"WebPage","@id":"https:\/\/experienciadevida.com.ar\/portalurbano\/el-intendente-recibio-al-jefe-de-gobierno-de-la-ciudad-horacio-rodriguez-larreta\/","url":"https:\/\/experienciadevida.com.ar\/portalurbano\/el-intendente-recibio-al-jefe-de-gobierno-de-la-ciudad-horacio-rodriguez-larreta\/","name":"El Intendente recibi\u00f3 al Jefe de Gobierno de la ciudad Horacio Larreta","isPartOf":{"@id":"https:\/\/experienciadevida.com.ar\/portalurbano\/#website"},"datePublished":"2021-06-18T19:38:12+00:00","dateModified":"2021-06-18T20:16:20+00:00","description":"El intendente recibi\u00f3 al jefe de Gobierno de la Ciudad Horacio Rodr\u00edguez Larreta, fue en la tarde de este viernes, en el marco de una visita","breadcrumb":{"@id":"https:\/\/experienciadevida.com.ar\/portalurbano\/el-intendente-recibio-al-jefe-de-gobierno-de-la-ciudad-horacio-rodriguez-larreta\/#breadcrumb"},"inLanguage":"es","potentialAction":[{"@type":"ReadAction","target":["https:\/\/experienciadevida.com.ar\/portalurbano\/el-intendente-recibio-al-jefe-de-gobierno-de-la-ciudad-horacio-rodriguez-larreta\/"]}]},{"@type":"BreadcrumbList","@id":"https:\/\/experienciadevida.com.ar\/portalurbano\/el-intendente-recibio-al-jefe-de-gobierno-de-la-ciudad-horacio-rodriguez-larreta\/#breadcrumb","itemListElement":[{"@type":"ListItem","position":1,"name":"Portada","item":"https:\/\/experienciadevida.com.ar\/portalurbano\/"},{"@type":"ListItem","position":2,"name":"El intendente recibi\u00f3 al jefe de Gobierno de la Ciudad Horacio Rodr\u00edguez Larreta"}]},{"@type":"WebSite","@id":"https:\/\/experienciadevida.com.ar\/portalurbano\/#website","url":"https:\/\/experienciadevida.com.ar\/portalurbano\/","name":"","description":"","publisher":{"@id":"https:\/\/experienciadevida.com.ar\/portalurbano\/#organization"},"potentialAction":[{"@type":"SearchAction","target":{"@type":"EntryPoint","urlTemplate":"https:\/\/experienciadevida.com.ar\/portalurbano\/?s={search_term_string}"},"query-input":"required name=search_term_string"}],"inLanguage":"es"},{"@type":"Organization","@id":"https:\/\/experienciadevida.com.ar\/portalurbano\/#organization","name":"Portal Urbano","url":"https:\/\/experienciadevida.com.ar\/portalurbano\/","logo":{"@type":"ImageObject","inLanguage":"es","@id":"https:\/\/experienciadevida.com.ar\/portalurbano\/#\/schema\/logo\/image\/","url":"https:\/\/experienciadevida.com.ar\/portalurbano\/wp-content\/uploads\/2019\/09\/Logo-Original.png","contentUrl":"https:\/\/experienciadevida.com.ar\/portalurbano\/wp-content\/uploads\/2019\/09\/Logo-Original.png","width":2236,"height":1216,"caption":"Portal Urbano"},"image":{"@id":"https:\/\/experienciadevida.com.ar\/portalurbano\/#\/schema\/logo\/image\/"},"sameAs":["https:\/\/www.facebook.com\/Portal-Urbano-171542830093757\/","https:\/\/twitter.com\/portalurbanook","https:\/\/www.instagram.com\/_portalurbano\/","https:\/\/www.youtube.com\/channel\/UCXhagIfszH8KxFiOok79zbA?view_as=subscriber"]},{"@type":"Person","@id":"https:\/\/experienciadevida.com.ar\/portalurbano\/#\/schema\/person\/02dd326b1c4b056e9cc972486934a3a7","name":"admpu17wp","image":{"@type":"ImageObject","inLanguage":"es","@id":"https:\/\/experienciadevida.com.ar\/portalurbano\/#\/schema\/person\/image\/","url":"https:\/\/secure.gravatar.com\/avatar\/830d4c57adaae6630765e449a6908047?s=96&d=mm&r=g","contentUrl":"https:\/\/secure.gravatar.com\/avatar\/830d4c57adaae6630765e449a6908047?s=96&d=mm&r=g","caption":"admpu17wp"}}]}},"featured_image_urls":{"full":["https:\/\/experienciadevida.com.ar\/portalurbano\/wp-content\/uploads\/2021\/06\/El-intendente-recibio-al-jefe-de.jpg",1280,853,false],"thumbnail":["https:\/\/experienciadevida.com.ar\/portalurbano\/wp-content\/uploads\/2021\/06\/El-intendente-recibio-al-jefe-de-150x150.jpg",150,150,true],"medium":["https:\/\/experienciadevida.com.ar\/portalurbano\/wp-content\/uploads\/2021\/06\/El-intendente-recibio-al-jefe-de-300x200.jpg",300,200,true],"medium_large":["https:\/\/experienciadevida.com.ar\/portalurbano\/wp-content\/uploads\/2021\/06\/El-intendente-recibio-al-jefe-de-768x512.jpg",640,427,true],"large":["https:\/\/experienciadevida.com.ar\/portalurbano\/wp-content\/uploads\/2021\/06\/El-intendente-recibio-al-jefe-de-1024x682.jpg",640,426,true],"ug_big":["https:\/\/experienciadevida.com.ar\/portalurbano\/wp-content\/uploads\/2021\/06\/El-intendente-recibio-al-jefe-de-768x512.jpg",768,512,true],"1536x1536":["https:\/\/experienciadevida.com.ar\/portalurbano\/wp-content\/uploads\/2021\/06\/El-intendente-recibio-al-jefe-de.jpg",1280,853,false],"2048x2048":["https:\/\/experienciadevida.com.ar\/portalurbano\/wp-content\/uploads\/2021\/06\/El-intendente-recibio-al-jefe-de.jpg",1280,853,false],"newsever-slider-full":["https:\/\/experienciadevida.com.ar\/portalurbano\/wp-content\/uploads\/2021\/06\/El-intendente-recibio-al-jefe-de.jpg",1268,845,false],"newsever-featured":["https:\/\/experienciadevida.com.ar\/portalurbano\/wp-content\/uploads\/2021\/06\/El-intendente-recibio-al-jefe-de.jpg",1024,682,false],"newsever-medium":["https:\/\/experienciadevida.com.ar\/portalurbano\/wp-content\/uploads\/2021\/06\/El-intendente-recibio-al-jefe-de.jpg",713,475,false],"web-stories-poster-portrait":["https:\/\/experienciadevida.com.ar\/portalurbano\/wp-content\/uploads\/2021\/06\/El-intendente-recibio-al-jefe-de.jpg",640,427,false],"web-stories-publisher-logo":["https:\/\/experienciadevida.com.ar\/portalurbano\/wp-content\/uploads\/2021\/06\/El-intendente-recibio-al-jefe-de.jpg",96,64,false],"web-stories-thumbnail":["https:\/\/experienciadevida.com.ar\/portalurbano\/wp-content\/uploads\/2021\/06\/El-intendente-recibio-al-jefe-de.jpg",150,100,false]},"author_info":{"display_name":"admpu17wp","author_link":"https:\/\/experienciadevida.com.ar\/portalurbano\/author\/admpu17wp\/"},"category_info":"<a href=\"https:\/\/experienciadevida.com.ar\/portalurbano\/category\/ciudad\/\" rel=\"category tag\">Ciudad<\/a> <a href=\"https:\/\/experienciadevida.com.ar\/portalurbano\/category\/destacadas\/\" rel=\"category tag\">Destacadas<\/a>","tag_info":"Destacadas","comment_count":"0","amp_enabled":true,"_links":{"self":[{"href":"https:\/\/experienciadevida.com.ar\/portalurbano\/wp-json\/wp\/v2\/posts\/145539"}],"collection":[{"href":"https:\/\/experienciadevida.com.ar\/portalurbano\/wp-json\/wp\/v2\/posts"}],"about":[{"href":"https:\/\/experienciadevida.com.ar\/portalurbano\/wp-json\/wp\/v2\/types\/post"}],"author":[{"embeddable":true,"href":"https:\/\/experienciadevida.com.ar\/portalurbano\/wp-json\/wp\/v2\/users\/1"}],"replies":[{"embeddable":true,"href":"https:\/\/experienciadevida.com.ar\/portalurbano\/wp-json\/wp\/v2\/comments?post=145539"}],"version-history":[{"count":3,"href":"https:\/\/experienciadevida.com.ar\/portalurbano\/wp-json\/wp\/v2\/posts\/145539\/revisions"}],"predecessor-version":[{"id":145567,"href":"https:\/\/experienciadevida.com.ar\/portalurbano\/wp-json\/wp\/v2\/posts\/145539\/revisions\/145567"}],"wp:featuredmedia":[{"embeddable":true,"href":"https:\/\/experienciadevida.com.ar\/portalurbano\/wp-json\/wp\/v2\/media\/145540"}],"wp:attachment":[{"href":"https:\/\/experienciadevida.com.ar\/portalurbano\/wp-json\/wp\/v2\/media?parent=145539"}],"wp:term":[{"taxonomy":"category","embeddable":true,"href":"https:\/\/experienciadevida.com.ar\/portalurbano\/wp-json\/wp\/v2\/categories?post=145539"},{"taxonomy":"post_tag","embeddable":true,"href":"https:\/\/experienciadevida.com.ar\/portalurbano\/wp-json\/wp\/v2\/tags?post=145539"}],"curies":[{"name":"wp","href":"https:\/\/api.w.org\/{rel}","templated":true}]}}