{"id":145534,"date":"2021-06-18T14:13:50","date_gmt":"2021-06-18T17:13:50","guid":{"rendered":"https:\/\/experienciadevida.com.ar\/portalurbano\/?p=145534"},"modified":"2021-06-18T14:17:38","modified_gmt":"2021-06-18T17:17:38","slug":"pablo-wagner-se-ve-reflejada-la-importancia-de-la-educacion-publica-para-el-gobierno-provincial","status":"publish","type":"post","link":"https:\/\/experienciadevida.com.ar\/portalurbano\/pablo-wagner-se-ve-reflejada-la-importancia-de-la-educacion-publica-para-el-gobierno-provincial\/","title":{"rendered":"Pablo Wagner: \u201cSe ve reflejada la importancia de la educaci\u00f3n p\u00fablica para el Gobierno Provincial\u201d"},"content":{"rendered":"<p>Pablo Wagner: \u201cSe ve reflejada la importancia de la educaci\u00f3n p\u00fablica para el Gobierno Provincial\u201d, as\u00ed lo se\u00f1al\u00f3 el Director de la E.E.S. N\u00ba 1 \u201cJorge Luis Borges\u201d e integrante del <a href=\"https:\/\/www.facebook.com\/Foroolavarria\">Foro Olavarr\u00eda<\/a>, acerca de la confirmaci\u00f3n del Gobierno Provincial respecto a obras en escuelas de Olavarr\u00eda.<\/p>\n<p>Las mismas son impulsadas en el marco del Programa de Emergencia Edilicia 2021 (PEED 2021).<\/p>\n<p>En el d\u00eda de ayer se <a href=\"https:\/\/experienciadevida.com.ar\/portalurbano\/la-provincia-licitara-obras-en-instituciones-escolares-de-nuestra-ciudad-por-mas-de-20-millones\/\">confirmaron inversiones en infraestructura para escuelas de Olavarr\u00eda<\/a>. A trav\u00e9s del Programa de Emergencia Edilicia 2021<br \/>\n(PEED 2021), el Gobierno de la Provincia licitar\u00e1 obras en siete instituciones educativas de nuestra ciudad.<\/p>\n<p>Pablo Wagner, Director de la E.E.S. N\u00ba 1 \u201cJorge Luis Borges\u201d e integrante del Foro Olavarr\u00eda, se mostr\u00f3 \u201cmuy contento, como todo el sistema<br \/>\neducativo, de haber recibido la noticia del Programa de Emergencia Edilicia 2021\u201d. \u201cCelebramos m\u00e1s obras de la Provincia en Educaci\u00f3n\u201d, sum\u00f3.<\/p>\n<p>Esta iniciativa, implementada por el Gobierno de la Provincia, no solamente abarca Olavarr\u00eda, sino que incluye a los 135 municipios de la provincia de<br \/>\nBuenos Aires. Al respecto, se\u00f1al\u00f3 que \u201cnos est\u00e1bamos olvidando de estas inversiones que est\u00e1n ocurriendo en la Provincia de Buenos Aires en materia de infraestructura. Ven\u00edamos de un gobierno muy austero en lo que refiere a inversi\u00f3n en este rubro\u201d. A esto, agreg\u00f3 que \u201cla menor inversi\u00f3n en infraestructura se ha dado entre los a\u00f1os 2015 y 2019, cuando los fondos que llegaban a las escuelas se vieron recortados\u201d.<\/p>\n<p>Con una inversi\u00f3n de 20 millones de pesos, las siete instituciones que abarca el PEED 2021 son: E.E.P. N\u00b0 8, E.E.S N\u00b0 7, CEC N\u00b0 802, Jard\u00edn N\u00b0<br \/>\n904, E.E.P. N\u00b0 17, E.E.P. N\u00b0 81, E.E.P N\u00b0 60. \u201cAhora empiezan a haber inversiones, que es lo que corresponde. Es la presencia del Estado.<br \/>\nRealmente es una buena noticia\u201d, sostuvo Wagner, Director de la E.E.S. N\u00ba 1 \u201cJorge Luis Borges\u201d e integrante del Foro Olavarr\u00eda. En l\u00ednea con lo<br \/>\nexpuesto por la Directora General de Cultura y Educaci\u00f3n bonaerense, Agustina Vila, \u201cla infraestructura escolar tiene impacto sobre el proceso<br \/>\nde aprendizaje\u201d, exclam\u00f3 Pablo Wagner.<\/p>\n<p>\u201cSe ve reflejada la importancia de la educaci\u00f3n p\u00fablica para el Gobierno Provincial. Esperemos que se siga ampliando porque es el derecho de todos<br \/>\nlos alumnos\u201d, concluy\u00f3<\/p>\n","protected":false},"excerpt":{"rendered":"<p>Pablo Wagner: \u201cSe ve reflejada la importancia de la educaci\u00f3n p\u00fablica para el Gobierno Provincial\u201d,&#8230;<\/p>\n","protected":false},"author":1,"featured_media":145535,"comment_status":"closed","ping_status":"closed","sticky":false,"template":"","format":"standard","meta":{"content-type":""},"categories":[27,64],"tags":[],"nelio_content":{"isAutoShareEnabled":false,"autoShareEndMode":"default","automationSources":{"useContentSentences":true,"useSocialTemplates":true,"useCustomSentences":false,"customSentences":[]},"followers":[1],"suggestedReferences":[],"includedReferences":[],"efiUrl":"","efiAlt":"","highlights":[]},"yoast_head":"<!-- This site is optimized with the Yoast SEO plugin v20.7 - https:\/\/yoast.com\/wordpress\/plugins\/seo\/ -->\n<title>Pablo Wagner: &quot;se ve reflejada la importancia de la educaci\u00f3n p\u00fablica&quot;<\/title>\n<meta name=\"description\" content=\"Pablo Wagner: \u201cSe ve reflejada la importancia de la educaci\u00f3n p\u00fablica para el Gobierno Provincial\u201d, as\u00ed lo se\u00f1al\u00f3 el Director de la. N\u00ba 1\" \/>\n<meta name=\"robots\" content=\"index, follow, max-snippet:-1, max-image-preview:large, max-video-preview:-1\" \/>\n<link rel=\"canonical\" href=\"https:\/\/experienciadevida.com.ar\/portalurbano\/pablo-wagner-se-ve-reflejada-la-importancia-de-la-educacion-publica-para-el-gobierno-provincial\/\" \/>\n<meta property=\"og:locale\" content=\"es_ES\" \/>\n<meta property=\"og:type\" content=\"article\" \/>\n<meta property=\"og:title\" content=\"Pablo Wagner: &quot;se ve reflejada la importancia de la educaci\u00f3n p\u00fablica&quot;\" \/>\n<meta property=\"og:description\" content=\"Pablo Wagner: \u201cSe ve reflejada la importancia de la educaci\u00f3n p\u00fablica para el Gobierno Provincial\u201d, as\u00ed lo se\u00f1al\u00f3 el Director de la. N\u00ba 1\" \/>\n<meta property=\"og:url\" content=\"https:\/\/experienciadevida.com.ar\/portalurbano\/pablo-wagner-se-ve-reflejada-la-importancia-de-la-educacion-publica-para-el-gobierno-provincial\/\" \/>\n<meta property=\"article:publisher\" content=\"https:\/\/www.facebook.com\/Portal-Urbano-171542830093757\/\" \/>\n<meta property=\"article:published_time\" content=\"2021-06-18T17:13:50+00:00\" \/>\n<meta property=\"article:modified_time\" content=\"2021-06-18T17:17:38+00:00\" \/>\n<meta property=\"og:image\" content=\"https:\/\/experienciadevida.com.ar\/portalurbano\/wp-content\/uploads\/2021\/06\/Pablo-Wagner.jpeg\" \/>\n\t<meta property=\"og:image:width\" content=\"1280\" \/>\n\t<meta property=\"og:image:height\" content=\"817\" \/>\n\t<meta property=\"og:image:type\" content=\"image\/jpeg\" \/>\n<meta name=\"author\" content=\"admpu17wp\" \/>\n<meta name=\"twitter:card\" content=\"summary_large_image\" \/>\n<meta name=\"twitter:creator\" content=\"@portalurbanook\" \/>\n<meta name=\"twitter:site\" content=\"@portalurbanook\" \/>\n<meta name=\"twitter:label1\" content=\"Escrito por\" \/>\n\t<meta name=\"twitter:data1\" content=\"admpu17wp\" \/>\n\t<meta name=\"twitter:label2\" content=\"Tiempo de lectura\" \/>\n\t<meta name=\"twitter:data2\" content=\"2 minutos\" \/>\n<script type=\"application\/ld+json\" class=\"yoast-schema-graph\">{\"@context\":\"https:\/\/schema.org\",\"@graph\":[{\"@type\":\"Article\",\"@id\":\"https:\/\/experienciadevida.com.ar\/portalurbano\/pablo-wagner-se-ve-reflejada-la-importancia-de-la-educacion-publica-para-el-gobierno-provincial\/#article\",\"isPartOf\":{\"@id\":\"https:\/\/experienciadevida.com.ar\/portalurbano\/pablo-wagner-se-ve-reflejada-la-importancia-de-la-educacion-publica-para-el-gobierno-provincial\/\"},\"author\":{\"name\":\"admpu17wp\",\"@id\":\"https:\/\/experienciadevida.com.ar\/portalurbano\/#\/schema\/person\/02dd326b1c4b056e9cc972486934a3a7\"},\"headline\":\"Pablo Wagner: \u201cSe ve reflejada la importancia de la educaci\u00f3n p\u00fablica para el Gobierno Provincial\u201d\",\"datePublished\":\"2021-06-18T17:13:50+00:00\",\"dateModified\":\"2021-06-18T17:17:38+00:00\",\"mainEntityOfPage\":{\"@id\":\"https:\/\/experienciadevida.com.ar\/portalurbano\/pablo-wagner-se-ve-reflejada-la-importancia-de-la-educacion-publica-para-el-gobierno-provincial\/\"},\"wordCount\":408,\"publisher\":{\"@id\":\"https:\/\/experienciadevida.com.ar\/portalurbano\/#organization\"},\"articleSection\":[\"Ciudad\",\"Destacadas 2\"],\"inLanguage\":\"es\"},{\"@type\":\"WebPage\",\"@id\":\"https:\/\/experienciadevida.com.ar\/portalurbano\/pablo-wagner-se-ve-reflejada-la-importancia-de-la-educacion-publica-para-el-gobierno-provincial\/\",\"url\":\"https:\/\/experienciadevida.com.ar\/portalurbano\/pablo-wagner-se-ve-reflejada-la-importancia-de-la-educacion-publica-para-el-gobierno-provincial\/\",\"name\":\"Pablo Wagner: \\\"se ve reflejada la importancia de la educaci\u00f3n p\u00fablica\\\"\",\"isPartOf\":{\"@id\":\"https:\/\/experienciadevida.com.ar\/portalurbano\/#website\"},\"datePublished\":\"2021-06-18T17:13:50+00:00\",\"dateModified\":\"2021-06-18T17:17:38+00:00\",\"description\":\"Pablo Wagner: \u201cSe ve reflejada la importancia de la educaci\u00f3n p\u00fablica para el Gobierno Provincial\u201d, as\u00ed lo se\u00f1al\u00f3 el Director de la. N\u00ba 1\",\"breadcrumb\":{\"@id\":\"https:\/\/experienciadevida.com.ar\/portalurbano\/pablo-wagner-se-ve-reflejada-la-importancia-de-la-educacion-publica-para-el-gobierno-provincial\/#breadcrumb\"},\"inLanguage\":\"es\",\"potentialAction\":[{\"@type\":\"ReadAction\",\"target\":[\"https:\/\/experienciadevida.com.ar\/portalurbano\/pablo-wagner-se-ve-reflejada-la-importancia-de-la-educacion-publica-para-el-gobierno-provincial\/\"]}]},{\"@type\":\"BreadcrumbList\",\"@id\":\"https:\/\/experienciadevida.com.ar\/portalurbano\/pablo-wagner-se-ve-reflejada-la-importancia-de-la-educacion-publica-para-el-gobierno-provincial\/#breadcrumb\",\"itemListElement\":[{\"@type\":\"ListItem\",\"position\":1,\"name\":\"Portada\",\"item\":\"https:\/\/experienciadevida.com.ar\/portalurbano\/\"},{\"@type\":\"ListItem\",\"position\":2,\"name\":\"Pablo Wagner: \u201cSe ve reflejada la importancia de la educaci\u00f3n p\u00fablica para el Gobierno Provincial\u201d\"}]},{\"@type\":\"WebSite\",\"@id\":\"https:\/\/experienciadevida.com.ar\/portalurbano\/#website\",\"url\":\"https:\/\/experienciadevida.com.ar\/portalurbano\/\",\"name\":\"\",\"description\":\"\",\"publisher\":{\"@id\":\"https:\/\/experienciadevida.com.ar\/portalurbano\/#organization\"},\"potentialAction\":[{\"@type\":\"SearchAction\",\"target\":{\"@type\":\"EntryPoint\",\"urlTemplate\":\"https:\/\/experienciadevida.com.ar\/portalurbano\/?s={search_term_string}\"},\"query-input\":\"required name=search_term_string\"}],\"inLanguage\":\"es\"},{\"@type\":\"Organization\",\"@id\":\"https:\/\/experienciadevida.com.ar\/portalurbano\/#organization\",\"name\":\"Portal Urbano\",\"url\":\"https:\/\/experienciadevida.com.ar\/portalurbano\/\",\"logo\":{\"@type\":\"ImageObject\",\"inLanguage\":\"es\",\"@id\":\"https:\/\/experienciadevida.com.ar\/portalurbano\/#\/schema\/logo\/image\/\",\"url\":\"https:\/\/experienciadevida.com.ar\/portalurbano\/wp-content\/uploads\/2019\/09\/Logo-Original.png\",\"contentUrl\":\"https:\/\/experienciadevida.com.ar\/portalurbano\/wp-content\/uploads\/2019\/09\/Logo-Original.png\",\"width\":2236,\"height\":1216,\"caption\":\"Portal Urbano\"},\"image\":{\"@id\":\"https:\/\/experienciadevida.com.ar\/portalurbano\/#\/schema\/logo\/image\/\"},\"sameAs\":[\"https:\/\/www.facebook.com\/Portal-Urbano-171542830093757\/\",\"https:\/\/twitter.com\/portalurbanook\",\"https:\/\/www.instagram.com\/_portalurbano\/\",\"https:\/\/www.youtube.com\/channel\/UCXhagIfszH8KxFiOok79zbA?view_as=subscriber\"]},{\"@type\":\"Person\",\"@id\":\"https:\/\/experienciadevida.com.ar\/portalurbano\/#\/schema\/person\/02dd326b1c4b056e9cc972486934a3a7\",\"name\":\"admpu17wp\",\"image\":{\"@type\":\"ImageObject\",\"inLanguage\":\"es\",\"@id\":\"https:\/\/experienciadevida.com.ar\/portalurbano\/#\/schema\/person\/image\/\",\"url\":\"https:\/\/secure.gravatar.com\/avatar\/830d4c57adaae6630765e449a6908047?s=96&d=mm&r=g\",\"contentUrl\":\"https:\/\/secure.gravatar.com\/avatar\/830d4c57adaae6630765e449a6908047?s=96&d=mm&r=g\",\"caption\":\"admpu17wp\"}}]}<\/script>\n<!-- \/ Yoast SEO plugin. -->","yoast_head_json":{"title":"Pablo Wagner: \"se ve reflejada la importancia de la educaci\u00f3n p\u00fablica\"","description":"Pablo Wagner: \u201cSe ve reflejada la importancia de la educaci\u00f3n p\u00fablica para el Gobierno Provincial\u201d, as\u00ed lo se\u00f1al\u00f3 el Director de la. N\u00ba 1","robots":{"index":"index","follow":"follow","max-snippet":"max-snippet:-1","max-image-preview":"max-image-preview:large","max-video-preview":"max-video-preview:-1"},"canonical":"https:\/\/experienciadevida.com.ar\/portalurbano\/pablo-wagner-se-ve-reflejada-la-importancia-de-la-educacion-publica-para-el-gobierno-provincial\/","og_locale":"es_ES","og_type":"article","og_title":"Pablo Wagner: \"se ve reflejada la importancia de la educaci\u00f3n p\u00fablica\"","og_description":"Pablo Wagner: \u201cSe ve reflejada la importancia de la educaci\u00f3n p\u00fablica para el Gobierno Provincial\u201d, as\u00ed lo se\u00f1al\u00f3 el Director de la. N\u00ba 1","og_url":"https:\/\/experienciadevida.com.ar\/portalurbano\/pablo-wagner-se-ve-reflejada-la-importancia-de-la-educacion-publica-para-el-gobierno-provincial\/","article_publisher":"https:\/\/www.facebook.com\/Portal-Urbano-171542830093757\/","article_published_time":"2021-06-18T17:13:50+00:00","article_modified_time":"2021-06-18T17:17:38+00:00","og_image":[{"width":1280,"height":817,"url":"https:\/\/experienciadevida.com.ar\/portalurbano\/wp-content\/uploads\/2021\/06\/Pablo-Wagner.jpeg","type":"image\/jpeg"}],"author":"admpu17wp","twitter_card":"summary_large_image","twitter_creator":"@portalurbanook","twitter_site":"@portalurbanook","twitter_misc":{"Escrito por":"admpu17wp","Tiempo de lectura":"2 minutos"},"schema":{"@context":"https:\/\/schema.org","@graph":[{"@type":"Article","@id":"https:\/\/experienciadevida.com.ar\/portalurbano\/pablo-wagner-se-ve-reflejada-la-importancia-de-la-educacion-publica-para-el-gobierno-provincial\/#article","isPartOf":{"@id":"https:\/\/experienciadevida.com.ar\/portalurbano\/pablo-wagner-se-ve-reflejada-la-importancia-de-la-educacion-publica-para-el-gobierno-provincial\/"},"author":{"name":"admpu17wp","@id":"https:\/\/experienciadevida.com.ar\/portalurbano\/#\/schema\/person\/02dd326b1c4b056e9cc972486934a3a7"},"headline":"Pablo Wagner: \u201cSe ve reflejada la importancia de la educaci\u00f3n p\u00fablica para el Gobierno Provincial\u201d","datePublished":"2021-06-18T17:13:50+00:00","dateModified":"2021-06-18T17:17:38+00:00","mainEntityOfPage":{"@id":"https:\/\/experienciadevida.com.ar\/portalurbano\/pablo-wagner-se-ve-reflejada-la-importancia-de-la-educacion-publica-para-el-gobierno-provincial\/"},"wordCount":408,"publisher":{"@id":"https:\/\/experienciadevida.com.ar\/portalurbano\/#organization"},"articleSection":["Ciudad","Destacadas 2"],"inLanguage":"es"},{"@type":"WebPage","@id":"https:\/\/experienciadevida.com.ar\/portalurbano\/pablo-wagner-se-ve-reflejada-la-importancia-de-la-educacion-publica-para-el-gobierno-provincial\/","url":"https:\/\/experienciadevida.com.ar\/portalurbano\/pablo-wagner-se-ve-reflejada-la-importancia-de-la-educacion-publica-para-el-gobierno-provincial\/","name":"Pablo Wagner: \"se ve reflejada la importancia de la educaci\u00f3n p\u00fablica\"","isPartOf":{"@id":"https:\/\/experienciadevida.com.ar\/portalurbano\/#website"},"datePublished":"2021-06-18T17:13:50+00:00","dateModified":"2021-06-18T17:17:38+00:00","description":"Pablo Wagner: \u201cSe ve reflejada la importancia de la educaci\u00f3n p\u00fablica para el Gobierno Provincial\u201d, as\u00ed lo se\u00f1al\u00f3 el Director de la. N\u00ba 1","breadcrumb":{"@id":"https:\/\/experienciadevida.com.ar\/portalurbano\/pablo-wagner-se-ve-reflejada-la-importancia-de-la-educacion-publica-para-el-gobierno-provincial\/#breadcrumb"},"inLanguage":"es","potentialAction":[{"@type":"ReadAction","target":["https:\/\/experienciadevida.com.ar\/portalurbano\/pablo-wagner-se-ve-reflejada-la-importancia-de-la-educacion-publica-para-el-gobierno-provincial\/"]}]},{"@type":"BreadcrumbList","@id":"https:\/\/experienciadevida.com.ar\/portalurbano\/pablo-wagner-se-ve-reflejada-la-importancia-de-la-educacion-publica-para-el-gobierno-provincial\/#breadcrumb","itemListElement":[{"@type":"ListItem","position":1,"name":"Portada","item":"https:\/\/experienciadevida.com.ar\/portalurbano\/"},{"@type":"ListItem","position":2,"name":"Pablo Wagner: \u201cSe ve reflejada la importancia de la educaci\u00f3n p\u00fablica para el Gobierno Provincial\u201d"}]},{"@type":"WebSite","@id":"https:\/\/experienciadevida.com.ar\/portalurbano\/#website","url":"https:\/\/experienciadevida.com.ar\/portalurbano\/","name":"","description":"","publisher":{"@id":"https:\/\/experienciadevida.com.ar\/portalurbano\/#organization"},"potentialAction":[{"@type":"SearchAction","target":{"@type":"EntryPoint","urlTemplate":"https:\/\/experienciadevida.com.ar\/portalurbano\/?s={search_term_string}"},"query-input":"required name=search_term_string"}],"inLanguage":"es"},{"@type":"Organization","@id":"https:\/\/experienciadevida.com.ar\/portalurbano\/#organization","name":"Portal Urbano","url":"https:\/\/experienciadevida.com.ar\/portalurbano\/","logo":{"@type":"ImageObject","inLanguage":"es","@id":"https:\/\/experienciadevida.com.ar\/portalurbano\/#\/schema\/logo\/image\/","url":"https:\/\/experienciadevida.com.ar\/portalurbano\/wp-content\/uploads\/2019\/09\/Logo-Original.png","contentUrl":"https:\/\/experienciadevida.com.ar\/portalurbano\/wp-content\/uploads\/2019\/09\/Logo-Original.png","width":2236,"height":1216,"caption":"Portal Urbano"},"image":{"@id":"https:\/\/experienciadevida.com.ar\/portalurbano\/#\/schema\/logo\/image\/"},"sameAs":["https:\/\/www.facebook.com\/Portal-Urbano-171542830093757\/","https:\/\/twitter.com\/portalurbanook","https:\/\/www.instagram.com\/_portalurbano\/","https:\/\/www.youtube.com\/channel\/UCXhagIfszH8KxFiOok79zbA?view_as=subscriber"]},{"@type":"Person","@id":"https:\/\/experienciadevida.com.ar\/portalurbano\/#\/schema\/person\/02dd326b1c4b056e9cc972486934a3a7","name":"admpu17wp","image":{"@type":"ImageObject","inLanguage":"es","@id":"https:\/\/experienciadevida.com.ar\/portalurbano\/#\/schema\/person\/image\/","url":"https:\/\/secure.gravatar.com\/avatar\/830d4c57adaae6630765e449a6908047?s=96&d=mm&r=g","contentUrl":"https:\/\/secure.gravatar.com\/avatar\/830d4c57adaae6630765e449a6908047?s=96&d=mm&r=g","caption":"admpu17wp"}}]}},"featured_image_urls":{"full":["https:\/\/experienciadevida.com.ar\/portalurbano\/wp-content\/uploads\/2021\/06\/Pablo-Wagner.jpeg",1280,817,false],"thumbnail":["https:\/\/experienciadevida.com.ar\/portalurbano\/wp-content\/uploads\/2021\/06\/Pablo-Wagner-150x150.jpeg",150,150,true],"medium":["https:\/\/experienciadevida.com.ar\/portalurbano\/wp-content\/uploads\/2021\/06\/Pablo-Wagner-300x191.jpeg",300,191,true],"medium_large":["https:\/\/experienciadevida.com.ar\/portalurbano\/wp-content\/uploads\/2021\/06\/Pablo-Wagner-768x490.jpeg",640,408,true],"large":["https:\/\/experienciadevida.com.ar\/portalurbano\/wp-content\/uploads\/2021\/06\/Pablo-Wagner-1024x654.jpeg",640,409,true],"ug_big":["https:\/\/experienciadevida.com.ar\/portalurbano\/wp-content\/uploads\/2021\/06\/Pablo-Wagner-768x490.jpeg",768,490,true],"1536x1536":["https:\/\/experienciadevida.com.ar\/portalurbano\/wp-content\/uploads\/2021\/06\/Pablo-Wagner.jpeg",1280,817,false],"2048x2048":["https:\/\/experienciadevida.com.ar\/portalurbano\/wp-content\/uploads\/2021\/06\/Pablo-Wagner.jpeg",1280,817,false],"newsever-slider-full":["https:\/\/experienciadevida.com.ar\/portalurbano\/wp-content\/uploads\/2021\/06\/Pablo-Wagner.jpeg",1280,817,false],"newsever-featured":["https:\/\/experienciadevida.com.ar\/portalurbano\/wp-content\/uploads\/2021\/06\/Pablo-Wagner.jpeg",1024,654,false],"newsever-medium":["https:\/\/experienciadevida.com.ar\/portalurbano\/wp-content\/uploads\/2021\/06\/Pablo-Wagner.jpeg",720,460,false],"web-stories-poster-portrait":["https:\/\/experienciadevida.com.ar\/portalurbano\/wp-content\/uploads\/2021\/06\/Pablo-Wagner.jpeg",640,409,false],"web-stories-publisher-logo":["https:\/\/experienciadevida.com.ar\/portalurbano\/wp-content\/uploads\/2021\/06\/Pablo-Wagner.jpeg",96,61,false],"web-stories-thumbnail":["https:\/\/experienciadevida.com.ar\/portalurbano\/wp-content\/uploads\/2021\/06\/Pablo-Wagner.jpeg",150,96,false]},"author_info":{"display_name":"admpu17wp","author_link":"https:\/\/experienciadevida.com.ar\/portalurbano\/author\/admpu17wp\/"},"category_info":"<a href=\"https:\/\/experienciadevida.com.ar\/portalurbano\/category\/ciudad\/\" rel=\"category tag\">Ciudad<\/a> <a href=\"https:\/\/experienciadevida.com.ar\/portalurbano\/category\/destacadas-2\/\" rel=\"category tag\">Destacadas 2<\/a>","tag_info":"Destacadas 2","comment_count":"0","amp_enabled":true,"_links":{"self":[{"href":"https:\/\/experienciadevida.com.ar\/portalurbano\/wp-json\/wp\/v2\/posts\/145534"}],"collection":[{"href":"https:\/\/experienciadevida.com.ar\/portalurbano\/wp-json\/wp\/v2\/posts"}],"about":[{"href":"https:\/\/experienciadevida.com.ar\/portalurbano\/wp-json\/wp\/v2\/types\/post"}],"author":[{"embeddable":true,"href":"https:\/\/experienciadevida.com.ar\/portalurbano\/wp-json\/wp\/v2\/users\/1"}],"replies":[{"embeddable":true,"href":"https:\/\/experienciadevida.com.ar\/portalurbano\/wp-json\/wp\/v2\/comments?post=145534"}],"version-history":[{"count":2,"href":"https:\/\/experienciadevida.com.ar\/portalurbano\/wp-json\/wp\/v2\/posts\/145534\/revisions"}],"predecessor-version":[{"id":145537,"href":"https:\/\/experienciadevida.com.ar\/portalurbano\/wp-json\/wp\/v2\/posts\/145534\/revisions\/145537"}],"wp:featuredmedia":[{"embeddable":true,"href":"https:\/\/experienciadevida.com.ar\/portalurbano\/wp-json\/wp\/v2\/media\/145535"}],"wp:attachment":[{"href":"https:\/\/experienciadevida.com.ar\/portalurbano\/wp-json\/wp\/v2\/media?parent=145534"}],"wp:term":[{"taxonomy":"category","embeddable":true,"href":"https:\/\/experienciadevida.com.ar\/portalurbano\/wp-json\/wp\/v2\/categories?post=145534"},{"taxonomy":"post_tag","embeddable":true,"href":"https:\/\/experienciadevida.com.ar\/portalurbano\/wp-json\/wp\/v2\/tags?post=145534"}],"curies":[{"name":"wp","href":"https:\/\/api.w.org\/{rel}","templated":true}]}}