{"id":145522,"date":"2021-06-18T11:34:17","date_gmt":"2021-06-18T14:34:17","guid":{"rendered":"https:\/\/experienciadevida.com.ar\/portalurbano\/?p=145522"},"modified":"2021-06-18T11:42:38","modified_gmt":"2021-06-18T14:42:38","slug":"loma-negra-encendio-el-horno-de-la-segunda-linea-de-fabrica-lamali-y-avanza-en-el-final-de-la-obra","status":"publish","type":"post","link":"https:\/\/experienciadevida.com.ar\/portalurbano\/loma-negra-encendio-el-horno-de-la-segunda-linea-de-fabrica-lamali-y-avanza-en-el-final-de-la-obra\/","title":{"rendered":"Loma Negra encendi\u00f3 el horno de la segunda l\u00ednea de f\u00e1brica L\u00b4amal\u00ed y avanza en el final de la obra"},"content":{"rendered":"<p>Loma Negra encendi\u00f3 el horno de la segunda l\u00ednea de f\u00e1brica L\u00b4amal\u00ed y avanza en el final de la obra, se realiz\u00f3 el proceso de encendido del horno. Es la segunda l\u00ednea de Planta L\u2019Amal\u00ed, una planta de \u00faltima generaci\u00f3n, que demand\u00f3 una inversi\u00f3n de U$S 350 MM y que ampliar\u00e1 la capacidad de producci\u00f3n de cemento en 2,7 millones de toneladas anuales. Pronto se iniciar\u00e1 el proceso de producci\u00f3n.<\/p>\n<p>Loma Negra realiz\u00f3 hoy la ceremonia de encendido del horno de la segunda l\u00ednea planta L\u2019Amal\u00ed, una planta de \u00faltima generaci\u00f3n que le permitir\u00e1 incrementar su producci\u00f3n en 2,7 millones de toneladas de cemento al a\u00f1o, que equivalen a un 40% su capacidad actual.<\/p>\n<p>Loma Negra encendi\u00f3 el horno de la segunda l\u00ednea de f\u00e1brica L\u00b4amal\u00ed, el proceso de encendido del horno se realiza con la finalizaci\u00f3n de la etapa de construcci\u00f3n de la segunda l\u00ednea. En unos d\u00edas, se iniciar\u00e1 el proceso de producci\u00f3n.<\/p>\n<p>La construcci\u00f3n de la segunda l\u00ednea en la Planta L\u00b4Amal\u00ed es el proyecto estrat\u00e9gico m\u00e1s importante de la empresa en los \u00faltimos a\u00f1os. Su construcci\u00f3n demand\u00f3 una inversi\u00f3n de U$S 350 millones y permitir\u00e1 mejoras en eficiencia y productividad.<\/p>\n<p>\u201cEs un hito en la historia de Loma Negra. Quisiera agradecer a todos los que estuvieron trabajando en la obra, trabajadores, a Sinoma y empresas contratistas. Hemos tenido y atravesado dificultades econ\u00f3micas y sociales y es gracias al esfuerzo de todos que estamos hoy ac\u00e1. Con esfuerzo y compromiso, dedicaci\u00f3n y trabajo en equipo se puede llegar muy lejos\u201d, remarc\u00f3 Sergio Faifman.<\/p>\n","protected":false},"excerpt":{"rendered":"<p>Loma Negra encendi\u00f3 el horno de la segunda l\u00ednea de f\u00e1brica L\u00b4amal\u00ed y avanza en&#8230;<\/p>\n","protected":false},"author":1,"featured_media":145523,"comment_status":"closed","ping_status":"closed","sticky":false,"template":"","format":"standard","meta":{"content-type":""},"categories":[27,51],"tags":[],"nelio_content":{"isAutoShareEnabled":false,"autoShareEndMode":"default","automationSources":{"useContentSentences":true,"useSocialTemplates":true,"useCustomSentences":false,"customSentences":[]},"followers":[1],"suggestedReferences":[],"includedReferences":[],"efiUrl":"","efiAlt":"","highlights":[]},"yoast_head":"<!-- This site is optimized with the Yoast SEO plugin v20.7 - https:\/\/yoast.com\/wordpress\/plugins\/seo\/ -->\n<title>Loma Negra encendi\u00f3 el horno de la segunda l\u00ednea de la f\u00e1brica<\/title>\n<meta name=\"description\" content=\"Loma Negra encendi\u00f3 el horno de la segunda l\u00ednea de f\u00e1brica L\u00b4amal\u00ed y avanza en el final de la obra, se realiz\u00f3 el proceso de encendido\" \/>\n<meta name=\"robots\" content=\"index, follow, max-snippet:-1, max-image-preview:large, max-video-preview:-1\" \/>\n<link rel=\"canonical\" href=\"https:\/\/experienciadevida.com.ar\/portalurbano\/loma-negra-encendio-el-horno-de-la-segunda-linea-de-fabrica-lamali-y-avanza-en-el-final-de-la-obra\/\" \/>\n<meta property=\"og:locale\" content=\"es_ES\" \/>\n<meta property=\"og:type\" content=\"article\" \/>\n<meta property=\"og:title\" content=\"Loma Negra encendi\u00f3 el horno de la segunda l\u00ednea de la f\u00e1brica\" \/>\n<meta property=\"og:description\" content=\"Loma Negra encendi\u00f3 el horno de la segunda l\u00ednea de f\u00e1brica L\u00b4amal\u00ed y avanza en el final de la obra, se realiz\u00f3 el proceso de encendido\" \/>\n<meta property=\"og:url\" content=\"https:\/\/experienciadevida.com.ar\/portalurbano\/loma-negra-encendio-el-horno-de-la-segunda-linea-de-fabrica-lamali-y-avanza-en-el-final-de-la-obra\/\" \/>\n<meta property=\"article:publisher\" content=\"https:\/\/www.facebook.com\/Portal-Urbano-171542830093757\/\" \/>\n<meta property=\"article:published_time\" content=\"2021-06-18T14:34:17+00:00\" \/>\n<meta property=\"article:modified_time\" content=\"2021-06-18T14:42:38+00:00\" \/>\n<meta property=\"og:image\" content=\"https:\/\/experienciadevida.com.ar\/portalurbano\/wp-content\/uploads\/2021\/06\/Loma-Negra-encendio-el-horno.jpg\" \/>\n\t<meta property=\"og:image:width\" content=\"1280\" \/>\n\t<meta property=\"og:image:height\" content=\"960\" \/>\n\t<meta property=\"og:image:type\" content=\"image\/jpeg\" \/>\n<meta name=\"author\" content=\"admpu17wp\" \/>\n<meta name=\"twitter:card\" content=\"summary_large_image\" \/>\n<meta name=\"twitter:creator\" content=\"@portalurbanook\" \/>\n<meta name=\"twitter:site\" content=\"@portalurbanook\" \/>\n<meta name=\"twitter:label1\" content=\"Escrito por\" \/>\n\t<meta name=\"twitter:data1\" content=\"admpu17wp\" \/>\n\t<meta name=\"twitter:label2\" content=\"Tiempo de lectura\" \/>\n\t<meta name=\"twitter:data2\" content=\"2 minutos\" \/>\n<script type=\"application\/ld+json\" class=\"yoast-schema-graph\">{\"@context\":\"https:\/\/schema.org\",\"@graph\":[{\"@type\":\"Article\",\"@id\":\"https:\/\/experienciadevida.com.ar\/portalurbano\/loma-negra-encendio-el-horno-de-la-segunda-linea-de-fabrica-lamali-y-avanza-en-el-final-de-la-obra\/#article\",\"isPartOf\":{\"@id\":\"https:\/\/experienciadevida.com.ar\/portalurbano\/loma-negra-encendio-el-horno-de-la-segunda-linea-de-fabrica-lamali-y-avanza-en-el-final-de-la-obra\/\"},\"author\":{\"name\":\"admpu17wp\",\"@id\":\"https:\/\/experienciadevida.com.ar\/portalurbano\/#\/schema\/person\/02dd326b1c4b056e9cc972486934a3a7\"},\"headline\":\"Loma Negra encendi\u00f3 el horno de la segunda l\u00ednea de f\u00e1brica L\u00b4amal\u00ed y avanza en el final de la obra\",\"datePublished\":\"2021-06-18T14:34:17+00:00\",\"dateModified\":\"2021-06-18T14:42:38+00:00\",\"mainEntityOfPage\":{\"@id\":\"https:\/\/experienciadevida.com.ar\/portalurbano\/loma-negra-encendio-el-horno-de-la-segunda-linea-de-fabrica-lamali-y-avanza-en-el-final-de-la-obra\/\"},\"wordCount\":308,\"publisher\":{\"@id\":\"https:\/\/experienciadevida.com.ar\/portalurbano\/#organization\"},\"articleSection\":[\"Ciudad\",\"Destacadas\"],\"inLanguage\":\"es\"},{\"@type\":\"WebPage\",\"@id\":\"https:\/\/experienciadevida.com.ar\/portalurbano\/loma-negra-encendio-el-horno-de-la-segunda-linea-de-fabrica-lamali-y-avanza-en-el-final-de-la-obra\/\",\"url\":\"https:\/\/experienciadevida.com.ar\/portalurbano\/loma-negra-encendio-el-horno-de-la-segunda-linea-de-fabrica-lamali-y-avanza-en-el-final-de-la-obra\/\",\"name\":\"Loma Negra encendi\u00f3 el horno de la segunda l\u00ednea de la f\u00e1brica\",\"isPartOf\":{\"@id\":\"https:\/\/experienciadevida.com.ar\/portalurbano\/#website\"},\"datePublished\":\"2021-06-18T14:34:17+00:00\",\"dateModified\":\"2021-06-18T14:42:38+00:00\",\"description\":\"Loma Negra encendi\u00f3 el horno de la segunda l\u00ednea de f\u00e1brica L\u00b4amal\u00ed y avanza en el final de la obra, se realiz\u00f3 el proceso de encendido\",\"breadcrumb\":{\"@id\":\"https:\/\/experienciadevida.com.ar\/portalurbano\/loma-negra-encendio-el-horno-de-la-segunda-linea-de-fabrica-lamali-y-avanza-en-el-final-de-la-obra\/#breadcrumb\"},\"inLanguage\":\"es\",\"potentialAction\":[{\"@type\":\"ReadAction\",\"target\":[\"https:\/\/experienciadevida.com.ar\/portalurbano\/loma-negra-encendio-el-horno-de-la-segunda-linea-de-fabrica-lamali-y-avanza-en-el-final-de-la-obra\/\"]}]},{\"@type\":\"BreadcrumbList\",\"@id\":\"https:\/\/experienciadevida.com.ar\/portalurbano\/loma-negra-encendio-el-horno-de-la-segunda-linea-de-fabrica-lamali-y-avanza-en-el-final-de-la-obra\/#breadcrumb\",\"itemListElement\":[{\"@type\":\"ListItem\",\"position\":1,\"name\":\"Portada\",\"item\":\"https:\/\/experienciadevida.com.ar\/portalurbano\/\"},{\"@type\":\"ListItem\",\"position\":2,\"name\":\"Loma Negra encendi\u00f3 el horno de la segunda l\u00ednea de f\u00e1brica L\u00b4amal\u00ed y avanza en el final de la obra\"}]},{\"@type\":\"WebSite\",\"@id\":\"https:\/\/experienciadevida.com.ar\/portalurbano\/#website\",\"url\":\"https:\/\/experienciadevida.com.ar\/portalurbano\/\",\"name\":\"\",\"description\":\"\",\"publisher\":{\"@id\":\"https:\/\/experienciadevida.com.ar\/portalurbano\/#organization\"},\"potentialAction\":[{\"@type\":\"SearchAction\",\"target\":{\"@type\":\"EntryPoint\",\"urlTemplate\":\"https:\/\/experienciadevida.com.ar\/portalurbano\/?s={search_term_string}\"},\"query-input\":\"required name=search_term_string\"}],\"inLanguage\":\"es\"},{\"@type\":\"Organization\",\"@id\":\"https:\/\/experienciadevida.com.ar\/portalurbano\/#organization\",\"name\":\"Portal Urbano\",\"url\":\"https:\/\/experienciadevida.com.ar\/portalurbano\/\",\"logo\":{\"@type\":\"ImageObject\",\"inLanguage\":\"es\",\"@id\":\"https:\/\/experienciadevida.com.ar\/portalurbano\/#\/schema\/logo\/image\/\",\"url\":\"https:\/\/experienciadevida.com.ar\/portalurbano\/wp-content\/uploads\/2019\/09\/Logo-Original.png\",\"contentUrl\":\"https:\/\/experienciadevida.com.ar\/portalurbano\/wp-content\/uploads\/2019\/09\/Logo-Original.png\",\"width\":2236,\"height\":1216,\"caption\":\"Portal Urbano\"},\"image\":{\"@id\":\"https:\/\/experienciadevida.com.ar\/portalurbano\/#\/schema\/logo\/image\/\"},\"sameAs\":[\"https:\/\/www.facebook.com\/Portal-Urbano-171542830093757\/\",\"https:\/\/twitter.com\/portalurbanook\",\"https:\/\/www.instagram.com\/_portalurbano\/\",\"https:\/\/www.youtube.com\/channel\/UCXhagIfszH8KxFiOok79zbA?view_as=subscriber\"]},{\"@type\":\"Person\",\"@id\":\"https:\/\/experienciadevida.com.ar\/portalurbano\/#\/schema\/person\/02dd326b1c4b056e9cc972486934a3a7\",\"name\":\"admpu17wp\",\"image\":{\"@type\":\"ImageObject\",\"inLanguage\":\"es\",\"@id\":\"https:\/\/experienciadevida.com.ar\/portalurbano\/#\/schema\/person\/image\/\",\"url\":\"https:\/\/secure.gravatar.com\/avatar\/830d4c57adaae6630765e449a6908047?s=96&d=mm&r=g\",\"contentUrl\":\"https:\/\/secure.gravatar.com\/avatar\/830d4c57adaae6630765e449a6908047?s=96&d=mm&r=g\",\"caption\":\"admpu17wp\"}}]}<\/script>\n<!-- \/ Yoast SEO plugin. -->","yoast_head_json":{"title":"Loma Negra encendi\u00f3 el horno de la segunda l\u00ednea de la f\u00e1brica","description":"Loma Negra encendi\u00f3 el horno de la segunda l\u00ednea de f\u00e1brica L\u00b4amal\u00ed y avanza en el final de la obra, se realiz\u00f3 el proceso de encendido","robots":{"index":"index","follow":"follow","max-snippet":"max-snippet:-1","max-image-preview":"max-image-preview:large","max-video-preview":"max-video-preview:-1"},"canonical":"https:\/\/experienciadevida.com.ar\/portalurbano\/loma-negra-encendio-el-horno-de-la-segunda-linea-de-fabrica-lamali-y-avanza-en-el-final-de-la-obra\/","og_locale":"es_ES","og_type":"article","og_title":"Loma Negra encendi\u00f3 el horno de la segunda l\u00ednea de la f\u00e1brica","og_description":"Loma Negra encendi\u00f3 el horno de la segunda l\u00ednea de f\u00e1brica L\u00b4amal\u00ed y avanza en el final de la obra, se realiz\u00f3 el proceso de encendido","og_url":"https:\/\/experienciadevida.com.ar\/portalurbano\/loma-negra-encendio-el-horno-de-la-segunda-linea-de-fabrica-lamali-y-avanza-en-el-final-de-la-obra\/","article_publisher":"https:\/\/www.facebook.com\/Portal-Urbano-171542830093757\/","article_published_time":"2021-06-18T14:34:17+00:00","article_modified_time":"2021-06-18T14:42:38+00:00","og_image":[{"width":1280,"height":960,"url":"https:\/\/experienciadevida.com.ar\/portalurbano\/wp-content\/uploads\/2021\/06\/Loma-Negra-encendio-el-horno.jpg","type":"image\/jpeg"}],"author":"admpu17wp","twitter_card":"summary_large_image","twitter_creator":"@portalurbanook","twitter_site":"@portalurbanook","twitter_misc":{"Escrito por":"admpu17wp","Tiempo de lectura":"2 minutos"},"schema":{"@context":"https:\/\/schema.org","@graph":[{"@type":"Article","@id":"https:\/\/experienciadevida.com.ar\/portalurbano\/loma-negra-encendio-el-horno-de-la-segunda-linea-de-fabrica-lamali-y-avanza-en-el-final-de-la-obra\/#article","isPartOf":{"@id":"https:\/\/experienciadevida.com.ar\/portalurbano\/loma-negra-encendio-el-horno-de-la-segunda-linea-de-fabrica-lamali-y-avanza-en-el-final-de-la-obra\/"},"author":{"name":"admpu17wp","@id":"https:\/\/experienciadevida.com.ar\/portalurbano\/#\/schema\/person\/02dd326b1c4b056e9cc972486934a3a7"},"headline":"Loma Negra encendi\u00f3 el horno de la segunda l\u00ednea de f\u00e1brica L\u00b4amal\u00ed y avanza en el final de la obra","datePublished":"2021-06-18T14:34:17+00:00","dateModified":"2021-06-18T14:42:38+00:00","mainEntityOfPage":{"@id":"https:\/\/experienciadevida.com.ar\/portalurbano\/loma-negra-encendio-el-horno-de-la-segunda-linea-de-fabrica-lamali-y-avanza-en-el-final-de-la-obra\/"},"wordCount":308,"publisher":{"@id":"https:\/\/experienciadevida.com.ar\/portalurbano\/#organization"},"articleSection":["Ciudad","Destacadas"],"inLanguage":"es"},{"@type":"WebPage","@id":"https:\/\/experienciadevida.com.ar\/portalurbano\/loma-negra-encendio-el-horno-de-la-segunda-linea-de-fabrica-lamali-y-avanza-en-el-final-de-la-obra\/","url":"https:\/\/experienciadevida.com.ar\/portalurbano\/loma-negra-encendio-el-horno-de-la-segunda-linea-de-fabrica-lamali-y-avanza-en-el-final-de-la-obra\/","name":"Loma Negra encendi\u00f3 el horno de la segunda l\u00ednea de la f\u00e1brica","isPartOf":{"@id":"https:\/\/experienciadevida.com.ar\/portalurbano\/#website"},"datePublished":"2021-06-18T14:34:17+00:00","dateModified":"2021-06-18T14:42:38+00:00","description":"Loma Negra encendi\u00f3 el horno de la segunda l\u00ednea de f\u00e1brica L\u00b4amal\u00ed y avanza en el final de la obra, se realiz\u00f3 el proceso de encendido","breadcrumb":{"@id":"https:\/\/experienciadevida.com.ar\/portalurbano\/loma-negra-encendio-el-horno-de-la-segunda-linea-de-fabrica-lamali-y-avanza-en-el-final-de-la-obra\/#breadcrumb"},"inLanguage":"es","potentialAction":[{"@type":"ReadAction","target":["https:\/\/experienciadevida.com.ar\/portalurbano\/loma-negra-encendio-el-horno-de-la-segunda-linea-de-fabrica-lamali-y-avanza-en-el-final-de-la-obra\/"]}]},{"@type":"BreadcrumbList","@id":"https:\/\/experienciadevida.com.ar\/portalurbano\/loma-negra-encendio-el-horno-de-la-segunda-linea-de-fabrica-lamali-y-avanza-en-el-final-de-la-obra\/#breadcrumb","itemListElement":[{"@type":"ListItem","position":1,"name":"Portada","item":"https:\/\/experienciadevida.com.ar\/portalurbano\/"},{"@type":"ListItem","position":2,"name":"Loma Negra encendi\u00f3 el horno de la segunda l\u00ednea de f\u00e1brica L\u00b4amal\u00ed y avanza en el final de la obra"}]},{"@type":"WebSite","@id":"https:\/\/experienciadevida.com.ar\/portalurbano\/#website","url":"https:\/\/experienciadevida.com.ar\/portalurbano\/","name":"","description":"","publisher":{"@id":"https:\/\/experienciadevida.com.ar\/portalurbano\/#organization"},"potentialAction":[{"@type":"SearchAction","target":{"@type":"EntryPoint","urlTemplate":"https:\/\/experienciadevida.com.ar\/portalurbano\/?s={search_term_string}"},"query-input":"required name=search_term_string"}],"inLanguage":"es"},{"@type":"Organization","@id":"https:\/\/experienciadevida.com.ar\/portalurbano\/#organization","name":"Portal Urbano","url":"https:\/\/experienciadevida.com.ar\/portalurbano\/","logo":{"@type":"ImageObject","inLanguage":"es","@id":"https:\/\/experienciadevida.com.ar\/portalurbano\/#\/schema\/logo\/image\/","url":"https:\/\/experienciadevida.com.ar\/portalurbano\/wp-content\/uploads\/2019\/09\/Logo-Original.png","contentUrl":"https:\/\/experienciadevida.com.ar\/portalurbano\/wp-content\/uploads\/2019\/09\/Logo-Original.png","width":2236,"height":1216,"caption":"Portal Urbano"},"image":{"@id":"https:\/\/experienciadevida.com.ar\/portalurbano\/#\/schema\/logo\/image\/"},"sameAs":["https:\/\/www.facebook.com\/Portal-Urbano-171542830093757\/","https:\/\/twitter.com\/portalurbanook","https:\/\/www.instagram.com\/_portalurbano\/","https:\/\/www.youtube.com\/channel\/UCXhagIfszH8KxFiOok79zbA?view_as=subscriber"]},{"@type":"Person","@id":"https:\/\/experienciadevida.com.ar\/portalurbano\/#\/schema\/person\/02dd326b1c4b056e9cc972486934a3a7","name":"admpu17wp","image":{"@type":"ImageObject","inLanguage":"es","@id":"https:\/\/experienciadevida.com.ar\/portalurbano\/#\/schema\/person\/image\/","url":"https:\/\/secure.gravatar.com\/avatar\/830d4c57adaae6630765e449a6908047?s=96&d=mm&r=g","contentUrl":"https:\/\/secure.gravatar.com\/avatar\/830d4c57adaae6630765e449a6908047?s=96&d=mm&r=g","caption":"admpu17wp"}}]}},"featured_image_urls":{"full":["https:\/\/experienciadevida.com.ar\/portalurbano\/wp-content\/uploads\/2021\/06\/Loma-Negra-encendio-el-horno.jpg",1280,960,false],"thumbnail":["https:\/\/experienciadevida.com.ar\/portalurbano\/wp-content\/uploads\/2021\/06\/Loma-Negra-encendio-el-horno-150x150.jpg",150,150,true],"medium":["https:\/\/experienciadevida.com.ar\/portalurbano\/wp-content\/uploads\/2021\/06\/Loma-Negra-encendio-el-horno-300x225.jpg",300,225,true],"medium_large":["https:\/\/experienciadevida.com.ar\/portalurbano\/wp-content\/uploads\/2021\/06\/Loma-Negra-encendio-el-horno-768x576.jpg",640,480,true],"large":["https:\/\/experienciadevida.com.ar\/portalurbano\/wp-content\/uploads\/2021\/06\/Loma-Negra-encendio-el-horno-1024x768.jpg",640,480,true],"ug_big":["https:\/\/experienciadevida.com.ar\/portalurbano\/wp-content\/uploads\/2021\/06\/Loma-Negra-encendio-el-horno-768x576.jpg",768,576,true],"1536x1536":["https:\/\/experienciadevida.com.ar\/portalurbano\/wp-content\/uploads\/2021\/06\/Loma-Negra-encendio-el-horno.jpg",1280,960,false],"2048x2048":["https:\/\/experienciadevida.com.ar\/portalurbano\/wp-content\/uploads\/2021\/06\/Loma-Negra-encendio-el-horno.jpg",1280,960,false],"newsever-slider-full":["https:\/\/experienciadevida.com.ar\/portalurbano\/wp-content\/uploads\/2021\/06\/Loma-Negra-encendio-el-horno.jpg",1127,845,false],"newsever-featured":["https:\/\/experienciadevida.com.ar\/portalurbano\/wp-content\/uploads\/2021\/06\/Loma-Negra-encendio-el-horno.jpg",1024,768,false],"newsever-medium":["https:\/\/experienciadevida.com.ar\/portalurbano\/wp-content\/uploads\/2021\/06\/Loma-Negra-encendio-el-horno.jpg",633,475,false],"web-stories-poster-portrait":["https:\/\/experienciadevida.com.ar\/portalurbano\/wp-content\/uploads\/2021\/06\/Loma-Negra-encendio-el-horno.jpg",640,480,false],"web-stories-publisher-logo":["https:\/\/experienciadevida.com.ar\/portalurbano\/wp-content\/uploads\/2021\/06\/Loma-Negra-encendio-el-horno.jpg",96,72,false],"web-stories-thumbnail":["https:\/\/experienciadevida.com.ar\/portalurbano\/wp-content\/uploads\/2021\/06\/Loma-Negra-encendio-el-horno.jpg",150,113,false]},"author_info":{"display_name":"admpu17wp","author_link":"https:\/\/experienciadevida.com.ar\/portalurbano\/author\/admpu17wp\/"},"category_info":"<a href=\"https:\/\/experienciadevida.com.ar\/portalurbano\/category\/ciudad\/\" rel=\"category tag\">Ciudad<\/a> <a href=\"https:\/\/experienciadevida.com.ar\/portalurbano\/category\/destacadas\/\" rel=\"category tag\">Destacadas<\/a>","tag_info":"Destacadas","comment_count":"0","amp_enabled":true,"_links":{"self":[{"href":"https:\/\/experienciadevida.com.ar\/portalurbano\/wp-json\/wp\/v2\/posts\/145522"}],"collection":[{"href":"https:\/\/experienciadevida.com.ar\/portalurbano\/wp-json\/wp\/v2\/posts"}],"about":[{"href":"https:\/\/experienciadevida.com.ar\/portalurbano\/wp-json\/wp\/v2\/types\/post"}],"author":[{"embeddable":true,"href":"https:\/\/experienciadevida.com.ar\/portalurbano\/wp-json\/wp\/v2\/users\/1"}],"replies":[{"embeddable":true,"href":"https:\/\/experienciadevida.com.ar\/portalurbano\/wp-json\/wp\/v2\/comments?post=145522"}],"version-history":[{"count":3,"href":"https:\/\/experienciadevida.com.ar\/portalurbano\/wp-json\/wp\/v2\/posts\/145522\/revisions"}],"predecessor-version":[{"id":145526,"href":"https:\/\/experienciadevida.com.ar\/portalurbano\/wp-json\/wp\/v2\/posts\/145522\/revisions\/145526"}],"wp:featuredmedia":[{"embeddable":true,"href":"https:\/\/experienciadevida.com.ar\/portalurbano\/wp-json\/wp\/v2\/media\/145523"}],"wp:attachment":[{"href":"https:\/\/experienciadevida.com.ar\/portalurbano\/wp-json\/wp\/v2\/media?parent=145522"}],"wp:term":[{"taxonomy":"category","embeddable":true,"href":"https:\/\/experienciadevida.com.ar\/portalurbano\/wp-json\/wp\/v2\/categories?post=145522"},{"taxonomy":"post_tag","embeddable":true,"href":"https:\/\/experienciadevida.com.ar\/portalurbano\/wp-json\/wp\/v2\/tags?post=145522"}],"curies":[{"name":"wp","href":"https:\/\/api.w.org\/{rel}","templated":true}]}}