{"id":145506,"date":"2021-06-18T09:31:07","date_gmt":"2021-06-18T12:31:07","guid":{"rendered":"https:\/\/experienciadevida.com.ar\/portalurbano\/?p=145506"},"modified":"2021-06-18T09:32:44","modified_gmt":"2021-06-18T12:32:44","slug":"abierta-la-inscripcion-para-el-curso-de-gestion-empresarial","status":"publish","type":"post","link":"https:\/\/experienciadevida.com.ar\/portalurbano\/abierta-la-inscripcion-para-el-curso-de-gestion-empresarial\/","title":{"rendered":"Abierta la inscripci\u00f3n para el Curso de Gesti\u00f3n Empresarial"},"content":{"rendered":"<p>Abierta la inscripci\u00f3n para el Curso de Gesti\u00f3n Empresarial, desde la Secretar\u00eda de Desarrollo Econ\u00f3mico se informa que se encuentra abierta la inscripci\u00f3n para el Curso de Gesti\u00f3n Empresarial, bajo la modalidad virtual.<\/p>\n<p>El mismo se gestiona en forma conjunta entre la Direcci\u00f3n de Empleo y la Direcci\u00f3n de Econom\u00eda Social y est\u00e1 orientado a personas desocupadas, con perfil emprendedor o aquellas que llevan adelante un proyecto y necesiten reforzar la idea del negocio que tienen en marcha.<\/p>\n<p>El curso iniciar\u00e1 el d\u00eda 6 de julio y consta de 8 clases virtuales -a trav\u00e9s de la plataforma zoom- con una duraci\u00f3n m\u00e1xima por encuentro de 90 minutos. Se desarrollar\u00e1 los d\u00edas martes y jueves a las 18:30 horas.<\/p>\n<p>Abierta la inscripci\u00f3n para el curso de gesti\u00f3n empresarial, El objetivo general del curso es impulsar y cultivar el esp\u00edritu emprendedor, a trav\u00e9s del cual puedan visualizar el empleo independiente como una alternativa importante del mercado de trabajo local, regional, y nacional. Adem\u00e1s, se establece como objetivo espec\u00edfico: brindar herramientas necesarias para planificar, implementar, y sostener un proyecto de negocios.<\/p>\n<p>El taller cuenta con un abordaje te\u00f3rico-pr\u00e1ctico, su contenido est\u00e1 centrado en dos grandes m\u00f3dulos. El primero orientado a los aspectos subjetivos y actitudinales, el segundo orientado a los aspectos objetivos y herramientas concretas necesarias para iniciar y sostener una idea de negocios.<\/p>\n<p>Los interesados en participar deber\u00e1n completar el siguiente formulario: Inscripci\u00f3n Curso de Gesti\u00f3n Empresarial.<\/p>\n<p>Para mayor informaci\u00f3n podr\u00e1n contactarse con la Secretar\u00eda de Desarrollo Econ\u00f3mico a los tel\u00e9fonos 422135\/422195 o a la direcci\u00f3n de correo electr\u00f3nico: direcciondeempleo@olavarria.gov.ar<\/p>\n<p>&nbsp;<\/p>\n","protected":false},"excerpt":{"rendered":"<p>Abierta la inscripci\u00f3n para el Curso de Gesti\u00f3n Empresarial, desde la Secretar\u00eda de Desarrollo Econ\u00f3mico&#8230;<\/p>\n","protected":false},"author":1,"featured_media":91816,"comment_status":"closed","ping_status":"closed","sticky":false,"template":"","format":"standard","meta":{"content-type":""},"categories":[27,64],"tags":[],"nelio_content":{"isAutoShareEnabled":false,"autoShareEndMode":"default","automationSources":{"useContentSentences":true,"useSocialTemplates":true,"useCustomSentences":false,"customSentences":[]},"followers":[1],"suggestedReferences":[],"includedReferences":[],"efiUrl":"","efiAlt":"","highlights":[]},"yoast_head":"<!-- This site is optimized with the Yoast SEO plugin v20.7 - https:\/\/yoast.com\/wordpress\/plugins\/seo\/ -->\n<title>Abierta la inscripci\u00f3n para el curso de gesti\u00f3n empresarial<\/title>\n<meta name=\"description\" content=\"Abierta la inscripci\u00f3n para el Curso de Gesti\u00f3n Empresarial, desde la Secretar\u00eda de Desarrollo Econ\u00f3mico ser\u00e1 bajo la modalidad virtual.\" \/>\n<meta name=\"robots\" content=\"index, follow, max-snippet:-1, max-image-preview:large, max-video-preview:-1\" \/>\n<link rel=\"canonical\" href=\"https:\/\/experienciadevida.com.ar\/portalurbano\/abierta-la-inscripcion-para-el-curso-de-gestion-empresarial\/\" \/>\n<meta property=\"og:locale\" content=\"es_ES\" \/>\n<meta property=\"og:type\" content=\"article\" \/>\n<meta property=\"og:title\" content=\"Abierta la inscripci\u00f3n para el curso de gesti\u00f3n empresarial\" \/>\n<meta property=\"og:description\" content=\"Abierta la inscripci\u00f3n para el Curso de Gesti\u00f3n Empresarial, desde la Secretar\u00eda de Desarrollo Econ\u00f3mico ser\u00e1 bajo la modalidad virtual.\" \/>\n<meta property=\"og:url\" content=\"https:\/\/experienciadevida.com.ar\/portalurbano\/abierta-la-inscripcion-para-el-curso-de-gestion-empresarial\/\" \/>\n<meta property=\"article:publisher\" content=\"https:\/\/www.facebook.com\/Portal-Urbano-171542830093757\/\" \/>\n<meta property=\"article:published_time\" content=\"2021-06-18T12:31:07+00:00\" \/>\n<meta property=\"article:modified_time\" content=\"2021-06-18T12:32:44+00:00\" \/>\n<meta property=\"og:image\" content=\"https:\/\/experienciadevida.com.ar\/portalurbano\/wp-content\/uploads\/2019\/10\/MUNICIPALIDAD-e1572474818311.jpg\" \/>\n\t<meta property=\"og:image:width\" content=\"765\" \/>\n\t<meta property=\"og:image:height\" content=\"430\" \/>\n\t<meta property=\"og:image:type\" content=\"image\/jpeg\" \/>\n<meta name=\"author\" content=\"admpu17wp\" \/>\n<meta name=\"twitter:card\" content=\"summary_large_image\" \/>\n<meta name=\"twitter:creator\" content=\"@portalurbanook\" \/>\n<meta name=\"twitter:site\" content=\"@portalurbanook\" \/>\n<meta name=\"twitter:label1\" content=\"Escrito por\" \/>\n\t<meta name=\"twitter:data1\" content=\"admpu17wp\" \/>\n\t<meta name=\"twitter:label2\" content=\"Tiempo de lectura\" \/>\n\t<meta name=\"twitter:data2\" content=\"2 minutos\" \/>\n<script type=\"application\/ld+json\" class=\"yoast-schema-graph\">{\"@context\":\"https:\/\/schema.org\",\"@graph\":[{\"@type\":\"Article\",\"@id\":\"https:\/\/experienciadevida.com.ar\/portalurbano\/abierta-la-inscripcion-para-el-curso-de-gestion-empresarial\/#article\",\"isPartOf\":{\"@id\":\"https:\/\/experienciadevida.com.ar\/portalurbano\/abierta-la-inscripcion-para-el-curso-de-gestion-empresarial\/\"},\"author\":{\"name\":\"admpu17wp\",\"@id\":\"https:\/\/experienciadevida.com.ar\/portalurbano\/#\/schema\/person\/02dd326b1c4b056e9cc972486934a3a7\"},\"headline\":\"Abierta la inscripci\u00f3n para el Curso de Gesti\u00f3n Empresarial\",\"datePublished\":\"2021-06-18T12:31:07+00:00\",\"dateModified\":\"2021-06-18T12:32:44+00:00\",\"mainEntityOfPage\":{\"@id\":\"https:\/\/experienciadevida.com.ar\/portalurbano\/abierta-la-inscripcion-para-el-curso-de-gestion-empresarial\/\"},\"wordCount\":301,\"publisher\":{\"@id\":\"https:\/\/experienciadevida.com.ar\/portalurbano\/#organization\"},\"articleSection\":[\"Ciudad\",\"Destacadas 2\"],\"inLanguage\":\"es\"},{\"@type\":\"WebPage\",\"@id\":\"https:\/\/experienciadevida.com.ar\/portalurbano\/abierta-la-inscripcion-para-el-curso-de-gestion-empresarial\/\",\"url\":\"https:\/\/experienciadevida.com.ar\/portalurbano\/abierta-la-inscripcion-para-el-curso-de-gestion-empresarial\/\",\"name\":\"Abierta la inscripci\u00f3n para el curso de gesti\u00f3n empresarial\",\"isPartOf\":{\"@id\":\"https:\/\/experienciadevida.com.ar\/portalurbano\/#website\"},\"datePublished\":\"2021-06-18T12:31:07+00:00\",\"dateModified\":\"2021-06-18T12:32:44+00:00\",\"description\":\"Abierta la inscripci\u00f3n para el Curso de Gesti\u00f3n Empresarial, desde la Secretar\u00eda de Desarrollo Econ\u00f3mico ser\u00e1 bajo la modalidad virtual.\",\"breadcrumb\":{\"@id\":\"https:\/\/experienciadevida.com.ar\/portalurbano\/abierta-la-inscripcion-para-el-curso-de-gestion-empresarial\/#breadcrumb\"},\"inLanguage\":\"es\",\"potentialAction\":[{\"@type\":\"ReadAction\",\"target\":[\"https:\/\/experienciadevida.com.ar\/portalurbano\/abierta-la-inscripcion-para-el-curso-de-gestion-empresarial\/\"]}]},{\"@type\":\"BreadcrumbList\",\"@id\":\"https:\/\/experienciadevida.com.ar\/portalurbano\/abierta-la-inscripcion-para-el-curso-de-gestion-empresarial\/#breadcrumb\",\"itemListElement\":[{\"@type\":\"ListItem\",\"position\":1,\"name\":\"Portada\",\"item\":\"https:\/\/experienciadevida.com.ar\/portalurbano\/\"},{\"@type\":\"ListItem\",\"position\":2,\"name\":\"Abierta la inscripci\u00f3n para el Curso de Gesti\u00f3n Empresarial\"}]},{\"@type\":\"WebSite\",\"@id\":\"https:\/\/experienciadevida.com.ar\/portalurbano\/#website\",\"url\":\"https:\/\/experienciadevida.com.ar\/portalurbano\/\",\"name\":\"\",\"description\":\"\",\"publisher\":{\"@id\":\"https:\/\/experienciadevida.com.ar\/portalurbano\/#organization\"},\"potentialAction\":[{\"@type\":\"SearchAction\",\"target\":{\"@type\":\"EntryPoint\",\"urlTemplate\":\"https:\/\/experienciadevida.com.ar\/portalurbano\/?s={search_term_string}\"},\"query-input\":\"required name=search_term_string\"}],\"inLanguage\":\"es\"},{\"@type\":\"Organization\",\"@id\":\"https:\/\/experienciadevida.com.ar\/portalurbano\/#organization\",\"name\":\"Portal Urbano\",\"url\":\"https:\/\/experienciadevida.com.ar\/portalurbano\/\",\"logo\":{\"@type\":\"ImageObject\",\"inLanguage\":\"es\",\"@id\":\"https:\/\/experienciadevida.com.ar\/portalurbano\/#\/schema\/logo\/image\/\",\"url\":\"https:\/\/experienciadevida.com.ar\/portalurbano\/wp-content\/uploads\/2019\/09\/Logo-Original.png\",\"contentUrl\":\"https:\/\/experienciadevida.com.ar\/portalurbano\/wp-content\/uploads\/2019\/09\/Logo-Original.png\",\"width\":2236,\"height\":1216,\"caption\":\"Portal Urbano\"},\"image\":{\"@id\":\"https:\/\/experienciadevida.com.ar\/portalurbano\/#\/schema\/logo\/image\/\"},\"sameAs\":[\"https:\/\/www.facebook.com\/Portal-Urbano-171542830093757\/\",\"https:\/\/twitter.com\/portalurbanook\",\"https:\/\/www.instagram.com\/_portalurbano\/\",\"https:\/\/www.youtube.com\/channel\/UCXhagIfszH8KxFiOok79zbA?view_as=subscriber\"]},{\"@type\":\"Person\",\"@id\":\"https:\/\/experienciadevida.com.ar\/portalurbano\/#\/schema\/person\/02dd326b1c4b056e9cc972486934a3a7\",\"name\":\"admpu17wp\",\"image\":{\"@type\":\"ImageObject\",\"inLanguage\":\"es\",\"@id\":\"https:\/\/experienciadevida.com.ar\/portalurbano\/#\/schema\/person\/image\/\",\"url\":\"https:\/\/secure.gravatar.com\/avatar\/830d4c57adaae6630765e449a6908047?s=96&d=mm&r=g\",\"contentUrl\":\"https:\/\/secure.gravatar.com\/avatar\/830d4c57adaae6630765e449a6908047?s=96&d=mm&r=g\",\"caption\":\"admpu17wp\"}}]}<\/script>\n<!-- \/ Yoast SEO plugin. -->","yoast_head_json":{"title":"Abierta la inscripci\u00f3n para el curso de gesti\u00f3n empresarial","description":"Abierta la inscripci\u00f3n para el Curso de Gesti\u00f3n Empresarial, desde la Secretar\u00eda de Desarrollo Econ\u00f3mico ser\u00e1 bajo la modalidad virtual.","robots":{"index":"index","follow":"follow","max-snippet":"max-snippet:-1","max-image-preview":"max-image-preview:large","max-video-preview":"max-video-preview:-1"},"canonical":"https:\/\/experienciadevida.com.ar\/portalurbano\/abierta-la-inscripcion-para-el-curso-de-gestion-empresarial\/","og_locale":"es_ES","og_type":"article","og_title":"Abierta la inscripci\u00f3n para el curso de gesti\u00f3n empresarial","og_description":"Abierta la inscripci\u00f3n para el Curso de Gesti\u00f3n Empresarial, desde la Secretar\u00eda de Desarrollo Econ\u00f3mico ser\u00e1 bajo la modalidad virtual.","og_url":"https:\/\/experienciadevida.com.ar\/portalurbano\/abierta-la-inscripcion-para-el-curso-de-gestion-empresarial\/","article_publisher":"https:\/\/www.facebook.com\/Portal-Urbano-171542830093757\/","article_published_time":"2021-06-18T12:31:07+00:00","article_modified_time":"2021-06-18T12:32:44+00:00","og_image":[{"width":765,"height":430,"url":"https:\/\/experienciadevida.com.ar\/portalurbano\/wp-content\/uploads\/2019\/10\/MUNICIPALIDAD-e1572474818311.jpg","type":"image\/jpeg"}],"author":"admpu17wp","twitter_card":"summary_large_image","twitter_creator":"@portalurbanook","twitter_site":"@portalurbanook","twitter_misc":{"Escrito por":"admpu17wp","Tiempo de lectura":"2 minutos"},"schema":{"@context":"https:\/\/schema.org","@graph":[{"@type":"Article","@id":"https:\/\/experienciadevida.com.ar\/portalurbano\/abierta-la-inscripcion-para-el-curso-de-gestion-empresarial\/#article","isPartOf":{"@id":"https:\/\/experienciadevida.com.ar\/portalurbano\/abierta-la-inscripcion-para-el-curso-de-gestion-empresarial\/"},"author":{"name":"admpu17wp","@id":"https:\/\/experienciadevida.com.ar\/portalurbano\/#\/schema\/person\/02dd326b1c4b056e9cc972486934a3a7"},"headline":"Abierta la inscripci\u00f3n para el Curso de Gesti\u00f3n Empresarial","datePublished":"2021-06-18T12:31:07+00:00","dateModified":"2021-06-18T12:32:44+00:00","mainEntityOfPage":{"@id":"https:\/\/experienciadevida.com.ar\/portalurbano\/abierta-la-inscripcion-para-el-curso-de-gestion-empresarial\/"},"wordCount":301,"publisher":{"@id":"https:\/\/experienciadevida.com.ar\/portalurbano\/#organization"},"articleSection":["Ciudad","Destacadas 2"],"inLanguage":"es"},{"@type":"WebPage","@id":"https:\/\/experienciadevida.com.ar\/portalurbano\/abierta-la-inscripcion-para-el-curso-de-gestion-empresarial\/","url":"https:\/\/experienciadevida.com.ar\/portalurbano\/abierta-la-inscripcion-para-el-curso-de-gestion-empresarial\/","name":"Abierta la inscripci\u00f3n para el curso de gesti\u00f3n empresarial","isPartOf":{"@id":"https:\/\/experienciadevida.com.ar\/portalurbano\/#website"},"datePublished":"2021-06-18T12:31:07+00:00","dateModified":"2021-06-18T12:32:44+00:00","description":"Abierta la inscripci\u00f3n para el Curso de Gesti\u00f3n Empresarial, desde la Secretar\u00eda de Desarrollo Econ\u00f3mico ser\u00e1 bajo la modalidad virtual.","breadcrumb":{"@id":"https:\/\/experienciadevida.com.ar\/portalurbano\/abierta-la-inscripcion-para-el-curso-de-gestion-empresarial\/#breadcrumb"},"inLanguage":"es","potentialAction":[{"@type":"ReadAction","target":["https:\/\/experienciadevida.com.ar\/portalurbano\/abierta-la-inscripcion-para-el-curso-de-gestion-empresarial\/"]}]},{"@type":"BreadcrumbList","@id":"https:\/\/experienciadevida.com.ar\/portalurbano\/abierta-la-inscripcion-para-el-curso-de-gestion-empresarial\/#breadcrumb","itemListElement":[{"@type":"ListItem","position":1,"name":"Portada","item":"https:\/\/experienciadevida.com.ar\/portalurbano\/"},{"@type":"ListItem","position":2,"name":"Abierta la inscripci\u00f3n para el Curso de Gesti\u00f3n Empresarial"}]},{"@type":"WebSite","@id":"https:\/\/experienciadevida.com.ar\/portalurbano\/#website","url":"https:\/\/experienciadevida.com.ar\/portalurbano\/","name":"","description":"","publisher":{"@id":"https:\/\/experienciadevida.com.ar\/portalurbano\/#organization"},"potentialAction":[{"@type":"SearchAction","target":{"@type":"EntryPoint","urlTemplate":"https:\/\/experienciadevida.com.ar\/portalurbano\/?s={search_term_string}"},"query-input":"required name=search_term_string"}],"inLanguage":"es"},{"@type":"Organization","@id":"https:\/\/experienciadevida.com.ar\/portalurbano\/#organization","name":"Portal Urbano","url":"https:\/\/experienciadevida.com.ar\/portalurbano\/","logo":{"@type":"ImageObject","inLanguage":"es","@id":"https:\/\/experienciadevida.com.ar\/portalurbano\/#\/schema\/logo\/image\/","url":"https:\/\/experienciadevida.com.ar\/portalurbano\/wp-content\/uploads\/2019\/09\/Logo-Original.png","contentUrl":"https:\/\/experienciadevida.com.ar\/portalurbano\/wp-content\/uploads\/2019\/09\/Logo-Original.png","width":2236,"height":1216,"caption":"Portal Urbano"},"image":{"@id":"https:\/\/experienciadevida.com.ar\/portalurbano\/#\/schema\/logo\/image\/"},"sameAs":["https:\/\/www.facebook.com\/Portal-Urbano-171542830093757\/","https:\/\/twitter.com\/portalurbanook","https:\/\/www.instagram.com\/_portalurbano\/","https:\/\/www.youtube.com\/channel\/UCXhagIfszH8KxFiOok79zbA?view_as=subscriber"]},{"@type":"Person","@id":"https:\/\/experienciadevida.com.ar\/portalurbano\/#\/schema\/person\/02dd326b1c4b056e9cc972486934a3a7","name":"admpu17wp","image":{"@type":"ImageObject","inLanguage":"es","@id":"https:\/\/experienciadevida.com.ar\/portalurbano\/#\/schema\/person\/image\/","url":"https:\/\/secure.gravatar.com\/avatar\/830d4c57adaae6630765e449a6908047?s=96&d=mm&r=g","contentUrl":"https:\/\/secure.gravatar.com\/avatar\/830d4c57adaae6630765e449a6908047?s=96&d=mm&r=g","caption":"admpu17wp"}}]}},"featured_image_urls":{"full":["https:\/\/experienciadevida.com.ar\/portalurbano\/wp-content\/uploads\/2019\/10\/MUNICIPALIDAD-e1572474818311.jpg",765,430,false],"thumbnail":["https:\/\/experienciadevida.com.ar\/portalurbano\/wp-content\/uploads\/2019\/10\/MUNICIPALIDAD-150x150.jpg",150,150,true],"medium":["https:\/\/experienciadevida.com.ar\/portalurbano\/wp-content\/uploads\/2019\/10\/MUNICIPALIDAD-300x169.jpg",300,169,true],"medium_large":["https:\/\/experienciadevida.com.ar\/portalurbano\/wp-content\/uploads\/2019\/10\/MUNICIPALIDAD-768x432.jpg",640,360,true],"large":["https:\/\/experienciadevida.com.ar\/portalurbano\/wp-content\/uploads\/2019\/10\/MUNICIPALIDAD-1024x576.jpg",640,360,true],"ug_big":["https:\/\/experienciadevida.com.ar\/portalurbano\/wp-content\/uploads\/2019\/10\/MUNICIPALIDAD-768x432.jpg",768,432,true],"1536x1536":["https:\/\/experienciadevida.com.ar\/portalurbano\/wp-content\/uploads\/2019\/10\/MUNICIPALIDAD-e1572474818311.jpg",765,430,false],"2048x2048":["https:\/\/experienciadevida.com.ar\/portalurbano\/wp-content\/uploads\/2019\/10\/MUNICIPALIDAD-e1572474818311.jpg",765,430,false],"newsever-slider-full":["https:\/\/experienciadevida.com.ar\/portalurbano\/wp-content\/uploads\/2019\/10\/MUNICIPALIDAD-e1572474818311.jpg",765,430,false],"newsever-featured":["https:\/\/experienciadevida.com.ar\/portalurbano\/wp-content\/uploads\/2019\/10\/MUNICIPALIDAD-e1572474818311.jpg",765,430,false],"newsever-medium":["https:\/\/experienciadevida.com.ar\/portalurbano\/wp-content\/uploads\/2019\/10\/MUNICIPALIDAD-e1572474818311.jpg",720,405,false],"web-stories-poster-portrait":["https:\/\/experienciadevida.com.ar\/portalurbano\/wp-content\/uploads\/2019\/10\/MUNICIPALIDAD-e1572474818311.jpg",640,360,false],"web-stories-publisher-logo":["https:\/\/experienciadevida.com.ar\/portalurbano\/wp-content\/uploads\/2019\/10\/MUNICIPALIDAD-e1572474818311.jpg",96,54,false],"web-stories-thumbnail":["https:\/\/experienciadevida.com.ar\/portalurbano\/wp-content\/uploads\/2019\/10\/MUNICIPALIDAD-e1572474818311.jpg",150,84,false]},"author_info":{"display_name":"admpu17wp","author_link":"https:\/\/experienciadevida.com.ar\/portalurbano\/author\/admpu17wp\/"},"category_info":"<a href=\"https:\/\/experienciadevida.com.ar\/portalurbano\/category\/ciudad\/\" rel=\"category tag\">Ciudad<\/a> <a href=\"https:\/\/experienciadevida.com.ar\/portalurbano\/category\/destacadas-2\/\" rel=\"category tag\">Destacadas 2<\/a>","tag_info":"Destacadas 2","comment_count":"0","amp_enabled":true,"_links":{"self":[{"href":"https:\/\/experienciadevida.com.ar\/portalurbano\/wp-json\/wp\/v2\/posts\/145506"}],"collection":[{"href":"https:\/\/experienciadevida.com.ar\/portalurbano\/wp-json\/wp\/v2\/posts"}],"about":[{"href":"https:\/\/experienciadevida.com.ar\/portalurbano\/wp-json\/wp\/v2\/types\/post"}],"author":[{"embeddable":true,"href":"https:\/\/experienciadevida.com.ar\/portalurbano\/wp-json\/wp\/v2\/users\/1"}],"replies":[{"embeddable":true,"href":"https:\/\/experienciadevida.com.ar\/portalurbano\/wp-json\/wp\/v2\/comments?post=145506"}],"version-history":[{"count":2,"href":"https:\/\/experienciadevida.com.ar\/portalurbano\/wp-json\/wp\/v2\/posts\/145506\/revisions"}],"predecessor-version":[{"id":145508,"href":"https:\/\/experienciadevida.com.ar\/portalurbano\/wp-json\/wp\/v2\/posts\/145506\/revisions\/145508"}],"wp:featuredmedia":[{"embeddable":true,"href":"https:\/\/experienciadevida.com.ar\/portalurbano\/wp-json\/wp\/v2\/media\/91816"}],"wp:attachment":[{"href":"https:\/\/experienciadevida.com.ar\/portalurbano\/wp-json\/wp\/v2\/media?parent=145506"}],"wp:term":[{"taxonomy":"category","embeddable":true,"href":"https:\/\/experienciadevida.com.ar\/portalurbano\/wp-json\/wp\/v2\/categories?post=145506"},{"taxonomy":"post_tag","embeddable":true,"href":"https:\/\/experienciadevida.com.ar\/portalurbano\/wp-json\/wp\/v2\/tags?post=145506"}],"curies":[{"name":"wp","href":"https:\/\/api.w.org\/{rel}","templated":true}]}}