{"id":145501,"date":"2021-06-18T09:27:39","date_gmt":"2021-06-18T12:27:39","guid":{"rendered":"https:\/\/experienciadevida.com.ar\/portalurbano\/?p=145501"},"modified":"2021-06-18T09:29:11","modified_gmt":"2021-06-18T12:29:11","slug":"volvemos-a-la-calle-por-el-aguinaldo-y-el-trabajo","status":"publish","type":"post","link":"https:\/\/experienciadevida.com.ar\/portalurbano\/volvemos-a-la-calle-por-el-aguinaldo-y-el-trabajo\/","title":{"rendered":"&#8220;Volvemos a la calle por el aguinaldo y el trabajo&#8221;"},"content":{"rendered":"<p>&#8220;Volvemos a la calle por el aguinaldo y el trabajo&#8221;, se\u00a0 trata de una jornada nacional de lucha, con una fuerte concentraci\u00f3n en CABA y piquetes y movilizaciones en todo el pa\u00eds.<\/p>\n<p>Este viernes 18 tendr\u00e1 lugar una nueva jornada de lucha nacional del movimiento piquetero, en reclamo por el cobro del aguinaldo, contra la desocupaci\u00f3n, por trabajo, alimentos asistencia universal al desocupado y vacunas para los y las trabajadoras de los comedores populares.<\/p>\n<p>En Olavarr\u00eda se concentrar\u00e1n desde las 10:30 hs en frente al municipio.<\/p>\n<p>La jornada tendr\u00e1 su epicentro en la ciudad de Buenos Aires y se replicar\u00e1 en las principales ciudades del pa\u00eds, como continuidad a la importante acci\u00f3n e lucha del pasado 11 de junio, donde miles de desocupados y trabajadores precarizados nos movilizamos por estos reclamos.<\/p>\n<p>&#8220;Volvemos a la calle por el aguinaldo y el trabajo&#8221;, Desde el Polo Obrero y las organizaciones convocantes venimos denunciando el crecimiento de la pobreza y la desocupaci\u00f3n bajo el gobierno de los Fern\u00e1ndez-Fern\u00e1ndez-Massa, que en plena pandemia ha implicado recortes en las partidas alimentarias, millones de nuevos pobres, desinversi\u00f3n p\u00fablica, combinadas con liberaci\u00f3n de tarifas y precios y toda una serie de medidas patronales guiadas por el ajuste del FMI.<\/p>\n<p>La Unidad Piquetera ya alert\u00f3 que de no obtener respuestas a los reclamos acuciantes que vivimos los desocupados y desocupadas, algunos de los que cobran $12.000 por el programa Potencial Trabajo y miles sin ning\u00fan ingreso regular, las medidas se intensificaran.<\/p>\n<p>Los reclamos son el pago del aguinaldo para los compa\u00f1eros y compa\u00f1eras del Potenciar Trabajo, duplicando su monto para llegar a cubrir el valor de un salario m\u00ednimo. Aumento del monto (por arriba de la canasta b\u00e1sica) y universalizaci\u00f3n de la asistencia a los desocupados. Aumento de los alimentos. Trabajo genuino y vacunas para trabajadores esenciales. No al pacto con el FMI, ni al pago de la deuda externa.<\/p>\n","protected":false},"excerpt":{"rendered":"<p>&#8220;Volvemos a la calle por el aguinaldo y el trabajo&#8221;, se\u00a0 trata de una jornada&#8230;<\/p>\n","protected":false},"author":1,"featured_media":145502,"comment_status":"closed","ping_status":"closed","sticky":false,"template":"","format":"standard","meta":{"content-type":""},"categories":[27,51],"tags":[],"nelio_content":{"isAutoShareEnabled":false,"autoShareEndMode":"default","automationSources":{"useContentSentences":true,"useSocialTemplates":true,"useCustomSentences":false,"customSentences":[]},"followers":[1],"suggestedReferences":[],"includedReferences":[],"efiUrl":"","efiAlt":"","highlights":[]},"yoast_head":"<!-- This site is optimized with the Yoast SEO plugin v20.7 - https:\/\/yoast.com\/wordpress\/plugins\/seo\/ -->\n<title>&quot;Volvemos a la calle por el aguinaldo y el trabajo&quot; en todo el pa\u00eds<\/title>\n<meta name=\"description\" content=\"&quot;Volvemos a la calle por el aguinaldo y el trabajo&quot;, se\u00a0 trata de una jornada nacional de lucha, con una fuerte concentraci\u00f3n en CABA\" \/>\n<meta name=\"robots\" content=\"index, follow, max-snippet:-1, max-image-preview:large, max-video-preview:-1\" \/>\n<link rel=\"canonical\" href=\"https:\/\/experienciadevida.com.ar\/portalurbano\/volvemos-a-la-calle-por-el-aguinaldo-y-el-trabajo\/\" \/>\n<meta property=\"og:locale\" content=\"es_ES\" \/>\n<meta property=\"og:type\" content=\"article\" \/>\n<meta property=\"og:title\" content=\"&quot;Volvemos a la calle por el aguinaldo y el trabajo&quot; en todo el pa\u00eds\" \/>\n<meta property=\"og:description\" content=\"&quot;Volvemos a la calle por el aguinaldo y el trabajo&quot;, se\u00a0 trata de una jornada nacional de lucha, con una fuerte concentraci\u00f3n en CABA\" \/>\n<meta property=\"og:url\" content=\"https:\/\/experienciadevida.com.ar\/portalurbano\/volvemos-a-la-calle-por-el-aguinaldo-y-el-trabajo\/\" \/>\n<meta property=\"article:publisher\" content=\"https:\/\/www.facebook.com\/Portal-Urbano-171542830093757\/\" \/>\n<meta property=\"article:published_time\" content=\"2021-06-18T12:27:39+00:00\" \/>\n<meta property=\"article:modified_time\" content=\"2021-06-18T12:29:11+00:00\" \/>\n<meta property=\"og:image\" content=\"https:\/\/experienciadevida.com.ar\/portalurbano\/wp-content\/uploads\/2021\/06\/Volvemos-a-la-calle-por.jpg\" \/>\n\t<meta property=\"og:image:width\" content=\"1040\" \/>\n\t<meta property=\"og:image:height\" content=\"780\" \/>\n\t<meta property=\"og:image:type\" content=\"image\/jpeg\" \/>\n<meta name=\"author\" content=\"admpu17wp\" \/>\n<meta name=\"twitter:card\" content=\"summary_large_image\" \/>\n<meta name=\"twitter:creator\" content=\"@portalurbanook\" \/>\n<meta name=\"twitter:site\" content=\"@portalurbanook\" \/>\n<meta name=\"twitter:label1\" content=\"Escrito por\" \/>\n\t<meta name=\"twitter:data1\" content=\"admpu17wp\" \/>\n\t<meta name=\"twitter:label2\" content=\"Tiempo de lectura\" \/>\n\t<meta name=\"twitter:data2\" content=\"2 minutos\" \/>\n<script type=\"application\/ld+json\" class=\"yoast-schema-graph\">{\"@context\":\"https:\/\/schema.org\",\"@graph\":[{\"@type\":\"Article\",\"@id\":\"https:\/\/experienciadevida.com.ar\/portalurbano\/volvemos-a-la-calle-por-el-aguinaldo-y-el-trabajo\/#article\",\"isPartOf\":{\"@id\":\"https:\/\/experienciadevida.com.ar\/portalurbano\/volvemos-a-la-calle-por-el-aguinaldo-y-el-trabajo\/\"},\"author\":{\"name\":\"admpu17wp\",\"@id\":\"https:\/\/experienciadevida.com.ar\/portalurbano\/#\/schema\/person\/02dd326b1c4b056e9cc972486934a3a7\"},\"headline\":\"&#8220;Volvemos a la calle por el aguinaldo y el trabajo&#8221;\",\"datePublished\":\"2021-06-18T12:27:39+00:00\",\"dateModified\":\"2021-06-18T12:29:11+00:00\",\"mainEntityOfPage\":{\"@id\":\"https:\/\/experienciadevida.com.ar\/portalurbano\/volvemos-a-la-calle-por-el-aguinaldo-y-el-trabajo\/\"},\"wordCount\":337,\"publisher\":{\"@id\":\"https:\/\/experienciadevida.com.ar\/portalurbano\/#organization\"},\"articleSection\":[\"Ciudad\",\"Destacadas\"],\"inLanguage\":\"es\"},{\"@type\":\"WebPage\",\"@id\":\"https:\/\/experienciadevida.com.ar\/portalurbano\/volvemos-a-la-calle-por-el-aguinaldo-y-el-trabajo\/\",\"url\":\"https:\/\/experienciadevida.com.ar\/portalurbano\/volvemos-a-la-calle-por-el-aguinaldo-y-el-trabajo\/\",\"name\":\"\\\"Volvemos a la calle por el aguinaldo y el trabajo\\\" en todo el pa\u00eds\",\"isPartOf\":{\"@id\":\"https:\/\/experienciadevida.com.ar\/portalurbano\/#website\"},\"datePublished\":\"2021-06-18T12:27:39+00:00\",\"dateModified\":\"2021-06-18T12:29:11+00:00\",\"description\":\"\\\"Volvemos a la calle por el aguinaldo y el trabajo\\\", se\u00a0 trata de una jornada nacional de lucha, con una fuerte concentraci\u00f3n en CABA\",\"breadcrumb\":{\"@id\":\"https:\/\/experienciadevida.com.ar\/portalurbano\/volvemos-a-la-calle-por-el-aguinaldo-y-el-trabajo\/#breadcrumb\"},\"inLanguage\":\"es\",\"potentialAction\":[{\"@type\":\"ReadAction\",\"target\":[\"https:\/\/experienciadevida.com.ar\/portalurbano\/volvemos-a-la-calle-por-el-aguinaldo-y-el-trabajo\/\"]}]},{\"@type\":\"BreadcrumbList\",\"@id\":\"https:\/\/experienciadevida.com.ar\/portalurbano\/volvemos-a-la-calle-por-el-aguinaldo-y-el-trabajo\/#breadcrumb\",\"itemListElement\":[{\"@type\":\"ListItem\",\"position\":1,\"name\":\"Portada\",\"item\":\"https:\/\/experienciadevida.com.ar\/portalurbano\/\"},{\"@type\":\"ListItem\",\"position\":2,\"name\":\"\u00abVolvemos a la calle por el aguinaldo y el trabajo\u00bb\"}]},{\"@type\":\"WebSite\",\"@id\":\"https:\/\/experienciadevida.com.ar\/portalurbano\/#website\",\"url\":\"https:\/\/experienciadevida.com.ar\/portalurbano\/\",\"name\":\"\",\"description\":\"\",\"publisher\":{\"@id\":\"https:\/\/experienciadevida.com.ar\/portalurbano\/#organization\"},\"potentialAction\":[{\"@type\":\"SearchAction\",\"target\":{\"@type\":\"EntryPoint\",\"urlTemplate\":\"https:\/\/experienciadevida.com.ar\/portalurbano\/?s={search_term_string}\"},\"query-input\":\"required name=search_term_string\"}],\"inLanguage\":\"es\"},{\"@type\":\"Organization\",\"@id\":\"https:\/\/experienciadevida.com.ar\/portalurbano\/#organization\",\"name\":\"Portal Urbano\",\"url\":\"https:\/\/experienciadevida.com.ar\/portalurbano\/\",\"logo\":{\"@type\":\"ImageObject\",\"inLanguage\":\"es\",\"@id\":\"https:\/\/experienciadevida.com.ar\/portalurbano\/#\/schema\/logo\/image\/\",\"url\":\"https:\/\/experienciadevida.com.ar\/portalurbano\/wp-content\/uploads\/2019\/09\/Logo-Original.png\",\"contentUrl\":\"https:\/\/experienciadevida.com.ar\/portalurbano\/wp-content\/uploads\/2019\/09\/Logo-Original.png\",\"width\":2236,\"height\":1216,\"caption\":\"Portal Urbano\"},\"image\":{\"@id\":\"https:\/\/experienciadevida.com.ar\/portalurbano\/#\/schema\/logo\/image\/\"},\"sameAs\":[\"https:\/\/www.facebook.com\/Portal-Urbano-171542830093757\/\",\"https:\/\/twitter.com\/portalurbanook\",\"https:\/\/www.instagram.com\/_portalurbano\/\",\"https:\/\/www.youtube.com\/channel\/UCXhagIfszH8KxFiOok79zbA?view_as=subscriber\"]},{\"@type\":\"Person\",\"@id\":\"https:\/\/experienciadevida.com.ar\/portalurbano\/#\/schema\/person\/02dd326b1c4b056e9cc972486934a3a7\",\"name\":\"admpu17wp\",\"image\":{\"@type\":\"ImageObject\",\"inLanguage\":\"es\",\"@id\":\"https:\/\/experienciadevida.com.ar\/portalurbano\/#\/schema\/person\/image\/\",\"url\":\"https:\/\/secure.gravatar.com\/avatar\/830d4c57adaae6630765e449a6908047?s=96&d=mm&r=g\",\"contentUrl\":\"https:\/\/secure.gravatar.com\/avatar\/830d4c57adaae6630765e449a6908047?s=96&d=mm&r=g\",\"caption\":\"admpu17wp\"}}]}<\/script>\n<!-- \/ Yoast SEO plugin. -->","yoast_head_json":{"title":"\"Volvemos a la calle por el aguinaldo y el trabajo\" en todo el pa\u00eds","description":"\"Volvemos a la calle por el aguinaldo y el trabajo\", se\u00a0 trata de una jornada nacional de lucha, con una fuerte concentraci\u00f3n en CABA","robots":{"index":"index","follow":"follow","max-snippet":"max-snippet:-1","max-image-preview":"max-image-preview:large","max-video-preview":"max-video-preview:-1"},"canonical":"https:\/\/experienciadevida.com.ar\/portalurbano\/volvemos-a-la-calle-por-el-aguinaldo-y-el-trabajo\/","og_locale":"es_ES","og_type":"article","og_title":"\"Volvemos a la calle por el aguinaldo y el trabajo\" en todo el pa\u00eds","og_description":"\"Volvemos a la calle por el aguinaldo y el trabajo\", se\u00a0 trata de una jornada nacional de lucha, con una fuerte concentraci\u00f3n en CABA","og_url":"https:\/\/experienciadevida.com.ar\/portalurbano\/volvemos-a-la-calle-por-el-aguinaldo-y-el-trabajo\/","article_publisher":"https:\/\/www.facebook.com\/Portal-Urbano-171542830093757\/","article_published_time":"2021-06-18T12:27:39+00:00","article_modified_time":"2021-06-18T12:29:11+00:00","og_image":[{"width":1040,"height":780,"url":"https:\/\/experienciadevida.com.ar\/portalurbano\/wp-content\/uploads\/2021\/06\/Volvemos-a-la-calle-por.jpg","type":"image\/jpeg"}],"author":"admpu17wp","twitter_card":"summary_large_image","twitter_creator":"@portalurbanook","twitter_site":"@portalurbanook","twitter_misc":{"Escrito por":"admpu17wp","Tiempo de lectura":"2 minutos"},"schema":{"@context":"https:\/\/schema.org","@graph":[{"@type":"Article","@id":"https:\/\/experienciadevida.com.ar\/portalurbano\/volvemos-a-la-calle-por-el-aguinaldo-y-el-trabajo\/#article","isPartOf":{"@id":"https:\/\/experienciadevida.com.ar\/portalurbano\/volvemos-a-la-calle-por-el-aguinaldo-y-el-trabajo\/"},"author":{"name":"admpu17wp","@id":"https:\/\/experienciadevida.com.ar\/portalurbano\/#\/schema\/person\/02dd326b1c4b056e9cc972486934a3a7"},"headline":"&#8220;Volvemos a la calle por el aguinaldo y el trabajo&#8221;","datePublished":"2021-06-18T12:27:39+00:00","dateModified":"2021-06-18T12:29:11+00:00","mainEntityOfPage":{"@id":"https:\/\/experienciadevida.com.ar\/portalurbano\/volvemos-a-la-calle-por-el-aguinaldo-y-el-trabajo\/"},"wordCount":337,"publisher":{"@id":"https:\/\/experienciadevida.com.ar\/portalurbano\/#organization"},"articleSection":["Ciudad","Destacadas"],"inLanguage":"es"},{"@type":"WebPage","@id":"https:\/\/experienciadevida.com.ar\/portalurbano\/volvemos-a-la-calle-por-el-aguinaldo-y-el-trabajo\/","url":"https:\/\/experienciadevida.com.ar\/portalurbano\/volvemos-a-la-calle-por-el-aguinaldo-y-el-trabajo\/","name":"\"Volvemos a la calle por el aguinaldo y el trabajo\" en todo el pa\u00eds","isPartOf":{"@id":"https:\/\/experienciadevida.com.ar\/portalurbano\/#website"},"datePublished":"2021-06-18T12:27:39+00:00","dateModified":"2021-06-18T12:29:11+00:00","description":"\"Volvemos a la calle por el aguinaldo y el trabajo\", se\u00a0 trata de una jornada nacional de lucha, con una fuerte concentraci\u00f3n en CABA","breadcrumb":{"@id":"https:\/\/experienciadevida.com.ar\/portalurbano\/volvemos-a-la-calle-por-el-aguinaldo-y-el-trabajo\/#breadcrumb"},"inLanguage":"es","potentialAction":[{"@type":"ReadAction","target":["https:\/\/experienciadevida.com.ar\/portalurbano\/volvemos-a-la-calle-por-el-aguinaldo-y-el-trabajo\/"]}]},{"@type":"BreadcrumbList","@id":"https:\/\/experienciadevida.com.ar\/portalurbano\/volvemos-a-la-calle-por-el-aguinaldo-y-el-trabajo\/#breadcrumb","itemListElement":[{"@type":"ListItem","position":1,"name":"Portada","item":"https:\/\/experienciadevida.com.ar\/portalurbano\/"},{"@type":"ListItem","position":2,"name":"\u00abVolvemos a la calle por el aguinaldo y el trabajo\u00bb"}]},{"@type":"WebSite","@id":"https:\/\/experienciadevida.com.ar\/portalurbano\/#website","url":"https:\/\/experienciadevida.com.ar\/portalurbano\/","name":"","description":"","publisher":{"@id":"https:\/\/experienciadevida.com.ar\/portalurbano\/#organization"},"potentialAction":[{"@type":"SearchAction","target":{"@type":"EntryPoint","urlTemplate":"https:\/\/experienciadevida.com.ar\/portalurbano\/?s={search_term_string}"},"query-input":"required name=search_term_string"}],"inLanguage":"es"},{"@type":"Organization","@id":"https:\/\/experienciadevida.com.ar\/portalurbano\/#organization","name":"Portal Urbano","url":"https:\/\/experienciadevida.com.ar\/portalurbano\/","logo":{"@type":"ImageObject","inLanguage":"es","@id":"https:\/\/experienciadevida.com.ar\/portalurbano\/#\/schema\/logo\/image\/","url":"https:\/\/experienciadevida.com.ar\/portalurbano\/wp-content\/uploads\/2019\/09\/Logo-Original.png","contentUrl":"https:\/\/experienciadevida.com.ar\/portalurbano\/wp-content\/uploads\/2019\/09\/Logo-Original.png","width":2236,"height":1216,"caption":"Portal Urbano"},"image":{"@id":"https:\/\/experienciadevida.com.ar\/portalurbano\/#\/schema\/logo\/image\/"},"sameAs":["https:\/\/www.facebook.com\/Portal-Urbano-171542830093757\/","https:\/\/twitter.com\/portalurbanook","https:\/\/www.instagram.com\/_portalurbano\/","https:\/\/www.youtube.com\/channel\/UCXhagIfszH8KxFiOok79zbA?view_as=subscriber"]},{"@type":"Person","@id":"https:\/\/experienciadevida.com.ar\/portalurbano\/#\/schema\/person\/02dd326b1c4b056e9cc972486934a3a7","name":"admpu17wp","image":{"@type":"ImageObject","inLanguage":"es","@id":"https:\/\/experienciadevida.com.ar\/portalurbano\/#\/schema\/person\/image\/","url":"https:\/\/secure.gravatar.com\/avatar\/830d4c57adaae6630765e449a6908047?s=96&d=mm&r=g","contentUrl":"https:\/\/secure.gravatar.com\/avatar\/830d4c57adaae6630765e449a6908047?s=96&d=mm&r=g","caption":"admpu17wp"}}]}},"featured_image_urls":{"full":["https:\/\/experienciadevida.com.ar\/portalurbano\/wp-content\/uploads\/2021\/06\/Volvemos-a-la-calle-por.jpg",1040,780,false],"thumbnail":["https:\/\/experienciadevida.com.ar\/portalurbano\/wp-content\/uploads\/2021\/06\/Volvemos-a-la-calle-por-150x150.jpg",150,150,true],"medium":["https:\/\/experienciadevida.com.ar\/portalurbano\/wp-content\/uploads\/2021\/06\/Volvemos-a-la-calle-por-300x225.jpg",300,225,true],"medium_large":["https:\/\/experienciadevida.com.ar\/portalurbano\/wp-content\/uploads\/2021\/06\/Volvemos-a-la-calle-por-768x576.jpg",640,480,true],"large":["https:\/\/experienciadevida.com.ar\/portalurbano\/wp-content\/uploads\/2021\/06\/Volvemos-a-la-calle-por-1024x768.jpg",640,480,true],"ug_big":["https:\/\/experienciadevida.com.ar\/portalurbano\/wp-content\/uploads\/2021\/06\/Volvemos-a-la-calle-por-768x576.jpg",768,576,true],"1536x1536":["https:\/\/experienciadevida.com.ar\/portalurbano\/wp-content\/uploads\/2021\/06\/Volvemos-a-la-calle-por.jpg",1040,780,false],"2048x2048":["https:\/\/experienciadevida.com.ar\/portalurbano\/wp-content\/uploads\/2021\/06\/Volvemos-a-la-calle-por.jpg",1040,780,false],"newsever-slider-full":["https:\/\/experienciadevida.com.ar\/portalurbano\/wp-content\/uploads\/2021\/06\/Volvemos-a-la-calle-por.jpg",1040,780,false],"newsever-featured":["https:\/\/experienciadevida.com.ar\/portalurbano\/wp-content\/uploads\/2021\/06\/Volvemos-a-la-calle-por.jpg",1024,768,false],"newsever-medium":["https:\/\/experienciadevida.com.ar\/portalurbano\/wp-content\/uploads\/2021\/06\/Volvemos-a-la-calle-por.jpg",633,475,false],"web-stories-poster-portrait":["https:\/\/experienciadevida.com.ar\/portalurbano\/wp-content\/uploads\/2021\/06\/Volvemos-a-la-calle-por.jpg",640,480,false],"web-stories-publisher-logo":["https:\/\/experienciadevida.com.ar\/portalurbano\/wp-content\/uploads\/2021\/06\/Volvemos-a-la-calle-por.jpg",96,72,false],"web-stories-thumbnail":["https:\/\/experienciadevida.com.ar\/portalurbano\/wp-content\/uploads\/2021\/06\/Volvemos-a-la-calle-por.jpg",150,113,false]},"author_info":{"display_name":"admpu17wp","author_link":"https:\/\/experienciadevida.com.ar\/portalurbano\/author\/admpu17wp\/"},"category_info":"<a href=\"https:\/\/experienciadevida.com.ar\/portalurbano\/category\/ciudad\/\" rel=\"category tag\">Ciudad<\/a> <a href=\"https:\/\/experienciadevida.com.ar\/portalurbano\/category\/destacadas\/\" rel=\"category tag\">Destacadas<\/a>","tag_info":"Destacadas","comment_count":"0","amp_enabled":true,"_links":{"self":[{"href":"https:\/\/experienciadevida.com.ar\/portalurbano\/wp-json\/wp\/v2\/posts\/145501"}],"collection":[{"href":"https:\/\/experienciadevida.com.ar\/portalurbano\/wp-json\/wp\/v2\/posts"}],"about":[{"href":"https:\/\/experienciadevida.com.ar\/portalurbano\/wp-json\/wp\/v2\/types\/post"}],"author":[{"embeddable":true,"href":"https:\/\/experienciadevida.com.ar\/portalurbano\/wp-json\/wp\/v2\/users\/1"}],"replies":[{"embeddable":true,"href":"https:\/\/experienciadevida.com.ar\/portalurbano\/wp-json\/wp\/v2\/comments?post=145501"}],"version-history":[{"count":3,"href":"https:\/\/experienciadevida.com.ar\/portalurbano\/wp-json\/wp\/v2\/posts\/145501\/revisions"}],"predecessor-version":[{"id":145505,"href":"https:\/\/experienciadevida.com.ar\/portalurbano\/wp-json\/wp\/v2\/posts\/145501\/revisions\/145505"}],"wp:featuredmedia":[{"embeddable":true,"href":"https:\/\/experienciadevida.com.ar\/portalurbano\/wp-json\/wp\/v2\/media\/145502"}],"wp:attachment":[{"href":"https:\/\/experienciadevida.com.ar\/portalurbano\/wp-json\/wp\/v2\/media?parent=145501"}],"wp:term":[{"taxonomy":"category","embeddable":true,"href":"https:\/\/experienciadevida.com.ar\/portalurbano\/wp-json\/wp\/v2\/categories?post=145501"},{"taxonomy":"post_tag","embeddable":true,"href":"https:\/\/experienciadevida.com.ar\/portalurbano\/wp-json\/wp\/v2\/tags?post=145501"}],"curies":[{"name":"wp","href":"https:\/\/api.w.org\/{rel}","templated":true}]}}