{"id":145451,"date":"2021-06-17T12:08:39","date_gmt":"2021-06-17T15:08:39","guid":{"rendered":"https:\/\/experienciadevida.com.ar\/portalurbano\/?p=145451"},"modified":"2021-06-17T12:17:20","modified_gmt":"2021-06-17T15:17:20","slug":"el-intendente-visito-neumaticos-la-union-en-el-marco-de-recorridas-por-empresas-locales","status":"publish","type":"post","link":"https:\/\/experienciadevida.com.ar\/portalurbano\/el-intendente-visito-neumaticos-la-union-en-el-marco-de-recorridas-por-empresas-locales\/","title":{"rendered":"El Intendente visit\u00f3 Neum\u00e1ticos \u201cLa Uni\u00f3n\u201d en el marco de recorridas por empresas locales"},"content":{"rendered":"<p>El Intendente visit\u00f3 Neum\u00e1ticos \u201cLa Uni\u00f3n\u201d en el marco de recorridas por empresas locales, fue en la ma\u00f1ana de este jueves las recorridas permiten conocer su funcionamiento, c\u00f3mo llevan adelante sus procesos productivos y los servicios que ofrecen.<\/p>\n<p>En la oportunidad, el <a href=\"https:\/\/www.facebook.com\/galliezequiel\">Intendente<\/a> estuvo acompa\u00f1ado por el secretario de Desarrollo Econ\u00f3mico de la Municipalidad Julio Valetutto.<\/p>\n<p>All\u00ed, en la tradicional esquina de Avda. Col\u00f3n y Dean Funes, fueron recibidos por Juan Jos\u00e9 Izzi -titular de la empresa- que se dedica a la venta y reparaci\u00f3n de neum\u00e1ticos, con un taller totalmente moderno y adaptado a las necesidades del mercado.<\/p>\n<p>El Intendente visit\u00f3 neum\u00e1ticos &#8220;La Uni\u00f3n&#8221;, en el marco de recorridas por empresas locales, la firma cuenta con personal calificado y un amplio stock permanente, teniendo en cuenta que son representantes oficiales de reconocidas marcas de neum\u00e1ticos.<\/p>\n<p>Durante la visita dialogaron por un lado, sobre la importancia de la incorporaci\u00f3n de tecnolog\u00eda en el rubro y por otra parte, sobre la realidad que atraviesa el sector, particularmente en el contexto de pandemia y el cumplimiento de los protocolos biosanitarios, que permiten continuar con la actividad.<\/p>\n<p>&nbsp;<\/p>\n","protected":false},"excerpt":{"rendered":"<p>El Intendente visit\u00f3 Neum\u00e1ticos \u201cLa Uni\u00f3n\u201d en el marco de recorridas por empresas locales, fue&#8230;<\/p>\n","protected":false},"author":1,"featured_media":145452,"comment_status":"closed","ping_status":"closed","sticky":false,"template":"","format":"standard","meta":{"content-type":""},"categories":[27,64],"tags":[],"nelio_content":{"isAutoShareEnabled":false,"autoShareEndMode":"default","automationSources":{"useContentSentences":true,"useSocialTemplates":true,"useCustomSentences":false,"customSentences":[]},"followers":[1],"suggestedReferences":[],"includedReferences":[],"efiUrl":"","efiAlt":"","highlights":[]},"yoast_head":"<!-- This site is optimized with the Yoast SEO plugin v20.7 - https:\/\/yoast.com\/wordpress\/plugins\/seo\/ -->\n<title>El Intendente visit\u00f3 neum\u00e1ticos &quot;la uni\u00f3n&quot; en el marco de recorridas<\/title>\n<meta name=\"description\" content=\"El Intendente visit\u00f3 Neum\u00e1ticos \u201cLa Uni\u00f3n\u201d en el marco de recorridas por empresas locales, fue en la ma\u00f1ana de este jueves las recorridas\" \/>\n<meta name=\"robots\" content=\"index, follow, max-snippet:-1, max-image-preview:large, max-video-preview:-1\" \/>\n<link rel=\"canonical\" href=\"https:\/\/experienciadevida.com.ar\/portalurbano\/el-intendente-visito-neumaticos-la-union-en-el-marco-de-recorridas-por-empresas-locales\/\" \/>\n<meta property=\"og:locale\" content=\"es_ES\" \/>\n<meta property=\"og:type\" content=\"article\" \/>\n<meta property=\"og:title\" content=\"El Intendente visit\u00f3 neum\u00e1ticos &quot;la uni\u00f3n&quot; en el marco de recorridas\" \/>\n<meta property=\"og:description\" content=\"El Intendente visit\u00f3 Neum\u00e1ticos \u201cLa Uni\u00f3n\u201d en el marco de recorridas por empresas locales, fue en la ma\u00f1ana de este jueves las recorridas\" \/>\n<meta property=\"og:url\" content=\"https:\/\/experienciadevida.com.ar\/portalurbano\/el-intendente-visito-neumaticos-la-union-en-el-marco-de-recorridas-por-empresas-locales\/\" \/>\n<meta property=\"article:publisher\" content=\"https:\/\/www.facebook.com\/Portal-Urbano-171542830093757\/\" \/>\n<meta property=\"article:published_time\" content=\"2021-06-17T15:08:39+00:00\" \/>\n<meta property=\"article:modified_time\" content=\"2021-06-17T15:17:20+00:00\" \/>\n<meta property=\"og:image\" content=\"https:\/\/experienciadevida.com.ar\/portalurbano\/wp-content\/uploads\/2021\/06\/El-Intendente-visito-Neumaticos.jpg\" \/>\n\t<meta property=\"og:image:width\" content=\"1024\" \/>\n\t<meta property=\"og:image:height\" content=\"685\" \/>\n\t<meta property=\"og:image:type\" content=\"image\/jpeg\" \/>\n<meta name=\"author\" content=\"admpu17wp\" \/>\n<meta name=\"twitter:card\" content=\"summary_large_image\" \/>\n<meta name=\"twitter:creator\" content=\"@portalurbanook\" \/>\n<meta name=\"twitter:site\" content=\"@portalurbanook\" \/>\n<meta name=\"twitter:label1\" content=\"Escrito por\" \/>\n\t<meta name=\"twitter:data1\" content=\"admpu17wp\" \/>\n\t<meta name=\"twitter:label2\" content=\"Tiempo de lectura\" \/>\n\t<meta name=\"twitter:data2\" content=\"1 minuto\" \/>\n<script type=\"application\/ld+json\" class=\"yoast-schema-graph\">{\"@context\":\"https:\/\/schema.org\",\"@graph\":[{\"@type\":\"Article\",\"@id\":\"https:\/\/experienciadevida.com.ar\/portalurbano\/el-intendente-visito-neumaticos-la-union-en-el-marco-de-recorridas-por-empresas-locales\/#article\",\"isPartOf\":{\"@id\":\"https:\/\/experienciadevida.com.ar\/portalurbano\/el-intendente-visito-neumaticos-la-union-en-el-marco-de-recorridas-por-empresas-locales\/\"},\"author\":{\"name\":\"admpu17wp\",\"@id\":\"https:\/\/experienciadevida.com.ar\/portalurbano\/#\/schema\/person\/02dd326b1c4b056e9cc972486934a3a7\"},\"headline\":\"El Intendente visit\u00f3 Neum\u00e1ticos \u201cLa Uni\u00f3n\u201d en el marco de recorridas por empresas locales\",\"datePublished\":\"2021-06-17T15:08:39+00:00\",\"dateModified\":\"2021-06-17T15:17:20+00:00\",\"mainEntityOfPage\":{\"@id\":\"https:\/\/experienciadevida.com.ar\/portalurbano\/el-intendente-visito-neumaticos-la-union-en-el-marco-de-recorridas-por-empresas-locales\/\"},\"wordCount\":215,\"publisher\":{\"@id\":\"https:\/\/experienciadevida.com.ar\/portalurbano\/#organization\"},\"articleSection\":[\"Ciudad\",\"Destacadas 2\"],\"inLanguage\":\"es\"},{\"@type\":\"WebPage\",\"@id\":\"https:\/\/experienciadevida.com.ar\/portalurbano\/el-intendente-visito-neumaticos-la-union-en-el-marco-de-recorridas-por-empresas-locales\/\",\"url\":\"https:\/\/experienciadevida.com.ar\/portalurbano\/el-intendente-visito-neumaticos-la-union-en-el-marco-de-recorridas-por-empresas-locales\/\",\"name\":\"El Intendente visit\u00f3 neum\u00e1ticos \\\"la uni\u00f3n\\\" en el marco de recorridas\",\"isPartOf\":{\"@id\":\"https:\/\/experienciadevida.com.ar\/portalurbano\/#website\"},\"datePublished\":\"2021-06-17T15:08:39+00:00\",\"dateModified\":\"2021-06-17T15:17:20+00:00\",\"description\":\"El Intendente visit\u00f3 Neum\u00e1ticos \u201cLa Uni\u00f3n\u201d en el marco de recorridas por empresas locales, fue en la ma\u00f1ana de este jueves las recorridas\",\"breadcrumb\":{\"@id\":\"https:\/\/experienciadevida.com.ar\/portalurbano\/el-intendente-visito-neumaticos-la-union-en-el-marco-de-recorridas-por-empresas-locales\/#breadcrumb\"},\"inLanguage\":\"es\",\"potentialAction\":[{\"@type\":\"ReadAction\",\"target\":[\"https:\/\/experienciadevida.com.ar\/portalurbano\/el-intendente-visito-neumaticos-la-union-en-el-marco-de-recorridas-por-empresas-locales\/\"]}]},{\"@type\":\"BreadcrumbList\",\"@id\":\"https:\/\/experienciadevida.com.ar\/portalurbano\/el-intendente-visito-neumaticos-la-union-en-el-marco-de-recorridas-por-empresas-locales\/#breadcrumb\",\"itemListElement\":[{\"@type\":\"ListItem\",\"position\":1,\"name\":\"Portada\",\"item\":\"https:\/\/experienciadevida.com.ar\/portalurbano\/\"},{\"@type\":\"ListItem\",\"position\":2,\"name\":\"El Intendente visit\u00f3 Neum\u00e1ticos \u201cLa Uni\u00f3n\u201d en el marco de recorridas por empresas locales\"}]},{\"@type\":\"WebSite\",\"@id\":\"https:\/\/experienciadevida.com.ar\/portalurbano\/#website\",\"url\":\"https:\/\/experienciadevida.com.ar\/portalurbano\/\",\"name\":\"\",\"description\":\"\",\"publisher\":{\"@id\":\"https:\/\/experienciadevida.com.ar\/portalurbano\/#organization\"},\"potentialAction\":[{\"@type\":\"SearchAction\",\"target\":{\"@type\":\"EntryPoint\",\"urlTemplate\":\"https:\/\/experienciadevida.com.ar\/portalurbano\/?s={search_term_string}\"},\"query-input\":\"required name=search_term_string\"}],\"inLanguage\":\"es\"},{\"@type\":\"Organization\",\"@id\":\"https:\/\/experienciadevida.com.ar\/portalurbano\/#organization\",\"name\":\"Portal Urbano\",\"url\":\"https:\/\/experienciadevida.com.ar\/portalurbano\/\",\"logo\":{\"@type\":\"ImageObject\",\"inLanguage\":\"es\",\"@id\":\"https:\/\/experienciadevida.com.ar\/portalurbano\/#\/schema\/logo\/image\/\",\"url\":\"https:\/\/experienciadevida.com.ar\/portalurbano\/wp-content\/uploads\/2019\/09\/Logo-Original.png\",\"contentUrl\":\"https:\/\/experienciadevida.com.ar\/portalurbano\/wp-content\/uploads\/2019\/09\/Logo-Original.png\",\"width\":2236,\"height\":1216,\"caption\":\"Portal Urbano\"},\"image\":{\"@id\":\"https:\/\/experienciadevida.com.ar\/portalurbano\/#\/schema\/logo\/image\/\"},\"sameAs\":[\"https:\/\/www.facebook.com\/Portal-Urbano-171542830093757\/\",\"https:\/\/twitter.com\/portalurbanook\",\"https:\/\/www.instagram.com\/_portalurbano\/\",\"https:\/\/www.youtube.com\/channel\/UCXhagIfszH8KxFiOok79zbA?view_as=subscriber\"]},{\"@type\":\"Person\",\"@id\":\"https:\/\/experienciadevida.com.ar\/portalurbano\/#\/schema\/person\/02dd326b1c4b056e9cc972486934a3a7\",\"name\":\"admpu17wp\",\"image\":{\"@type\":\"ImageObject\",\"inLanguage\":\"es\",\"@id\":\"https:\/\/experienciadevida.com.ar\/portalurbano\/#\/schema\/person\/image\/\",\"url\":\"https:\/\/secure.gravatar.com\/avatar\/830d4c57adaae6630765e449a6908047?s=96&d=mm&r=g\",\"contentUrl\":\"https:\/\/secure.gravatar.com\/avatar\/830d4c57adaae6630765e449a6908047?s=96&d=mm&r=g\",\"caption\":\"admpu17wp\"}}]}<\/script>\n<!-- \/ Yoast SEO plugin. -->","yoast_head_json":{"title":"El Intendente visit\u00f3 neum\u00e1ticos \"la uni\u00f3n\" en el marco de recorridas","description":"El Intendente visit\u00f3 Neum\u00e1ticos \u201cLa Uni\u00f3n\u201d en el marco de recorridas por empresas locales, fue en la ma\u00f1ana de este jueves las recorridas","robots":{"index":"index","follow":"follow","max-snippet":"max-snippet:-1","max-image-preview":"max-image-preview:large","max-video-preview":"max-video-preview:-1"},"canonical":"https:\/\/experienciadevida.com.ar\/portalurbano\/el-intendente-visito-neumaticos-la-union-en-el-marco-de-recorridas-por-empresas-locales\/","og_locale":"es_ES","og_type":"article","og_title":"El Intendente visit\u00f3 neum\u00e1ticos \"la uni\u00f3n\" en el marco de recorridas","og_description":"El Intendente visit\u00f3 Neum\u00e1ticos \u201cLa Uni\u00f3n\u201d en el marco de recorridas por empresas locales, fue en la ma\u00f1ana de este jueves las recorridas","og_url":"https:\/\/experienciadevida.com.ar\/portalurbano\/el-intendente-visito-neumaticos-la-union-en-el-marco-de-recorridas-por-empresas-locales\/","article_publisher":"https:\/\/www.facebook.com\/Portal-Urbano-171542830093757\/","article_published_time":"2021-06-17T15:08:39+00:00","article_modified_time":"2021-06-17T15:17:20+00:00","og_image":[{"width":1024,"height":685,"url":"https:\/\/experienciadevida.com.ar\/portalurbano\/wp-content\/uploads\/2021\/06\/El-Intendente-visito-Neumaticos.jpg","type":"image\/jpeg"}],"author":"admpu17wp","twitter_card":"summary_large_image","twitter_creator":"@portalurbanook","twitter_site":"@portalurbanook","twitter_misc":{"Escrito por":"admpu17wp","Tiempo de lectura":"1 minuto"},"schema":{"@context":"https:\/\/schema.org","@graph":[{"@type":"Article","@id":"https:\/\/experienciadevida.com.ar\/portalurbano\/el-intendente-visito-neumaticos-la-union-en-el-marco-de-recorridas-por-empresas-locales\/#article","isPartOf":{"@id":"https:\/\/experienciadevida.com.ar\/portalurbano\/el-intendente-visito-neumaticos-la-union-en-el-marco-de-recorridas-por-empresas-locales\/"},"author":{"name":"admpu17wp","@id":"https:\/\/experienciadevida.com.ar\/portalurbano\/#\/schema\/person\/02dd326b1c4b056e9cc972486934a3a7"},"headline":"El Intendente visit\u00f3 Neum\u00e1ticos \u201cLa Uni\u00f3n\u201d en el marco de recorridas por empresas locales","datePublished":"2021-06-17T15:08:39+00:00","dateModified":"2021-06-17T15:17:20+00:00","mainEntityOfPage":{"@id":"https:\/\/experienciadevida.com.ar\/portalurbano\/el-intendente-visito-neumaticos-la-union-en-el-marco-de-recorridas-por-empresas-locales\/"},"wordCount":215,"publisher":{"@id":"https:\/\/experienciadevida.com.ar\/portalurbano\/#organization"},"articleSection":["Ciudad","Destacadas 2"],"inLanguage":"es"},{"@type":"WebPage","@id":"https:\/\/experienciadevida.com.ar\/portalurbano\/el-intendente-visito-neumaticos-la-union-en-el-marco-de-recorridas-por-empresas-locales\/","url":"https:\/\/experienciadevida.com.ar\/portalurbano\/el-intendente-visito-neumaticos-la-union-en-el-marco-de-recorridas-por-empresas-locales\/","name":"El Intendente visit\u00f3 neum\u00e1ticos \"la uni\u00f3n\" en el marco de recorridas","isPartOf":{"@id":"https:\/\/experienciadevida.com.ar\/portalurbano\/#website"},"datePublished":"2021-06-17T15:08:39+00:00","dateModified":"2021-06-17T15:17:20+00:00","description":"El Intendente visit\u00f3 Neum\u00e1ticos \u201cLa Uni\u00f3n\u201d en el marco de recorridas por empresas locales, fue en la ma\u00f1ana de este jueves las recorridas","breadcrumb":{"@id":"https:\/\/experienciadevida.com.ar\/portalurbano\/el-intendente-visito-neumaticos-la-union-en-el-marco-de-recorridas-por-empresas-locales\/#breadcrumb"},"inLanguage":"es","potentialAction":[{"@type":"ReadAction","target":["https:\/\/experienciadevida.com.ar\/portalurbano\/el-intendente-visito-neumaticos-la-union-en-el-marco-de-recorridas-por-empresas-locales\/"]}]},{"@type":"BreadcrumbList","@id":"https:\/\/experienciadevida.com.ar\/portalurbano\/el-intendente-visito-neumaticos-la-union-en-el-marco-de-recorridas-por-empresas-locales\/#breadcrumb","itemListElement":[{"@type":"ListItem","position":1,"name":"Portada","item":"https:\/\/experienciadevida.com.ar\/portalurbano\/"},{"@type":"ListItem","position":2,"name":"El Intendente visit\u00f3 Neum\u00e1ticos \u201cLa Uni\u00f3n\u201d en el marco de recorridas por empresas locales"}]},{"@type":"WebSite","@id":"https:\/\/experienciadevida.com.ar\/portalurbano\/#website","url":"https:\/\/experienciadevida.com.ar\/portalurbano\/","name":"","description":"","publisher":{"@id":"https:\/\/experienciadevida.com.ar\/portalurbano\/#organization"},"potentialAction":[{"@type":"SearchAction","target":{"@type":"EntryPoint","urlTemplate":"https:\/\/experienciadevida.com.ar\/portalurbano\/?s={search_term_string}"},"query-input":"required name=search_term_string"}],"inLanguage":"es"},{"@type":"Organization","@id":"https:\/\/experienciadevida.com.ar\/portalurbano\/#organization","name":"Portal Urbano","url":"https:\/\/experienciadevida.com.ar\/portalurbano\/","logo":{"@type":"ImageObject","inLanguage":"es","@id":"https:\/\/experienciadevida.com.ar\/portalurbano\/#\/schema\/logo\/image\/","url":"https:\/\/experienciadevida.com.ar\/portalurbano\/wp-content\/uploads\/2019\/09\/Logo-Original.png","contentUrl":"https:\/\/experienciadevida.com.ar\/portalurbano\/wp-content\/uploads\/2019\/09\/Logo-Original.png","width":2236,"height":1216,"caption":"Portal Urbano"},"image":{"@id":"https:\/\/experienciadevida.com.ar\/portalurbano\/#\/schema\/logo\/image\/"},"sameAs":["https:\/\/www.facebook.com\/Portal-Urbano-171542830093757\/","https:\/\/twitter.com\/portalurbanook","https:\/\/www.instagram.com\/_portalurbano\/","https:\/\/www.youtube.com\/channel\/UCXhagIfszH8KxFiOok79zbA?view_as=subscriber"]},{"@type":"Person","@id":"https:\/\/experienciadevida.com.ar\/portalurbano\/#\/schema\/person\/02dd326b1c4b056e9cc972486934a3a7","name":"admpu17wp","image":{"@type":"ImageObject","inLanguage":"es","@id":"https:\/\/experienciadevida.com.ar\/portalurbano\/#\/schema\/person\/image\/","url":"https:\/\/secure.gravatar.com\/avatar\/830d4c57adaae6630765e449a6908047?s=96&d=mm&r=g","contentUrl":"https:\/\/secure.gravatar.com\/avatar\/830d4c57adaae6630765e449a6908047?s=96&d=mm&r=g","caption":"admpu17wp"}}]}},"featured_image_urls":{"full":["https:\/\/experienciadevida.com.ar\/portalurbano\/wp-content\/uploads\/2021\/06\/El-Intendente-visito-Neumaticos.jpg",1024,685,false],"thumbnail":["https:\/\/experienciadevida.com.ar\/portalurbano\/wp-content\/uploads\/2021\/06\/El-Intendente-visito-Neumaticos-150x150.jpg",150,150,true],"medium":["https:\/\/experienciadevida.com.ar\/portalurbano\/wp-content\/uploads\/2021\/06\/El-Intendente-visito-Neumaticos-300x201.jpg",300,201,true],"medium_large":["https:\/\/experienciadevida.com.ar\/portalurbano\/wp-content\/uploads\/2021\/06\/El-Intendente-visito-Neumaticos-768x514.jpg",640,428,true],"large":["https:\/\/experienciadevida.com.ar\/portalurbano\/wp-content\/uploads\/2021\/06\/El-Intendente-visito-Neumaticos.jpg",640,428,false],"ug_big":["https:\/\/experienciadevida.com.ar\/portalurbano\/wp-content\/uploads\/2021\/06\/El-Intendente-visito-Neumaticos-768x514.jpg",768,514,true],"1536x1536":["https:\/\/experienciadevida.com.ar\/portalurbano\/wp-content\/uploads\/2021\/06\/El-Intendente-visito-Neumaticos.jpg",1024,685,false],"2048x2048":["https:\/\/experienciadevida.com.ar\/portalurbano\/wp-content\/uploads\/2021\/06\/El-Intendente-visito-Neumaticos.jpg",1024,685,false],"newsever-slider-full":["https:\/\/experienciadevida.com.ar\/portalurbano\/wp-content\/uploads\/2021\/06\/El-Intendente-visito-Neumaticos.jpg",1024,685,false],"newsever-featured":["https:\/\/experienciadevida.com.ar\/portalurbano\/wp-content\/uploads\/2021\/06\/El-Intendente-visito-Neumaticos.jpg",1024,685,false],"newsever-medium":["https:\/\/experienciadevida.com.ar\/portalurbano\/wp-content\/uploads\/2021\/06\/El-Intendente-visito-Neumaticos.jpg",710,475,false],"web-stories-poster-portrait":["https:\/\/experienciadevida.com.ar\/portalurbano\/wp-content\/uploads\/2021\/06\/El-Intendente-visito-Neumaticos.jpg",640,428,false],"web-stories-publisher-logo":["https:\/\/experienciadevida.com.ar\/portalurbano\/wp-content\/uploads\/2021\/06\/El-Intendente-visito-Neumaticos.jpg",96,64,false],"web-stories-thumbnail":["https:\/\/experienciadevida.com.ar\/portalurbano\/wp-content\/uploads\/2021\/06\/El-Intendente-visito-Neumaticos.jpg",150,100,false]},"author_info":{"display_name":"admpu17wp","author_link":"https:\/\/experienciadevida.com.ar\/portalurbano\/author\/admpu17wp\/"},"category_info":"<a href=\"https:\/\/experienciadevida.com.ar\/portalurbano\/category\/ciudad\/\" rel=\"category tag\">Ciudad<\/a> <a href=\"https:\/\/experienciadevida.com.ar\/portalurbano\/category\/destacadas-2\/\" rel=\"category tag\">Destacadas 2<\/a>","tag_info":"Destacadas 2","comment_count":"0","amp_enabled":true,"_links":{"self":[{"href":"https:\/\/experienciadevida.com.ar\/portalurbano\/wp-json\/wp\/v2\/posts\/145451"}],"collection":[{"href":"https:\/\/experienciadevida.com.ar\/portalurbano\/wp-json\/wp\/v2\/posts"}],"about":[{"href":"https:\/\/experienciadevida.com.ar\/portalurbano\/wp-json\/wp\/v2\/types\/post"}],"author":[{"embeddable":true,"href":"https:\/\/experienciadevida.com.ar\/portalurbano\/wp-json\/wp\/v2\/users\/1"}],"replies":[{"embeddable":true,"href":"https:\/\/experienciadevida.com.ar\/portalurbano\/wp-json\/wp\/v2\/comments?post=145451"}],"version-history":[{"count":3,"href":"https:\/\/experienciadevida.com.ar\/portalurbano\/wp-json\/wp\/v2\/posts\/145451\/revisions"}],"predecessor-version":[{"id":145455,"href":"https:\/\/experienciadevida.com.ar\/portalurbano\/wp-json\/wp\/v2\/posts\/145451\/revisions\/145455"}],"wp:featuredmedia":[{"embeddable":true,"href":"https:\/\/experienciadevida.com.ar\/portalurbano\/wp-json\/wp\/v2\/media\/145452"}],"wp:attachment":[{"href":"https:\/\/experienciadevida.com.ar\/portalurbano\/wp-json\/wp\/v2\/media?parent=145451"}],"wp:term":[{"taxonomy":"category","embeddable":true,"href":"https:\/\/experienciadevida.com.ar\/portalurbano\/wp-json\/wp\/v2\/categories?post=145451"},{"taxonomy":"post_tag","embeddable":true,"href":"https:\/\/experienciadevida.com.ar\/portalurbano\/wp-json\/wp\/v2\/tags?post=145451"}],"curies":[{"name":"wp","href":"https:\/\/api.w.org\/{rel}","templated":true}]}}