{"id":145430,"date":"2021-06-17T10:11:52","date_gmt":"2021-06-17T13:11:52","guid":{"rendered":"https:\/\/experienciadevida.com.ar\/portalurbano\/?p=145430"},"modified":"2021-06-17T10:16:48","modified_gmt":"2021-06-17T13:16:48","slug":"la-provincia-licitara-obras-en-instituciones-escolares-de-nuestra-ciudad-por-mas-de-20-millones","status":"publish","type":"post","link":"https:\/\/experienciadevida.com.ar\/portalurbano\/la-provincia-licitara-obras-en-instituciones-escolares-de-nuestra-ciudad-por-mas-de-20-millones\/","title":{"rendered":"La Provincia licitar\u00e1 obras en instituciones escolares de nuestra ciudad por m\u00e1s de 20 millones"},"content":{"rendered":"<p>La Provincia licitar\u00e1 obras en instituciones escolares de nuestra ciudad por m\u00e1s de 20 millones, desde el bloque de Consejeros Escolares del Frente de Todos confirmaron que hoy jueves y ma\u00f1ana viernes el Gobierno de la Provincia de Buenos Aires, licitar\u00e1 distintas obras de importancia en 7 instituciones escolares.<\/p>\n<p>Se indic\u00f3 que est\u00e1s mejoras se llevar\u00e1n a cabo por el Programa de Emergencia edilicia 2021 (PEED 2021) pol\u00edtica p\u00fablica implementada por el Gobernador Axel Kicillof y que alcanzar\u00e1 a los 135 distritos de la Provincia.<\/p>\n<p>\u201cEl objetivo es dejar en condiciones los establecimientos escolares, para que nuestros chicos y chicas puedan desarrollarse y estudiar en las mejores condiciones edilicias posibles. Ya estamos cada vez m\u00e1s cerca de regresar a la normalidad, con trabajo y la vacunaci\u00f3n que avanza, todos lo estamos haciendo posible\u201d, resaltaron los Consejeros del Frente de Todos.<\/p>\n<p>Las instituciones educativas que recibir\u00e1n las inversiones provinciales, los trabajos que se licitar\u00e1n y el monto de los mismos se detallan a continuaci\u00f3n:<br \/>\n\u25cf EP N\u00b0 8. Reparaci\u00f3n de cubierta, desag\u00fces pluviales y carpinter\u00edas por un total de 6.803.226,14 de pesos<br \/>\n\u25cf ES N\u00b0 7. Reparaci\u00f3n de cubierta y sanitarios por un total de 3.849.507,72 de pesos<br \/>\n\u25cf CEC N\u00b0 802. Impermeabilizaci\u00f3n de cubiertas por 2.386.641,37 de pesos<br \/>\n\u25cf Jard\u00edn N\u00b0 904. Cambio de cubierta y reparaci\u00f3n de cielorraso por un total de 3.790.118,22 de pesos<br \/>\n\u25cf <a href=\"https:\/\/www.facebook.com\/cooperadoraescuela17olavarria\">EP N\u00b0 17<\/a>. Reparaci\u00f3n de cubiertas por un total de 1.254.852,56 de pesos<br \/>\n\u25cf EP N\u00b0 81. Reparaci\u00f3n de cubiertas por un total de 1.047.297,34 de pesos<br \/>\n\u25cf EP N\u00b0 60. Construcci\u00f3n de sanitarios para discapacitados por un total de 1.634.450 pesos<\/p>\n<p>Por \u00faltimo cabe destacar que estas mejoras en el sistema educativo efectuadas por el Gobierno provincial se suman a otras obras de infraestructura ya realizadas, adem\u00e1s de los $ 23.682.382 que se van a destinar para la terminaci\u00f3n del edificio de la Escuela de Artes Visuales, la construcci\u00f3n Jard\u00edn 928, la ampliaci\u00f3n del SAE, y la entrega de mobiliario y diferentes elementos educativos.<\/p>\n","protected":false},"excerpt":{"rendered":"<p>La Provincia licitar\u00e1 obras en instituciones escolares de nuestra ciudad por m\u00e1s de 20 millones,&#8230;<\/p>\n","protected":false},"author":1,"featured_media":145431,"comment_status":"closed","ping_status":"closed","sticky":false,"template":"","format":"standard","meta":{"content-type":""},"categories":[27,64],"tags":[],"nelio_content":{"isAutoShareEnabled":false,"autoShareEndMode":"default","automationSources":{"useContentSentences":true,"useSocialTemplates":true,"useCustomSentences":false,"customSentences":[]},"followers":[1],"suggestedReferences":[],"includedReferences":[],"efiUrl":"","efiAlt":"","highlights":[]},"yoast_head":"<!-- This site is optimized with the Yoast SEO plugin v20.7 - https:\/\/yoast.com\/wordpress\/plugins\/seo\/ -->\n<title>La Provincia licitar\u00e1 obras en Instituciones escolares de nuestra ciudad<\/title>\n<meta name=\"description\" content=\"La Provincia licitar\u00e1 obras en instituciones escolares de nuestra ciudad por m\u00e1s de 20 millones, desde el bloque de Consejeros Escolares\" \/>\n<meta name=\"robots\" content=\"index, follow, max-snippet:-1, max-image-preview:large, max-video-preview:-1\" \/>\n<link rel=\"canonical\" href=\"https:\/\/experienciadevida.com.ar\/portalurbano\/la-provincia-licitara-obras-en-instituciones-escolares-de-nuestra-ciudad-por-mas-de-20-millones\/\" \/>\n<meta property=\"og:locale\" content=\"es_ES\" \/>\n<meta property=\"og:type\" content=\"article\" \/>\n<meta property=\"og:title\" content=\"La Provincia licitar\u00e1 obras en Instituciones escolares de nuestra ciudad\" \/>\n<meta property=\"og:description\" content=\"La Provincia licitar\u00e1 obras en instituciones escolares de nuestra ciudad por m\u00e1s de 20 millones, desde el bloque de Consejeros Escolares\" \/>\n<meta property=\"og:url\" content=\"https:\/\/experienciadevida.com.ar\/portalurbano\/la-provincia-licitara-obras-en-instituciones-escolares-de-nuestra-ciudad-por-mas-de-20-millones\/\" \/>\n<meta property=\"article:publisher\" content=\"https:\/\/www.facebook.com\/Portal-Urbano-171542830093757\/\" \/>\n<meta property=\"article:published_time\" content=\"2021-06-17T13:11:52+00:00\" \/>\n<meta property=\"article:modified_time\" content=\"2021-06-17T13:16:48+00:00\" \/>\n<meta property=\"og:image\" content=\"https:\/\/experienciadevida.com.ar\/portalurbano\/wp-content\/uploads\/2021\/06\/Escuela-17.png\" \/>\n\t<meta property=\"og:image:width\" content=\"1077\" \/>\n\t<meta property=\"og:image:height\" content=\"549\" \/>\n\t<meta property=\"og:image:type\" content=\"image\/png\" \/>\n<meta name=\"author\" content=\"admpu17wp\" \/>\n<meta name=\"twitter:card\" content=\"summary_large_image\" \/>\n<meta name=\"twitter:creator\" content=\"@portalurbanook\" \/>\n<meta name=\"twitter:site\" content=\"@portalurbanook\" \/>\n<meta name=\"twitter:label1\" content=\"Escrito por\" \/>\n\t<meta name=\"twitter:data1\" content=\"admpu17wp\" \/>\n\t<meta name=\"twitter:label2\" content=\"Tiempo de lectura\" \/>\n\t<meta name=\"twitter:data2\" content=\"2 minutos\" \/>\n<script type=\"application\/ld+json\" class=\"yoast-schema-graph\">{\"@context\":\"https:\/\/schema.org\",\"@graph\":[{\"@type\":\"Article\",\"@id\":\"https:\/\/experienciadevida.com.ar\/portalurbano\/la-provincia-licitara-obras-en-instituciones-escolares-de-nuestra-ciudad-por-mas-de-20-millones\/#article\",\"isPartOf\":{\"@id\":\"https:\/\/experienciadevida.com.ar\/portalurbano\/la-provincia-licitara-obras-en-instituciones-escolares-de-nuestra-ciudad-por-mas-de-20-millones\/\"},\"author\":{\"name\":\"admpu17wp\",\"@id\":\"https:\/\/experienciadevida.com.ar\/portalurbano\/#\/schema\/person\/02dd326b1c4b056e9cc972486934a3a7\"},\"headline\":\"La Provincia licitar\u00e1 obras en instituciones escolares de nuestra ciudad por m\u00e1s de 20 millones\",\"datePublished\":\"2021-06-17T13:11:52+00:00\",\"dateModified\":\"2021-06-17T13:16:48+00:00\",\"mainEntityOfPage\":{\"@id\":\"https:\/\/experienciadevida.com.ar\/portalurbano\/la-provincia-licitara-obras-en-instituciones-escolares-de-nuestra-ciudad-por-mas-de-20-millones\/\"},\"wordCount\":344,\"publisher\":{\"@id\":\"https:\/\/experienciadevida.com.ar\/portalurbano\/#organization\"},\"articleSection\":[\"Ciudad\",\"Destacadas 2\"],\"inLanguage\":\"es\"},{\"@type\":\"WebPage\",\"@id\":\"https:\/\/experienciadevida.com.ar\/portalurbano\/la-provincia-licitara-obras-en-instituciones-escolares-de-nuestra-ciudad-por-mas-de-20-millones\/\",\"url\":\"https:\/\/experienciadevida.com.ar\/portalurbano\/la-provincia-licitara-obras-en-instituciones-escolares-de-nuestra-ciudad-por-mas-de-20-millones\/\",\"name\":\"La Provincia licitar\u00e1 obras en Instituciones escolares de nuestra ciudad\",\"isPartOf\":{\"@id\":\"https:\/\/experienciadevida.com.ar\/portalurbano\/#website\"},\"datePublished\":\"2021-06-17T13:11:52+00:00\",\"dateModified\":\"2021-06-17T13:16:48+00:00\",\"description\":\"La Provincia licitar\u00e1 obras en instituciones escolares de nuestra ciudad por m\u00e1s de 20 millones, desde el bloque de Consejeros Escolares\",\"breadcrumb\":{\"@id\":\"https:\/\/experienciadevida.com.ar\/portalurbano\/la-provincia-licitara-obras-en-instituciones-escolares-de-nuestra-ciudad-por-mas-de-20-millones\/#breadcrumb\"},\"inLanguage\":\"es\",\"potentialAction\":[{\"@type\":\"ReadAction\",\"target\":[\"https:\/\/experienciadevida.com.ar\/portalurbano\/la-provincia-licitara-obras-en-instituciones-escolares-de-nuestra-ciudad-por-mas-de-20-millones\/\"]}]},{\"@type\":\"BreadcrumbList\",\"@id\":\"https:\/\/experienciadevida.com.ar\/portalurbano\/la-provincia-licitara-obras-en-instituciones-escolares-de-nuestra-ciudad-por-mas-de-20-millones\/#breadcrumb\",\"itemListElement\":[{\"@type\":\"ListItem\",\"position\":1,\"name\":\"Portada\",\"item\":\"https:\/\/experienciadevida.com.ar\/portalurbano\/\"},{\"@type\":\"ListItem\",\"position\":2,\"name\":\"La Provincia licitar\u00e1 obras en instituciones escolares de nuestra ciudad por m\u00e1s de 20 millones\"}]},{\"@type\":\"WebSite\",\"@id\":\"https:\/\/experienciadevida.com.ar\/portalurbano\/#website\",\"url\":\"https:\/\/experienciadevida.com.ar\/portalurbano\/\",\"name\":\"\",\"description\":\"\",\"publisher\":{\"@id\":\"https:\/\/experienciadevida.com.ar\/portalurbano\/#organization\"},\"potentialAction\":[{\"@type\":\"SearchAction\",\"target\":{\"@type\":\"EntryPoint\",\"urlTemplate\":\"https:\/\/experienciadevida.com.ar\/portalurbano\/?s={search_term_string}\"},\"query-input\":\"required name=search_term_string\"}],\"inLanguage\":\"es\"},{\"@type\":\"Organization\",\"@id\":\"https:\/\/experienciadevida.com.ar\/portalurbano\/#organization\",\"name\":\"Portal Urbano\",\"url\":\"https:\/\/experienciadevida.com.ar\/portalurbano\/\",\"logo\":{\"@type\":\"ImageObject\",\"inLanguage\":\"es\",\"@id\":\"https:\/\/experienciadevida.com.ar\/portalurbano\/#\/schema\/logo\/image\/\",\"url\":\"https:\/\/experienciadevida.com.ar\/portalurbano\/wp-content\/uploads\/2019\/09\/Logo-Original.png\",\"contentUrl\":\"https:\/\/experienciadevida.com.ar\/portalurbano\/wp-content\/uploads\/2019\/09\/Logo-Original.png\",\"width\":2236,\"height\":1216,\"caption\":\"Portal Urbano\"},\"image\":{\"@id\":\"https:\/\/experienciadevida.com.ar\/portalurbano\/#\/schema\/logo\/image\/\"},\"sameAs\":[\"https:\/\/www.facebook.com\/Portal-Urbano-171542830093757\/\",\"https:\/\/twitter.com\/portalurbanook\",\"https:\/\/www.instagram.com\/_portalurbano\/\",\"https:\/\/www.youtube.com\/channel\/UCXhagIfszH8KxFiOok79zbA?view_as=subscriber\"]},{\"@type\":\"Person\",\"@id\":\"https:\/\/experienciadevida.com.ar\/portalurbano\/#\/schema\/person\/02dd326b1c4b056e9cc972486934a3a7\",\"name\":\"admpu17wp\",\"image\":{\"@type\":\"ImageObject\",\"inLanguage\":\"es\",\"@id\":\"https:\/\/experienciadevida.com.ar\/portalurbano\/#\/schema\/person\/image\/\",\"url\":\"https:\/\/secure.gravatar.com\/avatar\/830d4c57adaae6630765e449a6908047?s=96&d=mm&r=g\",\"contentUrl\":\"https:\/\/secure.gravatar.com\/avatar\/830d4c57adaae6630765e449a6908047?s=96&d=mm&r=g\",\"caption\":\"admpu17wp\"}}]}<\/script>\n<!-- \/ Yoast SEO plugin. -->","yoast_head_json":{"title":"La Provincia licitar\u00e1 obras en Instituciones escolares de nuestra ciudad","description":"La Provincia licitar\u00e1 obras en instituciones escolares de nuestra ciudad por m\u00e1s de 20 millones, desde el bloque de Consejeros Escolares","robots":{"index":"index","follow":"follow","max-snippet":"max-snippet:-1","max-image-preview":"max-image-preview:large","max-video-preview":"max-video-preview:-1"},"canonical":"https:\/\/experienciadevida.com.ar\/portalurbano\/la-provincia-licitara-obras-en-instituciones-escolares-de-nuestra-ciudad-por-mas-de-20-millones\/","og_locale":"es_ES","og_type":"article","og_title":"La Provincia licitar\u00e1 obras en Instituciones escolares de nuestra ciudad","og_description":"La Provincia licitar\u00e1 obras en instituciones escolares de nuestra ciudad por m\u00e1s de 20 millones, desde el bloque de Consejeros Escolares","og_url":"https:\/\/experienciadevida.com.ar\/portalurbano\/la-provincia-licitara-obras-en-instituciones-escolares-de-nuestra-ciudad-por-mas-de-20-millones\/","article_publisher":"https:\/\/www.facebook.com\/Portal-Urbano-171542830093757\/","article_published_time":"2021-06-17T13:11:52+00:00","article_modified_time":"2021-06-17T13:16:48+00:00","og_image":[{"width":1077,"height":549,"url":"https:\/\/experienciadevida.com.ar\/portalurbano\/wp-content\/uploads\/2021\/06\/Escuela-17.png","type":"image\/png"}],"author":"admpu17wp","twitter_card":"summary_large_image","twitter_creator":"@portalurbanook","twitter_site":"@portalurbanook","twitter_misc":{"Escrito por":"admpu17wp","Tiempo de lectura":"2 minutos"},"schema":{"@context":"https:\/\/schema.org","@graph":[{"@type":"Article","@id":"https:\/\/experienciadevida.com.ar\/portalurbano\/la-provincia-licitara-obras-en-instituciones-escolares-de-nuestra-ciudad-por-mas-de-20-millones\/#article","isPartOf":{"@id":"https:\/\/experienciadevida.com.ar\/portalurbano\/la-provincia-licitara-obras-en-instituciones-escolares-de-nuestra-ciudad-por-mas-de-20-millones\/"},"author":{"name":"admpu17wp","@id":"https:\/\/experienciadevida.com.ar\/portalurbano\/#\/schema\/person\/02dd326b1c4b056e9cc972486934a3a7"},"headline":"La Provincia licitar\u00e1 obras en instituciones escolares de nuestra ciudad por m\u00e1s de 20 millones","datePublished":"2021-06-17T13:11:52+00:00","dateModified":"2021-06-17T13:16:48+00:00","mainEntityOfPage":{"@id":"https:\/\/experienciadevida.com.ar\/portalurbano\/la-provincia-licitara-obras-en-instituciones-escolares-de-nuestra-ciudad-por-mas-de-20-millones\/"},"wordCount":344,"publisher":{"@id":"https:\/\/experienciadevida.com.ar\/portalurbano\/#organization"},"articleSection":["Ciudad","Destacadas 2"],"inLanguage":"es"},{"@type":"WebPage","@id":"https:\/\/experienciadevida.com.ar\/portalurbano\/la-provincia-licitara-obras-en-instituciones-escolares-de-nuestra-ciudad-por-mas-de-20-millones\/","url":"https:\/\/experienciadevida.com.ar\/portalurbano\/la-provincia-licitara-obras-en-instituciones-escolares-de-nuestra-ciudad-por-mas-de-20-millones\/","name":"La Provincia licitar\u00e1 obras en Instituciones escolares de nuestra ciudad","isPartOf":{"@id":"https:\/\/experienciadevida.com.ar\/portalurbano\/#website"},"datePublished":"2021-06-17T13:11:52+00:00","dateModified":"2021-06-17T13:16:48+00:00","description":"La Provincia licitar\u00e1 obras en instituciones escolares de nuestra ciudad por m\u00e1s de 20 millones, desde el bloque de Consejeros Escolares","breadcrumb":{"@id":"https:\/\/experienciadevida.com.ar\/portalurbano\/la-provincia-licitara-obras-en-instituciones-escolares-de-nuestra-ciudad-por-mas-de-20-millones\/#breadcrumb"},"inLanguage":"es","potentialAction":[{"@type":"ReadAction","target":["https:\/\/experienciadevida.com.ar\/portalurbano\/la-provincia-licitara-obras-en-instituciones-escolares-de-nuestra-ciudad-por-mas-de-20-millones\/"]}]},{"@type":"BreadcrumbList","@id":"https:\/\/experienciadevida.com.ar\/portalurbano\/la-provincia-licitara-obras-en-instituciones-escolares-de-nuestra-ciudad-por-mas-de-20-millones\/#breadcrumb","itemListElement":[{"@type":"ListItem","position":1,"name":"Portada","item":"https:\/\/experienciadevida.com.ar\/portalurbano\/"},{"@type":"ListItem","position":2,"name":"La Provincia licitar\u00e1 obras en instituciones escolares de nuestra ciudad por m\u00e1s de 20 millones"}]},{"@type":"WebSite","@id":"https:\/\/experienciadevida.com.ar\/portalurbano\/#website","url":"https:\/\/experienciadevida.com.ar\/portalurbano\/","name":"","description":"","publisher":{"@id":"https:\/\/experienciadevida.com.ar\/portalurbano\/#organization"},"potentialAction":[{"@type":"SearchAction","target":{"@type":"EntryPoint","urlTemplate":"https:\/\/experienciadevida.com.ar\/portalurbano\/?s={search_term_string}"},"query-input":"required name=search_term_string"}],"inLanguage":"es"},{"@type":"Organization","@id":"https:\/\/experienciadevida.com.ar\/portalurbano\/#organization","name":"Portal Urbano","url":"https:\/\/experienciadevida.com.ar\/portalurbano\/","logo":{"@type":"ImageObject","inLanguage":"es","@id":"https:\/\/experienciadevida.com.ar\/portalurbano\/#\/schema\/logo\/image\/","url":"https:\/\/experienciadevida.com.ar\/portalurbano\/wp-content\/uploads\/2019\/09\/Logo-Original.png","contentUrl":"https:\/\/experienciadevida.com.ar\/portalurbano\/wp-content\/uploads\/2019\/09\/Logo-Original.png","width":2236,"height":1216,"caption":"Portal Urbano"},"image":{"@id":"https:\/\/experienciadevida.com.ar\/portalurbano\/#\/schema\/logo\/image\/"},"sameAs":["https:\/\/www.facebook.com\/Portal-Urbano-171542830093757\/","https:\/\/twitter.com\/portalurbanook","https:\/\/www.instagram.com\/_portalurbano\/","https:\/\/www.youtube.com\/channel\/UCXhagIfszH8KxFiOok79zbA?view_as=subscriber"]},{"@type":"Person","@id":"https:\/\/experienciadevida.com.ar\/portalurbano\/#\/schema\/person\/02dd326b1c4b056e9cc972486934a3a7","name":"admpu17wp","image":{"@type":"ImageObject","inLanguage":"es","@id":"https:\/\/experienciadevida.com.ar\/portalurbano\/#\/schema\/person\/image\/","url":"https:\/\/secure.gravatar.com\/avatar\/830d4c57adaae6630765e449a6908047?s=96&d=mm&r=g","contentUrl":"https:\/\/secure.gravatar.com\/avatar\/830d4c57adaae6630765e449a6908047?s=96&d=mm&r=g","caption":"admpu17wp"}}]}},"featured_image_urls":{"full":["https:\/\/experienciadevida.com.ar\/portalurbano\/wp-content\/uploads\/2021\/06\/Escuela-17.png",1077,549,false],"thumbnail":["https:\/\/experienciadevida.com.ar\/portalurbano\/wp-content\/uploads\/2021\/06\/Escuela-17-150x150.png",150,150,true],"medium":["https:\/\/experienciadevida.com.ar\/portalurbano\/wp-content\/uploads\/2021\/06\/Escuela-17-300x153.png",300,153,true],"medium_large":["https:\/\/experienciadevida.com.ar\/portalurbano\/wp-content\/uploads\/2021\/06\/Escuela-17-768x391.png",640,326,true],"large":["https:\/\/experienciadevida.com.ar\/portalurbano\/wp-content\/uploads\/2021\/06\/Escuela-17-1024x522.png",640,326,true],"ug_big":["https:\/\/experienciadevida.com.ar\/portalurbano\/wp-content\/uploads\/2021\/06\/Escuela-17-768x391.png",768,391,true],"1536x1536":["https:\/\/experienciadevida.com.ar\/portalurbano\/wp-content\/uploads\/2021\/06\/Escuela-17.png",1077,549,false],"2048x2048":["https:\/\/experienciadevida.com.ar\/portalurbano\/wp-content\/uploads\/2021\/06\/Escuela-17.png",1077,549,false],"newsever-slider-full":["https:\/\/experienciadevida.com.ar\/portalurbano\/wp-content\/uploads\/2021\/06\/Escuela-17.png",1077,549,false],"newsever-featured":["https:\/\/experienciadevida.com.ar\/portalurbano\/wp-content\/uploads\/2021\/06\/Escuela-17.png",1024,522,false],"newsever-medium":["https:\/\/experienciadevida.com.ar\/portalurbano\/wp-content\/uploads\/2021\/06\/Escuela-17.png",720,367,false],"web-stories-poster-portrait":["https:\/\/experienciadevida.com.ar\/portalurbano\/wp-content\/uploads\/2021\/06\/Escuela-17.png",640,326,false],"web-stories-publisher-logo":["https:\/\/experienciadevida.com.ar\/portalurbano\/wp-content\/uploads\/2021\/06\/Escuela-17.png",96,49,false],"web-stories-thumbnail":["https:\/\/experienciadevida.com.ar\/portalurbano\/wp-content\/uploads\/2021\/06\/Escuela-17.png",150,76,false]},"author_info":{"display_name":"admpu17wp","author_link":"https:\/\/experienciadevida.com.ar\/portalurbano\/author\/admpu17wp\/"},"category_info":"<a href=\"https:\/\/experienciadevida.com.ar\/portalurbano\/category\/ciudad\/\" rel=\"category tag\">Ciudad<\/a> <a href=\"https:\/\/experienciadevida.com.ar\/portalurbano\/category\/destacadas-2\/\" rel=\"category tag\">Destacadas 2<\/a>","tag_info":"Destacadas 2","comment_count":"0","amp_enabled":true,"_links":{"self":[{"href":"https:\/\/experienciadevida.com.ar\/portalurbano\/wp-json\/wp\/v2\/posts\/145430"}],"collection":[{"href":"https:\/\/experienciadevida.com.ar\/portalurbano\/wp-json\/wp\/v2\/posts"}],"about":[{"href":"https:\/\/experienciadevida.com.ar\/portalurbano\/wp-json\/wp\/v2\/types\/post"}],"author":[{"embeddable":true,"href":"https:\/\/experienciadevida.com.ar\/portalurbano\/wp-json\/wp\/v2\/users\/1"}],"replies":[{"embeddable":true,"href":"https:\/\/experienciadevida.com.ar\/portalurbano\/wp-json\/wp\/v2\/comments?post=145430"}],"version-history":[{"count":2,"href":"https:\/\/experienciadevida.com.ar\/portalurbano\/wp-json\/wp\/v2\/posts\/145430\/revisions"}],"predecessor-version":[{"id":145433,"href":"https:\/\/experienciadevida.com.ar\/portalurbano\/wp-json\/wp\/v2\/posts\/145430\/revisions\/145433"}],"wp:featuredmedia":[{"embeddable":true,"href":"https:\/\/experienciadevida.com.ar\/portalurbano\/wp-json\/wp\/v2\/media\/145431"}],"wp:attachment":[{"href":"https:\/\/experienciadevida.com.ar\/portalurbano\/wp-json\/wp\/v2\/media?parent=145430"}],"wp:term":[{"taxonomy":"category","embeddable":true,"href":"https:\/\/experienciadevida.com.ar\/portalurbano\/wp-json\/wp\/v2\/categories?post=145430"},{"taxonomy":"post_tag","embeddable":true,"href":"https:\/\/experienciadevida.com.ar\/portalurbano\/wp-json\/wp\/v2\/tags?post=145430"}],"curies":[{"name":"wp","href":"https:\/\/api.w.org\/{rel}","templated":true}]}}