{"id":145418,"date":"2021-06-17T09:31:03","date_gmt":"2021-06-17T12:31:03","guid":{"rendered":"https:\/\/experienciadevida.com.ar\/portalurbano\/?p=145418"},"modified":"2021-06-17T09:32:18","modified_gmt":"2021-06-17T12:32:18","slug":"un-mejor-radicalismo-para-liderar-un-mejor-juntos-por-el-cambio","status":"publish","type":"post","link":"https:\/\/experienciadevida.com.ar\/portalurbano\/un-mejor-radicalismo-para-liderar-un-mejor-juntos-por-el-cambio\/","title":{"rendered":"Un mejor radicalismo, para liderar un mejor Juntos por el Cambio"},"content":{"rendered":"<p>Un mejor radicalismo, para liderar un mejor Juntos por el Cambio, en el d\u00eda de ayer se realiz\u00f3 en el Comit\u00e9 Nacional de la Uni\u00f3n C\u00edvica Radical una reuni\u00f3n donde los principales referentes nacionales del partido conversaron con Facundo Manes. La posibilidad de que nuevas figuras puedan acercarse a la pol\u00edtica y la ampliaci\u00f3n del principal espacio opositor fueron el eje de lo que fue el hecho m\u00e1s destacado del mi\u00e9rcoles en la pol\u00edtica nacional.<\/p>\n<p>En relaci\u00f3n a este suceso desde Evoluci\u00f3n Radical no demoraron en destacar la importancia del encuentro, e insistir en la necesidad de mostrar un radicalismo unido y competitivo para las pr\u00f3ximas elecciones: \u201cAnte la reuni\u00f3n con Facundo Manes en el Comit\u00e9 Nacional y la presencia de nuestro referente Mart\u00edn Lousteau, desde Evoluci\u00f3n Provincia de Buenos Aires manifestamos: Evoluci\u00f3n es una construcci\u00f3n colectiva, que promueve y sostiene reglas de construcci\u00f3n pol\u00edtica, valorando y persiguiendo al mismo tiempo la b\u00fasqueda de gesti\u00f3n, territorialidad, representatividad y verdadera paridad para lograr una UCR que conforme una fuerza pol\u00edtica que transforme el pa\u00eds. Nos constituimos como espacio pol\u00edtico en la Provincia de Buenos Aires en la b\u00fasqueda de construir una UCR mejor y m\u00e1s fuerte, que aporte a generar un Juntos por el Cambio m\u00e1s grande y mejor.<\/p>\n<p>Nacimos para proponer la construcci\u00f3n de un partido que sea el coraz\u00f3n y cerebro de la coalici\u00f3n pol\u00edtica y que nos permita ser la herramienta fundamental para resolver los problemas de los bonaerenses.<\/p>\n<p>Con estas premisas dimos la discusi\u00f3n en la interna partidaria, consolidando el planteo de una UCR que tenga vocaci\u00f3n de mayor\u00edas, que quiera conducir el frente que integra, que garantice reglas de juego claras e inclusivas en la participaci\u00f3n de dicha coalici\u00f3n. Transitamos una elecci\u00f3n que logr\u00f3 posicionar en la agenda pol\u00edtica de nuestra provincia una UCR activa, con inserci\u00f3n pol\u00edtica territorial y haciendo eje la necesidad de un<\/p>\n<p>Radicalismo Bonaerense que sea parte un proyecto nacional que tenga id\u00e9nticas premisas en la clara vocaci\u00f3n de gestionar la mayor cantidad de jurisdicciones y conducir los destinos del pa\u00eds.<\/p>\n<p>Estamos convencidos que este debate bonaerense nos enriqueci\u00f3, apostando que sea un hito en el fortalecimiento partidario y la posibilidad de que muchos de estos conceptos se plasmen en un armado donde los radicales seamos protagonistas de darle nuevas esperanzas a los bonaerenses nos convoca y nos entusiasma. Consideramos que desde esta fortaleza, con capacidad de di\u00e1logo y amplitud en la convocatoria de sectores y actores socio pol\u00edticos es parte del proceso que viabiliza la llegada de figuras como Facundo Manes que potencia y enriquece la construcci\u00f3n emprendida.<br \/>\nSeguiremos trabajando para garantizar un mejor radicalismo, con vocaci\u00f3n de gesti\u00f3n que lidere un mejor Juntos por el Cambio.\u201d<\/p>\n","protected":false},"excerpt":{"rendered":"<p>Un mejor radicalismo, para liderar un mejor Juntos por el Cambio, en el d\u00eda de&#8230;<\/p>\n","protected":false},"author":1,"featured_media":145419,"comment_status":"closed","ping_status":"closed","sticky":false,"template":"","format":"standard","meta":{"content-type":""},"categories":[64,43],"tags":[],"nelio_content":{"isAutoShareEnabled":false,"autoShareEndMode":"default","automationSources":{"useContentSentences":true,"useSocialTemplates":true,"useCustomSentences":false,"customSentences":[]},"followers":[1],"suggestedReferences":[],"includedReferences":[],"efiUrl":"","efiAlt":"","highlights":[]},"yoast_head":"<!-- This site is optimized with the Yoast SEO plugin v20.7 - https:\/\/yoast.com\/wordpress\/plugins\/seo\/ -->\n<title>Un mejor radicalismo, para liderar un mejor juntos por el cambio<\/title>\n<meta name=\"description\" content=\"Un mejor radicalismo, para liderar un mejor Juntos por el Cambio, en el d\u00eda de ayer se realiz\u00f3 en el Comit\u00e9 Nacional de la Uni\u00f3n aRadical\" \/>\n<meta name=\"robots\" content=\"index, follow, max-snippet:-1, max-image-preview:large, max-video-preview:-1\" \/>\n<link rel=\"canonical\" href=\"https:\/\/experienciadevida.com.ar\/portalurbano\/un-mejor-radicalismo-para-liderar-un-mejor-juntos-por-el-cambio\/\" \/>\n<meta property=\"og:locale\" content=\"es_ES\" \/>\n<meta property=\"og:type\" content=\"article\" \/>\n<meta property=\"og:title\" content=\"Un mejor radicalismo, para liderar un mejor juntos por el cambio\" \/>\n<meta property=\"og:description\" content=\"Un mejor radicalismo, para liderar un mejor Juntos por el Cambio, en el d\u00eda de ayer se realiz\u00f3 en el Comit\u00e9 Nacional de la Uni\u00f3n aRadical\" \/>\n<meta property=\"og:url\" content=\"https:\/\/experienciadevida.com.ar\/portalurbano\/un-mejor-radicalismo-para-liderar-un-mejor-juntos-por-el-cambio\/\" \/>\n<meta property=\"article:publisher\" content=\"https:\/\/www.facebook.com\/Portal-Urbano-171542830093757\/\" \/>\n<meta property=\"article:published_time\" content=\"2021-06-17T12:31:03+00:00\" \/>\n<meta property=\"article:modified_time\" content=\"2021-06-17T12:32:18+00:00\" \/>\n<meta property=\"og:image\" content=\"https:\/\/experienciadevida.com.ar\/portalurbano\/wp-content\/uploads\/2021\/06\/Un-mejor-radicalismo.jpeg\" \/>\n\t<meta property=\"og:image:width\" content=\"1080\" \/>\n\t<meta property=\"og:image:height\" content=\"721\" \/>\n\t<meta property=\"og:image:type\" content=\"image\/jpeg\" \/>\n<meta name=\"author\" content=\"admpu17wp\" \/>\n<meta name=\"twitter:card\" content=\"summary_large_image\" \/>\n<meta name=\"twitter:creator\" content=\"@portalurbanook\" \/>\n<meta name=\"twitter:site\" content=\"@portalurbanook\" \/>\n<meta name=\"twitter:label1\" content=\"Escrito por\" \/>\n\t<meta name=\"twitter:data1\" content=\"admpu17wp\" \/>\n\t<meta name=\"twitter:label2\" content=\"Tiempo de lectura\" \/>\n\t<meta name=\"twitter:data2\" content=\"2 minutos\" \/>\n<script type=\"application\/ld+json\" class=\"yoast-schema-graph\">{\"@context\":\"https:\/\/schema.org\",\"@graph\":[{\"@type\":\"Article\",\"@id\":\"https:\/\/experienciadevida.com.ar\/portalurbano\/un-mejor-radicalismo-para-liderar-un-mejor-juntos-por-el-cambio\/#article\",\"isPartOf\":{\"@id\":\"https:\/\/experienciadevida.com.ar\/portalurbano\/un-mejor-radicalismo-para-liderar-un-mejor-juntos-por-el-cambio\/\"},\"author\":{\"name\":\"admpu17wp\",\"@id\":\"https:\/\/experienciadevida.com.ar\/portalurbano\/#\/schema\/person\/02dd326b1c4b056e9cc972486934a3a7\"},\"headline\":\"Un mejor radicalismo, para liderar un mejor Juntos por el Cambio\",\"datePublished\":\"2021-06-17T12:31:03+00:00\",\"dateModified\":\"2021-06-17T12:32:18+00:00\",\"mainEntityOfPage\":{\"@id\":\"https:\/\/experienciadevida.com.ar\/portalurbano\/un-mejor-radicalismo-para-liderar-un-mejor-juntos-por-el-cambio\/\"},\"wordCount\":505,\"publisher\":{\"@id\":\"https:\/\/experienciadevida.com.ar\/portalurbano\/#organization\"},\"articleSection\":[\"Destacadas 2\",\"Pol\u00edtica\"],\"inLanguage\":\"es\"},{\"@type\":\"WebPage\",\"@id\":\"https:\/\/experienciadevida.com.ar\/portalurbano\/un-mejor-radicalismo-para-liderar-un-mejor-juntos-por-el-cambio\/\",\"url\":\"https:\/\/experienciadevida.com.ar\/portalurbano\/un-mejor-radicalismo-para-liderar-un-mejor-juntos-por-el-cambio\/\",\"name\":\"Un mejor radicalismo, para liderar un mejor juntos por el cambio\",\"isPartOf\":{\"@id\":\"https:\/\/experienciadevida.com.ar\/portalurbano\/#website\"},\"datePublished\":\"2021-06-17T12:31:03+00:00\",\"dateModified\":\"2021-06-17T12:32:18+00:00\",\"description\":\"Un mejor radicalismo, para liderar un mejor Juntos por el Cambio, en el d\u00eda de ayer se realiz\u00f3 en el Comit\u00e9 Nacional de la Uni\u00f3n aRadical\",\"breadcrumb\":{\"@id\":\"https:\/\/experienciadevida.com.ar\/portalurbano\/un-mejor-radicalismo-para-liderar-un-mejor-juntos-por-el-cambio\/#breadcrumb\"},\"inLanguage\":\"es\",\"potentialAction\":[{\"@type\":\"ReadAction\",\"target\":[\"https:\/\/experienciadevida.com.ar\/portalurbano\/un-mejor-radicalismo-para-liderar-un-mejor-juntos-por-el-cambio\/\"]}]},{\"@type\":\"BreadcrumbList\",\"@id\":\"https:\/\/experienciadevida.com.ar\/portalurbano\/un-mejor-radicalismo-para-liderar-un-mejor-juntos-por-el-cambio\/#breadcrumb\",\"itemListElement\":[{\"@type\":\"ListItem\",\"position\":1,\"name\":\"Portada\",\"item\":\"https:\/\/experienciadevida.com.ar\/portalurbano\/\"},{\"@type\":\"ListItem\",\"position\":2,\"name\":\"Un mejor radicalismo, para liderar un mejor Juntos por el Cambio\"}]},{\"@type\":\"WebSite\",\"@id\":\"https:\/\/experienciadevida.com.ar\/portalurbano\/#website\",\"url\":\"https:\/\/experienciadevida.com.ar\/portalurbano\/\",\"name\":\"\",\"description\":\"\",\"publisher\":{\"@id\":\"https:\/\/experienciadevida.com.ar\/portalurbano\/#organization\"},\"potentialAction\":[{\"@type\":\"SearchAction\",\"target\":{\"@type\":\"EntryPoint\",\"urlTemplate\":\"https:\/\/experienciadevida.com.ar\/portalurbano\/?s={search_term_string}\"},\"query-input\":\"required name=search_term_string\"}],\"inLanguage\":\"es\"},{\"@type\":\"Organization\",\"@id\":\"https:\/\/experienciadevida.com.ar\/portalurbano\/#organization\",\"name\":\"Portal Urbano\",\"url\":\"https:\/\/experienciadevida.com.ar\/portalurbano\/\",\"logo\":{\"@type\":\"ImageObject\",\"inLanguage\":\"es\",\"@id\":\"https:\/\/experienciadevida.com.ar\/portalurbano\/#\/schema\/logo\/image\/\",\"url\":\"https:\/\/experienciadevida.com.ar\/portalurbano\/wp-content\/uploads\/2019\/09\/Logo-Original.png\",\"contentUrl\":\"https:\/\/experienciadevida.com.ar\/portalurbano\/wp-content\/uploads\/2019\/09\/Logo-Original.png\",\"width\":2236,\"height\":1216,\"caption\":\"Portal Urbano\"},\"image\":{\"@id\":\"https:\/\/experienciadevida.com.ar\/portalurbano\/#\/schema\/logo\/image\/\"},\"sameAs\":[\"https:\/\/www.facebook.com\/Portal-Urbano-171542830093757\/\",\"https:\/\/twitter.com\/portalurbanook\",\"https:\/\/www.instagram.com\/_portalurbano\/\",\"https:\/\/www.youtube.com\/channel\/UCXhagIfszH8KxFiOok79zbA?view_as=subscriber\"]},{\"@type\":\"Person\",\"@id\":\"https:\/\/experienciadevida.com.ar\/portalurbano\/#\/schema\/person\/02dd326b1c4b056e9cc972486934a3a7\",\"name\":\"admpu17wp\",\"image\":{\"@type\":\"ImageObject\",\"inLanguage\":\"es\",\"@id\":\"https:\/\/experienciadevida.com.ar\/portalurbano\/#\/schema\/person\/image\/\",\"url\":\"https:\/\/secure.gravatar.com\/avatar\/830d4c57adaae6630765e449a6908047?s=96&d=mm&r=g\",\"contentUrl\":\"https:\/\/secure.gravatar.com\/avatar\/830d4c57adaae6630765e449a6908047?s=96&d=mm&r=g\",\"caption\":\"admpu17wp\"}}]}<\/script>\n<!-- \/ Yoast SEO plugin. -->","yoast_head_json":{"title":"Un mejor radicalismo, para liderar un mejor juntos por el cambio","description":"Un mejor radicalismo, para liderar un mejor Juntos por el Cambio, en el d\u00eda de ayer se realiz\u00f3 en el Comit\u00e9 Nacional de la Uni\u00f3n aRadical","robots":{"index":"index","follow":"follow","max-snippet":"max-snippet:-1","max-image-preview":"max-image-preview:large","max-video-preview":"max-video-preview:-1"},"canonical":"https:\/\/experienciadevida.com.ar\/portalurbano\/un-mejor-radicalismo-para-liderar-un-mejor-juntos-por-el-cambio\/","og_locale":"es_ES","og_type":"article","og_title":"Un mejor radicalismo, para liderar un mejor juntos por el cambio","og_description":"Un mejor radicalismo, para liderar un mejor Juntos por el Cambio, en el d\u00eda de ayer se realiz\u00f3 en el Comit\u00e9 Nacional de la Uni\u00f3n aRadical","og_url":"https:\/\/experienciadevida.com.ar\/portalurbano\/un-mejor-radicalismo-para-liderar-un-mejor-juntos-por-el-cambio\/","article_publisher":"https:\/\/www.facebook.com\/Portal-Urbano-171542830093757\/","article_published_time":"2021-06-17T12:31:03+00:00","article_modified_time":"2021-06-17T12:32:18+00:00","og_image":[{"width":1080,"height":721,"url":"https:\/\/experienciadevida.com.ar\/portalurbano\/wp-content\/uploads\/2021\/06\/Un-mejor-radicalismo.jpeg","type":"image\/jpeg"}],"author":"admpu17wp","twitter_card":"summary_large_image","twitter_creator":"@portalurbanook","twitter_site":"@portalurbanook","twitter_misc":{"Escrito por":"admpu17wp","Tiempo de lectura":"2 minutos"},"schema":{"@context":"https:\/\/schema.org","@graph":[{"@type":"Article","@id":"https:\/\/experienciadevida.com.ar\/portalurbano\/un-mejor-radicalismo-para-liderar-un-mejor-juntos-por-el-cambio\/#article","isPartOf":{"@id":"https:\/\/experienciadevida.com.ar\/portalurbano\/un-mejor-radicalismo-para-liderar-un-mejor-juntos-por-el-cambio\/"},"author":{"name":"admpu17wp","@id":"https:\/\/experienciadevida.com.ar\/portalurbano\/#\/schema\/person\/02dd326b1c4b056e9cc972486934a3a7"},"headline":"Un mejor radicalismo, para liderar un mejor Juntos por el Cambio","datePublished":"2021-06-17T12:31:03+00:00","dateModified":"2021-06-17T12:32:18+00:00","mainEntityOfPage":{"@id":"https:\/\/experienciadevida.com.ar\/portalurbano\/un-mejor-radicalismo-para-liderar-un-mejor-juntos-por-el-cambio\/"},"wordCount":505,"publisher":{"@id":"https:\/\/experienciadevida.com.ar\/portalurbano\/#organization"},"articleSection":["Destacadas 2","Pol\u00edtica"],"inLanguage":"es"},{"@type":"WebPage","@id":"https:\/\/experienciadevida.com.ar\/portalurbano\/un-mejor-radicalismo-para-liderar-un-mejor-juntos-por-el-cambio\/","url":"https:\/\/experienciadevida.com.ar\/portalurbano\/un-mejor-radicalismo-para-liderar-un-mejor-juntos-por-el-cambio\/","name":"Un mejor radicalismo, para liderar un mejor juntos por el cambio","isPartOf":{"@id":"https:\/\/experienciadevida.com.ar\/portalurbano\/#website"},"datePublished":"2021-06-17T12:31:03+00:00","dateModified":"2021-06-17T12:32:18+00:00","description":"Un mejor radicalismo, para liderar un mejor Juntos por el Cambio, en el d\u00eda de ayer se realiz\u00f3 en el Comit\u00e9 Nacional de la Uni\u00f3n aRadical","breadcrumb":{"@id":"https:\/\/experienciadevida.com.ar\/portalurbano\/un-mejor-radicalismo-para-liderar-un-mejor-juntos-por-el-cambio\/#breadcrumb"},"inLanguage":"es","potentialAction":[{"@type":"ReadAction","target":["https:\/\/experienciadevida.com.ar\/portalurbano\/un-mejor-radicalismo-para-liderar-un-mejor-juntos-por-el-cambio\/"]}]},{"@type":"BreadcrumbList","@id":"https:\/\/experienciadevida.com.ar\/portalurbano\/un-mejor-radicalismo-para-liderar-un-mejor-juntos-por-el-cambio\/#breadcrumb","itemListElement":[{"@type":"ListItem","position":1,"name":"Portada","item":"https:\/\/experienciadevida.com.ar\/portalurbano\/"},{"@type":"ListItem","position":2,"name":"Un mejor radicalismo, para liderar un mejor Juntos por el Cambio"}]},{"@type":"WebSite","@id":"https:\/\/experienciadevida.com.ar\/portalurbano\/#website","url":"https:\/\/experienciadevida.com.ar\/portalurbano\/","name":"","description":"","publisher":{"@id":"https:\/\/experienciadevida.com.ar\/portalurbano\/#organization"},"potentialAction":[{"@type":"SearchAction","target":{"@type":"EntryPoint","urlTemplate":"https:\/\/experienciadevida.com.ar\/portalurbano\/?s={search_term_string}"},"query-input":"required name=search_term_string"}],"inLanguage":"es"},{"@type":"Organization","@id":"https:\/\/experienciadevida.com.ar\/portalurbano\/#organization","name":"Portal Urbano","url":"https:\/\/experienciadevida.com.ar\/portalurbano\/","logo":{"@type":"ImageObject","inLanguage":"es","@id":"https:\/\/experienciadevida.com.ar\/portalurbano\/#\/schema\/logo\/image\/","url":"https:\/\/experienciadevida.com.ar\/portalurbano\/wp-content\/uploads\/2019\/09\/Logo-Original.png","contentUrl":"https:\/\/experienciadevida.com.ar\/portalurbano\/wp-content\/uploads\/2019\/09\/Logo-Original.png","width":2236,"height":1216,"caption":"Portal Urbano"},"image":{"@id":"https:\/\/experienciadevida.com.ar\/portalurbano\/#\/schema\/logo\/image\/"},"sameAs":["https:\/\/www.facebook.com\/Portal-Urbano-171542830093757\/","https:\/\/twitter.com\/portalurbanook","https:\/\/www.instagram.com\/_portalurbano\/","https:\/\/www.youtube.com\/channel\/UCXhagIfszH8KxFiOok79zbA?view_as=subscriber"]},{"@type":"Person","@id":"https:\/\/experienciadevida.com.ar\/portalurbano\/#\/schema\/person\/02dd326b1c4b056e9cc972486934a3a7","name":"admpu17wp","image":{"@type":"ImageObject","inLanguage":"es","@id":"https:\/\/experienciadevida.com.ar\/portalurbano\/#\/schema\/person\/image\/","url":"https:\/\/secure.gravatar.com\/avatar\/830d4c57adaae6630765e449a6908047?s=96&d=mm&r=g","contentUrl":"https:\/\/secure.gravatar.com\/avatar\/830d4c57adaae6630765e449a6908047?s=96&d=mm&r=g","caption":"admpu17wp"}}]}},"featured_image_urls":{"full":["https:\/\/experienciadevida.com.ar\/portalurbano\/wp-content\/uploads\/2021\/06\/Un-mejor-radicalismo.jpeg",1080,721,false],"thumbnail":["https:\/\/experienciadevida.com.ar\/portalurbano\/wp-content\/uploads\/2021\/06\/Un-mejor-radicalismo-150x150.jpeg",150,150,true],"medium":["https:\/\/experienciadevida.com.ar\/portalurbano\/wp-content\/uploads\/2021\/06\/Un-mejor-radicalismo-300x200.jpeg",300,200,true],"medium_large":["https:\/\/experienciadevida.com.ar\/portalurbano\/wp-content\/uploads\/2021\/06\/Un-mejor-radicalismo-768x513.jpeg",640,428,true],"large":["https:\/\/experienciadevida.com.ar\/portalurbano\/wp-content\/uploads\/2021\/06\/Un-mejor-radicalismo-1024x684.jpeg",640,428,true],"ug_big":["https:\/\/experienciadevida.com.ar\/portalurbano\/wp-content\/uploads\/2021\/06\/Un-mejor-radicalismo-768x513.jpeg",768,513,true],"1536x1536":["https:\/\/experienciadevida.com.ar\/portalurbano\/wp-content\/uploads\/2021\/06\/Un-mejor-radicalismo.jpeg",1080,721,false],"2048x2048":["https:\/\/experienciadevida.com.ar\/portalurbano\/wp-content\/uploads\/2021\/06\/Un-mejor-radicalismo.jpeg",1080,721,false],"newsever-slider-full":["https:\/\/experienciadevida.com.ar\/portalurbano\/wp-content\/uploads\/2021\/06\/Un-mejor-radicalismo.jpeg",1080,721,false],"newsever-featured":["https:\/\/experienciadevida.com.ar\/portalurbano\/wp-content\/uploads\/2021\/06\/Un-mejor-radicalismo.jpeg",1024,684,false],"newsever-medium":["https:\/\/experienciadevida.com.ar\/portalurbano\/wp-content\/uploads\/2021\/06\/Un-mejor-radicalismo.jpeg",712,475,false],"web-stories-poster-portrait":["https:\/\/experienciadevida.com.ar\/portalurbano\/wp-content\/uploads\/2021\/06\/Un-mejor-radicalismo.jpeg",640,427,false],"web-stories-publisher-logo":["https:\/\/experienciadevida.com.ar\/portalurbano\/wp-content\/uploads\/2021\/06\/Un-mejor-radicalismo.jpeg",96,64,false],"web-stories-thumbnail":["https:\/\/experienciadevida.com.ar\/portalurbano\/wp-content\/uploads\/2021\/06\/Un-mejor-radicalismo.jpeg",150,100,false]},"author_info":{"display_name":"admpu17wp","author_link":"https:\/\/experienciadevida.com.ar\/portalurbano\/author\/admpu17wp\/"},"category_info":"<a href=\"https:\/\/experienciadevida.com.ar\/portalurbano\/category\/destacadas-2\/\" rel=\"category tag\">Destacadas 2<\/a> <a href=\"https:\/\/experienciadevida.com.ar\/portalurbano\/category\/politica\/\" rel=\"category tag\">Pol\u00edtica<\/a>","tag_info":"Pol\u00edtica","comment_count":"0","amp_enabled":true,"_links":{"self":[{"href":"https:\/\/experienciadevida.com.ar\/portalurbano\/wp-json\/wp\/v2\/posts\/145418"}],"collection":[{"href":"https:\/\/experienciadevida.com.ar\/portalurbano\/wp-json\/wp\/v2\/posts"}],"about":[{"href":"https:\/\/experienciadevida.com.ar\/portalurbano\/wp-json\/wp\/v2\/types\/post"}],"author":[{"embeddable":true,"href":"https:\/\/experienciadevida.com.ar\/portalurbano\/wp-json\/wp\/v2\/users\/1"}],"replies":[{"embeddable":true,"href":"https:\/\/experienciadevida.com.ar\/portalurbano\/wp-json\/wp\/v2\/comments?post=145418"}],"version-history":[{"count":1,"href":"https:\/\/experienciadevida.com.ar\/portalurbano\/wp-json\/wp\/v2\/posts\/145418\/revisions"}],"predecessor-version":[{"id":145420,"href":"https:\/\/experienciadevida.com.ar\/portalurbano\/wp-json\/wp\/v2\/posts\/145418\/revisions\/145420"}],"wp:featuredmedia":[{"embeddable":true,"href":"https:\/\/experienciadevida.com.ar\/portalurbano\/wp-json\/wp\/v2\/media\/145419"}],"wp:attachment":[{"href":"https:\/\/experienciadevida.com.ar\/portalurbano\/wp-json\/wp\/v2\/media?parent=145418"}],"wp:term":[{"taxonomy":"category","embeddable":true,"href":"https:\/\/experienciadevida.com.ar\/portalurbano\/wp-json\/wp\/v2\/categories?post=145418"},{"taxonomy":"post_tag","embeddable":true,"href":"https:\/\/experienciadevida.com.ar\/portalurbano\/wp-json\/wp\/v2\/tags?post=145418"}],"curies":[{"name":"wp","href":"https:\/\/api.w.org\/{rel}","templated":true}]}}