{"id":145369,"date":"2021-06-16T17:40:15","date_gmt":"2021-06-16T20:40:15","guid":{"rendered":"https:\/\/experienciadevida.com.ar\/portalurbano\/?p=145369"},"modified":"2021-06-16T17:42:36","modified_gmt":"2021-06-16T20:42:36","slug":"landivar-hoy-se-dio-un-paso-mas-para-lograr-una-olavarria-que-integre-a-todos","status":"publish","type":"post","link":"https:\/\/experienciadevida.com.ar\/portalurbano\/landivar-hoy-se-dio-un-paso-mas-para-lograr-una-olavarria-que-integre-a-todos\/","title":{"rendered":"Landivar: \u201cHoy se dio un paso m\u00e1s para lograr una Olavarr\u00eda que integre a todos\u201d"},"content":{"rendered":"<p>Landivar: \u201cHoy se dio un paso m\u00e1s para lograr una Olavarr\u00eda que integre a todos\u201d, as\u00ed se refiri\u00f3 la <a href=\"https:\/\/www.facebook.com\/mercedes.landivar\">concejal<\/a> del Frente de Todos sobre la creaci\u00f3n de la comisi\u00f3n de Localidades.<\/p>\n<p>Hoy por la ma\u00f1ana se constituy\u00f3 la Comisi\u00f3n Permanente de Localidades en el \u00e1mbito del Honorable Concejo de Deliberante de nuestra ciudad, iniciativa que se aprob\u00f3 durante la sexta sesi\u00f3n ordinaria y que fuera impulsado por el Frente de Todos.<\/p>\n<p>Esta nueva comisi\u00f3n que est\u00e1 integrada por todos los bloques que componen el Concejo, tendr\u00e1 la responsabilidad de conocer y dictaminar cuestiones relacionadas a la agenda econ\u00f3mica, social y cultural de cada localidad que conforma el Partido de Olavarr\u00eda, fomentando el desarrollo y crecimiento de cada una de ellas.<\/p>\n<p>La nueva presidenta de la Comisi\u00f3n y una de las autoras del Proyecto Mercedes Landivar, se\u00f1al\u00f3 que \u201cesta comisi\u00f3n ser\u00e1 una herramienta fundamental para atender las demandas de los vecinos y vecinas de las distintas localidades y los delegados, ya que partir de hoy tendr\u00e1n un espacio donde se pueden acercar y ser escuchados. Adem\u00e1s va a permitir la construcci\u00f3n de ideas y propuestas legislativas y de gesti\u00f3n desde la participaci\u00f3n genuina de los vecinos de las localidades y sus instituciones\u201d.<\/p>\n<p>La concejal del Frente de Todos resalt\u00f3 \u201ceste logr\u00f3 es el fruto de muchos encuentros llevados a cabo con los compa\u00f1eros de bancada, para saber la realidad y las necesidades de cada localidad. Este espacio buscar\u00e1 achicar esta lejan\u00eda que hoy el Ejecutivo municipal tiene hac\u00eda con las localidades, y dar un paso m\u00e1s para lograr una Olavarr\u00eda que integre a todos. El di\u00e1logo y la construcci\u00f3n pol\u00edtica participativa tiene que dejar de ser una consigna y puesta en escena para convertirse en una realidad\u201d.<\/p>\n<p>La Comisi\u00f3n Permanente de Localidades tendr\u00e1 a cargo la recepci\u00f3n de aquellos expedientes referentes a las localidades, reuni\u00e9ndose en forma semanal y pudiendo funcionar, al menos, una vez al mes en forma itinerante en las localidades.<\/p>\n","protected":false},"excerpt":{"rendered":"<p>Landivar: \u201cHoy se dio un paso m\u00e1s para lograr una Olavarr\u00eda que integre a todos\u201d,&#8230;<\/p>\n","protected":false},"author":1,"featured_media":145370,"comment_status":"closed","ping_status":"closed","sticky":false,"template":"","format":"standard","meta":{"content-type":""},"categories":[27,64],"tags":[],"nelio_content":{"isAutoShareEnabled":false,"autoShareEndMode":"default","automationSources":{"useContentSentences":true,"useSocialTemplates":true,"useCustomSentences":false,"customSentences":[]},"followers":[1],"suggestedReferences":[],"includedReferences":[],"efiUrl":"","efiAlt":"","highlights":[]},"yoast_head":"<!-- This site is optimized with the Yoast SEO plugin v20.7 - https:\/\/yoast.com\/wordpress\/plugins\/seo\/ -->\n<title>Landivar: &quot;hoy se dio un paso m\u00e1s para lograr una Olavarr\u00eda que integre&quot;<\/title>\n<meta name=\"description\" content=\"Landivar: \u201cHoy se dio un paso m\u00e1s para lograr una Olavarr\u00eda que integre a todos\u201d, as\u00ed se refiri\u00f3 la concejal del Frente de Todos\" \/>\n<meta name=\"robots\" content=\"index, follow, max-snippet:-1, max-image-preview:large, max-video-preview:-1\" \/>\n<link rel=\"canonical\" href=\"https:\/\/experienciadevida.com.ar\/portalurbano\/landivar-hoy-se-dio-un-paso-mas-para-lograr-una-olavarria-que-integre-a-todos\/\" \/>\n<meta property=\"og:locale\" content=\"es_ES\" \/>\n<meta property=\"og:type\" content=\"article\" \/>\n<meta property=\"og:title\" content=\"Landivar: &quot;hoy se dio un paso m\u00e1s para lograr una Olavarr\u00eda que integre&quot;\" \/>\n<meta property=\"og:description\" content=\"Landivar: \u201cHoy se dio un paso m\u00e1s para lograr una Olavarr\u00eda que integre a todos\u201d, as\u00ed se refiri\u00f3 la concejal del Frente de Todos\" \/>\n<meta property=\"og:url\" content=\"https:\/\/experienciadevida.com.ar\/portalurbano\/landivar-hoy-se-dio-un-paso-mas-para-lograr-una-olavarria-que-integre-a-todos\/\" \/>\n<meta property=\"article:publisher\" content=\"https:\/\/www.facebook.com\/Portal-Urbano-171542830093757\/\" \/>\n<meta property=\"article:published_time\" content=\"2021-06-16T20:40:15+00:00\" \/>\n<meta property=\"article:modified_time\" content=\"2021-06-16T20:42:36+00:00\" \/>\n<meta property=\"og:image\" content=\"https:\/\/experienciadevida.com.ar\/portalurbano\/wp-content\/uploads\/2021\/06\/Landivar.jpg\" \/>\n\t<meta property=\"og:image:width\" content=\"1280\" \/>\n\t<meta property=\"og:image:height\" content=\"750\" \/>\n\t<meta property=\"og:image:type\" content=\"image\/jpeg\" \/>\n<meta name=\"author\" content=\"admpu17wp\" \/>\n<meta name=\"twitter:card\" content=\"summary_large_image\" \/>\n<meta name=\"twitter:creator\" content=\"@portalurbanook\" \/>\n<meta name=\"twitter:site\" content=\"@portalurbanook\" \/>\n<meta name=\"twitter:label1\" content=\"Escrito por\" \/>\n\t<meta name=\"twitter:data1\" content=\"admpu17wp\" \/>\n\t<meta name=\"twitter:label2\" content=\"Tiempo de lectura\" \/>\n\t<meta name=\"twitter:data2\" content=\"2 minutos\" \/>\n<script type=\"application\/ld+json\" class=\"yoast-schema-graph\">{\"@context\":\"https:\/\/schema.org\",\"@graph\":[{\"@type\":\"Article\",\"@id\":\"https:\/\/experienciadevida.com.ar\/portalurbano\/landivar-hoy-se-dio-un-paso-mas-para-lograr-una-olavarria-que-integre-a-todos\/#article\",\"isPartOf\":{\"@id\":\"https:\/\/experienciadevida.com.ar\/portalurbano\/landivar-hoy-se-dio-un-paso-mas-para-lograr-una-olavarria-que-integre-a-todos\/\"},\"author\":{\"name\":\"admpu17wp\",\"@id\":\"https:\/\/experienciadevida.com.ar\/portalurbano\/#\/schema\/person\/02dd326b1c4b056e9cc972486934a3a7\"},\"headline\":\"Landivar: \u201cHoy se dio un paso m\u00e1s para lograr una Olavarr\u00eda que integre a todos\u201d\",\"datePublished\":\"2021-06-16T20:40:15+00:00\",\"dateModified\":\"2021-06-16T20:42:36+00:00\",\"mainEntityOfPage\":{\"@id\":\"https:\/\/experienciadevida.com.ar\/portalurbano\/landivar-hoy-se-dio-un-paso-mas-para-lograr-una-olavarria-que-integre-a-todos\/\"},\"wordCount\":369,\"publisher\":{\"@id\":\"https:\/\/experienciadevida.com.ar\/portalurbano\/#organization\"},\"articleSection\":[\"Ciudad\",\"Destacadas 2\"],\"inLanguage\":\"es\"},{\"@type\":\"WebPage\",\"@id\":\"https:\/\/experienciadevida.com.ar\/portalurbano\/landivar-hoy-se-dio-un-paso-mas-para-lograr-una-olavarria-que-integre-a-todos\/\",\"url\":\"https:\/\/experienciadevida.com.ar\/portalurbano\/landivar-hoy-se-dio-un-paso-mas-para-lograr-una-olavarria-que-integre-a-todos\/\",\"name\":\"Landivar: \\\"hoy se dio un paso m\u00e1s para lograr una Olavarr\u00eda que integre\\\"\",\"isPartOf\":{\"@id\":\"https:\/\/experienciadevida.com.ar\/portalurbano\/#website\"},\"datePublished\":\"2021-06-16T20:40:15+00:00\",\"dateModified\":\"2021-06-16T20:42:36+00:00\",\"description\":\"Landivar: \u201cHoy se dio un paso m\u00e1s para lograr una Olavarr\u00eda que integre a todos\u201d, as\u00ed se refiri\u00f3 la concejal del Frente de Todos\",\"breadcrumb\":{\"@id\":\"https:\/\/experienciadevida.com.ar\/portalurbano\/landivar-hoy-se-dio-un-paso-mas-para-lograr-una-olavarria-que-integre-a-todos\/#breadcrumb\"},\"inLanguage\":\"es\",\"potentialAction\":[{\"@type\":\"ReadAction\",\"target\":[\"https:\/\/experienciadevida.com.ar\/portalurbano\/landivar-hoy-se-dio-un-paso-mas-para-lograr-una-olavarria-que-integre-a-todos\/\"]}]},{\"@type\":\"BreadcrumbList\",\"@id\":\"https:\/\/experienciadevida.com.ar\/portalurbano\/landivar-hoy-se-dio-un-paso-mas-para-lograr-una-olavarria-que-integre-a-todos\/#breadcrumb\",\"itemListElement\":[{\"@type\":\"ListItem\",\"position\":1,\"name\":\"Portada\",\"item\":\"https:\/\/experienciadevida.com.ar\/portalurbano\/\"},{\"@type\":\"ListItem\",\"position\":2,\"name\":\"Landivar: \u201cHoy se dio un paso m\u00e1s para lograr una Olavarr\u00eda que integre a todos\u201d\"}]},{\"@type\":\"WebSite\",\"@id\":\"https:\/\/experienciadevida.com.ar\/portalurbano\/#website\",\"url\":\"https:\/\/experienciadevida.com.ar\/portalurbano\/\",\"name\":\"\",\"description\":\"\",\"publisher\":{\"@id\":\"https:\/\/experienciadevida.com.ar\/portalurbano\/#organization\"},\"potentialAction\":[{\"@type\":\"SearchAction\",\"target\":{\"@type\":\"EntryPoint\",\"urlTemplate\":\"https:\/\/experienciadevida.com.ar\/portalurbano\/?s={search_term_string}\"},\"query-input\":\"required name=search_term_string\"}],\"inLanguage\":\"es\"},{\"@type\":\"Organization\",\"@id\":\"https:\/\/experienciadevida.com.ar\/portalurbano\/#organization\",\"name\":\"Portal Urbano\",\"url\":\"https:\/\/experienciadevida.com.ar\/portalurbano\/\",\"logo\":{\"@type\":\"ImageObject\",\"inLanguage\":\"es\",\"@id\":\"https:\/\/experienciadevida.com.ar\/portalurbano\/#\/schema\/logo\/image\/\",\"url\":\"https:\/\/experienciadevida.com.ar\/portalurbano\/wp-content\/uploads\/2019\/09\/Logo-Original.png\",\"contentUrl\":\"https:\/\/experienciadevida.com.ar\/portalurbano\/wp-content\/uploads\/2019\/09\/Logo-Original.png\",\"width\":2236,\"height\":1216,\"caption\":\"Portal Urbano\"},\"image\":{\"@id\":\"https:\/\/experienciadevida.com.ar\/portalurbano\/#\/schema\/logo\/image\/\"},\"sameAs\":[\"https:\/\/www.facebook.com\/Portal-Urbano-171542830093757\/\",\"https:\/\/twitter.com\/portalurbanook\",\"https:\/\/www.instagram.com\/_portalurbano\/\",\"https:\/\/www.youtube.com\/channel\/UCXhagIfszH8KxFiOok79zbA?view_as=subscriber\"]},{\"@type\":\"Person\",\"@id\":\"https:\/\/experienciadevida.com.ar\/portalurbano\/#\/schema\/person\/02dd326b1c4b056e9cc972486934a3a7\",\"name\":\"admpu17wp\",\"image\":{\"@type\":\"ImageObject\",\"inLanguage\":\"es\",\"@id\":\"https:\/\/experienciadevida.com.ar\/portalurbano\/#\/schema\/person\/image\/\",\"url\":\"https:\/\/secure.gravatar.com\/avatar\/830d4c57adaae6630765e449a6908047?s=96&d=mm&r=g\",\"contentUrl\":\"https:\/\/secure.gravatar.com\/avatar\/830d4c57adaae6630765e449a6908047?s=96&d=mm&r=g\",\"caption\":\"admpu17wp\"}}]}<\/script>\n<!-- \/ Yoast SEO plugin. -->","yoast_head_json":{"title":"Landivar: \"hoy se dio un paso m\u00e1s para lograr una Olavarr\u00eda que integre\"","description":"Landivar: \u201cHoy se dio un paso m\u00e1s para lograr una Olavarr\u00eda que integre a todos\u201d, as\u00ed se refiri\u00f3 la concejal del Frente de Todos","robots":{"index":"index","follow":"follow","max-snippet":"max-snippet:-1","max-image-preview":"max-image-preview:large","max-video-preview":"max-video-preview:-1"},"canonical":"https:\/\/experienciadevida.com.ar\/portalurbano\/landivar-hoy-se-dio-un-paso-mas-para-lograr-una-olavarria-que-integre-a-todos\/","og_locale":"es_ES","og_type":"article","og_title":"Landivar: \"hoy se dio un paso m\u00e1s para lograr una Olavarr\u00eda que integre\"","og_description":"Landivar: \u201cHoy se dio un paso m\u00e1s para lograr una Olavarr\u00eda que integre a todos\u201d, as\u00ed se refiri\u00f3 la concejal del Frente de Todos","og_url":"https:\/\/experienciadevida.com.ar\/portalurbano\/landivar-hoy-se-dio-un-paso-mas-para-lograr-una-olavarria-que-integre-a-todos\/","article_publisher":"https:\/\/www.facebook.com\/Portal-Urbano-171542830093757\/","article_published_time":"2021-06-16T20:40:15+00:00","article_modified_time":"2021-06-16T20:42:36+00:00","og_image":[{"width":1280,"height":750,"url":"https:\/\/experienciadevida.com.ar\/portalurbano\/wp-content\/uploads\/2021\/06\/Landivar.jpg","type":"image\/jpeg"}],"author":"admpu17wp","twitter_card":"summary_large_image","twitter_creator":"@portalurbanook","twitter_site":"@portalurbanook","twitter_misc":{"Escrito por":"admpu17wp","Tiempo de lectura":"2 minutos"},"schema":{"@context":"https:\/\/schema.org","@graph":[{"@type":"Article","@id":"https:\/\/experienciadevida.com.ar\/portalurbano\/landivar-hoy-se-dio-un-paso-mas-para-lograr-una-olavarria-que-integre-a-todos\/#article","isPartOf":{"@id":"https:\/\/experienciadevida.com.ar\/portalurbano\/landivar-hoy-se-dio-un-paso-mas-para-lograr-una-olavarria-que-integre-a-todos\/"},"author":{"name":"admpu17wp","@id":"https:\/\/experienciadevida.com.ar\/portalurbano\/#\/schema\/person\/02dd326b1c4b056e9cc972486934a3a7"},"headline":"Landivar: \u201cHoy se dio un paso m\u00e1s para lograr una Olavarr\u00eda que integre a todos\u201d","datePublished":"2021-06-16T20:40:15+00:00","dateModified":"2021-06-16T20:42:36+00:00","mainEntityOfPage":{"@id":"https:\/\/experienciadevida.com.ar\/portalurbano\/landivar-hoy-se-dio-un-paso-mas-para-lograr-una-olavarria-que-integre-a-todos\/"},"wordCount":369,"publisher":{"@id":"https:\/\/experienciadevida.com.ar\/portalurbano\/#organization"},"articleSection":["Ciudad","Destacadas 2"],"inLanguage":"es"},{"@type":"WebPage","@id":"https:\/\/experienciadevida.com.ar\/portalurbano\/landivar-hoy-se-dio-un-paso-mas-para-lograr-una-olavarria-que-integre-a-todos\/","url":"https:\/\/experienciadevida.com.ar\/portalurbano\/landivar-hoy-se-dio-un-paso-mas-para-lograr-una-olavarria-que-integre-a-todos\/","name":"Landivar: \"hoy se dio un paso m\u00e1s para lograr una Olavarr\u00eda que integre\"","isPartOf":{"@id":"https:\/\/experienciadevida.com.ar\/portalurbano\/#website"},"datePublished":"2021-06-16T20:40:15+00:00","dateModified":"2021-06-16T20:42:36+00:00","description":"Landivar: \u201cHoy se dio un paso m\u00e1s para lograr una Olavarr\u00eda que integre a todos\u201d, as\u00ed se refiri\u00f3 la concejal del Frente de Todos","breadcrumb":{"@id":"https:\/\/experienciadevida.com.ar\/portalurbano\/landivar-hoy-se-dio-un-paso-mas-para-lograr-una-olavarria-que-integre-a-todos\/#breadcrumb"},"inLanguage":"es","potentialAction":[{"@type":"ReadAction","target":["https:\/\/experienciadevida.com.ar\/portalurbano\/landivar-hoy-se-dio-un-paso-mas-para-lograr-una-olavarria-que-integre-a-todos\/"]}]},{"@type":"BreadcrumbList","@id":"https:\/\/experienciadevida.com.ar\/portalurbano\/landivar-hoy-se-dio-un-paso-mas-para-lograr-una-olavarria-que-integre-a-todos\/#breadcrumb","itemListElement":[{"@type":"ListItem","position":1,"name":"Portada","item":"https:\/\/experienciadevida.com.ar\/portalurbano\/"},{"@type":"ListItem","position":2,"name":"Landivar: \u201cHoy se dio un paso m\u00e1s para lograr una Olavarr\u00eda que integre a todos\u201d"}]},{"@type":"WebSite","@id":"https:\/\/experienciadevida.com.ar\/portalurbano\/#website","url":"https:\/\/experienciadevida.com.ar\/portalurbano\/","name":"","description":"","publisher":{"@id":"https:\/\/experienciadevida.com.ar\/portalurbano\/#organization"},"potentialAction":[{"@type":"SearchAction","target":{"@type":"EntryPoint","urlTemplate":"https:\/\/experienciadevida.com.ar\/portalurbano\/?s={search_term_string}"},"query-input":"required name=search_term_string"}],"inLanguage":"es"},{"@type":"Organization","@id":"https:\/\/experienciadevida.com.ar\/portalurbano\/#organization","name":"Portal Urbano","url":"https:\/\/experienciadevida.com.ar\/portalurbano\/","logo":{"@type":"ImageObject","inLanguage":"es","@id":"https:\/\/experienciadevida.com.ar\/portalurbano\/#\/schema\/logo\/image\/","url":"https:\/\/experienciadevida.com.ar\/portalurbano\/wp-content\/uploads\/2019\/09\/Logo-Original.png","contentUrl":"https:\/\/experienciadevida.com.ar\/portalurbano\/wp-content\/uploads\/2019\/09\/Logo-Original.png","width":2236,"height":1216,"caption":"Portal Urbano"},"image":{"@id":"https:\/\/experienciadevida.com.ar\/portalurbano\/#\/schema\/logo\/image\/"},"sameAs":["https:\/\/www.facebook.com\/Portal-Urbano-171542830093757\/","https:\/\/twitter.com\/portalurbanook","https:\/\/www.instagram.com\/_portalurbano\/","https:\/\/www.youtube.com\/channel\/UCXhagIfszH8KxFiOok79zbA?view_as=subscriber"]},{"@type":"Person","@id":"https:\/\/experienciadevida.com.ar\/portalurbano\/#\/schema\/person\/02dd326b1c4b056e9cc972486934a3a7","name":"admpu17wp","image":{"@type":"ImageObject","inLanguage":"es","@id":"https:\/\/experienciadevida.com.ar\/portalurbano\/#\/schema\/person\/image\/","url":"https:\/\/secure.gravatar.com\/avatar\/830d4c57adaae6630765e449a6908047?s=96&d=mm&r=g","contentUrl":"https:\/\/secure.gravatar.com\/avatar\/830d4c57adaae6630765e449a6908047?s=96&d=mm&r=g","caption":"admpu17wp"}}]}},"featured_image_urls":{"full":["https:\/\/experienciadevida.com.ar\/portalurbano\/wp-content\/uploads\/2021\/06\/Landivar.jpg",1280,750,false],"thumbnail":["https:\/\/experienciadevida.com.ar\/portalurbano\/wp-content\/uploads\/2021\/06\/Landivar-150x150.jpg",150,150,true],"medium":["https:\/\/experienciadevida.com.ar\/portalurbano\/wp-content\/uploads\/2021\/06\/Landivar-300x176.jpg",300,176,true],"medium_large":["https:\/\/experienciadevida.com.ar\/portalurbano\/wp-content\/uploads\/2021\/06\/Landivar-768x450.jpg",640,375,true],"large":["https:\/\/experienciadevida.com.ar\/portalurbano\/wp-content\/uploads\/2021\/06\/Landivar-1024x600.jpg",640,375,true],"ug_big":["https:\/\/experienciadevida.com.ar\/portalurbano\/wp-content\/uploads\/2021\/06\/Landivar-768x450.jpg",768,450,true],"1536x1536":["https:\/\/experienciadevida.com.ar\/portalurbano\/wp-content\/uploads\/2021\/06\/Landivar.jpg",1280,750,false],"2048x2048":["https:\/\/experienciadevida.com.ar\/portalurbano\/wp-content\/uploads\/2021\/06\/Landivar.jpg",1280,750,false],"newsever-slider-full":["https:\/\/experienciadevida.com.ar\/portalurbano\/wp-content\/uploads\/2021\/06\/Landivar.jpg",1280,750,false],"newsever-featured":["https:\/\/experienciadevida.com.ar\/portalurbano\/wp-content\/uploads\/2021\/06\/Landivar.jpg",1024,600,false],"newsever-medium":["https:\/\/experienciadevida.com.ar\/portalurbano\/wp-content\/uploads\/2021\/06\/Landivar.jpg",720,422,false],"web-stories-poster-portrait":["https:\/\/experienciadevida.com.ar\/portalurbano\/wp-content\/uploads\/2021\/06\/Landivar.jpg",640,375,false],"web-stories-publisher-logo":["https:\/\/experienciadevida.com.ar\/portalurbano\/wp-content\/uploads\/2021\/06\/Landivar.jpg",96,56,false],"web-stories-thumbnail":["https:\/\/experienciadevida.com.ar\/portalurbano\/wp-content\/uploads\/2021\/06\/Landivar.jpg",150,88,false]},"author_info":{"display_name":"admpu17wp","author_link":"https:\/\/experienciadevida.com.ar\/portalurbano\/author\/admpu17wp\/"},"category_info":"<a href=\"https:\/\/experienciadevida.com.ar\/portalurbano\/category\/ciudad\/\" rel=\"category tag\">Ciudad<\/a> <a href=\"https:\/\/experienciadevida.com.ar\/portalurbano\/category\/destacadas-2\/\" rel=\"category tag\">Destacadas 2<\/a>","tag_info":"Destacadas 2","comment_count":"0","amp_enabled":true,"_links":{"self":[{"href":"https:\/\/experienciadevida.com.ar\/portalurbano\/wp-json\/wp\/v2\/posts\/145369"}],"collection":[{"href":"https:\/\/experienciadevida.com.ar\/portalurbano\/wp-json\/wp\/v2\/posts"}],"about":[{"href":"https:\/\/experienciadevida.com.ar\/portalurbano\/wp-json\/wp\/v2\/types\/post"}],"author":[{"embeddable":true,"href":"https:\/\/experienciadevida.com.ar\/portalurbano\/wp-json\/wp\/v2\/users\/1"}],"replies":[{"embeddable":true,"href":"https:\/\/experienciadevida.com.ar\/portalurbano\/wp-json\/wp\/v2\/comments?post=145369"}],"version-history":[{"count":2,"href":"https:\/\/experienciadevida.com.ar\/portalurbano\/wp-json\/wp\/v2\/posts\/145369\/revisions"}],"predecessor-version":[{"id":145372,"href":"https:\/\/experienciadevida.com.ar\/portalurbano\/wp-json\/wp\/v2\/posts\/145369\/revisions\/145372"}],"wp:featuredmedia":[{"embeddable":true,"href":"https:\/\/experienciadevida.com.ar\/portalurbano\/wp-json\/wp\/v2\/media\/145370"}],"wp:attachment":[{"href":"https:\/\/experienciadevida.com.ar\/portalurbano\/wp-json\/wp\/v2\/media?parent=145369"}],"wp:term":[{"taxonomy":"category","embeddable":true,"href":"https:\/\/experienciadevida.com.ar\/portalurbano\/wp-json\/wp\/v2\/categories?post=145369"},{"taxonomy":"post_tag","embeddable":true,"href":"https:\/\/experienciadevida.com.ar\/portalurbano\/wp-json\/wp\/v2\/tags?post=145369"}],"curies":[{"name":"wp","href":"https:\/\/api.w.org\/{rel}","templated":true}]}}