{"id":145337,"date":"2021-06-16T10:53:36","date_gmt":"2021-06-16T13:53:36","guid":{"rendered":"https:\/\/experienciadevida.com.ar\/portalurbano\/?p=145337"},"modified":"2021-06-16T10:56:00","modified_gmt":"2021-06-16T13:56:00","slug":"tejiendo-redes-la-propuesta-territorial-de-politicas-de-genero-municipal","status":"publish","type":"post","link":"https:\/\/experienciadevida.com.ar\/portalurbano\/tejiendo-redes-la-propuesta-territorial-de-politicas-de-genero-municipal\/","title":{"rendered":"Tejiendo Redes: La propuesta territorial de Pol\u00edticas de G\u00e9nero municipal"},"content":{"rendered":"<p>Tejiendo Redes: La propuesta territorial de Pol\u00edticas de G\u00e9nero municipal, el Municipio de Olavarr\u00eda, a trav\u00e9s de la Direcci\u00f3n de Pol\u00edticas de G\u00e9nero de la Subsecretar\u00eda de Derechos, Igualdad y Oportunidades, desarrolla un trabajo sostenido en el territorio, en articulaci\u00f3n con las organizaciones sociales de los barrios de nuestra ciudad, para implementar acciones colectivas que transformen las realidades comunitarias.<\/p>\n<p>La propuesta \u201cTejiendo Redes\u201d consta de diversas l\u00edneas de acci\u00f3n que enlazan la promoci\u00f3n de los recursos institucionales en el abordaje de las violencias de g\u00e9neros, actividades de sensibilizaci\u00f3n e instancias de formaci\u00f3n espec\u00edficas en materia de g\u00e9nero y diversidad sexual, donde se fortalece a las personas que acompa\u00f1an a quienes atraviesan situaciones de violencias por motivos de g\u00e9nero, para que puedan posicionarse como promotoras comunitarias y tengan las herramientas conceptuales para detectar situaciones en su entorno barrial, y articular con los organismos especializados.<\/p>\n<p>Adem\u00e1s, desarrollan diversos talleres sobre tem\u00e1ticas vinculadas, abiertos a la comunidad, a demanda de instituciones estatales o civiles, que en contexto de emergencia sanitaria han adaptado a las plataformas virtuales para poder continuar con su implementaci\u00f3n; del mismo modo que los conversatorios en materia de g\u00e9neros y masculinidades, que a partir del confinamiento siguieron desarrollando permanentemente.<\/p>\n<p>Tejiendo redes, La problem\u00e1tica de las violencias por razones de g\u00e9nero comprende una gran complejidad de origen social, estructural y cultural, por lo tanto su abordaje requiere de la gesti\u00f3n de pol\u00edticas y acciones estrategias coordinadas en varios niveles que incluyan no s\u00f3lo al Estado, como organismo de implementaci\u00f3n de dichas pol\u00edticas, sino tambi\u00e9n a las diversas organizaciones que forman parte de la sociedad civil, en vistas a implementar acciones participativas que transformen las realidades territoriales comunitarias propiamente dichas.<\/p>\n<p>El Programa<\/p>\n<p>\u201cTejiendo Redes\u201d tiene como objetivos generales construir una aproximaci\u00f3n diagn\u00f3stica de la realidad territorial vinculada a g\u00e9neros y transversalizar la perspectiva de g\u00e9nero en las pr\u00e1cticas de las\/los\/les referentes territoriales comunitarias\/os\/es.<\/p>\n<p>Dentro de este programa est\u00e1n contenidos los siguientes proyectos:<\/p>\n<p>\u2013 Difusi\u00f3n de informaci\u00f3n de los dispositivos de la Direcci\u00f3n de Pol\u00edticas de G\u00e9nero.<\/p>\n<p>\u2013 Acompa\u00f1ar a quienes acompa\u00f1an.<\/p>\n<p>\u2013 Cambiando Miradas (talleres sobre Perspectiva de G\u00e9nero, Violencias de G\u00e9neros, Diversidad sexual y Masculinidades)<\/p>\n<p>\u2013 Formaci\u00f3n y Fortalecimiento de Personas Promotoras Territoriales Comunitarias en G\u00e9neros\u201d<\/p>\n<p>La directora de Pol\u00edticas de G\u00e9nero Florencia Ju\u00e1rez brind\u00f3 detalles del Programa y sus alcances: \u201cEsta propuesta del Estado Municipal se enlaza en el marco normativo local de la Ordenanza N\u00ba 4541-20 de Emergencia P\u00fablica en materia de G\u00e9nero, que tiene como objetivo acercar la oficina de la Direcci\u00f3n de Pol\u00edticas de G\u00e9nero al territorio, buscando una din\u00e1mica de atenci\u00f3n descentralizada y sistem\u00e1tica en la ciudad y localidades serranas. En la actualidad estamos trabajando en Casa Valeria, Movimiento Evita y Sierra Chica\u201d, sostuvo.<\/p>\n<p>Tambi\u00e9n destac\u00f3 la importancia de gestionar en red con las organizaciones el territorio para construir pol\u00edticas participativas: \u201cLa implementaci\u00f3n activa y permanente de Tejiendo Redes promover\u00e1 un v\u00ednculo directo con las organizaciones que trabajan en la problem\u00e1tica, como sociedades de fomento, clubes, juntas vecinales, comedores, merenderos, espacios de gesti\u00f3n cultural, entre otros, a partir de la planificaci\u00f3n de encuentros que generan una pol\u00edtica activa de escucha y vinculaci\u00f3n estrecha con todas ellas. Por eso celebramos la posibilidad de trabajar en corresponsabilidad con las organizaciones, y brindamos nuestro espacio para gestionar en red y planificar acciones participativas de acuerdo a las realidades comunitarias que atraviesa cada barrio, desde la perspectiva de sus protagonistas\u201d, concluy\u00f3 la directora.<\/p>\n<p>Por consultas o inquietudes, est\u00e1 disponible el mail institucional del Programa: tejiendoredes@olavarria.gov.ar<\/p>\n<p><a href=\"https:\/\/experienciadevida.com.ar\/portalurbano\/tejiendo-redes-la-propuesta-territorial-de-politicas-de-genero-municipal\/tejiendo\/\" rel=\"attachment wp-att-145341\"><img decoding=\"async\" class=\"alignnone size-large wp-image-145341\" src=\"https:\/\/experienciadevida.com.ar\/portalurbano\/wp-content\/uploads\/2021\/06\/Tejiendo-1024x682.jpg\" alt=\"tejiendo \" width=\"900\" height=\"599\" srcset=\"https:\/\/experienciadevida.com.ar\/portalurbano\/wp-content\/uploads\/2021\/06\/Tejiendo-1024x682.jpg 1024w, https:\/\/experienciadevida.com.ar\/portalurbano\/wp-content\/uploads\/2021\/06\/Tejiendo-300x200.jpg 300w, https:\/\/experienciadevida.com.ar\/portalurbano\/wp-content\/uploads\/2021\/06\/Tejiendo-768x512.jpg 768w, https:\/\/experienciadevida.com.ar\/portalurbano\/wp-content\/uploads\/2021\/06\/Tejiendo-1536x1024.jpg 1536w, https:\/\/experienciadevida.com.ar\/portalurbano\/wp-content\/uploads\/2021\/06\/Tejiendo.jpg 1772w\" sizes=\"(max-width: 900px) 100vw, 900px\" \/><\/a><\/p>\n<p><a href=\"https:\/\/experienciadevida.com.ar\/portalurbano\/tejiendo-redes-la-propuesta-territorial-de-politicas-de-genero-municipal\/redes\/\" rel=\"attachment wp-att-145342\"><img decoding=\"async\" class=\"alignnone size-large wp-image-145342\" src=\"https:\/\/experienciadevida.com.ar\/portalurbano\/wp-content\/uploads\/2021\/06\/redes-1024x682.jpg\" alt=\"redes \" width=\"900\" height=\"599\" srcset=\"https:\/\/experienciadevida.com.ar\/portalurbano\/wp-content\/uploads\/2021\/06\/redes-1024x682.jpg 1024w, https:\/\/experienciadevida.com.ar\/portalurbano\/wp-content\/uploads\/2021\/06\/redes-300x200.jpg 300w, https:\/\/experienciadevida.com.ar\/portalurbano\/wp-content\/uploads\/2021\/06\/redes-768x512.jpg 768w, https:\/\/experienciadevida.com.ar\/portalurbano\/wp-content\/uploads\/2021\/06\/redes-1536x1024.jpg 1536w, https:\/\/experienciadevida.com.ar\/portalurbano\/wp-content\/uploads\/2021\/06\/redes.jpg 1772w\" sizes=\"(max-width: 900px) 100vw, 900px\" \/><\/a><\/p>\n","protected":false},"excerpt":{"rendered":"<p>Tejiendo Redes: La propuesta territorial de Pol\u00edticas de G\u00e9nero municipal, el Municipio de Olavarr\u00eda, a&#8230;<\/p>\n","protected":false},"author":1,"featured_media":145338,"comment_status":"closed","ping_status":"closed","sticky":false,"template":"","format":"standard","meta":{"content-type":""},"categories":[27,64],"tags":[],"nelio_content":{"isAutoShareEnabled":false,"autoShareEndMode":"default","automationSources":{"useContentSentences":true,"useSocialTemplates":true,"useCustomSentences":false,"customSentences":[]},"followers":[1],"suggestedReferences":[],"includedReferences":[],"efiUrl":"","efiAlt":"","highlights":[]},"yoast_head":"<!-- This site is optimized with the Yoast SEO plugin v20.7 - https:\/\/yoast.com\/wordpress\/plugins\/seo\/ -->\n<title>Tejiendo redes: la propuesta territorial de pol\u00edticas de g\u00e9nero municipal<\/title>\n<meta name=\"description\" content=\"Tejiendo Redes: La propuesta territorial de Pol\u00edticas de G\u00e9nero municipal, el Municipio de Olavarr\u00eda, a trav\u00e9s de la Direcci\u00f3n de Pol\u00edticas\" \/>\n<meta name=\"robots\" content=\"index, follow, max-snippet:-1, max-image-preview:large, max-video-preview:-1\" \/>\n<link rel=\"canonical\" href=\"https:\/\/experienciadevida.com.ar\/portalurbano\/tejiendo-redes-la-propuesta-territorial-de-politicas-de-genero-municipal\/\" \/>\n<meta property=\"og:locale\" content=\"es_ES\" \/>\n<meta property=\"og:type\" content=\"article\" \/>\n<meta property=\"og:title\" content=\"Tejiendo redes: la propuesta territorial de pol\u00edticas de g\u00e9nero municipal\" \/>\n<meta property=\"og:description\" content=\"Tejiendo Redes: La propuesta territorial de Pol\u00edticas de G\u00e9nero municipal, el Municipio de Olavarr\u00eda, a trav\u00e9s de la Direcci\u00f3n de Pol\u00edticas\" \/>\n<meta property=\"og:url\" content=\"https:\/\/experienciadevida.com.ar\/portalurbano\/tejiendo-redes-la-propuesta-territorial-de-politicas-de-genero-municipal\/\" \/>\n<meta property=\"article:publisher\" content=\"https:\/\/www.facebook.com\/Portal-Urbano-171542830093757\/\" \/>\n<meta property=\"article:published_time\" content=\"2021-06-16T13:53:36+00:00\" \/>\n<meta property=\"article:modified_time\" content=\"2021-06-16T13:56:00+00:00\" \/>\n<meta property=\"og:image\" content=\"https:\/\/experienciadevida.com.ar\/portalurbano\/wp-content\/uploads\/2021\/06\/Tejiendo-redes.jpg\" \/>\n\t<meta property=\"og:image:width\" content=\"1772\" \/>\n\t<meta property=\"og:image:height\" content=\"1181\" \/>\n\t<meta property=\"og:image:type\" content=\"image\/jpeg\" \/>\n<meta name=\"author\" content=\"admpu17wp\" \/>\n<meta name=\"twitter:card\" content=\"summary_large_image\" \/>\n<meta name=\"twitter:creator\" content=\"@portalurbanook\" \/>\n<meta name=\"twitter:site\" content=\"@portalurbanook\" \/>\n<meta name=\"twitter:label1\" content=\"Escrito por\" \/>\n\t<meta name=\"twitter:data1\" content=\"admpu17wp\" \/>\n\t<meta name=\"twitter:label2\" content=\"Tiempo de lectura\" \/>\n\t<meta name=\"twitter:data2\" content=\"3 minutos\" \/>\n<script type=\"application\/ld+json\" class=\"yoast-schema-graph\">{\"@context\":\"https:\/\/schema.org\",\"@graph\":[{\"@type\":\"Article\",\"@id\":\"https:\/\/experienciadevida.com.ar\/portalurbano\/tejiendo-redes-la-propuesta-territorial-de-politicas-de-genero-municipal\/#article\",\"isPartOf\":{\"@id\":\"https:\/\/experienciadevida.com.ar\/portalurbano\/tejiendo-redes-la-propuesta-territorial-de-politicas-de-genero-municipal\/\"},\"author\":{\"name\":\"admpu17wp\",\"@id\":\"https:\/\/experienciadevida.com.ar\/portalurbano\/#\/schema\/person\/02dd326b1c4b056e9cc972486934a3a7\"},\"headline\":\"Tejiendo Redes: La propuesta territorial de Pol\u00edticas de G\u00e9nero municipal\",\"datePublished\":\"2021-06-16T13:53:36+00:00\",\"dateModified\":\"2021-06-16T13:56:00+00:00\",\"mainEntityOfPage\":{\"@id\":\"https:\/\/experienciadevida.com.ar\/portalurbano\/tejiendo-redes-la-propuesta-territorial-de-politicas-de-genero-municipal\/\"},\"wordCount\":658,\"publisher\":{\"@id\":\"https:\/\/experienciadevida.com.ar\/portalurbano\/#organization\"},\"articleSection\":[\"Ciudad\",\"Destacadas 2\"],\"inLanguage\":\"es\"},{\"@type\":\"WebPage\",\"@id\":\"https:\/\/experienciadevida.com.ar\/portalurbano\/tejiendo-redes-la-propuesta-territorial-de-politicas-de-genero-municipal\/\",\"url\":\"https:\/\/experienciadevida.com.ar\/portalurbano\/tejiendo-redes-la-propuesta-territorial-de-politicas-de-genero-municipal\/\",\"name\":\"Tejiendo redes: la propuesta territorial de pol\u00edticas de g\u00e9nero municipal\",\"isPartOf\":{\"@id\":\"https:\/\/experienciadevida.com.ar\/portalurbano\/#website\"},\"datePublished\":\"2021-06-16T13:53:36+00:00\",\"dateModified\":\"2021-06-16T13:56:00+00:00\",\"description\":\"Tejiendo Redes: La propuesta territorial de Pol\u00edticas de G\u00e9nero municipal, el Municipio de Olavarr\u00eda, a trav\u00e9s de la Direcci\u00f3n de Pol\u00edticas\",\"breadcrumb\":{\"@id\":\"https:\/\/experienciadevida.com.ar\/portalurbano\/tejiendo-redes-la-propuesta-territorial-de-politicas-de-genero-municipal\/#breadcrumb\"},\"inLanguage\":\"es\",\"potentialAction\":[{\"@type\":\"ReadAction\",\"target\":[\"https:\/\/experienciadevida.com.ar\/portalurbano\/tejiendo-redes-la-propuesta-territorial-de-politicas-de-genero-municipal\/\"]}]},{\"@type\":\"BreadcrumbList\",\"@id\":\"https:\/\/experienciadevida.com.ar\/portalurbano\/tejiendo-redes-la-propuesta-territorial-de-politicas-de-genero-municipal\/#breadcrumb\",\"itemListElement\":[{\"@type\":\"ListItem\",\"position\":1,\"name\":\"Portada\",\"item\":\"https:\/\/experienciadevida.com.ar\/portalurbano\/\"},{\"@type\":\"ListItem\",\"position\":2,\"name\":\"Tejiendo Redes: La propuesta territorial de Pol\u00edticas de G\u00e9nero municipal\"}]},{\"@type\":\"WebSite\",\"@id\":\"https:\/\/experienciadevida.com.ar\/portalurbano\/#website\",\"url\":\"https:\/\/experienciadevida.com.ar\/portalurbano\/\",\"name\":\"\",\"description\":\"\",\"publisher\":{\"@id\":\"https:\/\/experienciadevida.com.ar\/portalurbano\/#organization\"},\"potentialAction\":[{\"@type\":\"SearchAction\",\"target\":{\"@type\":\"EntryPoint\",\"urlTemplate\":\"https:\/\/experienciadevida.com.ar\/portalurbano\/?s={search_term_string}\"},\"query-input\":\"required name=search_term_string\"}],\"inLanguage\":\"es\"},{\"@type\":\"Organization\",\"@id\":\"https:\/\/experienciadevida.com.ar\/portalurbano\/#organization\",\"name\":\"Portal Urbano\",\"url\":\"https:\/\/experienciadevida.com.ar\/portalurbano\/\",\"logo\":{\"@type\":\"ImageObject\",\"inLanguage\":\"es\",\"@id\":\"https:\/\/experienciadevida.com.ar\/portalurbano\/#\/schema\/logo\/image\/\",\"url\":\"https:\/\/experienciadevida.com.ar\/portalurbano\/wp-content\/uploads\/2019\/09\/Logo-Original.png\",\"contentUrl\":\"https:\/\/experienciadevida.com.ar\/portalurbano\/wp-content\/uploads\/2019\/09\/Logo-Original.png\",\"width\":2236,\"height\":1216,\"caption\":\"Portal Urbano\"},\"image\":{\"@id\":\"https:\/\/experienciadevida.com.ar\/portalurbano\/#\/schema\/logo\/image\/\"},\"sameAs\":[\"https:\/\/www.facebook.com\/Portal-Urbano-171542830093757\/\",\"https:\/\/twitter.com\/portalurbanook\",\"https:\/\/www.instagram.com\/_portalurbano\/\",\"https:\/\/www.youtube.com\/channel\/UCXhagIfszH8KxFiOok79zbA?view_as=subscriber\"]},{\"@type\":\"Person\",\"@id\":\"https:\/\/experienciadevida.com.ar\/portalurbano\/#\/schema\/person\/02dd326b1c4b056e9cc972486934a3a7\",\"name\":\"admpu17wp\",\"image\":{\"@type\":\"ImageObject\",\"inLanguage\":\"es\",\"@id\":\"https:\/\/experienciadevida.com.ar\/portalurbano\/#\/schema\/person\/image\/\",\"url\":\"https:\/\/secure.gravatar.com\/avatar\/830d4c57adaae6630765e449a6908047?s=96&d=mm&r=g\",\"contentUrl\":\"https:\/\/secure.gravatar.com\/avatar\/830d4c57adaae6630765e449a6908047?s=96&d=mm&r=g\",\"caption\":\"admpu17wp\"}}]}<\/script>\n<!-- \/ Yoast SEO plugin. -->","yoast_head_json":{"title":"Tejiendo redes: la propuesta territorial de pol\u00edticas de g\u00e9nero municipal","description":"Tejiendo Redes: La propuesta territorial de Pol\u00edticas de G\u00e9nero municipal, el Municipio de Olavarr\u00eda, a trav\u00e9s de la Direcci\u00f3n de Pol\u00edticas","robots":{"index":"index","follow":"follow","max-snippet":"max-snippet:-1","max-image-preview":"max-image-preview:large","max-video-preview":"max-video-preview:-1"},"canonical":"https:\/\/experienciadevida.com.ar\/portalurbano\/tejiendo-redes-la-propuesta-territorial-de-politicas-de-genero-municipal\/","og_locale":"es_ES","og_type":"article","og_title":"Tejiendo redes: la propuesta territorial de pol\u00edticas de g\u00e9nero municipal","og_description":"Tejiendo Redes: La propuesta territorial de Pol\u00edticas de G\u00e9nero municipal, el Municipio de Olavarr\u00eda, a trav\u00e9s de la Direcci\u00f3n de Pol\u00edticas","og_url":"https:\/\/experienciadevida.com.ar\/portalurbano\/tejiendo-redes-la-propuesta-territorial-de-politicas-de-genero-municipal\/","article_publisher":"https:\/\/www.facebook.com\/Portal-Urbano-171542830093757\/","article_published_time":"2021-06-16T13:53:36+00:00","article_modified_time":"2021-06-16T13:56:00+00:00","og_image":[{"width":1772,"height":1181,"url":"https:\/\/experienciadevida.com.ar\/portalurbano\/wp-content\/uploads\/2021\/06\/Tejiendo-redes.jpg","type":"image\/jpeg"}],"author":"admpu17wp","twitter_card":"summary_large_image","twitter_creator":"@portalurbanook","twitter_site":"@portalurbanook","twitter_misc":{"Escrito por":"admpu17wp","Tiempo de lectura":"3 minutos"},"schema":{"@context":"https:\/\/schema.org","@graph":[{"@type":"Article","@id":"https:\/\/experienciadevida.com.ar\/portalurbano\/tejiendo-redes-la-propuesta-territorial-de-politicas-de-genero-municipal\/#article","isPartOf":{"@id":"https:\/\/experienciadevida.com.ar\/portalurbano\/tejiendo-redes-la-propuesta-territorial-de-politicas-de-genero-municipal\/"},"author":{"name":"admpu17wp","@id":"https:\/\/experienciadevida.com.ar\/portalurbano\/#\/schema\/person\/02dd326b1c4b056e9cc972486934a3a7"},"headline":"Tejiendo Redes: La propuesta territorial de Pol\u00edticas de G\u00e9nero municipal","datePublished":"2021-06-16T13:53:36+00:00","dateModified":"2021-06-16T13:56:00+00:00","mainEntityOfPage":{"@id":"https:\/\/experienciadevida.com.ar\/portalurbano\/tejiendo-redes-la-propuesta-territorial-de-politicas-de-genero-municipal\/"},"wordCount":658,"publisher":{"@id":"https:\/\/experienciadevida.com.ar\/portalurbano\/#organization"},"articleSection":["Ciudad","Destacadas 2"],"inLanguage":"es"},{"@type":"WebPage","@id":"https:\/\/experienciadevida.com.ar\/portalurbano\/tejiendo-redes-la-propuesta-territorial-de-politicas-de-genero-municipal\/","url":"https:\/\/experienciadevida.com.ar\/portalurbano\/tejiendo-redes-la-propuesta-territorial-de-politicas-de-genero-municipal\/","name":"Tejiendo redes: la propuesta territorial de pol\u00edticas de g\u00e9nero municipal","isPartOf":{"@id":"https:\/\/experienciadevida.com.ar\/portalurbano\/#website"},"datePublished":"2021-06-16T13:53:36+00:00","dateModified":"2021-06-16T13:56:00+00:00","description":"Tejiendo Redes: La propuesta territorial de Pol\u00edticas de G\u00e9nero municipal, el Municipio de Olavarr\u00eda, a trav\u00e9s de la Direcci\u00f3n de Pol\u00edticas","breadcrumb":{"@id":"https:\/\/experienciadevida.com.ar\/portalurbano\/tejiendo-redes-la-propuesta-territorial-de-politicas-de-genero-municipal\/#breadcrumb"},"inLanguage":"es","potentialAction":[{"@type":"ReadAction","target":["https:\/\/experienciadevida.com.ar\/portalurbano\/tejiendo-redes-la-propuesta-territorial-de-politicas-de-genero-municipal\/"]}]},{"@type":"BreadcrumbList","@id":"https:\/\/experienciadevida.com.ar\/portalurbano\/tejiendo-redes-la-propuesta-territorial-de-politicas-de-genero-municipal\/#breadcrumb","itemListElement":[{"@type":"ListItem","position":1,"name":"Portada","item":"https:\/\/experienciadevida.com.ar\/portalurbano\/"},{"@type":"ListItem","position":2,"name":"Tejiendo Redes: La propuesta territorial de Pol\u00edticas de G\u00e9nero municipal"}]},{"@type":"WebSite","@id":"https:\/\/experienciadevida.com.ar\/portalurbano\/#website","url":"https:\/\/experienciadevida.com.ar\/portalurbano\/","name":"","description":"","publisher":{"@id":"https:\/\/experienciadevida.com.ar\/portalurbano\/#organization"},"potentialAction":[{"@type":"SearchAction","target":{"@type":"EntryPoint","urlTemplate":"https:\/\/experienciadevida.com.ar\/portalurbano\/?s={search_term_string}"},"query-input":"required name=search_term_string"}],"inLanguage":"es"},{"@type":"Organization","@id":"https:\/\/experienciadevida.com.ar\/portalurbano\/#organization","name":"Portal Urbano","url":"https:\/\/experienciadevida.com.ar\/portalurbano\/","logo":{"@type":"ImageObject","inLanguage":"es","@id":"https:\/\/experienciadevida.com.ar\/portalurbano\/#\/schema\/logo\/image\/","url":"https:\/\/experienciadevida.com.ar\/portalurbano\/wp-content\/uploads\/2019\/09\/Logo-Original.png","contentUrl":"https:\/\/experienciadevida.com.ar\/portalurbano\/wp-content\/uploads\/2019\/09\/Logo-Original.png","width":2236,"height":1216,"caption":"Portal Urbano"},"image":{"@id":"https:\/\/experienciadevida.com.ar\/portalurbano\/#\/schema\/logo\/image\/"},"sameAs":["https:\/\/www.facebook.com\/Portal-Urbano-171542830093757\/","https:\/\/twitter.com\/portalurbanook","https:\/\/www.instagram.com\/_portalurbano\/","https:\/\/www.youtube.com\/channel\/UCXhagIfszH8KxFiOok79zbA?view_as=subscriber"]},{"@type":"Person","@id":"https:\/\/experienciadevida.com.ar\/portalurbano\/#\/schema\/person\/02dd326b1c4b056e9cc972486934a3a7","name":"admpu17wp","image":{"@type":"ImageObject","inLanguage":"es","@id":"https:\/\/experienciadevida.com.ar\/portalurbano\/#\/schema\/person\/image\/","url":"https:\/\/secure.gravatar.com\/avatar\/830d4c57adaae6630765e449a6908047?s=96&d=mm&r=g","contentUrl":"https:\/\/secure.gravatar.com\/avatar\/830d4c57adaae6630765e449a6908047?s=96&d=mm&r=g","caption":"admpu17wp"}}]}},"featured_image_urls":{"full":["https:\/\/experienciadevida.com.ar\/portalurbano\/wp-content\/uploads\/2021\/06\/Tejiendo-redes.jpg",1772,1181,false],"thumbnail":["https:\/\/experienciadevida.com.ar\/portalurbano\/wp-content\/uploads\/2021\/06\/Tejiendo-redes-150x150.jpg",150,150,true],"medium":["https:\/\/experienciadevida.com.ar\/portalurbano\/wp-content\/uploads\/2021\/06\/Tejiendo-redes-300x200.jpg",300,200,true],"medium_large":["https:\/\/experienciadevida.com.ar\/portalurbano\/wp-content\/uploads\/2021\/06\/Tejiendo-redes-768x512.jpg",640,427,true],"large":["https:\/\/experienciadevida.com.ar\/portalurbano\/wp-content\/uploads\/2021\/06\/Tejiendo-redes-1024x682.jpg",640,426,true],"ug_big":["https:\/\/experienciadevida.com.ar\/portalurbano\/wp-content\/uploads\/2021\/06\/Tejiendo-redes-768x512.jpg",768,512,true],"1536x1536":["https:\/\/experienciadevida.com.ar\/portalurbano\/wp-content\/uploads\/2021\/06\/Tejiendo-redes-1536x1024.jpg",1536,1024,true],"2048x2048":["https:\/\/experienciadevida.com.ar\/portalurbano\/wp-content\/uploads\/2021\/06\/Tejiendo-redes.jpg",1772,1181,false],"newsever-slider-full":["https:\/\/experienciadevida.com.ar\/portalurbano\/wp-content\/uploads\/2021\/06\/Tejiendo-redes.jpg",1268,845,false],"newsever-featured":["https:\/\/experienciadevida.com.ar\/portalurbano\/wp-content\/uploads\/2021\/06\/Tejiendo-redes.jpg",1024,682,false],"newsever-medium":["https:\/\/experienciadevida.com.ar\/portalurbano\/wp-content\/uploads\/2021\/06\/Tejiendo-redes.jpg",713,475,false],"web-stories-poster-portrait":["https:\/\/experienciadevida.com.ar\/portalurbano\/wp-content\/uploads\/2021\/06\/Tejiendo-redes.jpg",640,427,false],"web-stories-publisher-logo":["https:\/\/experienciadevida.com.ar\/portalurbano\/wp-content\/uploads\/2021\/06\/Tejiendo-redes.jpg",96,64,false],"web-stories-thumbnail":["https:\/\/experienciadevida.com.ar\/portalurbano\/wp-content\/uploads\/2021\/06\/Tejiendo-redes.jpg",150,100,false]},"author_info":{"display_name":"admpu17wp","author_link":"https:\/\/experienciadevida.com.ar\/portalurbano\/author\/admpu17wp\/"},"category_info":"<a href=\"https:\/\/experienciadevida.com.ar\/portalurbano\/category\/ciudad\/\" rel=\"category tag\">Ciudad<\/a> <a href=\"https:\/\/experienciadevida.com.ar\/portalurbano\/category\/destacadas-2\/\" rel=\"category tag\">Destacadas 2<\/a>","tag_info":"Destacadas 2","comment_count":"0","amp_enabled":true,"_links":{"self":[{"href":"https:\/\/experienciadevida.com.ar\/portalurbano\/wp-json\/wp\/v2\/posts\/145337"}],"collection":[{"href":"https:\/\/experienciadevida.com.ar\/portalurbano\/wp-json\/wp\/v2\/posts"}],"about":[{"href":"https:\/\/experienciadevida.com.ar\/portalurbano\/wp-json\/wp\/v2\/types\/post"}],"author":[{"embeddable":true,"href":"https:\/\/experienciadevida.com.ar\/portalurbano\/wp-json\/wp\/v2\/users\/1"}],"replies":[{"embeddable":true,"href":"https:\/\/experienciadevida.com.ar\/portalurbano\/wp-json\/wp\/v2\/comments?post=145337"}],"version-history":[{"count":3,"href":"https:\/\/experienciadevida.com.ar\/portalurbano\/wp-json\/wp\/v2\/posts\/145337\/revisions"}],"predecessor-version":[{"id":145340,"href":"https:\/\/experienciadevida.com.ar\/portalurbano\/wp-json\/wp\/v2\/posts\/145337\/revisions\/145340"}],"wp:featuredmedia":[{"embeddable":true,"href":"https:\/\/experienciadevida.com.ar\/portalurbano\/wp-json\/wp\/v2\/media\/145338"}],"wp:attachment":[{"href":"https:\/\/experienciadevida.com.ar\/portalurbano\/wp-json\/wp\/v2\/media?parent=145337"}],"wp:term":[{"taxonomy":"category","embeddable":true,"href":"https:\/\/experienciadevida.com.ar\/portalurbano\/wp-json\/wp\/v2\/categories?post=145337"},{"taxonomy":"post_tag","embeddable":true,"href":"https:\/\/experienciadevida.com.ar\/portalurbano\/wp-json\/wp\/v2\/tags?post=145337"}],"curies":[{"name":"wp","href":"https:\/\/api.w.org\/{rel}","templated":true}]}}