{"id":145327,"date":"2021-06-16T09:49:48","date_gmt":"2021-06-16T12:49:48","guid":{"rendered":"https:\/\/experienciadevida.com.ar\/portalurbano\/?p=145327"},"modified":"2021-06-16T10:24:59","modified_gmt":"2021-06-16T13:24:59","slug":"en-que-fase-quedo-ubicado-cada-municipio-y-cuales-son-las-actividades-permitidas","status":"publish","type":"post","link":"https:\/\/experienciadevida.com.ar\/portalurbano\/en-que-fase-quedo-ubicado-cada-municipio-y-cuales-son-las-actividades-permitidas\/","title":{"rendered":"\u00bfEn qu\u00e9 fase qued\u00f3 ubicado cada municipio y cu\u00e1les son las actividades permitidas?"},"content":{"rendered":"<p>\u00bfEn qu\u00e9 fase qued\u00f3 ubicado cada municipio y cu\u00e1les son las actividades permitidas?, un total de\u00a0 70 municipios se encuentran en la fase 2 de mayores restricciones; los dem\u00e1s retoman clases presenciales.<\/p>\n<p>Un total de 70 distritos de la provincia de Buenos Aires se encuentran en Fase 2, con mayores restricciones, en tanto que 60 municipios que se ubican en Fase 3 y 5 en Fase 4, seg\u00fan se oficializ\u00f3 este mi\u00e9rcoles en el Bolet\u00edn Oficial del distrito.<\/p>\n<p>El sistema de fases, que en la provincia rige desde hace un a\u00f1o, fue adaptado semanas atr\u00e1s al sem\u00e1foro epidemiol\u00f3gico dispuesto por el Gobierno nacional para la gesti\u00f3n de la pandemia.<\/p>\n<p>As\u00ed, la fase 2 es equivalente a la de \u201calarma epidemiol\u00f3gica\u201d; la fase 3 a la de \u201calto riesgo epidemiol\u00f3gico\u201d y la fase 4 a la de \u201cmedio riesgo epidemiol\u00f3gico\u201d. Actualmente no hay ning\u00fan municipio en fase 5, de \u201cbajo riesgo epidemiol\u00f3gico\u201d.<\/p>\n<p>Las comunas que se encuentran en fase 3 y 4 tienen permitido, entre otras varias actividades, el dictado de clases presenciales; mientras que en las comunas en fase 2 rige la escolaridad virtual.<\/p>\n<p>Actualmente, la regi\u00f3n del AMBA se encuentra en fase 3 (por tener menos de 500 casos por cada 100 mil habitantes en los \u00faltimos 14 d\u00edas) y las comunas en fase de mayores restricciones se encuentran en el interior.<\/p>\n<p>\u00bfEn qu\u00e9 fase qued\u00f3 ubicado cada municipio y cu\u00e1les son las actividades permitidas? los distritos que se encuentran en Fase 4 o de \u201cRiesgo Epidemiol\u00f3gico y Sanitario Medio\u201d son Benito Ju\u00e1rez, Olavarr\u00eda, Tordillo, Tres Lomas y Villarino.<\/p>\n<p>En tanto, en Fase 3, de \u201cAlto Riesgo Epidemiol\u00f3gico y Sanitario\u201d se encuentran Adolfo Gonzales Chaves, Almirante Brown, Arrecifes, Avellaneda, Bardero, Berazategui, Berisso, Brandsen, Campana, Ca\u00f1uelas, Carmen de Areco, Castelli, Col\u00f3n, Coronel Rosales, Coronel Pringles y Daireaux.<\/p>\n<p>Tambi\u00e9n, Dolores, Ensenada, Escobar, Esteban Echeverr\u00eda, Exaltaci\u00f3n de la Cruz, Ezeiza, Florencio Varela, General Las Heras, General Rodr\u00edguez, General San Mart\u00edn, General Villegas, Guamin\u00ed, Hurlingham, Ituzaing\u00f3, Jos\u00e9 C. Paz, La Matanza, La Plata y Lan\u00fas, Laprida, Las Flores y Lezama.<\/p>\n<p>A la vez, est\u00e1n en Fase 3 Lomas de Zamora, Luj\u00e1n, Malvinas Argentinas, Marcos Paz, Merlo, Moreno, Mor\u00f3n, Pila, Pilar, Presidente Per\u00f3n, Quilmes, Rojas, Salto, San Cayetano. San Fernando, San Isidro, San Miguel, San Vicente, Tigre, Tres Arroyos, Tres de Febrero, Vicente L\u00f3pez, Villa Gesell y Z\u00e1rate.<\/p>\n<p>Los distritos con m\u00e1s restricciones<\/p>\n<p>En la Fase 2, de \u201cSituaci\u00f3n de Alarma Epidemiol\u00f3gica y Sanitaria\u201d, se encuentran: 25 de Mayo, 9 de Julio, Adolfo Alsina, Alberti, Ayacucho, Azul, Bah\u00eda Blanca, Balcarce, Bol\u00edvar, Bragado, Capit\u00e1n Sarmiento, Carlos Casares, Carlos Tejedor, Chacabuco, Chascom\u00fas y Chivilcoy.<\/p>\n<p>Del mismo modo, Coronel Dorrego, Coronel Su\u00e1rez, Florentino Ameghino, General Alvarado, General Alvear, General Arenales, General Belgrano, General Guido, General Madariaga, General Lamadrid, General Lavalle, General Paz, General Pinto, General Pueyrred\u00f3n, General Viamonte, Hip\u00f3lito Yrigoyen, Jun\u00edn, La Costa, Leandro N. Alem y Lincoln.<\/p>\n<p>En esa instancia se encuentran Lober\u00eda, Lobos, Magdalena, Maip\u00fa, Mar Chiquita, Mercedes, Monte, Monte Hermoso, Navarro, Necochea, Patagones, Pehuaj\u00f3, Pellegrini, Pergamino, Pinamar, Puan y Punta Indio.<\/p>\n<p>Otros municipios que tambi\u00e9n est\u00e1n en Fase 2 son: Ramallo, Rauch, Rivadavia, Roque P\u00e9rez, Saavedra, Saladillo, Salliquel\u00f3 San Andr\u00e9s de Giles, San Antonio de Areco, San Nicol\u00e1s, San Pedro, Suipacha, Tandil, Tapalqu\u00e9, Tornquist y Trenque Lauquen.<\/p>\n<p>\u00bfEn qu\u00e9 fase qued\u00f3 ubicado cada municipio y cu\u00e1les son las actividades permitidas? \u00bfQu\u00e9 se puede hacer y qu\u00e9 no en cada fase?<\/p>\n<p>Fase 2<\/p>\n<p>La restricci\u00f3n de circulaci\u00f3n es entre las 20 horas y las 6. Los comercios no esenciales deben cerrar a las 19.<\/p>\n<p>Los negocios gastron\u00f3micos pueden atender al aire libre y a partir de las 19 tienen permitido funcionar solo por env\u00edo a domicilio o retiro en el local.<\/p>\n<p>Sin reuniones sociales en domicilios.<\/p>\n<p>Suspensi\u00f3n de centros comerciales, shoppings, clubes, casinos y salones de fiesta.<\/p>\n<p>Las actividades recreativas, culturales y los deportes sin contacto est\u00e1n permitidos al aire libre con un l\u00edmite de 10 personas. Las celebraciones religiosas, tambi\u00e9n al aire libre, tienen un l\u00edmite de 20.<\/p>\n<p>Las clases son virtuales. Presencialidad solo para la educaci\u00f3n especial.<\/p>\n<p>Fase 3<\/p>\n<p>La restricci\u00f3n de circulaci\u00f3n es a partir de la medianoche.<\/p>\n<p>Los locales gastron\u00f3micos pueden funcionar desde las 6 hasta las 23 horas al aire libre e interior con aforo del 30%. Despu\u00e9s de las 23, solo env\u00edos o retiro en el comercio.<\/p>\n<p>Sin reuniones sociales en domicilios.<\/p>\n<p>Las actividades culturales, religiosas, recreativas y deportivas solamente se pueden desarrollar al aire libre. Las reuniones sociales en espacios p\u00fablicos tienen un l\u00edmite de 10 personas.<\/p>\n<p>Suspensi\u00f3n de casinos, bingos y salones de fiesta.<\/p>\n<p>Clases presenciales para los niveles inicial, primario y secundario.<\/p>\n<p>Fase 4<\/p>\n<p>La restricci\u00f3n de circulaci\u00f3n es a partir de la medianoche. Tambi\u00e9n para los comercios no esenciales.<\/p>\n<p>Los locales gastron\u00f3micos pueden funcionar desde las 6 hasta las 00 horas al aire libre e interior con aforo del 50%. Despu\u00e9s de las 00, solo env\u00edos o retiro en el comercio.<\/p>\n<p>Las reuniones sociales en domicilios tienen un l\u00edmite de 10 personas.<\/p>\n<p>Suspensi\u00f3n de viajes grupales.<\/p>\n<p>Transporte p\u00fablico solo para esenciales y para la comunidad educativa.<\/p>\n<p>Clases presenciales para todos los niveles.<\/p>\n<p>Fuente: DIB<\/p>\n","protected":false},"excerpt":{"rendered":"<p>\u00bfEn qu\u00e9 fase qued\u00f3 ubicado cada municipio y cu\u00e1les son las actividades permitidas?, un total&#8230;<\/p>\n","protected":false},"author":1,"featured_media":145328,"comment_status":"closed","ping_status":"closed","sticky":false,"template":"","format":"standard","meta":{"content-type":""},"categories":[64,44],"tags":[],"nelio_content":{"isAutoShareEnabled":false,"autoShareEndMode":"default","automationSources":{"useContentSentences":true,"useSocialTemplates":true,"useCustomSentences":false,"customSentences":[]},"followers":[1],"suggestedReferences":[],"includedReferences":[],"efiUrl":"","efiAlt":"","highlights":[]},"yoast_head":"<!-- This site is optimized with the Yoast SEO plugin v20.7 - https:\/\/yoast.com\/wordpress\/plugins\/seo\/ -->\n<title>\u00bfEn qu\u00e9 fase qued\u00f3 ubicado cada Municipio y cu\u00e1les son las actividades?<\/title>\n<meta name=\"description\" content=\"\u00bfEn qu\u00e9 fase qued\u00f3 ubicado cada municipio y cu\u00e1les son las actividades permitidas?, un total de\u00a0 70 municipios se encuentran en la fase 2\" \/>\n<meta name=\"robots\" content=\"index, follow, max-snippet:-1, max-image-preview:large, max-video-preview:-1\" \/>\n<link rel=\"canonical\" href=\"https:\/\/experienciadevida.com.ar\/portalurbano\/en-que-fase-quedo-ubicado-cada-municipio-y-cuales-son-las-actividades-permitidas\/\" \/>\n<meta property=\"og:locale\" content=\"es_ES\" \/>\n<meta property=\"og:type\" content=\"article\" \/>\n<meta property=\"og:title\" content=\"\u00bfEn qu\u00e9 fase qued\u00f3 ubicado cada Municipio y cu\u00e1les son las actividades?\" \/>\n<meta property=\"og:description\" content=\"\u00bfEn qu\u00e9 fase qued\u00f3 ubicado cada municipio y cu\u00e1les son las actividades permitidas?, un total de\u00a0 70 municipios se encuentran en la fase 2\" \/>\n<meta property=\"og:url\" content=\"https:\/\/experienciadevida.com.ar\/portalurbano\/en-que-fase-quedo-ubicado-cada-municipio-y-cuales-son-las-actividades-permitidas\/\" \/>\n<meta property=\"article:publisher\" content=\"https:\/\/www.facebook.com\/Portal-Urbano-171542830093757\/\" \/>\n<meta property=\"article:published_time\" content=\"2021-06-16T12:49:48+00:00\" \/>\n<meta property=\"article:modified_time\" content=\"2021-06-16T13:24:59+00:00\" \/>\n<meta property=\"og:image\" content=\"https:\/\/experienciadevida.com.ar\/portalurbano\/wp-content\/uploads\/2021\/06\/En-que-fase-quedo-ubicado.jpg\" \/>\n\t<meta property=\"og:image:width\" content=\"800\" \/>\n\t<meta property=\"og:image:height\" content=\"600\" \/>\n\t<meta property=\"og:image:type\" content=\"image\/jpeg\" \/>\n<meta name=\"author\" content=\"admpu17wp\" \/>\n<meta name=\"twitter:card\" content=\"summary_large_image\" \/>\n<meta name=\"twitter:creator\" content=\"@portalurbanook\" \/>\n<meta name=\"twitter:site\" content=\"@portalurbanook\" \/>\n<meta name=\"twitter:label1\" content=\"Escrito por\" \/>\n\t<meta name=\"twitter:data1\" content=\"admpu17wp\" \/>\n\t<meta name=\"twitter:label2\" content=\"Tiempo de lectura\" \/>\n\t<meta name=\"twitter:data2\" content=\"4 minutos\" \/>\n<script type=\"application\/ld+json\" class=\"yoast-schema-graph\">{\"@context\":\"https:\/\/schema.org\",\"@graph\":[{\"@type\":\"Article\",\"@id\":\"https:\/\/experienciadevida.com.ar\/portalurbano\/en-que-fase-quedo-ubicado-cada-municipio-y-cuales-son-las-actividades-permitidas\/#article\",\"isPartOf\":{\"@id\":\"https:\/\/experienciadevida.com.ar\/portalurbano\/en-que-fase-quedo-ubicado-cada-municipio-y-cuales-son-las-actividades-permitidas\/\"},\"author\":{\"name\":\"admpu17wp\",\"@id\":\"https:\/\/experienciadevida.com.ar\/portalurbano\/#\/schema\/person\/02dd326b1c4b056e9cc972486934a3a7\"},\"headline\":\"\u00bfEn qu\u00e9 fase qued\u00f3 ubicado cada municipio y cu\u00e1les son las actividades permitidas?\",\"datePublished\":\"2021-06-16T12:49:48+00:00\",\"dateModified\":\"2021-06-16T13:24:59+00:00\",\"mainEntityOfPage\":{\"@id\":\"https:\/\/experienciadevida.com.ar\/portalurbano\/en-que-fase-quedo-ubicado-cada-municipio-y-cuales-son-las-actividades-permitidas\/\"},\"wordCount\":889,\"publisher\":{\"@id\":\"https:\/\/experienciadevida.com.ar\/portalurbano\/#organization\"},\"articleSection\":[\"Destacadas 2\",\"Provincia\"],\"inLanguage\":\"es\"},{\"@type\":\"WebPage\",\"@id\":\"https:\/\/experienciadevida.com.ar\/portalurbano\/en-que-fase-quedo-ubicado-cada-municipio-y-cuales-son-las-actividades-permitidas\/\",\"url\":\"https:\/\/experienciadevida.com.ar\/portalurbano\/en-que-fase-quedo-ubicado-cada-municipio-y-cuales-son-las-actividades-permitidas\/\",\"name\":\"\u00bfEn qu\u00e9 fase qued\u00f3 ubicado cada Municipio y cu\u00e1les son las actividades?\",\"isPartOf\":{\"@id\":\"https:\/\/experienciadevida.com.ar\/portalurbano\/#website\"},\"datePublished\":\"2021-06-16T12:49:48+00:00\",\"dateModified\":\"2021-06-16T13:24:59+00:00\",\"description\":\"\u00bfEn qu\u00e9 fase qued\u00f3 ubicado cada municipio y cu\u00e1les son las actividades permitidas?, un total de\u00a0 70 municipios se encuentran en la fase 2\",\"breadcrumb\":{\"@id\":\"https:\/\/experienciadevida.com.ar\/portalurbano\/en-que-fase-quedo-ubicado-cada-municipio-y-cuales-son-las-actividades-permitidas\/#breadcrumb\"},\"inLanguage\":\"es\",\"potentialAction\":[{\"@type\":\"ReadAction\",\"target\":[\"https:\/\/experienciadevida.com.ar\/portalurbano\/en-que-fase-quedo-ubicado-cada-municipio-y-cuales-son-las-actividades-permitidas\/\"]}]},{\"@type\":\"BreadcrumbList\",\"@id\":\"https:\/\/experienciadevida.com.ar\/portalurbano\/en-que-fase-quedo-ubicado-cada-municipio-y-cuales-son-las-actividades-permitidas\/#breadcrumb\",\"itemListElement\":[{\"@type\":\"ListItem\",\"position\":1,\"name\":\"Portada\",\"item\":\"https:\/\/experienciadevida.com.ar\/portalurbano\/\"},{\"@type\":\"ListItem\",\"position\":2,\"name\":\"\u00bfEn qu\u00e9 fase qued\u00f3 ubicado cada municipio y cu\u00e1les son las actividades permitidas?\"}]},{\"@type\":\"WebSite\",\"@id\":\"https:\/\/experienciadevida.com.ar\/portalurbano\/#website\",\"url\":\"https:\/\/experienciadevida.com.ar\/portalurbano\/\",\"name\":\"\",\"description\":\"\",\"publisher\":{\"@id\":\"https:\/\/experienciadevida.com.ar\/portalurbano\/#organization\"},\"potentialAction\":[{\"@type\":\"SearchAction\",\"target\":{\"@type\":\"EntryPoint\",\"urlTemplate\":\"https:\/\/experienciadevida.com.ar\/portalurbano\/?s={search_term_string}\"},\"query-input\":\"required name=search_term_string\"}],\"inLanguage\":\"es\"},{\"@type\":\"Organization\",\"@id\":\"https:\/\/experienciadevida.com.ar\/portalurbano\/#organization\",\"name\":\"Portal Urbano\",\"url\":\"https:\/\/experienciadevida.com.ar\/portalurbano\/\",\"logo\":{\"@type\":\"ImageObject\",\"inLanguage\":\"es\",\"@id\":\"https:\/\/experienciadevida.com.ar\/portalurbano\/#\/schema\/logo\/image\/\",\"url\":\"https:\/\/experienciadevida.com.ar\/portalurbano\/wp-content\/uploads\/2019\/09\/Logo-Original.png\",\"contentUrl\":\"https:\/\/experienciadevida.com.ar\/portalurbano\/wp-content\/uploads\/2019\/09\/Logo-Original.png\",\"width\":2236,\"height\":1216,\"caption\":\"Portal Urbano\"},\"image\":{\"@id\":\"https:\/\/experienciadevida.com.ar\/portalurbano\/#\/schema\/logo\/image\/\"},\"sameAs\":[\"https:\/\/www.facebook.com\/Portal-Urbano-171542830093757\/\",\"https:\/\/twitter.com\/portalurbanook\",\"https:\/\/www.instagram.com\/_portalurbano\/\",\"https:\/\/www.youtube.com\/channel\/UCXhagIfszH8KxFiOok79zbA?view_as=subscriber\"]},{\"@type\":\"Person\",\"@id\":\"https:\/\/experienciadevida.com.ar\/portalurbano\/#\/schema\/person\/02dd326b1c4b056e9cc972486934a3a7\",\"name\":\"admpu17wp\",\"image\":{\"@type\":\"ImageObject\",\"inLanguage\":\"es\",\"@id\":\"https:\/\/experienciadevida.com.ar\/portalurbano\/#\/schema\/person\/image\/\",\"url\":\"https:\/\/secure.gravatar.com\/avatar\/830d4c57adaae6630765e449a6908047?s=96&d=mm&r=g\",\"contentUrl\":\"https:\/\/secure.gravatar.com\/avatar\/830d4c57adaae6630765e449a6908047?s=96&d=mm&r=g\",\"caption\":\"admpu17wp\"}}]}<\/script>\n<!-- \/ Yoast SEO plugin. -->","yoast_head_json":{"title":"\u00bfEn qu\u00e9 fase qued\u00f3 ubicado cada Municipio y cu\u00e1les son las actividades?","description":"\u00bfEn qu\u00e9 fase qued\u00f3 ubicado cada municipio y cu\u00e1les son las actividades permitidas?, un total de\u00a0 70 municipios se encuentran en la fase 2","robots":{"index":"index","follow":"follow","max-snippet":"max-snippet:-1","max-image-preview":"max-image-preview:large","max-video-preview":"max-video-preview:-1"},"canonical":"https:\/\/experienciadevida.com.ar\/portalurbano\/en-que-fase-quedo-ubicado-cada-municipio-y-cuales-son-las-actividades-permitidas\/","og_locale":"es_ES","og_type":"article","og_title":"\u00bfEn qu\u00e9 fase qued\u00f3 ubicado cada Municipio y cu\u00e1les son las actividades?","og_description":"\u00bfEn qu\u00e9 fase qued\u00f3 ubicado cada municipio y cu\u00e1les son las actividades permitidas?, un total de\u00a0 70 municipios se encuentran en la fase 2","og_url":"https:\/\/experienciadevida.com.ar\/portalurbano\/en-que-fase-quedo-ubicado-cada-municipio-y-cuales-son-las-actividades-permitidas\/","article_publisher":"https:\/\/www.facebook.com\/Portal-Urbano-171542830093757\/","article_published_time":"2021-06-16T12:49:48+00:00","article_modified_time":"2021-06-16T13:24:59+00:00","og_image":[{"width":800,"height":600,"url":"https:\/\/experienciadevida.com.ar\/portalurbano\/wp-content\/uploads\/2021\/06\/En-que-fase-quedo-ubicado.jpg","type":"image\/jpeg"}],"author":"admpu17wp","twitter_card":"summary_large_image","twitter_creator":"@portalurbanook","twitter_site":"@portalurbanook","twitter_misc":{"Escrito por":"admpu17wp","Tiempo de lectura":"4 minutos"},"schema":{"@context":"https:\/\/schema.org","@graph":[{"@type":"Article","@id":"https:\/\/experienciadevida.com.ar\/portalurbano\/en-que-fase-quedo-ubicado-cada-municipio-y-cuales-son-las-actividades-permitidas\/#article","isPartOf":{"@id":"https:\/\/experienciadevida.com.ar\/portalurbano\/en-que-fase-quedo-ubicado-cada-municipio-y-cuales-son-las-actividades-permitidas\/"},"author":{"name":"admpu17wp","@id":"https:\/\/experienciadevida.com.ar\/portalurbano\/#\/schema\/person\/02dd326b1c4b056e9cc972486934a3a7"},"headline":"\u00bfEn qu\u00e9 fase qued\u00f3 ubicado cada municipio y cu\u00e1les son las actividades permitidas?","datePublished":"2021-06-16T12:49:48+00:00","dateModified":"2021-06-16T13:24:59+00:00","mainEntityOfPage":{"@id":"https:\/\/experienciadevida.com.ar\/portalurbano\/en-que-fase-quedo-ubicado-cada-municipio-y-cuales-son-las-actividades-permitidas\/"},"wordCount":889,"publisher":{"@id":"https:\/\/experienciadevida.com.ar\/portalurbano\/#organization"},"articleSection":["Destacadas 2","Provincia"],"inLanguage":"es"},{"@type":"WebPage","@id":"https:\/\/experienciadevida.com.ar\/portalurbano\/en-que-fase-quedo-ubicado-cada-municipio-y-cuales-son-las-actividades-permitidas\/","url":"https:\/\/experienciadevida.com.ar\/portalurbano\/en-que-fase-quedo-ubicado-cada-municipio-y-cuales-son-las-actividades-permitidas\/","name":"\u00bfEn qu\u00e9 fase qued\u00f3 ubicado cada Municipio y cu\u00e1les son las actividades?","isPartOf":{"@id":"https:\/\/experienciadevida.com.ar\/portalurbano\/#website"},"datePublished":"2021-06-16T12:49:48+00:00","dateModified":"2021-06-16T13:24:59+00:00","description":"\u00bfEn qu\u00e9 fase qued\u00f3 ubicado cada municipio y cu\u00e1les son las actividades permitidas?, un total de\u00a0 70 municipios se encuentran en la fase 2","breadcrumb":{"@id":"https:\/\/experienciadevida.com.ar\/portalurbano\/en-que-fase-quedo-ubicado-cada-municipio-y-cuales-son-las-actividades-permitidas\/#breadcrumb"},"inLanguage":"es","potentialAction":[{"@type":"ReadAction","target":["https:\/\/experienciadevida.com.ar\/portalurbano\/en-que-fase-quedo-ubicado-cada-municipio-y-cuales-son-las-actividades-permitidas\/"]}]},{"@type":"BreadcrumbList","@id":"https:\/\/experienciadevida.com.ar\/portalurbano\/en-que-fase-quedo-ubicado-cada-municipio-y-cuales-son-las-actividades-permitidas\/#breadcrumb","itemListElement":[{"@type":"ListItem","position":1,"name":"Portada","item":"https:\/\/experienciadevida.com.ar\/portalurbano\/"},{"@type":"ListItem","position":2,"name":"\u00bfEn qu\u00e9 fase qued\u00f3 ubicado cada municipio y cu\u00e1les son las actividades permitidas?"}]},{"@type":"WebSite","@id":"https:\/\/experienciadevida.com.ar\/portalurbano\/#website","url":"https:\/\/experienciadevida.com.ar\/portalurbano\/","name":"","description":"","publisher":{"@id":"https:\/\/experienciadevida.com.ar\/portalurbano\/#organization"},"potentialAction":[{"@type":"SearchAction","target":{"@type":"EntryPoint","urlTemplate":"https:\/\/experienciadevida.com.ar\/portalurbano\/?s={search_term_string}"},"query-input":"required name=search_term_string"}],"inLanguage":"es"},{"@type":"Organization","@id":"https:\/\/experienciadevida.com.ar\/portalurbano\/#organization","name":"Portal Urbano","url":"https:\/\/experienciadevida.com.ar\/portalurbano\/","logo":{"@type":"ImageObject","inLanguage":"es","@id":"https:\/\/experienciadevida.com.ar\/portalurbano\/#\/schema\/logo\/image\/","url":"https:\/\/experienciadevida.com.ar\/portalurbano\/wp-content\/uploads\/2019\/09\/Logo-Original.png","contentUrl":"https:\/\/experienciadevida.com.ar\/portalurbano\/wp-content\/uploads\/2019\/09\/Logo-Original.png","width":2236,"height":1216,"caption":"Portal Urbano"},"image":{"@id":"https:\/\/experienciadevida.com.ar\/portalurbano\/#\/schema\/logo\/image\/"},"sameAs":["https:\/\/www.facebook.com\/Portal-Urbano-171542830093757\/","https:\/\/twitter.com\/portalurbanook","https:\/\/www.instagram.com\/_portalurbano\/","https:\/\/www.youtube.com\/channel\/UCXhagIfszH8KxFiOok79zbA?view_as=subscriber"]},{"@type":"Person","@id":"https:\/\/experienciadevida.com.ar\/portalurbano\/#\/schema\/person\/02dd326b1c4b056e9cc972486934a3a7","name":"admpu17wp","image":{"@type":"ImageObject","inLanguage":"es","@id":"https:\/\/experienciadevida.com.ar\/portalurbano\/#\/schema\/person\/image\/","url":"https:\/\/secure.gravatar.com\/avatar\/830d4c57adaae6630765e449a6908047?s=96&d=mm&r=g","contentUrl":"https:\/\/secure.gravatar.com\/avatar\/830d4c57adaae6630765e449a6908047?s=96&d=mm&r=g","caption":"admpu17wp"}}]}},"featured_image_urls":{"full":["https:\/\/experienciadevida.com.ar\/portalurbano\/wp-content\/uploads\/2021\/06\/En-que-fase-quedo-ubicado.jpg",800,600,false],"thumbnail":["https:\/\/experienciadevida.com.ar\/portalurbano\/wp-content\/uploads\/2021\/06\/En-que-fase-quedo-ubicado-150x150.jpg",150,150,true],"medium":["https:\/\/experienciadevida.com.ar\/portalurbano\/wp-content\/uploads\/2021\/06\/En-que-fase-quedo-ubicado-300x225.jpg",300,225,true],"medium_large":["https:\/\/experienciadevida.com.ar\/portalurbano\/wp-content\/uploads\/2021\/06\/En-que-fase-quedo-ubicado-768x576.jpg",640,480,true],"large":["https:\/\/experienciadevida.com.ar\/portalurbano\/wp-content\/uploads\/2021\/06\/En-que-fase-quedo-ubicado.jpg",640,480,false],"ug_big":["https:\/\/experienciadevida.com.ar\/portalurbano\/wp-content\/uploads\/2021\/06\/En-que-fase-quedo-ubicado-768x576.jpg",768,576,true],"1536x1536":["https:\/\/experienciadevida.com.ar\/portalurbano\/wp-content\/uploads\/2021\/06\/En-que-fase-quedo-ubicado.jpg",800,600,false],"2048x2048":["https:\/\/experienciadevida.com.ar\/portalurbano\/wp-content\/uploads\/2021\/06\/En-que-fase-quedo-ubicado.jpg",800,600,false],"newsever-slider-full":["https:\/\/experienciadevida.com.ar\/portalurbano\/wp-content\/uploads\/2021\/06\/En-que-fase-quedo-ubicado.jpg",800,600,false],"newsever-featured":["https:\/\/experienciadevida.com.ar\/portalurbano\/wp-content\/uploads\/2021\/06\/En-que-fase-quedo-ubicado.jpg",800,600,false],"newsever-medium":["https:\/\/experienciadevida.com.ar\/portalurbano\/wp-content\/uploads\/2021\/06\/En-que-fase-quedo-ubicado.jpg",633,475,false],"web-stories-poster-portrait":["https:\/\/experienciadevida.com.ar\/portalurbano\/wp-content\/uploads\/2021\/06\/En-que-fase-quedo-ubicado.jpg",640,480,false],"web-stories-publisher-logo":["https:\/\/experienciadevida.com.ar\/portalurbano\/wp-content\/uploads\/2021\/06\/En-que-fase-quedo-ubicado.jpg",96,72,false],"web-stories-thumbnail":["https:\/\/experienciadevida.com.ar\/portalurbano\/wp-content\/uploads\/2021\/06\/En-que-fase-quedo-ubicado.jpg",150,113,false]},"author_info":{"display_name":"admpu17wp","author_link":"https:\/\/experienciadevida.com.ar\/portalurbano\/author\/admpu17wp\/"},"category_info":"<a href=\"https:\/\/experienciadevida.com.ar\/portalurbano\/category\/destacadas-2\/\" rel=\"category tag\">Destacadas 2<\/a> <a href=\"https:\/\/experienciadevida.com.ar\/portalurbano\/category\/provincia\/\" rel=\"category tag\">Provincia<\/a>","tag_info":"Provincia","comment_count":"0","amp_enabled":true,"_links":{"self":[{"href":"https:\/\/experienciadevida.com.ar\/portalurbano\/wp-json\/wp\/v2\/posts\/145327"}],"collection":[{"href":"https:\/\/experienciadevida.com.ar\/portalurbano\/wp-json\/wp\/v2\/posts"}],"about":[{"href":"https:\/\/experienciadevida.com.ar\/portalurbano\/wp-json\/wp\/v2\/types\/post"}],"author":[{"embeddable":true,"href":"https:\/\/experienciadevida.com.ar\/portalurbano\/wp-json\/wp\/v2\/users\/1"}],"replies":[{"embeddable":true,"href":"https:\/\/experienciadevida.com.ar\/portalurbano\/wp-json\/wp\/v2\/comments?post=145327"}],"version-history":[{"count":2,"href":"https:\/\/experienciadevida.com.ar\/portalurbano\/wp-json\/wp\/v2\/posts\/145327\/revisions"}],"predecessor-version":[{"id":145330,"href":"https:\/\/experienciadevida.com.ar\/portalurbano\/wp-json\/wp\/v2\/posts\/145327\/revisions\/145330"}],"wp:featuredmedia":[{"embeddable":true,"href":"https:\/\/experienciadevida.com.ar\/portalurbano\/wp-json\/wp\/v2\/media\/145328"}],"wp:attachment":[{"href":"https:\/\/experienciadevida.com.ar\/portalurbano\/wp-json\/wp\/v2\/media?parent=145327"}],"wp:term":[{"taxonomy":"category","embeddable":true,"href":"https:\/\/experienciadevida.com.ar\/portalurbano\/wp-json\/wp\/v2\/categories?post=145327"},{"taxonomy":"post_tag","embeddable":true,"href":"https:\/\/experienciadevida.com.ar\/portalurbano\/wp-json\/wp\/v2\/tags?post=145327"}],"curies":[{"name":"wp","href":"https:\/\/api.w.org\/{rel}","templated":true}]}}