{"id":145296,"date":"2021-06-15T16:22:29","date_gmt":"2021-06-15T19:22:29","guid":{"rendered":"https:\/\/experienciadevida.com.ar\/portalurbano\/?p=145296"},"modified":"2021-06-15T16:24:18","modified_gmt":"2021-06-15T19:24:18","slug":"entregaron-mobiliario-escolar-a-instituciones-en-localidades-del-partido","status":"publish","type":"post","link":"https:\/\/experienciadevida.com.ar\/portalurbano\/entregaron-mobiliario-escolar-a-instituciones-en-localidades-del-partido\/","title":{"rendered":"Entregaron mobiliario escolar a instituciones en localidades del Partido"},"content":{"rendered":"<p>Entregaron mobiliario escolar a instituciones en localidades del Partido, en la ma\u00f1ana de este martes el Consejo Escolar de Olavarr\u00eda y la Subsecretar\u00eda de Gobierno Municipal hizo entrega de mobiliario escolar a instituciones educativas rurales.<\/p>\n<p>Seg\u00fan informaron desde la Subsecretar\u00eda de Gobierno, las escuelas que recibieron el mobiliario son de las localidades de Espigas, Recalde, Blanca Grande, Loma Negra, Santa Luisa, Colonia San Miguel y Sierra Chica.<\/p>\n<p>Entregaron mobiliario escolar a instituciones en localidades del partido, fue en la ma\u00f1ana de este martes lo informaron desde el consejo escolar de Olavarr\u00eda y al respecto, el Subsecretario de Gobierno Emilio Vitale dijo: \u201crespondimos a la brevedad a una demanda de las instituciones porque creemos que la educaci\u00f3n es un pilar fundamental de nuestra gesti\u00f3n. Por eso, debemos realizar acciones en conjunto para generar espacios confortables donde los alumnos puedan desarrollar sus capacidades formativas\u201d.<\/p>\n<p>Por su parte, el presidente del Consejo Escolar Bruno Di Carlo y la consejera escolar Andrea Rivas destacaron el aporte del Municipio y coincidieron: \u201cdesde el Consejo agradecemos la predisposici\u00f3n del Ejecutivo Municipal por el soporte log\u00edstico que favorece a los estudiantes de las localidades. Estamos convencidos que la infraestructura y el equipamiento apuntan a una mejor educaci\u00f3n\u201d.<\/p>\n<p>&nbsp;<\/p>\n","protected":false},"excerpt":{"rendered":"<p>Entregaron mobiliario escolar a instituciones en localidades del Partido, en la ma\u00f1ana de este martes&#8230;<\/p>\n","protected":false},"author":1,"featured_media":145297,"comment_status":"closed","ping_status":"closed","sticky":false,"template":"","format":"standard","meta":{"content-type":""},"categories":[27,64],"tags":[],"nelio_content":{"isAutoShareEnabled":false,"autoShareEndMode":"default","automationSources":{"useContentSentences":true,"useSocialTemplates":true,"useCustomSentences":false,"customSentences":[]},"followers":[1],"suggestedReferences":[],"includedReferences":[],"efiUrl":"","efiAlt":"","highlights":[]},"yoast_head":"<!-- This site is optimized with the Yoast SEO plugin v20.7 - https:\/\/yoast.com\/wordpress\/plugins\/seo\/ -->\n<title>Entregaron mobiliario escolar a Instituciones en localidades del partido<\/title>\n<meta name=\"description\" content=\"Entregaron mobiliario escolar a instituciones en localidades del Partido, en la ma\u00f1ana de este martes el Consejo Escolar de Olavarr\u00eda\" \/>\n<meta name=\"robots\" content=\"index, follow, max-snippet:-1, max-image-preview:large, max-video-preview:-1\" \/>\n<link rel=\"canonical\" href=\"https:\/\/experienciadevida.com.ar\/portalurbano\/entregaron-mobiliario-escolar-a-instituciones-en-localidades-del-partido\/\" \/>\n<meta property=\"og:locale\" content=\"es_ES\" \/>\n<meta property=\"og:type\" content=\"article\" \/>\n<meta property=\"og:title\" content=\"Entregaron mobiliario escolar a Instituciones en localidades del partido\" \/>\n<meta property=\"og:description\" content=\"Entregaron mobiliario escolar a instituciones en localidades del Partido, en la ma\u00f1ana de este martes el Consejo Escolar de Olavarr\u00eda\" \/>\n<meta property=\"og:url\" content=\"https:\/\/experienciadevida.com.ar\/portalurbano\/entregaron-mobiliario-escolar-a-instituciones-en-localidades-del-partido\/\" \/>\n<meta property=\"article:publisher\" content=\"https:\/\/www.facebook.com\/Portal-Urbano-171542830093757\/\" \/>\n<meta property=\"article:published_time\" content=\"2021-06-15T19:22:29+00:00\" \/>\n<meta property=\"article:modified_time\" content=\"2021-06-15T19:24:18+00:00\" \/>\n<meta property=\"og:image\" content=\"https:\/\/experienciadevida.com.ar\/portalurbano\/wp-content\/uploads\/2021\/06\/Entregaron-mobiliario-escolar-a-instituciones.jpeg\" \/>\n\t<meta property=\"og:image:width\" content=\"774\" \/>\n\t<meta property=\"og:image:height\" content=\"656\" \/>\n\t<meta property=\"og:image:type\" content=\"image\/jpeg\" \/>\n<meta name=\"author\" content=\"admpu17wp\" \/>\n<meta name=\"twitter:card\" content=\"summary_large_image\" \/>\n<meta name=\"twitter:creator\" content=\"@portalurbanook\" \/>\n<meta name=\"twitter:site\" content=\"@portalurbanook\" \/>\n<meta name=\"twitter:label1\" content=\"Escrito por\" \/>\n\t<meta name=\"twitter:data1\" content=\"admpu17wp\" \/>\n\t<meta name=\"twitter:label2\" content=\"Tiempo de lectura\" \/>\n\t<meta name=\"twitter:data2\" content=\"1 minuto\" \/>\n<script type=\"application\/ld+json\" class=\"yoast-schema-graph\">{\"@context\":\"https:\/\/schema.org\",\"@graph\":[{\"@type\":\"Article\",\"@id\":\"https:\/\/experienciadevida.com.ar\/portalurbano\/entregaron-mobiliario-escolar-a-instituciones-en-localidades-del-partido\/#article\",\"isPartOf\":{\"@id\":\"https:\/\/experienciadevida.com.ar\/portalurbano\/entregaron-mobiliario-escolar-a-instituciones-en-localidades-del-partido\/\"},\"author\":{\"name\":\"admpu17wp\",\"@id\":\"https:\/\/experienciadevida.com.ar\/portalurbano\/#\/schema\/person\/02dd326b1c4b056e9cc972486934a3a7\"},\"headline\":\"Entregaron mobiliario escolar a instituciones en localidades del Partido\",\"datePublished\":\"2021-06-15T19:22:29+00:00\",\"dateModified\":\"2021-06-15T19:24:18+00:00\",\"mainEntityOfPage\":{\"@id\":\"https:\/\/experienciadevida.com.ar\/portalurbano\/entregaron-mobiliario-escolar-a-instituciones-en-localidades-del-partido\/\"},\"wordCount\":222,\"publisher\":{\"@id\":\"https:\/\/experienciadevida.com.ar\/portalurbano\/#organization\"},\"articleSection\":[\"Ciudad\",\"Destacadas 2\"],\"inLanguage\":\"es\"},{\"@type\":\"WebPage\",\"@id\":\"https:\/\/experienciadevida.com.ar\/portalurbano\/entregaron-mobiliario-escolar-a-instituciones-en-localidades-del-partido\/\",\"url\":\"https:\/\/experienciadevida.com.ar\/portalurbano\/entregaron-mobiliario-escolar-a-instituciones-en-localidades-del-partido\/\",\"name\":\"Entregaron mobiliario escolar a Instituciones en localidades del partido\",\"isPartOf\":{\"@id\":\"https:\/\/experienciadevida.com.ar\/portalurbano\/#website\"},\"datePublished\":\"2021-06-15T19:22:29+00:00\",\"dateModified\":\"2021-06-15T19:24:18+00:00\",\"description\":\"Entregaron mobiliario escolar a instituciones en localidades del Partido, en la ma\u00f1ana de este martes el Consejo Escolar de Olavarr\u00eda\",\"breadcrumb\":{\"@id\":\"https:\/\/experienciadevida.com.ar\/portalurbano\/entregaron-mobiliario-escolar-a-instituciones-en-localidades-del-partido\/#breadcrumb\"},\"inLanguage\":\"es\",\"potentialAction\":[{\"@type\":\"ReadAction\",\"target\":[\"https:\/\/experienciadevida.com.ar\/portalurbano\/entregaron-mobiliario-escolar-a-instituciones-en-localidades-del-partido\/\"]}]},{\"@type\":\"BreadcrumbList\",\"@id\":\"https:\/\/experienciadevida.com.ar\/portalurbano\/entregaron-mobiliario-escolar-a-instituciones-en-localidades-del-partido\/#breadcrumb\",\"itemListElement\":[{\"@type\":\"ListItem\",\"position\":1,\"name\":\"Portada\",\"item\":\"https:\/\/experienciadevida.com.ar\/portalurbano\/\"},{\"@type\":\"ListItem\",\"position\":2,\"name\":\"Entregaron mobiliario escolar a instituciones en localidades del Partido\"}]},{\"@type\":\"WebSite\",\"@id\":\"https:\/\/experienciadevida.com.ar\/portalurbano\/#website\",\"url\":\"https:\/\/experienciadevida.com.ar\/portalurbano\/\",\"name\":\"\",\"description\":\"\",\"publisher\":{\"@id\":\"https:\/\/experienciadevida.com.ar\/portalurbano\/#organization\"},\"potentialAction\":[{\"@type\":\"SearchAction\",\"target\":{\"@type\":\"EntryPoint\",\"urlTemplate\":\"https:\/\/experienciadevida.com.ar\/portalurbano\/?s={search_term_string}\"},\"query-input\":\"required name=search_term_string\"}],\"inLanguage\":\"es\"},{\"@type\":\"Organization\",\"@id\":\"https:\/\/experienciadevida.com.ar\/portalurbano\/#organization\",\"name\":\"Portal Urbano\",\"url\":\"https:\/\/experienciadevida.com.ar\/portalurbano\/\",\"logo\":{\"@type\":\"ImageObject\",\"inLanguage\":\"es\",\"@id\":\"https:\/\/experienciadevida.com.ar\/portalurbano\/#\/schema\/logo\/image\/\",\"url\":\"https:\/\/experienciadevida.com.ar\/portalurbano\/wp-content\/uploads\/2019\/09\/Logo-Original.png\",\"contentUrl\":\"https:\/\/experienciadevida.com.ar\/portalurbano\/wp-content\/uploads\/2019\/09\/Logo-Original.png\",\"width\":2236,\"height\":1216,\"caption\":\"Portal Urbano\"},\"image\":{\"@id\":\"https:\/\/experienciadevida.com.ar\/portalurbano\/#\/schema\/logo\/image\/\"},\"sameAs\":[\"https:\/\/www.facebook.com\/Portal-Urbano-171542830093757\/\",\"https:\/\/twitter.com\/portalurbanook\",\"https:\/\/www.instagram.com\/_portalurbano\/\",\"https:\/\/www.youtube.com\/channel\/UCXhagIfszH8KxFiOok79zbA?view_as=subscriber\"]},{\"@type\":\"Person\",\"@id\":\"https:\/\/experienciadevida.com.ar\/portalurbano\/#\/schema\/person\/02dd326b1c4b056e9cc972486934a3a7\",\"name\":\"admpu17wp\",\"image\":{\"@type\":\"ImageObject\",\"inLanguage\":\"es\",\"@id\":\"https:\/\/experienciadevida.com.ar\/portalurbano\/#\/schema\/person\/image\/\",\"url\":\"https:\/\/secure.gravatar.com\/avatar\/830d4c57adaae6630765e449a6908047?s=96&d=mm&r=g\",\"contentUrl\":\"https:\/\/secure.gravatar.com\/avatar\/830d4c57adaae6630765e449a6908047?s=96&d=mm&r=g\",\"caption\":\"admpu17wp\"}}]}<\/script>\n<!-- \/ Yoast SEO plugin. -->","yoast_head_json":{"title":"Entregaron mobiliario escolar a Instituciones en localidades del partido","description":"Entregaron mobiliario escolar a instituciones en localidades del Partido, en la ma\u00f1ana de este martes el Consejo Escolar de Olavarr\u00eda","robots":{"index":"index","follow":"follow","max-snippet":"max-snippet:-1","max-image-preview":"max-image-preview:large","max-video-preview":"max-video-preview:-1"},"canonical":"https:\/\/experienciadevida.com.ar\/portalurbano\/entregaron-mobiliario-escolar-a-instituciones-en-localidades-del-partido\/","og_locale":"es_ES","og_type":"article","og_title":"Entregaron mobiliario escolar a Instituciones en localidades del partido","og_description":"Entregaron mobiliario escolar a instituciones en localidades del Partido, en la ma\u00f1ana de este martes el Consejo Escolar de Olavarr\u00eda","og_url":"https:\/\/experienciadevida.com.ar\/portalurbano\/entregaron-mobiliario-escolar-a-instituciones-en-localidades-del-partido\/","article_publisher":"https:\/\/www.facebook.com\/Portal-Urbano-171542830093757\/","article_published_time":"2021-06-15T19:22:29+00:00","article_modified_time":"2021-06-15T19:24:18+00:00","og_image":[{"width":774,"height":656,"url":"https:\/\/experienciadevida.com.ar\/portalurbano\/wp-content\/uploads\/2021\/06\/Entregaron-mobiliario-escolar-a-instituciones.jpeg","type":"image\/jpeg"}],"author":"admpu17wp","twitter_card":"summary_large_image","twitter_creator":"@portalurbanook","twitter_site":"@portalurbanook","twitter_misc":{"Escrito por":"admpu17wp","Tiempo de lectura":"1 minuto"},"schema":{"@context":"https:\/\/schema.org","@graph":[{"@type":"Article","@id":"https:\/\/experienciadevida.com.ar\/portalurbano\/entregaron-mobiliario-escolar-a-instituciones-en-localidades-del-partido\/#article","isPartOf":{"@id":"https:\/\/experienciadevida.com.ar\/portalurbano\/entregaron-mobiliario-escolar-a-instituciones-en-localidades-del-partido\/"},"author":{"name":"admpu17wp","@id":"https:\/\/experienciadevida.com.ar\/portalurbano\/#\/schema\/person\/02dd326b1c4b056e9cc972486934a3a7"},"headline":"Entregaron mobiliario escolar a instituciones en localidades del Partido","datePublished":"2021-06-15T19:22:29+00:00","dateModified":"2021-06-15T19:24:18+00:00","mainEntityOfPage":{"@id":"https:\/\/experienciadevida.com.ar\/portalurbano\/entregaron-mobiliario-escolar-a-instituciones-en-localidades-del-partido\/"},"wordCount":222,"publisher":{"@id":"https:\/\/experienciadevida.com.ar\/portalurbano\/#organization"},"articleSection":["Ciudad","Destacadas 2"],"inLanguage":"es"},{"@type":"WebPage","@id":"https:\/\/experienciadevida.com.ar\/portalurbano\/entregaron-mobiliario-escolar-a-instituciones-en-localidades-del-partido\/","url":"https:\/\/experienciadevida.com.ar\/portalurbano\/entregaron-mobiliario-escolar-a-instituciones-en-localidades-del-partido\/","name":"Entregaron mobiliario escolar a Instituciones en localidades del partido","isPartOf":{"@id":"https:\/\/experienciadevida.com.ar\/portalurbano\/#website"},"datePublished":"2021-06-15T19:22:29+00:00","dateModified":"2021-06-15T19:24:18+00:00","description":"Entregaron mobiliario escolar a instituciones en localidades del Partido, en la ma\u00f1ana de este martes el Consejo Escolar de Olavarr\u00eda","breadcrumb":{"@id":"https:\/\/experienciadevida.com.ar\/portalurbano\/entregaron-mobiliario-escolar-a-instituciones-en-localidades-del-partido\/#breadcrumb"},"inLanguage":"es","potentialAction":[{"@type":"ReadAction","target":["https:\/\/experienciadevida.com.ar\/portalurbano\/entregaron-mobiliario-escolar-a-instituciones-en-localidades-del-partido\/"]}]},{"@type":"BreadcrumbList","@id":"https:\/\/experienciadevida.com.ar\/portalurbano\/entregaron-mobiliario-escolar-a-instituciones-en-localidades-del-partido\/#breadcrumb","itemListElement":[{"@type":"ListItem","position":1,"name":"Portada","item":"https:\/\/experienciadevida.com.ar\/portalurbano\/"},{"@type":"ListItem","position":2,"name":"Entregaron mobiliario escolar a instituciones en localidades del Partido"}]},{"@type":"WebSite","@id":"https:\/\/experienciadevida.com.ar\/portalurbano\/#website","url":"https:\/\/experienciadevida.com.ar\/portalurbano\/","name":"","description":"","publisher":{"@id":"https:\/\/experienciadevida.com.ar\/portalurbano\/#organization"},"potentialAction":[{"@type":"SearchAction","target":{"@type":"EntryPoint","urlTemplate":"https:\/\/experienciadevida.com.ar\/portalurbano\/?s={search_term_string}"},"query-input":"required name=search_term_string"}],"inLanguage":"es"},{"@type":"Organization","@id":"https:\/\/experienciadevida.com.ar\/portalurbano\/#organization","name":"Portal Urbano","url":"https:\/\/experienciadevida.com.ar\/portalurbano\/","logo":{"@type":"ImageObject","inLanguage":"es","@id":"https:\/\/experienciadevida.com.ar\/portalurbano\/#\/schema\/logo\/image\/","url":"https:\/\/experienciadevida.com.ar\/portalurbano\/wp-content\/uploads\/2019\/09\/Logo-Original.png","contentUrl":"https:\/\/experienciadevida.com.ar\/portalurbano\/wp-content\/uploads\/2019\/09\/Logo-Original.png","width":2236,"height":1216,"caption":"Portal Urbano"},"image":{"@id":"https:\/\/experienciadevida.com.ar\/portalurbano\/#\/schema\/logo\/image\/"},"sameAs":["https:\/\/www.facebook.com\/Portal-Urbano-171542830093757\/","https:\/\/twitter.com\/portalurbanook","https:\/\/www.instagram.com\/_portalurbano\/","https:\/\/www.youtube.com\/channel\/UCXhagIfszH8KxFiOok79zbA?view_as=subscriber"]},{"@type":"Person","@id":"https:\/\/experienciadevida.com.ar\/portalurbano\/#\/schema\/person\/02dd326b1c4b056e9cc972486934a3a7","name":"admpu17wp","image":{"@type":"ImageObject","inLanguage":"es","@id":"https:\/\/experienciadevida.com.ar\/portalurbano\/#\/schema\/person\/image\/","url":"https:\/\/secure.gravatar.com\/avatar\/830d4c57adaae6630765e449a6908047?s=96&d=mm&r=g","contentUrl":"https:\/\/secure.gravatar.com\/avatar\/830d4c57adaae6630765e449a6908047?s=96&d=mm&r=g","caption":"admpu17wp"}}]}},"featured_image_urls":{"full":["https:\/\/experienciadevida.com.ar\/portalurbano\/wp-content\/uploads\/2021\/06\/Entregaron-mobiliario-escolar-a-instituciones.jpeg",774,656,false],"thumbnail":["https:\/\/experienciadevida.com.ar\/portalurbano\/wp-content\/uploads\/2021\/06\/Entregaron-mobiliario-escolar-a-instituciones-150x150.jpeg",150,150,true],"medium":["https:\/\/experienciadevida.com.ar\/portalurbano\/wp-content\/uploads\/2021\/06\/Entregaron-mobiliario-escolar-a-instituciones-300x254.jpeg",300,254,true],"medium_large":["https:\/\/experienciadevida.com.ar\/portalurbano\/wp-content\/uploads\/2021\/06\/Entregaron-mobiliario-escolar-a-instituciones-768x651.jpeg",640,543,true],"large":["https:\/\/experienciadevida.com.ar\/portalurbano\/wp-content\/uploads\/2021\/06\/Entregaron-mobiliario-escolar-a-instituciones.jpeg",640,542,false],"ug_big":["https:\/\/experienciadevida.com.ar\/portalurbano\/wp-content\/uploads\/2021\/06\/Entregaron-mobiliario-escolar-a-instituciones-768x651.jpeg",768,651,true],"1536x1536":["https:\/\/experienciadevida.com.ar\/portalurbano\/wp-content\/uploads\/2021\/06\/Entregaron-mobiliario-escolar-a-instituciones.jpeg",774,656,false],"2048x2048":["https:\/\/experienciadevida.com.ar\/portalurbano\/wp-content\/uploads\/2021\/06\/Entregaron-mobiliario-escolar-a-instituciones.jpeg",774,656,false],"newsever-slider-full":["https:\/\/experienciadevida.com.ar\/portalurbano\/wp-content\/uploads\/2021\/06\/Entregaron-mobiliario-escolar-a-instituciones.jpeg",774,656,false],"newsever-featured":["https:\/\/experienciadevida.com.ar\/portalurbano\/wp-content\/uploads\/2021\/06\/Entregaron-mobiliario-escolar-a-instituciones.jpeg",774,656,false],"newsever-medium":["https:\/\/experienciadevida.com.ar\/portalurbano\/wp-content\/uploads\/2021\/06\/Entregaron-mobiliario-escolar-a-instituciones.jpeg",560,475,false],"web-stories-poster-portrait":["https:\/\/experienciadevida.com.ar\/portalurbano\/wp-content\/uploads\/2021\/06\/Entregaron-mobiliario-escolar-a-instituciones.jpeg",640,542,false],"web-stories-publisher-logo":["https:\/\/experienciadevida.com.ar\/portalurbano\/wp-content\/uploads\/2021\/06\/Entregaron-mobiliario-escolar-a-instituciones.jpeg",96,81,false],"web-stories-thumbnail":["https:\/\/experienciadevida.com.ar\/portalurbano\/wp-content\/uploads\/2021\/06\/Entregaron-mobiliario-escolar-a-instituciones.jpeg",150,127,false]},"author_info":{"display_name":"admpu17wp","author_link":"https:\/\/experienciadevida.com.ar\/portalurbano\/author\/admpu17wp\/"},"category_info":"<a href=\"https:\/\/experienciadevida.com.ar\/portalurbano\/category\/ciudad\/\" rel=\"category tag\">Ciudad<\/a> <a href=\"https:\/\/experienciadevida.com.ar\/portalurbano\/category\/destacadas-2\/\" rel=\"category tag\">Destacadas 2<\/a>","tag_info":"Destacadas 2","comment_count":"0","amp_enabled":true,"_links":{"self":[{"href":"https:\/\/experienciadevida.com.ar\/portalurbano\/wp-json\/wp\/v2\/posts\/145296"}],"collection":[{"href":"https:\/\/experienciadevida.com.ar\/portalurbano\/wp-json\/wp\/v2\/posts"}],"about":[{"href":"https:\/\/experienciadevida.com.ar\/portalurbano\/wp-json\/wp\/v2\/types\/post"}],"author":[{"embeddable":true,"href":"https:\/\/experienciadevida.com.ar\/portalurbano\/wp-json\/wp\/v2\/users\/1"}],"replies":[{"embeddable":true,"href":"https:\/\/experienciadevida.com.ar\/portalurbano\/wp-json\/wp\/v2\/comments?post=145296"}],"version-history":[{"count":2,"href":"https:\/\/experienciadevida.com.ar\/portalurbano\/wp-json\/wp\/v2\/posts\/145296\/revisions"}],"predecessor-version":[{"id":145300,"href":"https:\/\/experienciadevida.com.ar\/portalurbano\/wp-json\/wp\/v2\/posts\/145296\/revisions\/145300"}],"wp:featuredmedia":[{"embeddable":true,"href":"https:\/\/experienciadevida.com.ar\/portalurbano\/wp-json\/wp\/v2\/media\/145297"}],"wp:attachment":[{"href":"https:\/\/experienciadevida.com.ar\/portalurbano\/wp-json\/wp\/v2\/media?parent=145296"}],"wp:term":[{"taxonomy":"category","embeddable":true,"href":"https:\/\/experienciadevida.com.ar\/portalurbano\/wp-json\/wp\/v2\/categories?post=145296"},{"taxonomy":"post_tag","embeddable":true,"href":"https:\/\/experienciadevida.com.ar\/portalurbano\/wp-json\/wp\/v2\/tags?post=145296"}],"curies":[{"name":"wp","href":"https:\/\/api.w.org\/{rel}","templated":true}]}}