{"id":145291,"date":"2021-06-15T15:25:30","date_gmt":"2021-06-15T18:25:30","guid":{"rendered":"https:\/\/experienciadevida.com.ar\/portalurbano\/?p=145291"},"modified":"2021-06-15T15:28:20","modified_gmt":"2021-06-15T18:28:20","slug":"ante-el-pase-de-olavarria-a-fase-4-coopelectric-reorganiza-los-turnos-de-atencion-al-usuario","status":"publish","type":"post","link":"https:\/\/experienciadevida.com.ar\/portalurbano\/ante-el-pase-de-olavarria-a-fase-4-coopelectric-reorganiza-los-turnos-de-atencion-al-usuario\/","title":{"rendered":"Ante el pase de Olavarr\u00eda a fase 4, Coopelectric reorganiza los turnos de atenci\u00f3n al usuario"},"content":{"rendered":"<p>Ante el pase de Olavarr\u00eda a fase 4, <a href=\"https:\/\/www.facebook.com\/pages\/Coopelectric\/597424130297320\/\">Coopelectric<\/a> reorganiza los turnos de atenci\u00f3n al usuario, a los efectos de poder atender con mayor celeridad a quienes necesitan realizar tr\u00e1mites administrativos.<\/p>\n<p>Por tal motivo, algunas de las personas que cuentan con turnos asignados para iniciar tr\u00e1mites de conexi\u00f3n o desconexi\u00f3n de los Servicios El\u00e9ctrico y<br \/>\nSanitario, reclamos por da\u00f1os en artefactos y\/o gestiones vinculadas a los Servicios Sociales; recibir\u00e1n en los pr\u00f3ximos d\u00edas un e-mail y un mensaje<br \/>\nv\u00eda whatsapp con la reprogramaci\u00f3n de sus turnos.<\/p>\n<p>El ingreso a esta nueva Fase sanitaria ha permitido planificar dicha reorganizaci\u00f3n con la finalidad de poder atender con antelaci\u00f3n a quienes ya<br \/>\nten\u00edan turnos otorgados y paralelamente aumentar la cantidad de turnos disponibles en el sistema.<\/p>\n<p><a href=\"https:\/\/experienciadevida.com.ar\/portalurbano\/5-municipios-continuan-en-fase-4-incluida-olavarria\/\">Ante el pase de Olavarr\u00eda a fase 4<\/a>, Coopelectric reorganiza los turnos de atenci\u00f3n al usuario, en la sede ubicada en Belgrano N\u00b0 2850 que es la que recibe mayor afluencia de usuarios, continuar\u00e1 vigente el sistema de turnos con el objetivo de evitar la concentraci\u00f3n de personas. Los mismos se deben solicitarse ingresando a la p\u00e1gina web de Coopelectric: https:\/\/oficinavirtual.coopelectric.com.ar\/turnos\/ ; a la App \u201cTurnos Coopelectric\u201d (que puede descargarse desde la Play Store en el celular) o comunic\u00e1ndose de lunes a viernes de 7:30 a 14:30 hs. al Centro de Atenci\u00f3n Telef\u00f3nica 411666\/999.<\/p>\n<p>En cuanto a las Delegaciones de Coopelectric en Sierras Bayas e Hinojo, continuar\u00e1n funcionando en su horario habitual (lunes a viernes de 7:30 a<br \/>\n14:30 hs.) sin necesidad de solicitar un turno con antelaci\u00f3n.<\/p>\n<p>Pago de facturas<\/p>\n<p>Los usuarios podr\u00e1n abonar sus facturas de electricidad y agua a trav\u00e9s de:<\/p>\n<p>Home Banking: Mediante las Redes Link y Banelco, utilizando para ello el C\u00f3digo de Pago Electr\u00f3nico que aparece en el frente de las facturas.<br \/>\nDe esta manera se pueden abonar las facturas hasta la fecha de vencimiento inclusive.<\/p>\n<p>App de Mercado Pago: Debe ser descargada a trav\u00e9s del celular. Se solicitar\u00e1 escanear el c\u00f3digo de barra de las facturas con la c\u00e1mara del mismo o ingresarlo manualmente; y luego se podr\u00e1 realizar el pago con tarjeta de d\u00e9bito o cr\u00e9dito. De esta manera se pueden abonar tanto facturas vencidas como las que no lo est\u00e9n.<\/p>\n<p>Bocas de Cobranzas: RapiPago, Pago F\u00e1cil, Cobro Expres, Bapro Pagos, C\u00e1mara Empresaria, Uni\u00f3n Industrial y Pronto Pago.<\/p>\n<p>Ante el pase de Olavarr\u00eda a fase 4, Coopelectirc reorganiza los turnos de atenci\u00f3n al usuario, Sede Administrativa de Coopelectric (Belgrano N\u00b0 2850): La caja funciona de 7:30 a 13:30 hs. y la atenci\u00f3n se realiza por orden de llegada, por lo cual para evitar colas en el ingreso a la instituci\u00f3n recomendamos optar por los medios de pago digitales.<\/p>\n<p>Delegaci\u00f3n de Sierras Bayas: Lunes a viernes de 7:30 a 14:30 hs.<\/p>\n<p>Delegaci\u00f3n de Hinojo: Lunes a viernes de 7:30 a 14:30 hs.<\/p>\n<p>En la sede administrativa de Belgrano N\u00b0 2850, funciona un dispositivo de\u00a0 autogesti\u00f3n para la impresi\u00f3n de cupones de pago destinado a aquellos<br \/>\nusuarios que no cuenten con la factura. De todas maneras, es importante mencionar que para descargar las facturas en formato digital pueden<br \/>\nregistrarse en la Oficina Virtual: www.coopelectric.com.ar &lt;http:\/\/www.coopelectric.com.ar\/&gt; .<\/p>\n","protected":false},"excerpt":{"rendered":"<p>Ante el pase de Olavarr\u00eda a fase 4, Coopelectric reorganiza los turnos de atenci\u00f3n al&#8230;<\/p>\n","protected":false},"author":1,"featured_media":0,"comment_status":"closed","ping_status":"closed","sticky":false,"template":"","format":"standard","meta":{"content-type":""},"categories":[27,51],"tags":[],"nelio_content":{"isAutoShareEnabled":false,"autoShareEndMode":"default","automationSources":{"useContentSentences":true,"useSocialTemplates":true,"useCustomSentences":false,"customSentences":[]},"followers":[1],"suggestedReferences":[],"includedReferences":[],"efiUrl":"","efiAlt":"","highlights":[]},"yoast_head":"<!-- This site is optimized with the Yoast SEO plugin v20.7 - https:\/\/yoast.com\/wordpress\/plugins\/seo\/ -->\n<title>Ante el pase de Olavarr\u00eda a fase 4, Coopelectric reorganiza los turnos<\/title>\n<meta name=\"description\" content=\"Ante el pase de Olavarr\u00eda a fase 4, Coopelectric reorganiza los turnos de atenci\u00f3n al usuario, a los efectos de poder atender con celeridad\" \/>\n<meta name=\"robots\" content=\"index, follow, max-snippet:-1, max-image-preview:large, max-video-preview:-1\" \/>\n<link rel=\"canonical\" href=\"https:\/\/experienciadevida.com.ar\/portalurbano\/ante-el-pase-de-olavarria-a-fase-4-coopelectric-reorganiza-los-turnos-de-atencion-al-usuario\/\" \/>\n<meta property=\"og:locale\" content=\"es_ES\" \/>\n<meta property=\"og:type\" content=\"article\" \/>\n<meta property=\"og:title\" content=\"Ante el pase de Olavarr\u00eda a fase 4, Coopelectric reorganiza los turnos\" \/>\n<meta property=\"og:description\" content=\"Ante el pase de Olavarr\u00eda a fase 4, Coopelectric reorganiza los turnos de atenci\u00f3n al usuario, a los efectos de poder atender con celeridad\" \/>\n<meta property=\"og:url\" content=\"https:\/\/experienciadevida.com.ar\/portalurbano\/ante-el-pase-de-olavarria-a-fase-4-coopelectric-reorganiza-los-turnos-de-atencion-al-usuario\/\" \/>\n<meta property=\"article:publisher\" content=\"https:\/\/www.facebook.com\/Portal-Urbano-171542830093757\/\" \/>\n<meta property=\"article:published_time\" content=\"2021-06-15T18:25:30+00:00\" \/>\n<meta property=\"article:modified_time\" content=\"2021-06-15T18:28:20+00:00\" \/>\n<meta property=\"og:image\" content=\"https:\/\/experienciadevida.com.ar\/portalurbano\/wp-content\/uploads\/2018\/08\/PARO2-1.jpg\" \/>\n\t<meta property=\"og:image:width\" content=\"667\" \/>\n\t<meta property=\"og:image:height\" content=\"445\" \/>\n\t<meta property=\"og:image:type\" content=\"image\/jpeg\" \/>\n<meta name=\"author\" content=\"admpu17wp\" \/>\n<meta name=\"twitter:card\" content=\"summary_large_image\" \/>\n<meta name=\"twitter:creator\" content=\"@portalurbanook\" \/>\n<meta name=\"twitter:site\" content=\"@portalurbanook\" \/>\n<meta name=\"twitter:label1\" content=\"Escrito por\" \/>\n\t<meta name=\"twitter:data1\" content=\"admpu17wp\" \/>\n\t<meta name=\"twitter:label2\" content=\"Tiempo de lectura\" \/>\n\t<meta name=\"twitter:data2\" content=\"3 minutos\" \/>\n<script type=\"application\/ld+json\" class=\"yoast-schema-graph\">{\"@context\":\"https:\/\/schema.org\",\"@graph\":[{\"@type\":\"Article\",\"@id\":\"https:\/\/experienciadevida.com.ar\/portalurbano\/ante-el-pase-de-olavarria-a-fase-4-coopelectric-reorganiza-los-turnos-de-atencion-al-usuario\/#article\",\"isPartOf\":{\"@id\":\"https:\/\/experienciadevida.com.ar\/portalurbano\/ante-el-pase-de-olavarria-a-fase-4-coopelectric-reorganiza-los-turnos-de-atencion-al-usuario\/\"},\"author\":{\"name\":\"admpu17wp\",\"@id\":\"https:\/\/experienciadevida.com.ar\/portalurbano\/#\/schema\/person\/02dd326b1c4b056e9cc972486934a3a7\"},\"headline\":\"Ante el pase de Olavarr\u00eda a fase 4, Coopelectric reorganiza los turnos de atenci\u00f3n al usuario\",\"datePublished\":\"2021-06-15T18:25:30+00:00\",\"dateModified\":\"2021-06-15T18:28:20+00:00\",\"mainEntityOfPage\":{\"@id\":\"https:\/\/experienciadevida.com.ar\/portalurbano\/ante-el-pase-de-olavarria-a-fase-4-coopelectric-reorganiza-los-turnos-de-atencion-al-usuario\/\"},\"wordCount\":574,\"publisher\":{\"@id\":\"https:\/\/experienciadevida.com.ar\/portalurbano\/#organization\"},\"articleSection\":[\"Ciudad\",\"Destacadas\"],\"inLanguage\":\"es\"},{\"@type\":\"WebPage\",\"@id\":\"https:\/\/experienciadevida.com.ar\/portalurbano\/ante-el-pase-de-olavarria-a-fase-4-coopelectric-reorganiza-los-turnos-de-atencion-al-usuario\/\",\"url\":\"https:\/\/experienciadevida.com.ar\/portalurbano\/ante-el-pase-de-olavarria-a-fase-4-coopelectric-reorganiza-los-turnos-de-atencion-al-usuario\/\",\"name\":\"Ante el pase de Olavarr\u00eda a fase 4, Coopelectric reorganiza los turnos\",\"isPartOf\":{\"@id\":\"https:\/\/experienciadevida.com.ar\/portalurbano\/#website\"},\"datePublished\":\"2021-06-15T18:25:30+00:00\",\"dateModified\":\"2021-06-15T18:28:20+00:00\",\"description\":\"Ante el pase de Olavarr\u00eda a fase 4, Coopelectric reorganiza los turnos de atenci\u00f3n al usuario, a los efectos de poder atender con celeridad\",\"breadcrumb\":{\"@id\":\"https:\/\/experienciadevida.com.ar\/portalurbano\/ante-el-pase-de-olavarria-a-fase-4-coopelectric-reorganiza-los-turnos-de-atencion-al-usuario\/#breadcrumb\"},\"inLanguage\":\"es\",\"potentialAction\":[{\"@type\":\"ReadAction\",\"target\":[\"https:\/\/experienciadevida.com.ar\/portalurbano\/ante-el-pase-de-olavarria-a-fase-4-coopelectric-reorganiza-los-turnos-de-atencion-al-usuario\/\"]}]},{\"@type\":\"BreadcrumbList\",\"@id\":\"https:\/\/experienciadevida.com.ar\/portalurbano\/ante-el-pase-de-olavarria-a-fase-4-coopelectric-reorganiza-los-turnos-de-atencion-al-usuario\/#breadcrumb\",\"itemListElement\":[{\"@type\":\"ListItem\",\"position\":1,\"name\":\"Portada\",\"item\":\"https:\/\/experienciadevida.com.ar\/portalurbano\/\"},{\"@type\":\"ListItem\",\"position\":2,\"name\":\"Ante el pase de Olavarr\u00eda a fase 4, Coopelectric reorganiza los turnos de atenci\u00f3n al usuario\"}]},{\"@type\":\"WebSite\",\"@id\":\"https:\/\/experienciadevida.com.ar\/portalurbano\/#website\",\"url\":\"https:\/\/experienciadevida.com.ar\/portalurbano\/\",\"name\":\"\",\"description\":\"\",\"publisher\":{\"@id\":\"https:\/\/experienciadevida.com.ar\/portalurbano\/#organization\"},\"potentialAction\":[{\"@type\":\"SearchAction\",\"target\":{\"@type\":\"EntryPoint\",\"urlTemplate\":\"https:\/\/experienciadevida.com.ar\/portalurbano\/?s={search_term_string}\"},\"query-input\":\"required name=search_term_string\"}],\"inLanguage\":\"es\"},{\"@type\":\"Organization\",\"@id\":\"https:\/\/experienciadevida.com.ar\/portalurbano\/#organization\",\"name\":\"Portal Urbano\",\"url\":\"https:\/\/experienciadevida.com.ar\/portalurbano\/\",\"logo\":{\"@type\":\"ImageObject\",\"inLanguage\":\"es\",\"@id\":\"https:\/\/experienciadevida.com.ar\/portalurbano\/#\/schema\/logo\/image\/\",\"url\":\"https:\/\/experienciadevida.com.ar\/portalurbano\/wp-content\/uploads\/2019\/09\/Logo-Original.png\",\"contentUrl\":\"https:\/\/experienciadevida.com.ar\/portalurbano\/wp-content\/uploads\/2019\/09\/Logo-Original.png\",\"width\":2236,\"height\":1216,\"caption\":\"Portal Urbano\"},\"image\":{\"@id\":\"https:\/\/experienciadevida.com.ar\/portalurbano\/#\/schema\/logo\/image\/\"},\"sameAs\":[\"https:\/\/www.facebook.com\/Portal-Urbano-171542830093757\/\",\"https:\/\/twitter.com\/portalurbanook\",\"https:\/\/www.instagram.com\/_portalurbano\/\",\"https:\/\/www.youtube.com\/channel\/UCXhagIfszH8KxFiOok79zbA?view_as=subscriber\"]},{\"@type\":\"Person\",\"@id\":\"https:\/\/experienciadevida.com.ar\/portalurbano\/#\/schema\/person\/02dd326b1c4b056e9cc972486934a3a7\",\"name\":\"admpu17wp\",\"image\":{\"@type\":\"ImageObject\",\"inLanguage\":\"es\",\"@id\":\"https:\/\/experienciadevida.com.ar\/portalurbano\/#\/schema\/person\/image\/\",\"url\":\"https:\/\/secure.gravatar.com\/avatar\/830d4c57adaae6630765e449a6908047?s=96&d=mm&r=g\",\"contentUrl\":\"https:\/\/secure.gravatar.com\/avatar\/830d4c57adaae6630765e449a6908047?s=96&d=mm&r=g\",\"caption\":\"admpu17wp\"}}]}<\/script>\n<!-- \/ Yoast SEO plugin. -->","yoast_head_json":{"title":"Ante el pase de Olavarr\u00eda a fase 4, Coopelectric reorganiza los turnos","description":"Ante el pase de Olavarr\u00eda a fase 4, Coopelectric reorganiza los turnos de atenci\u00f3n al usuario, a los efectos de poder atender con celeridad","robots":{"index":"index","follow":"follow","max-snippet":"max-snippet:-1","max-image-preview":"max-image-preview:large","max-video-preview":"max-video-preview:-1"},"canonical":"https:\/\/experienciadevida.com.ar\/portalurbano\/ante-el-pase-de-olavarria-a-fase-4-coopelectric-reorganiza-los-turnos-de-atencion-al-usuario\/","og_locale":"es_ES","og_type":"article","og_title":"Ante el pase de Olavarr\u00eda a fase 4, Coopelectric reorganiza los turnos","og_description":"Ante el pase de Olavarr\u00eda a fase 4, Coopelectric reorganiza los turnos de atenci\u00f3n al usuario, a los efectos de poder atender con celeridad","og_url":"https:\/\/experienciadevida.com.ar\/portalurbano\/ante-el-pase-de-olavarria-a-fase-4-coopelectric-reorganiza-los-turnos-de-atencion-al-usuario\/","article_publisher":"https:\/\/www.facebook.com\/Portal-Urbano-171542830093757\/","article_published_time":"2021-06-15T18:25:30+00:00","article_modified_time":"2021-06-15T18:28:20+00:00","og_image":[{"width":667,"height":445,"url":"https:\/\/experienciadevida.com.ar\/portalurbano\/wp-content\/uploads\/2018\/08\/PARO2-1.jpg","type":"image\/jpeg"}],"author":"admpu17wp","twitter_card":"summary_large_image","twitter_creator":"@portalurbanook","twitter_site":"@portalurbanook","twitter_misc":{"Escrito por":"admpu17wp","Tiempo de lectura":"3 minutos"},"schema":{"@context":"https:\/\/schema.org","@graph":[{"@type":"Article","@id":"https:\/\/experienciadevida.com.ar\/portalurbano\/ante-el-pase-de-olavarria-a-fase-4-coopelectric-reorganiza-los-turnos-de-atencion-al-usuario\/#article","isPartOf":{"@id":"https:\/\/experienciadevida.com.ar\/portalurbano\/ante-el-pase-de-olavarria-a-fase-4-coopelectric-reorganiza-los-turnos-de-atencion-al-usuario\/"},"author":{"name":"admpu17wp","@id":"https:\/\/experienciadevida.com.ar\/portalurbano\/#\/schema\/person\/02dd326b1c4b056e9cc972486934a3a7"},"headline":"Ante el pase de Olavarr\u00eda a fase 4, Coopelectric reorganiza los turnos de atenci\u00f3n al usuario","datePublished":"2021-06-15T18:25:30+00:00","dateModified":"2021-06-15T18:28:20+00:00","mainEntityOfPage":{"@id":"https:\/\/experienciadevida.com.ar\/portalurbano\/ante-el-pase-de-olavarria-a-fase-4-coopelectric-reorganiza-los-turnos-de-atencion-al-usuario\/"},"wordCount":574,"publisher":{"@id":"https:\/\/experienciadevida.com.ar\/portalurbano\/#organization"},"articleSection":["Ciudad","Destacadas"],"inLanguage":"es"},{"@type":"WebPage","@id":"https:\/\/experienciadevida.com.ar\/portalurbano\/ante-el-pase-de-olavarria-a-fase-4-coopelectric-reorganiza-los-turnos-de-atencion-al-usuario\/","url":"https:\/\/experienciadevida.com.ar\/portalurbano\/ante-el-pase-de-olavarria-a-fase-4-coopelectric-reorganiza-los-turnos-de-atencion-al-usuario\/","name":"Ante el pase de Olavarr\u00eda a fase 4, Coopelectric reorganiza los turnos","isPartOf":{"@id":"https:\/\/experienciadevida.com.ar\/portalurbano\/#website"},"datePublished":"2021-06-15T18:25:30+00:00","dateModified":"2021-06-15T18:28:20+00:00","description":"Ante el pase de Olavarr\u00eda a fase 4, Coopelectric reorganiza los turnos de atenci\u00f3n al usuario, a los efectos de poder atender con celeridad","breadcrumb":{"@id":"https:\/\/experienciadevida.com.ar\/portalurbano\/ante-el-pase-de-olavarria-a-fase-4-coopelectric-reorganiza-los-turnos-de-atencion-al-usuario\/#breadcrumb"},"inLanguage":"es","potentialAction":[{"@type":"ReadAction","target":["https:\/\/experienciadevida.com.ar\/portalurbano\/ante-el-pase-de-olavarria-a-fase-4-coopelectric-reorganiza-los-turnos-de-atencion-al-usuario\/"]}]},{"@type":"BreadcrumbList","@id":"https:\/\/experienciadevida.com.ar\/portalurbano\/ante-el-pase-de-olavarria-a-fase-4-coopelectric-reorganiza-los-turnos-de-atencion-al-usuario\/#breadcrumb","itemListElement":[{"@type":"ListItem","position":1,"name":"Portada","item":"https:\/\/experienciadevida.com.ar\/portalurbano\/"},{"@type":"ListItem","position":2,"name":"Ante el pase de Olavarr\u00eda a fase 4, Coopelectric reorganiza los turnos de atenci\u00f3n al usuario"}]},{"@type":"WebSite","@id":"https:\/\/experienciadevida.com.ar\/portalurbano\/#website","url":"https:\/\/experienciadevida.com.ar\/portalurbano\/","name":"","description":"","publisher":{"@id":"https:\/\/experienciadevida.com.ar\/portalurbano\/#organization"},"potentialAction":[{"@type":"SearchAction","target":{"@type":"EntryPoint","urlTemplate":"https:\/\/experienciadevida.com.ar\/portalurbano\/?s={search_term_string}"},"query-input":"required name=search_term_string"}],"inLanguage":"es"},{"@type":"Organization","@id":"https:\/\/experienciadevida.com.ar\/portalurbano\/#organization","name":"Portal Urbano","url":"https:\/\/experienciadevida.com.ar\/portalurbano\/","logo":{"@type":"ImageObject","inLanguage":"es","@id":"https:\/\/experienciadevida.com.ar\/portalurbano\/#\/schema\/logo\/image\/","url":"https:\/\/experienciadevida.com.ar\/portalurbano\/wp-content\/uploads\/2019\/09\/Logo-Original.png","contentUrl":"https:\/\/experienciadevida.com.ar\/portalurbano\/wp-content\/uploads\/2019\/09\/Logo-Original.png","width":2236,"height":1216,"caption":"Portal Urbano"},"image":{"@id":"https:\/\/experienciadevida.com.ar\/portalurbano\/#\/schema\/logo\/image\/"},"sameAs":["https:\/\/www.facebook.com\/Portal-Urbano-171542830093757\/","https:\/\/twitter.com\/portalurbanook","https:\/\/www.instagram.com\/_portalurbano\/","https:\/\/www.youtube.com\/channel\/UCXhagIfszH8KxFiOok79zbA?view_as=subscriber"]},{"@type":"Person","@id":"https:\/\/experienciadevida.com.ar\/portalurbano\/#\/schema\/person\/02dd326b1c4b056e9cc972486934a3a7","name":"admpu17wp","image":{"@type":"ImageObject","inLanguage":"es","@id":"https:\/\/experienciadevida.com.ar\/portalurbano\/#\/schema\/person\/image\/","url":"https:\/\/secure.gravatar.com\/avatar\/830d4c57adaae6630765e449a6908047?s=96&d=mm&r=g","contentUrl":"https:\/\/secure.gravatar.com\/avatar\/830d4c57adaae6630765e449a6908047?s=96&d=mm&r=g","caption":"admpu17wp"}}]}},"featured_image_urls":{"full":"","thumbnail":"","medium":"","medium_large":"","large":"","ug_big":"","1536x1536":"","2048x2048":"","newsever-slider-full":"","newsever-featured":"","newsever-medium":"","web-stories-poster-portrait":"","web-stories-publisher-logo":"","web-stories-thumbnail":""},"author_info":{"display_name":"admpu17wp","author_link":"https:\/\/experienciadevida.com.ar\/portalurbano\/author\/admpu17wp\/"},"category_info":"<a href=\"https:\/\/experienciadevida.com.ar\/portalurbano\/category\/ciudad\/\" rel=\"category tag\">Ciudad<\/a> <a href=\"https:\/\/experienciadevida.com.ar\/portalurbano\/category\/destacadas\/\" rel=\"category tag\">Destacadas<\/a>","tag_info":"Destacadas","comment_count":"0","amp_enabled":true,"_links":{"self":[{"href":"https:\/\/experienciadevida.com.ar\/portalurbano\/wp-json\/wp\/v2\/posts\/145291"}],"collection":[{"href":"https:\/\/experienciadevida.com.ar\/portalurbano\/wp-json\/wp\/v2\/posts"}],"about":[{"href":"https:\/\/experienciadevida.com.ar\/portalurbano\/wp-json\/wp\/v2\/types\/post"}],"author":[{"embeddable":true,"href":"https:\/\/experienciadevida.com.ar\/portalurbano\/wp-json\/wp\/v2\/users\/1"}],"replies":[{"embeddable":true,"href":"https:\/\/experienciadevida.com.ar\/portalurbano\/wp-json\/wp\/v2\/comments?post=145291"}],"version-history":[{"count":4,"href":"https:\/\/experienciadevida.com.ar\/portalurbano\/wp-json\/wp\/v2\/posts\/145291\/revisions"}],"predecessor-version":[{"id":145295,"href":"https:\/\/experienciadevida.com.ar\/portalurbano\/wp-json\/wp\/v2\/posts\/145291\/revisions\/145295"}],"wp:attachment":[{"href":"https:\/\/experienciadevida.com.ar\/portalurbano\/wp-json\/wp\/v2\/media?parent=145291"}],"wp:term":[{"taxonomy":"category","embeddable":true,"href":"https:\/\/experienciadevida.com.ar\/portalurbano\/wp-json\/wp\/v2\/categories?post=145291"},{"taxonomy":"post_tag","embeddable":true,"href":"https:\/\/experienciadevida.com.ar\/portalurbano\/wp-json\/wp\/v2\/tags?post=145291"}],"curies":[{"name":"wp","href":"https:\/\/api.w.org\/{rel}","templated":true}]}}