{"id":145273,"date":"2021-06-15T14:40:34","date_gmt":"2021-06-15T17:40:34","guid":{"rendered":"https:\/\/experienciadevida.com.ar\/portalurbano\/?p=145273"},"modified":"2021-06-15T18:43:53","modified_gmt":"2021-06-15T21:43:53","slug":"5-municipios-continuan-en-fase-4-incluida-olavarria","status":"publish","type":"post","link":"https:\/\/experienciadevida.com.ar\/portalurbano\/5-municipios-continuan-en-fase-4-incluida-olavarria\/","title":{"rendered":"5 Municipios contin\u00faan en fase 4 inclu\u00edda Olavarr\u00eda"},"content":{"rendered":"<p>5 Municipios contin\u00faan en fase 4 inclu\u00edda Olavarr\u00eda, el jefe de Gabinete, Carlos Bianco, inform\u00f3 que se hizo una nueva actualizaci\u00f3n con los datos del cierre de la semana epidemiol\u00f3gica 23.<\/p>\n<p>Un total de 70 municipios del interior se encuentran ahora en fase 2, la de m\u00e1s restricciones; mientras que 60 permanecen en fase 3 \u2013entre ellos los 40 del AMBA\u2013 y cinco est\u00e1n en la fase 4 de mayores aperturas, seg\u00fan inform\u00f3 esta ma\u00f1ana en conferencia de prensa el jefe de Gabinete, Carlos Bianco.<\/p>\n<p>El funcionario de Axel Kicillof explic\u00f3 que el nuevo mapa \u2013que tuvo cambios poco significativos\u2013 se desprende de la semana epidemiol\u00f3gica 23, que cerr\u00f3 el pasado domingo, dos d\u00edas despu\u00e9s de que el gobernador Axel Kicillof realizara los anuncios en Casa de Gobierno.<\/p>\n<p>5 Municipios contin\u00faan en fase 4 inclu\u00edda Olavarr\u00eda, Bianco precis\u00f3 que \u201cCarmen de Areco, Guamin\u00ed y Salto pasaron de fase 2 a fase 3, lo que implica que a partir de la semana pr\u00f3xima en esos tres distritos vuelve la presencialidad, mientras que Benito Ju\u00e1rez pas\u00f3 de fase 3 a fase 4. Esos son los cambios entre la resoluci\u00f3n del d\u00eda domingo y la que vamos a presentar hoy\u201d, se\u00f1al\u00f3 el jefe de Gabinete.<\/p>\n<p>El funcionario volvi\u00f3 a responderle a los intendentes del interior que reclaman por el regreso a las aulas en sus distritos en fase 2: \u201cNo discriminamos a nadie, lo explicamos muchas veces y sigue funcionando de la misma manera\u201d, dijo. Y volvi\u00f3 a referirse a \u201cla analog\u00eda de la mancha de aceite, cuando los contagios se van extendiendo al interior y se reducen en el AMBA, que es lo que pasa ahora\u201d.<\/p>\n<p>Al respecto, plante\u00f3 no entender la pol\u00e9mica iniciada por algunos referentes de la oposici\u00f3n, que plantearon \u201cdiscriminaci\u00f3n\u201d a sus distritos, ya que \u201cel indicador es r\u00edgido y objetivo: si hay menos de 500 casos cada 100 mil habitantes en las \u00faltimas dos semanas, las clases presenciales pueden regresar\u201d.<\/p>\n<p>En el cierre de la semana epidemiol\u00f3gica 23, la incidencia de casos en el interior provincial es de 696 casos por cada 100 mil habitantes, mientras que en el AMBA es del 432 casos por cada 100 mil habitantes.<\/p>\n<p>\u201cSomos los primeros que somos conscientes de que la presencialidad es la mejor forma. Quiero explicarlo de manera detallada porque todo el tiempo se est\u00e1 con esto de especulaci\u00f3n pol\u00edtica y de acusarnos de que discriminamos distritos, nada de eso. Cero\u201d, sostuvo el jefe de ministros.<\/p>\n<p>Asimismo, rechaz\u00f3 el pedido de interpelaci\u00f3n por parte de la oposici\u00f3n a la directora General de Cultura y Educaci\u00f3n, Agustina Vila: \u201cNo hace falta. Me parece redundante, lo hacen como una nueva movida pol\u00edtica. Ma\u00f1ana voy a la Legislatura y les explico todo lo que quieran consultarme, como indica la ley. Y digo como indica la ley para recordar que el Gobierno anterior tambi\u00e9n estuvo en emergencias y nunca fueron a la Legislatura\u201d, cerr\u00f3.<\/p>\n<p>Por \u00faltimo Olavarr\u00eda se distingue entre las ciudades del interior de la provincia de Buenos Aires dado que es una de las solo cinco comunas que se encuentran en la fase 4 del DISPO.<\/p>\n<p>Fuente: DIB<\/p>\n","protected":false},"excerpt":{"rendered":"<p>5 Municipios contin\u00faan en fase 4 inclu\u00edda Olavarr\u00eda, el jefe de Gabinete, Carlos Bianco, inform\u00f3&#8230;<\/p>\n","protected":false},"author":1,"featured_media":145274,"comment_status":"closed","ping_status":"closed","sticky":false,"template":"","format":"standard","meta":{"content-type":""},"categories":[27,64],"tags":[],"nelio_content":{"isAutoShareEnabled":false,"autoShareEndMode":"default","automationSources":{"useContentSentences":true,"useSocialTemplates":true,"useCustomSentences":false,"customSentences":[]},"followers":[1],"suggestedReferences":[],"includedReferences":[],"efiUrl":"","efiAlt":"","highlights":[]},"yoast_head":"<!-- This site is optimized with the Yoast SEO plugin v20.7 - https:\/\/yoast.com\/wordpress\/plugins\/seo\/ -->\n<title>5 Municipios contin\u00faan en fase 4, inclu\u00edda Olavarr\u00eda<\/title>\n<meta name=\"description\" content=\"5 Municipios contin\u00faan en fase 4 inclu\u00edda Olavarr\u00eda, el jefe de Gabinete, Carlos Bianco, inform\u00f3 que se hizo una nueva actualizaci\u00f3n\" \/>\n<meta name=\"robots\" content=\"index, follow, max-snippet:-1, max-image-preview:large, max-video-preview:-1\" \/>\n<link rel=\"canonical\" href=\"https:\/\/experienciadevida.com.ar\/portalurbano\/5-municipios-continuan-en-fase-4-incluida-olavarria\/\" \/>\n<meta property=\"og:locale\" content=\"es_ES\" \/>\n<meta property=\"og:type\" content=\"article\" \/>\n<meta property=\"og:title\" content=\"5 Municipios contin\u00faan en fase 4, inclu\u00edda Olavarr\u00eda\" \/>\n<meta property=\"og:description\" content=\"5 Municipios contin\u00faan en fase 4 inclu\u00edda Olavarr\u00eda, el jefe de Gabinete, Carlos Bianco, inform\u00f3 que se hizo una nueva actualizaci\u00f3n\" \/>\n<meta property=\"og:url\" content=\"https:\/\/experienciadevida.com.ar\/portalurbano\/5-municipios-continuan-en-fase-4-incluida-olavarria\/\" \/>\n<meta property=\"article:publisher\" content=\"https:\/\/www.facebook.com\/Portal-Urbano-171542830093757\/\" \/>\n<meta property=\"article:published_time\" content=\"2021-06-15T17:40:34+00:00\" \/>\n<meta property=\"article:modified_time\" content=\"2021-06-15T21:43:53+00:00\" \/>\n<meta property=\"og:image\" content=\"https:\/\/experienciadevida.com.ar\/portalurbano\/wp-content\/uploads\/2021\/06\/Olavarria1.jpg\" \/>\n\t<meta property=\"og:image:width\" content=\"800\" \/>\n\t<meta property=\"og:image:height\" content=\"600\" \/>\n\t<meta property=\"og:image:type\" content=\"image\/jpeg\" \/>\n<meta name=\"author\" content=\"admpu17wp\" \/>\n<meta name=\"twitter:card\" content=\"summary_large_image\" \/>\n<meta name=\"twitter:creator\" content=\"@portalurbanook\" \/>\n<meta name=\"twitter:site\" content=\"@portalurbanook\" \/>\n<meta name=\"twitter:label1\" content=\"Escrito por\" \/>\n\t<meta name=\"twitter:data1\" content=\"admpu17wp\" \/>\n\t<meta name=\"twitter:label2\" content=\"Tiempo de lectura\" \/>\n\t<meta name=\"twitter:data2\" content=\"3 minutos\" \/>\n<script type=\"application\/ld+json\" class=\"yoast-schema-graph\">{\"@context\":\"https:\/\/schema.org\",\"@graph\":[{\"@type\":\"Article\",\"@id\":\"https:\/\/experienciadevida.com.ar\/portalurbano\/5-municipios-continuan-en-fase-4-incluida-olavarria\/#article\",\"isPartOf\":{\"@id\":\"https:\/\/experienciadevida.com.ar\/portalurbano\/5-municipios-continuan-en-fase-4-incluida-olavarria\/\"},\"author\":{\"name\":\"admpu17wp\",\"@id\":\"https:\/\/experienciadevida.com.ar\/portalurbano\/#\/schema\/person\/02dd326b1c4b056e9cc972486934a3a7\"},\"headline\":\"5 Municipios contin\u00faan en fase 4 inclu\u00edda Olavarr\u00eda\",\"datePublished\":\"2021-06-15T17:40:34+00:00\",\"dateModified\":\"2021-06-15T21:43:53+00:00\",\"mainEntityOfPage\":{\"@id\":\"https:\/\/experienciadevida.com.ar\/portalurbano\/5-municipios-continuan-en-fase-4-incluida-olavarria\/\"},\"wordCount\":536,\"publisher\":{\"@id\":\"https:\/\/experienciadevida.com.ar\/portalurbano\/#organization\"},\"articleSection\":[\"Ciudad\",\"Destacadas 2\"],\"inLanguage\":\"es\"},{\"@type\":\"WebPage\",\"@id\":\"https:\/\/experienciadevida.com.ar\/portalurbano\/5-municipios-continuan-en-fase-4-incluida-olavarria\/\",\"url\":\"https:\/\/experienciadevida.com.ar\/portalurbano\/5-municipios-continuan-en-fase-4-incluida-olavarria\/\",\"name\":\"5 Municipios contin\u00faan en fase 4, inclu\u00edda Olavarr\u00eda\",\"isPartOf\":{\"@id\":\"https:\/\/experienciadevida.com.ar\/portalurbano\/#website\"},\"datePublished\":\"2021-06-15T17:40:34+00:00\",\"dateModified\":\"2021-06-15T21:43:53+00:00\",\"description\":\"5 Municipios contin\u00faan en fase 4 inclu\u00edda Olavarr\u00eda, el jefe de Gabinete, Carlos Bianco, inform\u00f3 que se hizo una nueva actualizaci\u00f3n\",\"breadcrumb\":{\"@id\":\"https:\/\/experienciadevida.com.ar\/portalurbano\/5-municipios-continuan-en-fase-4-incluida-olavarria\/#breadcrumb\"},\"inLanguage\":\"es\",\"potentialAction\":[{\"@type\":\"ReadAction\",\"target\":[\"https:\/\/experienciadevida.com.ar\/portalurbano\/5-municipios-continuan-en-fase-4-incluida-olavarria\/\"]}]},{\"@type\":\"BreadcrumbList\",\"@id\":\"https:\/\/experienciadevida.com.ar\/portalurbano\/5-municipios-continuan-en-fase-4-incluida-olavarria\/#breadcrumb\",\"itemListElement\":[{\"@type\":\"ListItem\",\"position\":1,\"name\":\"Portada\",\"item\":\"https:\/\/experienciadevida.com.ar\/portalurbano\/\"},{\"@type\":\"ListItem\",\"position\":2,\"name\":\"5 Municipios contin\u00faan en fase 4 inclu\u00edda Olavarr\u00eda\"}]},{\"@type\":\"WebSite\",\"@id\":\"https:\/\/experienciadevida.com.ar\/portalurbano\/#website\",\"url\":\"https:\/\/experienciadevida.com.ar\/portalurbano\/\",\"name\":\"\",\"description\":\"\",\"publisher\":{\"@id\":\"https:\/\/experienciadevida.com.ar\/portalurbano\/#organization\"},\"potentialAction\":[{\"@type\":\"SearchAction\",\"target\":{\"@type\":\"EntryPoint\",\"urlTemplate\":\"https:\/\/experienciadevida.com.ar\/portalurbano\/?s={search_term_string}\"},\"query-input\":\"required name=search_term_string\"}],\"inLanguage\":\"es\"},{\"@type\":\"Organization\",\"@id\":\"https:\/\/experienciadevida.com.ar\/portalurbano\/#organization\",\"name\":\"Portal Urbano\",\"url\":\"https:\/\/experienciadevida.com.ar\/portalurbano\/\",\"logo\":{\"@type\":\"ImageObject\",\"inLanguage\":\"es\",\"@id\":\"https:\/\/experienciadevida.com.ar\/portalurbano\/#\/schema\/logo\/image\/\",\"url\":\"https:\/\/experienciadevida.com.ar\/portalurbano\/wp-content\/uploads\/2019\/09\/Logo-Original.png\",\"contentUrl\":\"https:\/\/experienciadevida.com.ar\/portalurbano\/wp-content\/uploads\/2019\/09\/Logo-Original.png\",\"width\":2236,\"height\":1216,\"caption\":\"Portal Urbano\"},\"image\":{\"@id\":\"https:\/\/experienciadevida.com.ar\/portalurbano\/#\/schema\/logo\/image\/\"},\"sameAs\":[\"https:\/\/www.facebook.com\/Portal-Urbano-171542830093757\/\",\"https:\/\/twitter.com\/portalurbanook\",\"https:\/\/www.instagram.com\/_portalurbano\/\",\"https:\/\/www.youtube.com\/channel\/UCXhagIfszH8KxFiOok79zbA?view_as=subscriber\"]},{\"@type\":\"Person\",\"@id\":\"https:\/\/experienciadevida.com.ar\/portalurbano\/#\/schema\/person\/02dd326b1c4b056e9cc972486934a3a7\",\"name\":\"admpu17wp\",\"image\":{\"@type\":\"ImageObject\",\"inLanguage\":\"es\",\"@id\":\"https:\/\/experienciadevida.com.ar\/portalurbano\/#\/schema\/person\/image\/\",\"url\":\"https:\/\/secure.gravatar.com\/avatar\/830d4c57adaae6630765e449a6908047?s=96&d=mm&r=g\",\"contentUrl\":\"https:\/\/secure.gravatar.com\/avatar\/830d4c57adaae6630765e449a6908047?s=96&d=mm&r=g\",\"caption\":\"admpu17wp\"}}]}<\/script>\n<!-- \/ Yoast SEO plugin. -->","yoast_head_json":{"title":"5 Municipios contin\u00faan en fase 4, inclu\u00edda Olavarr\u00eda","description":"5 Municipios contin\u00faan en fase 4 inclu\u00edda Olavarr\u00eda, el jefe de Gabinete, Carlos Bianco, inform\u00f3 que se hizo una nueva actualizaci\u00f3n","robots":{"index":"index","follow":"follow","max-snippet":"max-snippet:-1","max-image-preview":"max-image-preview:large","max-video-preview":"max-video-preview:-1"},"canonical":"https:\/\/experienciadevida.com.ar\/portalurbano\/5-municipios-continuan-en-fase-4-incluida-olavarria\/","og_locale":"es_ES","og_type":"article","og_title":"5 Municipios contin\u00faan en fase 4, inclu\u00edda Olavarr\u00eda","og_description":"5 Municipios contin\u00faan en fase 4 inclu\u00edda Olavarr\u00eda, el jefe de Gabinete, Carlos Bianco, inform\u00f3 que se hizo una nueva actualizaci\u00f3n","og_url":"https:\/\/experienciadevida.com.ar\/portalurbano\/5-municipios-continuan-en-fase-4-incluida-olavarria\/","article_publisher":"https:\/\/www.facebook.com\/Portal-Urbano-171542830093757\/","article_published_time":"2021-06-15T17:40:34+00:00","article_modified_time":"2021-06-15T21:43:53+00:00","og_image":[{"width":800,"height":600,"url":"https:\/\/experienciadevida.com.ar\/portalurbano\/wp-content\/uploads\/2021\/06\/Olavarria1.jpg","type":"image\/jpeg"}],"author":"admpu17wp","twitter_card":"summary_large_image","twitter_creator":"@portalurbanook","twitter_site":"@portalurbanook","twitter_misc":{"Escrito por":"admpu17wp","Tiempo de lectura":"3 minutos"},"schema":{"@context":"https:\/\/schema.org","@graph":[{"@type":"Article","@id":"https:\/\/experienciadevida.com.ar\/portalurbano\/5-municipios-continuan-en-fase-4-incluida-olavarria\/#article","isPartOf":{"@id":"https:\/\/experienciadevida.com.ar\/portalurbano\/5-municipios-continuan-en-fase-4-incluida-olavarria\/"},"author":{"name":"admpu17wp","@id":"https:\/\/experienciadevida.com.ar\/portalurbano\/#\/schema\/person\/02dd326b1c4b056e9cc972486934a3a7"},"headline":"5 Municipios contin\u00faan en fase 4 inclu\u00edda Olavarr\u00eda","datePublished":"2021-06-15T17:40:34+00:00","dateModified":"2021-06-15T21:43:53+00:00","mainEntityOfPage":{"@id":"https:\/\/experienciadevida.com.ar\/portalurbano\/5-municipios-continuan-en-fase-4-incluida-olavarria\/"},"wordCount":536,"publisher":{"@id":"https:\/\/experienciadevida.com.ar\/portalurbano\/#organization"},"articleSection":["Ciudad","Destacadas 2"],"inLanguage":"es"},{"@type":"WebPage","@id":"https:\/\/experienciadevida.com.ar\/portalurbano\/5-municipios-continuan-en-fase-4-incluida-olavarria\/","url":"https:\/\/experienciadevida.com.ar\/portalurbano\/5-municipios-continuan-en-fase-4-incluida-olavarria\/","name":"5 Municipios contin\u00faan en fase 4, inclu\u00edda Olavarr\u00eda","isPartOf":{"@id":"https:\/\/experienciadevida.com.ar\/portalurbano\/#website"},"datePublished":"2021-06-15T17:40:34+00:00","dateModified":"2021-06-15T21:43:53+00:00","description":"5 Municipios contin\u00faan en fase 4 inclu\u00edda Olavarr\u00eda, el jefe de Gabinete, Carlos Bianco, inform\u00f3 que se hizo una nueva actualizaci\u00f3n","breadcrumb":{"@id":"https:\/\/experienciadevida.com.ar\/portalurbano\/5-municipios-continuan-en-fase-4-incluida-olavarria\/#breadcrumb"},"inLanguage":"es","potentialAction":[{"@type":"ReadAction","target":["https:\/\/experienciadevida.com.ar\/portalurbano\/5-municipios-continuan-en-fase-4-incluida-olavarria\/"]}]},{"@type":"BreadcrumbList","@id":"https:\/\/experienciadevida.com.ar\/portalurbano\/5-municipios-continuan-en-fase-4-incluida-olavarria\/#breadcrumb","itemListElement":[{"@type":"ListItem","position":1,"name":"Portada","item":"https:\/\/experienciadevida.com.ar\/portalurbano\/"},{"@type":"ListItem","position":2,"name":"5 Municipios contin\u00faan en fase 4 inclu\u00edda Olavarr\u00eda"}]},{"@type":"WebSite","@id":"https:\/\/experienciadevida.com.ar\/portalurbano\/#website","url":"https:\/\/experienciadevida.com.ar\/portalurbano\/","name":"","description":"","publisher":{"@id":"https:\/\/experienciadevida.com.ar\/portalurbano\/#organization"},"potentialAction":[{"@type":"SearchAction","target":{"@type":"EntryPoint","urlTemplate":"https:\/\/experienciadevida.com.ar\/portalurbano\/?s={search_term_string}"},"query-input":"required name=search_term_string"}],"inLanguage":"es"},{"@type":"Organization","@id":"https:\/\/experienciadevida.com.ar\/portalurbano\/#organization","name":"Portal Urbano","url":"https:\/\/experienciadevida.com.ar\/portalurbano\/","logo":{"@type":"ImageObject","inLanguage":"es","@id":"https:\/\/experienciadevida.com.ar\/portalurbano\/#\/schema\/logo\/image\/","url":"https:\/\/experienciadevida.com.ar\/portalurbano\/wp-content\/uploads\/2019\/09\/Logo-Original.png","contentUrl":"https:\/\/experienciadevida.com.ar\/portalurbano\/wp-content\/uploads\/2019\/09\/Logo-Original.png","width":2236,"height":1216,"caption":"Portal Urbano"},"image":{"@id":"https:\/\/experienciadevida.com.ar\/portalurbano\/#\/schema\/logo\/image\/"},"sameAs":["https:\/\/www.facebook.com\/Portal-Urbano-171542830093757\/","https:\/\/twitter.com\/portalurbanook","https:\/\/www.instagram.com\/_portalurbano\/","https:\/\/www.youtube.com\/channel\/UCXhagIfszH8KxFiOok79zbA?view_as=subscriber"]},{"@type":"Person","@id":"https:\/\/experienciadevida.com.ar\/portalurbano\/#\/schema\/person\/02dd326b1c4b056e9cc972486934a3a7","name":"admpu17wp","image":{"@type":"ImageObject","inLanguage":"es","@id":"https:\/\/experienciadevida.com.ar\/portalurbano\/#\/schema\/person\/image\/","url":"https:\/\/secure.gravatar.com\/avatar\/830d4c57adaae6630765e449a6908047?s=96&d=mm&r=g","contentUrl":"https:\/\/secure.gravatar.com\/avatar\/830d4c57adaae6630765e449a6908047?s=96&d=mm&r=g","caption":"admpu17wp"}}]}},"featured_image_urls":{"full":["https:\/\/experienciadevida.com.ar\/portalurbano\/wp-content\/uploads\/2021\/06\/Olavarria1.jpg",800,600,false],"thumbnail":["https:\/\/experienciadevida.com.ar\/portalurbano\/wp-content\/uploads\/2021\/06\/Olavarria1-150x150.jpg",150,150,true],"medium":["https:\/\/experienciadevida.com.ar\/portalurbano\/wp-content\/uploads\/2021\/06\/Olavarria1-300x225.jpg",300,225,true],"medium_large":["https:\/\/experienciadevida.com.ar\/portalurbano\/wp-content\/uploads\/2021\/06\/Olavarria1-768x576.jpg",640,480,true],"large":["https:\/\/experienciadevida.com.ar\/portalurbano\/wp-content\/uploads\/2021\/06\/Olavarria1.jpg",640,480,false],"ug_big":["https:\/\/experienciadevida.com.ar\/portalurbano\/wp-content\/uploads\/2021\/06\/Olavarria1-768x576.jpg",768,576,true],"1536x1536":["https:\/\/experienciadevida.com.ar\/portalurbano\/wp-content\/uploads\/2021\/06\/Olavarria1.jpg",800,600,false],"2048x2048":["https:\/\/experienciadevida.com.ar\/portalurbano\/wp-content\/uploads\/2021\/06\/Olavarria1.jpg",800,600,false],"newsever-slider-full":["https:\/\/experienciadevida.com.ar\/portalurbano\/wp-content\/uploads\/2021\/06\/Olavarria1.jpg",800,600,false],"newsever-featured":["https:\/\/experienciadevida.com.ar\/portalurbano\/wp-content\/uploads\/2021\/06\/Olavarria1.jpg",800,600,false],"newsever-medium":["https:\/\/experienciadevida.com.ar\/portalurbano\/wp-content\/uploads\/2021\/06\/Olavarria1.jpg",633,475,false],"web-stories-poster-portrait":["https:\/\/experienciadevida.com.ar\/portalurbano\/wp-content\/uploads\/2021\/06\/Olavarria1.jpg",640,480,false],"web-stories-publisher-logo":["https:\/\/experienciadevida.com.ar\/portalurbano\/wp-content\/uploads\/2021\/06\/Olavarria1.jpg",96,72,false],"web-stories-thumbnail":["https:\/\/experienciadevida.com.ar\/portalurbano\/wp-content\/uploads\/2021\/06\/Olavarria1.jpg",150,113,false]},"author_info":{"display_name":"admpu17wp","author_link":"https:\/\/experienciadevida.com.ar\/portalurbano\/author\/admpu17wp\/"},"category_info":"<a href=\"https:\/\/experienciadevida.com.ar\/portalurbano\/category\/ciudad\/\" rel=\"category tag\">Ciudad<\/a> <a href=\"https:\/\/experienciadevida.com.ar\/portalurbano\/category\/destacadas-2\/\" rel=\"category tag\">Destacadas 2<\/a>","tag_info":"Destacadas 2","comment_count":"0","amp_enabled":true,"_links":{"self":[{"href":"https:\/\/experienciadevida.com.ar\/portalurbano\/wp-json\/wp\/v2\/posts\/145273"}],"collection":[{"href":"https:\/\/experienciadevida.com.ar\/portalurbano\/wp-json\/wp\/v2\/posts"}],"about":[{"href":"https:\/\/experienciadevida.com.ar\/portalurbano\/wp-json\/wp\/v2\/types\/post"}],"author":[{"embeddable":true,"href":"https:\/\/experienciadevida.com.ar\/portalurbano\/wp-json\/wp\/v2\/users\/1"}],"replies":[{"embeddable":true,"href":"https:\/\/experienciadevida.com.ar\/portalurbano\/wp-json\/wp\/v2\/comments?post=145273"}],"version-history":[{"count":4,"href":"https:\/\/experienciadevida.com.ar\/portalurbano\/wp-json\/wp\/v2\/posts\/145273\/revisions"}],"predecessor-version":[{"id":145279,"href":"https:\/\/experienciadevida.com.ar\/portalurbano\/wp-json\/wp\/v2\/posts\/145273\/revisions\/145279"}],"wp:featuredmedia":[{"embeddable":true,"href":"https:\/\/experienciadevida.com.ar\/portalurbano\/wp-json\/wp\/v2\/media\/145274"}],"wp:attachment":[{"href":"https:\/\/experienciadevida.com.ar\/portalurbano\/wp-json\/wp\/v2\/media?parent=145273"}],"wp:term":[{"taxonomy":"category","embeddable":true,"href":"https:\/\/experienciadevida.com.ar\/portalurbano\/wp-json\/wp\/v2\/categories?post=145273"},{"taxonomy":"post_tag","embeddable":true,"href":"https:\/\/experienciadevida.com.ar\/portalurbano\/wp-json\/wp\/v2\/tags?post=145273"}],"curies":[{"name":"wp","href":"https:\/\/api.w.org\/{rel}","templated":true}]}}