{"id":145260,"date":"2021-06-15T12:50:04","date_gmt":"2021-06-15T15:50:04","guid":{"rendered":"https:\/\/experienciadevida.com.ar\/portalurbano\/?p=145260"},"modified":"2021-06-15T12:53:19","modified_gmt":"2021-06-15T15:53:19","slug":"en-el-dia-del-libro-hay-que-mantener-el-espiritu-de-la-lectura-de-papel-que-tanta-magia-tiene","status":"publish","type":"post","link":"https:\/\/experienciadevida.com.ar\/portalurbano\/en-el-dia-del-libro-hay-que-mantener-el-espiritu-de-la-lectura-de-papel-que-tanta-magia-tiene\/","title":{"rendered":"En el d\u00eda del libro: &#8220;Hay que mantener el esp\u00edritu de la lectura de papel que tanta magia tiene\u201d"},"content":{"rendered":"<p>En el d\u00eda del libro: &#8220;Hay que mantener el esp\u00edritu de la lectura de papel que tanta magia tiene\u201d, el <a href=\"https:\/\/www.facebook.com\/galliezequiel\">Intendente<\/a> visit\u00f3 la Biblioteca Popular \u201cH\u00e9ctor N. Amoroso\u201d -ubicada en el barrio Luj\u00e1n- en el marco del D\u00eda Nacional del Libro, que se celebra el d\u00eda 15 de junio.<\/p>\n<p>En la oportunidad, el Intendente estuvo acompa\u00f1ado del secretario de Desarrollo Humano y Calidad de Vida Diego Robbiani. All\u00ed, en el lugar fueron recibidos por las autoridades de la comisi\u00f3n directiva Mar\u00eda D\u00edaz (presidenta) y M\u00f3nica Goyenetche (tesorera) y empleados de la biblioteca popular.<\/p>\n<p>El espacio cuenta con 26.700 ejemplares y tiene 300 socios activos. Entre las opciones preferidas por lectores que asisten habitualmente, se encuentran: novela hist\u00f3rica, rom\u00e1ntica, argentina y literatura infantil.<\/p>\n<p>El lugar funciona de lunes a viernes, en el horario de 09:00 a 12:00 y de 14:30 a 17:00 horas.<\/p>\n<p>En el d\u00eda del libro, tras la visita, el Intendente brind\u00f3 una entrevista para Radio Universidad, donde destac\u00f3 que la instituci\u00f3n es \u201cuna biblioteca hist\u00f3rica de la ciudad, que tiene un trabajo importante en el barrio, con m\u00e1s de 300 socios activos\u201d.<\/p>\n<p>Asimismo, Galli remarc\u00f3 que \u201cen esta \u00e9poca de pandemia ha crecido mucho la actividad\u201d, de acuerdo a lo manifestado por las autoridades de la comisi\u00f3n directiva.<\/p>\n<p>\u201cLas instalaciones est\u00e1n muy cuidadas, se trabaja a pulm\u00f3n -si bien hay empleados- la gente de la comisi\u00f3n hace su labor con mucho esfuerzo, con el esp\u00edritu de mantener viva la llama de la lectura y que la gente pueda tener un libro para leer en casa o hacer tareas en la escuela\u201d, expres\u00f3.<\/p>\n<p>\u201cSon instituciones importantes que queremos que sigan estando, que crezcan, hay que mantener el esp\u00edritu de la lectura de papel que tanta magia tiene\u201d, manifest\u00f3 Galli.<\/p>\n<p>\u201cTener tiempo para sentarse un par de horas a leer un libro, es algo que se disfruta mucho, pero cuesta encontrar ese momento. Es importante transmitir a nuestros hijos leer en \u2018libro papel\u2019, es algo que tenemos que hacer. Me he comprado libros digitales, pero no es lo mismo. El olor a papel del libro es algo que tiene su magia\u201d, consider\u00f3.<\/p>\n<p><a href=\"https:\/\/experienciadevida.com.ar\/portalurbano\/en-el-dia-del-libro-hay-que-mantener-el-espiritu-de-la-lectura-de-papel-que-tanta-magia-tiene\/en-el-dia\/\" rel=\"attachment wp-att-145263\"><img decoding=\"async\" class=\"alignnone size-large wp-image-145263\" src=\"https:\/\/experienciadevida.com.ar\/portalurbano\/wp-content\/uploads\/2021\/06\/En-el-dia-1024x684.jpg\" alt=\"En el d\u00eda \" width=\"900\" height=\"601\" \/><\/a><\/p>\n<p><a href=\"https:\/\/experienciadevida.com.ar\/portalurbano\/en-el-dia-del-libro-hay-que-mantener-el-espiritu-de-la-lectura-de-papel-que-tanta-magia-tiene\/del-libro\/\" rel=\"attachment wp-att-145265\"><img decoding=\"async\" class=\"alignnone size-large wp-image-145265\" src=\"https:\/\/experienciadevida.com.ar\/portalurbano\/wp-content\/uploads\/2021\/06\/del-libro-1024x684.jpg\" alt=\"del libro\" width=\"900\" height=\"601\" \/><\/a><\/p>\n","protected":false},"excerpt":{"rendered":"<p>En el d\u00eda del libro: &#8220;Hay que mantener el esp\u00edritu de la lectura de papel&#8230;<\/p>\n","protected":false},"author":1,"featured_media":145261,"comment_status":"closed","ping_status":"closed","sticky":false,"template":"","format":"standard","meta":{"content-type":""},"categories":[27,64],"tags":[],"nelio_content":{"isAutoShareEnabled":false,"autoShareEndMode":"default","automationSources":{"useContentSentences":true,"useSocialTemplates":true,"useCustomSentences":false,"customSentences":[]},"followers":[1],"suggestedReferences":[],"includedReferences":[],"efiUrl":"","efiAlt":"","highlights":[]},"yoast_head":"<!-- This site is optimized with the Yoast SEO plugin v20.7 - https:\/\/yoast.com\/wordpress\/plugins\/seo\/ -->\n<title>En el d\u00eda del libro: &quot;Hay que mantener el esp\u00edritu de la lectura de papel&quot;<\/title>\n<meta name=\"description\" content=\"En el d\u00eda del libro: &quot;Hay que mantener el esp\u00edritu de la lectura de papel que tanta magia tiene\u201d, el Intendente visit\u00f3 la Biblioteca Amoroso\" \/>\n<meta name=\"robots\" content=\"index, follow, max-snippet:-1, max-image-preview:large, max-video-preview:-1\" \/>\n<link rel=\"canonical\" href=\"https:\/\/experienciadevida.com.ar\/portalurbano\/en-el-dia-del-libro-hay-que-mantener-el-espiritu-de-la-lectura-de-papel-que-tanta-magia-tiene\/\" \/>\n<meta property=\"og:locale\" content=\"es_ES\" \/>\n<meta property=\"og:type\" content=\"article\" \/>\n<meta property=\"og:title\" content=\"En el d\u00eda del libro: &quot;Hay que mantener el esp\u00edritu de la lectura de papel&quot;\" \/>\n<meta property=\"og:description\" content=\"En el d\u00eda del libro: &quot;Hay que mantener el esp\u00edritu de la lectura de papel que tanta magia tiene\u201d, el Intendente visit\u00f3 la Biblioteca Amoroso\" \/>\n<meta property=\"og:url\" content=\"https:\/\/experienciadevida.com.ar\/portalurbano\/en-el-dia-del-libro-hay-que-mantener-el-espiritu-de-la-lectura-de-papel-que-tanta-magia-tiene\/\" \/>\n<meta property=\"article:publisher\" content=\"https:\/\/www.facebook.com\/Portal-Urbano-171542830093757\/\" \/>\n<meta property=\"article:published_time\" content=\"2021-06-15T15:50:04+00:00\" \/>\n<meta property=\"article:modified_time\" content=\"2021-06-15T15:53:19+00:00\" \/>\n<meta property=\"og:image\" content=\"https:\/\/experienciadevida.com.ar\/portalurbano\/wp-content\/uploads\/2021\/06\/En-el-dia-del-libro-e1623772169499.jpg\" \/>\n\t<meta property=\"og:image:width\" content=\"765\" \/>\n\t<meta property=\"og:image:height\" content=\"511\" \/>\n\t<meta property=\"og:image:type\" content=\"image\/jpeg\" \/>\n<meta name=\"author\" content=\"admpu17wp\" \/>\n<meta name=\"twitter:card\" content=\"summary_large_image\" \/>\n<meta name=\"twitter:creator\" content=\"@portalurbanook\" \/>\n<meta name=\"twitter:site\" content=\"@portalurbanook\" \/>\n<meta name=\"twitter:label1\" content=\"Escrito por\" \/>\n\t<meta name=\"twitter:data1\" content=\"admpu17wp\" \/>\n\t<meta name=\"twitter:label2\" content=\"Tiempo de lectura\" \/>\n\t<meta name=\"twitter:data2\" content=\"2 minutos\" \/>\n<script type=\"application\/ld+json\" class=\"yoast-schema-graph\">{\"@context\":\"https:\/\/schema.org\",\"@graph\":[{\"@type\":\"Article\",\"@id\":\"https:\/\/experienciadevida.com.ar\/portalurbano\/en-el-dia-del-libro-hay-que-mantener-el-espiritu-de-la-lectura-de-papel-que-tanta-magia-tiene\/#article\",\"isPartOf\":{\"@id\":\"https:\/\/experienciadevida.com.ar\/portalurbano\/en-el-dia-del-libro-hay-que-mantener-el-espiritu-de-la-lectura-de-papel-que-tanta-magia-tiene\/\"},\"author\":{\"name\":\"admpu17wp\",\"@id\":\"https:\/\/experienciadevida.com.ar\/portalurbano\/#\/schema\/person\/02dd326b1c4b056e9cc972486934a3a7\"},\"headline\":\"En el d\u00eda del libro: &#8220;Hay que mantener el esp\u00edritu de la lectura de papel que tanta magia tiene\u201d\",\"datePublished\":\"2021-06-15T15:50:04+00:00\",\"dateModified\":\"2021-06-15T15:53:19+00:00\",\"mainEntityOfPage\":{\"@id\":\"https:\/\/experienciadevida.com.ar\/portalurbano\/en-el-dia-del-libro-hay-que-mantener-el-espiritu-de-la-lectura-de-papel-que-tanta-magia-tiene\/\"},\"wordCount\":388,\"publisher\":{\"@id\":\"https:\/\/experienciadevida.com.ar\/portalurbano\/#organization\"},\"articleSection\":[\"Ciudad\",\"Destacadas 2\"],\"inLanguage\":\"es\"},{\"@type\":\"WebPage\",\"@id\":\"https:\/\/experienciadevida.com.ar\/portalurbano\/en-el-dia-del-libro-hay-que-mantener-el-espiritu-de-la-lectura-de-papel-que-tanta-magia-tiene\/\",\"url\":\"https:\/\/experienciadevida.com.ar\/portalurbano\/en-el-dia-del-libro-hay-que-mantener-el-espiritu-de-la-lectura-de-papel-que-tanta-magia-tiene\/\",\"name\":\"En el d\u00eda del libro: \\\"Hay que mantener el esp\u00edritu de la lectura de papel\\\"\",\"isPartOf\":{\"@id\":\"https:\/\/experienciadevida.com.ar\/portalurbano\/#website\"},\"datePublished\":\"2021-06-15T15:50:04+00:00\",\"dateModified\":\"2021-06-15T15:53:19+00:00\",\"description\":\"En el d\u00eda del libro: \\\"Hay que mantener el esp\u00edritu de la lectura de papel que tanta magia tiene\u201d, el Intendente visit\u00f3 la Biblioteca Amoroso\",\"breadcrumb\":{\"@id\":\"https:\/\/experienciadevida.com.ar\/portalurbano\/en-el-dia-del-libro-hay-que-mantener-el-espiritu-de-la-lectura-de-papel-que-tanta-magia-tiene\/#breadcrumb\"},\"inLanguage\":\"es\",\"potentialAction\":[{\"@type\":\"ReadAction\",\"target\":[\"https:\/\/experienciadevida.com.ar\/portalurbano\/en-el-dia-del-libro-hay-que-mantener-el-espiritu-de-la-lectura-de-papel-que-tanta-magia-tiene\/\"]}]},{\"@type\":\"BreadcrumbList\",\"@id\":\"https:\/\/experienciadevida.com.ar\/portalurbano\/en-el-dia-del-libro-hay-que-mantener-el-espiritu-de-la-lectura-de-papel-que-tanta-magia-tiene\/#breadcrumb\",\"itemListElement\":[{\"@type\":\"ListItem\",\"position\":1,\"name\":\"Portada\",\"item\":\"https:\/\/experienciadevida.com.ar\/portalurbano\/\"},{\"@type\":\"ListItem\",\"position\":2,\"name\":\"En el d\u00eda del libro: \u00abHay que mantener el esp\u00edritu de la lectura de papel que tanta magia tiene\u201d\"}]},{\"@type\":\"WebSite\",\"@id\":\"https:\/\/experienciadevida.com.ar\/portalurbano\/#website\",\"url\":\"https:\/\/experienciadevida.com.ar\/portalurbano\/\",\"name\":\"\",\"description\":\"\",\"publisher\":{\"@id\":\"https:\/\/experienciadevida.com.ar\/portalurbano\/#organization\"},\"potentialAction\":[{\"@type\":\"SearchAction\",\"target\":{\"@type\":\"EntryPoint\",\"urlTemplate\":\"https:\/\/experienciadevida.com.ar\/portalurbano\/?s={search_term_string}\"},\"query-input\":\"required name=search_term_string\"}],\"inLanguage\":\"es\"},{\"@type\":\"Organization\",\"@id\":\"https:\/\/experienciadevida.com.ar\/portalurbano\/#organization\",\"name\":\"Portal Urbano\",\"url\":\"https:\/\/experienciadevida.com.ar\/portalurbano\/\",\"logo\":{\"@type\":\"ImageObject\",\"inLanguage\":\"es\",\"@id\":\"https:\/\/experienciadevida.com.ar\/portalurbano\/#\/schema\/logo\/image\/\",\"url\":\"https:\/\/experienciadevida.com.ar\/portalurbano\/wp-content\/uploads\/2019\/09\/Logo-Original.png\",\"contentUrl\":\"https:\/\/experienciadevida.com.ar\/portalurbano\/wp-content\/uploads\/2019\/09\/Logo-Original.png\",\"width\":2236,\"height\":1216,\"caption\":\"Portal Urbano\"},\"image\":{\"@id\":\"https:\/\/experienciadevida.com.ar\/portalurbano\/#\/schema\/logo\/image\/\"},\"sameAs\":[\"https:\/\/www.facebook.com\/Portal-Urbano-171542830093757\/\",\"https:\/\/twitter.com\/portalurbanook\",\"https:\/\/www.instagram.com\/_portalurbano\/\",\"https:\/\/www.youtube.com\/channel\/UCXhagIfszH8KxFiOok79zbA?view_as=subscriber\"]},{\"@type\":\"Person\",\"@id\":\"https:\/\/experienciadevida.com.ar\/portalurbano\/#\/schema\/person\/02dd326b1c4b056e9cc972486934a3a7\",\"name\":\"admpu17wp\",\"image\":{\"@type\":\"ImageObject\",\"inLanguage\":\"es\",\"@id\":\"https:\/\/experienciadevida.com.ar\/portalurbano\/#\/schema\/person\/image\/\",\"url\":\"https:\/\/secure.gravatar.com\/avatar\/830d4c57adaae6630765e449a6908047?s=96&d=mm&r=g\",\"contentUrl\":\"https:\/\/secure.gravatar.com\/avatar\/830d4c57adaae6630765e449a6908047?s=96&d=mm&r=g\",\"caption\":\"admpu17wp\"}}]}<\/script>\n<!-- \/ Yoast SEO plugin. -->","yoast_head_json":{"title":"En el d\u00eda del libro: \"Hay que mantener el esp\u00edritu de la lectura de papel\"","description":"En el d\u00eda del libro: \"Hay que mantener el esp\u00edritu de la lectura de papel que tanta magia tiene\u201d, el Intendente visit\u00f3 la Biblioteca Amoroso","robots":{"index":"index","follow":"follow","max-snippet":"max-snippet:-1","max-image-preview":"max-image-preview:large","max-video-preview":"max-video-preview:-1"},"canonical":"https:\/\/experienciadevida.com.ar\/portalurbano\/en-el-dia-del-libro-hay-que-mantener-el-espiritu-de-la-lectura-de-papel-que-tanta-magia-tiene\/","og_locale":"es_ES","og_type":"article","og_title":"En el d\u00eda del libro: \"Hay que mantener el esp\u00edritu de la lectura de papel\"","og_description":"En el d\u00eda del libro: \"Hay que mantener el esp\u00edritu de la lectura de papel que tanta magia tiene\u201d, el Intendente visit\u00f3 la Biblioteca Amoroso","og_url":"https:\/\/experienciadevida.com.ar\/portalurbano\/en-el-dia-del-libro-hay-que-mantener-el-espiritu-de-la-lectura-de-papel-que-tanta-magia-tiene\/","article_publisher":"https:\/\/www.facebook.com\/Portal-Urbano-171542830093757\/","article_published_time":"2021-06-15T15:50:04+00:00","article_modified_time":"2021-06-15T15:53:19+00:00","og_image":[{"width":765,"height":511,"url":"https:\/\/experienciadevida.com.ar\/portalurbano\/wp-content\/uploads\/2021\/06\/En-el-dia-del-libro-e1623772169499.jpg","type":"image\/jpeg"}],"author":"admpu17wp","twitter_card":"summary_large_image","twitter_creator":"@portalurbanook","twitter_site":"@portalurbanook","twitter_misc":{"Escrito por":"admpu17wp","Tiempo de lectura":"2 minutos"},"schema":{"@context":"https:\/\/schema.org","@graph":[{"@type":"Article","@id":"https:\/\/experienciadevida.com.ar\/portalurbano\/en-el-dia-del-libro-hay-que-mantener-el-espiritu-de-la-lectura-de-papel-que-tanta-magia-tiene\/#article","isPartOf":{"@id":"https:\/\/experienciadevida.com.ar\/portalurbano\/en-el-dia-del-libro-hay-que-mantener-el-espiritu-de-la-lectura-de-papel-que-tanta-magia-tiene\/"},"author":{"name":"admpu17wp","@id":"https:\/\/experienciadevida.com.ar\/portalurbano\/#\/schema\/person\/02dd326b1c4b056e9cc972486934a3a7"},"headline":"En el d\u00eda del libro: &#8220;Hay que mantener el esp\u00edritu de la lectura de papel que tanta magia tiene\u201d","datePublished":"2021-06-15T15:50:04+00:00","dateModified":"2021-06-15T15:53:19+00:00","mainEntityOfPage":{"@id":"https:\/\/experienciadevida.com.ar\/portalurbano\/en-el-dia-del-libro-hay-que-mantener-el-espiritu-de-la-lectura-de-papel-que-tanta-magia-tiene\/"},"wordCount":388,"publisher":{"@id":"https:\/\/experienciadevida.com.ar\/portalurbano\/#organization"},"articleSection":["Ciudad","Destacadas 2"],"inLanguage":"es"},{"@type":"WebPage","@id":"https:\/\/experienciadevida.com.ar\/portalurbano\/en-el-dia-del-libro-hay-que-mantener-el-espiritu-de-la-lectura-de-papel-que-tanta-magia-tiene\/","url":"https:\/\/experienciadevida.com.ar\/portalurbano\/en-el-dia-del-libro-hay-que-mantener-el-espiritu-de-la-lectura-de-papel-que-tanta-magia-tiene\/","name":"En el d\u00eda del libro: \"Hay que mantener el esp\u00edritu de la lectura de papel\"","isPartOf":{"@id":"https:\/\/experienciadevida.com.ar\/portalurbano\/#website"},"datePublished":"2021-06-15T15:50:04+00:00","dateModified":"2021-06-15T15:53:19+00:00","description":"En el d\u00eda del libro: \"Hay que mantener el esp\u00edritu de la lectura de papel que tanta magia tiene\u201d, el Intendente visit\u00f3 la Biblioteca Amoroso","breadcrumb":{"@id":"https:\/\/experienciadevida.com.ar\/portalurbano\/en-el-dia-del-libro-hay-que-mantener-el-espiritu-de-la-lectura-de-papel-que-tanta-magia-tiene\/#breadcrumb"},"inLanguage":"es","potentialAction":[{"@type":"ReadAction","target":["https:\/\/experienciadevida.com.ar\/portalurbano\/en-el-dia-del-libro-hay-que-mantener-el-espiritu-de-la-lectura-de-papel-que-tanta-magia-tiene\/"]}]},{"@type":"BreadcrumbList","@id":"https:\/\/experienciadevida.com.ar\/portalurbano\/en-el-dia-del-libro-hay-que-mantener-el-espiritu-de-la-lectura-de-papel-que-tanta-magia-tiene\/#breadcrumb","itemListElement":[{"@type":"ListItem","position":1,"name":"Portada","item":"https:\/\/experienciadevida.com.ar\/portalurbano\/"},{"@type":"ListItem","position":2,"name":"En el d\u00eda del libro: \u00abHay que mantener el esp\u00edritu de la lectura de papel que tanta magia tiene\u201d"}]},{"@type":"WebSite","@id":"https:\/\/experienciadevida.com.ar\/portalurbano\/#website","url":"https:\/\/experienciadevida.com.ar\/portalurbano\/","name":"","description":"","publisher":{"@id":"https:\/\/experienciadevida.com.ar\/portalurbano\/#organization"},"potentialAction":[{"@type":"SearchAction","target":{"@type":"EntryPoint","urlTemplate":"https:\/\/experienciadevida.com.ar\/portalurbano\/?s={search_term_string}"},"query-input":"required name=search_term_string"}],"inLanguage":"es"},{"@type":"Organization","@id":"https:\/\/experienciadevida.com.ar\/portalurbano\/#organization","name":"Portal Urbano","url":"https:\/\/experienciadevida.com.ar\/portalurbano\/","logo":{"@type":"ImageObject","inLanguage":"es","@id":"https:\/\/experienciadevida.com.ar\/portalurbano\/#\/schema\/logo\/image\/","url":"https:\/\/experienciadevida.com.ar\/portalurbano\/wp-content\/uploads\/2019\/09\/Logo-Original.png","contentUrl":"https:\/\/experienciadevida.com.ar\/portalurbano\/wp-content\/uploads\/2019\/09\/Logo-Original.png","width":2236,"height":1216,"caption":"Portal Urbano"},"image":{"@id":"https:\/\/experienciadevida.com.ar\/portalurbano\/#\/schema\/logo\/image\/"},"sameAs":["https:\/\/www.facebook.com\/Portal-Urbano-171542830093757\/","https:\/\/twitter.com\/portalurbanook","https:\/\/www.instagram.com\/_portalurbano\/","https:\/\/www.youtube.com\/channel\/UCXhagIfszH8KxFiOok79zbA?view_as=subscriber"]},{"@type":"Person","@id":"https:\/\/experienciadevida.com.ar\/portalurbano\/#\/schema\/person\/02dd326b1c4b056e9cc972486934a3a7","name":"admpu17wp","image":{"@type":"ImageObject","inLanguage":"es","@id":"https:\/\/experienciadevida.com.ar\/portalurbano\/#\/schema\/person\/image\/","url":"https:\/\/secure.gravatar.com\/avatar\/830d4c57adaae6630765e449a6908047?s=96&d=mm&r=g","contentUrl":"https:\/\/secure.gravatar.com\/avatar\/830d4c57adaae6630765e449a6908047?s=96&d=mm&r=g","caption":"admpu17wp"}}]}},"featured_image_urls":{"full":["https:\/\/experienciadevida.com.ar\/portalurbano\/wp-content\/uploads\/2021\/06\/En-el-dia-del-libro-e1623772169499.jpg",765,511,false],"thumbnail":["https:\/\/experienciadevida.com.ar\/portalurbano\/wp-content\/uploads\/2021\/06\/En-el-dia-del-libro-150x150.jpg",150,150,true],"medium":["https:\/\/experienciadevida.com.ar\/portalurbano\/wp-content\/uploads\/2021\/06\/En-el-dia-del-libro-300x201.jpg",300,201,true],"medium_large":["https:\/\/experienciadevida.com.ar\/portalurbano\/wp-content\/uploads\/2021\/06\/En-el-dia-del-libro-768x513.jpg",640,428,true],"large":["https:\/\/experienciadevida.com.ar\/portalurbano\/wp-content\/uploads\/2021\/06\/En-el-dia-del-libro-1024x684.jpg",640,428,true],"ug_big":["https:\/\/experienciadevida.com.ar\/portalurbano\/wp-content\/uploads\/2021\/06\/En-el-dia-del-libro-768x513.jpg",768,513,true],"1536x1536":["https:\/\/experienciadevida.com.ar\/portalurbano\/wp-content\/uploads\/2021\/06\/En-el-dia-del-libro-1536x1027.jpg",1536,1027,true],"2048x2048":["https:\/\/experienciadevida.com.ar\/portalurbano\/wp-content\/uploads\/2021\/06\/En-el-dia-del-libro-2048x1369.jpg",2048,1369,true],"newsever-slider-full":["https:\/\/experienciadevida.com.ar\/portalurbano\/wp-content\/uploads\/2021\/06\/En-el-dia-del-libro-e1623772169499.jpg",765,511,false],"newsever-featured":["https:\/\/experienciadevida.com.ar\/portalurbano\/wp-content\/uploads\/2021\/06\/En-el-dia-del-libro-e1623772169499.jpg",765,511,false],"newsever-medium":["https:\/\/experienciadevida.com.ar\/portalurbano\/wp-content\/uploads\/2021\/06\/En-el-dia-del-libro-e1623772169499.jpg",711,475,false],"web-stories-poster-portrait":["https:\/\/experienciadevida.com.ar\/portalurbano\/wp-content\/uploads\/2021\/06\/En-el-dia-del-libro-e1623772169499.jpg",640,428,false],"web-stories-publisher-logo":["https:\/\/experienciadevida.com.ar\/portalurbano\/wp-content\/uploads\/2021\/06\/En-el-dia-del-libro-e1623772169499.jpg",96,64,false],"web-stories-thumbnail":["https:\/\/experienciadevida.com.ar\/portalurbano\/wp-content\/uploads\/2021\/06\/En-el-dia-del-libro-e1623772169499.jpg",150,100,false]},"author_info":{"display_name":"admpu17wp","author_link":"https:\/\/experienciadevida.com.ar\/portalurbano\/author\/admpu17wp\/"},"category_info":"<a href=\"https:\/\/experienciadevida.com.ar\/portalurbano\/category\/ciudad\/\" rel=\"category tag\">Ciudad<\/a> <a href=\"https:\/\/experienciadevida.com.ar\/portalurbano\/category\/destacadas-2\/\" rel=\"category tag\">Destacadas 2<\/a>","tag_info":"Destacadas 2","comment_count":"0","amp_enabled":true,"_links":{"self":[{"href":"https:\/\/experienciadevida.com.ar\/portalurbano\/wp-json\/wp\/v2\/posts\/145260"}],"collection":[{"href":"https:\/\/experienciadevida.com.ar\/portalurbano\/wp-json\/wp\/v2\/posts"}],"about":[{"href":"https:\/\/experienciadevida.com.ar\/portalurbano\/wp-json\/wp\/v2\/types\/post"}],"author":[{"embeddable":true,"href":"https:\/\/experienciadevida.com.ar\/portalurbano\/wp-json\/wp\/v2\/users\/1"}],"replies":[{"embeddable":true,"href":"https:\/\/experienciadevida.com.ar\/portalurbano\/wp-json\/wp\/v2\/comments?post=145260"}],"version-history":[{"count":3,"href":"https:\/\/experienciadevida.com.ar\/portalurbano\/wp-json\/wp\/v2\/posts\/145260\/revisions"}],"predecessor-version":[{"id":145266,"href":"https:\/\/experienciadevida.com.ar\/portalurbano\/wp-json\/wp\/v2\/posts\/145260\/revisions\/145266"}],"wp:featuredmedia":[{"embeddable":true,"href":"https:\/\/experienciadevida.com.ar\/portalurbano\/wp-json\/wp\/v2\/media\/145261"}],"wp:attachment":[{"href":"https:\/\/experienciadevida.com.ar\/portalurbano\/wp-json\/wp\/v2\/media?parent=145260"}],"wp:term":[{"taxonomy":"category","embeddable":true,"href":"https:\/\/experienciadevida.com.ar\/portalurbano\/wp-json\/wp\/v2\/categories?post=145260"},{"taxonomy":"post_tag","embeddable":true,"href":"https:\/\/experienciadevida.com.ar\/portalurbano\/wp-json\/wp\/v2\/tags?post=145260"}],"curies":[{"name":"wp","href":"https:\/\/api.w.org\/{rel}","templated":true}]}}