{"id":145255,"date":"2021-06-15T12:44:28","date_gmt":"2021-06-15T15:44:28","guid":{"rendered":"https:\/\/experienciadevida.com.ar\/portalurbano\/?p=145255"},"modified":"2021-06-15T12:48:22","modified_gmt":"2021-06-15T15:48:22","slug":"este-miercoles-se-reune-el-foro-de-las-localidades-del-foro-olavarria","status":"publish","type":"post","link":"https:\/\/experienciadevida.com.ar\/portalurbano\/este-miercoles-se-reune-el-foro-de-las-localidades-del-foro-olavarria\/","title":{"rendered":"Este mi\u00e9rcoles se re\u00fane el Foro de las localidades del Foro Olavarr\u00eda"},"content":{"rendered":"<p>Este mi\u00e9rcoles se re\u00fane el Foro de las localidades del Foro Olavarr\u00eda. El concejal del Foro Olavarr\u00eda, Eduardo Rodr\u00edguez, y Gast\u00f3n Sarachu, integrante del equipo, brindaron precisiones.<\/p>\n<p>El concejal del Foro Olavarr\u00eda, Eduardo Rodr\u00edguez, y Gast\u00f3n Sarachu, integrante del equipo, brindaron precisiones.<\/p>\n<p>El Foro de las Localidades, nucleado en el espacio que conducen el concejal Eduardo <a href=\"https:\/\/www.facebook.com\/rodriguezolav\">Rodr\u00edguez<\/a> y la concejal In\u00e9s Creimer, Foro Olavarr\u00eda, se trata de<br \/>\nuna iniciativa con el objetivo de atender a las necesidades de las localidades del Partido de Olavarr\u00eda.<\/p>\n<p>&#8220;Somos un espacio abierto, con mucho trabajo comunitario y cultural, y con propuestas para el progreso de Olavarr\u00eda y las localidades&#8221; exclam\u00f3 el<br \/>\nconcejal Eduardo Rodr\u00edguez. Adem\u00e1s, sostuvo que \u201csiempre consideramos la importancia de tener esa mirada de apertura, y que la gente que quiera<br \/>\nparticipar y comprometerse pol\u00edticamente tenga la oportunidad de hacerlo\u201d.<\/p>\n<p>Este mi\u00e9rcoles se re\u00fane el Foro de las localidades, El Foro de las Localidades del Foro Olavarr\u00eda \u201cse trata de un \u00e1mbito integrado por vecinos de las distintas localidades del partido de Olavarr\u00eda con el objetivo de trabajar en propuestas concretas a favor del desarrollo en los pueblos\u201d, afirm\u00f3 Gast\u00f3n Sarachu. De esta manera, \u201cel espacio est\u00e1 abierto para aquellas personas que buscan un lugar para canalizar sus proyectos y se sienten representadas con Sergio Massa\u201d, concluy\u00f3.<\/p>\n<p>Este mi\u00e9rcoles se re\u00fane el Foro de las localidades, para m\u00e1s informaci\u00f3n de los proyectos se podr\u00e1n acerca a la Casa Eduardo \u201cChino\u201d Correa, en Belgrano 3222, de lunes a viernes de 9 a 13 hs. O comunicarse mediante las siguientes v\u00edas:<\/p>\n<p>WhatsApp: 2284 554873<\/p>\n<p>E-Mail: foroolavarria@gmail.com<\/p>\n<p>P\u00e1gina Web: www.foroolavarria.org<\/p>\n","protected":false},"excerpt":{"rendered":"<p>Este mi\u00e9rcoles se re\u00fane el Foro de las localidades del Foro Olavarr\u00eda. El concejal del&#8230;<\/p>\n","protected":false},"author":1,"featured_media":145256,"comment_status":"closed","ping_status":"closed","sticky":false,"template":"","format":"standard","meta":{"content-type":""},"categories":[27,51],"tags":[],"nelio_content":{"isAutoShareEnabled":false,"autoShareEndMode":"default","automationSources":{"useContentSentences":true,"useSocialTemplates":true,"useCustomSentences":false,"customSentences":[]},"followers":[1],"suggestedReferences":[],"includedReferences":[],"efiUrl":"","efiAlt":"","highlights":[]},"yoast_head":"<!-- This site is optimized with the Yoast SEO plugin v20.7 - https:\/\/yoast.com\/wordpress\/plugins\/seo\/ -->\n<title>Este mi\u00e9rcoles se re\u00fane el Foro de las localidades del Foro Olavarr\u00eda<\/title>\n<meta name=\"description\" content=\"Este mi\u00e9rcoles se re\u00fane el Foro de las localidades del Foro Olavarr\u00eda. El concejal del Foro Olavarr\u00eda, Eduardo Rodr\u00edguez, y Gast\u00f3n Sarachu,\" \/>\n<meta name=\"robots\" content=\"index, follow, max-snippet:-1, max-image-preview:large, max-video-preview:-1\" \/>\n<link rel=\"canonical\" href=\"https:\/\/experienciadevida.com.ar\/portalurbano\/este-miercoles-se-reune-el-foro-de-las-localidades-del-foro-olavarria\/\" \/>\n<meta property=\"og:locale\" content=\"es_ES\" \/>\n<meta property=\"og:type\" content=\"article\" \/>\n<meta property=\"og:title\" content=\"Este mi\u00e9rcoles se re\u00fane el Foro de las localidades del Foro Olavarr\u00eda\" \/>\n<meta property=\"og:description\" content=\"Este mi\u00e9rcoles se re\u00fane el Foro de las localidades del Foro Olavarr\u00eda. El concejal del Foro Olavarr\u00eda, Eduardo Rodr\u00edguez, y Gast\u00f3n Sarachu,\" \/>\n<meta property=\"og:url\" content=\"https:\/\/experienciadevida.com.ar\/portalurbano\/este-miercoles-se-reune-el-foro-de-las-localidades-del-foro-olavarria\/\" \/>\n<meta property=\"article:publisher\" content=\"https:\/\/www.facebook.com\/Portal-Urbano-171542830093757\/\" \/>\n<meta property=\"article:published_time\" content=\"2021-06-15T15:44:28+00:00\" \/>\n<meta property=\"article:modified_time\" content=\"2021-06-15T15:48:22+00:00\" \/>\n<meta property=\"og:image\" content=\"https:\/\/experienciadevida.com.ar\/portalurbano\/wp-content\/uploads\/2021\/06\/Este-miercoles-se-reune-el-scaled-e1623771858926.jpg\" \/>\n\t<meta property=\"og:image:width\" content=\"765\" \/>\n\t<meta property=\"og:image:height\" content=\"423\" \/>\n\t<meta property=\"og:image:type\" content=\"image\/jpeg\" \/>\n<meta name=\"author\" content=\"admpu17wp\" \/>\n<meta name=\"twitter:card\" content=\"summary_large_image\" \/>\n<meta name=\"twitter:creator\" content=\"@portalurbanook\" \/>\n<meta name=\"twitter:site\" content=\"@portalurbanook\" \/>\n<meta name=\"twitter:label1\" content=\"Escrito por\" \/>\n\t<meta name=\"twitter:data1\" content=\"admpu17wp\" \/>\n\t<meta name=\"twitter:label2\" content=\"Tiempo de lectura\" \/>\n\t<meta name=\"twitter:data2\" content=\"2 minutos\" \/>\n<script type=\"application\/ld+json\" class=\"yoast-schema-graph\">{\"@context\":\"https:\/\/schema.org\",\"@graph\":[{\"@type\":\"Article\",\"@id\":\"https:\/\/experienciadevida.com.ar\/portalurbano\/este-miercoles-se-reune-el-foro-de-las-localidades-del-foro-olavarria\/#article\",\"isPartOf\":{\"@id\":\"https:\/\/experienciadevida.com.ar\/portalurbano\/este-miercoles-se-reune-el-foro-de-las-localidades-del-foro-olavarria\/\"},\"author\":{\"name\":\"admpu17wp\",\"@id\":\"https:\/\/experienciadevida.com.ar\/portalurbano\/#\/schema\/person\/02dd326b1c4b056e9cc972486934a3a7\"},\"headline\":\"Este mi\u00e9rcoles se re\u00fane el Foro de las localidades del Foro Olavarr\u00eda\",\"datePublished\":\"2021-06-15T15:44:28+00:00\",\"dateModified\":\"2021-06-15T15:48:22+00:00\",\"mainEntityOfPage\":{\"@id\":\"https:\/\/experienciadevida.com.ar\/portalurbano\/este-miercoles-se-reune-el-foro-de-las-localidades-del-foro-olavarria\/\"},\"wordCount\":308,\"publisher\":{\"@id\":\"https:\/\/experienciadevida.com.ar\/portalurbano\/#organization\"},\"articleSection\":[\"Ciudad\",\"Destacadas\"],\"inLanguage\":\"es\"},{\"@type\":\"WebPage\",\"@id\":\"https:\/\/experienciadevida.com.ar\/portalurbano\/este-miercoles-se-reune-el-foro-de-las-localidades-del-foro-olavarria\/\",\"url\":\"https:\/\/experienciadevida.com.ar\/portalurbano\/este-miercoles-se-reune-el-foro-de-las-localidades-del-foro-olavarria\/\",\"name\":\"Este mi\u00e9rcoles se re\u00fane el Foro de las localidades del Foro Olavarr\u00eda\",\"isPartOf\":{\"@id\":\"https:\/\/experienciadevida.com.ar\/portalurbano\/#website\"},\"datePublished\":\"2021-06-15T15:44:28+00:00\",\"dateModified\":\"2021-06-15T15:48:22+00:00\",\"description\":\"Este mi\u00e9rcoles se re\u00fane el Foro de las localidades del Foro Olavarr\u00eda. El concejal del Foro Olavarr\u00eda, Eduardo Rodr\u00edguez, y Gast\u00f3n Sarachu,\",\"breadcrumb\":{\"@id\":\"https:\/\/experienciadevida.com.ar\/portalurbano\/este-miercoles-se-reune-el-foro-de-las-localidades-del-foro-olavarria\/#breadcrumb\"},\"inLanguage\":\"es\",\"potentialAction\":[{\"@type\":\"ReadAction\",\"target\":[\"https:\/\/experienciadevida.com.ar\/portalurbano\/este-miercoles-se-reune-el-foro-de-las-localidades-del-foro-olavarria\/\"]}]},{\"@type\":\"BreadcrumbList\",\"@id\":\"https:\/\/experienciadevida.com.ar\/portalurbano\/este-miercoles-se-reune-el-foro-de-las-localidades-del-foro-olavarria\/#breadcrumb\",\"itemListElement\":[{\"@type\":\"ListItem\",\"position\":1,\"name\":\"Portada\",\"item\":\"https:\/\/experienciadevida.com.ar\/portalurbano\/\"},{\"@type\":\"ListItem\",\"position\":2,\"name\":\"Este mi\u00e9rcoles se re\u00fane el Foro de las localidades del Foro Olavarr\u00eda\"}]},{\"@type\":\"WebSite\",\"@id\":\"https:\/\/experienciadevida.com.ar\/portalurbano\/#website\",\"url\":\"https:\/\/experienciadevida.com.ar\/portalurbano\/\",\"name\":\"\",\"description\":\"\",\"publisher\":{\"@id\":\"https:\/\/experienciadevida.com.ar\/portalurbano\/#organization\"},\"potentialAction\":[{\"@type\":\"SearchAction\",\"target\":{\"@type\":\"EntryPoint\",\"urlTemplate\":\"https:\/\/experienciadevida.com.ar\/portalurbano\/?s={search_term_string}\"},\"query-input\":\"required name=search_term_string\"}],\"inLanguage\":\"es\"},{\"@type\":\"Organization\",\"@id\":\"https:\/\/experienciadevida.com.ar\/portalurbano\/#organization\",\"name\":\"Portal Urbano\",\"url\":\"https:\/\/experienciadevida.com.ar\/portalurbano\/\",\"logo\":{\"@type\":\"ImageObject\",\"inLanguage\":\"es\",\"@id\":\"https:\/\/experienciadevida.com.ar\/portalurbano\/#\/schema\/logo\/image\/\",\"url\":\"https:\/\/experienciadevida.com.ar\/portalurbano\/wp-content\/uploads\/2019\/09\/Logo-Original.png\",\"contentUrl\":\"https:\/\/experienciadevida.com.ar\/portalurbano\/wp-content\/uploads\/2019\/09\/Logo-Original.png\",\"width\":2236,\"height\":1216,\"caption\":\"Portal Urbano\"},\"image\":{\"@id\":\"https:\/\/experienciadevida.com.ar\/portalurbano\/#\/schema\/logo\/image\/\"},\"sameAs\":[\"https:\/\/www.facebook.com\/Portal-Urbano-171542830093757\/\",\"https:\/\/twitter.com\/portalurbanook\",\"https:\/\/www.instagram.com\/_portalurbano\/\",\"https:\/\/www.youtube.com\/channel\/UCXhagIfszH8KxFiOok79zbA?view_as=subscriber\"]},{\"@type\":\"Person\",\"@id\":\"https:\/\/experienciadevida.com.ar\/portalurbano\/#\/schema\/person\/02dd326b1c4b056e9cc972486934a3a7\",\"name\":\"admpu17wp\",\"image\":{\"@type\":\"ImageObject\",\"inLanguage\":\"es\",\"@id\":\"https:\/\/experienciadevida.com.ar\/portalurbano\/#\/schema\/person\/image\/\",\"url\":\"https:\/\/secure.gravatar.com\/avatar\/830d4c57adaae6630765e449a6908047?s=96&d=mm&r=g\",\"contentUrl\":\"https:\/\/secure.gravatar.com\/avatar\/830d4c57adaae6630765e449a6908047?s=96&d=mm&r=g\",\"caption\":\"admpu17wp\"}}]}<\/script>\n<!-- \/ Yoast SEO plugin. -->","yoast_head_json":{"title":"Este mi\u00e9rcoles se re\u00fane el Foro de las localidades del Foro Olavarr\u00eda","description":"Este mi\u00e9rcoles se re\u00fane el Foro de las localidades del Foro Olavarr\u00eda. El concejal del Foro Olavarr\u00eda, Eduardo Rodr\u00edguez, y Gast\u00f3n Sarachu,","robots":{"index":"index","follow":"follow","max-snippet":"max-snippet:-1","max-image-preview":"max-image-preview:large","max-video-preview":"max-video-preview:-1"},"canonical":"https:\/\/experienciadevida.com.ar\/portalurbano\/este-miercoles-se-reune-el-foro-de-las-localidades-del-foro-olavarria\/","og_locale":"es_ES","og_type":"article","og_title":"Este mi\u00e9rcoles se re\u00fane el Foro de las localidades del Foro Olavarr\u00eda","og_description":"Este mi\u00e9rcoles se re\u00fane el Foro de las localidades del Foro Olavarr\u00eda. El concejal del Foro Olavarr\u00eda, Eduardo Rodr\u00edguez, y Gast\u00f3n Sarachu,","og_url":"https:\/\/experienciadevida.com.ar\/portalurbano\/este-miercoles-se-reune-el-foro-de-las-localidades-del-foro-olavarria\/","article_publisher":"https:\/\/www.facebook.com\/Portal-Urbano-171542830093757\/","article_published_time":"2021-06-15T15:44:28+00:00","article_modified_time":"2021-06-15T15:48:22+00:00","og_image":[{"width":765,"height":423,"url":"https:\/\/experienciadevida.com.ar\/portalurbano\/wp-content\/uploads\/2021\/06\/Este-miercoles-se-reune-el-scaled-e1623771858926.jpg","type":"image\/jpeg"}],"author":"admpu17wp","twitter_card":"summary_large_image","twitter_creator":"@portalurbanook","twitter_site":"@portalurbanook","twitter_misc":{"Escrito por":"admpu17wp","Tiempo de lectura":"2 minutos"},"schema":{"@context":"https:\/\/schema.org","@graph":[{"@type":"Article","@id":"https:\/\/experienciadevida.com.ar\/portalurbano\/este-miercoles-se-reune-el-foro-de-las-localidades-del-foro-olavarria\/#article","isPartOf":{"@id":"https:\/\/experienciadevida.com.ar\/portalurbano\/este-miercoles-se-reune-el-foro-de-las-localidades-del-foro-olavarria\/"},"author":{"name":"admpu17wp","@id":"https:\/\/experienciadevida.com.ar\/portalurbano\/#\/schema\/person\/02dd326b1c4b056e9cc972486934a3a7"},"headline":"Este mi\u00e9rcoles se re\u00fane el Foro de las localidades del Foro Olavarr\u00eda","datePublished":"2021-06-15T15:44:28+00:00","dateModified":"2021-06-15T15:48:22+00:00","mainEntityOfPage":{"@id":"https:\/\/experienciadevida.com.ar\/portalurbano\/este-miercoles-se-reune-el-foro-de-las-localidades-del-foro-olavarria\/"},"wordCount":308,"publisher":{"@id":"https:\/\/experienciadevida.com.ar\/portalurbano\/#organization"},"articleSection":["Ciudad","Destacadas"],"inLanguage":"es"},{"@type":"WebPage","@id":"https:\/\/experienciadevida.com.ar\/portalurbano\/este-miercoles-se-reune-el-foro-de-las-localidades-del-foro-olavarria\/","url":"https:\/\/experienciadevida.com.ar\/portalurbano\/este-miercoles-se-reune-el-foro-de-las-localidades-del-foro-olavarria\/","name":"Este mi\u00e9rcoles se re\u00fane el Foro de las localidades del Foro Olavarr\u00eda","isPartOf":{"@id":"https:\/\/experienciadevida.com.ar\/portalurbano\/#website"},"datePublished":"2021-06-15T15:44:28+00:00","dateModified":"2021-06-15T15:48:22+00:00","description":"Este mi\u00e9rcoles se re\u00fane el Foro de las localidades del Foro Olavarr\u00eda. El concejal del Foro Olavarr\u00eda, Eduardo Rodr\u00edguez, y Gast\u00f3n Sarachu,","breadcrumb":{"@id":"https:\/\/experienciadevida.com.ar\/portalurbano\/este-miercoles-se-reune-el-foro-de-las-localidades-del-foro-olavarria\/#breadcrumb"},"inLanguage":"es","potentialAction":[{"@type":"ReadAction","target":["https:\/\/experienciadevida.com.ar\/portalurbano\/este-miercoles-se-reune-el-foro-de-las-localidades-del-foro-olavarria\/"]}]},{"@type":"BreadcrumbList","@id":"https:\/\/experienciadevida.com.ar\/portalurbano\/este-miercoles-se-reune-el-foro-de-las-localidades-del-foro-olavarria\/#breadcrumb","itemListElement":[{"@type":"ListItem","position":1,"name":"Portada","item":"https:\/\/experienciadevida.com.ar\/portalurbano\/"},{"@type":"ListItem","position":2,"name":"Este mi\u00e9rcoles se re\u00fane el Foro de las localidades del Foro Olavarr\u00eda"}]},{"@type":"WebSite","@id":"https:\/\/experienciadevida.com.ar\/portalurbano\/#website","url":"https:\/\/experienciadevida.com.ar\/portalurbano\/","name":"","description":"","publisher":{"@id":"https:\/\/experienciadevida.com.ar\/portalurbano\/#organization"},"potentialAction":[{"@type":"SearchAction","target":{"@type":"EntryPoint","urlTemplate":"https:\/\/experienciadevida.com.ar\/portalurbano\/?s={search_term_string}"},"query-input":"required name=search_term_string"}],"inLanguage":"es"},{"@type":"Organization","@id":"https:\/\/experienciadevida.com.ar\/portalurbano\/#organization","name":"Portal Urbano","url":"https:\/\/experienciadevida.com.ar\/portalurbano\/","logo":{"@type":"ImageObject","inLanguage":"es","@id":"https:\/\/experienciadevida.com.ar\/portalurbano\/#\/schema\/logo\/image\/","url":"https:\/\/experienciadevida.com.ar\/portalurbano\/wp-content\/uploads\/2019\/09\/Logo-Original.png","contentUrl":"https:\/\/experienciadevida.com.ar\/portalurbano\/wp-content\/uploads\/2019\/09\/Logo-Original.png","width":2236,"height":1216,"caption":"Portal Urbano"},"image":{"@id":"https:\/\/experienciadevida.com.ar\/portalurbano\/#\/schema\/logo\/image\/"},"sameAs":["https:\/\/www.facebook.com\/Portal-Urbano-171542830093757\/","https:\/\/twitter.com\/portalurbanook","https:\/\/www.instagram.com\/_portalurbano\/","https:\/\/www.youtube.com\/channel\/UCXhagIfszH8KxFiOok79zbA?view_as=subscriber"]},{"@type":"Person","@id":"https:\/\/experienciadevida.com.ar\/portalurbano\/#\/schema\/person\/02dd326b1c4b056e9cc972486934a3a7","name":"admpu17wp","image":{"@type":"ImageObject","inLanguage":"es","@id":"https:\/\/experienciadevida.com.ar\/portalurbano\/#\/schema\/person\/image\/","url":"https:\/\/secure.gravatar.com\/avatar\/830d4c57adaae6630765e449a6908047?s=96&d=mm&r=g","contentUrl":"https:\/\/secure.gravatar.com\/avatar\/830d4c57adaae6630765e449a6908047?s=96&d=mm&r=g","caption":"admpu17wp"}}]}},"featured_image_urls":{"full":["https:\/\/experienciadevida.com.ar\/portalurbano\/wp-content\/uploads\/2021\/06\/Este-miercoles-se-reune-el-scaled-e1623771858926.jpg",765,423,false],"thumbnail":["https:\/\/experienciadevida.com.ar\/portalurbano\/wp-content\/uploads\/2021\/06\/Este-miercoles-se-reune-el-150x150.jpg",150,150,true],"medium":["https:\/\/experienciadevida.com.ar\/portalurbano\/wp-content\/uploads\/2021\/06\/Este-miercoles-se-reune-el-300x166.jpg",300,166,true],"medium_large":["https:\/\/experienciadevida.com.ar\/portalurbano\/wp-content\/uploads\/2021\/06\/Este-miercoles-se-reune-el-768x424.jpg",640,353,true],"large":["https:\/\/experienciadevida.com.ar\/portalurbano\/wp-content\/uploads\/2021\/06\/Este-miercoles-se-reune-el-1024x565.jpg",640,353,true],"ug_big":["https:\/\/experienciadevida.com.ar\/portalurbano\/wp-content\/uploads\/2021\/06\/Este-miercoles-se-reune-el-768x424.jpg",768,424,true],"1536x1536":["https:\/\/experienciadevida.com.ar\/portalurbano\/wp-content\/uploads\/2021\/06\/Este-miercoles-se-reune-el-1536x848.jpg",1536,848,true],"2048x2048":["https:\/\/experienciadevida.com.ar\/portalurbano\/wp-content\/uploads\/2021\/06\/Este-miercoles-se-reune-el-2048x1131.jpg",2048,1131,true],"newsever-slider-full":["https:\/\/experienciadevida.com.ar\/portalurbano\/wp-content\/uploads\/2021\/06\/Este-miercoles-se-reune-el-scaled-e1623771858926.jpg",765,423,false],"newsever-featured":["https:\/\/experienciadevida.com.ar\/portalurbano\/wp-content\/uploads\/2021\/06\/Este-miercoles-se-reune-el-scaled-e1623771858926.jpg",765,423,false],"newsever-medium":["https:\/\/experienciadevida.com.ar\/portalurbano\/wp-content\/uploads\/2021\/06\/Este-miercoles-se-reune-el-scaled-e1623771858926.jpg",720,398,false],"web-stories-poster-portrait":["https:\/\/experienciadevida.com.ar\/portalurbano\/wp-content\/uploads\/2021\/06\/Este-miercoles-se-reune-el-scaled-e1623771858926.jpg",640,354,false],"web-stories-publisher-logo":["https:\/\/experienciadevida.com.ar\/portalurbano\/wp-content\/uploads\/2021\/06\/Este-miercoles-se-reune-el-scaled-e1623771858926.jpg",96,53,false],"web-stories-thumbnail":["https:\/\/experienciadevida.com.ar\/portalurbano\/wp-content\/uploads\/2021\/06\/Este-miercoles-se-reune-el-scaled-e1623771858926.jpg",150,83,false]},"author_info":{"display_name":"admpu17wp","author_link":"https:\/\/experienciadevida.com.ar\/portalurbano\/author\/admpu17wp\/"},"category_info":"<a href=\"https:\/\/experienciadevida.com.ar\/portalurbano\/category\/ciudad\/\" rel=\"category tag\">Ciudad<\/a> <a href=\"https:\/\/experienciadevida.com.ar\/portalurbano\/category\/destacadas\/\" rel=\"category tag\">Destacadas<\/a>","tag_info":"Destacadas","comment_count":"0","amp_enabled":true,"_links":{"self":[{"href":"https:\/\/experienciadevida.com.ar\/portalurbano\/wp-json\/wp\/v2\/posts\/145255"}],"collection":[{"href":"https:\/\/experienciadevida.com.ar\/portalurbano\/wp-json\/wp\/v2\/posts"}],"about":[{"href":"https:\/\/experienciadevida.com.ar\/portalurbano\/wp-json\/wp\/v2\/types\/post"}],"author":[{"embeddable":true,"href":"https:\/\/experienciadevida.com.ar\/portalurbano\/wp-json\/wp\/v2\/users\/1"}],"replies":[{"embeddable":true,"href":"https:\/\/experienciadevida.com.ar\/portalurbano\/wp-json\/wp\/v2\/comments?post=145255"}],"version-history":[{"count":3,"href":"https:\/\/experienciadevida.com.ar\/portalurbano\/wp-json\/wp\/v2\/posts\/145255\/revisions"}],"predecessor-version":[{"id":145259,"href":"https:\/\/experienciadevida.com.ar\/portalurbano\/wp-json\/wp\/v2\/posts\/145255\/revisions\/145259"}],"wp:featuredmedia":[{"embeddable":true,"href":"https:\/\/experienciadevida.com.ar\/portalurbano\/wp-json\/wp\/v2\/media\/145256"}],"wp:attachment":[{"href":"https:\/\/experienciadevida.com.ar\/portalurbano\/wp-json\/wp\/v2\/media?parent=145255"}],"wp:term":[{"taxonomy":"category","embeddable":true,"href":"https:\/\/experienciadevida.com.ar\/portalurbano\/wp-json\/wp\/v2\/categories?post=145255"},{"taxonomy":"post_tag","embeddable":true,"href":"https:\/\/experienciadevida.com.ar\/portalurbano\/wp-json\/wp\/v2\/tags?post=145255"}],"curies":[{"name":"wp","href":"https:\/\/api.w.org\/{rel}","templated":true}]}}