{"id":145240,"date":"2021-06-15T10:56:34","date_gmt":"2021-06-15T13:56:34","guid":{"rendered":"https:\/\/experienciadevida.com.ar\/portalurbano\/?p=145240"},"modified":"2021-06-15T10:57:05","modified_gmt":"2021-06-15T13:57:05","slug":"se-renovaron-las-autoridades-en-la-asociacion-civil-animate","status":"publish","type":"post","link":"https:\/\/experienciadevida.com.ar\/portalurbano\/se-renovaron-las-autoridades-en-la-asociacion-civil-animate\/","title":{"rendered":"Se renovaron las autoridades en la Asociaci\u00f3n Civil Animate"},"content":{"rendered":"<p>Se renovaron las autoridades en la Asociaci\u00f3n Civil Animate, fue el mes pasado, Liliana <a href=\"https:\/\/www.facebook.com\/liliana.cuenca.58\">Cuenca<\/a> permanece en la Presidencia y la nueva vicepresidenta es Mercedes Sosa (docente de\u00a0 nivel inicial).<\/p>\n<p>Por otro lado, los miembros que siempre acompa\u00f1aron la asociaci\u00f3n son Janet Moya, Roberto y Silvia Sosa, Luciana Arista, Romina Beneitez, Nadia Vega, Jorge Fabian Vega,\u00a0 Mauri Lahitte y Mer Sosa.<\/p>\n<p>Se renovaron las autoridades en la Asociaci\u00f3n Civil Animate, A su vez la Asociaci\u00f3n Civil el primero de junio cumpli\u00f3 cinco a\u00f1os y su presidenta Liliana Cuenca en un posteo de facebook mencion\u00f3 &#8220;cumplimos 5 a\u00f1os de estar en la sociedad Olavarriense y que le dimos nombre a nuestra asociaci\u00f3n civil, si bien hace que trabajamos en abuso sexual en las infancias desde el a\u00f1o 2014 ya un largo recorrido de muchas experiencias, despu\u00e9s al tiempo se fueron agregando sobrevivientes a esta lucha&#8221;.<\/p>\n<p>&#8220;No ha sido nada f\u00e1cil mantenerse parada y llevar adelante la asociaci\u00f3n en la cual me lleva mucho tiempo de ponerle cuerpo y alma, me siento orgullosa de llevar est\u00e1 bandera junto a mi familia de lucharla d\u00eda a d\u00eda, hemos logrado muchas cosas pero a\u00fan falta much\u00edsimo, quiero agradecerles a cada socio que hace posible que hoy An\u00edmate lleve casi al d\u00eda sus balances y gastos que tenemos mes a mes&#8221;.<\/p>\n<p>Por \u00faltimo &#8220;Ojala alg\u00fan d\u00eda el estado nos de lo que realmente nos merecemos. Sigo m\u00e1s fuerte que nunca a pesar de las dificultades que se nos presentan&#8221;.<\/p>\n","protected":false},"excerpt":{"rendered":"<p>Se renovaron las autoridades en la Asociaci\u00f3n Civil Animate, fue el mes pasado, Liliana Cuenca&#8230;<\/p>\n","protected":false},"author":1,"featured_media":145241,"comment_status":"closed","ping_status":"closed","sticky":false,"template":"","format":"standard","meta":{"content-type":""},"categories":[27,51],"tags":[],"nelio_content":{"isAutoShareEnabled":false,"autoShareEndMode":"default","automationSources":{"useContentSentences":true,"useSocialTemplates":true,"useCustomSentences":false,"customSentences":[]},"followers":[1],"suggestedReferences":[],"includedReferences":[],"efiUrl":"","efiAlt":"","highlights":[]},"yoast_head":"<!-- This site is optimized with the Yoast SEO plugin v20.7 - https:\/\/yoast.com\/wordpress\/plugins\/seo\/ -->\n<title>Se renovaron las autoridades en la Asociaci\u00f3n Civil Animate<\/title>\n<meta name=\"description\" content=\"Se renovaron las autoridades en la Asociaci\u00f3n Civil Animate, fue el mes pasado, Liliana Cuenca permanece en la Presidencia y Mercedes Sosa\" \/>\n<meta name=\"robots\" content=\"index, follow, max-snippet:-1, max-image-preview:large, max-video-preview:-1\" \/>\n<link rel=\"canonical\" href=\"https:\/\/experienciadevida.com.ar\/portalurbano\/se-renovaron-las-autoridades-en-la-asociacion-civil-animate\/\" \/>\n<meta property=\"og:locale\" content=\"es_ES\" \/>\n<meta property=\"og:type\" content=\"article\" \/>\n<meta property=\"og:title\" content=\"Se renovaron las autoridades en la Asociaci\u00f3n Civil Animate\" \/>\n<meta property=\"og:description\" content=\"Se renovaron las autoridades en la Asociaci\u00f3n Civil Animate, fue el mes pasado, Liliana Cuenca permanece en la Presidencia y Mercedes Sosa\" \/>\n<meta property=\"og:url\" content=\"https:\/\/experienciadevida.com.ar\/portalurbano\/se-renovaron-las-autoridades-en-la-asociacion-civil-animate\/\" \/>\n<meta property=\"article:publisher\" content=\"https:\/\/www.facebook.com\/Portal-Urbano-171542830093757\/\" \/>\n<meta property=\"article:published_time\" content=\"2021-06-15T13:56:34+00:00\" \/>\n<meta property=\"article:modified_time\" content=\"2021-06-15T13:57:05+00:00\" \/>\n<meta property=\"og:image\" content=\"https:\/\/experienciadevida.com.ar\/portalurbano\/wp-content\/uploads\/2021\/06\/195338530_4014604571960384_6681729528722529516_n.jpg\" \/>\n\t<meta property=\"og:image:width\" content=\"765\" \/>\n\t<meta property=\"og:image:height\" content=\"765\" \/>\n\t<meta property=\"og:image:type\" content=\"image\/jpeg\" \/>\n<meta name=\"author\" content=\"admpu17wp\" \/>\n<meta name=\"twitter:card\" content=\"summary_large_image\" \/>\n<meta name=\"twitter:creator\" content=\"@portalurbanook\" \/>\n<meta name=\"twitter:site\" content=\"@portalurbanook\" \/>\n<meta name=\"twitter:label1\" content=\"Escrito por\" \/>\n\t<meta name=\"twitter:data1\" content=\"admpu17wp\" \/>\n\t<meta name=\"twitter:label2\" content=\"Tiempo de lectura\" \/>\n\t<meta name=\"twitter:data2\" content=\"2 minutos\" \/>\n<script type=\"application\/ld+json\" class=\"yoast-schema-graph\">{\"@context\":\"https:\/\/schema.org\",\"@graph\":[{\"@type\":\"Article\",\"@id\":\"https:\/\/experienciadevida.com.ar\/portalurbano\/se-renovaron-las-autoridades-en-la-asociacion-civil-animate\/#article\",\"isPartOf\":{\"@id\":\"https:\/\/experienciadevida.com.ar\/portalurbano\/se-renovaron-las-autoridades-en-la-asociacion-civil-animate\/\"},\"author\":{\"name\":\"admpu17wp\",\"@id\":\"https:\/\/experienciadevida.com.ar\/portalurbano\/#\/schema\/person\/02dd326b1c4b056e9cc972486934a3a7\"},\"headline\":\"Se renovaron las autoridades en la Asociaci\u00f3n Civil Animate\",\"datePublished\":\"2021-06-15T13:56:34+00:00\",\"dateModified\":\"2021-06-15T13:57:05+00:00\",\"mainEntityOfPage\":{\"@id\":\"https:\/\/experienciadevida.com.ar\/portalurbano\/se-renovaron-las-autoridades-en-la-asociacion-civil-animate\/\"},\"wordCount\":273,\"publisher\":{\"@id\":\"https:\/\/experienciadevida.com.ar\/portalurbano\/#organization\"},\"articleSection\":[\"Ciudad\",\"Destacadas\"],\"inLanguage\":\"es\"},{\"@type\":\"WebPage\",\"@id\":\"https:\/\/experienciadevida.com.ar\/portalurbano\/se-renovaron-las-autoridades-en-la-asociacion-civil-animate\/\",\"url\":\"https:\/\/experienciadevida.com.ar\/portalurbano\/se-renovaron-las-autoridades-en-la-asociacion-civil-animate\/\",\"name\":\"Se renovaron las autoridades en la Asociaci\u00f3n Civil Animate\",\"isPartOf\":{\"@id\":\"https:\/\/experienciadevida.com.ar\/portalurbano\/#website\"},\"datePublished\":\"2021-06-15T13:56:34+00:00\",\"dateModified\":\"2021-06-15T13:57:05+00:00\",\"description\":\"Se renovaron las autoridades en la Asociaci\u00f3n Civil Animate, fue el mes pasado, Liliana Cuenca permanece en la Presidencia y Mercedes Sosa\",\"breadcrumb\":{\"@id\":\"https:\/\/experienciadevida.com.ar\/portalurbano\/se-renovaron-las-autoridades-en-la-asociacion-civil-animate\/#breadcrumb\"},\"inLanguage\":\"es\",\"potentialAction\":[{\"@type\":\"ReadAction\",\"target\":[\"https:\/\/experienciadevida.com.ar\/portalurbano\/se-renovaron-las-autoridades-en-la-asociacion-civil-animate\/\"]}]},{\"@type\":\"BreadcrumbList\",\"@id\":\"https:\/\/experienciadevida.com.ar\/portalurbano\/se-renovaron-las-autoridades-en-la-asociacion-civil-animate\/#breadcrumb\",\"itemListElement\":[{\"@type\":\"ListItem\",\"position\":1,\"name\":\"Portada\",\"item\":\"https:\/\/experienciadevida.com.ar\/portalurbano\/\"},{\"@type\":\"ListItem\",\"position\":2,\"name\":\"Se renovaron las autoridades en la Asociaci\u00f3n Civil Animate\"}]},{\"@type\":\"WebSite\",\"@id\":\"https:\/\/experienciadevida.com.ar\/portalurbano\/#website\",\"url\":\"https:\/\/experienciadevida.com.ar\/portalurbano\/\",\"name\":\"\",\"description\":\"\",\"publisher\":{\"@id\":\"https:\/\/experienciadevida.com.ar\/portalurbano\/#organization\"},\"potentialAction\":[{\"@type\":\"SearchAction\",\"target\":{\"@type\":\"EntryPoint\",\"urlTemplate\":\"https:\/\/experienciadevida.com.ar\/portalurbano\/?s={search_term_string}\"},\"query-input\":\"required name=search_term_string\"}],\"inLanguage\":\"es\"},{\"@type\":\"Organization\",\"@id\":\"https:\/\/experienciadevida.com.ar\/portalurbano\/#organization\",\"name\":\"Portal Urbano\",\"url\":\"https:\/\/experienciadevida.com.ar\/portalurbano\/\",\"logo\":{\"@type\":\"ImageObject\",\"inLanguage\":\"es\",\"@id\":\"https:\/\/experienciadevida.com.ar\/portalurbano\/#\/schema\/logo\/image\/\",\"url\":\"https:\/\/experienciadevida.com.ar\/portalurbano\/wp-content\/uploads\/2019\/09\/Logo-Original.png\",\"contentUrl\":\"https:\/\/experienciadevida.com.ar\/portalurbano\/wp-content\/uploads\/2019\/09\/Logo-Original.png\",\"width\":2236,\"height\":1216,\"caption\":\"Portal Urbano\"},\"image\":{\"@id\":\"https:\/\/experienciadevida.com.ar\/portalurbano\/#\/schema\/logo\/image\/\"},\"sameAs\":[\"https:\/\/www.facebook.com\/Portal-Urbano-171542830093757\/\",\"https:\/\/twitter.com\/portalurbanook\",\"https:\/\/www.instagram.com\/_portalurbano\/\",\"https:\/\/www.youtube.com\/channel\/UCXhagIfszH8KxFiOok79zbA?view_as=subscriber\"]},{\"@type\":\"Person\",\"@id\":\"https:\/\/experienciadevida.com.ar\/portalurbano\/#\/schema\/person\/02dd326b1c4b056e9cc972486934a3a7\",\"name\":\"admpu17wp\",\"image\":{\"@type\":\"ImageObject\",\"inLanguage\":\"es\",\"@id\":\"https:\/\/experienciadevida.com.ar\/portalurbano\/#\/schema\/person\/image\/\",\"url\":\"https:\/\/secure.gravatar.com\/avatar\/830d4c57adaae6630765e449a6908047?s=96&d=mm&r=g\",\"contentUrl\":\"https:\/\/secure.gravatar.com\/avatar\/830d4c57adaae6630765e449a6908047?s=96&d=mm&r=g\",\"caption\":\"admpu17wp\"}}]}<\/script>\n<!-- \/ Yoast SEO plugin. -->","yoast_head_json":{"title":"Se renovaron las autoridades en la Asociaci\u00f3n Civil Animate","description":"Se renovaron las autoridades en la Asociaci\u00f3n Civil Animate, fue el mes pasado, Liliana Cuenca permanece en la Presidencia y Mercedes Sosa","robots":{"index":"index","follow":"follow","max-snippet":"max-snippet:-1","max-image-preview":"max-image-preview:large","max-video-preview":"max-video-preview:-1"},"canonical":"https:\/\/experienciadevida.com.ar\/portalurbano\/se-renovaron-las-autoridades-en-la-asociacion-civil-animate\/","og_locale":"es_ES","og_type":"article","og_title":"Se renovaron las autoridades en la Asociaci\u00f3n Civil Animate","og_description":"Se renovaron las autoridades en la Asociaci\u00f3n Civil Animate, fue el mes pasado, Liliana Cuenca permanece en la Presidencia y Mercedes Sosa","og_url":"https:\/\/experienciadevida.com.ar\/portalurbano\/se-renovaron-las-autoridades-en-la-asociacion-civil-animate\/","article_publisher":"https:\/\/www.facebook.com\/Portal-Urbano-171542830093757\/","article_published_time":"2021-06-15T13:56:34+00:00","article_modified_time":"2021-06-15T13:57:05+00:00","og_image":[{"width":765,"height":765,"url":"https:\/\/experienciadevida.com.ar\/portalurbano\/wp-content\/uploads\/2021\/06\/195338530_4014604571960384_6681729528722529516_n.jpg","type":"image\/jpeg"}],"author":"admpu17wp","twitter_card":"summary_large_image","twitter_creator":"@portalurbanook","twitter_site":"@portalurbanook","twitter_misc":{"Escrito por":"admpu17wp","Tiempo de lectura":"2 minutos"},"schema":{"@context":"https:\/\/schema.org","@graph":[{"@type":"Article","@id":"https:\/\/experienciadevida.com.ar\/portalurbano\/se-renovaron-las-autoridades-en-la-asociacion-civil-animate\/#article","isPartOf":{"@id":"https:\/\/experienciadevida.com.ar\/portalurbano\/se-renovaron-las-autoridades-en-la-asociacion-civil-animate\/"},"author":{"name":"admpu17wp","@id":"https:\/\/experienciadevida.com.ar\/portalurbano\/#\/schema\/person\/02dd326b1c4b056e9cc972486934a3a7"},"headline":"Se renovaron las autoridades en la Asociaci\u00f3n Civil Animate","datePublished":"2021-06-15T13:56:34+00:00","dateModified":"2021-06-15T13:57:05+00:00","mainEntityOfPage":{"@id":"https:\/\/experienciadevida.com.ar\/portalurbano\/se-renovaron-las-autoridades-en-la-asociacion-civil-animate\/"},"wordCount":273,"publisher":{"@id":"https:\/\/experienciadevida.com.ar\/portalurbano\/#organization"},"articleSection":["Ciudad","Destacadas"],"inLanguage":"es"},{"@type":"WebPage","@id":"https:\/\/experienciadevida.com.ar\/portalurbano\/se-renovaron-las-autoridades-en-la-asociacion-civil-animate\/","url":"https:\/\/experienciadevida.com.ar\/portalurbano\/se-renovaron-las-autoridades-en-la-asociacion-civil-animate\/","name":"Se renovaron las autoridades en la Asociaci\u00f3n Civil Animate","isPartOf":{"@id":"https:\/\/experienciadevida.com.ar\/portalurbano\/#website"},"datePublished":"2021-06-15T13:56:34+00:00","dateModified":"2021-06-15T13:57:05+00:00","description":"Se renovaron las autoridades en la Asociaci\u00f3n Civil Animate, fue el mes pasado, Liliana Cuenca permanece en la Presidencia y Mercedes Sosa","breadcrumb":{"@id":"https:\/\/experienciadevida.com.ar\/portalurbano\/se-renovaron-las-autoridades-en-la-asociacion-civil-animate\/#breadcrumb"},"inLanguage":"es","potentialAction":[{"@type":"ReadAction","target":["https:\/\/experienciadevida.com.ar\/portalurbano\/se-renovaron-las-autoridades-en-la-asociacion-civil-animate\/"]}]},{"@type":"BreadcrumbList","@id":"https:\/\/experienciadevida.com.ar\/portalurbano\/se-renovaron-las-autoridades-en-la-asociacion-civil-animate\/#breadcrumb","itemListElement":[{"@type":"ListItem","position":1,"name":"Portada","item":"https:\/\/experienciadevida.com.ar\/portalurbano\/"},{"@type":"ListItem","position":2,"name":"Se renovaron las autoridades en la Asociaci\u00f3n Civil Animate"}]},{"@type":"WebSite","@id":"https:\/\/experienciadevida.com.ar\/portalurbano\/#website","url":"https:\/\/experienciadevida.com.ar\/portalurbano\/","name":"","description":"","publisher":{"@id":"https:\/\/experienciadevida.com.ar\/portalurbano\/#organization"},"potentialAction":[{"@type":"SearchAction","target":{"@type":"EntryPoint","urlTemplate":"https:\/\/experienciadevida.com.ar\/portalurbano\/?s={search_term_string}"},"query-input":"required name=search_term_string"}],"inLanguage":"es"},{"@type":"Organization","@id":"https:\/\/experienciadevida.com.ar\/portalurbano\/#organization","name":"Portal Urbano","url":"https:\/\/experienciadevida.com.ar\/portalurbano\/","logo":{"@type":"ImageObject","inLanguage":"es","@id":"https:\/\/experienciadevida.com.ar\/portalurbano\/#\/schema\/logo\/image\/","url":"https:\/\/experienciadevida.com.ar\/portalurbano\/wp-content\/uploads\/2019\/09\/Logo-Original.png","contentUrl":"https:\/\/experienciadevida.com.ar\/portalurbano\/wp-content\/uploads\/2019\/09\/Logo-Original.png","width":2236,"height":1216,"caption":"Portal Urbano"},"image":{"@id":"https:\/\/experienciadevida.com.ar\/portalurbano\/#\/schema\/logo\/image\/"},"sameAs":["https:\/\/www.facebook.com\/Portal-Urbano-171542830093757\/","https:\/\/twitter.com\/portalurbanook","https:\/\/www.instagram.com\/_portalurbano\/","https:\/\/www.youtube.com\/channel\/UCXhagIfszH8KxFiOok79zbA?view_as=subscriber"]},{"@type":"Person","@id":"https:\/\/experienciadevida.com.ar\/portalurbano\/#\/schema\/person\/02dd326b1c4b056e9cc972486934a3a7","name":"admpu17wp","image":{"@type":"ImageObject","inLanguage":"es","@id":"https:\/\/experienciadevida.com.ar\/portalurbano\/#\/schema\/person\/image\/","url":"https:\/\/secure.gravatar.com\/avatar\/830d4c57adaae6630765e449a6908047?s=96&d=mm&r=g","contentUrl":"https:\/\/secure.gravatar.com\/avatar\/830d4c57adaae6630765e449a6908047?s=96&d=mm&r=g","caption":"admpu17wp"}}]}},"featured_image_urls":{"full":["https:\/\/experienciadevida.com.ar\/portalurbano\/wp-content\/uploads\/2021\/06\/195338530_4014604571960384_6681729528722529516_n.jpg",765,765,false],"thumbnail":["https:\/\/experienciadevida.com.ar\/portalurbano\/wp-content\/uploads\/2021\/06\/195338530_4014604571960384_6681729528722529516_n-150x150.jpg",150,150,true],"medium":["https:\/\/experienciadevida.com.ar\/portalurbano\/wp-content\/uploads\/2021\/06\/195338530_4014604571960384_6681729528722529516_n-300x300.jpg",300,300,true],"medium_large":["https:\/\/experienciadevida.com.ar\/portalurbano\/wp-content\/uploads\/2021\/06\/195338530_4014604571960384_6681729528722529516_n.jpg",640,640,false],"large":["https:\/\/experienciadevida.com.ar\/portalurbano\/wp-content\/uploads\/2021\/06\/195338530_4014604571960384_6681729528722529516_n.jpg",640,640,false],"ug_big":["https:\/\/experienciadevida.com.ar\/portalurbano\/wp-content\/uploads\/2021\/06\/195338530_4014604571960384_6681729528722529516_n.jpg",765,765,false],"1536x1536":["https:\/\/experienciadevida.com.ar\/portalurbano\/wp-content\/uploads\/2021\/06\/195338530_4014604571960384_6681729528722529516_n.jpg",765,765,false],"2048x2048":["https:\/\/experienciadevida.com.ar\/portalurbano\/wp-content\/uploads\/2021\/06\/195338530_4014604571960384_6681729528722529516_n.jpg",765,765,false],"newsever-slider-full":["https:\/\/experienciadevida.com.ar\/portalurbano\/wp-content\/uploads\/2021\/06\/195338530_4014604571960384_6681729528722529516_n.jpg",765,765,false],"newsever-featured":["https:\/\/experienciadevida.com.ar\/portalurbano\/wp-content\/uploads\/2021\/06\/195338530_4014604571960384_6681729528722529516_n.jpg",765,765,false],"newsever-medium":["https:\/\/experienciadevida.com.ar\/portalurbano\/wp-content\/uploads\/2021\/06\/195338530_4014604571960384_6681729528722529516_n.jpg",475,475,false],"web-stories-poster-portrait":["https:\/\/experienciadevida.com.ar\/portalurbano\/wp-content\/uploads\/2021\/06\/195338530_4014604571960384_6681729528722529516_n.jpg",640,640,false],"web-stories-publisher-logo":["https:\/\/experienciadevida.com.ar\/portalurbano\/wp-content\/uploads\/2021\/06\/195338530_4014604571960384_6681729528722529516_n.jpg",96,96,false],"web-stories-thumbnail":["https:\/\/experienciadevida.com.ar\/portalurbano\/wp-content\/uploads\/2021\/06\/195338530_4014604571960384_6681729528722529516_n.jpg",150,150,false]},"author_info":{"display_name":"admpu17wp","author_link":"https:\/\/experienciadevida.com.ar\/portalurbano\/author\/admpu17wp\/"},"category_info":"<a href=\"https:\/\/experienciadevida.com.ar\/portalurbano\/category\/ciudad\/\" rel=\"category tag\">Ciudad<\/a> <a href=\"https:\/\/experienciadevida.com.ar\/portalurbano\/category\/destacadas\/\" rel=\"category tag\">Destacadas<\/a>","tag_info":"Destacadas","comment_count":"0","amp_enabled":true,"_links":{"self":[{"href":"https:\/\/experienciadevida.com.ar\/portalurbano\/wp-json\/wp\/v2\/posts\/145240"}],"collection":[{"href":"https:\/\/experienciadevida.com.ar\/portalurbano\/wp-json\/wp\/v2\/posts"}],"about":[{"href":"https:\/\/experienciadevida.com.ar\/portalurbano\/wp-json\/wp\/v2\/types\/post"}],"author":[{"embeddable":true,"href":"https:\/\/experienciadevida.com.ar\/portalurbano\/wp-json\/wp\/v2\/users\/1"}],"replies":[{"embeddable":true,"href":"https:\/\/experienciadevida.com.ar\/portalurbano\/wp-json\/wp\/v2\/comments?post=145240"}],"version-history":[{"count":1,"href":"https:\/\/experienciadevida.com.ar\/portalurbano\/wp-json\/wp\/v2\/posts\/145240\/revisions"}],"predecessor-version":[{"id":145242,"href":"https:\/\/experienciadevida.com.ar\/portalurbano\/wp-json\/wp\/v2\/posts\/145240\/revisions\/145242"}],"wp:featuredmedia":[{"embeddable":true,"href":"https:\/\/experienciadevida.com.ar\/portalurbano\/wp-json\/wp\/v2\/media\/145241"}],"wp:attachment":[{"href":"https:\/\/experienciadevida.com.ar\/portalurbano\/wp-json\/wp\/v2\/media?parent=145240"}],"wp:term":[{"taxonomy":"category","embeddable":true,"href":"https:\/\/experienciadevida.com.ar\/portalurbano\/wp-json\/wp\/v2\/categories?post=145240"},{"taxonomy":"post_tag","embeddable":true,"href":"https:\/\/experienciadevida.com.ar\/portalurbano\/wp-json\/wp\/v2\/tags?post=145240"}],"curies":[{"name":"wp","href":"https:\/\/api.w.org\/{rel}","templated":true}]}}