{"id":145216,"date":"2021-06-14T19:25:18","date_gmt":"2021-06-14T22:25:18","guid":{"rendered":"https:\/\/experienciadevida.com.ar\/portalurbano\/?p=145216"},"modified":"2021-06-14T19:25:47","modified_gmt":"2021-06-14T22:25:47","slug":"proyectar-es-una-escuela-para-formar-futuros-funcionarios-publicos","status":"publish","type":"post","link":"https:\/\/experienciadevida.com.ar\/portalurbano\/proyectar-es-una-escuela-para-formar-futuros-funcionarios-publicos\/","title":{"rendered":"\u201cProyectAr es una Escuela para formar futuros funcionarios p\u00fablicos\u201d"},"content":{"rendered":"<p>\u201cProyectAr es una Escuela para formar futuros funcionarios p\u00fablicos\u201d, as\u00ed lo defini\u00f3 Gast\u00f3n <a href=\"https:\/\/www.instagram.com\/gastonsarachu\/?hl=es-la\">Sarachu<\/a> sobre la intensa actividad que viene desarrollando la Escuela de Gobierno y Pol\u00edticas P\u00fablicas del Frente Renovador que conduce Sergio Massa.<\/p>\n<p>Esta semana, la Escuela de Gobierno y Pol\u00edticas P\u00fablicas del Frente Renovador, ProyectAr, continuar\u00e1 con tres encuentros virtuales. Esta iniciativa del espacio conducido por el Presidente de la Honorable C\u00e1mara de Diputados de la Naci\u00f3n, Sergio Massa, tuvo su relanzamiento en octubre<br \/>\ndel a\u00f1o pasado.<\/p>\n<p>Gast\u00f3n Sarachu, que adem\u00e1s se desempa\u00f1a como Subdelegado de CNRT en Olavarr\u00eda, se refiri\u00f3 a la Escuela de Gobierno del Frente Renovador como<br \/>\n\u201cuna herramienta muy importante que busca formar a los futuros dirigentes, con visi\u00f3n y capacidad para afrontar las problem\u00e1ticas sociales que se<br \/>\npresentan\u201d. \u201cEl motivo que nos convoca es el de conocer distintas experiencias de gesti\u00f3n, en diversas tem\u00e1ticas, que nos brindan conocimientos para responder a la adversidad\u201d, sostuvo Sarachu.<\/p>\n<p>&#8220;ProyectAr es una Escuela para formar futuros funcionarios p\u00fablicos&#8221; contin\u00faa con su misi\u00f3n de formaci\u00f3n de equipos t\u00e9cnicos y de gesti\u00f3n con tres nuevos cursos virtuales que se llevar\u00e1n a cabo esta semana. El primero de ellos ser\u00e1 este martes 15 de junio bajo el t\u00edtulo \u201cHacia una nueva Contrataci\u00f3n P\u00fablica: Tribunales Administrativos en materia de obras y contratos p\u00fablicos. Perspectivas y desaf\u00edos\u201d. Ser\u00e1 a partir de las 18 horas, con la coordinaci\u00f3n de Marcos Serrano y la exposici\u00f3n de Ariel Cardaci M\u00e9ndez.<\/p>\n<p>Otro encuentro tendr\u00e1 lugar el jueves 17 de junio, en donde la tem\u00e1tica ser\u00e1 \u201c\u00bfC\u00f3mo hacer de Argentina un pa\u00eds desarrollado?: Un desarrollo posible<br \/>\npara Argentina. Industria, sectores y regiones\u201d. A las 18 horas se dar\u00e1 inicio a este panel coordinado por Jos\u00e9 Ignacio de Mendiguren y contar\u00e1 con<br \/>\nla exposici\u00f3n de Gabriel Vienni.<\/p>\n<p>El \u00faltimo encuentro de ProyectAr de la semana ser\u00e1 el d\u00eda viernes 18 de junio a las 19 horas. \u201cJuventudes y dirigentes generacionales: Nuevas<br \/>\ndemandas, Nuevos desaf\u00edos\u201d es el r\u00f3tulo de este conversatorio con invitados, el cual moderar\u00e1 Nazareno La Gamba.<\/p>\n<p>&#8220;ProyectAr es una Escuela para formar futuros funcionarios p\u00fablicos&#8221; seg\u00fan se inform\u00f3 el pr\u00f3ximo 2 de julio tendr\u00e1 lugar la \u00faltima clase de los<br \/>\n18 cursos de cuatro m\u00f3dulos cada uno correspondientes al primer cuatrimestre de actividades de la Escuela de Gobierno y Pol\u00edticas P\u00fablicas. A partir de esa fecha, en el campus virtual de ProyectAr, estar\u00e1n disponibles las autoevaluaciones necesarias para obtener el certificado de aprobaci\u00f3n final. La propia directora de ProyectAR, M\u00f3nica Litza, y el presidente del Consejo Acad\u00e9mico, Sergio Massa, ser\u00e1n los encargados de firmar los certificados de todos quienes hayan terminado y aprobado los cursos en los que se anotaron.<\/p>\n<p>La Escuela de Gobierno ProyectAr tuvo su relanzamiento en octubre del a\u00f1o pasado. Es presidida por Sergio Massa, l\u00edder del Frente Renovador, y su<br \/>\ndirectora es M\u00f3nica Litza. Sus objetivos apuntan a la formaci\u00f3n de equipos t\u00e9cnicos y de gesti\u00f3n basados en el conocimiento, con solidez y visi\u00f3n de<br \/>\nlargo plazo, para poder abordar los desaf\u00edos que afrontan nuestras democracias en el siglo XXI.<\/p>\n<p>Su metodolog\u00eda combina el conocimiento de acad\u00e9micos y especialistas con la experiencia de gesti\u00f3n p\u00fablica, pol\u00edtica y social de los dirigentes del FR.<br \/>\nLos principales puntos de \u201cProyectAr\u201d son la vocaci\u00f3n a la capacitaci\u00f3n, el conocimiento, el federalismo, la perspectiva de g\u00e9nero y el bien com\u00fan. En<br \/>\nesta l\u00ednea, el proyecto cuenta con seis ejes tem\u00e1ticos: Globalizaci\u00f3n y Democracia; Tecnolog\u00edas Disruptivas; Cambio Clim\u00e1tico; Transformaciones<br \/>\nDemogr\u00e1ficas; Recursos Naturales; y Expansi\u00f3n de las Ciudades.<\/p>\n<p>Para m\u00e1s informaci\u00f3n de ProyectAr y de los proyectos del Foro Olavarr\u00eda y Frente Renovador, los interesados pueden acercarse a la Casa Eduardo<br \/>\n\u201cChino\u201d Correa, en Belgrano 3222, de lunes a viernes de 9 a 13. O comunicarse mediante los siguientes canales:<\/p>\n<p>WhatsApp: 2284-554873<\/p>\n<p>E-mail: foroolavarria@gmail.com<\/p>\n<p>Sitio web:<br \/>\nhttps:\/\/foroolavarria.org\/proyectar-escuela-de-gobierno-y-politicas-publicas<\/p>\n","protected":false},"excerpt":{"rendered":"<p>\u201cProyectAr es una Escuela para formar futuros funcionarios p\u00fablicos\u201d, as\u00ed lo defini\u00f3 Gast\u00f3n Sarachu sobre&#8230;<\/p>\n","protected":false},"author":1,"featured_media":145218,"comment_status":"closed","ping_status":"closed","sticky":false,"template":"","format":"standard","meta":{"content-type":""},"categories":[27,51],"tags":[],"nelio_content":{"isAutoShareEnabled":false,"autoShareEndMode":"default","automationSources":{"useContentSentences":true,"useSocialTemplates":true,"useCustomSentences":false,"customSentences":[]},"followers":[1],"suggestedReferences":[],"includedReferences":["https:\/\/www.instagram.com\/gastonsarachu\/?hl=es-la","https:\/\/foroolavarria.org\/proyectar-escuela-de-gobierno-y-politicas-publicas"],"efiUrl":"","efiAlt":"","highlights":[]},"yoast_head":"<!-- This site is optimized with the Yoast SEO plugin v20.7 - https:\/\/yoast.com\/wordpress\/plugins\/seo\/ -->\n<title>&quot;ProyectAr es una Escuela para formar futuros funcionarios p\u00fablicos&quot;<\/title>\n<meta name=\"description\" content=\"\u201cProyectAr es una Escuela para formar futuros funcionarios p\u00fablicos\u201d, as\u00ed lo defini\u00f3 Gast\u00f3n Sarachu sobre la intensa actividad\" \/>\n<meta name=\"robots\" content=\"index, follow, max-snippet:-1, max-image-preview:large, max-video-preview:-1\" \/>\n<link rel=\"canonical\" href=\"https:\/\/experienciadevida.com.ar\/portalurbano\/proyectar-es-una-escuela-para-formar-futuros-funcionarios-publicos\/\" \/>\n<meta property=\"og:locale\" content=\"es_ES\" \/>\n<meta property=\"og:type\" content=\"article\" \/>\n<meta property=\"og:title\" content=\"&quot;ProyectAr es una Escuela para formar futuros funcionarios p\u00fablicos&quot;\" \/>\n<meta property=\"og:description\" content=\"\u201cProyectAr es una Escuela para formar futuros funcionarios p\u00fablicos\u201d, as\u00ed lo defini\u00f3 Gast\u00f3n Sarachu sobre la intensa actividad\" \/>\n<meta property=\"og:url\" content=\"https:\/\/experienciadevida.com.ar\/portalurbano\/proyectar-es-una-escuela-para-formar-futuros-funcionarios-publicos\/\" \/>\n<meta property=\"article:publisher\" content=\"https:\/\/www.facebook.com\/Portal-Urbano-171542830093757\/\" \/>\n<meta property=\"article:published_time\" content=\"2021-06-14T22:25:18+00:00\" \/>\n<meta property=\"article:modified_time\" content=\"2021-06-14T22:25:47+00:00\" \/>\n<meta property=\"og:image\" content=\"https:\/\/experienciadevida.com.ar\/portalurbano\/wp-content\/uploads\/2021\/06\/ProyectAr-es-una-Escuela-para.jpg\" \/>\n\t<meta property=\"og:image:width\" content=\"960\" \/>\n\t<meta property=\"og:image:height\" content=\"601\" \/>\n\t<meta property=\"og:image:type\" content=\"image\/jpeg\" \/>\n<meta name=\"author\" content=\"admpu17wp\" \/>\n<meta name=\"twitter:card\" content=\"summary_large_image\" \/>\n<meta name=\"twitter:creator\" content=\"@portalurbanook\" \/>\n<meta name=\"twitter:site\" content=\"@portalurbanook\" \/>\n<meta name=\"twitter:label1\" content=\"Escrito por\" \/>\n\t<meta name=\"twitter:data1\" content=\"admpu17wp\" \/>\n\t<meta name=\"twitter:label2\" content=\"Tiempo de lectura\" \/>\n\t<meta name=\"twitter:data2\" content=\"3 minutos\" \/>\n<script type=\"application\/ld+json\" class=\"yoast-schema-graph\">{\"@context\":\"https:\/\/schema.org\",\"@graph\":[{\"@type\":\"Article\",\"@id\":\"https:\/\/experienciadevida.com.ar\/portalurbano\/proyectar-es-una-escuela-para-formar-futuros-funcionarios-publicos\/#article\",\"isPartOf\":{\"@id\":\"https:\/\/experienciadevida.com.ar\/portalurbano\/proyectar-es-una-escuela-para-formar-futuros-funcionarios-publicos\/\"},\"author\":{\"name\":\"admpu17wp\",\"@id\":\"https:\/\/experienciadevida.com.ar\/portalurbano\/#\/schema\/person\/02dd326b1c4b056e9cc972486934a3a7\"},\"headline\":\"\u201cProyectAr es una Escuela para formar futuros funcionarios p\u00fablicos\u201d\",\"datePublished\":\"2021-06-14T22:25:18+00:00\",\"dateModified\":\"2021-06-14T22:25:47+00:00\",\"mainEntityOfPage\":{\"@id\":\"https:\/\/experienciadevida.com.ar\/portalurbano\/proyectar-es-una-escuela-para-formar-futuros-funcionarios-publicos\/\"},\"wordCount\":701,\"publisher\":{\"@id\":\"https:\/\/experienciadevida.com.ar\/portalurbano\/#organization\"},\"articleSection\":[\"Ciudad\",\"Destacadas\"],\"inLanguage\":\"es\"},{\"@type\":\"WebPage\",\"@id\":\"https:\/\/experienciadevida.com.ar\/portalurbano\/proyectar-es-una-escuela-para-formar-futuros-funcionarios-publicos\/\",\"url\":\"https:\/\/experienciadevida.com.ar\/portalurbano\/proyectar-es-una-escuela-para-formar-futuros-funcionarios-publicos\/\",\"name\":\"\\\"ProyectAr es una Escuela para formar futuros funcionarios p\u00fablicos\\\"\",\"isPartOf\":{\"@id\":\"https:\/\/experienciadevida.com.ar\/portalurbano\/#website\"},\"datePublished\":\"2021-06-14T22:25:18+00:00\",\"dateModified\":\"2021-06-14T22:25:47+00:00\",\"description\":\"\u201cProyectAr es una Escuela para formar futuros funcionarios p\u00fablicos\u201d, as\u00ed lo defini\u00f3 Gast\u00f3n Sarachu sobre la intensa actividad\",\"breadcrumb\":{\"@id\":\"https:\/\/experienciadevida.com.ar\/portalurbano\/proyectar-es-una-escuela-para-formar-futuros-funcionarios-publicos\/#breadcrumb\"},\"inLanguage\":\"es\",\"potentialAction\":[{\"@type\":\"ReadAction\",\"target\":[\"https:\/\/experienciadevida.com.ar\/portalurbano\/proyectar-es-una-escuela-para-formar-futuros-funcionarios-publicos\/\"]}]},{\"@type\":\"BreadcrumbList\",\"@id\":\"https:\/\/experienciadevida.com.ar\/portalurbano\/proyectar-es-una-escuela-para-formar-futuros-funcionarios-publicos\/#breadcrumb\",\"itemListElement\":[{\"@type\":\"ListItem\",\"position\":1,\"name\":\"Portada\",\"item\":\"https:\/\/experienciadevida.com.ar\/portalurbano\/\"},{\"@type\":\"ListItem\",\"position\":2,\"name\":\"\u201cProyectAr es una Escuela para formar futuros funcionarios p\u00fablicos\u201d\"}]},{\"@type\":\"WebSite\",\"@id\":\"https:\/\/experienciadevida.com.ar\/portalurbano\/#website\",\"url\":\"https:\/\/experienciadevida.com.ar\/portalurbano\/\",\"name\":\"\",\"description\":\"\",\"publisher\":{\"@id\":\"https:\/\/experienciadevida.com.ar\/portalurbano\/#organization\"},\"potentialAction\":[{\"@type\":\"SearchAction\",\"target\":{\"@type\":\"EntryPoint\",\"urlTemplate\":\"https:\/\/experienciadevida.com.ar\/portalurbano\/?s={search_term_string}\"},\"query-input\":\"required name=search_term_string\"}],\"inLanguage\":\"es\"},{\"@type\":\"Organization\",\"@id\":\"https:\/\/experienciadevida.com.ar\/portalurbano\/#organization\",\"name\":\"Portal Urbano\",\"url\":\"https:\/\/experienciadevida.com.ar\/portalurbano\/\",\"logo\":{\"@type\":\"ImageObject\",\"inLanguage\":\"es\",\"@id\":\"https:\/\/experienciadevida.com.ar\/portalurbano\/#\/schema\/logo\/image\/\",\"url\":\"https:\/\/experienciadevida.com.ar\/portalurbano\/wp-content\/uploads\/2019\/09\/Logo-Original.png\",\"contentUrl\":\"https:\/\/experienciadevida.com.ar\/portalurbano\/wp-content\/uploads\/2019\/09\/Logo-Original.png\",\"width\":2236,\"height\":1216,\"caption\":\"Portal Urbano\"},\"image\":{\"@id\":\"https:\/\/experienciadevida.com.ar\/portalurbano\/#\/schema\/logo\/image\/\"},\"sameAs\":[\"https:\/\/www.facebook.com\/Portal-Urbano-171542830093757\/\",\"https:\/\/twitter.com\/portalurbanook\",\"https:\/\/www.instagram.com\/_portalurbano\/\",\"https:\/\/www.youtube.com\/channel\/UCXhagIfszH8KxFiOok79zbA?view_as=subscriber\"]},{\"@type\":\"Person\",\"@id\":\"https:\/\/experienciadevida.com.ar\/portalurbano\/#\/schema\/person\/02dd326b1c4b056e9cc972486934a3a7\",\"name\":\"admpu17wp\",\"image\":{\"@type\":\"ImageObject\",\"inLanguage\":\"es\",\"@id\":\"https:\/\/experienciadevida.com.ar\/portalurbano\/#\/schema\/person\/image\/\",\"url\":\"https:\/\/secure.gravatar.com\/avatar\/830d4c57adaae6630765e449a6908047?s=96&d=mm&r=g\",\"contentUrl\":\"https:\/\/secure.gravatar.com\/avatar\/830d4c57adaae6630765e449a6908047?s=96&d=mm&r=g\",\"caption\":\"admpu17wp\"}}]}<\/script>\n<!-- \/ Yoast SEO plugin. -->","yoast_head_json":{"title":"\"ProyectAr es una Escuela para formar futuros funcionarios p\u00fablicos\"","description":"\u201cProyectAr es una Escuela para formar futuros funcionarios p\u00fablicos\u201d, as\u00ed lo defini\u00f3 Gast\u00f3n Sarachu sobre la intensa actividad","robots":{"index":"index","follow":"follow","max-snippet":"max-snippet:-1","max-image-preview":"max-image-preview:large","max-video-preview":"max-video-preview:-1"},"canonical":"https:\/\/experienciadevida.com.ar\/portalurbano\/proyectar-es-una-escuela-para-formar-futuros-funcionarios-publicos\/","og_locale":"es_ES","og_type":"article","og_title":"\"ProyectAr es una Escuela para formar futuros funcionarios p\u00fablicos\"","og_description":"\u201cProyectAr es una Escuela para formar futuros funcionarios p\u00fablicos\u201d, as\u00ed lo defini\u00f3 Gast\u00f3n Sarachu sobre la intensa actividad","og_url":"https:\/\/experienciadevida.com.ar\/portalurbano\/proyectar-es-una-escuela-para-formar-futuros-funcionarios-publicos\/","article_publisher":"https:\/\/www.facebook.com\/Portal-Urbano-171542830093757\/","article_published_time":"2021-06-14T22:25:18+00:00","article_modified_time":"2021-06-14T22:25:47+00:00","og_image":[{"width":960,"height":601,"url":"https:\/\/experienciadevida.com.ar\/portalurbano\/wp-content\/uploads\/2021\/06\/ProyectAr-es-una-Escuela-para.jpg","type":"image\/jpeg"}],"author":"admpu17wp","twitter_card":"summary_large_image","twitter_creator":"@portalurbanook","twitter_site":"@portalurbanook","twitter_misc":{"Escrito por":"admpu17wp","Tiempo de lectura":"3 minutos"},"schema":{"@context":"https:\/\/schema.org","@graph":[{"@type":"Article","@id":"https:\/\/experienciadevida.com.ar\/portalurbano\/proyectar-es-una-escuela-para-formar-futuros-funcionarios-publicos\/#article","isPartOf":{"@id":"https:\/\/experienciadevida.com.ar\/portalurbano\/proyectar-es-una-escuela-para-formar-futuros-funcionarios-publicos\/"},"author":{"name":"admpu17wp","@id":"https:\/\/experienciadevida.com.ar\/portalurbano\/#\/schema\/person\/02dd326b1c4b056e9cc972486934a3a7"},"headline":"\u201cProyectAr es una Escuela para formar futuros funcionarios p\u00fablicos\u201d","datePublished":"2021-06-14T22:25:18+00:00","dateModified":"2021-06-14T22:25:47+00:00","mainEntityOfPage":{"@id":"https:\/\/experienciadevida.com.ar\/portalurbano\/proyectar-es-una-escuela-para-formar-futuros-funcionarios-publicos\/"},"wordCount":701,"publisher":{"@id":"https:\/\/experienciadevida.com.ar\/portalurbano\/#organization"},"articleSection":["Ciudad","Destacadas"],"inLanguage":"es"},{"@type":"WebPage","@id":"https:\/\/experienciadevida.com.ar\/portalurbano\/proyectar-es-una-escuela-para-formar-futuros-funcionarios-publicos\/","url":"https:\/\/experienciadevida.com.ar\/portalurbano\/proyectar-es-una-escuela-para-formar-futuros-funcionarios-publicos\/","name":"\"ProyectAr es una Escuela para formar futuros funcionarios p\u00fablicos\"","isPartOf":{"@id":"https:\/\/experienciadevida.com.ar\/portalurbano\/#website"},"datePublished":"2021-06-14T22:25:18+00:00","dateModified":"2021-06-14T22:25:47+00:00","description":"\u201cProyectAr es una Escuela para formar futuros funcionarios p\u00fablicos\u201d, as\u00ed lo defini\u00f3 Gast\u00f3n Sarachu sobre la intensa actividad","breadcrumb":{"@id":"https:\/\/experienciadevida.com.ar\/portalurbano\/proyectar-es-una-escuela-para-formar-futuros-funcionarios-publicos\/#breadcrumb"},"inLanguage":"es","potentialAction":[{"@type":"ReadAction","target":["https:\/\/experienciadevida.com.ar\/portalurbano\/proyectar-es-una-escuela-para-formar-futuros-funcionarios-publicos\/"]}]},{"@type":"BreadcrumbList","@id":"https:\/\/experienciadevida.com.ar\/portalurbano\/proyectar-es-una-escuela-para-formar-futuros-funcionarios-publicos\/#breadcrumb","itemListElement":[{"@type":"ListItem","position":1,"name":"Portada","item":"https:\/\/experienciadevida.com.ar\/portalurbano\/"},{"@type":"ListItem","position":2,"name":"\u201cProyectAr es una Escuela para formar futuros funcionarios p\u00fablicos\u201d"}]},{"@type":"WebSite","@id":"https:\/\/experienciadevida.com.ar\/portalurbano\/#website","url":"https:\/\/experienciadevida.com.ar\/portalurbano\/","name":"","description":"","publisher":{"@id":"https:\/\/experienciadevida.com.ar\/portalurbano\/#organization"},"potentialAction":[{"@type":"SearchAction","target":{"@type":"EntryPoint","urlTemplate":"https:\/\/experienciadevida.com.ar\/portalurbano\/?s={search_term_string}"},"query-input":"required name=search_term_string"}],"inLanguage":"es"},{"@type":"Organization","@id":"https:\/\/experienciadevida.com.ar\/portalurbano\/#organization","name":"Portal Urbano","url":"https:\/\/experienciadevida.com.ar\/portalurbano\/","logo":{"@type":"ImageObject","inLanguage":"es","@id":"https:\/\/experienciadevida.com.ar\/portalurbano\/#\/schema\/logo\/image\/","url":"https:\/\/experienciadevida.com.ar\/portalurbano\/wp-content\/uploads\/2019\/09\/Logo-Original.png","contentUrl":"https:\/\/experienciadevida.com.ar\/portalurbano\/wp-content\/uploads\/2019\/09\/Logo-Original.png","width":2236,"height":1216,"caption":"Portal Urbano"},"image":{"@id":"https:\/\/experienciadevida.com.ar\/portalurbano\/#\/schema\/logo\/image\/"},"sameAs":["https:\/\/www.facebook.com\/Portal-Urbano-171542830093757\/","https:\/\/twitter.com\/portalurbanook","https:\/\/www.instagram.com\/_portalurbano\/","https:\/\/www.youtube.com\/channel\/UCXhagIfszH8KxFiOok79zbA?view_as=subscriber"]},{"@type":"Person","@id":"https:\/\/experienciadevida.com.ar\/portalurbano\/#\/schema\/person\/02dd326b1c4b056e9cc972486934a3a7","name":"admpu17wp","image":{"@type":"ImageObject","inLanguage":"es","@id":"https:\/\/experienciadevida.com.ar\/portalurbano\/#\/schema\/person\/image\/","url":"https:\/\/secure.gravatar.com\/avatar\/830d4c57adaae6630765e449a6908047?s=96&d=mm&r=g","contentUrl":"https:\/\/secure.gravatar.com\/avatar\/830d4c57adaae6630765e449a6908047?s=96&d=mm&r=g","caption":"admpu17wp"}}]}},"featured_image_urls":{"full":["https:\/\/experienciadevida.com.ar\/portalurbano\/wp-content\/uploads\/2021\/06\/ProyectAr-es-una-Escuela-para.jpg",960,601,false],"thumbnail":["https:\/\/experienciadevida.com.ar\/portalurbano\/wp-content\/uploads\/2021\/06\/ProyectAr-es-una-Escuela-para-150x150.jpg",150,150,true],"medium":["https:\/\/experienciadevida.com.ar\/portalurbano\/wp-content\/uploads\/2021\/06\/ProyectAr-es-una-Escuela-para-300x188.jpg",300,188,true],"medium_large":["https:\/\/experienciadevida.com.ar\/portalurbano\/wp-content\/uploads\/2021\/06\/ProyectAr-es-una-Escuela-para-768x481.jpg",640,401,true],"large":["https:\/\/experienciadevida.com.ar\/portalurbano\/wp-content\/uploads\/2021\/06\/ProyectAr-es-una-Escuela-para.jpg",640,401,false],"ug_big":["https:\/\/experienciadevida.com.ar\/portalurbano\/wp-content\/uploads\/2021\/06\/ProyectAr-es-una-Escuela-para-768x481.jpg",768,481,true],"1536x1536":["https:\/\/experienciadevida.com.ar\/portalurbano\/wp-content\/uploads\/2021\/06\/ProyectAr-es-una-Escuela-para.jpg",960,601,false],"2048x2048":["https:\/\/experienciadevida.com.ar\/portalurbano\/wp-content\/uploads\/2021\/06\/ProyectAr-es-una-Escuela-para.jpg",960,601,false],"newsever-slider-full":["https:\/\/experienciadevida.com.ar\/portalurbano\/wp-content\/uploads\/2021\/06\/ProyectAr-es-una-Escuela-para.jpg",960,601,false],"newsever-featured":["https:\/\/experienciadevida.com.ar\/portalurbano\/wp-content\/uploads\/2021\/06\/ProyectAr-es-una-Escuela-para.jpg",960,601,false],"newsever-medium":["https:\/\/experienciadevida.com.ar\/portalurbano\/wp-content\/uploads\/2021\/06\/ProyectAr-es-una-Escuela-para.jpg",720,451,false],"web-stories-poster-portrait":["https:\/\/experienciadevida.com.ar\/portalurbano\/wp-content\/uploads\/2021\/06\/ProyectAr-es-una-Escuela-para.jpg",640,401,false],"web-stories-publisher-logo":["https:\/\/experienciadevida.com.ar\/portalurbano\/wp-content\/uploads\/2021\/06\/ProyectAr-es-una-Escuela-para.jpg",96,60,false],"web-stories-thumbnail":["https:\/\/experienciadevida.com.ar\/portalurbano\/wp-content\/uploads\/2021\/06\/ProyectAr-es-una-Escuela-para.jpg",150,94,false]},"author_info":{"display_name":"admpu17wp","author_link":"https:\/\/experienciadevida.com.ar\/portalurbano\/author\/admpu17wp\/"},"category_info":"<a href=\"https:\/\/experienciadevida.com.ar\/portalurbano\/category\/ciudad\/\" rel=\"category tag\">Ciudad<\/a> <a href=\"https:\/\/experienciadevida.com.ar\/portalurbano\/category\/destacadas\/\" rel=\"category tag\">Destacadas<\/a>","tag_info":"Destacadas","comment_count":"0","amp_enabled":true,"_links":{"self":[{"href":"https:\/\/experienciadevida.com.ar\/portalurbano\/wp-json\/wp\/v2\/posts\/145216"}],"collection":[{"href":"https:\/\/experienciadevida.com.ar\/portalurbano\/wp-json\/wp\/v2\/posts"}],"about":[{"href":"https:\/\/experienciadevida.com.ar\/portalurbano\/wp-json\/wp\/v2\/types\/post"}],"author":[{"embeddable":true,"href":"https:\/\/experienciadevida.com.ar\/portalurbano\/wp-json\/wp\/v2\/users\/1"}],"replies":[{"embeddable":true,"href":"https:\/\/experienciadevida.com.ar\/portalurbano\/wp-json\/wp\/v2\/comments?post=145216"}],"version-history":[{"count":1,"href":"https:\/\/experienciadevida.com.ar\/portalurbano\/wp-json\/wp\/v2\/posts\/145216\/revisions"}],"predecessor-version":[{"id":145219,"href":"https:\/\/experienciadevida.com.ar\/portalurbano\/wp-json\/wp\/v2\/posts\/145216\/revisions\/145219"}],"wp:featuredmedia":[{"embeddable":true,"href":"https:\/\/experienciadevida.com.ar\/portalurbano\/wp-json\/wp\/v2\/media\/145218"}],"wp:attachment":[{"href":"https:\/\/experienciadevida.com.ar\/portalurbano\/wp-json\/wp\/v2\/media?parent=145216"}],"wp:term":[{"taxonomy":"category","embeddable":true,"href":"https:\/\/experienciadevida.com.ar\/portalurbano\/wp-json\/wp\/v2\/categories?post=145216"},{"taxonomy":"post_tag","embeddable":true,"href":"https:\/\/experienciadevida.com.ar\/portalurbano\/wp-json\/wp\/v2\/tags?post=145216"}],"curies":[{"name":"wp","href":"https:\/\/api.w.org\/{rel}","templated":true}]}}