{"id":145193,"date":"2021-06-14T18:28:46","date_gmt":"2021-06-14T21:28:46","guid":{"rendered":"https:\/\/experienciadevida.com.ar\/portalurbano\/?p=145193"},"modified":"2021-06-14T18:32:13","modified_gmt":"2021-06-14T21:32:13","slug":"aguilera-mantuvo-una-reunion-con-el-director-regional-del-ministerio-de-trabajo-de-nacion-e-integrantes-de-la-union-industrial","status":"publish","type":"post","link":"https:\/\/experienciadevida.com.ar\/portalurbano\/aguilera-mantuvo-una-reunion-con-el-director-regional-del-ministerio-de-trabajo-de-nacion-e-integrantes-de-la-union-industrial\/","title":{"rendered":"Aguilera mantuvo una reuni\u00f3n con el Director Regional del Ministerio de Trabajo de Naci\u00f3n e integrantes de la Uni\u00f3n Industrial"},"content":{"rendered":"<p>Aguilera mantuvo una reuni\u00f3n con el Director Regional del Ministerio de Trabajo de Naci\u00f3n e integrantes de la Uni\u00f3n Industrial, en la jornada de este lunes, el Director Regional del Ministerio de Trabajo de la Naci\u00f3n, Emiliano Ordo\u00f1ez, particip\u00f3 de un encuentro con el subsecretario de Miner\u00eda de la provincia, Federico Aguilera, y el presidente del Uni\u00f3n Industrial de Olavarr\u00eda, C\u00e9sar Longo, para dialogar sobre las distintas l\u00edneas de asistencia para sostener el empleo y el programa nacional de Acciones de Entrenamiento para el Trabajo (EPT) que brinda incentivos econ\u00f3micos a las empresas para la capacitaci\u00f3n de mano de obra especializada.<\/p>\n<p>En el marco de la reuni\u00f3n entre funcionarios e industriales pymes de Olavarr\u00eda, el Subsecretario de Miner\u00eda bonaerense, Federico <a href=\"https:\/\/www.facebook.com\/FedericoAguile5\">Aguilera<\/a>, asegur\u00f3 que \u201cel objetivo de este encuentro es articular para generar v\u00ednculos con el sector empresarial y que los j\u00f3venes puedan tener su primera experiencia laboral y aquellas personas que est\u00e9n desempleadas puedan entrar en contacto nuevamente con el sector\u201d.<\/p>\n<p>Del mismo modo, el director Regional del Ministerio de Trabajo de la Naci\u00f3n, Emiliano Ordo\u00f1ez, explic\u00f3 que \u201cdesde el Ministerio buscamos acercar las distintas herramientas que construye el Estado para ayudar a las Pymes en este contexto\u201d. Al mismo tiempo, Ordo\u00f1ez, subray\u00f3 que \u201cestamos otorgando visibilidad a distintas l\u00edneas de asistencia que llevamos adelante como el programa de Acciones de Entrenamiento para el Trabajo (EPT)\u201d. El Programa brinda incentivos econ\u00f3micos a las empresas para que entrenen aprendices en los puestos que necesitan.<\/p>\n<p>Aguilera mantuvo una reuni\u00f3n con el Director regional del Ministerio de trabajo de naci\u00f3n Por su parte, desde la Uni\u00f3n Industrial de Olavarr\u00eda (UIO), su presidente C\u00e9sar Longo, celebr\u00f3 el encuentro para poder \u201cobtener informaci\u00f3n y transmitir las pol\u00edticas p\u00fablicas existentes a los industriales asociados\u201d. Adem\u00e1s, Longo remarc\u00f3 la importancia de avanzar en la implementaci\u00f3n y la comunicaci\u00f3n de los programas para incentivar a los empresarios.<\/p>\n<p>\u201cEstamos articulando mucho con Provincia y Naci\u00f3n, la pol\u00edtica econom\u00eda debe estar centrada en el empleo y la productividad\u201d, finaliz\u00f3 C\u00e9sar Longo de la UIO<\/p>\n<p><a href=\"https:\/\/experienciadevida.com.ar\/portalurbano\/aguilera-mantuvo-una-reunion-con-el-director-regional-del-ministerio-de-trabajo-de-nacion-e-integrantes-de-la-union-industrial\/aguilera-mantuvo\/\" rel=\"attachment wp-att-145198\"><img decoding=\"async\" class=\"alignnone size-large wp-image-145198\" src=\"https:\/\/experienciadevida.com.ar\/portalurbano\/wp-content\/uploads\/2021\/06\/Aguilera-mantuvo-1024x630.jpg\" alt=\"Aguilera mantuvo \" width=\"900\" height=\"554\" srcset=\"https:\/\/experienciadevida.com.ar\/portalurbano\/wp-content\/uploads\/2021\/06\/Aguilera-mantuvo-1024x630.jpg 1024w, https:\/\/experienciadevida.com.ar\/portalurbano\/wp-content\/uploads\/2021\/06\/Aguilera-mantuvo-300x184.jpg 300w, https:\/\/experienciadevida.com.ar\/portalurbano\/wp-content\/uploads\/2021\/06\/Aguilera-mantuvo-768x472.jpg 768w, https:\/\/experienciadevida.com.ar\/portalurbano\/wp-content\/uploads\/2021\/06\/Aguilera-mantuvo.jpg 1280w\" sizes=\"(max-width: 900px) 100vw, 900px\" \/><\/a><\/p>\n<p><a href=\"https:\/\/experienciadevida.com.ar\/portalurbano\/aguilera-mantuvo-una-reunion-con-el-director-regional-del-ministerio-de-trabajo-de-nacion-e-integrantes-de-la-union-industrial\/una-reunion-3\/\" rel=\"attachment wp-att-145199\"><img decoding=\"async\" class=\"alignnone size-large wp-image-145199\" src=\"https:\/\/experienciadevida.com.ar\/portalurbano\/wp-content\/uploads\/2021\/06\/una-reunion-1024x615.jpg\" alt=\"una reuni\u00f3n \" width=\"900\" height=\"541\" srcset=\"https:\/\/experienciadevida.com.ar\/portalurbano\/wp-content\/uploads\/2021\/06\/una-reunion-1024x615.jpg 1024w, https:\/\/experienciadevida.com.ar\/portalurbano\/wp-content\/uploads\/2021\/06\/una-reunion-300x180.jpg 300w, https:\/\/experienciadevida.com.ar\/portalurbano\/wp-content\/uploads\/2021\/06\/una-reunion-768x461.jpg 768w, https:\/\/experienciadevida.com.ar\/portalurbano\/wp-content\/uploads\/2021\/06\/una-reunion.jpg 1280w\" sizes=\"(max-width: 900px) 100vw, 900px\" \/><\/a><\/p>\n","protected":false},"excerpt":{"rendered":"<p>Aguilera mantuvo una reuni\u00f3n con el Director Regional del Ministerio de Trabajo de Naci\u00f3n e&#8230;<\/p>\n","protected":false},"author":1,"featured_media":145194,"comment_status":"closed","ping_status":"closed","sticky":false,"template":"","format":"standard","meta":{"content-type":""},"categories":[27,64],"tags":[],"nelio_content":{"isAutoShareEnabled":false,"autoShareEndMode":"default","automationSources":{"useContentSentences":true,"useSocialTemplates":true,"useCustomSentences":false,"customSentences":[]},"followers":[1],"suggestedReferences":[],"includedReferences":[],"efiUrl":"","efiAlt":"","highlights":[]},"yoast_head":"<!-- This site is optimized with the Yoast SEO plugin v20.7 - https:\/\/yoast.com\/wordpress\/plugins\/seo\/ -->\n<title>Aguilera mantuvo una reuni\u00f3n con el director de la Uni\u00f3n Industrial<\/title>\n<meta name=\"description\" content=\"Aguilera mantuvo una reuni\u00f3n con el Director Regional del Ministerio de Trabajo de Naci\u00f3n e integrantes de la Uni\u00f3n Industrial, este lunes\" \/>\n<meta name=\"robots\" content=\"index, follow, max-snippet:-1, max-image-preview:large, max-video-preview:-1\" \/>\n<link rel=\"canonical\" href=\"https:\/\/experienciadevida.com.ar\/portalurbano\/aguilera-mantuvo-una-reunion-con-el-director-regional-del-ministerio-de-trabajo-de-nacion-e-integrantes-de-la-union-industrial\/\" \/>\n<meta property=\"og:locale\" content=\"es_ES\" \/>\n<meta property=\"og:type\" content=\"article\" \/>\n<meta property=\"og:title\" content=\"Aguilera mantuvo una reuni\u00f3n con el director de la Uni\u00f3n Industrial\" \/>\n<meta property=\"og:description\" content=\"Aguilera mantuvo una reuni\u00f3n con el Director Regional del Ministerio de Trabajo de Naci\u00f3n e integrantes de la Uni\u00f3n Industrial, este lunes\" \/>\n<meta property=\"og:url\" content=\"https:\/\/experienciadevida.com.ar\/portalurbano\/aguilera-mantuvo-una-reunion-con-el-director-regional-del-ministerio-de-trabajo-de-nacion-e-integrantes-de-la-union-industrial\/\" \/>\n<meta property=\"article:publisher\" content=\"https:\/\/www.facebook.com\/Portal-Urbano-171542830093757\/\" \/>\n<meta property=\"article:published_time\" content=\"2021-06-14T21:28:46+00:00\" \/>\n<meta property=\"article:modified_time\" content=\"2021-06-14T21:32:13+00:00\" \/>\n<meta property=\"og:image\" content=\"https:\/\/experienciadevida.com.ar\/portalurbano\/wp-content\/uploads\/2021\/06\/Aguilera-mantuvo-una-reunion-con.jpg\" \/>\n\t<meta property=\"og:image:width\" content=\"1280\" \/>\n\t<meta property=\"og:image:height\" content=\"644\" \/>\n\t<meta property=\"og:image:type\" content=\"image\/jpeg\" \/>\n<meta name=\"author\" content=\"admpu17wp\" \/>\n<meta name=\"twitter:card\" content=\"summary_large_image\" \/>\n<meta name=\"twitter:creator\" content=\"@portalurbanook\" \/>\n<meta name=\"twitter:site\" content=\"@portalurbanook\" \/>\n<meta name=\"twitter:label1\" content=\"Escrito por\" \/>\n\t<meta name=\"twitter:data1\" content=\"admpu17wp\" \/>\n\t<meta name=\"twitter:label2\" content=\"Tiempo de lectura\" \/>\n\t<meta name=\"twitter:data2\" content=\"2 minutos\" \/>\n<script type=\"application\/ld+json\" class=\"yoast-schema-graph\">{\"@context\":\"https:\/\/schema.org\",\"@graph\":[{\"@type\":\"Article\",\"@id\":\"https:\/\/experienciadevida.com.ar\/portalurbano\/aguilera-mantuvo-una-reunion-con-el-director-regional-del-ministerio-de-trabajo-de-nacion-e-integrantes-de-la-union-industrial\/#article\",\"isPartOf\":{\"@id\":\"https:\/\/experienciadevida.com.ar\/portalurbano\/aguilera-mantuvo-una-reunion-con-el-director-regional-del-ministerio-de-trabajo-de-nacion-e-integrantes-de-la-union-industrial\/\"},\"author\":{\"name\":\"admpu17wp\",\"@id\":\"https:\/\/experienciadevida.com.ar\/portalurbano\/#\/schema\/person\/02dd326b1c4b056e9cc972486934a3a7\"},\"headline\":\"Aguilera mantuvo una reuni\u00f3n con el Director Regional del Ministerio de Trabajo de Naci\u00f3n e integrantes de la Uni\u00f3n Industrial\",\"datePublished\":\"2021-06-14T21:28:46+00:00\",\"dateModified\":\"2021-06-14T21:32:13+00:00\",\"mainEntityOfPage\":{\"@id\":\"https:\/\/experienciadevida.com.ar\/portalurbano\/aguilera-mantuvo-una-reunion-con-el-director-regional-del-ministerio-de-trabajo-de-nacion-e-integrantes-de-la-union-industrial\/\"},\"wordCount\":395,\"publisher\":{\"@id\":\"https:\/\/experienciadevida.com.ar\/portalurbano\/#organization\"},\"articleSection\":[\"Ciudad\",\"Destacadas 2\"],\"inLanguage\":\"es\"},{\"@type\":\"WebPage\",\"@id\":\"https:\/\/experienciadevida.com.ar\/portalurbano\/aguilera-mantuvo-una-reunion-con-el-director-regional-del-ministerio-de-trabajo-de-nacion-e-integrantes-de-la-union-industrial\/\",\"url\":\"https:\/\/experienciadevida.com.ar\/portalurbano\/aguilera-mantuvo-una-reunion-con-el-director-regional-del-ministerio-de-trabajo-de-nacion-e-integrantes-de-la-union-industrial\/\",\"name\":\"Aguilera mantuvo una reuni\u00f3n con el director de la Uni\u00f3n Industrial\",\"isPartOf\":{\"@id\":\"https:\/\/experienciadevida.com.ar\/portalurbano\/#website\"},\"datePublished\":\"2021-06-14T21:28:46+00:00\",\"dateModified\":\"2021-06-14T21:32:13+00:00\",\"description\":\"Aguilera mantuvo una reuni\u00f3n con el Director Regional del Ministerio de Trabajo de Naci\u00f3n e integrantes de la Uni\u00f3n Industrial, este lunes\",\"breadcrumb\":{\"@id\":\"https:\/\/experienciadevida.com.ar\/portalurbano\/aguilera-mantuvo-una-reunion-con-el-director-regional-del-ministerio-de-trabajo-de-nacion-e-integrantes-de-la-union-industrial\/#breadcrumb\"},\"inLanguage\":\"es\",\"potentialAction\":[{\"@type\":\"ReadAction\",\"target\":[\"https:\/\/experienciadevida.com.ar\/portalurbano\/aguilera-mantuvo-una-reunion-con-el-director-regional-del-ministerio-de-trabajo-de-nacion-e-integrantes-de-la-union-industrial\/\"]}]},{\"@type\":\"BreadcrumbList\",\"@id\":\"https:\/\/experienciadevida.com.ar\/portalurbano\/aguilera-mantuvo-una-reunion-con-el-director-regional-del-ministerio-de-trabajo-de-nacion-e-integrantes-de-la-union-industrial\/#breadcrumb\",\"itemListElement\":[{\"@type\":\"ListItem\",\"position\":1,\"name\":\"Portada\",\"item\":\"https:\/\/experienciadevida.com.ar\/portalurbano\/\"},{\"@type\":\"ListItem\",\"position\":2,\"name\":\"Aguilera mantuvo una reuni\u00f3n con el Director Regional del Ministerio de Trabajo de Naci\u00f3n e integrantes de la Uni\u00f3n Industrial\"}]},{\"@type\":\"WebSite\",\"@id\":\"https:\/\/experienciadevida.com.ar\/portalurbano\/#website\",\"url\":\"https:\/\/experienciadevida.com.ar\/portalurbano\/\",\"name\":\"\",\"description\":\"\",\"publisher\":{\"@id\":\"https:\/\/experienciadevida.com.ar\/portalurbano\/#organization\"},\"potentialAction\":[{\"@type\":\"SearchAction\",\"target\":{\"@type\":\"EntryPoint\",\"urlTemplate\":\"https:\/\/experienciadevida.com.ar\/portalurbano\/?s={search_term_string}\"},\"query-input\":\"required name=search_term_string\"}],\"inLanguage\":\"es\"},{\"@type\":\"Organization\",\"@id\":\"https:\/\/experienciadevida.com.ar\/portalurbano\/#organization\",\"name\":\"Portal Urbano\",\"url\":\"https:\/\/experienciadevida.com.ar\/portalurbano\/\",\"logo\":{\"@type\":\"ImageObject\",\"inLanguage\":\"es\",\"@id\":\"https:\/\/experienciadevida.com.ar\/portalurbano\/#\/schema\/logo\/image\/\",\"url\":\"https:\/\/experienciadevida.com.ar\/portalurbano\/wp-content\/uploads\/2019\/09\/Logo-Original.png\",\"contentUrl\":\"https:\/\/experienciadevida.com.ar\/portalurbano\/wp-content\/uploads\/2019\/09\/Logo-Original.png\",\"width\":2236,\"height\":1216,\"caption\":\"Portal Urbano\"},\"image\":{\"@id\":\"https:\/\/experienciadevida.com.ar\/portalurbano\/#\/schema\/logo\/image\/\"},\"sameAs\":[\"https:\/\/www.facebook.com\/Portal-Urbano-171542830093757\/\",\"https:\/\/twitter.com\/portalurbanook\",\"https:\/\/www.instagram.com\/_portalurbano\/\",\"https:\/\/www.youtube.com\/channel\/UCXhagIfszH8KxFiOok79zbA?view_as=subscriber\"]},{\"@type\":\"Person\",\"@id\":\"https:\/\/experienciadevida.com.ar\/portalurbano\/#\/schema\/person\/02dd326b1c4b056e9cc972486934a3a7\",\"name\":\"admpu17wp\",\"image\":{\"@type\":\"ImageObject\",\"inLanguage\":\"es\",\"@id\":\"https:\/\/experienciadevida.com.ar\/portalurbano\/#\/schema\/person\/image\/\",\"url\":\"https:\/\/secure.gravatar.com\/avatar\/830d4c57adaae6630765e449a6908047?s=96&d=mm&r=g\",\"contentUrl\":\"https:\/\/secure.gravatar.com\/avatar\/830d4c57adaae6630765e449a6908047?s=96&d=mm&r=g\",\"caption\":\"admpu17wp\"}}]}<\/script>\n<!-- \/ Yoast SEO plugin. -->","yoast_head_json":{"title":"Aguilera mantuvo una reuni\u00f3n con el director de la Uni\u00f3n Industrial","description":"Aguilera mantuvo una reuni\u00f3n con el Director Regional del Ministerio de Trabajo de Naci\u00f3n e integrantes de la Uni\u00f3n Industrial, este lunes","robots":{"index":"index","follow":"follow","max-snippet":"max-snippet:-1","max-image-preview":"max-image-preview:large","max-video-preview":"max-video-preview:-1"},"canonical":"https:\/\/experienciadevida.com.ar\/portalurbano\/aguilera-mantuvo-una-reunion-con-el-director-regional-del-ministerio-de-trabajo-de-nacion-e-integrantes-de-la-union-industrial\/","og_locale":"es_ES","og_type":"article","og_title":"Aguilera mantuvo una reuni\u00f3n con el director de la Uni\u00f3n Industrial","og_description":"Aguilera mantuvo una reuni\u00f3n con el Director Regional del Ministerio de Trabajo de Naci\u00f3n e integrantes de la Uni\u00f3n Industrial, este lunes","og_url":"https:\/\/experienciadevida.com.ar\/portalurbano\/aguilera-mantuvo-una-reunion-con-el-director-regional-del-ministerio-de-trabajo-de-nacion-e-integrantes-de-la-union-industrial\/","article_publisher":"https:\/\/www.facebook.com\/Portal-Urbano-171542830093757\/","article_published_time":"2021-06-14T21:28:46+00:00","article_modified_time":"2021-06-14T21:32:13+00:00","og_image":[{"width":1280,"height":644,"url":"https:\/\/experienciadevida.com.ar\/portalurbano\/wp-content\/uploads\/2021\/06\/Aguilera-mantuvo-una-reunion-con.jpg","type":"image\/jpeg"}],"author":"admpu17wp","twitter_card":"summary_large_image","twitter_creator":"@portalurbanook","twitter_site":"@portalurbanook","twitter_misc":{"Escrito por":"admpu17wp","Tiempo de lectura":"2 minutos"},"schema":{"@context":"https:\/\/schema.org","@graph":[{"@type":"Article","@id":"https:\/\/experienciadevida.com.ar\/portalurbano\/aguilera-mantuvo-una-reunion-con-el-director-regional-del-ministerio-de-trabajo-de-nacion-e-integrantes-de-la-union-industrial\/#article","isPartOf":{"@id":"https:\/\/experienciadevida.com.ar\/portalurbano\/aguilera-mantuvo-una-reunion-con-el-director-regional-del-ministerio-de-trabajo-de-nacion-e-integrantes-de-la-union-industrial\/"},"author":{"name":"admpu17wp","@id":"https:\/\/experienciadevida.com.ar\/portalurbano\/#\/schema\/person\/02dd326b1c4b056e9cc972486934a3a7"},"headline":"Aguilera mantuvo una reuni\u00f3n con el Director Regional del Ministerio de Trabajo de Naci\u00f3n e integrantes de la Uni\u00f3n Industrial","datePublished":"2021-06-14T21:28:46+00:00","dateModified":"2021-06-14T21:32:13+00:00","mainEntityOfPage":{"@id":"https:\/\/experienciadevida.com.ar\/portalurbano\/aguilera-mantuvo-una-reunion-con-el-director-regional-del-ministerio-de-trabajo-de-nacion-e-integrantes-de-la-union-industrial\/"},"wordCount":395,"publisher":{"@id":"https:\/\/experienciadevida.com.ar\/portalurbano\/#organization"},"articleSection":["Ciudad","Destacadas 2"],"inLanguage":"es"},{"@type":"WebPage","@id":"https:\/\/experienciadevida.com.ar\/portalurbano\/aguilera-mantuvo-una-reunion-con-el-director-regional-del-ministerio-de-trabajo-de-nacion-e-integrantes-de-la-union-industrial\/","url":"https:\/\/experienciadevida.com.ar\/portalurbano\/aguilera-mantuvo-una-reunion-con-el-director-regional-del-ministerio-de-trabajo-de-nacion-e-integrantes-de-la-union-industrial\/","name":"Aguilera mantuvo una reuni\u00f3n con el director de la Uni\u00f3n Industrial","isPartOf":{"@id":"https:\/\/experienciadevida.com.ar\/portalurbano\/#website"},"datePublished":"2021-06-14T21:28:46+00:00","dateModified":"2021-06-14T21:32:13+00:00","description":"Aguilera mantuvo una reuni\u00f3n con el Director Regional del Ministerio de Trabajo de Naci\u00f3n e integrantes de la Uni\u00f3n Industrial, este lunes","breadcrumb":{"@id":"https:\/\/experienciadevida.com.ar\/portalurbano\/aguilera-mantuvo-una-reunion-con-el-director-regional-del-ministerio-de-trabajo-de-nacion-e-integrantes-de-la-union-industrial\/#breadcrumb"},"inLanguage":"es","potentialAction":[{"@type":"ReadAction","target":["https:\/\/experienciadevida.com.ar\/portalurbano\/aguilera-mantuvo-una-reunion-con-el-director-regional-del-ministerio-de-trabajo-de-nacion-e-integrantes-de-la-union-industrial\/"]}]},{"@type":"BreadcrumbList","@id":"https:\/\/experienciadevida.com.ar\/portalurbano\/aguilera-mantuvo-una-reunion-con-el-director-regional-del-ministerio-de-trabajo-de-nacion-e-integrantes-de-la-union-industrial\/#breadcrumb","itemListElement":[{"@type":"ListItem","position":1,"name":"Portada","item":"https:\/\/experienciadevida.com.ar\/portalurbano\/"},{"@type":"ListItem","position":2,"name":"Aguilera mantuvo una reuni\u00f3n con el Director Regional del Ministerio de Trabajo de Naci\u00f3n e integrantes de la Uni\u00f3n Industrial"}]},{"@type":"WebSite","@id":"https:\/\/experienciadevida.com.ar\/portalurbano\/#website","url":"https:\/\/experienciadevida.com.ar\/portalurbano\/","name":"","description":"","publisher":{"@id":"https:\/\/experienciadevida.com.ar\/portalurbano\/#organization"},"potentialAction":[{"@type":"SearchAction","target":{"@type":"EntryPoint","urlTemplate":"https:\/\/experienciadevida.com.ar\/portalurbano\/?s={search_term_string}"},"query-input":"required name=search_term_string"}],"inLanguage":"es"},{"@type":"Organization","@id":"https:\/\/experienciadevida.com.ar\/portalurbano\/#organization","name":"Portal Urbano","url":"https:\/\/experienciadevida.com.ar\/portalurbano\/","logo":{"@type":"ImageObject","inLanguage":"es","@id":"https:\/\/experienciadevida.com.ar\/portalurbano\/#\/schema\/logo\/image\/","url":"https:\/\/experienciadevida.com.ar\/portalurbano\/wp-content\/uploads\/2019\/09\/Logo-Original.png","contentUrl":"https:\/\/experienciadevida.com.ar\/portalurbano\/wp-content\/uploads\/2019\/09\/Logo-Original.png","width":2236,"height":1216,"caption":"Portal Urbano"},"image":{"@id":"https:\/\/experienciadevida.com.ar\/portalurbano\/#\/schema\/logo\/image\/"},"sameAs":["https:\/\/www.facebook.com\/Portal-Urbano-171542830093757\/","https:\/\/twitter.com\/portalurbanook","https:\/\/www.instagram.com\/_portalurbano\/","https:\/\/www.youtube.com\/channel\/UCXhagIfszH8KxFiOok79zbA?view_as=subscriber"]},{"@type":"Person","@id":"https:\/\/experienciadevida.com.ar\/portalurbano\/#\/schema\/person\/02dd326b1c4b056e9cc972486934a3a7","name":"admpu17wp","image":{"@type":"ImageObject","inLanguage":"es","@id":"https:\/\/experienciadevida.com.ar\/portalurbano\/#\/schema\/person\/image\/","url":"https:\/\/secure.gravatar.com\/avatar\/830d4c57adaae6630765e449a6908047?s=96&d=mm&r=g","contentUrl":"https:\/\/secure.gravatar.com\/avatar\/830d4c57adaae6630765e449a6908047?s=96&d=mm&r=g","caption":"admpu17wp"}}]}},"featured_image_urls":{"full":["https:\/\/experienciadevida.com.ar\/portalurbano\/wp-content\/uploads\/2021\/06\/Aguilera-mantuvo-una-reunion-con.jpg",1280,644,false],"thumbnail":["https:\/\/experienciadevida.com.ar\/portalurbano\/wp-content\/uploads\/2021\/06\/Aguilera-mantuvo-una-reunion-con-150x150.jpg",150,150,true],"medium":["https:\/\/experienciadevida.com.ar\/portalurbano\/wp-content\/uploads\/2021\/06\/Aguilera-mantuvo-una-reunion-con-300x151.jpg",300,151,true],"medium_large":["https:\/\/experienciadevida.com.ar\/portalurbano\/wp-content\/uploads\/2021\/06\/Aguilera-mantuvo-una-reunion-con-768x386.jpg",640,322,true],"large":["https:\/\/experienciadevida.com.ar\/portalurbano\/wp-content\/uploads\/2021\/06\/Aguilera-mantuvo-una-reunion-con-1024x515.jpg",640,322,true],"ug_big":["https:\/\/experienciadevida.com.ar\/portalurbano\/wp-content\/uploads\/2021\/06\/Aguilera-mantuvo-una-reunion-con-768x386.jpg",768,386,true],"1536x1536":["https:\/\/experienciadevida.com.ar\/portalurbano\/wp-content\/uploads\/2021\/06\/Aguilera-mantuvo-una-reunion-con.jpg",1280,644,false],"2048x2048":["https:\/\/experienciadevida.com.ar\/portalurbano\/wp-content\/uploads\/2021\/06\/Aguilera-mantuvo-una-reunion-con.jpg",1280,644,false],"newsever-slider-full":["https:\/\/experienciadevida.com.ar\/portalurbano\/wp-content\/uploads\/2021\/06\/Aguilera-mantuvo-una-reunion-con.jpg",1280,644,false],"newsever-featured":["https:\/\/experienciadevida.com.ar\/portalurbano\/wp-content\/uploads\/2021\/06\/Aguilera-mantuvo-una-reunion-con.jpg",1024,515,false],"newsever-medium":["https:\/\/experienciadevida.com.ar\/portalurbano\/wp-content\/uploads\/2021\/06\/Aguilera-mantuvo-una-reunion-con.jpg",720,362,false],"web-stories-poster-portrait":["https:\/\/experienciadevida.com.ar\/portalurbano\/wp-content\/uploads\/2021\/06\/Aguilera-mantuvo-una-reunion-con.jpg",640,322,false],"web-stories-publisher-logo":["https:\/\/experienciadevida.com.ar\/portalurbano\/wp-content\/uploads\/2021\/06\/Aguilera-mantuvo-una-reunion-con.jpg",96,48,false],"web-stories-thumbnail":["https:\/\/experienciadevida.com.ar\/portalurbano\/wp-content\/uploads\/2021\/06\/Aguilera-mantuvo-una-reunion-con.jpg",150,75,false]},"author_info":{"display_name":"admpu17wp","author_link":"https:\/\/experienciadevida.com.ar\/portalurbano\/author\/admpu17wp\/"},"category_info":"<a href=\"https:\/\/experienciadevida.com.ar\/portalurbano\/category\/ciudad\/\" rel=\"category tag\">Ciudad<\/a> <a href=\"https:\/\/experienciadevida.com.ar\/portalurbano\/category\/destacadas-2\/\" rel=\"category tag\">Destacadas 2<\/a>","tag_info":"Destacadas 2","comment_count":"0","amp_enabled":true,"_links":{"self":[{"href":"https:\/\/experienciadevida.com.ar\/portalurbano\/wp-json\/wp\/v2\/posts\/145193"}],"collection":[{"href":"https:\/\/experienciadevida.com.ar\/portalurbano\/wp-json\/wp\/v2\/posts"}],"about":[{"href":"https:\/\/experienciadevida.com.ar\/portalurbano\/wp-json\/wp\/v2\/types\/post"}],"author":[{"embeddable":true,"href":"https:\/\/experienciadevida.com.ar\/portalurbano\/wp-json\/wp\/v2\/users\/1"}],"replies":[{"embeddable":true,"href":"https:\/\/experienciadevida.com.ar\/portalurbano\/wp-json\/wp\/v2\/comments?post=145193"}],"version-history":[{"count":4,"href":"https:\/\/experienciadevida.com.ar\/portalurbano\/wp-json\/wp\/v2\/posts\/145193\/revisions"}],"predecessor-version":[{"id":145196,"href":"https:\/\/experienciadevida.com.ar\/portalurbano\/wp-json\/wp\/v2\/posts\/145193\/revisions\/145196"}],"wp:featuredmedia":[{"embeddable":true,"href":"https:\/\/experienciadevida.com.ar\/portalurbano\/wp-json\/wp\/v2\/media\/145194"}],"wp:attachment":[{"href":"https:\/\/experienciadevida.com.ar\/portalurbano\/wp-json\/wp\/v2\/media?parent=145193"}],"wp:term":[{"taxonomy":"category","embeddable":true,"href":"https:\/\/experienciadevida.com.ar\/portalurbano\/wp-json\/wp\/v2\/categories?post=145193"},{"taxonomy":"post_tag","embeddable":true,"href":"https:\/\/experienciadevida.com.ar\/portalurbano\/wp-json\/wp\/v2\/tags?post=145193"}],"curies":[{"name":"wp","href":"https:\/\/api.w.org\/{rel}","templated":true}]}}