{"id":145142,"date":"2021-06-14T14:03:47","date_gmt":"2021-06-14T17:03:47","guid":{"rendered":"https:\/\/experienciadevida.com.ar\/portalurbano\/?p=145142"},"modified":"2021-06-14T14:05:06","modified_gmt":"2021-06-14T17:05:06","slug":"celebramos-que-la-provincia-lleve-la-vacunacion-a-las-localidades","status":"publish","type":"post","link":"https:\/\/experienciadevida.com.ar\/portalurbano\/celebramos-que-la-provincia-lleve-la-vacunacion-a-las-localidades\/","title":{"rendered":"\u201cCelebramos que la Provincia lleve la vacunaci\u00f3n a las localidades\u201d"},"content":{"rendered":"<p>\u201cCelebramos que la Provincia lleve la vacunaci\u00f3n a las localidades\u201d la concejal del Foro Olavarr\u00eda In\u00e9s <a href=\"https:\/\/www.facebook.com\/ines.creimer\">Creimer<\/a>, habl\u00f3 sobre la campa\u00f1a de vacunaci\u00f3n libre para personas mayores de 60 a\u00f1os que se llevar\u00e1 a cabo esta semana en distintas localidades del Partido de Olavarr\u00eda.<\/p>\n<p>El Plan Provincial de Vacunaci\u00f3n contra el COVID-19 contin\u00faa a paso firme en Olavarr\u00eda y sus localidades. Esta semana, la provincia acercar\u00e1 la<br \/>\nvacunaci\u00f3n libre de primeras dosis para personas mayores de 60 a\u00f1os a distintos puntos del Partido de Olavarr\u00eda.<\/p>\n<p>Al respecto, la concejal In\u00e9s Creimer del Foro Olavarr\u00eda &#8211; Frente Renovador, en el interbloque Frente de Todos, se\u00f1al\u00f3 que \u201ces importante seguir con el plan de vacunaci\u00f3n, garantizando la salud a las vecinas y vecinos de nuestro Partido\u201d.<\/p>\n<p>Sobre las jornadas que se llevar\u00e1n adelante esta semana en distintas ubicaciones del Partido de Olavarr\u00eda, la concejala afirm\u00f3 que \u201cel objetivo es acercar la salud a las localidades. A mucha gente le cuesta acercarse a Olavarr\u00eda, ya que les resulta lejos y costoso\u201d.<\/p>\n<p>En este sentido, la concejal del Foro Olavarr\u00eda &#8211; Frente Renovador sostuvo que \u201ccelebramos que la Provincia lleve la vacunaci\u00f3n a las localidades\u201d.<\/p>\n<p>A partir de este martes y a lo largo de toda la semana se realizar\u00e1n vacunaciones libres de primeras dosis contra el Covid-19 para personas<br \/>\nmayores de 60 a\u00f1os. El cronograma de vacunaci\u00f3n en las localidades diagramado por Regi\u00f3n Sanitaria IX es el siguiente:<\/p>\n<p>Martes 15\/6: Recalde. Club Social de 9 a 12 hs.<\/p>\n<p>Mi\u00e9rcoles 16\/6: Hinojo. Centro de Jubilados: Av. Crotto 1863 de 9 a 12 hs.<\/p>\n<p>Jueves 17\/6: Sierra Chica. Club Sierra Chica: Av. Legorburu y Centenario de 9 a 12 hs.<\/p>\n<p>Viernes 18\/6: Loma Negra. Aoma: Alvaro Barros 1317 de 9 a 12 hs.<\/p>\n<p>S\u00e1bado 19\/6: Sierras Bayas. Aoma: San Mart\u00edn 2252 de 9 a 12 hs.<\/p>\n<p>&#8220;Celebramos que la provincia lleve la vacunaci\u00f3n a las localidades&#8221; en Olavarr\u00eda ya se han superado las 40 mil personas vacunadas, lo cual fue<br \/>\ncelebrado por el equipo del Foro Olavarr\u00eda &#8211; Frente Renovador a trav\u00e9s de sus redes sociales. Al respecto, la concejala Creimer comparti\u00f3 \u201cnos alegra<br \/>\nver que el plan provincial de vacunaci\u00f3n avanza de esta manera, y destacamos el trabajo comprometido del personal de salud que permite que<br \/>\nmuchas personas olavarrienses est\u00e9n inmunizadas\u201d.<\/p>\n<p>Al mismo tiempo, la concejala destac\u00f3 que \u201ces importante continuar con la vacunaci\u00f3n y, sobretodo, con la inscripci\u00f3n de personas menores de 60 a\u00f1os al Plan Provincial de Vacunaci\u00f3n contra el Covid-19\u201d.\u00a0 Quienes deseen realizar el registro correspondiente para el Plan Provincial de Vacunaci\u00f3n contra el Covid-19 pueden hacerlo desde el portal https:\/\/vacunate.ms.gba.gov.ar\/ o acercarse a la Casa Eduardo \u201cChino\u201d Correa, sede oficial del Foro Olavarr\u00eda &#8211; Frente Renovador, de lunes a viernes de 9 a 13 hs.<\/p>\n","protected":false},"excerpt":{"rendered":"<p>\u201cCelebramos que la Provincia lleve la vacunaci\u00f3n a las localidades\u201d la concejal del Foro Olavarr\u00eda&#8230;<\/p>\n","protected":false},"author":1,"featured_media":145143,"comment_status":"closed","ping_status":"closed","sticky":false,"template":"","format":"standard","meta":{"content-type":""},"categories":[27,64],"tags":[],"nelio_content":{"isAutoShareEnabled":false,"autoShareEndMode":"default","automationSources":{"useContentSentences":true,"useSocialTemplates":true,"useCustomSentences":false,"customSentences":[]},"followers":[1],"suggestedReferences":[],"includedReferences":[],"efiUrl":"","efiAlt":"","highlights":[]},"yoast_head":"<!-- This site is optimized with the Yoast SEO plugin v20.7 - https:\/\/yoast.com\/wordpress\/plugins\/seo\/ -->\n<title>&quot;Celebramos que la provincia lleve la vacunaci\u00f3n a las localidades&quot;<\/title>\n<meta name=\"description\" content=\"\u201cCelebramos que la Provincia lleve la vacunaci\u00f3n a las localidades\u201d la concejal del Foro Olavarr\u00eda In\u00e9s Creimer, habl\u00f3 sobre la campa\u00f1a\" \/>\n<meta name=\"robots\" content=\"index, follow, max-snippet:-1, max-image-preview:large, max-video-preview:-1\" \/>\n<link rel=\"canonical\" href=\"https:\/\/experienciadevida.com.ar\/portalurbano\/celebramos-que-la-provincia-lleve-la-vacunacion-a-las-localidades\/\" \/>\n<meta property=\"og:locale\" content=\"es_ES\" \/>\n<meta property=\"og:type\" content=\"article\" \/>\n<meta property=\"og:title\" content=\"&quot;Celebramos que la provincia lleve la vacunaci\u00f3n a las localidades&quot;\" \/>\n<meta property=\"og:description\" content=\"\u201cCelebramos que la Provincia lleve la vacunaci\u00f3n a las localidades\u201d la concejal del Foro Olavarr\u00eda In\u00e9s Creimer, habl\u00f3 sobre la campa\u00f1a\" \/>\n<meta property=\"og:url\" content=\"https:\/\/experienciadevida.com.ar\/portalurbano\/celebramos-que-la-provincia-lleve-la-vacunacion-a-las-localidades\/\" \/>\n<meta property=\"article:publisher\" content=\"https:\/\/www.facebook.com\/Portal-Urbano-171542830093757\/\" \/>\n<meta property=\"article:published_time\" content=\"2021-06-14T17:03:47+00:00\" \/>\n<meta property=\"article:modified_time\" content=\"2021-06-14T17:05:06+00:00\" \/>\n<meta property=\"og:image\" content=\"https:\/\/experienciadevida.com.ar\/portalurbano\/wp-content\/uploads\/2021\/06\/Celebramos-que-la-Provincia-lleve.jpg\" \/>\n\t<meta property=\"og:image:width\" content=\"965\" \/>\n\t<meta property=\"og:image:height\" content=\"615\" \/>\n\t<meta property=\"og:image:type\" content=\"image\/jpeg\" \/>\n<meta name=\"author\" content=\"admpu17wp\" \/>\n<meta name=\"twitter:card\" content=\"summary_large_image\" \/>\n<meta name=\"twitter:creator\" content=\"@portalurbanook\" \/>\n<meta name=\"twitter:site\" content=\"@portalurbanook\" \/>\n<meta name=\"twitter:label1\" content=\"Escrito por\" \/>\n\t<meta name=\"twitter:data1\" content=\"admpu17wp\" \/>\n\t<meta name=\"twitter:label2\" content=\"Tiempo de lectura\" \/>\n\t<meta name=\"twitter:data2\" content=\"2 minutos\" \/>\n<script type=\"application\/ld+json\" class=\"yoast-schema-graph\">{\"@context\":\"https:\/\/schema.org\",\"@graph\":[{\"@type\":\"Article\",\"@id\":\"https:\/\/experienciadevida.com.ar\/portalurbano\/celebramos-que-la-provincia-lleve-la-vacunacion-a-las-localidades\/#article\",\"isPartOf\":{\"@id\":\"https:\/\/experienciadevida.com.ar\/portalurbano\/celebramos-que-la-provincia-lleve-la-vacunacion-a-las-localidades\/\"},\"author\":{\"name\":\"admpu17wp\",\"@id\":\"https:\/\/experienciadevida.com.ar\/portalurbano\/#\/schema\/person\/02dd326b1c4b056e9cc972486934a3a7\"},\"headline\":\"\u201cCelebramos que la Provincia lleve la vacunaci\u00f3n a las localidades\u201d\",\"datePublished\":\"2021-06-14T17:03:47+00:00\",\"dateModified\":\"2021-06-14T17:05:06+00:00\",\"mainEntityOfPage\":{\"@id\":\"https:\/\/experienciadevida.com.ar\/portalurbano\/celebramos-que-la-provincia-lleve-la-vacunacion-a-las-localidades\/\"},\"wordCount\":487,\"publisher\":{\"@id\":\"https:\/\/experienciadevida.com.ar\/portalurbano\/#organization\"},\"articleSection\":[\"Ciudad\",\"Destacadas 2\"],\"inLanguage\":\"es\"},{\"@type\":\"WebPage\",\"@id\":\"https:\/\/experienciadevida.com.ar\/portalurbano\/celebramos-que-la-provincia-lleve-la-vacunacion-a-las-localidades\/\",\"url\":\"https:\/\/experienciadevida.com.ar\/portalurbano\/celebramos-que-la-provincia-lleve-la-vacunacion-a-las-localidades\/\",\"name\":\"\\\"Celebramos que la provincia lleve la vacunaci\u00f3n a las localidades\\\"\",\"isPartOf\":{\"@id\":\"https:\/\/experienciadevida.com.ar\/portalurbano\/#website\"},\"datePublished\":\"2021-06-14T17:03:47+00:00\",\"dateModified\":\"2021-06-14T17:05:06+00:00\",\"description\":\"\u201cCelebramos que la Provincia lleve la vacunaci\u00f3n a las localidades\u201d la concejal del Foro Olavarr\u00eda In\u00e9s Creimer, habl\u00f3 sobre la campa\u00f1a\",\"breadcrumb\":{\"@id\":\"https:\/\/experienciadevida.com.ar\/portalurbano\/celebramos-que-la-provincia-lleve-la-vacunacion-a-las-localidades\/#breadcrumb\"},\"inLanguage\":\"es\",\"potentialAction\":[{\"@type\":\"ReadAction\",\"target\":[\"https:\/\/experienciadevida.com.ar\/portalurbano\/celebramos-que-la-provincia-lleve-la-vacunacion-a-las-localidades\/\"]}]},{\"@type\":\"BreadcrumbList\",\"@id\":\"https:\/\/experienciadevida.com.ar\/portalurbano\/celebramos-que-la-provincia-lleve-la-vacunacion-a-las-localidades\/#breadcrumb\",\"itemListElement\":[{\"@type\":\"ListItem\",\"position\":1,\"name\":\"Portada\",\"item\":\"https:\/\/experienciadevida.com.ar\/portalurbano\/\"},{\"@type\":\"ListItem\",\"position\":2,\"name\":\"\u201cCelebramos que la Provincia lleve la vacunaci\u00f3n a las localidades\u201d\"}]},{\"@type\":\"WebSite\",\"@id\":\"https:\/\/experienciadevida.com.ar\/portalurbano\/#website\",\"url\":\"https:\/\/experienciadevida.com.ar\/portalurbano\/\",\"name\":\"\",\"description\":\"\",\"publisher\":{\"@id\":\"https:\/\/experienciadevida.com.ar\/portalurbano\/#organization\"},\"potentialAction\":[{\"@type\":\"SearchAction\",\"target\":{\"@type\":\"EntryPoint\",\"urlTemplate\":\"https:\/\/experienciadevida.com.ar\/portalurbano\/?s={search_term_string}\"},\"query-input\":\"required name=search_term_string\"}],\"inLanguage\":\"es\"},{\"@type\":\"Organization\",\"@id\":\"https:\/\/experienciadevida.com.ar\/portalurbano\/#organization\",\"name\":\"Portal Urbano\",\"url\":\"https:\/\/experienciadevida.com.ar\/portalurbano\/\",\"logo\":{\"@type\":\"ImageObject\",\"inLanguage\":\"es\",\"@id\":\"https:\/\/experienciadevida.com.ar\/portalurbano\/#\/schema\/logo\/image\/\",\"url\":\"https:\/\/experienciadevida.com.ar\/portalurbano\/wp-content\/uploads\/2019\/09\/Logo-Original.png\",\"contentUrl\":\"https:\/\/experienciadevida.com.ar\/portalurbano\/wp-content\/uploads\/2019\/09\/Logo-Original.png\",\"width\":2236,\"height\":1216,\"caption\":\"Portal Urbano\"},\"image\":{\"@id\":\"https:\/\/experienciadevida.com.ar\/portalurbano\/#\/schema\/logo\/image\/\"},\"sameAs\":[\"https:\/\/www.facebook.com\/Portal-Urbano-171542830093757\/\",\"https:\/\/twitter.com\/portalurbanook\",\"https:\/\/www.instagram.com\/_portalurbano\/\",\"https:\/\/www.youtube.com\/channel\/UCXhagIfszH8KxFiOok79zbA?view_as=subscriber\"]},{\"@type\":\"Person\",\"@id\":\"https:\/\/experienciadevida.com.ar\/portalurbano\/#\/schema\/person\/02dd326b1c4b056e9cc972486934a3a7\",\"name\":\"admpu17wp\",\"image\":{\"@type\":\"ImageObject\",\"inLanguage\":\"es\",\"@id\":\"https:\/\/experienciadevida.com.ar\/portalurbano\/#\/schema\/person\/image\/\",\"url\":\"https:\/\/secure.gravatar.com\/avatar\/830d4c57adaae6630765e449a6908047?s=96&d=mm&r=g\",\"contentUrl\":\"https:\/\/secure.gravatar.com\/avatar\/830d4c57adaae6630765e449a6908047?s=96&d=mm&r=g\",\"caption\":\"admpu17wp\"}}]}<\/script>\n<!-- \/ Yoast SEO plugin. -->","yoast_head_json":{"title":"\"Celebramos que la provincia lleve la vacunaci\u00f3n a las localidades\"","description":"\u201cCelebramos que la Provincia lleve la vacunaci\u00f3n a las localidades\u201d la concejal del Foro Olavarr\u00eda In\u00e9s Creimer, habl\u00f3 sobre la campa\u00f1a","robots":{"index":"index","follow":"follow","max-snippet":"max-snippet:-1","max-image-preview":"max-image-preview:large","max-video-preview":"max-video-preview:-1"},"canonical":"https:\/\/experienciadevida.com.ar\/portalurbano\/celebramos-que-la-provincia-lleve-la-vacunacion-a-las-localidades\/","og_locale":"es_ES","og_type":"article","og_title":"\"Celebramos que la provincia lleve la vacunaci\u00f3n a las localidades\"","og_description":"\u201cCelebramos que la Provincia lleve la vacunaci\u00f3n a las localidades\u201d la concejal del Foro Olavarr\u00eda In\u00e9s Creimer, habl\u00f3 sobre la campa\u00f1a","og_url":"https:\/\/experienciadevida.com.ar\/portalurbano\/celebramos-que-la-provincia-lleve-la-vacunacion-a-las-localidades\/","article_publisher":"https:\/\/www.facebook.com\/Portal-Urbano-171542830093757\/","article_published_time":"2021-06-14T17:03:47+00:00","article_modified_time":"2021-06-14T17:05:06+00:00","og_image":[{"width":965,"height":615,"url":"https:\/\/experienciadevida.com.ar\/portalurbano\/wp-content\/uploads\/2021\/06\/Celebramos-que-la-Provincia-lleve.jpg","type":"image\/jpeg"}],"author":"admpu17wp","twitter_card":"summary_large_image","twitter_creator":"@portalurbanook","twitter_site":"@portalurbanook","twitter_misc":{"Escrito por":"admpu17wp","Tiempo de lectura":"2 minutos"},"schema":{"@context":"https:\/\/schema.org","@graph":[{"@type":"Article","@id":"https:\/\/experienciadevida.com.ar\/portalurbano\/celebramos-que-la-provincia-lleve-la-vacunacion-a-las-localidades\/#article","isPartOf":{"@id":"https:\/\/experienciadevida.com.ar\/portalurbano\/celebramos-que-la-provincia-lleve-la-vacunacion-a-las-localidades\/"},"author":{"name":"admpu17wp","@id":"https:\/\/experienciadevida.com.ar\/portalurbano\/#\/schema\/person\/02dd326b1c4b056e9cc972486934a3a7"},"headline":"\u201cCelebramos que la Provincia lleve la vacunaci\u00f3n a las localidades\u201d","datePublished":"2021-06-14T17:03:47+00:00","dateModified":"2021-06-14T17:05:06+00:00","mainEntityOfPage":{"@id":"https:\/\/experienciadevida.com.ar\/portalurbano\/celebramos-que-la-provincia-lleve-la-vacunacion-a-las-localidades\/"},"wordCount":487,"publisher":{"@id":"https:\/\/experienciadevida.com.ar\/portalurbano\/#organization"},"articleSection":["Ciudad","Destacadas 2"],"inLanguage":"es"},{"@type":"WebPage","@id":"https:\/\/experienciadevida.com.ar\/portalurbano\/celebramos-que-la-provincia-lleve-la-vacunacion-a-las-localidades\/","url":"https:\/\/experienciadevida.com.ar\/portalurbano\/celebramos-que-la-provincia-lleve-la-vacunacion-a-las-localidades\/","name":"\"Celebramos que la provincia lleve la vacunaci\u00f3n a las localidades\"","isPartOf":{"@id":"https:\/\/experienciadevida.com.ar\/portalurbano\/#website"},"datePublished":"2021-06-14T17:03:47+00:00","dateModified":"2021-06-14T17:05:06+00:00","description":"\u201cCelebramos que la Provincia lleve la vacunaci\u00f3n a las localidades\u201d la concejal del Foro Olavarr\u00eda In\u00e9s Creimer, habl\u00f3 sobre la campa\u00f1a","breadcrumb":{"@id":"https:\/\/experienciadevida.com.ar\/portalurbano\/celebramos-que-la-provincia-lleve-la-vacunacion-a-las-localidades\/#breadcrumb"},"inLanguage":"es","potentialAction":[{"@type":"ReadAction","target":["https:\/\/experienciadevida.com.ar\/portalurbano\/celebramos-que-la-provincia-lleve-la-vacunacion-a-las-localidades\/"]}]},{"@type":"BreadcrumbList","@id":"https:\/\/experienciadevida.com.ar\/portalurbano\/celebramos-que-la-provincia-lleve-la-vacunacion-a-las-localidades\/#breadcrumb","itemListElement":[{"@type":"ListItem","position":1,"name":"Portada","item":"https:\/\/experienciadevida.com.ar\/portalurbano\/"},{"@type":"ListItem","position":2,"name":"\u201cCelebramos que la Provincia lleve la vacunaci\u00f3n a las localidades\u201d"}]},{"@type":"WebSite","@id":"https:\/\/experienciadevida.com.ar\/portalurbano\/#website","url":"https:\/\/experienciadevida.com.ar\/portalurbano\/","name":"","description":"","publisher":{"@id":"https:\/\/experienciadevida.com.ar\/portalurbano\/#organization"},"potentialAction":[{"@type":"SearchAction","target":{"@type":"EntryPoint","urlTemplate":"https:\/\/experienciadevida.com.ar\/portalurbano\/?s={search_term_string}"},"query-input":"required name=search_term_string"}],"inLanguage":"es"},{"@type":"Organization","@id":"https:\/\/experienciadevida.com.ar\/portalurbano\/#organization","name":"Portal Urbano","url":"https:\/\/experienciadevida.com.ar\/portalurbano\/","logo":{"@type":"ImageObject","inLanguage":"es","@id":"https:\/\/experienciadevida.com.ar\/portalurbano\/#\/schema\/logo\/image\/","url":"https:\/\/experienciadevida.com.ar\/portalurbano\/wp-content\/uploads\/2019\/09\/Logo-Original.png","contentUrl":"https:\/\/experienciadevida.com.ar\/portalurbano\/wp-content\/uploads\/2019\/09\/Logo-Original.png","width":2236,"height":1216,"caption":"Portal Urbano"},"image":{"@id":"https:\/\/experienciadevida.com.ar\/portalurbano\/#\/schema\/logo\/image\/"},"sameAs":["https:\/\/www.facebook.com\/Portal-Urbano-171542830093757\/","https:\/\/twitter.com\/portalurbanook","https:\/\/www.instagram.com\/_portalurbano\/","https:\/\/www.youtube.com\/channel\/UCXhagIfszH8KxFiOok79zbA?view_as=subscriber"]},{"@type":"Person","@id":"https:\/\/experienciadevida.com.ar\/portalurbano\/#\/schema\/person\/02dd326b1c4b056e9cc972486934a3a7","name":"admpu17wp","image":{"@type":"ImageObject","inLanguage":"es","@id":"https:\/\/experienciadevida.com.ar\/portalurbano\/#\/schema\/person\/image\/","url":"https:\/\/secure.gravatar.com\/avatar\/830d4c57adaae6630765e449a6908047?s=96&d=mm&r=g","contentUrl":"https:\/\/secure.gravatar.com\/avatar\/830d4c57adaae6630765e449a6908047?s=96&d=mm&r=g","caption":"admpu17wp"}}]}},"featured_image_urls":{"full":["https:\/\/experienciadevida.com.ar\/portalurbano\/wp-content\/uploads\/2021\/06\/Celebramos-que-la-Provincia-lleve.jpg",965,615,false],"thumbnail":["https:\/\/experienciadevida.com.ar\/portalurbano\/wp-content\/uploads\/2021\/06\/Celebramos-que-la-Provincia-lleve-150x150.jpg",150,150,true],"medium":["https:\/\/experienciadevida.com.ar\/portalurbano\/wp-content\/uploads\/2021\/06\/Celebramos-que-la-Provincia-lleve-300x191.jpg",300,191,true],"medium_large":["https:\/\/experienciadevida.com.ar\/portalurbano\/wp-content\/uploads\/2021\/06\/Celebramos-que-la-Provincia-lleve-768x489.jpg",640,408,true],"large":["https:\/\/experienciadevida.com.ar\/portalurbano\/wp-content\/uploads\/2021\/06\/Celebramos-que-la-Provincia-lleve.jpg",640,408,false],"ug_big":["https:\/\/experienciadevida.com.ar\/portalurbano\/wp-content\/uploads\/2021\/06\/Celebramos-que-la-Provincia-lleve-768x489.jpg",768,489,true],"1536x1536":["https:\/\/experienciadevida.com.ar\/portalurbano\/wp-content\/uploads\/2021\/06\/Celebramos-que-la-Provincia-lleve.jpg",965,615,false],"2048x2048":["https:\/\/experienciadevida.com.ar\/portalurbano\/wp-content\/uploads\/2021\/06\/Celebramos-que-la-Provincia-lleve.jpg",965,615,false],"newsever-slider-full":["https:\/\/experienciadevida.com.ar\/portalurbano\/wp-content\/uploads\/2021\/06\/Celebramos-que-la-Provincia-lleve.jpg",965,615,false],"newsever-featured":["https:\/\/experienciadevida.com.ar\/portalurbano\/wp-content\/uploads\/2021\/06\/Celebramos-que-la-Provincia-lleve.jpg",965,615,false],"newsever-medium":["https:\/\/experienciadevida.com.ar\/portalurbano\/wp-content\/uploads\/2021\/06\/Celebramos-que-la-Provincia-lleve.jpg",720,459,false],"web-stories-poster-portrait":["https:\/\/experienciadevida.com.ar\/portalurbano\/wp-content\/uploads\/2021\/06\/Celebramos-que-la-Provincia-lleve.jpg",640,408,false],"web-stories-publisher-logo":["https:\/\/experienciadevida.com.ar\/portalurbano\/wp-content\/uploads\/2021\/06\/Celebramos-que-la-Provincia-lleve.jpg",96,61,false],"web-stories-thumbnail":["https:\/\/experienciadevida.com.ar\/portalurbano\/wp-content\/uploads\/2021\/06\/Celebramos-que-la-Provincia-lleve.jpg",150,96,false]},"author_info":{"display_name":"admpu17wp","author_link":"https:\/\/experienciadevida.com.ar\/portalurbano\/author\/admpu17wp\/"},"category_info":"<a href=\"https:\/\/experienciadevida.com.ar\/portalurbano\/category\/ciudad\/\" rel=\"category tag\">Ciudad<\/a> <a href=\"https:\/\/experienciadevida.com.ar\/portalurbano\/category\/destacadas-2\/\" rel=\"category tag\">Destacadas 2<\/a>","tag_info":"Destacadas 2","comment_count":"0","amp_enabled":true,"_links":{"self":[{"href":"https:\/\/experienciadevida.com.ar\/portalurbano\/wp-json\/wp\/v2\/posts\/145142"}],"collection":[{"href":"https:\/\/experienciadevida.com.ar\/portalurbano\/wp-json\/wp\/v2\/posts"}],"about":[{"href":"https:\/\/experienciadevida.com.ar\/portalurbano\/wp-json\/wp\/v2\/types\/post"}],"author":[{"embeddable":true,"href":"https:\/\/experienciadevida.com.ar\/portalurbano\/wp-json\/wp\/v2\/users\/1"}],"replies":[{"embeddable":true,"href":"https:\/\/experienciadevida.com.ar\/portalurbano\/wp-json\/wp\/v2\/comments?post=145142"}],"version-history":[{"count":2,"href":"https:\/\/experienciadevida.com.ar\/portalurbano\/wp-json\/wp\/v2\/posts\/145142\/revisions"}],"predecessor-version":[{"id":145145,"href":"https:\/\/experienciadevida.com.ar\/portalurbano\/wp-json\/wp\/v2\/posts\/145142\/revisions\/145145"}],"wp:featuredmedia":[{"embeddable":true,"href":"https:\/\/experienciadevida.com.ar\/portalurbano\/wp-json\/wp\/v2\/media\/145143"}],"wp:attachment":[{"href":"https:\/\/experienciadevida.com.ar\/portalurbano\/wp-json\/wp\/v2\/media?parent=145142"}],"wp:term":[{"taxonomy":"category","embeddable":true,"href":"https:\/\/experienciadevida.com.ar\/portalurbano\/wp-json\/wp\/v2\/categories?post=145142"},{"taxonomy":"post_tag","embeddable":true,"href":"https:\/\/experienciadevida.com.ar\/portalurbano\/wp-json\/wp\/v2\/tags?post=145142"}],"curies":[{"name":"wp","href":"https:\/\/api.w.org\/{rel}","templated":true}]}}