{"id":145122,"date":"2021-06-14T11:37:35","date_gmt":"2021-06-14T14:37:35","guid":{"rendered":"https:\/\/experienciadevida.com.ar\/portalurbano\/?p=145122"},"modified":"2021-06-14T11:48:15","modified_gmt":"2021-06-14T14:48:15","slug":"galli-participo-del-acto-por-malvinas-en-loma-negra","status":"publish","type":"post","link":"https:\/\/experienciadevida.com.ar\/portalurbano\/galli-participo-del-acto-por-malvinas-en-loma-negra\/","title":{"rendered":"Galli particip\u00f3 del Acto por Malvinas en Loma Negra"},"content":{"rendered":"<p>Galli particip\u00f3 del Acto por Malvinas en Loma Negra, en el marco del D\u00eda de la Afirmaci\u00f3n de los Derechos Argentinos sobre las Malvinas, Islas y Sector Ant\u00e1rtico \u2013 10 de junio \u2013 y D\u00eda de la M\u00e1xima Resistencia \u2013 14 de junio \u2013.<\/p>\n<p>El mismo se llev\u00f3 a cabo en la localidad de Loma Negra, en el Monumento \u201cMalvinas, H\u00e9roes y Veteranos de la guerra\u201d, y cont\u00f3 con la participaci\u00f3n del <a href=\"https:\/\/www.facebook.com\/galliezequiel\">Intendente<\/a>, el presidente del HCD Bruno Cenizo, los secretarios de Gobierno Hilario Galli; de Desarrollo Econ\u00f3mico Julio Valetutto; de Mantenimiento y Obras P\u00fablicas Julio Ferraro; de Desarrollo Humano y Calidad de Vida Diego Robbiani; el subsecretario de Gobierno Emilio Vitale y la delegada de Loma Negra Valeria Mil\u00eda.<\/p>\n<p>Asimismo, formaron parte del acto el Oficial de Operaciones Cap. Sergio Mart\u00ednez; el encargado del Regimiento de Caballer\u00eda de Tanques 2, Sub Oficial My. Angel Fleitas; el jefe del Escuadr\u00f3n de Ingenieros Blindado 1, My. Fernando Etcheverry; el presidente de la Agrupaci\u00f3n Veteranos de Guerra \u201c2 de abril\u201d Jos\u00e9 Trinch\u00edn; integrantes de la Comisi\u00f3n de Hijos Generaci\u00f3n Malvinas Olavarr\u00eda; la Uni\u00f3n Nacional de Soldados Continentales Olavarr\u00eda; veteranos, familiares y vecinos.<\/p>\n<p>Galli particip\u00f3 del acto por Malvinas protocolar dio inicio con la entonaci\u00f3n de las estrofas del Himno Nacional Argentino, tras lo cual se efectu\u00f3 un minuto de silencio en recuerdo y homenaje a los combatientes argentinos que defendieron las Islas; amenizado por el Clar\u00edn a cargo del docente del Conservatorio de M\u00fasica, Silvio Manuel.<\/p>\n<p>Posteriormente, Y\u00e9sica Duhau, hija de un excombatiente de Malvinas, en representaci\u00f3n de la Comisi\u00f3n de Hijos Generaci\u00f3n Malvinas Olavarr\u00eda, hizo uso de la palabra y destac\u00f3: \u201cSoy parte de la generaci\u00f3n Malvinas. Estamos orgullosos de nuestros padres y de la incre\u00edble labor que hicieron en la gesta de 1982. El 14 de junio tiene que ser el d\u00eda que todos recordemos, porque dejaron todo por las Islas Malvinas\u201d, expres\u00f3.<\/p>\n<p>\u201cMalvinas no es s\u00f3lo el 2 de abril y no termin\u00f3 tampoco un 14 de junio. Sobre Malvinas se les cuenta a nuestros hijos\u201d, manifest\u00f3 Y\u00e9sica.<\/p>\n<p>Tras las palabras alusivas se procedi\u00f3 a la colocaci\u00f3n de palmas al pie del Monumento. En representaci\u00f3n del Municipio formaron parte de esta instancia el intendente Ezequiel Galli acompa\u00f1ado por el Oficial de Operaciones Cap. Sergio Mart\u00ednez; por parte de la Agrupaci\u00f3n Veteranos de Guerra \u201c2 de abril\u201d su presidente Jos\u00e9 Trinch\u00edn junto a Ra\u00fal Torrecillas y Juan Carlos Da R\u00edos; por el HCD su presidente Bruno Cenizo, acompa\u00f1ado por el jefe del Escuadr\u00f3n de Ingenieros Blindado 1, My. Fernando Etcheverry; y en representaci\u00f3n de la Comisi\u00f3n de Hijos Natalia Torrecillas, Melisa Trinch\u00edn y Federico Cerrudo.<\/p>\n<p>Luego se llev\u00f3 a cabo una plantaci\u00f3n de \u00e1rboles en homenaje a los grandes hombres olavarrienses que participaron del conflicto b\u00e9lico con gran hero\u00edsmo. Los mismos fueron colocados en las intermediaciones del Parque que rodea el Monumento.<\/p>\n<p>En esta ocasi\u00f3n se procedi\u00f3 a la plantaci\u00f3n de cinco \u00e1rboles, en conmemoraci\u00f3n a N\u00e9stor Abel Cerrudo, Juan Carlos Da Luz, Jes\u00fas Fabi\u00e1n Flores, Osvaldo Javier Ponce y Gustavo Sergio Teuly.<\/p>\n<p>Para concluir, el vicepresidente de la Agrupaci\u00f3n Veteranos de Guerra \u201c2 de abril\u201d Haroldo Duhau brind\u00f3 palabras alusivas. El acto finaliz\u00f3 con la entonaci\u00f3n de la Marcha de las Malvinas.<\/p>\n<p>Sobre el final del acto, Haroldo Duhau se refiri\u00f3 a esta fecha conmemorativa. \u201cEl 14 de junio es un d\u00eda muy especial, de muchos sentimientos encontrados. All\u00e1 por 1982 est\u00e1bamos muy tristes por el dolor de la derrota, pero a su vez contentos por volver a encontrarnos con nuestros seres queridos, tambi\u00e9n otros sab\u00edan que sus familiares no volver\u00edan\u201d, afirm\u00f3.<\/p>\n<p>\u201cEl 14 de junio para m\u00ed personalmente es uno de los d\u00edas m\u00e1s conmemorativos, ten\u00eda la satisfacci\u00f3n del deber cumplido pero la terrible angustia de haber perdido la guerra\u201d, asegur\u00f3.<\/p>\n<p>\u201cLes agradezco a todos por estar ac\u00e1 y conmemorar este d\u00eda\u201d, concluy\u00f3 Haroldo Duhau.<\/p>\n<p>La constituci\u00f3n nacional expresa que \u201cla Naci\u00f3n Argentina ratifica su leg\u00edtima e imprescriptible soberan\u00eda sobre las islas Malvinas, Georgias del sur y S\u00e1ndwich del sur y los espacios mar\u00edtimos e insulares correspondientes, por ser parte integrante del territorio nacional. La recuperaci\u00f3n de dichos territorios y el ejercicio pleno de la soberan\u00eda, respetando el modo de vida de sus habitantes y conforme a los principios del derecho internacional, constituyen un objetivo permanente e irrenunciable del pueblo argentino\u201d.<\/p>\n<p><a href=\"https:\/\/experienciadevida.com.ar\/portalurbano\/galli-participo-del-acto-por-malvinas-en-loma-negra\/galli-participo\/\" rel=\"attachment wp-att-145127\"><img decoding=\"async\" class=\"alignnone size-large wp-image-145127\" src=\"https:\/\/experienciadevida.com.ar\/portalurbano\/wp-content\/uploads\/2021\/06\/Galli-participo-1024x684.jpg\" alt=\"Galli particip\u00f3 \" width=\"900\" height=\"601\" \/><\/a><\/p>\n<p><a href=\"https:\/\/experienciadevida.com.ar\/portalurbano\/galli-participo-del-acto-por-malvinas-en-loma-negra\/del-acto\/\" rel=\"attachment wp-att-145128\"><img decoding=\"async\" class=\"alignnone size-large wp-image-145128\" src=\"https:\/\/experienciadevida.com.ar\/portalurbano\/wp-content\/uploads\/2021\/06\/del-acto-1024x684.jpg\" alt=\"del acto \" width=\"900\" height=\"601\" \/><\/a><\/p>\n<p><a href=\"https:\/\/experienciadevida.com.ar\/portalurbano\/galli-participo-del-acto-por-malvinas-en-loma-negra\/del-acto\/\" rel=\"attachment wp-att-145128\"><img decoding=\"async\" class=\"alignnone size-large wp-image-145128\" src=\"https:\/\/experienciadevida.com.ar\/portalurbano\/wp-content\/uploads\/2021\/06\/del-acto-1024x684.jpg\" alt=\"del acto\" width=\"900\" height=\"601\" \/><\/a><\/p>\n<p><a href=\"https:\/\/experienciadevida.com.ar\/portalurbano\/galli-participo-del-acto-por-malvinas-en-loma-negra\/acto-17\/\" rel=\"attachment wp-att-145129\"><img decoding=\"async\" class=\"alignnone size-large wp-image-145129\" src=\"https:\/\/experienciadevida.com.ar\/portalurbano\/wp-content\/uploads\/2021\/06\/acto-1024x684.jpg\" alt=\"acto \" width=\"900\" height=\"601\" \/><\/a><\/p>\n<p><a href=\"https:\/\/experienciadevida.com.ar\/portalurbano\/galli-participo-del-acto-por-malvinas-en-loma-negra\/acto-malvinas-6-scaled-2\/\" rel=\"attachment wp-att-145131\"><img decoding=\"async\" class=\"alignnone size-large wp-image-145131\" src=\"https:\/\/experienciadevida.com.ar\/portalurbano\/wp-content\/uploads\/2021\/06\/Acto-Malvinas-6-scaled-1-1024x684.jpg\" alt=\"\" width=\"900\" height=\"601\" \/><\/a><\/p>\n<p><a href=\"https:\/\/experienciadevida.com.ar\/portalurbano\/galli-participo-del-acto-por-malvinas-en-loma-negra\/acto-malvinas-7-scaled-2\/\" rel=\"attachment wp-att-145132\"><img decoding=\"async\" class=\"alignnone size-large wp-image-145132\" src=\"https:\/\/experienciadevida.com.ar\/portalurbano\/wp-content\/uploads\/2021\/06\/Acto-Malvinas-7-scaled-1-1024x684.jpg\" alt=\"\" width=\"900\" height=\"601\" \/><\/a><\/p>\n","protected":false},"excerpt":{"rendered":"<p>Galli particip\u00f3 del Acto por Malvinas en Loma Negra, en el marco del D\u00eda de&#8230;<\/p>\n","protected":false},"author":1,"featured_media":145123,"comment_status":"closed","ping_status":"closed","sticky":false,"template":"","format":"standard","meta":{"content-type":""},"categories":[27,64],"tags":[],"nelio_content":{"isAutoShareEnabled":false,"autoShareEndMode":"default","automationSources":{"useContentSentences":true,"useSocialTemplates":true,"useCustomSentences":false,"customSentences":[]},"followers":[1],"suggestedReferences":[],"includedReferences":[],"efiUrl":"","efiAlt":"","highlights":[]},"yoast_head":"<!-- This site is optimized with the Yoast SEO plugin v20.7 - https:\/\/yoast.com\/wordpress\/plugins\/seo\/ -->\n<title>Galli particip\u00f3 del acto por Malvinas en Loma Negra<\/title>\n<meta name=\"description\" content=\"Galli particip\u00f3 del Acto por Malvinas en Loma Negra, en el marco del D\u00eda de la Afirmaci\u00f3n de los Derechos Argentinos sobre las Malvinas\" \/>\n<meta name=\"robots\" content=\"index, follow, max-snippet:-1, max-image-preview:large, max-video-preview:-1\" \/>\n<link rel=\"canonical\" href=\"https:\/\/experienciadevida.com.ar\/portalurbano\/galli-participo-del-acto-por-malvinas-en-loma-negra\/\" \/>\n<meta property=\"og:locale\" content=\"es_ES\" \/>\n<meta property=\"og:type\" content=\"article\" \/>\n<meta property=\"og:title\" content=\"Galli particip\u00f3 del acto por Malvinas en Loma Negra\" \/>\n<meta property=\"og:description\" content=\"Galli particip\u00f3 del Acto por Malvinas en Loma Negra, en el marco del D\u00eda de la Afirmaci\u00f3n de los Derechos Argentinos sobre las Malvinas\" \/>\n<meta property=\"og:url\" content=\"https:\/\/experienciadevida.com.ar\/portalurbano\/galli-participo-del-acto-por-malvinas-en-loma-negra\/\" \/>\n<meta property=\"article:publisher\" content=\"https:\/\/www.facebook.com\/Portal-Urbano-171542830093757\/\" \/>\n<meta property=\"article:published_time\" content=\"2021-06-14T14:37:35+00:00\" \/>\n<meta property=\"article:modified_time\" content=\"2021-06-14T14:48:15+00:00\" \/>\n<meta property=\"og:image\" content=\"https:\/\/experienciadevida.com.ar\/portalurbano\/wp-content\/uploads\/2021\/06\/Galli-participo-del-Acto-por-e1623681447975.jpg\" \/>\n\t<meta property=\"og:image:width\" content=\"765\" \/>\n\t<meta property=\"og:image:height\" content=\"511\" \/>\n\t<meta property=\"og:image:type\" content=\"image\/jpeg\" \/>\n<meta name=\"author\" content=\"admpu17wp\" \/>\n<meta name=\"twitter:card\" content=\"summary_large_image\" \/>\n<meta name=\"twitter:creator\" content=\"@portalurbanook\" \/>\n<meta name=\"twitter:site\" content=\"@portalurbanook\" \/>\n<meta name=\"twitter:label1\" content=\"Escrito por\" \/>\n\t<meta name=\"twitter:data1\" content=\"admpu17wp\" \/>\n\t<meta name=\"twitter:label2\" content=\"Tiempo de lectura\" \/>\n\t<meta name=\"twitter:data2\" content=\"5 minutos\" \/>\n<script type=\"application\/ld+json\" class=\"yoast-schema-graph\">{\"@context\":\"https:\/\/schema.org\",\"@graph\":[{\"@type\":\"Article\",\"@id\":\"https:\/\/experienciadevida.com.ar\/portalurbano\/galli-participo-del-acto-por-malvinas-en-loma-negra\/#article\",\"isPartOf\":{\"@id\":\"https:\/\/experienciadevida.com.ar\/portalurbano\/galli-participo-del-acto-por-malvinas-en-loma-negra\/\"},\"author\":{\"name\":\"admpu17wp\",\"@id\":\"https:\/\/experienciadevida.com.ar\/portalurbano\/#\/schema\/person\/02dd326b1c4b056e9cc972486934a3a7\"},\"headline\":\"Galli particip\u00f3 del Acto por Malvinas en Loma Negra\",\"datePublished\":\"2021-06-14T14:37:35+00:00\",\"dateModified\":\"2021-06-14T14:48:15+00:00\",\"mainEntityOfPage\":{\"@id\":\"https:\/\/experienciadevida.com.ar\/portalurbano\/galli-participo-del-acto-por-malvinas-en-loma-negra\/\"},\"wordCount\":778,\"publisher\":{\"@id\":\"https:\/\/experienciadevida.com.ar\/portalurbano\/#organization\"},\"articleSection\":[\"Ciudad\",\"Destacadas 2\"],\"inLanguage\":\"es\"},{\"@type\":\"WebPage\",\"@id\":\"https:\/\/experienciadevida.com.ar\/portalurbano\/galli-participo-del-acto-por-malvinas-en-loma-negra\/\",\"url\":\"https:\/\/experienciadevida.com.ar\/portalurbano\/galli-participo-del-acto-por-malvinas-en-loma-negra\/\",\"name\":\"Galli particip\u00f3 del acto por Malvinas en Loma Negra\",\"isPartOf\":{\"@id\":\"https:\/\/experienciadevida.com.ar\/portalurbano\/#website\"},\"datePublished\":\"2021-06-14T14:37:35+00:00\",\"dateModified\":\"2021-06-14T14:48:15+00:00\",\"description\":\"Galli particip\u00f3 del Acto por Malvinas en Loma Negra, en el marco del D\u00eda de la Afirmaci\u00f3n de los Derechos Argentinos sobre las Malvinas\",\"breadcrumb\":{\"@id\":\"https:\/\/experienciadevida.com.ar\/portalurbano\/galli-participo-del-acto-por-malvinas-en-loma-negra\/#breadcrumb\"},\"inLanguage\":\"es\",\"potentialAction\":[{\"@type\":\"ReadAction\",\"target\":[\"https:\/\/experienciadevida.com.ar\/portalurbano\/galli-participo-del-acto-por-malvinas-en-loma-negra\/\"]}]},{\"@type\":\"BreadcrumbList\",\"@id\":\"https:\/\/experienciadevida.com.ar\/portalurbano\/galli-participo-del-acto-por-malvinas-en-loma-negra\/#breadcrumb\",\"itemListElement\":[{\"@type\":\"ListItem\",\"position\":1,\"name\":\"Portada\",\"item\":\"https:\/\/experienciadevida.com.ar\/portalurbano\/\"},{\"@type\":\"ListItem\",\"position\":2,\"name\":\"Galli particip\u00f3 del Acto por Malvinas en Loma Negra\"}]},{\"@type\":\"WebSite\",\"@id\":\"https:\/\/experienciadevida.com.ar\/portalurbano\/#website\",\"url\":\"https:\/\/experienciadevida.com.ar\/portalurbano\/\",\"name\":\"\",\"description\":\"\",\"publisher\":{\"@id\":\"https:\/\/experienciadevida.com.ar\/portalurbano\/#organization\"},\"potentialAction\":[{\"@type\":\"SearchAction\",\"target\":{\"@type\":\"EntryPoint\",\"urlTemplate\":\"https:\/\/experienciadevida.com.ar\/portalurbano\/?s={search_term_string}\"},\"query-input\":\"required name=search_term_string\"}],\"inLanguage\":\"es\"},{\"@type\":\"Organization\",\"@id\":\"https:\/\/experienciadevida.com.ar\/portalurbano\/#organization\",\"name\":\"Portal Urbano\",\"url\":\"https:\/\/experienciadevida.com.ar\/portalurbano\/\",\"logo\":{\"@type\":\"ImageObject\",\"inLanguage\":\"es\",\"@id\":\"https:\/\/experienciadevida.com.ar\/portalurbano\/#\/schema\/logo\/image\/\",\"url\":\"https:\/\/experienciadevida.com.ar\/portalurbano\/wp-content\/uploads\/2019\/09\/Logo-Original.png\",\"contentUrl\":\"https:\/\/experienciadevida.com.ar\/portalurbano\/wp-content\/uploads\/2019\/09\/Logo-Original.png\",\"width\":2236,\"height\":1216,\"caption\":\"Portal Urbano\"},\"image\":{\"@id\":\"https:\/\/experienciadevida.com.ar\/portalurbano\/#\/schema\/logo\/image\/\"},\"sameAs\":[\"https:\/\/www.facebook.com\/Portal-Urbano-171542830093757\/\",\"https:\/\/twitter.com\/portalurbanook\",\"https:\/\/www.instagram.com\/_portalurbano\/\",\"https:\/\/www.youtube.com\/channel\/UCXhagIfszH8KxFiOok79zbA?view_as=subscriber\"]},{\"@type\":\"Person\",\"@id\":\"https:\/\/experienciadevida.com.ar\/portalurbano\/#\/schema\/person\/02dd326b1c4b056e9cc972486934a3a7\",\"name\":\"admpu17wp\",\"image\":{\"@type\":\"ImageObject\",\"inLanguage\":\"es\",\"@id\":\"https:\/\/experienciadevida.com.ar\/portalurbano\/#\/schema\/person\/image\/\",\"url\":\"https:\/\/secure.gravatar.com\/avatar\/830d4c57adaae6630765e449a6908047?s=96&d=mm&r=g\",\"contentUrl\":\"https:\/\/secure.gravatar.com\/avatar\/830d4c57adaae6630765e449a6908047?s=96&d=mm&r=g\",\"caption\":\"admpu17wp\"}}]}<\/script>\n<!-- \/ Yoast SEO plugin. -->","yoast_head_json":{"title":"Galli particip\u00f3 del acto por Malvinas en Loma Negra","description":"Galli particip\u00f3 del Acto por Malvinas en Loma Negra, en el marco del D\u00eda de la Afirmaci\u00f3n de los Derechos Argentinos sobre las Malvinas","robots":{"index":"index","follow":"follow","max-snippet":"max-snippet:-1","max-image-preview":"max-image-preview:large","max-video-preview":"max-video-preview:-1"},"canonical":"https:\/\/experienciadevida.com.ar\/portalurbano\/galli-participo-del-acto-por-malvinas-en-loma-negra\/","og_locale":"es_ES","og_type":"article","og_title":"Galli particip\u00f3 del acto por Malvinas en Loma Negra","og_description":"Galli particip\u00f3 del Acto por Malvinas en Loma Negra, en el marco del D\u00eda de la Afirmaci\u00f3n de los Derechos Argentinos sobre las Malvinas","og_url":"https:\/\/experienciadevida.com.ar\/portalurbano\/galli-participo-del-acto-por-malvinas-en-loma-negra\/","article_publisher":"https:\/\/www.facebook.com\/Portal-Urbano-171542830093757\/","article_published_time":"2021-06-14T14:37:35+00:00","article_modified_time":"2021-06-14T14:48:15+00:00","og_image":[{"width":765,"height":511,"url":"https:\/\/experienciadevida.com.ar\/portalurbano\/wp-content\/uploads\/2021\/06\/Galli-participo-del-Acto-por-e1623681447975.jpg","type":"image\/jpeg"}],"author":"admpu17wp","twitter_card":"summary_large_image","twitter_creator":"@portalurbanook","twitter_site":"@portalurbanook","twitter_misc":{"Escrito por":"admpu17wp","Tiempo de lectura":"5 minutos"},"schema":{"@context":"https:\/\/schema.org","@graph":[{"@type":"Article","@id":"https:\/\/experienciadevida.com.ar\/portalurbano\/galli-participo-del-acto-por-malvinas-en-loma-negra\/#article","isPartOf":{"@id":"https:\/\/experienciadevida.com.ar\/portalurbano\/galli-participo-del-acto-por-malvinas-en-loma-negra\/"},"author":{"name":"admpu17wp","@id":"https:\/\/experienciadevida.com.ar\/portalurbano\/#\/schema\/person\/02dd326b1c4b056e9cc972486934a3a7"},"headline":"Galli particip\u00f3 del Acto por Malvinas en Loma Negra","datePublished":"2021-06-14T14:37:35+00:00","dateModified":"2021-06-14T14:48:15+00:00","mainEntityOfPage":{"@id":"https:\/\/experienciadevida.com.ar\/portalurbano\/galli-participo-del-acto-por-malvinas-en-loma-negra\/"},"wordCount":778,"publisher":{"@id":"https:\/\/experienciadevida.com.ar\/portalurbano\/#organization"},"articleSection":["Ciudad","Destacadas 2"],"inLanguage":"es"},{"@type":"WebPage","@id":"https:\/\/experienciadevida.com.ar\/portalurbano\/galli-participo-del-acto-por-malvinas-en-loma-negra\/","url":"https:\/\/experienciadevida.com.ar\/portalurbano\/galli-participo-del-acto-por-malvinas-en-loma-negra\/","name":"Galli particip\u00f3 del acto por Malvinas en Loma Negra","isPartOf":{"@id":"https:\/\/experienciadevida.com.ar\/portalurbano\/#website"},"datePublished":"2021-06-14T14:37:35+00:00","dateModified":"2021-06-14T14:48:15+00:00","description":"Galli particip\u00f3 del Acto por Malvinas en Loma Negra, en el marco del D\u00eda de la Afirmaci\u00f3n de los Derechos Argentinos sobre las Malvinas","breadcrumb":{"@id":"https:\/\/experienciadevida.com.ar\/portalurbano\/galli-participo-del-acto-por-malvinas-en-loma-negra\/#breadcrumb"},"inLanguage":"es","potentialAction":[{"@type":"ReadAction","target":["https:\/\/experienciadevida.com.ar\/portalurbano\/galli-participo-del-acto-por-malvinas-en-loma-negra\/"]}]},{"@type":"BreadcrumbList","@id":"https:\/\/experienciadevida.com.ar\/portalurbano\/galli-participo-del-acto-por-malvinas-en-loma-negra\/#breadcrumb","itemListElement":[{"@type":"ListItem","position":1,"name":"Portada","item":"https:\/\/experienciadevida.com.ar\/portalurbano\/"},{"@type":"ListItem","position":2,"name":"Galli particip\u00f3 del Acto por Malvinas en Loma Negra"}]},{"@type":"WebSite","@id":"https:\/\/experienciadevida.com.ar\/portalurbano\/#website","url":"https:\/\/experienciadevida.com.ar\/portalurbano\/","name":"","description":"","publisher":{"@id":"https:\/\/experienciadevida.com.ar\/portalurbano\/#organization"},"potentialAction":[{"@type":"SearchAction","target":{"@type":"EntryPoint","urlTemplate":"https:\/\/experienciadevida.com.ar\/portalurbano\/?s={search_term_string}"},"query-input":"required name=search_term_string"}],"inLanguage":"es"},{"@type":"Organization","@id":"https:\/\/experienciadevida.com.ar\/portalurbano\/#organization","name":"Portal Urbano","url":"https:\/\/experienciadevida.com.ar\/portalurbano\/","logo":{"@type":"ImageObject","inLanguage":"es","@id":"https:\/\/experienciadevida.com.ar\/portalurbano\/#\/schema\/logo\/image\/","url":"https:\/\/experienciadevida.com.ar\/portalurbano\/wp-content\/uploads\/2019\/09\/Logo-Original.png","contentUrl":"https:\/\/experienciadevida.com.ar\/portalurbano\/wp-content\/uploads\/2019\/09\/Logo-Original.png","width":2236,"height":1216,"caption":"Portal Urbano"},"image":{"@id":"https:\/\/experienciadevida.com.ar\/portalurbano\/#\/schema\/logo\/image\/"},"sameAs":["https:\/\/www.facebook.com\/Portal-Urbano-171542830093757\/","https:\/\/twitter.com\/portalurbanook","https:\/\/www.instagram.com\/_portalurbano\/","https:\/\/www.youtube.com\/channel\/UCXhagIfszH8KxFiOok79zbA?view_as=subscriber"]},{"@type":"Person","@id":"https:\/\/experienciadevida.com.ar\/portalurbano\/#\/schema\/person\/02dd326b1c4b056e9cc972486934a3a7","name":"admpu17wp","image":{"@type":"ImageObject","inLanguage":"es","@id":"https:\/\/experienciadevida.com.ar\/portalurbano\/#\/schema\/person\/image\/","url":"https:\/\/secure.gravatar.com\/avatar\/830d4c57adaae6630765e449a6908047?s=96&d=mm&r=g","contentUrl":"https:\/\/secure.gravatar.com\/avatar\/830d4c57adaae6630765e449a6908047?s=96&d=mm&r=g","caption":"admpu17wp"}}]}},"featured_image_urls":{"full":["https:\/\/experienciadevida.com.ar\/portalurbano\/wp-content\/uploads\/2021\/06\/Galli-participo-del-Acto-por-e1623681447975.jpg",765,511,false],"thumbnail":["https:\/\/experienciadevida.com.ar\/portalurbano\/wp-content\/uploads\/2021\/06\/Galli-participo-del-Acto-por-150x150.jpg",150,150,true],"medium":["https:\/\/experienciadevida.com.ar\/portalurbano\/wp-content\/uploads\/2021\/06\/Galli-participo-del-Acto-por-300x201.jpg",300,201,true],"medium_large":["https:\/\/experienciadevida.com.ar\/portalurbano\/wp-content\/uploads\/2021\/06\/Galli-participo-del-Acto-por-768x513.jpg",640,428,true],"large":["https:\/\/experienciadevida.com.ar\/portalurbano\/wp-content\/uploads\/2021\/06\/Galli-participo-del-Acto-por-1024x684.jpg",640,428,true],"ug_big":["https:\/\/experienciadevida.com.ar\/portalurbano\/wp-content\/uploads\/2021\/06\/Galli-participo-del-Acto-por-768x513.jpg",768,513,true],"1536x1536":["https:\/\/experienciadevida.com.ar\/portalurbano\/wp-content\/uploads\/2021\/06\/Galli-participo-del-Acto-por-1536x1027.jpg",1536,1027,true],"2048x2048":["https:\/\/experienciadevida.com.ar\/portalurbano\/wp-content\/uploads\/2021\/06\/Galli-participo-del-Acto-por-2048x1369.jpg",2048,1369,true],"newsever-slider-full":["https:\/\/experienciadevida.com.ar\/portalurbano\/wp-content\/uploads\/2021\/06\/Galli-participo-del-Acto-por-e1623681447975.jpg",765,511,false],"newsever-featured":["https:\/\/experienciadevida.com.ar\/portalurbano\/wp-content\/uploads\/2021\/06\/Galli-participo-del-Acto-por-e1623681447975.jpg",765,511,false],"newsever-medium":["https:\/\/experienciadevida.com.ar\/portalurbano\/wp-content\/uploads\/2021\/06\/Galli-participo-del-Acto-por-e1623681447975.jpg",711,475,false],"web-stories-poster-portrait":["https:\/\/experienciadevida.com.ar\/portalurbano\/wp-content\/uploads\/2021\/06\/Galli-participo-del-Acto-por-e1623681447975.jpg",640,428,false],"web-stories-publisher-logo":["https:\/\/experienciadevida.com.ar\/portalurbano\/wp-content\/uploads\/2021\/06\/Galli-participo-del-Acto-por-e1623681447975.jpg",96,64,false],"web-stories-thumbnail":["https:\/\/experienciadevida.com.ar\/portalurbano\/wp-content\/uploads\/2021\/06\/Galli-participo-del-Acto-por-e1623681447975.jpg",150,100,false]},"author_info":{"display_name":"admpu17wp","author_link":"https:\/\/experienciadevida.com.ar\/portalurbano\/author\/admpu17wp\/"},"category_info":"<a href=\"https:\/\/experienciadevida.com.ar\/portalurbano\/category\/ciudad\/\" rel=\"category tag\">Ciudad<\/a> <a href=\"https:\/\/experienciadevida.com.ar\/portalurbano\/category\/destacadas-2\/\" rel=\"category tag\">Destacadas 2<\/a>","tag_info":"Destacadas 2","comment_count":"0","amp_enabled":true,"_links":{"self":[{"href":"https:\/\/experienciadevida.com.ar\/portalurbano\/wp-json\/wp\/v2\/posts\/145122"}],"collection":[{"href":"https:\/\/experienciadevida.com.ar\/portalurbano\/wp-json\/wp\/v2\/posts"}],"about":[{"href":"https:\/\/experienciadevida.com.ar\/portalurbano\/wp-json\/wp\/v2\/types\/post"}],"author":[{"embeddable":true,"href":"https:\/\/experienciadevida.com.ar\/portalurbano\/wp-json\/wp\/v2\/users\/1"}],"replies":[{"embeddable":true,"href":"https:\/\/experienciadevida.com.ar\/portalurbano\/wp-json\/wp\/v2\/comments?post=145122"}],"version-history":[{"count":4,"href":"https:\/\/experienciadevida.com.ar\/portalurbano\/wp-json\/wp\/v2\/posts\/145122\/revisions"}],"predecessor-version":[{"id":145133,"href":"https:\/\/experienciadevida.com.ar\/portalurbano\/wp-json\/wp\/v2\/posts\/145122\/revisions\/145133"}],"wp:featuredmedia":[{"embeddable":true,"href":"https:\/\/experienciadevida.com.ar\/portalurbano\/wp-json\/wp\/v2\/media\/145123"}],"wp:attachment":[{"href":"https:\/\/experienciadevida.com.ar\/portalurbano\/wp-json\/wp\/v2\/media?parent=145122"}],"wp:term":[{"taxonomy":"category","embeddable":true,"href":"https:\/\/experienciadevida.com.ar\/portalurbano\/wp-json\/wp\/v2\/categories?post=145122"},{"taxonomy":"post_tag","embeddable":true,"href":"https:\/\/experienciadevida.com.ar\/portalurbano\/wp-json\/wp\/v2\/tags?post=145122"}],"curies":[{"name":"wp","href":"https:\/\/api.w.org\/{rel}","templated":true}]}}