{"id":145095,"date":"2021-06-14T09:38:44","date_gmt":"2021-06-14T12:38:44","guid":{"rendered":"https:\/\/experienciadevida.com.ar\/portalurbano\/?p=145095"},"modified":"2021-06-14T09:41:44","modified_gmt":"2021-06-14T12:41:44","slug":"se-realizara-una-caracterizacion-de-residuos-de-olavarria-del-programa-giro","status":"publish","type":"post","link":"https:\/\/experienciadevida.com.ar\/portalurbano\/se-realizara-una-caracterizacion-de-residuos-de-olavarria-del-programa-giro\/","title":{"rendered":"Se realizar\u00e1 una caracterizaci\u00f3n de residuos de Olavarr\u00eda del programa GIRO"},"content":{"rendered":"<p>Se realizar\u00e1 una caracterizaci\u00f3n de residuos de Olavarr\u00eda del programa GIRO, tiene por objetivo desarrollar junto con la comunidad un <a href=\"https:\/\/experienciadevida.com.ar\/portalurbano\/nueva-busqueda-promotores-de-compostaje-con-giro\/\">nuevo sistema de gesti\u00f3n de residuos para Olavarr\u00eda<\/a>, contin\u00faa su investigaci\u00f3n sobre los residuos de la ciudad.<\/p>\n<p>As\u00ed como se realizaron distintas etapas de investigaci\u00f3n e intercambio con la comunidad para dise\u00f1ar la prueba piloto que se lleva a cabo en la actualidad en los barrios Los Robles, Municipales y parte de San Vicente, tambi\u00e9n se realizar\u00e1 una caracterizaci\u00f3n de residuos de toda Olavarr\u00eda, para contar con informaci\u00f3n que permita crear las mejores soluciones posibles para todas las corrientes de residuos.<\/p>\n<p>Luego de una etapa de planificaci\u00f3n y dise\u00f1o, este lunes comenzar\u00e1 el trabajo de campo de la caracterizaci\u00f3n de residuos del municipio. Se trata de un estudio complejo que tiene por objetivo determinar la composici\u00f3n promedio de los residuos s\u00f3lidos urbanos -por zonas- y determinar la humedad y peso volum\u00e9trico promedio (kg\/m3) de los residuos. Se trata de informaci\u00f3n muy relevante a la hora de evaluar todas las opciones disponibles para recuperar la mayor cantidad posible de residuos y evitar que sean enterrados en el relleno sanitario. Adem\u00e1s, el estudio permitir\u00e1 conocer las caracter\u00edsticas de distintas zonas de la ciudad, lo que ayudar\u00e1 a dise\u00f1ar un sistema que tenga en cuenta esas diferencias.<\/p>\n<p>Se realizar\u00e1 una caracterizaci\u00f3n de residuos, para la realizaci\u00f3n de este estudio, a partir de este lunes 14 de junio (por la noche y durante aproximadamente cuatro semanas), un veh\u00edculo de la Facultad de Ingenier\u00eda de la UNICEN tomar\u00e1 muestras directas de residuos de los canastos de los vecinos. Las muestran ser\u00e1n trasladadas a la Planta de Clasificaci\u00f3n de GIRO, en donde se acondicion\u00f3 un sector para el trabajo del personal de la Facultad. All\u00ed se realizar\u00e1n estudios preliminares y pesajes y se clasificar\u00e1 todo el material en distintas categor\u00edas. A su vez, se seleccionar\u00e1n nuevas muestras que ser\u00e1n enviadas al laboratorio de la UNICEN para realizar el estudio de humedad.<\/p>\n<p>La realizaci\u00f3n de este tipo de estudios es una herramienta fundamental en cualquier municipio para el dise\u00f1o e implementaci\u00f3n de planes de gesti\u00f3n de residuos s\u00f3lidos urbanos. El trabajo conjunto con la Facultad de Ingenier\u00eda permitir\u00e1 que Olavarr\u00eda pueda contar con informaci\u00f3n actualizada y confiable de gran relevancia a la hora de tomar decisiones. De esta forma se podr\u00e1 brindar un mejor servicio a los vecinos y crear un sistema de gesti\u00f3n de residuos sostenible e inclusivo.<\/p>\n<p>Para m\u00e1s informaci\u00f3n puede consultar:<\/p>\n<p>Web: giro.olavarria.gov.ar<\/p>\n<p>Facebook: <a href=\"https:\/\/www.facebook.com\/giro.olavarria\">giro.olavarria<\/a><\/p>\n<p>Instagram: giro.olavarria<\/p>\n<p>&nbsp;<\/p>\n","protected":false},"excerpt":{"rendered":"<p>Se realizar\u00e1 una caracterizaci\u00f3n de residuos de Olavarr\u00eda del programa GIRO, tiene por objetivo desarrollar&#8230;<\/p>\n","protected":false},"author":1,"featured_media":144634,"comment_status":"closed","ping_status":"closed","sticky":false,"template":"","format":"standard","meta":{"content-type":""},"categories":[27,51],"tags":[],"nelio_content":{"isAutoShareEnabled":false,"autoShareEndMode":"default","automationSources":{"useContentSentences":true,"useSocialTemplates":true,"useCustomSentences":false,"customSentences":[]},"followers":[1],"suggestedReferences":[],"includedReferences":[],"efiUrl":"","efiAlt":"","highlights":[]},"yoast_head":"<!-- This site is optimized with the Yoast SEO plugin v20.7 - https:\/\/yoast.com\/wordpress\/plugins\/seo\/ -->\n<title>Se realizar\u00e1 una caracterizaci\u00f3n de residuos de Olavarr\u00eda de GIRO<\/title>\n<meta name=\"description\" content=\"Se realizar\u00e1 una caracterizaci\u00f3n de residuos de Olavarr\u00eda del programa GIRO tiene como objetivo desarrollar un nuevo sistema de gesti\u00f3n.\" \/>\n<meta name=\"robots\" content=\"index, follow, max-snippet:-1, max-image-preview:large, max-video-preview:-1\" \/>\n<link rel=\"canonical\" href=\"https:\/\/experienciadevida.com.ar\/portalurbano\/se-realizara-una-caracterizacion-de-residuos-de-olavarria-del-programa-giro\/\" \/>\n<meta property=\"og:locale\" content=\"es_ES\" \/>\n<meta property=\"og:type\" content=\"article\" \/>\n<meta property=\"og:title\" content=\"Se realizar\u00e1 una caracterizaci\u00f3n de residuos de Olavarr\u00eda de GIRO\" \/>\n<meta property=\"og:description\" content=\"Se realizar\u00e1 una caracterizaci\u00f3n de residuos de Olavarr\u00eda del programa GIRO tiene como objetivo desarrollar un nuevo sistema de gesti\u00f3n.\" \/>\n<meta property=\"og:url\" content=\"https:\/\/experienciadevida.com.ar\/portalurbano\/se-realizara-una-caracterizacion-de-residuos-de-olavarria-del-programa-giro\/\" \/>\n<meta property=\"article:publisher\" content=\"https:\/\/www.facebook.com\/Portal-Urbano-171542830093757\/\" \/>\n<meta property=\"article:published_time\" content=\"2021-06-14T12:38:44+00:00\" \/>\n<meta property=\"article:modified_time\" content=\"2021-06-14T12:41:44+00:00\" \/>\n<meta property=\"og:image\" content=\"https:\/\/experienciadevida.com.ar\/portalurbano\/wp-content\/uploads\/2021\/06\/GIRO-llega-a-San-Vicente.jpg\" \/>\n\t<meta property=\"og:image:width\" content=\"765\" \/>\n\t<meta property=\"og:image:height\" content=\"426\" \/>\n\t<meta property=\"og:image:type\" content=\"image\/jpeg\" \/>\n<meta name=\"author\" content=\"admpu17wp\" \/>\n<meta name=\"twitter:card\" content=\"summary_large_image\" \/>\n<meta name=\"twitter:creator\" content=\"@portalurbanook\" \/>\n<meta name=\"twitter:site\" content=\"@portalurbanook\" \/>\n<meta name=\"twitter:label1\" content=\"Escrito por\" \/>\n\t<meta name=\"twitter:data1\" content=\"admpu17wp\" \/>\n\t<meta name=\"twitter:label2\" content=\"Tiempo de lectura\" \/>\n\t<meta name=\"twitter:data2\" content=\"2 minutos\" \/>\n<script type=\"application\/ld+json\" class=\"yoast-schema-graph\">{\"@context\":\"https:\/\/schema.org\",\"@graph\":[{\"@type\":\"Article\",\"@id\":\"https:\/\/experienciadevida.com.ar\/portalurbano\/se-realizara-una-caracterizacion-de-residuos-de-olavarria-del-programa-giro\/#article\",\"isPartOf\":{\"@id\":\"https:\/\/experienciadevida.com.ar\/portalurbano\/se-realizara-una-caracterizacion-de-residuos-de-olavarria-del-programa-giro\/\"},\"author\":{\"name\":\"admpu17wp\",\"@id\":\"https:\/\/experienciadevida.com.ar\/portalurbano\/#\/schema\/person\/02dd326b1c4b056e9cc972486934a3a7\"},\"headline\":\"Se realizar\u00e1 una caracterizaci\u00f3n de residuos de Olavarr\u00eda del programa GIRO\",\"datePublished\":\"2021-06-14T12:38:44+00:00\",\"dateModified\":\"2021-06-14T12:41:44+00:00\",\"mainEntityOfPage\":{\"@id\":\"https:\/\/experienciadevida.com.ar\/portalurbano\/se-realizara-una-caracterizacion-de-residuos-de-olavarria-del-programa-giro\/\"},\"wordCount\":475,\"publisher\":{\"@id\":\"https:\/\/experienciadevida.com.ar\/portalurbano\/#organization\"},\"articleSection\":[\"Ciudad\",\"Destacadas\"],\"inLanguage\":\"es\"},{\"@type\":\"WebPage\",\"@id\":\"https:\/\/experienciadevida.com.ar\/portalurbano\/se-realizara-una-caracterizacion-de-residuos-de-olavarria-del-programa-giro\/\",\"url\":\"https:\/\/experienciadevida.com.ar\/portalurbano\/se-realizara-una-caracterizacion-de-residuos-de-olavarria-del-programa-giro\/\",\"name\":\"Se realizar\u00e1 una caracterizaci\u00f3n de residuos de Olavarr\u00eda de GIRO\",\"isPartOf\":{\"@id\":\"https:\/\/experienciadevida.com.ar\/portalurbano\/#website\"},\"datePublished\":\"2021-06-14T12:38:44+00:00\",\"dateModified\":\"2021-06-14T12:41:44+00:00\",\"description\":\"Se realizar\u00e1 una caracterizaci\u00f3n de residuos de Olavarr\u00eda del programa GIRO tiene como objetivo desarrollar un nuevo sistema de gesti\u00f3n.\",\"breadcrumb\":{\"@id\":\"https:\/\/experienciadevida.com.ar\/portalurbano\/se-realizara-una-caracterizacion-de-residuos-de-olavarria-del-programa-giro\/#breadcrumb\"},\"inLanguage\":\"es\",\"potentialAction\":[{\"@type\":\"ReadAction\",\"target\":[\"https:\/\/experienciadevida.com.ar\/portalurbano\/se-realizara-una-caracterizacion-de-residuos-de-olavarria-del-programa-giro\/\"]}]},{\"@type\":\"BreadcrumbList\",\"@id\":\"https:\/\/experienciadevida.com.ar\/portalurbano\/se-realizara-una-caracterizacion-de-residuos-de-olavarria-del-programa-giro\/#breadcrumb\",\"itemListElement\":[{\"@type\":\"ListItem\",\"position\":1,\"name\":\"Portada\",\"item\":\"https:\/\/experienciadevida.com.ar\/portalurbano\/\"},{\"@type\":\"ListItem\",\"position\":2,\"name\":\"Se realizar\u00e1 una caracterizaci\u00f3n de residuos de Olavarr\u00eda del programa GIRO\"}]},{\"@type\":\"WebSite\",\"@id\":\"https:\/\/experienciadevida.com.ar\/portalurbano\/#website\",\"url\":\"https:\/\/experienciadevida.com.ar\/portalurbano\/\",\"name\":\"\",\"description\":\"\",\"publisher\":{\"@id\":\"https:\/\/experienciadevida.com.ar\/portalurbano\/#organization\"},\"potentialAction\":[{\"@type\":\"SearchAction\",\"target\":{\"@type\":\"EntryPoint\",\"urlTemplate\":\"https:\/\/experienciadevida.com.ar\/portalurbano\/?s={search_term_string}\"},\"query-input\":\"required name=search_term_string\"}],\"inLanguage\":\"es\"},{\"@type\":\"Organization\",\"@id\":\"https:\/\/experienciadevida.com.ar\/portalurbano\/#organization\",\"name\":\"Portal Urbano\",\"url\":\"https:\/\/experienciadevida.com.ar\/portalurbano\/\",\"logo\":{\"@type\":\"ImageObject\",\"inLanguage\":\"es\",\"@id\":\"https:\/\/experienciadevida.com.ar\/portalurbano\/#\/schema\/logo\/image\/\",\"url\":\"https:\/\/experienciadevida.com.ar\/portalurbano\/wp-content\/uploads\/2019\/09\/Logo-Original.png\",\"contentUrl\":\"https:\/\/experienciadevida.com.ar\/portalurbano\/wp-content\/uploads\/2019\/09\/Logo-Original.png\",\"width\":2236,\"height\":1216,\"caption\":\"Portal Urbano\"},\"image\":{\"@id\":\"https:\/\/experienciadevida.com.ar\/portalurbano\/#\/schema\/logo\/image\/\"},\"sameAs\":[\"https:\/\/www.facebook.com\/Portal-Urbano-171542830093757\/\",\"https:\/\/twitter.com\/portalurbanook\",\"https:\/\/www.instagram.com\/_portalurbano\/\",\"https:\/\/www.youtube.com\/channel\/UCXhagIfszH8KxFiOok79zbA?view_as=subscriber\"]},{\"@type\":\"Person\",\"@id\":\"https:\/\/experienciadevida.com.ar\/portalurbano\/#\/schema\/person\/02dd326b1c4b056e9cc972486934a3a7\",\"name\":\"admpu17wp\",\"image\":{\"@type\":\"ImageObject\",\"inLanguage\":\"es\",\"@id\":\"https:\/\/experienciadevida.com.ar\/portalurbano\/#\/schema\/person\/image\/\",\"url\":\"https:\/\/secure.gravatar.com\/avatar\/830d4c57adaae6630765e449a6908047?s=96&d=mm&r=g\",\"contentUrl\":\"https:\/\/secure.gravatar.com\/avatar\/830d4c57adaae6630765e449a6908047?s=96&d=mm&r=g\",\"caption\":\"admpu17wp\"}}]}<\/script>\n<!-- \/ Yoast SEO plugin. -->","yoast_head_json":{"title":"Se realizar\u00e1 una caracterizaci\u00f3n de residuos de Olavarr\u00eda de GIRO","description":"Se realizar\u00e1 una caracterizaci\u00f3n de residuos de Olavarr\u00eda del programa GIRO tiene como objetivo desarrollar un nuevo sistema de gesti\u00f3n.","robots":{"index":"index","follow":"follow","max-snippet":"max-snippet:-1","max-image-preview":"max-image-preview:large","max-video-preview":"max-video-preview:-1"},"canonical":"https:\/\/experienciadevida.com.ar\/portalurbano\/se-realizara-una-caracterizacion-de-residuos-de-olavarria-del-programa-giro\/","og_locale":"es_ES","og_type":"article","og_title":"Se realizar\u00e1 una caracterizaci\u00f3n de residuos de Olavarr\u00eda de GIRO","og_description":"Se realizar\u00e1 una caracterizaci\u00f3n de residuos de Olavarr\u00eda del programa GIRO tiene como objetivo desarrollar un nuevo sistema de gesti\u00f3n.","og_url":"https:\/\/experienciadevida.com.ar\/portalurbano\/se-realizara-una-caracterizacion-de-residuos-de-olavarria-del-programa-giro\/","article_publisher":"https:\/\/www.facebook.com\/Portal-Urbano-171542830093757\/","article_published_time":"2021-06-14T12:38:44+00:00","article_modified_time":"2021-06-14T12:41:44+00:00","og_image":[{"width":765,"height":426,"url":"https:\/\/experienciadevida.com.ar\/portalurbano\/wp-content\/uploads\/2021\/06\/GIRO-llega-a-San-Vicente.jpg","type":"image\/jpeg"}],"author":"admpu17wp","twitter_card":"summary_large_image","twitter_creator":"@portalurbanook","twitter_site":"@portalurbanook","twitter_misc":{"Escrito por":"admpu17wp","Tiempo de lectura":"2 minutos"},"schema":{"@context":"https:\/\/schema.org","@graph":[{"@type":"Article","@id":"https:\/\/experienciadevida.com.ar\/portalurbano\/se-realizara-una-caracterizacion-de-residuos-de-olavarria-del-programa-giro\/#article","isPartOf":{"@id":"https:\/\/experienciadevida.com.ar\/portalurbano\/se-realizara-una-caracterizacion-de-residuos-de-olavarria-del-programa-giro\/"},"author":{"name":"admpu17wp","@id":"https:\/\/experienciadevida.com.ar\/portalurbano\/#\/schema\/person\/02dd326b1c4b056e9cc972486934a3a7"},"headline":"Se realizar\u00e1 una caracterizaci\u00f3n de residuos de Olavarr\u00eda del programa GIRO","datePublished":"2021-06-14T12:38:44+00:00","dateModified":"2021-06-14T12:41:44+00:00","mainEntityOfPage":{"@id":"https:\/\/experienciadevida.com.ar\/portalurbano\/se-realizara-una-caracterizacion-de-residuos-de-olavarria-del-programa-giro\/"},"wordCount":475,"publisher":{"@id":"https:\/\/experienciadevida.com.ar\/portalurbano\/#organization"},"articleSection":["Ciudad","Destacadas"],"inLanguage":"es"},{"@type":"WebPage","@id":"https:\/\/experienciadevida.com.ar\/portalurbano\/se-realizara-una-caracterizacion-de-residuos-de-olavarria-del-programa-giro\/","url":"https:\/\/experienciadevida.com.ar\/portalurbano\/se-realizara-una-caracterizacion-de-residuos-de-olavarria-del-programa-giro\/","name":"Se realizar\u00e1 una caracterizaci\u00f3n de residuos de Olavarr\u00eda de GIRO","isPartOf":{"@id":"https:\/\/experienciadevida.com.ar\/portalurbano\/#website"},"datePublished":"2021-06-14T12:38:44+00:00","dateModified":"2021-06-14T12:41:44+00:00","description":"Se realizar\u00e1 una caracterizaci\u00f3n de residuos de Olavarr\u00eda del programa GIRO tiene como objetivo desarrollar un nuevo sistema de gesti\u00f3n.","breadcrumb":{"@id":"https:\/\/experienciadevida.com.ar\/portalurbano\/se-realizara-una-caracterizacion-de-residuos-de-olavarria-del-programa-giro\/#breadcrumb"},"inLanguage":"es","potentialAction":[{"@type":"ReadAction","target":["https:\/\/experienciadevida.com.ar\/portalurbano\/se-realizara-una-caracterizacion-de-residuos-de-olavarria-del-programa-giro\/"]}]},{"@type":"BreadcrumbList","@id":"https:\/\/experienciadevida.com.ar\/portalurbano\/se-realizara-una-caracterizacion-de-residuos-de-olavarria-del-programa-giro\/#breadcrumb","itemListElement":[{"@type":"ListItem","position":1,"name":"Portada","item":"https:\/\/experienciadevida.com.ar\/portalurbano\/"},{"@type":"ListItem","position":2,"name":"Se realizar\u00e1 una caracterizaci\u00f3n de residuos de Olavarr\u00eda del programa GIRO"}]},{"@type":"WebSite","@id":"https:\/\/experienciadevida.com.ar\/portalurbano\/#website","url":"https:\/\/experienciadevida.com.ar\/portalurbano\/","name":"","description":"","publisher":{"@id":"https:\/\/experienciadevida.com.ar\/portalurbano\/#organization"},"potentialAction":[{"@type":"SearchAction","target":{"@type":"EntryPoint","urlTemplate":"https:\/\/experienciadevida.com.ar\/portalurbano\/?s={search_term_string}"},"query-input":"required name=search_term_string"}],"inLanguage":"es"},{"@type":"Organization","@id":"https:\/\/experienciadevida.com.ar\/portalurbano\/#organization","name":"Portal Urbano","url":"https:\/\/experienciadevida.com.ar\/portalurbano\/","logo":{"@type":"ImageObject","inLanguage":"es","@id":"https:\/\/experienciadevida.com.ar\/portalurbano\/#\/schema\/logo\/image\/","url":"https:\/\/experienciadevida.com.ar\/portalurbano\/wp-content\/uploads\/2019\/09\/Logo-Original.png","contentUrl":"https:\/\/experienciadevida.com.ar\/portalurbano\/wp-content\/uploads\/2019\/09\/Logo-Original.png","width":2236,"height":1216,"caption":"Portal Urbano"},"image":{"@id":"https:\/\/experienciadevida.com.ar\/portalurbano\/#\/schema\/logo\/image\/"},"sameAs":["https:\/\/www.facebook.com\/Portal-Urbano-171542830093757\/","https:\/\/twitter.com\/portalurbanook","https:\/\/www.instagram.com\/_portalurbano\/","https:\/\/www.youtube.com\/channel\/UCXhagIfszH8KxFiOok79zbA?view_as=subscriber"]},{"@type":"Person","@id":"https:\/\/experienciadevida.com.ar\/portalurbano\/#\/schema\/person\/02dd326b1c4b056e9cc972486934a3a7","name":"admpu17wp","image":{"@type":"ImageObject","inLanguage":"es","@id":"https:\/\/experienciadevida.com.ar\/portalurbano\/#\/schema\/person\/image\/","url":"https:\/\/secure.gravatar.com\/avatar\/830d4c57adaae6630765e449a6908047?s=96&d=mm&r=g","contentUrl":"https:\/\/secure.gravatar.com\/avatar\/830d4c57adaae6630765e449a6908047?s=96&d=mm&r=g","caption":"admpu17wp"}}]}},"featured_image_urls":{"full":["https:\/\/experienciadevida.com.ar\/portalurbano\/wp-content\/uploads\/2021\/06\/GIRO-llega-a-San-Vicente.jpg",765,426,false],"thumbnail":["https:\/\/experienciadevida.com.ar\/portalurbano\/wp-content\/uploads\/2021\/06\/GIRO-llega-a-San-Vicente-150x150.jpg",150,150,true],"medium":["https:\/\/experienciadevida.com.ar\/portalurbano\/wp-content\/uploads\/2021\/06\/GIRO-llega-a-San-Vicente-300x167.jpg",300,167,true],"medium_large":["https:\/\/experienciadevida.com.ar\/portalurbano\/wp-content\/uploads\/2021\/06\/GIRO-llega-a-San-Vicente.jpg",640,356,false],"large":["https:\/\/experienciadevida.com.ar\/portalurbano\/wp-content\/uploads\/2021\/06\/GIRO-llega-a-San-Vicente.jpg",640,356,false],"ug_big":["https:\/\/experienciadevida.com.ar\/portalurbano\/wp-content\/uploads\/2021\/06\/GIRO-llega-a-San-Vicente.jpg",765,426,false],"1536x1536":["https:\/\/experienciadevida.com.ar\/portalurbano\/wp-content\/uploads\/2021\/06\/GIRO-llega-a-San-Vicente.jpg",765,426,false],"2048x2048":["https:\/\/experienciadevida.com.ar\/portalurbano\/wp-content\/uploads\/2021\/06\/GIRO-llega-a-San-Vicente.jpg",765,426,false],"newsever-slider-full":["https:\/\/experienciadevida.com.ar\/portalurbano\/wp-content\/uploads\/2021\/06\/GIRO-llega-a-San-Vicente.jpg",765,426,false],"newsever-featured":["https:\/\/experienciadevida.com.ar\/portalurbano\/wp-content\/uploads\/2021\/06\/GIRO-llega-a-San-Vicente.jpg",765,426,false],"newsever-medium":["https:\/\/experienciadevida.com.ar\/portalurbano\/wp-content\/uploads\/2021\/06\/GIRO-llega-a-San-Vicente.jpg",720,401,false],"web-stories-poster-portrait":["https:\/\/experienciadevida.com.ar\/portalurbano\/wp-content\/uploads\/2021\/06\/GIRO-llega-a-San-Vicente.jpg",640,356,false],"web-stories-publisher-logo":["https:\/\/experienciadevida.com.ar\/portalurbano\/wp-content\/uploads\/2021\/06\/GIRO-llega-a-San-Vicente.jpg",96,53,false],"web-stories-thumbnail":["https:\/\/experienciadevida.com.ar\/portalurbano\/wp-content\/uploads\/2021\/06\/GIRO-llega-a-San-Vicente.jpg",150,84,false]},"author_info":{"display_name":"admpu17wp","author_link":"https:\/\/experienciadevida.com.ar\/portalurbano\/author\/admpu17wp\/"},"category_info":"<a href=\"https:\/\/experienciadevida.com.ar\/portalurbano\/category\/ciudad\/\" rel=\"category tag\">Ciudad<\/a> <a href=\"https:\/\/experienciadevida.com.ar\/portalurbano\/category\/destacadas\/\" rel=\"category tag\">Destacadas<\/a>","tag_info":"Destacadas","comment_count":"0","amp_enabled":true,"_links":{"self":[{"href":"https:\/\/experienciadevida.com.ar\/portalurbano\/wp-json\/wp\/v2\/posts\/145095"}],"collection":[{"href":"https:\/\/experienciadevida.com.ar\/portalurbano\/wp-json\/wp\/v2\/posts"}],"about":[{"href":"https:\/\/experienciadevida.com.ar\/portalurbano\/wp-json\/wp\/v2\/types\/post"}],"author":[{"embeddable":true,"href":"https:\/\/experienciadevida.com.ar\/portalurbano\/wp-json\/wp\/v2\/users\/1"}],"replies":[{"embeddable":true,"href":"https:\/\/experienciadevida.com.ar\/portalurbano\/wp-json\/wp\/v2\/comments?post=145095"}],"version-history":[{"count":3,"href":"https:\/\/experienciadevida.com.ar\/portalurbano\/wp-json\/wp\/v2\/posts\/145095\/revisions"}],"predecessor-version":[{"id":145098,"href":"https:\/\/experienciadevida.com.ar\/portalurbano\/wp-json\/wp\/v2\/posts\/145095\/revisions\/145098"}],"wp:featuredmedia":[{"embeddable":true,"href":"https:\/\/experienciadevida.com.ar\/portalurbano\/wp-json\/wp\/v2\/media\/144634"}],"wp:attachment":[{"href":"https:\/\/experienciadevida.com.ar\/portalurbano\/wp-json\/wp\/v2\/media?parent=145095"}],"wp:term":[{"taxonomy":"category","embeddable":true,"href":"https:\/\/experienciadevida.com.ar\/portalurbano\/wp-json\/wp\/v2\/categories?post=145095"},{"taxonomy":"post_tag","embeddable":true,"href":"https:\/\/experienciadevida.com.ar\/portalurbano\/wp-json\/wp\/v2\/tags?post=145095"}],"curies":[{"name":"wp","href":"https:\/\/api.w.org\/{rel}","templated":true}]}}