{"id":145062,"date":"2021-06-12T20:23:45","date_gmt":"2021-06-12T23:23:45","guid":{"rendered":"https:\/\/experienciadevida.com.ar\/portalurbano\/?p=145062"},"modified":"2021-06-12T20:24:48","modified_gmt":"2021-06-12T23:24:48","slug":"segunda-entrega-de-personas-que-hacen-la-serie-audiovisual-del-foro-olavarria","status":"publish","type":"post","link":"https:\/\/experienciadevida.com.ar\/portalurbano\/segunda-entrega-de-personas-que-hacen-la-serie-audiovisual-del-foro-olavarria\/","title":{"rendered":"Segunda entrega de  \u201cPersonas que Hacen\u201d, la serie audiovisual del Foro Olavarr\u00eda"},"content":{"rendered":"<p>Segunda entrega de \u201cPersonas que Hacen\u201d, la serie audiovisual del<a href=\"https:\/\/www.youtube.com\/channel\/UCk5IV4eH0XNAZAfTw064q0w\"> Foro Olavarr\u00eda,<\/a> la serie que re\u00fane historias de vecinas y vecinos que unen acciones para ayudar a la comunidad, estren\u00f3 su segundo cap\u00edtulo.<\/p>\n<p>Este s\u00e1bado se estren\u00f3 un nuevo cap\u00edtulo de &#8220;Personas que hacen&#8221;, la serie\u00a0 audiovisual del Foro Olavarr\u00eda, espacio que lideran la Concejal In\u00e9s<br \/>\n<a href=\"https:\/\/www.facebook.com\/ines.creimer\">Creimer<\/a> y el Concejal Eduardo <a href=\"https:\/\/www.facebook.com\/rodriguezolav\">Rodr\u00edguez<\/a>.<\/p>\n<p>La misma re\u00fane la historia de vecinas y vecinos que unen acciones en bien de la comunidad de Olavarr\u00eda. En este segundo cap\u00edtulo de Personas que Hacen se comparte la historia de Hilda Rodr\u00edguez, vecina del barrio Bel\u00e9n. La entrega est\u00e1 disponible a trav\u00e9s de las redes sociales del Foro Olavarr\u00eda y su canal de YouTube.<\/p>\n<p>La producci\u00f3n fue llevada a cabo por el equipo que integran Agust\u00edn Alfonzo, Luis Donatelli y Gonzalo Cabri. El Foro Social del Foro Olavarr\u00eda se trata de un espacio que atiende las necesidades concretas de vecinas y vecinos, mediante la articulaci\u00f3n con distintos organismos Nacionales y Provinciales, y en red con organizaciones sociales y el bloque de Concejales del Foro Olavarr\u00eda.<\/p>\n<p>Segunda entrega de &#8220;personas que hacen&#8221;, la coordinadora del Foro Social, Liz Herrera, sostuvo que &#8220;integrar el Foro Social supone una alianza con gente que comparte diferentes miradas desde lo comunitario y colectivo\u201d. Adem\u00e1s agreg\u00f3 que \u201cesto nos permite gestionar fortaleciendo el bien com\u00fan, pudiendo acompa\u00f1ar, colaborar y siempre construir desde la participaci\u00f3n activa\u201d.<\/p>\n<p>&#8220;La serie audiovisual pone en valor el trabajo de distintas personas que en \u00e1mbitos diversos aportan a la construcci\u00f3n de la ciudad\u201d, explic\u00f3 la<br \/>\nreferente del Foro Social, Liz Herrera.<\/p>\n<p>Para m\u00e1s informaci\u00f3n sobre las actividades del Foro Olavarr\u00eda acercarse a la Casa Eduardo \u201cChino\u201d Correa, emplazada en Belgrano 3222, de lunes a<br \/>\nviernes de 9 a 13 horas. O comunicarse a trav\u00e9s de las siguientes v\u00edas de contacto:<\/p>\n<p>E-mail: foroolavarria@gmail.com<br \/>\nWhatsApp: 2284 554873<br \/>\nP\u00e1gina web: www.foroolavarria.org<\/p>\n<p>Enlace: https:\/\/youtu.be\/hGCFEfJy7co<\/p>\n<p><a href=\"https:\/\/experienciadevida.com.ar\/portalurbano\/segunda-entrega-de-personas-que-hacen-la-serie-audiovisual-del-foro-olavarria\/entrga\/\" rel=\"attachment wp-att-145064\"><img decoding=\"async\" class=\"alignnone size-large wp-image-145064\" src=\"https:\/\/experienciadevida.com.ar\/portalurbano\/wp-content\/uploads\/2021\/06\/entrga-1024x576.jpeg\" alt=\"entrega \" width=\"900\" height=\"506\" srcset=\"https:\/\/experienciadevida.com.ar\/portalurbano\/wp-content\/uploads\/2021\/06\/entrga-1024x576.jpeg 1024w, https:\/\/experienciadevida.com.ar\/portalurbano\/wp-content\/uploads\/2021\/06\/entrga-300x169.jpeg 300w, https:\/\/experienciadevida.com.ar\/portalurbano\/wp-content\/uploads\/2021\/06\/entrga-768x432.jpeg 768w, https:\/\/experienciadevida.com.ar\/portalurbano\/wp-content\/uploads\/2021\/06\/entrga-1536x864.jpeg 1536w, https:\/\/experienciadevida.com.ar\/portalurbano\/wp-content\/uploads\/2021\/06\/entrga.jpeg 1599w\" sizes=\"(max-width: 900px) 100vw, 900px\" \/><\/a><\/p>\n","protected":false},"excerpt":{"rendered":"<p>Segunda entrega de \u201cPersonas que Hacen\u201d, la serie audiovisual del Foro Olavarr\u00eda, la serie que&#8230;<\/p>\n","protected":false},"author":1,"featured_media":145063,"comment_status":"closed","ping_status":"closed","sticky":false,"template":"","format":"standard","meta":{"content-type":""},"categories":[43],"tags":[],"nelio_content":{"isAutoShareEnabled":false,"autoShareEndMode":"default","automationSources":{"useContentSentences":true,"useSocialTemplates":true,"useCustomSentences":false,"customSentences":[]},"followers":[1],"suggestedReferences":[],"includedReferences":["https:\/\/www.youtube.com\/channel\/UCk5IV4eH0XNAZAfTw064q0w"],"efiUrl":"","efiAlt":"","highlights":[]},"yoast_head":"<!-- This site is optimized with the Yoast SEO plugin v20.7 - https:\/\/yoast.com\/wordpress\/plugins\/seo\/ -->\n<title>Segunda entrega de &quot;personas que hacen&quot; la serie audiovisual del Foro<\/title>\n<meta name=\"description\" content=\"Segunda entrega de \u201cPersonas que Hacen\u201d, la serie audiovisual del Foro Olavarr\u00eda, la serie que re\u00fane historias de vecinos que unen acciones\" \/>\n<meta name=\"robots\" content=\"index, follow, max-snippet:-1, max-image-preview:large, max-video-preview:-1\" \/>\n<link rel=\"canonical\" href=\"https:\/\/experienciadevida.com.ar\/portalurbano\/segunda-entrega-de-personas-que-hacen-la-serie-audiovisual-del-foro-olavarria\/\" \/>\n<meta property=\"og:locale\" content=\"es_ES\" \/>\n<meta property=\"og:type\" content=\"article\" \/>\n<meta property=\"og:title\" content=\"Segunda entrega de &quot;personas que hacen&quot; la serie audiovisual del Foro\" \/>\n<meta property=\"og:description\" content=\"Segunda entrega de \u201cPersonas que Hacen\u201d, la serie audiovisual del Foro Olavarr\u00eda, la serie que re\u00fane historias de vecinos que unen acciones\" \/>\n<meta property=\"og:url\" content=\"https:\/\/experienciadevida.com.ar\/portalurbano\/segunda-entrega-de-personas-que-hacen-la-serie-audiovisual-del-foro-olavarria\/\" \/>\n<meta property=\"article:publisher\" content=\"https:\/\/www.facebook.com\/Portal-Urbano-171542830093757\/\" \/>\n<meta property=\"article:published_time\" content=\"2021-06-12T23:23:45+00:00\" \/>\n<meta property=\"article:modified_time\" content=\"2021-06-12T23:24:48+00:00\" \/>\n<meta property=\"og:image\" content=\"https:\/\/experienciadevida.com.ar\/portalurbano\/wp-content\/uploads\/2021\/06\/Segunda-entrega-de.jpeg\" \/>\n\t<meta property=\"og:image:width\" content=\"1600\" \/>\n\t<meta property=\"og:image:height\" content=\"1171\" \/>\n\t<meta property=\"og:image:type\" content=\"image\/jpeg\" \/>\n<meta name=\"author\" content=\"admpu17wp\" \/>\n<meta name=\"twitter:card\" content=\"summary_large_image\" \/>\n<meta name=\"twitter:creator\" content=\"@portalurbanook\" \/>\n<meta name=\"twitter:site\" content=\"@portalurbanook\" \/>\n<meta name=\"twitter:label1\" content=\"Escrito por\" \/>\n\t<meta name=\"twitter:data1\" content=\"admpu17wp\" \/>\n\t<meta name=\"twitter:label2\" content=\"Tiempo de lectura\" \/>\n\t<meta name=\"twitter:data2\" content=\"2 minutos\" \/>\n<script type=\"application\/ld+json\" class=\"yoast-schema-graph\">{\"@context\":\"https:\/\/schema.org\",\"@graph\":[{\"@type\":\"Article\",\"@id\":\"https:\/\/experienciadevida.com.ar\/portalurbano\/segunda-entrega-de-personas-que-hacen-la-serie-audiovisual-del-foro-olavarria\/#article\",\"isPartOf\":{\"@id\":\"https:\/\/experienciadevida.com.ar\/portalurbano\/segunda-entrega-de-personas-que-hacen-la-serie-audiovisual-del-foro-olavarria\/\"},\"author\":{\"name\":\"admpu17wp\",\"@id\":\"https:\/\/experienciadevida.com.ar\/portalurbano\/#\/schema\/person\/02dd326b1c4b056e9cc972486934a3a7\"},\"headline\":\"Segunda entrega de \u201cPersonas que Hacen\u201d, la serie audiovisual del Foro Olavarr\u00eda\",\"datePublished\":\"2021-06-12T23:23:45+00:00\",\"dateModified\":\"2021-06-12T23:24:48+00:00\",\"mainEntityOfPage\":{\"@id\":\"https:\/\/experienciadevida.com.ar\/portalurbano\/segunda-entrega-de-personas-que-hacen-la-serie-audiovisual-del-foro-olavarria\/\"},\"wordCount\":359,\"publisher\":{\"@id\":\"https:\/\/experienciadevida.com.ar\/portalurbano\/#organization\"},\"articleSection\":[\"Pol\u00edtica\"],\"inLanguage\":\"es\"},{\"@type\":\"WebPage\",\"@id\":\"https:\/\/experienciadevida.com.ar\/portalurbano\/segunda-entrega-de-personas-que-hacen-la-serie-audiovisual-del-foro-olavarria\/\",\"url\":\"https:\/\/experienciadevida.com.ar\/portalurbano\/segunda-entrega-de-personas-que-hacen-la-serie-audiovisual-del-foro-olavarria\/\",\"name\":\"Segunda entrega de \\\"personas que hacen\\\" la serie audiovisual del Foro\",\"isPartOf\":{\"@id\":\"https:\/\/experienciadevida.com.ar\/portalurbano\/#website\"},\"datePublished\":\"2021-06-12T23:23:45+00:00\",\"dateModified\":\"2021-06-12T23:24:48+00:00\",\"description\":\"Segunda entrega de \u201cPersonas que Hacen\u201d, la serie audiovisual del Foro Olavarr\u00eda, la serie que re\u00fane historias de vecinos que unen acciones\",\"breadcrumb\":{\"@id\":\"https:\/\/experienciadevida.com.ar\/portalurbano\/segunda-entrega-de-personas-que-hacen-la-serie-audiovisual-del-foro-olavarria\/#breadcrumb\"},\"inLanguage\":\"es\",\"potentialAction\":[{\"@type\":\"ReadAction\",\"target\":[\"https:\/\/experienciadevida.com.ar\/portalurbano\/segunda-entrega-de-personas-que-hacen-la-serie-audiovisual-del-foro-olavarria\/\"]}]},{\"@type\":\"BreadcrumbList\",\"@id\":\"https:\/\/experienciadevida.com.ar\/portalurbano\/segunda-entrega-de-personas-que-hacen-la-serie-audiovisual-del-foro-olavarria\/#breadcrumb\",\"itemListElement\":[{\"@type\":\"ListItem\",\"position\":1,\"name\":\"Portada\",\"item\":\"https:\/\/experienciadevida.com.ar\/portalurbano\/\"},{\"@type\":\"ListItem\",\"position\":2,\"name\":\"Segunda entrega de \u201cPersonas que Hacen\u201d, la serie audiovisual del Foro Olavarr\u00eda\"}]},{\"@type\":\"WebSite\",\"@id\":\"https:\/\/experienciadevida.com.ar\/portalurbano\/#website\",\"url\":\"https:\/\/experienciadevida.com.ar\/portalurbano\/\",\"name\":\"\",\"description\":\"\",\"publisher\":{\"@id\":\"https:\/\/experienciadevida.com.ar\/portalurbano\/#organization\"},\"potentialAction\":[{\"@type\":\"SearchAction\",\"target\":{\"@type\":\"EntryPoint\",\"urlTemplate\":\"https:\/\/experienciadevida.com.ar\/portalurbano\/?s={search_term_string}\"},\"query-input\":\"required name=search_term_string\"}],\"inLanguage\":\"es\"},{\"@type\":\"Organization\",\"@id\":\"https:\/\/experienciadevida.com.ar\/portalurbano\/#organization\",\"name\":\"Portal Urbano\",\"url\":\"https:\/\/experienciadevida.com.ar\/portalurbano\/\",\"logo\":{\"@type\":\"ImageObject\",\"inLanguage\":\"es\",\"@id\":\"https:\/\/experienciadevida.com.ar\/portalurbano\/#\/schema\/logo\/image\/\",\"url\":\"https:\/\/experienciadevida.com.ar\/portalurbano\/wp-content\/uploads\/2019\/09\/Logo-Original.png\",\"contentUrl\":\"https:\/\/experienciadevida.com.ar\/portalurbano\/wp-content\/uploads\/2019\/09\/Logo-Original.png\",\"width\":2236,\"height\":1216,\"caption\":\"Portal Urbano\"},\"image\":{\"@id\":\"https:\/\/experienciadevida.com.ar\/portalurbano\/#\/schema\/logo\/image\/\"},\"sameAs\":[\"https:\/\/www.facebook.com\/Portal-Urbano-171542830093757\/\",\"https:\/\/twitter.com\/portalurbanook\",\"https:\/\/www.instagram.com\/_portalurbano\/\",\"https:\/\/www.youtube.com\/channel\/UCXhagIfszH8KxFiOok79zbA?view_as=subscriber\"]},{\"@type\":\"Person\",\"@id\":\"https:\/\/experienciadevida.com.ar\/portalurbano\/#\/schema\/person\/02dd326b1c4b056e9cc972486934a3a7\",\"name\":\"admpu17wp\",\"image\":{\"@type\":\"ImageObject\",\"inLanguage\":\"es\",\"@id\":\"https:\/\/experienciadevida.com.ar\/portalurbano\/#\/schema\/person\/image\/\",\"url\":\"https:\/\/secure.gravatar.com\/avatar\/830d4c57adaae6630765e449a6908047?s=96&d=mm&r=g\",\"contentUrl\":\"https:\/\/secure.gravatar.com\/avatar\/830d4c57adaae6630765e449a6908047?s=96&d=mm&r=g\",\"caption\":\"admpu17wp\"}}]}<\/script>\n<!-- \/ Yoast SEO plugin. -->","yoast_head_json":{"title":"Segunda entrega de \"personas que hacen\" la serie audiovisual del Foro","description":"Segunda entrega de \u201cPersonas que Hacen\u201d, la serie audiovisual del Foro Olavarr\u00eda, la serie que re\u00fane historias de vecinos que unen acciones","robots":{"index":"index","follow":"follow","max-snippet":"max-snippet:-1","max-image-preview":"max-image-preview:large","max-video-preview":"max-video-preview:-1"},"canonical":"https:\/\/experienciadevida.com.ar\/portalurbano\/segunda-entrega-de-personas-que-hacen-la-serie-audiovisual-del-foro-olavarria\/","og_locale":"es_ES","og_type":"article","og_title":"Segunda entrega de \"personas que hacen\" la serie audiovisual del Foro","og_description":"Segunda entrega de \u201cPersonas que Hacen\u201d, la serie audiovisual del Foro Olavarr\u00eda, la serie que re\u00fane historias de vecinos que unen acciones","og_url":"https:\/\/experienciadevida.com.ar\/portalurbano\/segunda-entrega-de-personas-que-hacen-la-serie-audiovisual-del-foro-olavarria\/","article_publisher":"https:\/\/www.facebook.com\/Portal-Urbano-171542830093757\/","article_published_time":"2021-06-12T23:23:45+00:00","article_modified_time":"2021-06-12T23:24:48+00:00","og_image":[{"width":1600,"height":1171,"url":"https:\/\/experienciadevida.com.ar\/portalurbano\/wp-content\/uploads\/2021\/06\/Segunda-entrega-de.jpeg","type":"image\/jpeg"}],"author":"admpu17wp","twitter_card":"summary_large_image","twitter_creator":"@portalurbanook","twitter_site":"@portalurbanook","twitter_misc":{"Escrito por":"admpu17wp","Tiempo de lectura":"2 minutos"},"schema":{"@context":"https:\/\/schema.org","@graph":[{"@type":"Article","@id":"https:\/\/experienciadevida.com.ar\/portalurbano\/segunda-entrega-de-personas-que-hacen-la-serie-audiovisual-del-foro-olavarria\/#article","isPartOf":{"@id":"https:\/\/experienciadevida.com.ar\/portalurbano\/segunda-entrega-de-personas-que-hacen-la-serie-audiovisual-del-foro-olavarria\/"},"author":{"name":"admpu17wp","@id":"https:\/\/experienciadevida.com.ar\/portalurbano\/#\/schema\/person\/02dd326b1c4b056e9cc972486934a3a7"},"headline":"Segunda entrega de \u201cPersonas que Hacen\u201d, la serie audiovisual del Foro Olavarr\u00eda","datePublished":"2021-06-12T23:23:45+00:00","dateModified":"2021-06-12T23:24:48+00:00","mainEntityOfPage":{"@id":"https:\/\/experienciadevida.com.ar\/portalurbano\/segunda-entrega-de-personas-que-hacen-la-serie-audiovisual-del-foro-olavarria\/"},"wordCount":359,"publisher":{"@id":"https:\/\/experienciadevida.com.ar\/portalurbano\/#organization"},"articleSection":["Pol\u00edtica"],"inLanguage":"es"},{"@type":"WebPage","@id":"https:\/\/experienciadevida.com.ar\/portalurbano\/segunda-entrega-de-personas-que-hacen-la-serie-audiovisual-del-foro-olavarria\/","url":"https:\/\/experienciadevida.com.ar\/portalurbano\/segunda-entrega-de-personas-que-hacen-la-serie-audiovisual-del-foro-olavarria\/","name":"Segunda entrega de \"personas que hacen\" la serie audiovisual del Foro","isPartOf":{"@id":"https:\/\/experienciadevida.com.ar\/portalurbano\/#website"},"datePublished":"2021-06-12T23:23:45+00:00","dateModified":"2021-06-12T23:24:48+00:00","description":"Segunda entrega de \u201cPersonas que Hacen\u201d, la serie audiovisual del Foro Olavarr\u00eda, la serie que re\u00fane historias de vecinos que unen acciones","breadcrumb":{"@id":"https:\/\/experienciadevida.com.ar\/portalurbano\/segunda-entrega-de-personas-que-hacen-la-serie-audiovisual-del-foro-olavarria\/#breadcrumb"},"inLanguage":"es","potentialAction":[{"@type":"ReadAction","target":["https:\/\/experienciadevida.com.ar\/portalurbano\/segunda-entrega-de-personas-que-hacen-la-serie-audiovisual-del-foro-olavarria\/"]}]},{"@type":"BreadcrumbList","@id":"https:\/\/experienciadevida.com.ar\/portalurbano\/segunda-entrega-de-personas-que-hacen-la-serie-audiovisual-del-foro-olavarria\/#breadcrumb","itemListElement":[{"@type":"ListItem","position":1,"name":"Portada","item":"https:\/\/experienciadevida.com.ar\/portalurbano\/"},{"@type":"ListItem","position":2,"name":"Segunda entrega de \u201cPersonas que Hacen\u201d, la serie audiovisual del Foro Olavarr\u00eda"}]},{"@type":"WebSite","@id":"https:\/\/experienciadevida.com.ar\/portalurbano\/#website","url":"https:\/\/experienciadevida.com.ar\/portalurbano\/","name":"","description":"","publisher":{"@id":"https:\/\/experienciadevida.com.ar\/portalurbano\/#organization"},"potentialAction":[{"@type":"SearchAction","target":{"@type":"EntryPoint","urlTemplate":"https:\/\/experienciadevida.com.ar\/portalurbano\/?s={search_term_string}"},"query-input":"required name=search_term_string"}],"inLanguage":"es"},{"@type":"Organization","@id":"https:\/\/experienciadevida.com.ar\/portalurbano\/#organization","name":"Portal Urbano","url":"https:\/\/experienciadevida.com.ar\/portalurbano\/","logo":{"@type":"ImageObject","inLanguage":"es","@id":"https:\/\/experienciadevida.com.ar\/portalurbano\/#\/schema\/logo\/image\/","url":"https:\/\/experienciadevida.com.ar\/portalurbano\/wp-content\/uploads\/2019\/09\/Logo-Original.png","contentUrl":"https:\/\/experienciadevida.com.ar\/portalurbano\/wp-content\/uploads\/2019\/09\/Logo-Original.png","width":2236,"height":1216,"caption":"Portal Urbano"},"image":{"@id":"https:\/\/experienciadevida.com.ar\/portalurbano\/#\/schema\/logo\/image\/"},"sameAs":["https:\/\/www.facebook.com\/Portal-Urbano-171542830093757\/","https:\/\/twitter.com\/portalurbanook","https:\/\/www.instagram.com\/_portalurbano\/","https:\/\/www.youtube.com\/channel\/UCXhagIfszH8KxFiOok79zbA?view_as=subscriber"]},{"@type":"Person","@id":"https:\/\/experienciadevida.com.ar\/portalurbano\/#\/schema\/person\/02dd326b1c4b056e9cc972486934a3a7","name":"admpu17wp","image":{"@type":"ImageObject","inLanguage":"es","@id":"https:\/\/experienciadevida.com.ar\/portalurbano\/#\/schema\/person\/image\/","url":"https:\/\/secure.gravatar.com\/avatar\/830d4c57adaae6630765e449a6908047?s=96&d=mm&r=g","contentUrl":"https:\/\/secure.gravatar.com\/avatar\/830d4c57adaae6630765e449a6908047?s=96&d=mm&r=g","caption":"admpu17wp"}}]}},"featured_image_urls":{"full":["https:\/\/experienciadevida.com.ar\/portalurbano\/wp-content\/uploads\/2021\/06\/Segunda-entrega-de.jpeg",1600,1171,false],"thumbnail":["https:\/\/experienciadevida.com.ar\/portalurbano\/wp-content\/uploads\/2021\/06\/Segunda-entrega-de-150x150.jpeg",150,150,true],"medium":["https:\/\/experienciadevida.com.ar\/portalurbano\/wp-content\/uploads\/2021\/06\/Segunda-entrega-de-300x220.jpeg",300,220,true],"medium_large":["https:\/\/experienciadevida.com.ar\/portalurbano\/wp-content\/uploads\/2021\/06\/Segunda-entrega-de-768x562.jpeg",640,468,true],"large":["https:\/\/experienciadevida.com.ar\/portalurbano\/wp-content\/uploads\/2021\/06\/Segunda-entrega-de-1024x749.jpeg",640,468,true],"ug_big":["https:\/\/experienciadevida.com.ar\/portalurbano\/wp-content\/uploads\/2021\/06\/Segunda-entrega-de-768x562.jpeg",768,562,true],"1536x1536":["https:\/\/experienciadevida.com.ar\/portalurbano\/wp-content\/uploads\/2021\/06\/Segunda-entrega-de-1536x1124.jpeg",1536,1124,true],"2048x2048":["https:\/\/experienciadevida.com.ar\/portalurbano\/wp-content\/uploads\/2021\/06\/Segunda-entrega-de.jpeg",1600,1171,false],"newsever-slider-full":["https:\/\/experienciadevida.com.ar\/portalurbano\/wp-content\/uploads\/2021\/06\/Segunda-entrega-de.jpeg",1155,845,false],"newsever-featured":["https:\/\/experienciadevida.com.ar\/portalurbano\/wp-content\/uploads\/2021\/06\/Segunda-entrega-de.jpeg",1024,749,false],"newsever-medium":["https:\/\/experienciadevida.com.ar\/portalurbano\/wp-content\/uploads\/2021\/06\/Segunda-entrega-de.jpeg",649,475,false],"web-stories-poster-portrait":["https:\/\/experienciadevida.com.ar\/portalurbano\/wp-content\/uploads\/2021\/06\/Segunda-entrega-de.jpeg",640,468,false],"web-stories-publisher-logo":["https:\/\/experienciadevida.com.ar\/portalurbano\/wp-content\/uploads\/2021\/06\/Segunda-entrega-de.jpeg",96,70,false],"web-stories-thumbnail":["https:\/\/experienciadevida.com.ar\/portalurbano\/wp-content\/uploads\/2021\/06\/Segunda-entrega-de.jpeg",150,110,false]},"author_info":{"display_name":"admpu17wp","author_link":"https:\/\/experienciadevida.com.ar\/portalurbano\/author\/admpu17wp\/"},"category_info":"<a href=\"https:\/\/experienciadevida.com.ar\/portalurbano\/category\/politica\/\" rel=\"category tag\">Pol\u00edtica<\/a>","tag_info":"Pol\u00edtica","comment_count":"0","amp_enabled":true,"_links":{"self":[{"href":"https:\/\/experienciadevida.com.ar\/portalurbano\/wp-json\/wp\/v2\/posts\/145062"}],"collection":[{"href":"https:\/\/experienciadevida.com.ar\/portalurbano\/wp-json\/wp\/v2\/posts"}],"about":[{"href":"https:\/\/experienciadevida.com.ar\/portalurbano\/wp-json\/wp\/v2\/types\/post"}],"author":[{"embeddable":true,"href":"https:\/\/experienciadevida.com.ar\/portalurbano\/wp-json\/wp\/v2\/users\/1"}],"replies":[{"embeddable":true,"href":"https:\/\/experienciadevida.com.ar\/portalurbano\/wp-json\/wp\/v2\/comments?post=145062"}],"version-history":[{"count":2,"href":"https:\/\/experienciadevida.com.ar\/portalurbano\/wp-json\/wp\/v2\/posts\/145062\/revisions"}],"predecessor-version":[{"id":145066,"href":"https:\/\/experienciadevida.com.ar\/portalurbano\/wp-json\/wp\/v2\/posts\/145062\/revisions\/145066"}],"wp:featuredmedia":[{"embeddable":true,"href":"https:\/\/experienciadevida.com.ar\/portalurbano\/wp-json\/wp\/v2\/media\/145063"}],"wp:attachment":[{"href":"https:\/\/experienciadevida.com.ar\/portalurbano\/wp-json\/wp\/v2\/media?parent=145062"}],"wp:term":[{"taxonomy":"category","embeddable":true,"href":"https:\/\/experienciadevida.com.ar\/portalurbano\/wp-json\/wp\/v2\/categories?post=145062"},{"taxonomy":"post_tag","embeddable":true,"href":"https:\/\/experienciadevida.com.ar\/portalurbano\/wp-json\/wp\/v2\/tags?post=145062"}],"curies":[{"name":"wp","href":"https:\/\/api.w.org\/{rel}","templated":true}]}}