{"id":144991,"date":"2021-06-11T20:20:57","date_gmt":"2021-06-11T23:20:57","guid":{"rendered":"https:\/\/experienciadevida.com.ar\/portalurbano\/?p=144991"},"modified":"2021-06-11T20:24:29","modified_gmt":"2021-06-11T23:24:29","slug":"aguilera-anuncio-que-la-provincia-realizara-la-construccion-del-edificio-propio-para-la-escuela-de-artes-visuales","status":"publish","type":"post","link":"https:\/\/experienciadevida.com.ar\/portalurbano\/aguilera-anuncio-que-la-provincia-realizara-la-construccion-del-edificio-propio-para-la-escuela-de-artes-visuales\/","title":{"rendered":"Aguilera anunci\u00f3 que la Provincia realizar\u00e1 la construcci\u00f3n del edificio propio para la escuela de Artes Visuales"},"content":{"rendered":"<p>Aguilera anunci\u00f3 que la Provincia realizar\u00e1 la construcci\u00f3n del edificio propio para la escuela de Artes Visuales, el Subsecretario de Miner\u00eda de la Provincia, Federico Aguilera, confirm\u00f3 la obra para la construcci\u00f3n del edificio propio de la Escuela de Artes Visuales de Olavarr\u00eda, luego de que el Ministerio de Infraestructura bonaerense haya desarrollado el proyecto y legajo de obra que designa un presupuesto de $23.683.232, con un plazo de ejecuci\u00f3n de 90 d\u00edas.<\/p>\n<p>De esta manera, el subsecretario de Miner\u00eda Federico <a href=\"https:\/\/www.facebook.com\/FedericoAguile5\">Aguilera<\/a> remarc\u00f3 que \u201cluego de las reuniones, pedidos y gestiones realizadas ante la Subsecretaria de Infraestructura Escolar ya est\u00e1 el legajo y presupuesto por $23.682.382 para finalizar la obra del edificio que se encuentra en el predio de la Escuela de Educaci\u00f3n Agraria\u201d.<\/p>\n<p>Aguilera anunci\u00f3 que la provincia realizar\u00e1 la construcci\u00f3n del edificio propio para la escuela de artes visuales\u201cEste es un hecho hist\u00f3rico para la instituci\u00f3n y viene a dar respuesta a una demanda de largos a\u00f1os\u201d, consider\u00f3 Aguilera.<\/p>\n<p>Cabe recordar que, en el mes de marzo, el subsecretario de Miner\u00eda Federico Aguilera se reuni\u00f3 con estudiantes y directivos de la Escuela de Artes Visuales y junto al jefe Distrital de Educaci\u00f3n Julio Benitez y la Inspectora Regional de Educaci\u00f3n, M\u00f3nica Wagner, se comprometieron para buscar una soluci\u00f3n al hist\u00f3rico problema del edificio propio que aqueja a la instituci\u00f3n.<\/p>\n<p>El edificio en cuesti\u00f3n se encuentra en el predio de la Escuela Agropecuaria y la obra confirmada por la provincia plantea la finalizaci\u00f3n de un edificio totalmente independiente que se encuentra en ese establecimiento y se adaptar\u00e1 para el funcionamiento de Artes Visuales.<\/p>\n","protected":false},"excerpt":{"rendered":"<p>Aguilera anunci\u00f3 que la Provincia realizar\u00e1 la construcci\u00f3n del edificio propio para la escuela de&#8230;<\/p>\n","protected":false},"author":1,"featured_media":144992,"comment_status":"closed","ping_status":"closed","sticky":false,"template":"","format":"standard","meta":{"content-type":""},"categories":[27,64],"tags":[],"nelio_content":{"isAutoShareEnabled":false,"autoShareEndMode":"default","automationSources":{"useContentSentences":true,"useSocialTemplates":true,"useCustomSentences":false,"customSentences":[]},"followers":[1],"suggestedReferences":[],"includedReferences":[],"efiUrl":"","efiAlt":"","highlights":[]},"yoast_head":"<!-- This site is optimized with the Yoast SEO plugin v20.7 - https:\/\/yoast.com\/wordpress\/plugins\/seo\/ -->\n<title>Aguilera anunci\u00f3 que la provincia construir\u00e1 el edificio de artes visuales<\/title>\n<meta name=\"description\" content=\"Aguilera anunci\u00f3 que la Provincia realizar\u00e1 la construcci\u00f3n del edificio propio para la escuela de Artes Visuales, el Subsecretario Miner\u00eda\" \/>\n<meta name=\"robots\" content=\"index, follow, max-snippet:-1, max-image-preview:large, max-video-preview:-1\" \/>\n<link rel=\"canonical\" href=\"https:\/\/experienciadevida.com.ar\/portalurbano\/aguilera-anuncio-que-la-provincia-realizara-la-construccion-del-edificio-propio-para-la-escuela-de-artes-visuales\/\" \/>\n<meta property=\"og:locale\" content=\"es_ES\" \/>\n<meta property=\"og:type\" content=\"article\" \/>\n<meta property=\"og:title\" content=\"Aguilera anunci\u00f3 que la provincia construir\u00e1 el edificio de artes visuales\" \/>\n<meta property=\"og:description\" content=\"Aguilera anunci\u00f3 que la Provincia realizar\u00e1 la construcci\u00f3n del edificio propio para la escuela de Artes Visuales, el Subsecretario Miner\u00eda\" \/>\n<meta property=\"og:url\" content=\"https:\/\/experienciadevida.com.ar\/portalurbano\/aguilera-anuncio-que-la-provincia-realizara-la-construccion-del-edificio-propio-para-la-escuela-de-artes-visuales\/\" \/>\n<meta property=\"article:publisher\" content=\"https:\/\/www.facebook.com\/Portal-Urbano-171542830093757\/\" \/>\n<meta property=\"article:published_time\" content=\"2021-06-11T23:20:57+00:00\" \/>\n<meta property=\"article:modified_time\" content=\"2021-06-11T23:24:29+00:00\" \/>\n<meta property=\"og:image\" content=\"https:\/\/experienciadevida.com.ar\/portalurbano\/wp-content\/uploads\/2021\/06\/Aguilera-anuncio-que-la-Provincia.jpg\" \/>\n\t<meta property=\"og:image:width\" content=\"1232\" \/>\n\t<meta property=\"og:image:height\" content=\"816\" \/>\n\t<meta property=\"og:image:type\" content=\"image\/jpeg\" \/>\n<meta name=\"author\" content=\"admpu17wp\" \/>\n<meta name=\"twitter:card\" content=\"summary_large_image\" \/>\n<meta name=\"twitter:creator\" content=\"@portalurbanook\" \/>\n<meta name=\"twitter:site\" content=\"@portalurbanook\" \/>\n<meta name=\"twitter:label1\" content=\"Escrito por\" \/>\n\t<meta name=\"twitter:data1\" content=\"admpu17wp\" \/>\n\t<meta name=\"twitter:label2\" content=\"Tiempo de lectura\" \/>\n\t<meta name=\"twitter:data2\" content=\"2 minutos\" \/>\n<script type=\"application\/ld+json\" class=\"yoast-schema-graph\">{\"@context\":\"https:\/\/schema.org\",\"@graph\":[{\"@type\":\"Article\",\"@id\":\"https:\/\/experienciadevida.com.ar\/portalurbano\/aguilera-anuncio-que-la-provincia-realizara-la-construccion-del-edificio-propio-para-la-escuela-de-artes-visuales\/#article\",\"isPartOf\":{\"@id\":\"https:\/\/experienciadevida.com.ar\/portalurbano\/aguilera-anuncio-que-la-provincia-realizara-la-construccion-del-edificio-propio-para-la-escuela-de-artes-visuales\/\"},\"author\":{\"name\":\"admpu17wp\",\"@id\":\"https:\/\/experienciadevida.com.ar\/portalurbano\/#\/schema\/person\/02dd326b1c4b056e9cc972486934a3a7\"},\"headline\":\"Aguilera anunci\u00f3 que la Provincia realizar\u00e1 la construcci\u00f3n del edificio propio para la escuela de Artes Visuales\",\"datePublished\":\"2021-06-11T23:20:57+00:00\",\"dateModified\":\"2021-06-11T23:24:29+00:00\",\"mainEntityOfPage\":{\"@id\":\"https:\/\/experienciadevida.com.ar\/portalurbano\/aguilera-anuncio-que-la-provincia-realizara-la-construccion-del-edificio-propio-para-la-escuela-de-artes-visuales\/\"},\"wordCount\":301,\"publisher\":{\"@id\":\"https:\/\/experienciadevida.com.ar\/portalurbano\/#organization\"},\"articleSection\":[\"Ciudad\",\"Destacadas 2\"],\"inLanguage\":\"es\"},{\"@type\":\"WebPage\",\"@id\":\"https:\/\/experienciadevida.com.ar\/portalurbano\/aguilera-anuncio-que-la-provincia-realizara-la-construccion-del-edificio-propio-para-la-escuela-de-artes-visuales\/\",\"url\":\"https:\/\/experienciadevida.com.ar\/portalurbano\/aguilera-anuncio-que-la-provincia-realizara-la-construccion-del-edificio-propio-para-la-escuela-de-artes-visuales\/\",\"name\":\"Aguilera anunci\u00f3 que la provincia construir\u00e1 el edificio de artes visuales\",\"isPartOf\":{\"@id\":\"https:\/\/experienciadevida.com.ar\/portalurbano\/#website\"},\"datePublished\":\"2021-06-11T23:20:57+00:00\",\"dateModified\":\"2021-06-11T23:24:29+00:00\",\"description\":\"Aguilera anunci\u00f3 que la Provincia realizar\u00e1 la construcci\u00f3n del edificio propio para la escuela de Artes Visuales, el Subsecretario Miner\u00eda\",\"breadcrumb\":{\"@id\":\"https:\/\/experienciadevida.com.ar\/portalurbano\/aguilera-anuncio-que-la-provincia-realizara-la-construccion-del-edificio-propio-para-la-escuela-de-artes-visuales\/#breadcrumb\"},\"inLanguage\":\"es\",\"potentialAction\":[{\"@type\":\"ReadAction\",\"target\":[\"https:\/\/experienciadevida.com.ar\/portalurbano\/aguilera-anuncio-que-la-provincia-realizara-la-construccion-del-edificio-propio-para-la-escuela-de-artes-visuales\/\"]}]},{\"@type\":\"BreadcrumbList\",\"@id\":\"https:\/\/experienciadevida.com.ar\/portalurbano\/aguilera-anuncio-que-la-provincia-realizara-la-construccion-del-edificio-propio-para-la-escuela-de-artes-visuales\/#breadcrumb\",\"itemListElement\":[{\"@type\":\"ListItem\",\"position\":1,\"name\":\"Portada\",\"item\":\"https:\/\/experienciadevida.com.ar\/portalurbano\/\"},{\"@type\":\"ListItem\",\"position\":2,\"name\":\"Aguilera anunci\u00f3 que la Provincia realizar\u00e1 la construcci\u00f3n del edificio propio para la escuela de Artes Visuales\"}]},{\"@type\":\"WebSite\",\"@id\":\"https:\/\/experienciadevida.com.ar\/portalurbano\/#website\",\"url\":\"https:\/\/experienciadevida.com.ar\/portalurbano\/\",\"name\":\"\",\"description\":\"\",\"publisher\":{\"@id\":\"https:\/\/experienciadevida.com.ar\/portalurbano\/#organization\"},\"potentialAction\":[{\"@type\":\"SearchAction\",\"target\":{\"@type\":\"EntryPoint\",\"urlTemplate\":\"https:\/\/experienciadevida.com.ar\/portalurbano\/?s={search_term_string}\"},\"query-input\":\"required name=search_term_string\"}],\"inLanguage\":\"es\"},{\"@type\":\"Organization\",\"@id\":\"https:\/\/experienciadevida.com.ar\/portalurbano\/#organization\",\"name\":\"Portal Urbano\",\"url\":\"https:\/\/experienciadevida.com.ar\/portalurbano\/\",\"logo\":{\"@type\":\"ImageObject\",\"inLanguage\":\"es\",\"@id\":\"https:\/\/experienciadevida.com.ar\/portalurbano\/#\/schema\/logo\/image\/\",\"url\":\"https:\/\/experienciadevida.com.ar\/portalurbano\/wp-content\/uploads\/2019\/09\/Logo-Original.png\",\"contentUrl\":\"https:\/\/experienciadevida.com.ar\/portalurbano\/wp-content\/uploads\/2019\/09\/Logo-Original.png\",\"width\":2236,\"height\":1216,\"caption\":\"Portal Urbano\"},\"image\":{\"@id\":\"https:\/\/experienciadevida.com.ar\/portalurbano\/#\/schema\/logo\/image\/\"},\"sameAs\":[\"https:\/\/www.facebook.com\/Portal-Urbano-171542830093757\/\",\"https:\/\/twitter.com\/portalurbanook\",\"https:\/\/www.instagram.com\/_portalurbano\/\",\"https:\/\/www.youtube.com\/channel\/UCXhagIfszH8KxFiOok79zbA?view_as=subscriber\"]},{\"@type\":\"Person\",\"@id\":\"https:\/\/experienciadevida.com.ar\/portalurbano\/#\/schema\/person\/02dd326b1c4b056e9cc972486934a3a7\",\"name\":\"admpu17wp\",\"image\":{\"@type\":\"ImageObject\",\"inLanguage\":\"es\",\"@id\":\"https:\/\/experienciadevida.com.ar\/portalurbano\/#\/schema\/person\/image\/\",\"url\":\"https:\/\/secure.gravatar.com\/avatar\/830d4c57adaae6630765e449a6908047?s=96&d=mm&r=g\",\"contentUrl\":\"https:\/\/secure.gravatar.com\/avatar\/830d4c57adaae6630765e449a6908047?s=96&d=mm&r=g\",\"caption\":\"admpu17wp\"}}]}<\/script>\n<!-- \/ Yoast SEO plugin. -->","yoast_head_json":{"title":"Aguilera anunci\u00f3 que la provincia construir\u00e1 el edificio de artes visuales","description":"Aguilera anunci\u00f3 que la Provincia realizar\u00e1 la construcci\u00f3n del edificio propio para la escuela de Artes Visuales, el Subsecretario Miner\u00eda","robots":{"index":"index","follow":"follow","max-snippet":"max-snippet:-1","max-image-preview":"max-image-preview:large","max-video-preview":"max-video-preview:-1"},"canonical":"https:\/\/experienciadevida.com.ar\/portalurbano\/aguilera-anuncio-que-la-provincia-realizara-la-construccion-del-edificio-propio-para-la-escuela-de-artes-visuales\/","og_locale":"es_ES","og_type":"article","og_title":"Aguilera anunci\u00f3 que la provincia construir\u00e1 el edificio de artes visuales","og_description":"Aguilera anunci\u00f3 que la Provincia realizar\u00e1 la construcci\u00f3n del edificio propio para la escuela de Artes Visuales, el Subsecretario Miner\u00eda","og_url":"https:\/\/experienciadevida.com.ar\/portalurbano\/aguilera-anuncio-que-la-provincia-realizara-la-construccion-del-edificio-propio-para-la-escuela-de-artes-visuales\/","article_publisher":"https:\/\/www.facebook.com\/Portal-Urbano-171542830093757\/","article_published_time":"2021-06-11T23:20:57+00:00","article_modified_time":"2021-06-11T23:24:29+00:00","og_image":[{"width":1232,"height":816,"url":"https:\/\/experienciadevida.com.ar\/portalurbano\/wp-content\/uploads\/2021\/06\/Aguilera-anuncio-que-la-Provincia.jpg","type":"image\/jpeg"}],"author":"admpu17wp","twitter_card":"summary_large_image","twitter_creator":"@portalurbanook","twitter_site":"@portalurbanook","twitter_misc":{"Escrito por":"admpu17wp","Tiempo de lectura":"2 minutos"},"schema":{"@context":"https:\/\/schema.org","@graph":[{"@type":"Article","@id":"https:\/\/experienciadevida.com.ar\/portalurbano\/aguilera-anuncio-que-la-provincia-realizara-la-construccion-del-edificio-propio-para-la-escuela-de-artes-visuales\/#article","isPartOf":{"@id":"https:\/\/experienciadevida.com.ar\/portalurbano\/aguilera-anuncio-que-la-provincia-realizara-la-construccion-del-edificio-propio-para-la-escuela-de-artes-visuales\/"},"author":{"name":"admpu17wp","@id":"https:\/\/experienciadevida.com.ar\/portalurbano\/#\/schema\/person\/02dd326b1c4b056e9cc972486934a3a7"},"headline":"Aguilera anunci\u00f3 que la Provincia realizar\u00e1 la construcci\u00f3n del edificio propio para la escuela de Artes Visuales","datePublished":"2021-06-11T23:20:57+00:00","dateModified":"2021-06-11T23:24:29+00:00","mainEntityOfPage":{"@id":"https:\/\/experienciadevida.com.ar\/portalurbano\/aguilera-anuncio-que-la-provincia-realizara-la-construccion-del-edificio-propio-para-la-escuela-de-artes-visuales\/"},"wordCount":301,"publisher":{"@id":"https:\/\/experienciadevida.com.ar\/portalurbano\/#organization"},"articleSection":["Ciudad","Destacadas 2"],"inLanguage":"es"},{"@type":"WebPage","@id":"https:\/\/experienciadevida.com.ar\/portalurbano\/aguilera-anuncio-que-la-provincia-realizara-la-construccion-del-edificio-propio-para-la-escuela-de-artes-visuales\/","url":"https:\/\/experienciadevida.com.ar\/portalurbano\/aguilera-anuncio-que-la-provincia-realizara-la-construccion-del-edificio-propio-para-la-escuela-de-artes-visuales\/","name":"Aguilera anunci\u00f3 que la provincia construir\u00e1 el edificio de artes visuales","isPartOf":{"@id":"https:\/\/experienciadevida.com.ar\/portalurbano\/#website"},"datePublished":"2021-06-11T23:20:57+00:00","dateModified":"2021-06-11T23:24:29+00:00","description":"Aguilera anunci\u00f3 que la Provincia realizar\u00e1 la construcci\u00f3n del edificio propio para la escuela de Artes Visuales, el Subsecretario Miner\u00eda","breadcrumb":{"@id":"https:\/\/experienciadevida.com.ar\/portalurbano\/aguilera-anuncio-que-la-provincia-realizara-la-construccion-del-edificio-propio-para-la-escuela-de-artes-visuales\/#breadcrumb"},"inLanguage":"es","potentialAction":[{"@type":"ReadAction","target":["https:\/\/experienciadevida.com.ar\/portalurbano\/aguilera-anuncio-que-la-provincia-realizara-la-construccion-del-edificio-propio-para-la-escuela-de-artes-visuales\/"]}]},{"@type":"BreadcrumbList","@id":"https:\/\/experienciadevida.com.ar\/portalurbano\/aguilera-anuncio-que-la-provincia-realizara-la-construccion-del-edificio-propio-para-la-escuela-de-artes-visuales\/#breadcrumb","itemListElement":[{"@type":"ListItem","position":1,"name":"Portada","item":"https:\/\/experienciadevida.com.ar\/portalurbano\/"},{"@type":"ListItem","position":2,"name":"Aguilera anunci\u00f3 que la Provincia realizar\u00e1 la construcci\u00f3n del edificio propio para la escuela de Artes Visuales"}]},{"@type":"WebSite","@id":"https:\/\/experienciadevida.com.ar\/portalurbano\/#website","url":"https:\/\/experienciadevida.com.ar\/portalurbano\/","name":"","description":"","publisher":{"@id":"https:\/\/experienciadevida.com.ar\/portalurbano\/#organization"},"potentialAction":[{"@type":"SearchAction","target":{"@type":"EntryPoint","urlTemplate":"https:\/\/experienciadevida.com.ar\/portalurbano\/?s={search_term_string}"},"query-input":"required name=search_term_string"}],"inLanguage":"es"},{"@type":"Organization","@id":"https:\/\/experienciadevida.com.ar\/portalurbano\/#organization","name":"Portal Urbano","url":"https:\/\/experienciadevida.com.ar\/portalurbano\/","logo":{"@type":"ImageObject","inLanguage":"es","@id":"https:\/\/experienciadevida.com.ar\/portalurbano\/#\/schema\/logo\/image\/","url":"https:\/\/experienciadevida.com.ar\/portalurbano\/wp-content\/uploads\/2019\/09\/Logo-Original.png","contentUrl":"https:\/\/experienciadevida.com.ar\/portalurbano\/wp-content\/uploads\/2019\/09\/Logo-Original.png","width":2236,"height":1216,"caption":"Portal Urbano"},"image":{"@id":"https:\/\/experienciadevida.com.ar\/portalurbano\/#\/schema\/logo\/image\/"},"sameAs":["https:\/\/www.facebook.com\/Portal-Urbano-171542830093757\/","https:\/\/twitter.com\/portalurbanook","https:\/\/www.instagram.com\/_portalurbano\/","https:\/\/www.youtube.com\/channel\/UCXhagIfszH8KxFiOok79zbA?view_as=subscriber"]},{"@type":"Person","@id":"https:\/\/experienciadevida.com.ar\/portalurbano\/#\/schema\/person\/02dd326b1c4b056e9cc972486934a3a7","name":"admpu17wp","image":{"@type":"ImageObject","inLanguage":"es","@id":"https:\/\/experienciadevida.com.ar\/portalurbano\/#\/schema\/person\/image\/","url":"https:\/\/secure.gravatar.com\/avatar\/830d4c57adaae6630765e449a6908047?s=96&d=mm&r=g","contentUrl":"https:\/\/secure.gravatar.com\/avatar\/830d4c57adaae6630765e449a6908047?s=96&d=mm&r=g","caption":"admpu17wp"}}]}},"featured_image_urls":{"full":["https:\/\/experienciadevida.com.ar\/portalurbano\/wp-content\/uploads\/2021\/06\/Aguilera-anuncio-que-la-Provincia.jpg",1232,816,false],"thumbnail":["https:\/\/experienciadevida.com.ar\/portalurbano\/wp-content\/uploads\/2021\/06\/Aguilera-anuncio-que-la-Provincia-150x150.jpg",150,150,true],"medium":["https:\/\/experienciadevida.com.ar\/portalurbano\/wp-content\/uploads\/2021\/06\/Aguilera-anuncio-que-la-Provincia-300x199.jpg",300,199,true],"medium_large":["https:\/\/experienciadevida.com.ar\/portalurbano\/wp-content\/uploads\/2021\/06\/Aguilera-anuncio-que-la-Provincia-768x509.jpg",640,424,true],"large":["https:\/\/experienciadevida.com.ar\/portalurbano\/wp-content\/uploads\/2021\/06\/Aguilera-anuncio-que-la-Provincia-1024x678.jpg",640,424,true],"ug_big":["https:\/\/experienciadevida.com.ar\/portalurbano\/wp-content\/uploads\/2021\/06\/Aguilera-anuncio-que-la-Provincia-768x509.jpg",768,509,true],"1536x1536":["https:\/\/experienciadevida.com.ar\/portalurbano\/wp-content\/uploads\/2021\/06\/Aguilera-anuncio-que-la-Provincia.jpg",1232,816,false],"2048x2048":["https:\/\/experienciadevida.com.ar\/portalurbano\/wp-content\/uploads\/2021\/06\/Aguilera-anuncio-que-la-Provincia.jpg",1232,816,false],"newsever-slider-full":["https:\/\/experienciadevida.com.ar\/portalurbano\/wp-content\/uploads\/2021\/06\/Aguilera-anuncio-que-la-Provincia.jpg",1232,816,false],"newsever-featured":["https:\/\/experienciadevida.com.ar\/portalurbano\/wp-content\/uploads\/2021\/06\/Aguilera-anuncio-que-la-Provincia.jpg",1024,678,false],"newsever-medium":["https:\/\/experienciadevida.com.ar\/portalurbano\/wp-content\/uploads\/2021\/06\/Aguilera-anuncio-que-la-Provincia.jpg",717,475,false],"web-stories-poster-portrait":["https:\/\/experienciadevida.com.ar\/portalurbano\/wp-content\/uploads\/2021\/06\/Aguilera-anuncio-que-la-Provincia.jpg",640,424,false],"web-stories-publisher-logo":["https:\/\/experienciadevida.com.ar\/portalurbano\/wp-content\/uploads\/2021\/06\/Aguilera-anuncio-que-la-Provincia.jpg",96,64,false],"web-stories-thumbnail":["https:\/\/experienciadevida.com.ar\/portalurbano\/wp-content\/uploads\/2021\/06\/Aguilera-anuncio-que-la-Provincia.jpg",150,99,false]},"author_info":{"display_name":"admpu17wp","author_link":"https:\/\/experienciadevida.com.ar\/portalurbano\/author\/admpu17wp\/"},"category_info":"<a href=\"https:\/\/experienciadevida.com.ar\/portalurbano\/category\/ciudad\/\" rel=\"category tag\">Ciudad<\/a> <a href=\"https:\/\/experienciadevida.com.ar\/portalurbano\/category\/destacadas-2\/\" rel=\"category tag\">Destacadas 2<\/a>","tag_info":"Destacadas 2","comment_count":"0","amp_enabled":true,"_links":{"self":[{"href":"https:\/\/experienciadevida.com.ar\/portalurbano\/wp-json\/wp\/v2\/posts\/144991"}],"collection":[{"href":"https:\/\/experienciadevida.com.ar\/portalurbano\/wp-json\/wp\/v2\/posts"}],"about":[{"href":"https:\/\/experienciadevida.com.ar\/portalurbano\/wp-json\/wp\/v2\/types\/post"}],"author":[{"embeddable":true,"href":"https:\/\/experienciadevida.com.ar\/portalurbano\/wp-json\/wp\/v2\/users\/1"}],"replies":[{"embeddable":true,"href":"https:\/\/experienciadevida.com.ar\/portalurbano\/wp-json\/wp\/v2\/comments?post=144991"}],"version-history":[{"count":3,"href":"https:\/\/experienciadevida.com.ar\/portalurbano\/wp-json\/wp\/v2\/posts\/144991\/revisions"}],"predecessor-version":[{"id":144995,"href":"https:\/\/experienciadevida.com.ar\/portalurbano\/wp-json\/wp\/v2\/posts\/144991\/revisions\/144995"}],"wp:featuredmedia":[{"embeddable":true,"href":"https:\/\/experienciadevida.com.ar\/portalurbano\/wp-json\/wp\/v2\/media\/144992"}],"wp:attachment":[{"href":"https:\/\/experienciadevida.com.ar\/portalurbano\/wp-json\/wp\/v2\/media?parent=144991"}],"wp:term":[{"taxonomy":"category","embeddable":true,"href":"https:\/\/experienciadevida.com.ar\/portalurbano\/wp-json\/wp\/v2\/categories?post=144991"},{"taxonomy":"post_tag","embeddable":true,"href":"https:\/\/experienciadevida.com.ar\/portalurbano\/wp-json\/wp\/v2\/tags?post=144991"}],"curies":[{"name":"wp","href":"https:\/\/api.w.org\/{rel}","templated":true}]}}